{"id":9994,"date":"2014-09-20T15:17:34","date_gmt":"2014-09-20T15:17:34","guid":{"rendered":"http:\/\/www.lavisqteam.fr\/?p=9994"},"modified":"2014-09-20T15:17:34","modified_gmt":"2014-09-20T15:17:34","slug":"un-conte-de-noel","status":"publish","type":"post","link":"https:\/\/www.lavisqteam.fr\/?p=9994","title":{"rendered":"Un Conte de No\u00ebl"},"content":{"rendered":"<p style=\"text-align: center;\"><a href=\"https:\/\/www.lavisqteam.fr\/wp-content\/uploads\/2014\/09\/18936348.jpg-r_640_600-b_1_D6D6D6-f_jpg-q_x-xxyxx.jpg\"><img loading=\"lazy\" class=\"alignnone size-full wp-image-9995\" src=\"https:\/\/www.lavisqteam.fr\/wp-content\/uploads\/2014\/09\/18936348.jpg-r_640_600-b_1_D6D6D6-f_jpg-q_x-xxyxx.jpg\" alt=\"18936348.jpg-r_640_600-b_1_D6D6D6-f_jpg-q_x-xxyxx\" width=\"450\" height=\"600\" srcset=\"https:\/\/www.lavisqteam.fr\/wp-content\/uploads\/2014\/09\/18936348.jpg-r_640_600-b_1_D6D6D6-f_jpg-q_x-xxyxx.jpg 450w, https:\/\/www.lavisqteam.fr\/wp-content\/uploads\/2014\/09\/18936348.jpg-r_640_600-b_1_D6D6D6-f_jpg-q_x-xxyxx-225x300.jpg 225w\" sizes=\"(max-width: 450px) 100vw, 450px\" \/><\/a><\/p>\n<p><strong>De\u00a0: <\/strong>Arnaud Desplechin<\/p>\n<p><strong>Avec <\/strong>Catherine Deneuve, Jean-Paul Roussillon, Anne Consigny, Mathieu Amalric<\/p>\n<p><strong>Ann\u00e9e\u00a0: <\/strong>2008<\/p>\n<p><strong>Pays\u00a0: <\/strong>France<\/p>\n<p><strong>Genre\u00a0: <\/strong>Com\u00e9die Dramatique<\/p>\n<p><strong>R\u00e9sum\u00e9\u00a0:<\/strong><\/p>\n<p>\u00c0 l&rsquo;origine, Abel et Junon eurent deux enfants, Joseph et Elizabeth. Atteint d&rsquo;une maladie g\u00e9n\u00e9tique rare, le petit Joseph devait recevoir une greffe de moelle osseuse. Elizabeth n&rsquo;\u00e9tait pas compatible, ses parents con\u00e7urent alors un troisi\u00e8me enfant dans l&rsquo;espoir de sauver Joseph. Mais Henri qui allait bient\u00f4t na\u00eetre, lui non plus, ne pouvait rien pour son fr\u00e8re &#8211; et Joseph mourut \u00e0 l&rsquo;\u00e2ge de sept ans. Apr\u00e8s la naissance d&rsquo;un petit dernier, Ivan, la famille Vuillard se remet doucement de la mort du premier-n\u00e9. Les ann\u00e9es ont pass\u00e9, Elizabeth est devenue \u00e9crivain de th\u00e9\u00e2tre \u00e0 Paris. Henri court de bonnes affaires en faillites frauduleuses, et Ivan, l&rsquo;adolescent au bord du gouffre, est devenu le p\u00e8re presque raisonnable de deux gar\u00e7ons \u00e9tranges. Un jour fatal, Elizabeth, exc\u00e9d\u00e9e par les abus de son mauvais fr\u00e8re, a \u00ab\u00a0banni\u00a0\u00bb Henri, solennellement. Plus personne ne sait exactement ce qui s&rsquo;est pass\u00e9, ni pourquoi. Henri a disparu, et la famille semble aujourd&rsquo;hui dissoute. Seul Simon, le neveu de Junon, recueilli par sa tante \u00e0 la mort de ses parents, maintient difficilement le semblant d&rsquo;un lien entre les parents provinciaux, la soeur vertueuse, le fr\u00e8re incertain et le fr\u00e8re honni&#8230;<\/p>\n<p><strong>Avis\u00a0:<\/strong><\/p>\n<p>D&rsquo;<em>Arnaud Desplechin<\/em>, je n&rsquo;ai vu que \u00ab\u00a0<strong>Roi et Reine<\/strong> \u00ab\u00a0que je n&rsquo;avais pas du tout aim\u00e9, malgr\u00e9 un casting de folie, que j&rsquo;adore et qui me fait r\u00eaver. J&rsquo;aurais mis du temps avant de repartir dans un film du c\u00e9l\u00e8bre r\u00e9alisateur fran\u00e7ais, mais j&rsquo;ai fini par c\u00e9der et je me suis lanc\u00e9 dans ce \u00ab\u00a0<strong>Conte de Noel\u00a0\u00bb <\/strong>et j&rsquo;en ressors avec une bien meilleure opinion que ma premi\u00e8re incursion dans l&rsquo;univers du cin\u00e9aste. \u00ab\u00a0<strong>Un conte de Noel<\/strong>\u00a0\u00bb est un film que j&rsquo;ai bien aim\u00e9, m\u00eame si j&rsquo;y ai trouv\u00e9 des longueurs et des moments qui ne m&rsquo;ont pas forc\u00e9ment int\u00e9ress\u00e9s, mais dans l&rsquo;ensemble, le portrait de cette famille que va dresser le r\u00e9alisateur est r\u00e9ussi et touchant.<\/p>\n<p style=\"text-align: center;\"><a href=\"https:\/\/www.lavisqteam.fr\/wp-content\/uploads\/2014\/09\/18936346.jpg-r_640_600-b_1_D6D6D6-f_jpg-q_x-xxyxx.jpg\"><img loading=\"lazy\" class=\"alignnone size-full wp-image-9997\" src=\"https:\/\/www.lavisqteam.fr\/wp-content\/uploads\/2014\/09\/18936346.jpg-r_640_600-b_1_D6D6D6-f_jpg-q_x-xxyxx.jpg\" alt=\"18936346.jpg-r_640_600-b_1_D6D6D6-f_jpg-q_x-xxyxx\" width=\"600\" height=\"400\" srcset=\"https:\/\/www.lavisqteam.fr\/wp-content\/uploads\/2014\/09\/18936346.jpg-r_640_600-b_1_D6D6D6-f_jpg-q_x-xxyxx.jpg 600w, https:\/\/www.lavisqteam.fr\/wp-content\/uploads\/2014\/09\/18936346.jpg-r_640_600-b_1_D6D6D6-f_jpg-q_x-xxyxx-300x200.jpg 300w\" sizes=\"(max-width: 600px) 100vw, 600px\" \/><\/a><\/p>\n<p>Abel et Junon sont les parents de trois beaux enfants. La famille n&rsquo;a plus de contact avec Henri, l&rsquo;un des fils de la famille, \u00e0 la demande de sa s\u0153ur Elizabeth, qui l&rsquo;a aid\u00e9e pour une derni\u00e8re fois \u00e0 se sortir de la merde dans laquelle il s&rsquo;\u00e9tait encore une fois mise. Et cela faisait six ans maintenant que la famille n&rsquo;avait plus de nouvelles de lui. Mais voil\u00e0, Junon est malade et elle a besoin d&rsquo;une greffe de moelle osseuse et pour cela elle demande \u00e0 sa famille de passer des tests, ce qui donne l&rsquo;occasion \u00e0 Henri de r\u00e9int\u00e9grer la famille et c&rsquo;est ainsi que la famille au grand complet va passer un r\u00e9veillon de Noel quelque peu mouvement\u00e9, car entre les probl\u00e8mes des uns et des autres, les personnes qui ne s&rsquo;appr\u00e9cient pas et certains secrets qui vont \u00eatre r\u00e9v\u00e9l\u00e9s, ce no\u00ebl va \u00eatre riche en rebondissements.<\/p>\n<p>C&rsquo;est avec beaucoup de sensibilit\u00e9s et de l\u00e9g\u00e8ret\u00e9 qu&rsquo;<em>Arnaud Desplechin <\/em>nous entra\u00eene dans un film aussi dr\u00f4le qu&rsquo;il est dur.<\/p>\n<p>\u00ab\u00a0<strong>Un conte de Noel<\/strong>\u00a0\u00bb est un film que j&rsquo;ai appr\u00e9ci\u00e9, qui m&rsquo;a fait sourire autant qu&rsquo;il a pu me toucher par moments.<\/p>\n<p>Le sc\u00e9nario est tr\u00e8s joli, et l&rsquo;histoire de cette famille ne peut que toucher les gens. Le film s&rsquo;ouvre comme un conte que le r\u00e9alisateur nous promet de nous raconter au mieux avec une certaine joie, malgr\u00e9 le sujet triste et difficile qu&rsquo;il va aborder. La perte d&rsquo;un enfant au d\u00e9part, puis la maladie.<\/p>\n<p>Le sc\u00e9nario va nous emporter au plus pr\u00e8s de cette famille et ce drame qui va tout bousculer. C&rsquo;est une famille pas comme les autres que nous pr\u00e9sente le r\u00e9alisateur. C&rsquo;est une famille aussi soud\u00e9e qu&rsquo;elle est divis\u00e9e, une famille avec ses probl\u00e8mes, ses joies, ses peines et ses peurs. Le portrait est juste, dr\u00f4le et sinc\u00e8re. Le r\u00e9alisateur, malgr\u00e9 le sujet dur qu&rsquo;est la maladie, ne tombe pas dans le mis\u00e9rabilisme et nous touche par de petites choses, des moments simples qui sonnent justes. Les dialogues sont croustillants et le film est divertissant, la seule chose que j&rsquo;aurais \u00e0 reprocher au film, c&rsquo;est que je l&rsquo;ai trouv\u00e9 vraiment trop long sur certains passages. Alors que certains moments sont magiques et l&rsquo;on ne voudrait pas qu&rsquo;ils s&rsquo;arr\u00eatent, il y a d&rsquo;autres moments que j&rsquo;ai trouv\u00e9 trop longs, lents et pas forc\u00e9ment utiles dans l&rsquo;avancement de l&rsquo;histoire. Parfois m\u00eame, ils vont plomber un peu le film, m\u00eame si le r\u00e9alisateur se rattrape toujours en l&rsquo;espace d&rsquo;une sc\u00e8ne. Le r\u00e9alisateur a trop charg\u00e9 son histoire de probl\u00e8mes, ce qui apporte les longueurs dont je parle plus haut, car certaines histoires ne m&rsquo;ont pas int\u00e9ress\u00e9, comme celle de Paul, le fils d&rsquo;Elisabeth. Ou alors celle d&rsquo;Elisabeth, d&rsquo;ailleurs, j&rsquo;ai eu beaucoup de mal \u00e0 comprendre cette haine qu&rsquo;elle a envers son fr\u00e8re. Mais bon il y a d&rsquo;autres moments g\u00e9niaux et d&rsquo;autres personnages terribles comme celui d&rsquo;Henri, ou bien de Junon, celui de Sylvia et son amour cach\u00e9. C&rsquo;est donc ces histoires crois\u00e9es qui m&rsquo;ont fait aimer ce film.<\/p>\n<p>Pour ce film, le r\u00e9alisateur s&rsquo;est entour\u00e9 d&rsquo;un casting prestigieux qu&rsquo;il dirige d&rsquo;une main de ma\u00eetre, puisque chaque acteur va \u00eatre \u00e0 sa place, m\u00eame ceux dont les histoires ne m&rsquo;ont pas forc\u00e9ment int\u00e9ress\u00e9.<\/p>\n<p style=\"text-align: center;\"><a href=\"https:\/\/www.lavisqteam.fr\/wp-content\/uploads\/2014\/09\/18936347.jpg-r_640_600-b_1_D6D6D6-f_jpg-q_x-xxyxx.jpg\"><img loading=\"lazy\" class=\"alignnone size-full wp-image-9996\" src=\"https:\/\/www.lavisqteam.fr\/wp-content\/uploads\/2014\/09\/18936347.jpg-r_640_600-b_1_D6D6D6-f_jpg-q_x-xxyxx.jpg\" alt=\"18936347.jpg-r_640_600-b_1_D6D6D6-f_jpg-q_x-xxyxx\" width=\"600\" height=\"400\" srcset=\"https:\/\/www.lavisqteam.fr\/wp-content\/uploads\/2014\/09\/18936347.jpg-r_640_600-b_1_D6D6D6-f_jpg-q_x-xxyxx.jpg 600w, https:\/\/www.lavisqteam.fr\/wp-content\/uploads\/2014\/09\/18936347.jpg-r_640_600-b_1_D6D6D6-f_jpg-q_x-xxyxx-300x200.jpg 300w\" sizes=\"(max-width: 600px) 100vw, 600px\" \/><\/a><\/p>\n<p>Sur tout ce petit monde qui s&rsquo;affaire devant la cam\u00e9ra, il y a deux acteurs que j&rsquo;ai ador\u00e9 aussi bien pour leur jeu que pour leur personnage. Ces acteurs sont <em>Catherine Deneuve<\/em> et <em>Mathieu Amalric<\/em> qui sont g\u00e9niaux dans ces r\u00f4les de m\u00e8re et fils qui s&rsquo;aiment autant qu&rsquo;ils se d\u00e9testent. Les deux ce compl\u00e8tent. <em>Amalric<\/em>, est tr\u00e8s dr\u00f4le dans ce film, presque irr\u00e9el tant son personnage est improbable et l&rsquo;on sent que l&rsquo;acteur prend plaisir \u00e0 jouer ce personnage. <em>Catherine Deneuve<\/em>, elle, est tr\u00e8s touchante dans le r\u00f4le dans cette grand-m\u00e8re touch\u00e9e par la vie. Elle a une fa\u00e7on de prendre sa maladie qui m\u2019a beaucoup touch\u00e9 et l&rsquo;actrice est parfaite dans ce r\u00f4le et elle trouve l\u00e0 l&rsquo;un des meilleurs qu&rsquo;elle ait pu avoir ces derni\u00e8res ann\u00e9es. <em>Chiara Mastroianni<\/em> est tr\u00e8s bien et trouve aussi un joli r\u00f4le. <em>Emmanuelle Devos<\/em> est comme<em> Amalric<\/em>, irr\u00e9elle et tordante. Enfin \u00e0 noter une belle petite apparition pour <em>Fran\u00e7oise Bertin<\/em>.<\/p>\n<p>Je suis donc content d&rsquo;avoir vu ce film sign\u00e9 <em>Desplechin<\/em>. C&rsquo;est un film que j&rsquo;ai bien appr\u00e9ci\u00e9 malgr\u00e9 ses longueurs et c&rsquo;est m\u00eame un film qui m&rsquo;a donn\u00e9 envie de revoir \u00ab\u00a0<strong>Roi et Reine<\/strong>\u00a0\u00bb pour voir si je reste sur mes positions, on ne sait jamais.<\/p>\n<p><strong>Note\u00a0: 11\/20<\/strong><\/p>\n<p style=\"text-align: center;\">[youtube]https:\/\/www.youtube.com\/watch?v=2X5H560B2e0[\/youtube]<\/p>\n<p style=\"text-align: right;\">Par <strong>Cin\u00e9ted<\/strong><\/p>\n","protected":false},"excerpt":{"rendered":"<p>De\u00a0: Arnaud Desplechin Avec Catherine Deneuve, Jean-Paul Roussillon, Anne Consigny, Mathieu Amalric Ann\u00e9e\u00a0: 2008 Pays\u00a0: France Genre\u00a0: Com\u00e9die Dramatique R\u00e9sum\u00e9\u00a0: \u00c0 l&rsquo;origine, Abel et Junon &hellip; <\/p>\n","protected":false},"author":1,"featured_media":0,"comment_status":"open","ping_status":"open","sticky":false,"template":"","format":"standard","meta":[],"categories":[1],"tags":[],"yoast_head":"<!-- This site is optimized with the Yoast SEO plugin v19.6.1 - https:\/\/yoast.com\/wordpress\/plugins\/seo\/ -->\n<title>Un Conte de No\u00ebl - Lavisqteam.fr<\/title>\n<meta name=\"robots\" content=\"index, follow, max-snippet:-1, max-image-preview:large, max-video-preview:-1\" \/>\n<link rel=\"canonical\" href=\"https:\/\/www.lavisqteam.fr\/?p=9994\" \/>\n<meta property=\"og:locale\" content=\"fr_FR\" \/>\n<meta property=\"og:type\" content=\"article\" \/>\n<meta property=\"og:title\" content=\"Un Conte de No\u00ebl - Lavisqteam.fr\" \/>\n<meta property=\"og:description\" content=\"De\u00a0: Arnaud Desplechin Avec Catherine Deneuve, Jean-Paul Roussillon, Anne Consigny, Mathieu Amalric Ann\u00e9e\u00a0: 2008 Pays\u00a0: France Genre\u00a0: Com\u00e9die Dramatique R\u00e9sum\u00e9\u00a0: \u00c0 l&rsquo;origine, Abel et Junon &hellip;\" \/>\n<meta property=\"og:url\" content=\"https:\/\/www.lavisqteam.fr\/?p=9994\" \/>\n<meta property=\"og:site_name\" content=\"Lavisqteam.fr\" \/>\n<meta property=\"article:published_time\" content=\"2014-09-20T15:17:34+00:00\" \/>\n<meta property=\"og:image\" content=\"http:\/\/www.lavisqteam.fr\/wp-content\/uploads\/2014\/09\/18936348.jpg-r_640_600-b_1_D6D6D6-f_jpg-q_x-xxyxx.jpg\" \/>\n<meta name=\"author\" content=\"AqME\" \/>\n<meta name=\"twitter:card\" content=\"summary_large_image\" \/>\n<meta name=\"twitter:label1\" content=\"\u00c9crit par\" \/>\n\t<meta name=\"twitter:data1\" content=\"AqME\" \/>\n\t<meta name=\"twitter:label2\" content=\"Dur\u00e9e de lecture estim\u00e9e\" \/>\n\t<meta name=\"twitter:data2\" content=\"6 minutes\" \/>\n<script type=\"application\/ld+json\" class=\"yoast-schema-graph\">{\"@context\":\"https:\/\/schema.org\",\"@graph\":[{\"@type\":\"Article\",\"@id\":\"https:\/\/www.lavisqteam.fr\/?p=9994#article\",\"isPartOf\":{\"@id\":\"https:\/\/www.lavisqteam.fr\/?p=9994\"},\"author\":{\"name\":\"AqME\",\"@id\":\"https:\/\/www.lavisqteam.fr\/#\/schema\/person\/da11d7c30bf135b288b17cc576708c2d\"},\"headline\":\"Un Conte de No\u00ebl\",\"datePublished\":\"2014-09-20T15:17:34+00:00\",\"dateModified\":\"2014-09-20T15:17:34+00:00\",\"mainEntityOfPage\":{\"@id\":\"https:\/\/www.lavisqteam.fr\/?p=9994\"},\"wordCount\":1188,\"commentCount\":1,\"publisher\":{\"@id\":\"https:\/\/www.lavisqteam.fr\/#organization\"},\"articleSection\":[\"Uncategorized\"],\"inLanguage\":\"fr-FR\",\"potentialAction\":[{\"@type\":\"CommentAction\",\"name\":\"Comment\",\"target\":[\"https:\/\/www.lavisqteam.fr\/?p=9994#respond\"]}]},{\"@type\":\"WebPage\",\"@id\":\"https:\/\/www.lavisqteam.fr\/?p=9994\",\"url\":\"https:\/\/www.lavisqteam.fr\/?p=9994\",\"name\":\"Un Conte de No\u00ebl - Lavisqteam.fr\",\"isPartOf\":{\"@id\":\"https:\/\/www.lavisqteam.fr\/#website\"},\"datePublished\":\"2014-09-20T15:17:34+00:00\",\"dateModified\":\"2014-09-20T15:17:34+00:00\",\"breadcrumb\":{\"@id\":\"https:\/\/www.lavisqteam.fr\/?p=9994#breadcrumb\"},\"inLanguage\":\"fr-FR\",\"potentialAction\":[{\"@type\":\"ReadAction\",\"target\":[\"https:\/\/www.lavisqteam.fr\/?p=9994\"]}]},{\"@type\":\"BreadcrumbList\",\"@id\":\"https:\/\/www.lavisqteam.fr\/?p=9994#breadcrumb\",\"itemListElement\":[{\"@type\":\"ListItem\",\"position\":1,\"name\":\"Accueil\",\"item\":\"https:\/\/www.lavisqteam.fr\/\"},{\"@type\":\"ListItem\",\"position\":2,\"name\":\"Un Conte de No\u00ebl\"}]},{\"@type\":\"WebSite\",\"@id\":\"https:\/\/www.lavisqteam.fr\/#website\",\"url\":\"https:\/\/www.lavisqteam.fr\/\",\"name\":\"Lavisqteam.fr\",\"description\":\"\",\"publisher\":{\"@id\":\"https:\/\/www.lavisqteam.fr\/#organization\"},\"potentialAction\":[{\"@type\":\"SearchAction\",\"target\":{\"@type\":\"EntryPoint\",\"urlTemplate\":\"https:\/\/www.lavisqteam.fr\/?s={search_term_string}\"},\"query-input\":\"required name=search_term_string\"}],\"inLanguage\":\"fr-FR\"},{\"@type\":\"Organization\",\"@id\":\"https:\/\/www.lavisqteam.fr\/#organization\",\"name\":\"Lavisqteam.fr\",\"url\":\"https:\/\/www.lavisqteam.fr\/\",\"sameAs\":[],\"logo\":{\"@type\":\"ImageObject\",\"inLanguage\":\"fr-FR\",\"@id\":\"https:\/\/www.lavisqteam.fr\/#\/schema\/logo\/image\/\",\"url\":\"https:\/\/www.lavisqteam.fr\/wp-content\/uploads\/2020\/08\/cropped-80879545_3479261675449035_4078032831501041664_o-4.jpg\",\"contentUrl\":\"https:\/\/www.lavisqteam.fr\/wp-content\/uploads\/2020\/08\/cropped-80879545_3479261675449035_4078032831501041664_o-4.jpg\",\"width\":1674,\"height\":536,\"caption\":\"Lavisqteam.fr\"},\"image\":{\"@id\":\"https:\/\/www.lavisqteam.fr\/#\/schema\/logo\/image\/\"}},{\"@type\":\"Person\",\"@id\":\"https:\/\/www.lavisqteam.fr\/#\/schema\/person\/da11d7c30bf135b288b17cc576708c2d\",\"name\":\"AqME\",\"image\":{\"@type\":\"ImageObject\",\"inLanguage\":\"fr-FR\",\"@id\":\"https:\/\/www.lavisqteam.fr\/#\/schema\/person\/image\/\",\"url\":\"https:\/\/secure.gravatar.com\/avatar\/4a87d013fc854acd0f25858a13573675?s=96&d=mm&r=g\",\"contentUrl\":\"https:\/\/secure.gravatar.com\/avatar\/4a87d013fc854acd0f25858a13573675?s=96&d=mm&r=g\",\"caption\":\"AqME\"},\"description\":\"Amateur d'horreur, M\u00e9talleux dans l'\u00e2me, je succombe facilement \u00e0 des images de chatons.\",\"url\":\"https:\/\/www.lavisqteam.fr\/?author=1\"}]}<\/script>\n<!-- \/ Yoast SEO plugin. -->","yoast_head_json":{"title":"Un Conte de No\u00ebl - Lavisqteam.fr","robots":{"index":"index","follow":"follow","max-snippet":"max-snippet:-1","max-image-preview":"max-image-preview:large","max-video-preview":"max-video-preview:-1"},"canonical":"https:\/\/www.lavisqteam.fr\/?p=9994","og_locale":"fr_FR","og_type":"article","og_title":"Un Conte de No\u00ebl - Lavisqteam.fr","og_description":"De\u00a0: Arnaud Desplechin Avec Catherine Deneuve, Jean-Paul Roussillon, Anne Consigny, Mathieu Amalric Ann\u00e9e\u00a0: 2008 Pays\u00a0: France Genre\u00a0: Com\u00e9die Dramatique R\u00e9sum\u00e9\u00a0: \u00c0 l&rsquo;origine, Abel et Junon &hellip;","og_url":"https:\/\/www.lavisqteam.fr\/?p=9994","og_site_name":"Lavisqteam.fr","article_published_time":"2014-09-20T15:17:34+00:00","og_image":[{"url":"http:\/\/www.lavisqteam.fr\/wp-content\/uploads\/2014\/09\/18936348.jpg-r_640_600-b_1_D6D6D6-f_jpg-q_x-xxyxx.jpg"}],"author":"AqME","twitter_card":"summary_large_image","twitter_misc":{"\u00c9crit par":"AqME","Dur\u00e9e de lecture estim\u00e9e":"6 minutes"},"schema":{"@context":"https:\/\/schema.org","@graph":[{"@type":"Article","@id":"https:\/\/www.lavisqteam.fr\/?p=9994#article","isPartOf":{"@id":"https:\/\/www.lavisqteam.fr\/?p=9994"},"author":{"name":"AqME","@id":"https:\/\/www.lavisqteam.fr\/#\/schema\/person\/da11d7c30bf135b288b17cc576708c2d"},"headline":"Un Conte de No\u00ebl","datePublished":"2014-09-20T15:17:34+00:00","dateModified":"2014-09-20T15:17:34+00:00","mainEntityOfPage":{"@id":"https:\/\/www.lavisqteam.fr\/?p=9994"},"wordCount":1188,"commentCount":1,"publisher":{"@id":"https:\/\/www.lavisqteam.fr\/#organization"},"articleSection":["Uncategorized"],"inLanguage":"fr-FR","potentialAction":[{"@type":"CommentAction","name":"Comment","target":["https:\/\/www.lavisqteam.fr\/?p=9994#respond"]}]},{"@type":"WebPage","@id":"https:\/\/www.lavisqteam.fr\/?p=9994","url":"https:\/\/www.lavisqteam.fr\/?p=9994","name":"Un Conte de No\u00ebl - Lavisqteam.fr","isPartOf":{"@id":"https:\/\/www.lavisqteam.fr\/#website"},"datePublished":"2014-09-20T15:17:34+00:00","dateModified":"2014-09-20T15:17:34+00:00","breadcrumb":{"@id":"https:\/\/www.lavisqteam.fr\/?p=9994#breadcrumb"},"inLanguage":"fr-FR","potentialAction":[{"@type":"ReadAction","target":["https:\/\/www.lavisqteam.fr\/?p=9994"]}]},{"@type":"BreadcrumbList","@id":"https:\/\/www.lavisqteam.fr\/?p=9994#breadcrumb","itemListElement":[{"@type":"ListItem","position":1,"name":"Accueil","item":"https:\/\/www.lavisqteam.fr\/"},{"@type":"ListItem","position":2,"name":"Un Conte de No\u00ebl"}]},{"@type":"WebSite","@id":"https:\/\/www.lavisqteam.fr\/#website","url":"https:\/\/www.lavisqteam.fr\/","name":"Lavisqteam.fr","description":"","publisher":{"@id":"https:\/\/www.lavisqteam.fr\/#organization"},"potentialAction":[{"@type":"SearchAction","target":{"@type":"EntryPoint","urlTemplate":"https:\/\/www.lavisqteam.fr\/?s={search_term_string}"},"query-input":"required name=search_term_string"}],"inLanguage":"fr-FR"},{"@type":"Organization","@id":"https:\/\/www.lavisqteam.fr\/#organization","name":"Lavisqteam.fr","url":"https:\/\/www.lavisqteam.fr\/","sameAs":[],"logo":{"@type":"ImageObject","inLanguage":"fr-FR","@id":"https:\/\/www.lavisqteam.fr\/#\/schema\/logo\/image\/","url":"https:\/\/www.lavisqteam.fr\/wp-content\/uploads\/2020\/08\/cropped-80879545_3479261675449035_4078032831501041664_o-4.jpg","contentUrl":"https:\/\/www.lavisqteam.fr\/wp-content\/uploads\/2020\/08\/cropped-80879545_3479261675449035_4078032831501041664_o-4.jpg","width":1674,"height":536,"caption":"Lavisqteam.fr"},"image":{"@id":"https:\/\/www.lavisqteam.fr\/#\/schema\/logo\/image\/"}},{"@type":"Person","@id":"https:\/\/www.lavisqteam.fr\/#\/schema\/person\/da11d7c30bf135b288b17cc576708c2d","name":"AqME","image":{"@type":"ImageObject","inLanguage":"fr-FR","@id":"https:\/\/www.lavisqteam.fr\/#\/schema\/person\/image\/","url":"https:\/\/secure.gravatar.com\/avatar\/4a87d013fc854acd0f25858a13573675?s=96&d=mm&r=g","contentUrl":"https:\/\/secure.gravatar.com\/avatar\/4a87d013fc854acd0f25858a13573675?s=96&d=mm&r=g","caption":"AqME"},"description":"Amateur d'horreur, M\u00e9talleux dans l'\u00e2me, je succombe facilement \u00e0 des images de chatons.","url":"https:\/\/www.lavisqteam.fr\/?author=1"}]}},"jetpack_featured_media_url":"","_links":{"self":[{"href":"https:\/\/www.lavisqteam.fr\/index.php?rest_route=\/wp\/v2\/posts\/9994"}],"collection":[{"href":"https:\/\/www.lavisqteam.fr\/index.php?rest_route=\/wp\/v2\/posts"}],"about":[{"href":"https:\/\/www.lavisqteam.fr\/index.php?rest_route=\/wp\/v2\/types\/post"}],"author":[{"embeddable":true,"href":"https:\/\/www.lavisqteam.fr\/index.php?rest_route=\/wp\/v2\/users\/1"}],"replies":[{"embeddable":true,"href":"https:\/\/www.lavisqteam.fr\/index.php?rest_route=%2Fwp%2Fv2%2Fcomments&post=9994"}],"version-history":[{"count":1,"href":"https:\/\/www.lavisqteam.fr\/index.php?rest_route=\/wp\/v2\/posts\/9994\/revisions"}],"predecessor-version":[{"id":9998,"href":"https:\/\/www.lavisqteam.fr\/index.php?rest_route=\/wp\/v2\/posts\/9994\/revisions\/9998"}],"wp:attachment":[{"href":"https:\/\/www.lavisqteam.fr\/index.php?rest_route=%2Fwp%2Fv2%2Fmedia&parent=9994"}],"wp:term":[{"taxonomy":"category","embeddable":true,"href":"https:\/\/www.lavisqteam.fr\/index.php?rest_route=%2Fwp%2Fv2%2Fcategories&post=9994"},{"taxonomy":"post_tag","embeddable":true,"href":"https:\/\/www.lavisqteam.fr\/index.php?rest_route=%2Fwp%2Fv2%2Ftags&post=9994"}],"curies":[{"name":"wp","href":"https:\/\/api.w.org\/{rel}","templated":true}]}}