{"id":9761,"date":"2014-09-11T16:41:27","date_gmt":"2014-09-11T16:41:27","guid":{"rendered":"http:\/\/www.lavisqteam.fr\/?p=9761"},"modified":"2014-09-11T16:41:27","modified_gmt":"2014-09-11T16:41:27","slug":"jaime-regarder-les-filles","status":"publish","type":"post","link":"https:\/\/www.lavisqteam.fr\/?p=9761","title":{"rendered":"J&rsquo;Aime Regarder les Filles"},"content":{"rendered":"<p style=\"text-align: center;\"><a href=\"https:\/\/www.lavisqteam.fr\/wp-content\/uploads\/2014\/09\/19765678.jpg-r_640_600-b_1_D6D6D6-f_jpg-q_x-xxyxx.jpg\"><img loading=\"lazy\" class=\"alignnone size-full wp-image-9762\" src=\"https:\/\/www.lavisqteam.fr\/wp-content\/uploads\/2014\/09\/19765678.jpg-r_640_600-b_1_D6D6D6-f_jpg-q_x-xxyxx.jpg\" alt=\"19765678.jpg-r_640_600-b_1_D6D6D6-f_jpg-q_x-xxyxx\" width=\"450\" height=\"600\" srcset=\"https:\/\/www.lavisqteam.fr\/wp-content\/uploads\/2014\/09\/19765678.jpg-r_640_600-b_1_D6D6D6-f_jpg-q_x-xxyxx.jpg 450w, https:\/\/www.lavisqteam.fr\/wp-content\/uploads\/2014\/09\/19765678.jpg-r_640_600-b_1_D6D6D6-f_jpg-q_x-xxyxx-225x300.jpg 225w\" sizes=\"(max-width: 450px) 100vw, 450px\" \/><\/a><\/p>\n<p><strong>De\u00a0: <\/strong>Fr\u00e9d\u00e9ric Louf<\/p>\n<p><strong>Avec <\/strong>Pierre Niney, Audrey Bastien, Lou de La\u00e2ge, Ali Marhyar<\/p>\n<p><strong>Ann\u00e9e\u00a0: <\/strong>2011<\/p>\n<p><strong>Pays\u00a0: <\/strong>France<\/p>\n<p><strong>Genre\u00a0: <\/strong>Com\u00e9die<\/p>\n<p><strong>R\u00e9sum\u00e9\u00a0:<\/strong><\/p>\n<p>La veille du 10 mai 1981, Primo et Gabrielle, 18 ans, se rencontrent. Elle fait partie de la bourgeoisie parisienne. Lui est fils de petits commer\u00e7ants de province. \u00c9bloui par le charme de Gabrielle et des filles qui l\u2019entourent, Primo bluffe. Il s\u2019invente un nouveau pedigree, ment beaucoup, et compense le vide de ses poches \u00e0 coup d\u2019audace et d\u2019imagination.<\/p>\n<p><strong>Avis\u00a0:<\/strong><\/p>\n<p>La premi\u00e8re fois que j&rsquo;ai remarqu\u00e9 <em>Pierre Niney<\/em>, c&rsquo;\u00e9tait dans le film d&rsquo;<em>Hugo G\u00e9lin <\/em>\u00ab\u00a0<strong>Comme des fr\u00e8res<\/strong>\u00ab\u00a0, le charme naturel de l&rsquo;acteur m&rsquo;avait beaucoup plus et surtout fait rigoler. Puis s&rsquo;en est suivi \u00ab\u00a0<strong>20 ans d&rsquo;\u00e9cart<\/strong>\u00a0\u00bb de <em>David Moreau<\/em> et cette ann\u00e9e \u00ab\u00a0<strong>Yves Saint-Laurent<\/strong>\u00a0\u00bb de <em>Jallil Lespert<\/em>, dans lequel ce dernier m&rsquo;a bluff\u00e9.<\/p>\n<p>Alors quand je suis tomb\u00e9 sur ce petit film, qui est le premier du r\u00e9alisateur, je n&rsquo;ai pas h\u00e9sit\u00e9 un instant, esp\u00e9rant retrouver ce qui m&rsquo;avait plus en l&rsquo;acteur, puis aussi passer un bon moment devant une petite com\u00e9die.<\/p>\n<p>Mais si ma premi\u00e8re option s&rsquo;est confirm\u00e9e et que <em>Pierre Niney<\/em> m&rsquo;a encore une fois bien plu, fait rire et que son charme est d\u00e9j\u00e0 tr\u00e8s pr\u00e9sent, je ne peux pas en dire autant sur le sujet du film, que j&rsquo;ai trouv\u00e9 lourd et inint\u00e9ressant &#8230;<\/p>\n<p style=\"text-align: center;\"><a href=\"https:\/\/www.lavisqteam.fr\/wp-content\/uploads\/2014\/09\/19733103.jpg-r_640_600-b_1_D6D6D6-f_jpg-q_x-xxyxx.jpg\"><img loading=\"lazy\" class=\"alignnone size-full wp-image-9764\" src=\"https:\/\/www.lavisqteam.fr\/wp-content\/uploads\/2014\/09\/19733103.jpg-r_640_600-b_1_D6D6D6-f_jpg-q_x-xxyxx.jpg\" alt=\"19733103.jpg-r_640_600-b_1_D6D6D6-f_jpg-q_x-xxyxx\" width=\"600\" height=\"400\" srcset=\"https:\/\/www.lavisqteam.fr\/wp-content\/uploads\/2014\/09\/19733103.jpg-r_640_600-b_1_D6D6D6-f_jpg-q_x-xxyxx.jpg 600w, https:\/\/www.lavisqteam.fr\/wp-content\/uploads\/2014\/09\/19733103.jpg-r_640_600-b_1_D6D6D6-f_jpg-q_x-xxyxx-300x200.jpg 300w\" sizes=\"(max-width: 600px) 100vw, 600px\" \/><\/a><\/p>\n<p>1981, Fran\u00e7ois Mitterrand vient d&rsquo;\u00eatre \u00e9lu pr\u00e9sident de la R\u00e9publique. Dans Paris, la f\u00eate des gagnants se m\u00e9lange aux d\u00e9ceptions des perdants. Cette ann\u00e9e-l\u00e0, Primo est un jeune homme de 18 ans qui fait ses \u00e9tudes \u00e0 Paris. La politique, ce n&rsquo;est pas trop son truc. Lui est originaire du sud de la France et il est fils de fleuriste. D&rsquo;ailleurs pour vivre sur Paris, il gal\u00e8re et fait des petits boulots la nuit.<\/p>\n<p>Un soir, \u00e0 une f\u00eate, il fait la connaissance de Gabrielle, une belle jeune fille. De suite Primo en tombe amoureux, mais la jeune fille fait partie de la belle bourgeoisie parisienne. De celle qui vote \u00e0 droite et ne fr\u00e9quente pas le bas peuple. Pour la s\u00e9duire, Primo va donc s&rsquo;inventer une vie et mentir pour pouvoir \u00eatre avec Gabrielle.<\/p>\n<p>Moi qui m&rsquo;attendais \u00e0 trouver une gentille com\u00e9die fran\u00e7aise, comme notre cin\u00e9ma sait en faire si souvent, surtout que c&rsquo;est dans notre c\u00f4t\u00e9 ind\u00e9pendant, j&rsquo;ai tr\u00e8s vite d\u00e9chant\u00e9 en regardant ce film, que je trouv\u00e9 long, tr\u00e8s long, alors qu&rsquo;il est court, il ne fait qu\u2019une heure trente, inint\u00e9ressant et surtout avec pas mal de clich\u00e9s. Je suis vraiment d\u00e9\u00e7u, c&rsquo;est dommage.<\/p>\n<p><em>Fr\u00e9d\u00e9ric Louf<\/em> r\u00e9alise l\u00e0 son premier film et si dans sa bande-annonce son film marche bien et a l&rsquo;air tr\u00e8s dr\u00f4le, sur les \u00e9crans ce n&rsquo;est pas pareil. Pourtant, il commen\u00e7ait bien. Le r\u00e9alisateur nous pr\u00e9sente Primo, un jeune homme sympa qui vit un peu dans son monde. Il vit de petits boulots et il y a une bonne ambiance avec son pote Malik. Mais tr\u00e8s vite, le film va s&#8217;embourber dans une petite bluette, dont on connait la fin d&rsquo;avance et qui n\u2019apporte aucune surprise \u00e0 l&rsquo;ensemble. Le film est donc une com\u00e9die romantique sur fond politico\/sociale devant laquelle je me suis ennuy\u00e9 ferme. Hormis quelques gags sympathiques, je suis rest\u00e9 dans l&rsquo;atteinte que ce film commence vraiment. Je l&rsquo;ai trouv\u00e9 long et plat, l&rsquo;histoire est fade, si elle peut marcher au d\u00e9but entre Primo et Gabrielle, elle ne tient qu&rsquo;une dizaine de minutes et le reste est ennuyant. On y parle politique, c&rsquo;est quand m\u00eame assez clich\u00e9 sur tout son long. Les riches votent \u00e0 droite et d\u00e9testent les pauvres, qui, eux, bien s\u00fbr, votent \u00e0 gauche. Bien s\u00fbr dans tout le lot, on en a une qui n&rsquo;est pas comme \u00e7a et qui est \u00e9perdument amoureuse de Primo, qui ne la voit pas, malgr\u00e9 des signes plus que flagrants. En fin de compte, l&rsquo;histoire ne m\u00e8nera \u00e0 rien, les personnages s&rsquo;\u00e9coutent parler et finalement, aucun d&rsquo;eux n&rsquo;aura avanc\u00e9. Seules les toutes derni\u00e8res sc\u00e8nes du film sont jolies et bien faites.<\/p>\n<p>La mise en sc\u00e8ne est sympa, c&rsquo;est joli, mais dans l&rsquo;ensemble, le film ressemble \u00e0 beaucoup d&rsquo;autres et ne se d\u00e9marque pas. Il y a bien une tr\u00e8s belle sc\u00e8ne sur les toits de Paris, ou bien deux ou trois sc\u00e8nes en voiture, o\u00f9 le film d\u00e9gage une bonne ambiance, mais le reste est plus que convenu et c&rsquo;est l&rsquo;ennui qui r\u00e8gne&#8230;<\/p>\n<p>Il reste quand m\u00eame des acteurs sympathiques, <em>Pierre Niney<\/em> en t\u00eate, si l&rsquo;histoire n&rsquo;est pas excellente, l&rsquo;acteur fait de son mieux et son charme est toujours pr\u00e9sent. Il a un c\u00f4t\u00e9 dr\u00f4le sans vraiment chercher \u00e0 l&rsquo;\u00eatre et c&rsquo;est bien l&rsquo;un des seuls int\u00e9r\u00eats pour suivre ce film. Je d\u00e9couvre <em>Ali Marhyar <\/em>\u00ab\u00a0le coloc\u00a0\u00bb de Primo, c&rsquo;est un acteur que j&rsquo;ai pris plaisir \u00e0 d\u00e9couvrir, tout comme la jeune et sympa <em>Audrey Bastien<\/em>. C&rsquo;est aussi avec plaisir et surprise que j&rsquo;ai pu voir <em>Michel Vuillermoz<\/em>, un com\u00e9dien que j&rsquo;adore. Il n&rsquo;a qu&rsquo;un petit r\u00f4le, mais il assure et quand il est pr\u00e9sent, on le sait.<\/p>\n<p style=\"text-align: center;\"><a href=\"https:\/\/www.lavisqteam.fr\/wp-content\/uploads\/2014\/09\/19733104.jpg-r_640_600-b_1_D6D6D6-f_jpg-q_x-xxyxx.jpg\"><img loading=\"lazy\" class=\"alignnone size-full wp-image-9763\" src=\"https:\/\/www.lavisqteam.fr\/wp-content\/uploads\/2014\/09\/19733104.jpg-r_640_600-b_1_D6D6D6-f_jpg-q_x-xxyxx.jpg\" alt=\"19733104.jpg-r_640_600-b_1_D6D6D6-f_jpg-q_x-xxyxx\" width=\"600\" height=\"400\" srcset=\"https:\/\/www.lavisqteam.fr\/wp-content\/uploads\/2014\/09\/19733104.jpg-r_640_600-b_1_D6D6D6-f_jpg-q_x-xxyxx.jpg 600w, https:\/\/www.lavisqteam.fr\/wp-content\/uploads\/2014\/09\/19733104.jpg-r_640_600-b_1_D6D6D6-f_jpg-q_x-xxyxx-300x200.jpg 300w\" sizes=\"(max-width: 600px) 100vw, 600px\" \/><\/a><\/p>\n<p>Dans les insupportables, en t\u00eate de liste, on a le droit \u00e0 <em>Lou de La\u00e2ge<\/em>, <em>Victor Bessi\u00e8re<\/em> et <em>Johan Lib\u00e9reau<\/em>, des personnages auxquels j&rsquo;aurais bien mis des gifles volontiers et qui m&rsquo;ont vraiment tap\u00e9 sur le syst\u00e8me.<\/p>\n<p>C&rsquo;est donc, un film long et plat devant lequel je me suis trouv\u00e9. Dr\u00f4le parfois, avec un acteur principal vraiment bien, mais malheureusement, l&rsquo;intrigue niaise et sans profondeur plombe le film et <em>Pierre Niney<\/em> tout sympathique soit-il n&rsquo;arrive pas \u00e0 me sauver de cet ennui g\u00e9n\u00e9ral&#8230; Encore une fois, dommage &#8230;<\/p>\n<p><strong>Note\u00a0: 05\/20<\/strong><\/p>\n<p style=\"text-align: center;\">[youtube]https:\/\/www.youtube.com\/watch?v=VxrAPlOfYJE[\/youtube]<\/p>\n<p style=\"text-align: right;\">Par <strong>Cin\u00e9ted<\/strong><\/p>\n","protected":false},"excerpt":{"rendered":"<p>De\u00a0: Fr\u00e9d\u00e9ric Louf Avec Pierre Niney, Audrey Bastien, Lou de La\u00e2ge, Ali Marhyar Ann\u00e9e\u00a0: 2011 Pays\u00a0: France Genre\u00a0: Com\u00e9die R\u00e9sum\u00e9\u00a0: La veille du 10 mai &hellip; <\/p>\n","protected":false},"author":1,"featured_media":0,"comment_status":"open","ping_status":"open","sticky":false,"template":"","format":"standard","meta":[],"categories":[1],"tags":[],"yoast_head":"<!-- This site is optimized with the Yoast SEO plugin v19.6.1 - https:\/\/yoast.com\/wordpress\/plugins\/seo\/ -->\n<title>J&#039;Aime Regarder les Filles - Lavisqteam.fr<\/title>\n<meta name=\"robots\" content=\"index, follow, max-snippet:-1, max-image-preview:large, max-video-preview:-1\" \/>\n<link rel=\"canonical\" href=\"https:\/\/www.lavisqteam.fr\/?p=9761\" \/>\n<meta property=\"og:locale\" content=\"fr_FR\" \/>\n<meta property=\"og:type\" content=\"article\" \/>\n<meta property=\"og:title\" content=\"J&#039;Aime Regarder les Filles - Lavisqteam.fr\" \/>\n<meta property=\"og:description\" content=\"De\u00a0: Fr\u00e9d\u00e9ric Louf Avec Pierre Niney, Audrey Bastien, Lou de La\u00e2ge, Ali Marhyar Ann\u00e9e\u00a0: 2011 Pays\u00a0: France Genre\u00a0: Com\u00e9die R\u00e9sum\u00e9\u00a0: La veille du 10 mai &hellip;\" \/>\n<meta property=\"og:url\" content=\"https:\/\/www.lavisqteam.fr\/?p=9761\" \/>\n<meta property=\"og:site_name\" content=\"Lavisqteam.fr\" \/>\n<meta property=\"article:published_time\" content=\"2014-09-11T16:41:27+00:00\" \/>\n<meta property=\"og:image\" content=\"http:\/\/www.lavisqteam.fr\/wp-content\/uploads\/2014\/09\/19765678.jpg-r_640_600-b_1_D6D6D6-f_jpg-q_x-xxyxx.jpg\" \/>\n<meta name=\"author\" content=\"AqME\" \/>\n<meta name=\"twitter:card\" content=\"summary_large_image\" \/>\n<meta name=\"twitter:label1\" content=\"\u00c9crit par\" \/>\n\t<meta name=\"twitter:data1\" content=\"AqME\" \/>\n\t<meta name=\"twitter:label2\" content=\"Dur\u00e9e de lecture estim\u00e9e\" \/>\n\t<meta name=\"twitter:data2\" content=\"5 minutes\" \/>\n<script type=\"application\/ld+json\" class=\"yoast-schema-graph\">{\"@context\":\"https:\/\/schema.org\",\"@graph\":[{\"@type\":\"Article\",\"@id\":\"https:\/\/www.lavisqteam.fr\/?p=9761#article\",\"isPartOf\":{\"@id\":\"https:\/\/www.lavisqteam.fr\/?p=9761\"},\"author\":{\"name\":\"AqME\",\"@id\":\"https:\/\/www.lavisqteam.fr\/#\/schema\/person\/da11d7c30bf135b288b17cc576708c2d\"},\"headline\":\"J&rsquo;Aime Regarder les Filles\",\"datePublished\":\"2014-09-11T16:41:27+00:00\",\"dateModified\":\"2014-09-11T16:41:27+00:00\",\"mainEntityOfPage\":{\"@id\":\"https:\/\/www.lavisqteam.fr\/?p=9761\"},\"wordCount\":1008,\"commentCount\":0,\"publisher\":{\"@id\":\"https:\/\/www.lavisqteam.fr\/#organization\"},\"articleSection\":[\"Uncategorized\"],\"inLanguage\":\"fr-FR\",\"potentialAction\":[{\"@type\":\"CommentAction\",\"name\":\"Comment\",\"target\":[\"https:\/\/www.lavisqteam.fr\/?p=9761#respond\"]}]},{\"@type\":\"WebPage\",\"@id\":\"https:\/\/www.lavisqteam.fr\/?p=9761\",\"url\":\"https:\/\/www.lavisqteam.fr\/?p=9761\",\"name\":\"J'Aime Regarder les Filles - Lavisqteam.fr\",\"isPartOf\":{\"@id\":\"https:\/\/www.lavisqteam.fr\/#website\"},\"datePublished\":\"2014-09-11T16:41:27+00:00\",\"dateModified\":\"2014-09-11T16:41:27+00:00\",\"breadcrumb\":{\"@id\":\"https:\/\/www.lavisqteam.fr\/?p=9761#breadcrumb\"},\"inLanguage\":\"fr-FR\",\"potentialAction\":[{\"@type\":\"ReadAction\",\"target\":[\"https:\/\/www.lavisqteam.fr\/?p=9761\"]}]},{\"@type\":\"BreadcrumbList\",\"@id\":\"https:\/\/www.lavisqteam.fr\/?p=9761#breadcrumb\",\"itemListElement\":[{\"@type\":\"ListItem\",\"position\":1,\"name\":\"Accueil\",\"item\":\"https:\/\/www.lavisqteam.fr\/\"},{\"@type\":\"ListItem\",\"position\":2,\"name\":\"J&rsquo;Aime Regarder les Filles\"}]},{\"@type\":\"WebSite\",\"@id\":\"https:\/\/www.lavisqteam.fr\/#website\",\"url\":\"https:\/\/www.lavisqteam.fr\/\",\"name\":\"Lavisqteam.fr\",\"description\":\"\",\"publisher\":{\"@id\":\"https:\/\/www.lavisqteam.fr\/#organization\"},\"potentialAction\":[{\"@type\":\"SearchAction\",\"target\":{\"@type\":\"EntryPoint\",\"urlTemplate\":\"https:\/\/www.lavisqteam.fr\/?s={search_term_string}\"},\"query-input\":\"required name=search_term_string\"}],\"inLanguage\":\"fr-FR\"},{\"@type\":\"Organization\",\"@id\":\"https:\/\/www.lavisqteam.fr\/#organization\",\"name\":\"Lavisqteam.fr\",\"url\":\"https:\/\/www.lavisqteam.fr\/\",\"sameAs\":[],\"logo\":{\"@type\":\"ImageObject\",\"inLanguage\":\"fr-FR\",\"@id\":\"https:\/\/www.lavisqteam.fr\/#\/schema\/logo\/image\/\",\"url\":\"https:\/\/www.lavisqteam.fr\/wp-content\/uploads\/2020\/08\/cropped-80879545_3479261675449035_4078032831501041664_o-4.jpg\",\"contentUrl\":\"https:\/\/www.lavisqteam.fr\/wp-content\/uploads\/2020\/08\/cropped-80879545_3479261675449035_4078032831501041664_o-4.jpg\",\"width\":1674,\"height\":536,\"caption\":\"Lavisqteam.fr\"},\"image\":{\"@id\":\"https:\/\/www.lavisqteam.fr\/#\/schema\/logo\/image\/\"}},{\"@type\":\"Person\",\"@id\":\"https:\/\/www.lavisqteam.fr\/#\/schema\/person\/da11d7c30bf135b288b17cc576708c2d\",\"name\":\"AqME\",\"image\":{\"@type\":\"ImageObject\",\"inLanguage\":\"fr-FR\",\"@id\":\"https:\/\/www.lavisqteam.fr\/#\/schema\/person\/image\/\",\"url\":\"https:\/\/secure.gravatar.com\/avatar\/4a87d013fc854acd0f25858a13573675?s=96&d=mm&r=g\",\"contentUrl\":\"https:\/\/secure.gravatar.com\/avatar\/4a87d013fc854acd0f25858a13573675?s=96&d=mm&r=g\",\"caption\":\"AqME\"},\"description\":\"Amateur d'horreur, M\u00e9talleux dans l'\u00e2me, je succombe facilement \u00e0 des images de chatons.\",\"url\":\"https:\/\/www.lavisqteam.fr\/?author=1\"}]}<\/script>\n<!-- \/ Yoast SEO plugin. -->","yoast_head_json":{"title":"J'Aime Regarder les Filles - Lavisqteam.fr","robots":{"index":"index","follow":"follow","max-snippet":"max-snippet:-1","max-image-preview":"max-image-preview:large","max-video-preview":"max-video-preview:-1"},"canonical":"https:\/\/www.lavisqteam.fr\/?p=9761","og_locale":"fr_FR","og_type":"article","og_title":"J'Aime Regarder les Filles - Lavisqteam.fr","og_description":"De\u00a0: Fr\u00e9d\u00e9ric Louf Avec Pierre Niney, Audrey Bastien, Lou de La\u00e2ge, Ali Marhyar Ann\u00e9e\u00a0: 2011 Pays\u00a0: France Genre\u00a0: Com\u00e9die R\u00e9sum\u00e9\u00a0: La veille du 10 mai &hellip;","og_url":"https:\/\/www.lavisqteam.fr\/?p=9761","og_site_name":"Lavisqteam.fr","article_published_time":"2014-09-11T16:41:27+00:00","og_image":[{"url":"http:\/\/www.lavisqteam.fr\/wp-content\/uploads\/2014\/09\/19765678.jpg-r_640_600-b_1_D6D6D6-f_jpg-q_x-xxyxx.jpg"}],"author":"AqME","twitter_card":"summary_large_image","twitter_misc":{"\u00c9crit par":"AqME","Dur\u00e9e de lecture estim\u00e9e":"5 minutes"},"schema":{"@context":"https:\/\/schema.org","@graph":[{"@type":"Article","@id":"https:\/\/www.lavisqteam.fr\/?p=9761#article","isPartOf":{"@id":"https:\/\/www.lavisqteam.fr\/?p=9761"},"author":{"name":"AqME","@id":"https:\/\/www.lavisqteam.fr\/#\/schema\/person\/da11d7c30bf135b288b17cc576708c2d"},"headline":"J&rsquo;Aime Regarder les Filles","datePublished":"2014-09-11T16:41:27+00:00","dateModified":"2014-09-11T16:41:27+00:00","mainEntityOfPage":{"@id":"https:\/\/www.lavisqteam.fr\/?p=9761"},"wordCount":1008,"commentCount":0,"publisher":{"@id":"https:\/\/www.lavisqteam.fr\/#organization"},"articleSection":["Uncategorized"],"inLanguage":"fr-FR","potentialAction":[{"@type":"CommentAction","name":"Comment","target":["https:\/\/www.lavisqteam.fr\/?p=9761#respond"]}]},{"@type":"WebPage","@id":"https:\/\/www.lavisqteam.fr\/?p=9761","url":"https:\/\/www.lavisqteam.fr\/?p=9761","name":"J'Aime Regarder les Filles - Lavisqteam.fr","isPartOf":{"@id":"https:\/\/www.lavisqteam.fr\/#website"},"datePublished":"2014-09-11T16:41:27+00:00","dateModified":"2014-09-11T16:41:27+00:00","breadcrumb":{"@id":"https:\/\/www.lavisqteam.fr\/?p=9761#breadcrumb"},"inLanguage":"fr-FR","potentialAction":[{"@type":"ReadAction","target":["https:\/\/www.lavisqteam.fr\/?p=9761"]}]},{"@type":"BreadcrumbList","@id":"https:\/\/www.lavisqteam.fr\/?p=9761#breadcrumb","itemListElement":[{"@type":"ListItem","position":1,"name":"Accueil","item":"https:\/\/www.lavisqteam.fr\/"},{"@type":"ListItem","position":2,"name":"J&rsquo;Aime Regarder les Filles"}]},{"@type":"WebSite","@id":"https:\/\/www.lavisqteam.fr\/#website","url":"https:\/\/www.lavisqteam.fr\/","name":"Lavisqteam.fr","description":"","publisher":{"@id":"https:\/\/www.lavisqteam.fr\/#organization"},"potentialAction":[{"@type":"SearchAction","target":{"@type":"EntryPoint","urlTemplate":"https:\/\/www.lavisqteam.fr\/?s={search_term_string}"},"query-input":"required name=search_term_string"}],"inLanguage":"fr-FR"},{"@type":"Organization","@id":"https:\/\/www.lavisqteam.fr\/#organization","name":"Lavisqteam.fr","url":"https:\/\/www.lavisqteam.fr\/","sameAs":[],"logo":{"@type":"ImageObject","inLanguage":"fr-FR","@id":"https:\/\/www.lavisqteam.fr\/#\/schema\/logo\/image\/","url":"https:\/\/www.lavisqteam.fr\/wp-content\/uploads\/2020\/08\/cropped-80879545_3479261675449035_4078032831501041664_o-4.jpg","contentUrl":"https:\/\/www.lavisqteam.fr\/wp-content\/uploads\/2020\/08\/cropped-80879545_3479261675449035_4078032831501041664_o-4.jpg","width":1674,"height":536,"caption":"Lavisqteam.fr"},"image":{"@id":"https:\/\/www.lavisqteam.fr\/#\/schema\/logo\/image\/"}},{"@type":"Person","@id":"https:\/\/www.lavisqteam.fr\/#\/schema\/person\/da11d7c30bf135b288b17cc576708c2d","name":"AqME","image":{"@type":"ImageObject","inLanguage":"fr-FR","@id":"https:\/\/www.lavisqteam.fr\/#\/schema\/person\/image\/","url":"https:\/\/secure.gravatar.com\/avatar\/4a87d013fc854acd0f25858a13573675?s=96&d=mm&r=g","contentUrl":"https:\/\/secure.gravatar.com\/avatar\/4a87d013fc854acd0f25858a13573675?s=96&d=mm&r=g","caption":"AqME"},"description":"Amateur d'horreur, M\u00e9talleux dans l'\u00e2me, je succombe facilement \u00e0 des images de chatons.","url":"https:\/\/www.lavisqteam.fr\/?author=1"}]}},"jetpack_featured_media_url":"","_links":{"self":[{"href":"https:\/\/www.lavisqteam.fr\/index.php?rest_route=\/wp\/v2\/posts\/9761"}],"collection":[{"href":"https:\/\/www.lavisqteam.fr\/index.php?rest_route=\/wp\/v2\/posts"}],"about":[{"href":"https:\/\/www.lavisqteam.fr\/index.php?rest_route=\/wp\/v2\/types\/post"}],"author":[{"embeddable":true,"href":"https:\/\/www.lavisqteam.fr\/index.php?rest_route=\/wp\/v2\/users\/1"}],"replies":[{"embeddable":true,"href":"https:\/\/www.lavisqteam.fr\/index.php?rest_route=%2Fwp%2Fv2%2Fcomments&post=9761"}],"version-history":[{"count":1,"href":"https:\/\/www.lavisqteam.fr\/index.php?rest_route=\/wp\/v2\/posts\/9761\/revisions"}],"predecessor-version":[{"id":9765,"href":"https:\/\/www.lavisqteam.fr\/index.php?rest_route=\/wp\/v2\/posts\/9761\/revisions\/9765"}],"wp:attachment":[{"href":"https:\/\/www.lavisqteam.fr\/index.php?rest_route=%2Fwp%2Fv2%2Fmedia&parent=9761"}],"wp:term":[{"taxonomy":"category","embeddable":true,"href":"https:\/\/www.lavisqteam.fr\/index.php?rest_route=%2Fwp%2Fv2%2Fcategories&post=9761"},{"taxonomy":"post_tag","embeddable":true,"href":"https:\/\/www.lavisqteam.fr\/index.php?rest_route=%2Fwp%2Fv2%2Ftags&post=9761"}],"curies":[{"name":"wp","href":"https:\/\/api.w.org\/{rel}","templated":true}]}}