{"id":9381,"date":"2014-08-26T12:56:03","date_gmt":"2014-08-26T12:56:03","guid":{"rendered":"http:\/\/www.lavisqteam.fr\/?p=9381"},"modified":"2014-08-26T12:56:03","modified_gmt":"2014-08-26T12:56:03","slug":"au-premier-regard","status":"publish","type":"post","link":"https:\/\/www.lavisqteam.fr\/?p=9381","title":{"rendered":"Au Premier Regard"},"content":{"rendered":"<p style=\"text-align: center;\"><a href=\"https:\/\/www.lavisqteam.fr\/wp-content\/uploads\/2014\/08\/127208.jpg-r_640_600-b_1_D6D6D6-f_jpg-q_x-xxyxx.jpg\"><img loading=\"lazy\" class=\"alignnone size-full wp-image-9382\" src=\"https:\/\/www.lavisqteam.fr\/wp-content\/uploads\/2014\/08\/127208.jpg-r_640_600-b_1_D6D6D6-f_jpg-q_x-xxyxx.jpg\" alt=\"127208.jpg-r_640_600-b_1_D6D6D6-f_jpg-q_x-xxyxx\" width=\"450\" height=\"600\" srcset=\"https:\/\/www.lavisqteam.fr\/wp-content\/uploads\/2014\/08\/127208.jpg-r_640_600-b_1_D6D6D6-f_jpg-q_x-xxyxx.jpg 450w, https:\/\/www.lavisqteam.fr\/wp-content\/uploads\/2014\/08\/127208.jpg-r_640_600-b_1_D6D6D6-f_jpg-q_x-xxyxx-225x300.jpg 225w\" sizes=\"(max-width: 450px) 100vw, 450px\" \/><\/a><\/p>\n<p><strong>Titre Original\u00a0: <\/strong>Hoje Eu Quero Voltar Sozinho<\/p>\n<p><strong>De\u00a0: <\/strong>Daniel Ribeiro<\/p>\n<p><strong>Avec <\/strong>Ghilherme Lobo, Fabio Audi, Tess Amorim, Lucia Romano<\/p>\n<p><strong>Ann\u00e9e\u00a0: <\/strong>2014<\/p>\n<p><strong>Pays\u00a0: <\/strong>Br\u00e9sil<\/p>\n<p><strong>Genre\u00a0: <\/strong>Drame<\/p>\n<p><strong>R\u00e9sum\u00e9\u00a0:<\/strong><\/p>\n<p>C\u2019est la fin de l\u2019\u00e9t\u00e9 \u00e0 S\u00e3o Paulo. Leonardo, 15 ans, est aveugle. Il aimerait \u00eatre plus ind\u00e9pendant, \u00e9tudier \u00e0 l\u2019\u00e9tranger, mais aussi tomber amoureux. Un jour, Gabriel, un nouvel \u00e9l\u00e8ve, d\u00e9barque dans sa classe. Les deux adolescents se rapprochent et progressivement, leur amiti\u00e9 semble \u00e9voluer vers autre chose. Mais comment Leonardo pourrait-il s\u00e9duire Gabriel et savoir s\u2019il lui plait puisqu\u2019il ne peut pas le voir ?<\/p>\n<p><strong>Avis\u00a0:<\/strong><\/p>\n<p>Venu tout droit du Br\u00e9sil, \u00ab\u00a0<strong>Au premier regard<\/strong>\u00a0\u00bb est le premier film du jeune r\u00e9alisateur <em>Daniel Ribeiro. <\/em>Le r\u00e9alisateur a choisi d&rsquo;explorer un sujet aussi dur qu&rsquo;ambitieux et casse-gueule, et c&rsquo;est avec plaisir que j&rsquo;ai d\u00e9couvert un film d&rsquo;une magnifique sensibilit\u00e9. Une premi\u00e8re \u0153uvre qui \u00e9vite avec gr\u00e2ce toutes les niaiseries et les facilit\u00e9s pour nous offrir une tr\u00e8s belle le\u00e7on d&rsquo;humanit\u00e9. \u00ab\u00a0<strong>Au premier regard<\/strong>\u00ab\u00a0, c&rsquo;est la plus belle surprise de mon \u00e9t\u00e9.<\/p>\n<p style=\"text-align: center;\"><a href=\"https:\/\/www.lavisqteam.fr\/wp-content\/uploads\/2014\/08\/126018.jpg-r_640_600-b_1_D6D6D6-f_jpg-q_x-xxyxx.jpg\"><img loading=\"lazy\" class=\"alignnone size-full wp-image-9384\" src=\"https:\/\/www.lavisqteam.fr\/wp-content\/uploads\/2014\/08\/126018.jpg-r_640_600-b_1_D6D6D6-f_jpg-q_x-xxyxx.jpg\" alt=\"126018.jpg-r_640_600-b_1_D6D6D6-f_jpg-q_x-xxyxx\" width=\"640\" height=\"338\" srcset=\"https:\/\/www.lavisqteam.fr\/wp-content\/uploads\/2014\/08\/126018.jpg-r_640_600-b_1_D6D6D6-f_jpg-q_x-xxyxx.jpg 640w, https:\/\/www.lavisqteam.fr\/wp-content\/uploads\/2014\/08\/126018.jpg-r_640_600-b_1_D6D6D6-f_jpg-q_x-xxyxx-300x158.jpg 300w\" sizes=\"(max-width: 640px) 100vw, 640px\" \/><\/a><\/p>\n<p>Leonardo est n\u00e9 aveugle. Il m\u00e8ne une vie ordinaire, comme tous les adolescents de son \u00e2ge, partag\u00e9 entre ses \u00e9tudes et son temps libre qu&rsquo;il passe avec sa meilleure amie Giovanna. Puis Leonardo r\u00eave d&rsquo;ailleurs, d&rsquo;autres choses, et surtout de rencontrer quelqu&rsquo;un, d&rsquo;avoir enfin son premier baiser, ce moment sp\u00e9cial, qu&rsquo;il r\u00e9serve pour quelqu&rsquo;un de tout aussi sp\u00e9cial.<\/p>\n<p>En milieu d&rsquo;ann\u00e9e, arrive Gabriel, un jeune diff\u00e9rent des autres gar\u00e7ons de son lyc\u00e9e. Il ne se moque par de lui et bient\u00f4t na\u00eet une amiti\u00e9 entre les trois adolescents.<\/p>\n<p>Leonardo et Gabriel passent de plus en plus de temps ensembles, et quelqu&rsquo;un chose d&rsquo;\u00e9trange survient. Un sentiment complexe, partag\u00e9 entre amiti\u00e9 et peut \u00eatre du d\u00e9sir. Leonardo ne se rend pas bien compte de ce qu&rsquo;il lui arrive, de ce qui se passe, et plus il passe du temps avec Gabriel et plus il aime \u00e7a. Leonardo est plus qu&rsquo;attir\u00e9 par Gabriel, mais comment savoir si ce sentiment est r\u00e9ciproque ? Comment le ressentir, quand on ne voit pas la personne en face ? Et si jamais ce n&rsquo;est pas le cas, va-t-il prendre le risque de perdre son nouvel ami ?<\/p>\n<p>De ce synopsis, <em>Daniel Ribeiro<\/em> en avait fait un court-m\u00e9trage et ayant convaincu avec ce dernier, il a d\u00e9cid\u00e9 de d\u00e9velopper son court en long.<\/p>\n<p>Traiter de l&rsquo;adolescence, du handicap, la c\u00e9cit\u00e9 et aussi de la naissance des sentiments amoureux, ici l&rsquo;homosexualit\u00e9, on peut dire que <em>Daniel Ribeiro<\/em> n&rsquo;a pas choisi la facilit\u00e9, ce qui d\u00e9montre une certaine ambition de sa part. Le sujet est casse-gueule et comme pour un grand nombre de films que j&rsquo;ai pu voir, surtout sur l&rsquo;homosexualit\u00e9, j&rsquo;aurais pu trouver un film niais, cul-cul ou sans saveur. Le risque est grand de tomber dans la facilit\u00e9, le pathos et surtout avec la c\u00e9cit\u00e9 en plus, on aurait pu craindre le mis\u00e9rabilisme. Mais ici, c&rsquo;est bien loin d&rsquo;\u00eatre le cas, car \u00ab\u00a0<strong>Au premier regard<\/strong>\u00a0\u00bb s&rsquo;av\u00e8re \u00eatre un film d&rsquo;une tr\u00e8s belle d\u00e9licatesse.<\/p>\n<p>Magnifiquement mis en sc\u00e8ne, tr\u00e8s joliment racont\u00e9, ce film est un petit bijou qui m&rsquo;a \u00e9merveill\u00e9 du d\u00e9but \u00e0 la fin. C&rsquo;est vrai que sur le papier l&rsquo;histoire est \u00ab\u00a0simple\u00a0\u00bb, mais sur l&rsquo;\u00e9cran, c&rsquo;est tout autre chose. L&rsquo;histoire et comme elle est racont\u00e9e sonnent juste et vrai. J&rsquo;ai beaucoup aim\u00e9 comment le r\u00e9alisateur n&rsquo;appuie pas les sentiments. Il laisse monter le d\u00e9sir, la frustration et l&rsquo;intrigue entre ces deux personnages. Le film est ponctu\u00e9 de gestes, de regards, de plein de petites choses qui le rendent tr\u00e8s vivant et presque \u00e9rotique \u00e0 plusieurs moments. L&rsquo;\u00e9criture de ce film est superbe, plusieurs sc\u00e8nes m&rsquo;ont boulevers\u00e9es, de par leurs retenus, de par leurs silences qui est bien plus parlant que tous les discours. De par leurs envies et leurs non-dits, et puis il y a ce jeune com\u00e9dien, <em>Ghilherme Lobo<\/em>, qui joue Leonardo, qui est tout simplement incroyable. Il r\u00e9sonne comme ma r\u00e9v\u00e9lation de l&rsquo;ann\u00e9e.<\/p>\n<p>Mise part la relation amoureuse qui na\u00eet entre les deux personnages, ce film aborde aussi le handicap et surtout l&rsquo;envie d&rsquo;\u00eatre comme tout le monde, de faire ce qu&rsquo;on a envie sans avoir besoin d&rsquo;\u00eatre assist\u00e9 en permanence. Le fait aussi de grandir aux yeux des parents, qui veulent trop prot\u00e9ger leur fils. C&rsquo;est aussi un film sur l&rsquo;adolescence elle-m\u00eame. Les d\u00e9couvertes, les exp\u00e9riences, la m\u00e9chancet\u00e9 aussi, la diff\u00e9rence, le r\u00e9alisateur prend le temps de traiter un peu tous ces th\u00e8mes-l\u00e0 et il le fait d&rsquo;une belle mani\u00e8re, toujours dans la bonne humeur, m\u00eame uand, c&rsquo;est s\u00e9rieux et c&rsquo;est ce que fait la force de ce film.<\/p>\n<p style=\"text-align: center;\"><a href=\"https:\/\/www.lavisqteam.fr\/wp-content\/uploads\/2014\/08\/159295.jpg-r_640_600-b_1_D6D6D6-f_jpg-q_x-xxyxx.jpg\"><img loading=\"lazy\" class=\"alignnone size-full wp-image-9383\" src=\"https:\/\/www.lavisqteam.fr\/wp-content\/uploads\/2014\/08\/159295.jpg-r_640_600-b_1_D6D6D6-f_jpg-q_x-xxyxx.jpg\" alt=\"159295.jpg-r_640_600-b_1_D6D6D6-f_jpg-q_x-xxyxx\" width=\"640\" height=\"338\" srcset=\"https:\/\/www.lavisqteam.fr\/wp-content\/uploads\/2014\/08\/159295.jpg-r_640_600-b_1_D6D6D6-f_jpg-q_x-xxyxx.jpg 640w, https:\/\/www.lavisqteam.fr\/wp-content\/uploads\/2014\/08\/159295.jpg-r_640_600-b_1_D6D6D6-f_jpg-q_x-xxyxx-300x158.jpg 300w\" sizes=\"(max-width: 640px) 100vw, 640px\" \/><\/a><\/p>\n<p>Le r\u00e9alisateur s&rsquo;est entour\u00e9 d&rsquo;un tr\u00e8s beau casting d&rsquo;acteurs qui me sont totalement inconnus, je crois que c&rsquo;est le premier film br\u00e9silien que je vois, et ils sont diablement attachants. Comme je l&rsquo;ai d\u00e9j\u00e0 \u00e9crit <em>Ghilherme Lobo<\/em> est fabuleux, \u00e0 fleur de peau. J&rsquo;ai \u00e9t\u00e9 bluff\u00e9 de la mani\u00e8re dont il nous fait tout ressentir, alors m\u00eame que ses yeux ne bougent pas et n&rsquo;expriment rien. Il est incroyable ! <em>Fabio Audi<\/em> est tout aussi bien que son jeune comp\u00e8re, il incarne Gabriel, un personnage touchant de par son manque de confiance en lui. Puis il y a le sourire et la jalousie de <em>Tess Amorim<\/em>, la meilleure amie de Leonardo. L&rsquo;actrice compl\u00e8te \u00e0 merveille le trio.<\/p>\n<p>\u00ab\u00a0<strong>Au premier regard<\/strong>\u00a0\u00bb est donc la perle de mon ann\u00e9e. Un petit moment de sensibilit\u00e9, d&rsquo;\u00e9motion, de joies, comme de peines. Des films aussi justes, touchants, simples, et \u00e9tonnants que celui-l\u00e0, j&rsquo;aimerai tellement en voir plus souvent.<\/p>\n<p><strong>Note\u00a0: 18\/20<\/strong><\/p>\n<p style=\"text-align: center;\">[youtube]https:\/\/www.youtube.com\/watch?v=l2ayxvxXW0k[\/youtube]<\/p>\n<p style=\"text-align: right;\">Par <strong>Cin\u00e9ted<\/strong><\/p>\n","protected":false},"excerpt":{"rendered":"<p>Titre Original\u00a0: Hoje Eu Quero Voltar Sozinho De\u00a0: Daniel Ribeiro Avec Ghilherme Lobo, Fabio Audi, Tess Amorim, Lucia Romano Ann\u00e9e\u00a0: 2014 Pays\u00a0: Br\u00e9sil Genre\u00a0: Drame &hellip; <\/p>\n","protected":false},"author":1,"featured_media":0,"comment_status":"open","ping_status":"open","sticky":false,"template":"","format":"standard","meta":[],"categories":[1],"tags":[],"yoast_head":"<!-- This site is optimized with the Yoast SEO plugin v19.6.1 - https:\/\/yoast.com\/wordpress\/plugins\/seo\/ -->\n<title>Au Premier Regard - Lavisqteam.fr<\/title>\n<meta name=\"robots\" content=\"index, follow, max-snippet:-1, max-image-preview:large, max-video-preview:-1\" \/>\n<link rel=\"canonical\" href=\"https:\/\/www.lavisqteam.fr\/?p=9381\" \/>\n<meta property=\"og:locale\" content=\"fr_FR\" \/>\n<meta property=\"og:type\" content=\"article\" \/>\n<meta property=\"og:title\" content=\"Au Premier Regard - Lavisqteam.fr\" \/>\n<meta property=\"og:description\" content=\"Titre Original\u00a0: Hoje Eu Quero Voltar Sozinho De\u00a0: Daniel Ribeiro Avec Ghilherme Lobo, Fabio Audi, Tess Amorim, Lucia Romano Ann\u00e9e\u00a0: 2014 Pays\u00a0: Br\u00e9sil Genre\u00a0: Drame &hellip;\" \/>\n<meta property=\"og:url\" content=\"https:\/\/www.lavisqteam.fr\/?p=9381\" \/>\n<meta property=\"og:site_name\" content=\"Lavisqteam.fr\" \/>\n<meta property=\"article:published_time\" content=\"2014-08-26T12:56:03+00:00\" \/>\n<meta property=\"og:image\" content=\"http:\/\/www.lavisqteam.fr\/wp-content\/uploads\/2014\/08\/127208.jpg-r_640_600-b_1_D6D6D6-f_jpg-q_x-xxyxx.jpg\" \/>\n<meta name=\"author\" content=\"AqME\" \/>\n<meta name=\"twitter:card\" content=\"summary_large_image\" \/>\n<meta name=\"twitter:label1\" content=\"\u00c9crit par\" \/>\n\t<meta name=\"twitter:data1\" content=\"AqME\" \/>\n\t<meta name=\"twitter:label2\" content=\"Dur\u00e9e de lecture estim\u00e9e\" \/>\n\t<meta name=\"twitter:data2\" content=\"5 minutes\" \/>\n<script type=\"application\/ld+json\" class=\"yoast-schema-graph\">{\"@context\":\"https:\/\/schema.org\",\"@graph\":[{\"@type\":\"Article\",\"@id\":\"https:\/\/www.lavisqteam.fr\/?p=9381#article\",\"isPartOf\":{\"@id\":\"https:\/\/www.lavisqteam.fr\/?p=9381\"},\"author\":{\"name\":\"AqME\",\"@id\":\"https:\/\/www.lavisqteam.fr\/#\/schema\/person\/da11d7c30bf135b288b17cc576708c2d\"},\"headline\":\"Au Premier Regard\",\"datePublished\":\"2014-08-26T12:56:03+00:00\",\"dateModified\":\"2014-08-26T12:56:03+00:00\",\"mainEntityOfPage\":{\"@id\":\"https:\/\/www.lavisqteam.fr\/?p=9381\"},\"wordCount\":999,\"commentCount\":0,\"publisher\":{\"@id\":\"https:\/\/www.lavisqteam.fr\/#organization\"},\"articleSection\":[\"Uncategorized\"],\"inLanguage\":\"fr-FR\",\"potentialAction\":[{\"@type\":\"CommentAction\",\"name\":\"Comment\",\"target\":[\"https:\/\/www.lavisqteam.fr\/?p=9381#respond\"]}]},{\"@type\":\"WebPage\",\"@id\":\"https:\/\/www.lavisqteam.fr\/?p=9381\",\"url\":\"https:\/\/www.lavisqteam.fr\/?p=9381\",\"name\":\"Au Premier Regard - Lavisqteam.fr\",\"isPartOf\":{\"@id\":\"https:\/\/www.lavisqteam.fr\/#website\"},\"datePublished\":\"2014-08-26T12:56:03+00:00\",\"dateModified\":\"2014-08-26T12:56:03+00:00\",\"breadcrumb\":{\"@id\":\"https:\/\/www.lavisqteam.fr\/?p=9381#breadcrumb\"},\"inLanguage\":\"fr-FR\",\"potentialAction\":[{\"@type\":\"ReadAction\",\"target\":[\"https:\/\/www.lavisqteam.fr\/?p=9381\"]}]},{\"@type\":\"BreadcrumbList\",\"@id\":\"https:\/\/www.lavisqteam.fr\/?p=9381#breadcrumb\",\"itemListElement\":[{\"@type\":\"ListItem\",\"position\":1,\"name\":\"Accueil\",\"item\":\"https:\/\/www.lavisqteam.fr\/\"},{\"@type\":\"ListItem\",\"position\":2,\"name\":\"Au Premier Regard\"}]},{\"@type\":\"WebSite\",\"@id\":\"https:\/\/www.lavisqteam.fr\/#website\",\"url\":\"https:\/\/www.lavisqteam.fr\/\",\"name\":\"Lavisqteam.fr\",\"description\":\"\",\"publisher\":{\"@id\":\"https:\/\/www.lavisqteam.fr\/#organization\"},\"potentialAction\":[{\"@type\":\"SearchAction\",\"target\":{\"@type\":\"EntryPoint\",\"urlTemplate\":\"https:\/\/www.lavisqteam.fr\/?s={search_term_string}\"},\"query-input\":\"required name=search_term_string\"}],\"inLanguage\":\"fr-FR\"},{\"@type\":\"Organization\",\"@id\":\"https:\/\/www.lavisqteam.fr\/#organization\",\"name\":\"Lavisqteam.fr\",\"url\":\"https:\/\/www.lavisqteam.fr\/\",\"sameAs\":[],\"logo\":{\"@type\":\"ImageObject\",\"inLanguage\":\"fr-FR\",\"@id\":\"https:\/\/www.lavisqteam.fr\/#\/schema\/logo\/image\/\",\"url\":\"https:\/\/www.lavisqteam.fr\/wp-content\/uploads\/2020\/08\/cropped-80879545_3479261675449035_4078032831501041664_o-4.jpg\",\"contentUrl\":\"https:\/\/www.lavisqteam.fr\/wp-content\/uploads\/2020\/08\/cropped-80879545_3479261675449035_4078032831501041664_o-4.jpg\",\"width\":1674,\"height\":536,\"caption\":\"Lavisqteam.fr\"},\"image\":{\"@id\":\"https:\/\/www.lavisqteam.fr\/#\/schema\/logo\/image\/\"}},{\"@type\":\"Person\",\"@id\":\"https:\/\/www.lavisqteam.fr\/#\/schema\/person\/da11d7c30bf135b288b17cc576708c2d\",\"name\":\"AqME\",\"image\":{\"@type\":\"ImageObject\",\"inLanguage\":\"fr-FR\",\"@id\":\"https:\/\/www.lavisqteam.fr\/#\/schema\/person\/image\/\",\"url\":\"https:\/\/secure.gravatar.com\/avatar\/4a87d013fc854acd0f25858a13573675?s=96&d=mm&r=g\",\"contentUrl\":\"https:\/\/secure.gravatar.com\/avatar\/4a87d013fc854acd0f25858a13573675?s=96&d=mm&r=g\",\"caption\":\"AqME\"},\"description\":\"Amateur d'horreur, M\u00e9talleux dans l'\u00e2me, je succombe facilement \u00e0 des images de chatons.\",\"url\":\"https:\/\/www.lavisqteam.fr\/?author=1\"}]}<\/script>\n<!-- \/ Yoast SEO plugin. -->","yoast_head_json":{"title":"Au Premier Regard - Lavisqteam.fr","robots":{"index":"index","follow":"follow","max-snippet":"max-snippet:-1","max-image-preview":"max-image-preview:large","max-video-preview":"max-video-preview:-1"},"canonical":"https:\/\/www.lavisqteam.fr\/?p=9381","og_locale":"fr_FR","og_type":"article","og_title":"Au Premier Regard - Lavisqteam.fr","og_description":"Titre Original\u00a0: Hoje Eu Quero Voltar Sozinho De\u00a0: Daniel Ribeiro Avec Ghilherme Lobo, Fabio Audi, Tess Amorim, Lucia Romano Ann\u00e9e\u00a0: 2014 Pays\u00a0: Br\u00e9sil Genre\u00a0: Drame &hellip;","og_url":"https:\/\/www.lavisqteam.fr\/?p=9381","og_site_name":"Lavisqteam.fr","article_published_time":"2014-08-26T12:56:03+00:00","og_image":[{"url":"http:\/\/www.lavisqteam.fr\/wp-content\/uploads\/2014\/08\/127208.jpg-r_640_600-b_1_D6D6D6-f_jpg-q_x-xxyxx.jpg"}],"author":"AqME","twitter_card":"summary_large_image","twitter_misc":{"\u00c9crit par":"AqME","Dur\u00e9e de lecture estim\u00e9e":"5 minutes"},"schema":{"@context":"https:\/\/schema.org","@graph":[{"@type":"Article","@id":"https:\/\/www.lavisqteam.fr\/?p=9381#article","isPartOf":{"@id":"https:\/\/www.lavisqteam.fr\/?p=9381"},"author":{"name":"AqME","@id":"https:\/\/www.lavisqteam.fr\/#\/schema\/person\/da11d7c30bf135b288b17cc576708c2d"},"headline":"Au Premier Regard","datePublished":"2014-08-26T12:56:03+00:00","dateModified":"2014-08-26T12:56:03+00:00","mainEntityOfPage":{"@id":"https:\/\/www.lavisqteam.fr\/?p=9381"},"wordCount":999,"commentCount":0,"publisher":{"@id":"https:\/\/www.lavisqteam.fr\/#organization"},"articleSection":["Uncategorized"],"inLanguage":"fr-FR","potentialAction":[{"@type":"CommentAction","name":"Comment","target":["https:\/\/www.lavisqteam.fr\/?p=9381#respond"]}]},{"@type":"WebPage","@id":"https:\/\/www.lavisqteam.fr\/?p=9381","url":"https:\/\/www.lavisqteam.fr\/?p=9381","name":"Au Premier Regard - Lavisqteam.fr","isPartOf":{"@id":"https:\/\/www.lavisqteam.fr\/#website"},"datePublished":"2014-08-26T12:56:03+00:00","dateModified":"2014-08-26T12:56:03+00:00","breadcrumb":{"@id":"https:\/\/www.lavisqteam.fr\/?p=9381#breadcrumb"},"inLanguage":"fr-FR","potentialAction":[{"@type":"ReadAction","target":["https:\/\/www.lavisqteam.fr\/?p=9381"]}]},{"@type":"BreadcrumbList","@id":"https:\/\/www.lavisqteam.fr\/?p=9381#breadcrumb","itemListElement":[{"@type":"ListItem","position":1,"name":"Accueil","item":"https:\/\/www.lavisqteam.fr\/"},{"@type":"ListItem","position":2,"name":"Au Premier Regard"}]},{"@type":"WebSite","@id":"https:\/\/www.lavisqteam.fr\/#website","url":"https:\/\/www.lavisqteam.fr\/","name":"Lavisqteam.fr","description":"","publisher":{"@id":"https:\/\/www.lavisqteam.fr\/#organization"},"potentialAction":[{"@type":"SearchAction","target":{"@type":"EntryPoint","urlTemplate":"https:\/\/www.lavisqteam.fr\/?s={search_term_string}"},"query-input":"required name=search_term_string"}],"inLanguage":"fr-FR"},{"@type":"Organization","@id":"https:\/\/www.lavisqteam.fr\/#organization","name":"Lavisqteam.fr","url":"https:\/\/www.lavisqteam.fr\/","sameAs":[],"logo":{"@type":"ImageObject","inLanguage":"fr-FR","@id":"https:\/\/www.lavisqteam.fr\/#\/schema\/logo\/image\/","url":"https:\/\/www.lavisqteam.fr\/wp-content\/uploads\/2020\/08\/cropped-80879545_3479261675449035_4078032831501041664_o-4.jpg","contentUrl":"https:\/\/www.lavisqteam.fr\/wp-content\/uploads\/2020\/08\/cropped-80879545_3479261675449035_4078032831501041664_o-4.jpg","width":1674,"height":536,"caption":"Lavisqteam.fr"},"image":{"@id":"https:\/\/www.lavisqteam.fr\/#\/schema\/logo\/image\/"}},{"@type":"Person","@id":"https:\/\/www.lavisqteam.fr\/#\/schema\/person\/da11d7c30bf135b288b17cc576708c2d","name":"AqME","image":{"@type":"ImageObject","inLanguage":"fr-FR","@id":"https:\/\/www.lavisqteam.fr\/#\/schema\/person\/image\/","url":"https:\/\/secure.gravatar.com\/avatar\/4a87d013fc854acd0f25858a13573675?s=96&d=mm&r=g","contentUrl":"https:\/\/secure.gravatar.com\/avatar\/4a87d013fc854acd0f25858a13573675?s=96&d=mm&r=g","caption":"AqME"},"description":"Amateur d'horreur, M\u00e9talleux dans l'\u00e2me, je succombe facilement \u00e0 des images de chatons.","url":"https:\/\/www.lavisqteam.fr\/?author=1"}]}},"jetpack_featured_media_url":"","_links":{"self":[{"href":"https:\/\/www.lavisqteam.fr\/index.php?rest_route=\/wp\/v2\/posts\/9381"}],"collection":[{"href":"https:\/\/www.lavisqteam.fr\/index.php?rest_route=\/wp\/v2\/posts"}],"about":[{"href":"https:\/\/www.lavisqteam.fr\/index.php?rest_route=\/wp\/v2\/types\/post"}],"author":[{"embeddable":true,"href":"https:\/\/www.lavisqteam.fr\/index.php?rest_route=\/wp\/v2\/users\/1"}],"replies":[{"embeddable":true,"href":"https:\/\/www.lavisqteam.fr\/index.php?rest_route=%2Fwp%2Fv2%2Fcomments&post=9381"}],"version-history":[{"count":1,"href":"https:\/\/www.lavisqteam.fr\/index.php?rest_route=\/wp\/v2\/posts\/9381\/revisions"}],"predecessor-version":[{"id":9385,"href":"https:\/\/www.lavisqteam.fr\/index.php?rest_route=\/wp\/v2\/posts\/9381\/revisions\/9385"}],"wp:attachment":[{"href":"https:\/\/www.lavisqteam.fr\/index.php?rest_route=%2Fwp%2Fv2%2Fmedia&parent=9381"}],"wp:term":[{"taxonomy":"category","embeddable":true,"href":"https:\/\/www.lavisqteam.fr\/index.php?rest_route=%2Fwp%2Fv2%2Fcategories&post=9381"},{"taxonomy":"post_tag","embeddable":true,"href":"https:\/\/www.lavisqteam.fr\/index.php?rest_route=%2Fwp%2Fv2%2Ftags&post=9381"}],"curies":[{"name":"wp","href":"https:\/\/api.w.org\/{rel}","templated":true}]}}