{"id":9092,"date":"2014-08-03T15:31:32","date_gmt":"2014-08-03T15:31:32","guid":{"rendered":"http:\/\/www.lavisqteam.fr\/?p=9092"},"modified":"2014-08-03T15:31:32","modified_gmt":"2014-08-03T15:31:32","slug":"gloria","status":"publish","type":"post","link":"https:\/\/www.lavisqteam.fr\/?p=9092","title":{"rendered":"Gloria"},"content":{"rendered":"<p style=\"text-align: center;\"><a href=\"https:\/\/www.lavisqteam.fr\/wp-content\/uploads\/2014\/08\/096188.jpg-r_640_600-b_1_D6D6D6-f_jpg-q_x-xxyxx.jpg\"><img loading=\"lazy\" class=\"alignnone size-full wp-image-9093\" src=\"https:\/\/www.lavisqteam.fr\/wp-content\/uploads\/2014\/08\/096188.jpg-r_640_600-b_1_D6D6D6-f_jpg-q_x-xxyxx.jpg\" alt=\"096188.jpg-r_640_600-b_1_D6D6D6-f_jpg-q_x-xxyxx\" width=\"450\" height=\"600\" srcset=\"https:\/\/www.lavisqteam.fr\/wp-content\/uploads\/2014\/08\/096188.jpg-r_640_600-b_1_D6D6D6-f_jpg-q_x-xxyxx.jpg 450w, https:\/\/www.lavisqteam.fr\/wp-content\/uploads\/2014\/08\/096188.jpg-r_640_600-b_1_D6D6D6-f_jpg-q_x-xxyxx-225x300.jpg 225w\" sizes=\"(max-width: 450px) 100vw, 450px\" \/><\/a><\/p>\n<p><strong>De\u00a0:<\/strong> Sebastian Lelio<\/p>\n<p><strong>Avec <\/strong>Paulina Garcia, Sergio Hernandez, Macial Tagle, Diego Fontecilla<\/p>\n<p><strong>Ann\u00e9e\u00a0: <\/strong>2013<\/p>\n<p><strong>Pays\u00a0: <\/strong>Chili<\/p>\n<p><strong>Genre\u00a0: <\/strong>Drame, Com\u00e9die<\/p>\n<p><strong>R\u00e9sum\u00e9\u00a0:<\/strong><\/p>\n<p>A 58 ans, Gloria se sent toujours jeune. C\u00e9libataire, elle fait de sa solitude une f\u00eate et passe ses nuits dans les dancings de Santiago. Quand elle rencontre Rodolfo, tout change. Elle tombe amoureuse et s\u2019abandonne totalement \u00e0 leur passion tumultueuse. Travers\u00e9e tour \u00e0 tour par\u00a0l&rsquo;espoir et les d\u00e9sillusions, ce qui pourrait la faire sombrer va au contraire lui permettre d&rsquo;ouvrir un nouveau chapitre de sa vie.<\/p>\n<p><strong>Avis\u00a0:<\/strong><\/p>\n<p>Il y a quelques semaines, mon cin\u00e9ma a eu la bonne id\u00e9e de diffuser la bande-annonce de \u00ab\u00a0<strong>Gloria<\/strong>\u00a0\u00bb un film chilien dont je n&rsquo;avais pas entendu parler, alors qu&rsquo;il s&rsquo;appr\u00eatait \u00e0 sortir chez nous. A la vision de celle-ci, il s&rsquo;en d\u00e9gageait un charme fou, le film laissant pr\u00e9sager un joli moment de bonheur et de bonne humeur.<\/p>\n<p>J&rsquo;ai donc trouv\u00e9 un peu de temps pour me rendre dans le cin\u00e9ma le plus proche de chez moi qui le diffusait. C&rsquo;est-\u00e0-dire a une cinquantaine de kilom\u00e8tres de chez moi, direction la capitale. Vous pensez bien que le film avait int\u00e9r\u00eat \u00e0 \u00eatre bien et une fois ressorti de ma s\u00e9ance, je suis un peu d\u00e9\u00e7u.<\/p>\n<p style=\"text-align: center;\"><a href=\"https:\/\/www.lavisqteam.fr\/wp-content\/uploads\/2014\/08\/21014086_20130620120121628.jpg-r_640_600-b_1_D6D6D6-f_jpg-q_x-xxyxx.jpg\"><img loading=\"lazy\" class=\"alignnone size-full wp-image-9095\" src=\"https:\/\/www.lavisqteam.fr\/wp-content\/uploads\/2014\/08\/21014086_20130620120121628.jpg-r_640_600-b_1_D6D6D6-f_jpg-q_x-xxyxx.jpg\" alt=\"21014086_20130620120121628.jpg-r_640_600-b_1_D6D6D6-f_jpg-q_x-xxyxx\" width=\"640\" height=\"268\" srcset=\"https:\/\/www.lavisqteam.fr\/wp-content\/uploads\/2014\/08\/21014086_20130620120121628.jpg-r_640_600-b_1_D6D6D6-f_jpg-q_x-xxyxx.jpg 640w, https:\/\/www.lavisqteam.fr\/wp-content\/uploads\/2014\/08\/21014086_20130620120121628.jpg-r_640_600-b_1_D6D6D6-f_jpg-q_x-xxyxx-300x125.jpg 300w\" sizes=\"(max-width: 640px) 100vw, 640px\" \/><\/a><\/p>\n<p>Le film est tr\u00e8s sympa, mais il est assez long et ennuyant par moment, moi qui m&rsquo;attendais \u00e0 une com\u00e9die charmante devant laquelle je pensais m&rsquo;amuser pendant tout le film, j&rsquo;ai trouv\u00e9 un film dramatique, o\u00f9 le drame prend plus de place que le comique. Ce qui n&rsquo;est pas pour me d\u00e9plaire, mais ici, surtout au milieu du film, l&rsquo;histoire a tendance \u00e0 devenir longue et elle perd de son charme.<\/p>\n<p>Gloria a cinquante-huit ans, c&rsquo;est une femme bien dans sa peau et dans son corps. Alors que beaucoup de femmes de son \u00e2ge restent chez elle clo\u00eetr\u00e9e devant leur t\u00e9l\u00e9vision \u00e0 suivre quelques programmes sans grands int\u00e9r\u00eats. Gloria, elle mord la vie \u00e0 pleine dent. Elle prend soin d&rsquo;elle, elle essaie le yoga, le soir elle sort dans des soir\u00e9es dansantes, elle fait des rencontres. Ce n&rsquo;est pas parce qu&rsquo;elle approche du troisi\u00e8me \u00e2ge qu&rsquo;elle ne peut plus rien faire. Un soir, elle fait la rencontre de Rodolfo. Il a du charme, il est beau, il sait lui parler, il est fra\u00eechement divorc\u00e9 et il vit seul. De suite le contact passe tr\u00e8s bien entre eux, ils fusionnent, l&rsquo;alchimie est magique. Gloria en tombe amoureuse et s&rsquo;abandonne totalement dans ses bras. Commence alors une belle histoire d&rsquo;amour. Une nouvelle page de sa vie commence et qu&rsquo;importe l&rsquo;avenir, Gloria sent qu&rsquo;avec Rodolfo, elle va \u00e9crire un tr\u00e8s joli chapitre.<\/p>\n<p>Avec \u00ab\u00a0<strong>Gloria<\/strong>\u00a0\u00bb <em>Sebasti\u00e1n Lelio<\/em> va nous dresser tout en douceur le portrait d&rsquo;une femme p\u00e9tillante et nous offrir un film un peu long, mais touchant.<\/p>\n<p>La bande-annonce laissait pr\u00e9sager un moment dr\u00f4le et l\u00e9ger, mais en r\u00e9alit\u00e9, m\u00eame si le film est touchant, ce n&rsquo;est pas vraiment une com\u00e9die. Je pensais rire et me vider la t\u00eate, mais \u00e0 la place de \u00e7a, le r\u00e9alisateur a fait un film assez sombre. Un film qui va dresser le portrait intime d&rsquo;une femme, de ses espoirs, ses d\u00e9sillusions, de ses envies et de sa face cach\u00e9e, derri\u00e8re les sourires se cache une autre femme, sensible et seule. Le sujet est profond et int\u00e9ressant et le r\u00e9alisateur l&rsquo;approche de belle mani\u00e8re. La premi\u00e8re partie du film est un tr\u00e8s joli moment, plein de charmes, de bonheur et de fantaisies. On sourit avec Gloria et ce nouvel amour qui s&rsquo;offre \u00e0 elle. On rigole en la regardant faire du paintball, mais au bout d&rsquo;une quarantaine de minutes, peut \u00eatre cinquante, le charme retombe et le film a tendance \u00e0 tourner en rond. Ce qui \u00e9tait amusant s&rsquo;en va, le film devient sombre, on se demande o\u00f9 le r\u00e9alisateur nous emmene. L&rsquo;histoire est moins bien, presque ennuyante, le film commence \u00e0 encha\u00eener des longueurs par-ci par-l\u00e0. Notre int\u00e9r\u00eat retombe, ce n\u2019est pas ce que la bande-annonce nous avait promis. Heureusement, apr\u00e8s ces plusieurs longueurs le r\u00e9alisateur rattrape son film et nous emm\u00e8ne vers un final qui est dr\u00f4le, m\u00eame si on l&rsquo;a vu arriver. Et enfin on quittera Gloria comme quand on l&rsquo;a rencontr\u00e9e, sourire aux l\u00e8vres sur une piste de danse.<\/p>\n<p style=\"text-align: center;\"><a href=\"https:\/\/www.lavisqteam.fr\/wp-content\/uploads\/2014\/08\/21054345_20131031135737197.jpg-r_640_600-b_1_D6D6D6-f_jpg-q_x-xxyxx.jpg\"><img loading=\"lazy\" class=\"alignnone size-full wp-image-9094\" src=\"https:\/\/www.lavisqteam.fr\/wp-content\/uploads\/2014\/08\/21054345_20131031135737197.jpg-r_640_600-b_1_D6D6D6-f_jpg-q_x-xxyxx.jpg\" alt=\"21054345_20131031135737197.jpg-r_640_600-b_1_D6D6D6-f_jpg-q_x-xxyxx\" width=\"640\" height=\"262\" srcset=\"https:\/\/www.lavisqteam.fr\/wp-content\/uploads\/2014\/08\/21054345_20131031135737197.jpg-r_640_600-b_1_D6D6D6-f_jpg-q_x-xxyxx.jpg 640w, https:\/\/www.lavisqteam.fr\/wp-content\/uploads\/2014\/08\/21054345_20131031135737197.jpg-r_640_600-b_1_D6D6D6-f_jpg-q_x-xxyxx-300x122.jpg 300w\" sizes=\"(max-width: 640px) 100vw, 640px\" \/><\/a><\/p>\n<p>Ce qui fait \u00e9norm\u00e9ment le charme du film c&rsquo;est son actrice principale <em>Paulina Garcia<\/em>. La com\u00e9dienne est g\u00e9niale, pleine de charme, son sourire est un rayon de soleil. Sa composition est superbe, naturelle et p\u00e9tillante, sensuelle aussi. Elle est pleine d&rsquo;\u00e9nergie, de petites dr\u00f4leries et elle a une classe folle. D&rsquo;ailleurs l&rsquo;actrice a rafl\u00e9 le prix interpr\u00e9tation \u00e0 Berlin pour ce r\u00f4le. <em>Sergio Hernandez,<\/em> lui, joue Rodolfo et le com\u00e9dien est tout aussi bon que <em>Paulina Garcia<\/em>, mais dans un autre genre. Son personnage est bourr\u00e9 de r\u00e9actions improbables qui font sourire.<\/p>\n<p>M\u00eame si je suis un peu d\u00e9\u00e7u par le film, qu&rsquo;il n&rsquo;est pas du tout ce \u00e0 quoi je m&rsquo;attendais, je suis tout de m\u00eame content de l&rsquo;avoir vu. Hormis ses longueurs, j&rsquo;ai pass\u00e9 un bon moment devant. Et puis j&rsquo;ai d\u00e9couvert une actrice bourr\u00e9e de talent et rien que pour elle, le film vaut amplement le coup d&rsquo;\u0153il !<\/p>\n<p><strong>Note\u00a0: 11\/20<\/strong><\/p>\n<p style=\"text-align: center;\">[youtube]https:\/\/www.youtube.com\/watch?v=-QI9kSsouEo[\/youtube]<\/p>\n<p style=\"text-align: right;\">Par <strong>Cin\u00e9ted<\/strong><\/p>\n","protected":false},"excerpt":{"rendered":"<p>De\u00a0: Sebastian Lelio Avec Paulina Garcia, Sergio Hernandez, Macial Tagle, Diego Fontecilla Ann\u00e9e\u00a0: 2013 Pays\u00a0: Chili Genre\u00a0: Drame, Com\u00e9die R\u00e9sum\u00e9\u00a0: A 58 ans, Gloria se &hellip; <\/p>\n","protected":false},"author":1,"featured_media":0,"comment_status":"open","ping_status":"open","sticky":false,"template":"","format":"standard","meta":[],"categories":[1],"tags":[],"yoast_head":"<!-- This site is optimized with the Yoast SEO plugin v19.6.1 - https:\/\/yoast.com\/wordpress\/plugins\/seo\/ -->\n<title>Gloria - Lavisqteam.fr<\/title>\n<meta name=\"robots\" content=\"index, follow, max-snippet:-1, max-image-preview:large, max-video-preview:-1\" \/>\n<link rel=\"canonical\" href=\"https:\/\/www.lavisqteam.fr\/?p=9092\" \/>\n<meta property=\"og:locale\" content=\"fr_FR\" \/>\n<meta property=\"og:type\" content=\"article\" \/>\n<meta property=\"og:title\" content=\"Gloria - Lavisqteam.fr\" \/>\n<meta property=\"og:description\" content=\"De\u00a0: Sebastian Lelio Avec Paulina Garcia, Sergio Hernandez, Macial Tagle, Diego Fontecilla Ann\u00e9e\u00a0: 2013 Pays\u00a0: Chili Genre\u00a0: Drame, Com\u00e9die R\u00e9sum\u00e9\u00a0: A 58 ans, Gloria se &hellip;\" \/>\n<meta property=\"og:url\" content=\"https:\/\/www.lavisqteam.fr\/?p=9092\" \/>\n<meta property=\"og:site_name\" content=\"Lavisqteam.fr\" \/>\n<meta property=\"article:published_time\" content=\"2014-08-03T15:31:32+00:00\" \/>\n<meta property=\"og:image\" content=\"http:\/\/www.lavisqteam.fr\/wp-content\/uploads\/2014\/08\/096188.jpg-r_640_600-b_1_D6D6D6-f_jpg-q_x-xxyxx.jpg\" \/>\n<meta name=\"author\" content=\"AqME\" \/>\n<meta name=\"twitter:card\" content=\"summary_large_image\" \/>\n<meta name=\"twitter:label1\" content=\"\u00c9crit par\" \/>\n\t<meta name=\"twitter:data1\" content=\"AqME\" \/>\n\t<meta name=\"twitter:label2\" content=\"Dur\u00e9e de lecture estim\u00e9e\" \/>\n\t<meta name=\"twitter:data2\" content=\"5 minutes\" \/>\n<script type=\"application\/ld+json\" class=\"yoast-schema-graph\">{\"@context\":\"https:\/\/schema.org\",\"@graph\":[{\"@type\":\"Article\",\"@id\":\"https:\/\/www.lavisqteam.fr\/?p=9092#article\",\"isPartOf\":{\"@id\":\"https:\/\/www.lavisqteam.fr\/?p=9092\"},\"author\":{\"name\":\"AqME\",\"@id\":\"https:\/\/www.lavisqteam.fr\/#\/schema\/person\/da11d7c30bf135b288b17cc576708c2d\"},\"headline\":\"Gloria\",\"datePublished\":\"2014-08-03T15:31:32+00:00\",\"dateModified\":\"2014-08-03T15:31:32+00:00\",\"mainEntityOfPage\":{\"@id\":\"https:\/\/www.lavisqteam.fr\/?p=9092\"},\"wordCount\":930,\"commentCount\":0,\"publisher\":{\"@id\":\"https:\/\/www.lavisqteam.fr\/#organization\"},\"articleSection\":[\"Uncategorized\"],\"inLanguage\":\"fr-FR\",\"potentialAction\":[{\"@type\":\"CommentAction\",\"name\":\"Comment\",\"target\":[\"https:\/\/www.lavisqteam.fr\/?p=9092#respond\"]}]},{\"@type\":\"WebPage\",\"@id\":\"https:\/\/www.lavisqteam.fr\/?p=9092\",\"url\":\"https:\/\/www.lavisqteam.fr\/?p=9092\",\"name\":\"Gloria - Lavisqteam.fr\",\"isPartOf\":{\"@id\":\"https:\/\/www.lavisqteam.fr\/#website\"},\"datePublished\":\"2014-08-03T15:31:32+00:00\",\"dateModified\":\"2014-08-03T15:31:32+00:00\",\"breadcrumb\":{\"@id\":\"https:\/\/www.lavisqteam.fr\/?p=9092#breadcrumb\"},\"inLanguage\":\"fr-FR\",\"potentialAction\":[{\"@type\":\"ReadAction\",\"target\":[\"https:\/\/www.lavisqteam.fr\/?p=9092\"]}]},{\"@type\":\"BreadcrumbList\",\"@id\":\"https:\/\/www.lavisqteam.fr\/?p=9092#breadcrumb\",\"itemListElement\":[{\"@type\":\"ListItem\",\"position\":1,\"name\":\"Accueil\",\"item\":\"https:\/\/www.lavisqteam.fr\/\"},{\"@type\":\"ListItem\",\"position\":2,\"name\":\"Gloria\"}]},{\"@type\":\"WebSite\",\"@id\":\"https:\/\/www.lavisqteam.fr\/#website\",\"url\":\"https:\/\/www.lavisqteam.fr\/\",\"name\":\"Lavisqteam.fr\",\"description\":\"\",\"publisher\":{\"@id\":\"https:\/\/www.lavisqteam.fr\/#organization\"},\"potentialAction\":[{\"@type\":\"SearchAction\",\"target\":{\"@type\":\"EntryPoint\",\"urlTemplate\":\"https:\/\/www.lavisqteam.fr\/?s={search_term_string}\"},\"query-input\":\"required name=search_term_string\"}],\"inLanguage\":\"fr-FR\"},{\"@type\":\"Organization\",\"@id\":\"https:\/\/www.lavisqteam.fr\/#organization\",\"name\":\"Lavisqteam.fr\",\"url\":\"https:\/\/www.lavisqteam.fr\/\",\"sameAs\":[],\"logo\":{\"@type\":\"ImageObject\",\"inLanguage\":\"fr-FR\",\"@id\":\"https:\/\/www.lavisqteam.fr\/#\/schema\/logo\/image\/\",\"url\":\"https:\/\/www.lavisqteam.fr\/wp-content\/uploads\/2020\/08\/cropped-80879545_3479261675449035_4078032831501041664_o-4.jpg\",\"contentUrl\":\"https:\/\/www.lavisqteam.fr\/wp-content\/uploads\/2020\/08\/cropped-80879545_3479261675449035_4078032831501041664_o-4.jpg\",\"width\":1674,\"height\":536,\"caption\":\"Lavisqteam.fr\"},\"image\":{\"@id\":\"https:\/\/www.lavisqteam.fr\/#\/schema\/logo\/image\/\"}},{\"@type\":\"Person\",\"@id\":\"https:\/\/www.lavisqteam.fr\/#\/schema\/person\/da11d7c30bf135b288b17cc576708c2d\",\"name\":\"AqME\",\"image\":{\"@type\":\"ImageObject\",\"inLanguage\":\"fr-FR\",\"@id\":\"https:\/\/www.lavisqteam.fr\/#\/schema\/person\/image\/\",\"url\":\"https:\/\/secure.gravatar.com\/avatar\/4a87d013fc854acd0f25858a13573675?s=96&d=mm&r=g\",\"contentUrl\":\"https:\/\/secure.gravatar.com\/avatar\/4a87d013fc854acd0f25858a13573675?s=96&d=mm&r=g\",\"caption\":\"AqME\"},\"description\":\"Amateur d'horreur, M\u00e9talleux dans l'\u00e2me, je succombe facilement \u00e0 des images de chatons.\",\"url\":\"https:\/\/www.lavisqteam.fr\/?author=1\"}]}<\/script>\n<!-- \/ Yoast SEO plugin. -->","yoast_head_json":{"title":"Gloria - Lavisqteam.fr","robots":{"index":"index","follow":"follow","max-snippet":"max-snippet:-1","max-image-preview":"max-image-preview:large","max-video-preview":"max-video-preview:-1"},"canonical":"https:\/\/www.lavisqteam.fr\/?p=9092","og_locale":"fr_FR","og_type":"article","og_title":"Gloria - Lavisqteam.fr","og_description":"De\u00a0: Sebastian Lelio Avec Paulina Garcia, Sergio Hernandez, Macial Tagle, Diego Fontecilla Ann\u00e9e\u00a0: 2013 Pays\u00a0: Chili Genre\u00a0: Drame, Com\u00e9die R\u00e9sum\u00e9\u00a0: A 58 ans, Gloria se &hellip;","og_url":"https:\/\/www.lavisqteam.fr\/?p=9092","og_site_name":"Lavisqteam.fr","article_published_time":"2014-08-03T15:31:32+00:00","og_image":[{"url":"http:\/\/www.lavisqteam.fr\/wp-content\/uploads\/2014\/08\/096188.jpg-r_640_600-b_1_D6D6D6-f_jpg-q_x-xxyxx.jpg"}],"author":"AqME","twitter_card":"summary_large_image","twitter_misc":{"\u00c9crit par":"AqME","Dur\u00e9e de lecture estim\u00e9e":"5 minutes"},"schema":{"@context":"https:\/\/schema.org","@graph":[{"@type":"Article","@id":"https:\/\/www.lavisqteam.fr\/?p=9092#article","isPartOf":{"@id":"https:\/\/www.lavisqteam.fr\/?p=9092"},"author":{"name":"AqME","@id":"https:\/\/www.lavisqteam.fr\/#\/schema\/person\/da11d7c30bf135b288b17cc576708c2d"},"headline":"Gloria","datePublished":"2014-08-03T15:31:32+00:00","dateModified":"2014-08-03T15:31:32+00:00","mainEntityOfPage":{"@id":"https:\/\/www.lavisqteam.fr\/?p=9092"},"wordCount":930,"commentCount":0,"publisher":{"@id":"https:\/\/www.lavisqteam.fr\/#organization"},"articleSection":["Uncategorized"],"inLanguage":"fr-FR","potentialAction":[{"@type":"CommentAction","name":"Comment","target":["https:\/\/www.lavisqteam.fr\/?p=9092#respond"]}]},{"@type":"WebPage","@id":"https:\/\/www.lavisqteam.fr\/?p=9092","url":"https:\/\/www.lavisqteam.fr\/?p=9092","name":"Gloria - Lavisqteam.fr","isPartOf":{"@id":"https:\/\/www.lavisqteam.fr\/#website"},"datePublished":"2014-08-03T15:31:32+00:00","dateModified":"2014-08-03T15:31:32+00:00","breadcrumb":{"@id":"https:\/\/www.lavisqteam.fr\/?p=9092#breadcrumb"},"inLanguage":"fr-FR","potentialAction":[{"@type":"ReadAction","target":["https:\/\/www.lavisqteam.fr\/?p=9092"]}]},{"@type":"BreadcrumbList","@id":"https:\/\/www.lavisqteam.fr\/?p=9092#breadcrumb","itemListElement":[{"@type":"ListItem","position":1,"name":"Accueil","item":"https:\/\/www.lavisqteam.fr\/"},{"@type":"ListItem","position":2,"name":"Gloria"}]},{"@type":"WebSite","@id":"https:\/\/www.lavisqteam.fr\/#website","url":"https:\/\/www.lavisqteam.fr\/","name":"Lavisqteam.fr","description":"","publisher":{"@id":"https:\/\/www.lavisqteam.fr\/#organization"},"potentialAction":[{"@type":"SearchAction","target":{"@type":"EntryPoint","urlTemplate":"https:\/\/www.lavisqteam.fr\/?s={search_term_string}"},"query-input":"required name=search_term_string"}],"inLanguage":"fr-FR"},{"@type":"Organization","@id":"https:\/\/www.lavisqteam.fr\/#organization","name":"Lavisqteam.fr","url":"https:\/\/www.lavisqteam.fr\/","sameAs":[],"logo":{"@type":"ImageObject","inLanguage":"fr-FR","@id":"https:\/\/www.lavisqteam.fr\/#\/schema\/logo\/image\/","url":"https:\/\/www.lavisqteam.fr\/wp-content\/uploads\/2020\/08\/cropped-80879545_3479261675449035_4078032831501041664_o-4.jpg","contentUrl":"https:\/\/www.lavisqteam.fr\/wp-content\/uploads\/2020\/08\/cropped-80879545_3479261675449035_4078032831501041664_o-4.jpg","width":1674,"height":536,"caption":"Lavisqteam.fr"},"image":{"@id":"https:\/\/www.lavisqteam.fr\/#\/schema\/logo\/image\/"}},{"@type":"Person","@id":"https:\/\/www.lavisqteam.fr\/#\/schema\/person\/da11d7c30bf135b288b17cc576708c2d","name":"AqME","image":{"@type":"ImageObject","inLanguage":"fr-FR","@id":"https:\/\/www.lavisqteam.fr\/#\/schema\/person\/image\/","url":"https:\/\/secure.gravatar.com\/avatar\/4a87d013fc854acd0f25858a13573675?s=96&d=mm&r=g","contentUrl":"https:\/\/secure.gravatar.com\/avatar\/4a87d013fc854acd0f25858a13573675?s=96&d=mm&r=g","caption":"AqME"},"description":"Amateur d'horreur, M\u00e9talleux dans l'\u00e2me, je succombe facilement \u00e0 des images de chatons.","url":"https:\/\/www.lavisqteam.fr\/?author=1"}]}},"jetpack_featured_media_url":"","_links":{"self":[{"href":"https:\/\/www.lavisqteam.fr\/index.php?rest_route=\/wp\/v2\/posts\/9092"}],"collection":[{"href":"https:\/\/www.lavisqteam.fr\/index.php?rest_route=\/wp\/v2\/posts"}],"about":[{"href":"https:\/\/www.lavisqteam.fr\/index.php?rest_route=\/wp\/v2\/types\/post"}],"author":[{"embeddable":true,"href":"https:\/\/www.lavisqteam.fr\/index.php?rest_route=\/wp\/v2\/users\/1"}],"replies":[{"embeddable":true,"href":"https:\/\/www.lavisqteam.fr\/index.php?rest_route=%2Fwp%2Fv2%2Fcomments&post=9092"}],"version-history":[{"count":1,"href":"https:\/\/www.lavisqteam.fr\/index.php?rest_route=\/wp\/v2\/posts\/9092\/revisions"}],"predecessor-version":[{"id":9096,"href":"https:\/\/www.lavisqteam.fr\/index.php?rest_route=\/wp\/v2\/posts\/9092\/revisions\/9096"}],"wp:attachment":[{"href":"https:\/\/www.lavisqteam.fr\/index.php?rest_route=%2Fwp%2Fv2%2Fmedia&parent=9092"}],"wp:term":[{"taxonomy":"category","embeddable":true,"href":"https:\/\/www.lavisqteam.fr\/index.php?rest_route=%2Fwp%2Fv2%2Fcategories&post=9092"},{"taxonomy":"post_tag","embeddable":true,"href":"https:\/\/www.lavisqteam.fr\/index.php?rest_route=%2Fwp%2Fv2%2Ftags&post=9092"}],"curies":[{"name":"wp","href":"https:\/\/api.w.org\/{rel}","templated":true}]}}