{"id":8986,"date":"2014-07-30T11:54:09","date_gmt":"2014-07-30T11:54:09","guid":{"rendered":"http:\/\/www.lavisqteam.fr\/?p=8986"},"modified":"2014-07-30T11:54:09","modified_gmt":"2014-07-30T11:54:09","slug":"braquo-saison-1","status":"publish","type":"post","link":"https:\/\/www.lavisqteam.fr\/?p=8986","title":{"rendered":"Braquo Saison 1"},"content":{"rendered":"<p style=\"text-align: center;\"><a href=\"https:\/\/www.lavisqteam.fr\/wp-content\/uploads\/2014\/07\/1.jpg\"><img loading=\"lazy\" class=\"alignnone size-full wp-image-8987\" src=\"https:\/\/www.lavisqteam.fr\/wp-content\/uploads\/2014\/07\/1.jpg\" alt=\"1\" width=\"449\" height=\"604\" srcset=\"https:\/\/www.lavisqteam.fr\/wp-content\/uploads\/2014\/07\/1.jpg 449w, https:\/\/www.lavisqteam.fr\/wp-content\/uploads\/2014\/07\/1-223x300.jpg 223w\" sizes=\"(max-width: 449px) 100vw, 449px\" \/><\/a><\/p>\n<p><strong>D\u2019Apr\u00e8s une Id\u00e9e de\u00a0: <\/strong>Olivier Marchal<\/p>\n<p><strong>Avec <\/strong>Jean-Hugues Anglade, Karole Rocher, Joseph Malerba, Nicolas Duvauchelle<\/p>\n<p><strong>Pays\u00a0: <\/strong>France<\/p>\n<p><strong>Genre\u00a0: <\/strong>Policier<\/p>\n<p><strong>Nombre d\u2019Episodes\u00a0: <\/strong>8<\/p>\n<p><strong>R\u00e9sum\u00e9\u00a0:<\/strong><\/p>\n<p>Suite \u00e0 la condamnation injuste et au suicide de leur chef de groupe, trois flics de la PJ ont la tentation de franchir la ligne rouge. Faisant ainsi front \u00e0 la machine administrative qui, par son inertie et son indiff\u00e9rence, a conduit leur ami jusqu&rsquo;\u00e0 la mort. Harcel\u00e9s par l&rsquo;IGS, ils tournent d\u00e9finitivement le dos aux r\u00e8gles \u00e9tablies et \u00e0 leurs illusions ; ces trois flics adoptent un mode de vie hors norme r\u00e9gi par l&rsquo;adr\u00e9naline, la prise de risque, les coups bas, l&rsquo;argent, le sang et la mort&#8230; Chaque pas suppl\u00e9mentaire fait sur le territoire des voyous rend plus difficile le retour en arri\u00e8re.<\/p>\n<p><strong>Avis\u00a0:<\/strong><\/p>\n<p>\u00ab\u00a0<strong>Braquo<\/strong>\u00ab\u00a0, c&rsquo;est un peu la grosse s\u00e9rie fran\u00e7aise qui cartonne depuis ces derni\u00e8res ann\u00e9es. Et la s\u00e9rie a de quoi faire r\u00eaver, puisque c&rsquo;est <em>Olivier Marchal<\/em> qui est aux commandes. R\u00e9alisateur de \u00ab\u00a0<strong>36 quai des Orf\u00e8vres<\/strong>\u00a0\u00bb ou bien \u00ab\u00a0<strong>Les Lyonnais<\/strong>\u00a0\u00bb on est en droit d&rsquo;en attendre \u00e9norm\u00e9ment de cette s\u00e9rie, car le r\u00e9alisateur est dans son \u00e9l\u00e9ment, et \u00e0 la vision des diff\u00e9rentes bandes annonces, la s\u00e9rie promet beaucoup.<\/p>\n<p>\u00c9tant admirateur du travail d&rsquo;<em>Oliver Marchal<\/em>, cela faisait un bon bout de temps que je voulais me lancer dans cette s\u00e9rie et maintenant que je l&rsquo;ai enfin vu, j&rsquo;en ressors avec deux sentiments. J&rsquo;aime bien aim\u00e9 l&rsquo;ambiance qui est toujours aussi bonne, mais je reste cependant un peu d\u00e9\u00e7u par cette premi\u00e8re saison, car je trouve que son intrigue est quand m\u00eame bien difficile \u00e0 avaler.<\/p>\n<p style=\"text-align: center;\"><a href=\"https:\/\/www.lavisqteam.fr\/wp-content\/uploads\/2014\/07\/BRAQUO_-_SAISON_1_BA_091008_CAN_103933_image_H.jpg\"><img loading=\"lazy\" class=\"alignnone size-full wp-image-8989\" src=\"https:\/\/www.lavisqteam.fr\/wp-content\/uploads\/2014\/07\/BRAQUO_-_SAISON_1_BA_091008_CAN_103933_image_H.jpg\" alt=\"BRAQUO_-_SAISON_1_BA_091008_CAN_103933_image_H\" width=\"640\" height=\"360\" srcset=\"https:\/\/www.lavisqteam.fr\/wp-content\/uploads\/2014\/07\/BRAQUO_-_SAISON_1_BA_091008_CAN_103933_image_H.jpg 640w, https:\/\/www.lavisqteam.fr\/wp-content\/uploads\/2014\/07\/BRAQUO_-_SAISON_1_BA_091008_CAN_103933_image_H-300x168.jpg 300w\" sizes=\"(max-width: 640px) 100vw, 640px\" \/><\/a><\/p>\n<p>Injustement accus\u00e9 de maltraitances et violences extr\u00eames envers un pr\u00e9venu, Max Rossi fini par se suicider. Flic respect\u00e9 et aim\u00e9 de son \u00e9quipe, son geste cr\u00e9e une grande envie de laver son honneur. Eddy Caplan, son meilleur ami et coll\u00e8gue d\u00e9cide de tout mettre en \u0153uvre pour d\u00e9couvrir la v\u00e9rit\u00e9. Mais alors qu&rsquo;avec d&rsquo;autres coll\u00e8gues ils kidnappent le fameux pr\u00e9venu, rien ne va se passer comme pr\u00e9vu et l&rsquo;interrogatoire va tourner au drame. D\u00e8s lors, les quatre flics sont entra\u00een\u00e9s dans un tourbillon infernal et sont oblig\u00e9s de franchir la ligne rouge. Entre flics ou gangsters, les limites deviennent de plus en plus troubles et ils vont \u00eatre oblig\u00e9s d&rsquo;aller de plus en plus loin pour essayer de laver l&rsquo;honneur de leur ami.<\/p>\n<p>Beaucoup de potes dans mon entourage m&rsquo;en ont vant\u00e9 les m\u00e9rites. J&rsquo;ai beaucoup entendu dire que \u00ab\u00a0<strong>Braquo<\/strong>\u00a0\u00bb \u00e9tait la meilleure s\u00e9rie fran\u00e7aise et j&rsquo;ai eu tr\u00e8s tr\u00e8s envie de le croire, alors j&rsquo;ai fini par me mettre dedans. Du <em>Oliver Marchal<\/em>, \u00e7a ne se refuse pas et comme j&rsquo;adore l&rsquo;univers du r\u00e9alisateur, je savais o\u00f9 je mettais les pieds et je partais donc plus que confiant.<\/p>\n<p>Apr\u00e8s un \u00e9pisode plus qu&rsquo;accrocheur, j&rsquo;\u00e9tais certain de partir dans une grande s\u00e9rie. L&rsquo;ambiance r\u00e9aliste du r\u00e9alisateur est l\u00e0, et elle \u00e9tait comme j&rsquo;avais envie de la voir. La cam\u00e9ra est nerveuse, le rythme hallucinant, la s\u00e9rie nous laissant que peu de r\u00e9pits. <em>Olivier Marchal<\/em> a un sacr\u00e9 sens de l&rsquo;action et de la tension et il le d\u00e9montre encore une fois avec un brio.<\/p>\n<p>Le sc\u00e9nario est brut et bien \u00e9crit dans la r\u00e9alit\u00e9 et j&rsquo;aime cette fa\u00e7on qu&rsquo;a le r\u00e9alisateur de voir les choses, d&rsquo;ailleurs, je suis entr\u00e9 tout de suite dans la s\u00e9rie, surtout que le r\u00e9alisateur sait comment nous y faire entrer. Mais m\u00eame si j&rsquo;ai beaucoup accroch\u00e9 l&rsquo;ambiance r\u00e9aliste de la s\u00e9rie, que je me suis laiss\u00e9 prendre dedans jusqu&rsquo;au bout de cette premi\u00e8re saison, je dois dire que sur son intrigue et surtout les p\u00e9rip\u00e9ties de celle-ci, je reste un peu mitig\u00e9.<\/p>\n<p>J&rsquo;ai trouv\u00e9 que l&rsquo;histoire en elle-m\u00eame \u00e9tait assez peu cr\u00e9dible. M\u00eame si elle reste bien film\u00e9e, bien r\u00e9alis\u00e9e, j&rsquo;avoue qu&rsquo;elle m&rsquo;a donn\u00e9 l&rsquo;impression de faire dans le sensationnel pour faire du sensationnel. Allant toujours plus loin derri\u00e8re cette fameuse ligne rouge \u00e0 ne pas franchir, si bien qu&rsquo;on se demande bien o\u00f9 la s\u00e9rie peut s&rsquo;arr\u00eater. \u00c7a reste prenant, mais c&rsquo;est un peu trop quand m\u00eame.<\/p>\n<p>On sent que le r\u00e9alisateur sait o\u00f9 il veut nous emmener et qu&rsquo;il veut mettre ses personnages dans une \u00e9norme merde, \u00e0 laquelle on ne voit pas trop d&rsquo;issues, d&rsquo;ailleurs le dernier \u00e9pisode est tr\u00e8s bien trouv\u00e9, puisqu&rsquo;on a qu&rsquo;une envie, c&rsquo;est de savoir la suite, mais dans le tout, je trouve \u00e7a trop gros et pas assez subtil. Et c&rsquo;est bien la seule chose que j&rsquo;ai \u00e0 reprocher \u00e0 \u00ab\u00a0<strong>Braquo<\/strong>\u00ab\u00a0.<\/p>\n<p>Autre aspect plaisant de la s\u00e9rie, c&rsquo;est qu&rsquo;<em>Oliver Marchal<\/em> n&rsquo;a pas fait semblant dans son casting. Au fur et \u00e0 mesure des huit \u00e9pisodes qui composent cette premi\u00e8re saison, on va croiser une partie de la cr\u00e8me du cin\u00e9ma fran\u00e7ais. Des acteurs que j&rsquo;aime et que j&rsquo;ai \u00e9t\u00e9 surpris de voir ici. Le casting principal est compos\u00e9 de quatre com\u00e9diens investis dans leur r\u00f4le. Port\u00e9 par <em>Jean-Hugues Anglade<\/em>, qui retrouve une nouvelle jeunesse avec ce r\u00f4le qui lui va tr\u00e8s bien, on pourra le suivre, ainsi que <em>Nicolas Duvauchelle<\/em> dans le r\u00f4le d&rsquo;un flic pas s\u00fbr de lui. De <em>Karole Rocher<\/em> (mon personnage pr\u00e9f\u00e9r\u00e9 de la s\u00e9rie et de loin) qui est g\u00e9niale dans un r\u00f4le difficile, car sur les quatre personnages, je trouve que c&rsquo;est la plus attachante, la plus humaine, et surtout, c&rsquo;est \u00e0 elle que le d\u00e9passement de cette ligne rouge fait le plus mal. Elle est fragile, tourment\u00e9e et dure en m\u00eame temps et l&rsquo;actrice joue tr\u00e8s bien avec cette palette de jeu qui lui est offerte. Puis enfin <em>Joseph Malerba<\/em> qui est tout aussi bon que ses coll\u00e8gues.<\/p>\n<p style=\"text-align: center;\"><a href=\"https:\/\/www.lavisqteam.fr\/wp-content\/uploads\/2014\/07\/BRAQUO_-_SAISON_1_BA_091026_CAN_106151_image_H.jpg\"><img loading=\"lazy\" class=\"alignnone size-full wp-image-8988\" src=\"https:\/\/www.lavisqteam.fr\/wp-content\/uploads\/2014\/07\/BRAQUO_-_SAISON_1_BA_091026_CAN_106151_image_H.jpg\" alt=\"BRAQUO_-_SAISON_1_BA_091026_CAN_106151_image_H\" width=\"640\" height=\"360\" srcset=\"https:\/\/www.lavisqteam.fr\/wp-content\/uploads\/2014\/07\/BRAQUO_-_SAISON_1_BA_091026_CAN_106151_image_H.jpg 640w, https:\/\/www.lavisqteam.fr\/wp-content\/uploads\/2014\/07\/BRAQUO_-_SAISON_1_BA_091026_CAN_106151_image_H-300x168.jpg 300w\" sizes=\"(max-width: 640px) 100vw, 640px\" \/><\/a><\/p>\n<p>La s\u00e9rie multiplie les personnages secondaires plus ou moins bons. L&rsquo;un des meilleurs est jou\u00e9 par <em>Geoffroy Thiebaut<\/em>. L&rsquo;acteur incarne Roland Vogel, un inspecteur bien d\u00e9cid\u00e9 \u00e0 faire tomber les quatre h\u00e9ros de la s\u00e9rie. Le com\u00e9dien est excellent. Il intrigue, on n&rsquo;a pas envie de lui faire confiance, on devine la pourriture et l&rsquo;acteur joue parfaitement avec cette fronti\u00e8re, il m&rsquo;a m\u00eame mis mal \u00e0 l&rsquo;aise. On verra aussi passer pour notre plus grand plaisir de bons noms du cin\u00e9ma fran\u00e7ais qui viendront \u00e9paissir la liste des personnages de \u00ab\u00a0<strong>Braquo<\/strong>\u00ab\u00a0. Ainsi, on verra <em>Olivier Rabourdin<\/em>, <em>Alain Figlarz<\/em>, <em>Isabelle Renauld<\/em>, <em>Michel Duchaussoy<\/em>, <em>Moussa Maaskri<\/em>, <em>Samuel Le Bihan <\/em>pour ne citer qu&rsquo;eux.<\/p>\n<p>\u00ab\u00a0<strong>Braquo<\/strong>\u00a0\u00bb est donc une bonne s\u00e9rie que j&rsquo;ai appr\u00e9ci\u00e9e dans son ensemble. Je reste un peu partag\u00e9 sur cet aspect un peu trop gros des p\u00e9rip\u00e9ties qui arrivent \u00e0 nos quatre pauvres flics, mais \u00e0 contrario, malgr\u00e9 \u00e7a, elle a bien r\u00e9ussi \u00e0 m&rsquo;accrocher et je suis press\u00e9 de voir cette saison deux, histoire de voir comme ils vont bien pouvoir s&rsquo;en sortir. J&rsquo;esp\u00e8re juste que les intrigues et d\u00e9veloppements de cette saison deux seront moins gros, et plus, subtils.<\/p>\n<p><strong>Note\u00a0: 13\/20<\/strong><\/p>\n<p style=\"text-align: center;\">[youtube]https:\/\/www.youtube.com\/watch?v=46rL2W7a8YM[\/youtube]<\/p>\n<p style=\"text-align: right;\">Par <strong>Cin\u00e9ted<\/strong><\/p>\n","protected":false},"excerpt":{"rendered":"<p>D\u2019Apr\u00e8s une Id\u00e9e de\u00a0: Olivier Marchal Avec Jean-Hugues Anglade, Karole Rocher, Joseph Malerba, Nicolas Duvauchelle Pays\u00a0: France Genre\u00a0: Policier Nombre d\u2019Episodes\u00a0: 8 R\u00e9sum\u00e9\u00a0: Suite \u00e0 &hellip; <\/p>\n","protected":false},"author":1,"featured_media":0,"comment_status":"open","ping_status":"open","sticky":false,"template":"","format":"standard","meta":[],"categories":[1],"tags":[],"yoast_head":"<!-- This site is optimized with the Yoast SEO plugin v19.6.1 - https:\/\/yoast.com\/wordpress\/plugins\/seo\/ -->\n<title>Braquo Saison 1 - Lavisqteam.fr<\/title>\n<meta name=\"robots\" content=\"index, follow, max-snippet:-1, max-image-preview:large, max-video-preview:-1\" \/>\n<link rel=\"canonical\" href=\"https:\/\/www.lavisqteam.fr\/?p=8986\" \/>\n<meta property=\"og:locale\" content=\"fr_FR\" \/>\n<meta property=\"og:type\" content=\"article\" \/>\n<meta property=\"og:title\" content=\"Braquo Saison 1 - Lavisqteam.fr\" \/>\n<meta property=\"og:description\" content=\"D\u2019Apr\u00e8s une Id\u00e9e de\u00a0: Olivier Marchal Avec Jean-Hugues Anglade, Karole Rocher, Joseph Malerba, Nicolas Duvauchelle Pays\u00a0: France Genre\u00a0: Policier Nombre d\u2019Episodes\u00a0: 8 R\u00e9sum\u00e9\u00a0: Suite \u00e0 &hellip;\" \/>\n<meta property=\"og:url\" content=\"https:\/\/www.lavisqteam.fr\/?p=8986\" \/>\n<meta property=\"og:site_name\" content=\"Lavisqteam.fr\" \/>\n<meta property=\"article:published_time\" content=\"2014-07-30T11:54:09+00:00\" \/>\n<meta property=\"og:image\" content=\"http:\/\/www.lavisqteam.fr\/wp-content\/uploads\/2014\/07\/1.jpg\" \/>\n<meta name=\"author\" content=\"AqME\" \/>\n<meta name=\"twitter:card\" content=\"summary_large_image\" \/>\n<meta name=\"twitter:label1\" content=\"\u00c9crit par\" \/>\n\t<meta name=\"twitter:data1\" content=\"AqME\" \/>\n\t<meta name=\"twitter:label2\" content=\"Dur\u00e9e de lecture estim\u00e9e\" \/>\n\t<meta name=\"twitter:data2\" content=\"6 minutes\" \/>\n<script type=\"application\/ld+json\" class=\"yoast-schema-graph\">{\"@context\":\"https:\/\/schema.org\",\"@graph\":[{\"@type\":\"Article\",\"@id\":\"https:\/\/www.lavisqteam.fr\/?p=8986#article\",\"isPartOf\":{\"@id\":\"https:\/\/www.lavisqteam.fr\/?p=8986\"},\"author\":{\"name\":\"AqME\",\"@id\":\"https:\/\/www.lavisqteam.fr\/#\/schema\/person\/da11d7c30bf135b288b17cc576708c2d\"},\"headline\":\"Braquo Saison 1\",\"datePublished\":\"2014-07-30T11:54:09+00:00\",\"dateModified\":\"2014-07-30T11:54:09+00:00\",\"mainEntityOfPage\":{\"@id\":\"https:\/\/www.lavisqteam.fr\/?p=8986\"},\"wordCount\":1234,\"commentCount\":0,\"publisher\":{\"@id\":\"https:\/\/www.lavisqteam.fr\/#organization\"},\"articleSection\":[\"Uncategorized\"],\"inLanguage\":\"fr-FR\",\"potentialAction\":[{\"@type\":\"CommentAction\",\"name\":\"Comment\",\"target\":[\"https:\/\/www.lavisqteam.fr\/?p=8986#respond\"]}]},{\"@type\":\"WebPage\",\"@id\":\"https:\/\/www.lavisqteam.fr\/?p=8986\",\"url\":\"https:\/\/www.lavisqteam.fr\/?p=8986\",\"name\":\"Braquo Saison 1 - Lavisqteam.fr\",\"isPartOf\":{\"@id\":\"https:\/\/www.lavisqteam.fr\/#website\"},\"datePublished\":\"2014-07-30T11:54:09+00:00\",\"dateModified\":\"2014-07-30T11:54:09+00:00\",\"breadcrumb\":{\"@id\":\"https:\/\/www.lavisqteam.fr\/?p=8986#breadcrumb\"},\"inLanguage\":\"fr-FR\",\"potentialAction\":[{\"@type\":\"ReadAction\",\"target\":[\"https:\/\/www.lavisqteam.fr\/?p=8986\"]}]},{\"@type\":\"BreadcrumbList\",\"@id\":\"https:\/\/www.lavisqteam.fr\/?p=8986#breadcrumb\",\"itemListElement\":[{\"@type\":\"ListItem\",\"position\":1,\"name\":\"Accueil\",\"item\":\"https:\/\/www.lavisqteam.fr\/\"},{\"@type\":\"ListItem\",\"position\":2,\"name\":\"Braquo Saison 1\"}]},{\"@type\":\"WebSite\",\"@id\":\"https:\/\/www.lavisqteam.fr\/#website\",\"url\":\"https:\/\/www.lavisqteam.fr\/\",\"name\":\"Lavisqteam.fr\",\"description\":\"\",\"publisher\":{\"@id\":\"https:\/\/www.lavisqteam.fr\/#organization\"},\"potentialAction\":[{\"@type\":\"SearchAction\",\"target\":{\"@type\":\"EntryPoint\",\"urlTemplate\":\"https:\/\/www.lavisqteam.fr\/?s={search_term_string}\"},\"query-input\":\"required name=search_term_string\"}],\"inLanguage\":\"fr-FR\"},{\"@type\":\"Organization\",\"@id\":\"https:\/\/www.lavisqteam.fr\/#organization\",\"name\":\"Lavisqteam.fr\",\"url\":\"https:\/\/www.lavisqteam.fr\/\",\"sameAs\":[],\"logo\":{\"@type\":\"ImageObject\",\"inLanguage\":\"fr-FR\",\"@id\":\"https:\/\/www.lavisqteam.fr\/#\/schema\/logo\/image\/\",\"url\":\"https:\/\/www.lavisqteam.fr\/wp-content\/uploads\/2020\/08\/cropped-80879545_3479261675449035_4078032831501041664_o-4.jpg\",\"contentUrl\":\"https:\/\/www.lavisqteam.fr\/wp-content\/uploads\/2020\/08\/cropped-80879545_3479261675449035_4078032831501041664_o-4.jpg\",\"width\":1674,\"height\":536,\"caption\":\"Lavisqteam.fr\"},\"image\":{\"@id\":\"https:\/\/www.lavisqteam.fr\/#\/schema\/logo\/image\/\"}},{\"@type\":\"Person\",\"@id\":\"https:\/\/www.lavisqteam.fr\/#\/schema\/person\/da11d7c30bf135b288b17cc576708c2d\",\"name\":\"AqME\",\"image\":{\"@type\":\"ImageObject\",\"inLanguage\":\"fr-FR\",\"@id\":\"https:\/\/www.lavisqteam.fr\/#\/schema\/person\/image\/\",\"url\":\"https:\/\/secure.gravatar.com\/avatar\/4a87d013fc854acd0f25858a13573675?s=96&d=mm&r=g\",\"contentUrl\":\"https:\/\/secure.gravatar.com\/avatar\/4a87d013fc854acd0f25858a13573675?s=96&d=mm&r=g\",\"caption\":\"AqME\"},\"description\":\"Amateur d'horreur, M\u00e9talleux dans l'\u00e2me, je succombe facilement \u00e0 des images de chatons.\",\"url\":\"https:\/\/www.lavisqteam.fr\/?author=1\"}]}<\/script>\n<!-- \/ Yoast SEO plugin. -->","yoast_head_json":{"title":"Braquo Saison 1 - Lavisqteam.fr","robots":{"index":"index","follow":"follow","max-snippet":"max-snippet:-1","max-image-preview":"max-image-preview:large","max-video-preview":"max-video-preview:-1"},"canonical":"https:\/\/www.lavisqteam.fr\/?p=8986","og_locale":"fr_FR","og_type":"article","og_title":"Braquo Saison 1 - Lavisqteam.fr","og_description":"D\u2019Apr\u00e8s une Id\u00e9e de\u00a0: Olivier Marchal Avec Jean-Hugues Anglade, Karole Rocher, Joseph Malerba, Nicolas Duvauchelle Pays\u00a0: France Genre\u00a0: Policier Nombre d\u2019Episodes\u00a0: 8 R\u00e9sum\u00e9\u00a0: Suite \u00e0 &hellip;","og_url":"https:\/\/www.lavisqteam.fr\/?p=8986","og_site_name":"Lavisqteam.fr","article_published_time":"2014-07-30T11:54:09+00:00","og_image":[{"url":"http:\/\/www.lavisqteam.fr\/wp-content\/uploads\/2014\/07\/1.jpg"}],"author":"AqME","twitter_card":"summary_large_image","twitter_misc":{"\u00c9crit par":"AqME","Dur\u00e9e de lecture estim\u00e9e":"6 minutes"},"schema":{"@context":"https:\/\/schema.org","@graph":[{"@type":"Article","@id":"https:\/\/www.lavisqteam.fr\/?p=8986#article","isPartOf":{"@id":"https:\/\/www.lavisqteam.fr\/?p=8986"},"author":{"name":"AqME","@id":"https:\/\/www.lavisqteam.fr\/#\/schema\/person\/da11d7c30bf135b288b17cc576708c2d"},"headline":"Braquo Saison 1","datePublished":"2014-07-30T11:54:09+00:00","dateModified":"2014-07-30T11:54:09+00:00","mainEntityOfPage":{"@id":"https:\/\/www.lavisqteam.fr\/?p=8986"},"wordCount":1234,"commentCount":0,"publisher":{"@id":"https:\/\/www.lavisqteam.fr\/#organization"},"articleSection":["Uncategorized"],"inLanguage":"fr-FR","potentialAction":[{"@type":"CommentAction","name":"Comment","target":["https:\/\/www.lavisqteam.fr\/?p=8986#respond"]}]},{"@type":"WebPage","@id":"https:\/\/www.lavisqteam.fr\/?p=8986","url":"https:\/\/www.lavisqteam.fr\/?p=8986","name":"Braquo Saison 1 - Lavisqteam.fr","isPartOf":{"@id":"https:\/\/www.lavisqteam.fr\/#website"},"datePublished":"2014-07-30T11:54:09+00:00","dateModified":"2014-07-30T11:54:09+00:00","breadcrumb":{"@id":"https:\/\/www.lavisqteam.fr\/?p=8986#breadcrumb"},"inLanguage":"fr-FR","potentialAction":[{"@type":"ReadAction","target":["https:\/\/www.lavisqteam.fr\/?p=8986"]}]},{"@type":"BreadcrumbList","@id":"https:\/\/www.lavisqteam.fr\/?p=8986#breadcrumb","itemListElement":[{"@type":"ListItem","position":1,"name":"Accueil","item":"https:\/\/www.lavisqteam.fr\/"},{"@type":"ListItem","position":2,"name":"Braquo Saison 1"}]},{"@type":"WebSite","@id":"https:\/\/www.lavisqteam.fr\/#website","url":"https:\/\/www.lavisqteam.fr\/","name":"Lavisqteam.fr","description":"","publisher":{"@id":"https:\/\/www.lavisqteam.fr\/#organization"},"potentialAction":[{"@type":"SearchAction","target":{"@type":"EntryPoint","urlTemplate":"https:\/\/www.lavisqteam.fr\/?s={search_term_string}"},"query-input":"required name=search_term_string"}],"inLanguage":"fr-FR"},{"@type":"Organization","@id":"https:\/\/www.lavisqteam.fr\/#organization","name":"Lavisqteam.fr","url":"https:\/\/www.lavisqteam.fr\/","sameAs":[],"logo":{"@type":"ImageObject","inLanguage":"fr-FR","@id":"https:\/\/www.lavisqteam.fr\/#\/schema\/logo\/image\/","url":"https:\/\/www.lavisqteam.fr\/wp-content\/uploads\/2020\/08\/cropped-80879545_3479261675449035_4078032831501041664_o-4.jpg","contentUrl":"https:\/\/www.lavisqteam.fr\/wp-content\/uploads\/2020\/08\/cropped-80879545_3479261675449035_4078032831501041664_o-4.jpg","width":1674,"height":536,"caption":"Lavisqteam.fr"},"image":{"@id":"https:\/\/www.lavisqteam.fr\/#\/schema\/logo\/image\/"}},{"@type":"Person","@id":"https:\/\/www.lavisqteam.fr\/#\/schema\/person\/da11d7c30bf135b288b17cc576708c2d","name":"AqME","image":{"@type":"ImageObject","inLanguage":"fr-FR","@id":"https:\/\/www.lavisqteam.fr\/#\/schema\/person\/image\/","url":"https:\/\/secure.gravatar.com\/avatar\/4a87d013fc854acd0f25858a13573675?s=96&d=mm&r=g","contentUrl":"https:\/\/secure.gravatar.com\/avatar\/4a87d013fc854acd0f25858a13573675?s=96&d=mm&r=g","caption":"AqME"},"description":"Amateur d'horreur, M\u00e9talleux dans l'\u00e2me, je succombe facilement \u00e0 des images de chatons.","url":"https:\/\/www.lavisqteam.fr\/?author=1"}]}},"jetpack_featured_media_url":"","_links":{"self":[{"href":"https:\/\/www.lavisqteam.fr\/index.php?rest_route=\/wp\/v2\/posts\/8986"}],"collection":[{"href":"https:\/\/www.lavisqteam.fr\/index.php?rest_route=\/wp\/v2\/posts"}],"about":[{"href":"https:\/\/www.lavisqteam.fr\/index.php?rest_route=\/wp\/v2\/types\/post"}],"author":[{"embeddable":true,"href":"https:\/\/www.lavisqteam.fr\/index.php?rest_route=\/wp\/v2\/users\/1"}],"replies":[{"embeddable":true,"href":"https:\/\/www.lavisqteam.fr\/index.php?rest_route=%2Fwp%2Fv2%2Fcomments&post=8986"}],"version-history":[{"count":1,"href":"https:\/\/www.lavisqteam.fr\/index.php?rest_route=\/wp\/v2\/posts\/8986\/revisions"}],"predecessor-version":[{"id":8990,"href":"https:\/\/www.lavisqteam.fr\/index.php?rest_route=\/wp\/v2\/posts\/8986\/revisions\/8990"}],"wp:attachment":[{"href":"https:\/\/www.lavisqteam.fr\/index.php?rest_route=%2Fwp%2Fv2%2Fmedia&parent=8986"}],"wp:term":[{"taxonomy":"category","embeddable":true,"href":"https:\/\/www.lavisqteam.fr\/index.php?rest_route=%2Fwp%2Fv2%2Fcategories&post=8986"},{"taxonomy":"post_tag","embeddable":true,"href":"https:\/\/www.lavisqteam.fr\/index.php?rest_route=%2Fwp%2Fv2%2Ftags&post=8986"}],"curies":[{"name":"wp","href":"https:\/\/api.w.org\/{rel}","templated":true}]}}