{"id":80460,"date":"2026-05-03T08:04:24","date_gmt":"2026-05-03T08:04:24","guid":{"rendered":"https:\/\/www.lavisqteam.fr\/?p=80460"},"modified":"2026-05-03T08:04:27","modified_gmt":"2026-05-03T08:04:27","slug":"les-enquetes-de-lalieniste-t-02-la-danse-macabre-jean-luc-bizien","status":"publish","type":"post","link":"https:\/\/www.lavisqteam.fr\/?p=80460","title":{"rendered":"Les Enqu\u00eates de l&rsquo;Ali\u00e9niste T.02 &#8211; La Danse Macabre &#8211; Jean-Luc Bizien"},"content":{"rendered":"<div class=\"wp-block-image\">\n<figure class=\"aligncenter size-large\"><img src=\"https:\/\/m.media-amazon.com\/images\/I\/61BdwKK5UbL._AC_UF1000,1000_QL80_.jpg\" alt=\"\"\/><\/figure><\/div>\n\n\n<p><strong>Auteur&nbsp;: <\/strong>Jean-Luc Bizien<\/p>\n\n\n\n<p><strong>Editeur&nbsp;: <\/strong>L\u2019Archipel<\/p>\n\n\n\n<p><strong>Genre&nbsp;: <\/strong>Policier<\/p>\n\n\n\n<p><strong>R\u00e9sum\u00e9&nbsp;:<\/strong><\/p>\n\n\n\n<p>Alors que l`Exposition universelle de 1889 bat son plein aux abords de la tour Eiffel, un assassin s\u00e8me la terreur dans Paris. Apr\u00e8s la d\u00e9couverte de la main momifi\u00e9e d`une jeune femme, puis du corps mutil\u00e9 d`un malfrat, les morts s`amoncellent. Alert\u00e9 par la police, l`ali\u00e9niste Simon Bloomberg reprend du service, aid\u00e9 de son intr\u00e9pide gouvernante, Sarah Englewood.<\/p>\n\n\n\n<p><strong>Avis&nbsp;:<\/strong><\/p>\n\n\n\n<p>Au cours de sa prolifique carri\u00e8re, <em>Jean-Luc Bizien<\/em> a explor\u00e9 bien des univers et des genres litt\u00e9raires. Auteur inspir\u00e9, <strong>La Cour des Miracles<\/strong> s\u2019est avanc\u00e9e comme une tr\u00e8s bonne incursion dans le domaine du polar historique. Pr\u00e8s de 15 ann\u00e9es apr\u00e8s leur parution initiale dans la collection Grands D\u00e9tectives, ses ouvrages ont b\u00e9n\u00e9ficiaient d\u2019une ressortie sous un nouveau patronyme&nbsp;: <strong>Les Enqu\u00eates de l\u2019ali\u00e9niste<\/strong>. Le premier tome, <em>La Chambre mortuaire<\/em>, proposait une atmosph\u00e8re singuli\u00e8re, des personnages marquants et un suspense bien men\u00e9. Autrefois publi\u00e9 sous le titre de <em>La Main de gloire<\/em>, <em>La Danse macabre<\/em> constitue le second volet de cette trilogie dans le Paris du XIXe si\u00e8cle.<\/p>\n\n\n\n<p>L\u2019intrigue est une suite directe aux \u00e9v\u00e8nements de son pr\u00e9d\u00e9cesseur. Si le pr\u00e9sent ouvrage reste ind\u00e9pendant, le parcours des protagonistes invite \u00e0 se plonger dans le premier volume, ne serait-ce que pour mieux appr\u00e9hender leurs relations, leur parcours respectif. On notera d\u2019ailleurs plusieurs allusions qui am\u00e8nent \u00e0 conna\u00eetre les cons\u00e9quences de leurs actions et du d\u00e9nouement de leur travail d\u2019enqu\u00eate. Au demeurant, les figures demeurent toujours aussi bien camp\u00e9es. Leurs comp\u00e9tences sont compl\u00e9mentaires et les \u00e9changes permettent de confronter les points de vue. De ce c\u00f4t\u00e9, on distingue une pr\u00e9dilection pour la th\u00e9orisation et la d\u00e9duction quant aux assassinats.<\/p>\n\n\n\n<p>Les m\u00e9thodes d\u2019investigation tendent \u00e0 \u00e9voquer les pr\u00e9mices du profilage, sans toutefois s\u2019y plonger de mani\u00e8re frontale. Les observations de l\u2019ali\u00e9niste s\u2019appuient sur l\u2019analyse de la sc\u00e8ne de crime afin de saisir les intentions du coupable. Les remarques demeurent pertinentes et progressives pour ouvrir de nouvelles pistes de r\u00e9flexion. Ce qui permet de veiller \u00e0 une gestion du suspense mesur\u00e9e et constante. En parall\u00e8le, l\u2019enqu\u00eate de police suit un cheminement plus classique avec la d\u00e9couverte des corps, les autopsies, le recueil de t\u00e9moignages et l\u2019arrestation de suspects. On y entrevoit n\u00e9anmoins une \u00e9volution dans les m\u00e9thodes d\u2019investigation, notamment avec l\u2019usage du syst\u00e8me Bertillon.<\/p>\n\n\n\n<p>En cela, la pr\u00e9sente affaire dispose d\u2019\u00e9l\u00e9ments suffisamment singuliers pour interpeller sur la teneur des faits. L\u2019alternance avec le point de vue des antagonistes ou des victimes offre de nouvelles perspectives de compr\u00e9hension, sans toutefois \u00e9venter le c\u0153ur du myst\u00e8re. Bien au contraire, ces s\u00e9quences l\u2019entretiennent. Contrairement \u00e0 <em>La Chambre mortuaire<\/em>, on s\u2019\u00e9carte du huis clos propre \u00e0 l\u2019\u00e9trange demeure de l\u2019ali\u00e9niste. Le r\u00e9cit s\u2019affranchit \u00e9galement de l\u2019ambivalence que ce personnage et son pass\u00e9 pouvaient susciter jusqu\u2019alors. Il n\u2019en reste pas moins toujours aussi tourment\u00e9, nanti d\u2019une caract\u00e9risation complexe et pleine de subtilit\u00e9s.<\/p>\n\n\n\n<p>En mati\u00e8re de reconstitution historique, on y retrouve l\u2019\u00e9rudition de l\u2019auteur pour donner vie \u00e0 cette p\u00e9riode. Cela passe par des \u00e9v\u00e8nements majeurs, comme l\u2019exposition universelle de 1889 ou le terme de la construction de la tour Eiffel. L\u2019intrigue permet d\u2019arpenter des environnements aux antipodes&nbsp;; des bas-fonds de la capitale jusqu\u2019\u00e0 la sc\u00e8ne du Ba-Ta-Clan. On distingue aussi de nombreuses anecdotes et des pr\u00e9cisions sur certains \u00e9l\u00e9ments qui renforcent le r\u00e9alisme et la cr\u00e9dibilit\u00e9 du r\u00e9cit. En fin d\u2019ouvrage, on retrouve le guide Joanne de l\u2019\u00e9poque. Ce qui donne l\u2019occasion de conna\u00eetre davantage d\u2019informations sur les diff\u00e9rents lieux d\u2019exposition et les th\u00e8mes pr\u00e9sent\u00e9s.<\/p>\n\n\n\n<p>Au final, <em>La Danse macabre<\/em> confirme le tr\u00e8s bon a priori qu\u2019on pr\u00eate aux Enqu\u00eates de l\u2019ali\u00e9niste. <em>Jean-Luc Bizien<\/em> signe une suite ma\u00eetris\u00e9e qui s\u2019inscrit dans la continuit\u00e9 du premier tome, notamment dans l\u2019\u00e9volution et la caract\u00e9risation des personnages. Les qualit\u00e9s du roman portent autant sur son affaire que sur sa capacit\u00e9 \u00e0 immerger son lectorat \u00e0 la fin du XIXe si\u00e8cle. Quant aux comp\u00e9tences de l\u2019ali\u00e9niste, elles apportent, \u00e0 nouveau, une dimension psychologique dans les crimes perp\u00e9tr\u00e9s et les m\u00e9thodes pour parvenir jusqu\u2019\u00e0 leur auteur. Il en ressort un livre recommandable \u00e0 plus d\u2019un titre, \u00e0 destination des amateurs de polars historiques bien men\u00e9s.<\/p>\n\n\n\n<p><strong>Note\u00a0: 15\/20<\/strong><\/p>\n\n\n\n<p class=\"has-text-align-right\">Par <strong>Dante<\/strong><\/p>\n","protected":false},"excerpt":{"rendered":"<p>Auteur&nbsp;: Jean-Luc Bizien Editeur&nbsp;: L\u2019Archipel Genre&nbsp;: Policier R\u00e9sum\u00e9&nbsp;: Alors que l`Exposition universelle de 1889 bat son plein aux abords de la tour Eiffel, un assassin &hellip; <\/p>\n","protected":false},"author":5,"featured_media":80461,"comment_status":"open","ping_status":"open","sticky":false,"template":"","format":"standard","meta":[],"categories":[10],"tags":[],"yoast_head":"<!-- This site is optimized with the Yoast SEO plugin v19.6.1 - https:\/\/yoast.com\/wordpress\/plugins\/seo\/ -->\n<title>Les Enqu\u00eates de l&#039;Ali\u00e9niste T.02 - La Danse Macabre - Jean-Luc Bizien - Lavisqteam.fr<\/title>\n<meta name=\"robots\" content=\"index, follow, max-snippet:-1, max-image-preview:large, max-video-preview:-1\" \/>\n<link rel=\"canonical\" href=\"https:\/\/www.lavisqteam.fr\/?p=80460\" \/>\n<meta property=\"og:locale\" content=\"fr_FR\" \/>\n<meta property=\"og:type\" content=\"article\" \/>\n<meta property=\"og:title\" content=\"Les Enqu\u00eates de l&#039;Ali\u00e9niste T.02 - La Danse Macabre - Jean-Luc Bizien - Lavisqteam.fr\" \/>\n<meta property=\"og:description\" content=\"Auteur&nbsp;: Jean-Luc Bizien Editeur&nbsp;: L\u2019Archipel Genre&nbsp;: Policier R\u00e9sum\u00e9&nbsp;: Alors que l`Exposition universelle de 1889 bat son plein aux abords de la tour Eiffel, un assassin &hellip;\" \/>\n<meta property=\"og:url\" content=\"https:\/\/www.lavisqteam.fr\/?p=80460\" \/>\n<meta property=\"og:site_name\" content=\"Lavisqteam.fr\" \/>\n<meta property=\"article:published_time\" content=\"2026-05-03T08:04:24+00:00\" \/>\n<meta property=\"article:modified_time\" content=\"2026-05-03T08:04:27+00:00\" \/>\n<meta property=\"og:image\" content=\"https:\/\/www.lavisqteam.fr\/wp-content\/uploads\/2026\/05\/lese.jpg\" \/>\n\t<meta property=\"og:image:width\" content=\"727\" \/>\n\t<meta property=\"og:image:height\" content=\"395\" \/>\n\t<meta property=\"og:image:type\" content=\"image\/jpeg\" \/>\n<meta name=\"author\" content=\"Dante\" \/>\n<meta name=\"twitter:card\" content=\"summary_large_image\" \/>\n<meta name=\"twitter:image\" content=\"https:\/\/www.lavisqteam.fr\/wp-content\/uploads\/2026\/05\/lese.jpg\" \/>\n<meta name=\"twitter:label1\" content=\"\u00c9crit par\" \/>\n\t<meta name=\"twitter:data1\" content=\"Dante\" \/>\n\t<meta name=\"twitter:label2\" content=\"Dur\u00e9e de lecture estim\u00e9e\" \/>\n\t<meta name=\"twitter:data2\" content=\"4 minutes\" \/>\n<script type=\"application\/ld+json\" class=\"yoast-schema-graph\">{\"@context\":\"https:\/\/schema.org\",\"@graph\":[{\"@type\":\"Article\",\"@id\":\"https:\/\/www.lavisqteam.fr\/?p=80460#article\",\"isPartOf\":{\"@id\":\"https:\/\/www.lavisqteam.fr\/?p=80460\"},\"author\":{\"name\":\"Dante\",\"@id\":\"https:\/\/www.lavisqteam.fr\/#\/schema\/person\/f990b2bf003d200c5d343e528a040052\"},\"headline\":\"Les Enqu\u00eates de l&rsquo;Ali\u00e9niste T.02 &#8211; La Danse Macabre &#8211; Jean-Luc Bizien\",\"datePublished\":\"2026-05-03T08:04:24+00:00\",\"dateModified\":\"2026-05-03T08:04:27+00:00\",\"mainEntityOfPage\":{\"@id\":\"https:\/\/www.lavisqteam.fr\/?p=80460\"},\"wordCount\":827,\"commentCount\":0,\"publisher\":{\"@id\":\"https:\/\/www.lavisqteam.fr\/#organization\"},\"articleSection\":[\"Roman\"],\"inLanguage\":\"fr-FR\",\"potentialAction\":[{\"@type\":\"CommentAction\",\"name\":\"Comment\",\"target\":[\"https:\/\/www.lavisqteam.fr\/?p=80460#respond\"]}]},{\"@type\":\"WebPage\",\"@id\":\"https:\/\/www.lavisqteam.fr\/?p=80460\",\"url\":\"https:\/\/www.lavisqteam.fr\/?p=80460\",\"name\":\"Les Enqu\u00eates de l'Ali\u00e9niste T.02 - La Danse Macabre - Jean-Luc Bizien - Lavisqteam.fr\",\"isPartOf\":{\"@id\":\"https:\/\/www.lavisqteam.fr\/#website\"},\"datePublished\":\"2026-05-03T08:04:24+00:00\",\"dateModified\":\"2026-05-03T08:04:27+00:00\",\"breadcrumb\":{\"@id\":\"https:\/\/www.lavisqteam.fr\/?p=80460#breadcrumb\"},\"inLanguage\":\"fr-FR\",\"potentialAction\":[{\"@type\":\"ReadAction\",\"target\":[\"https:\/\/www.lavisqteam.fr\/?p=80460\"]}]},{\"@type\":\"BreadcrumbList\",\"@id\":\"https:\/\/www.lavisqteam.fr\/?p=80460#breadcrumb\",\"itemListElement\":[{\"@type\":\"ListItem\",\"position\":1,\"name\":\"Accueil\",\"item\":\"https:\/\/www.lavisqteam.fr\/\"},{\"@type\":\"ListItem\",\"position\":2,\"name\":\"Les Enqu\u00eates de l&rsquo;Ali\u00e9niste T.02 &#8211; La Danse Macabre &#8211; Jean-Luc Bizien\"}]},{\"@type\":\"WebSite\",\"@id\":\"https:\/\/www.lavisqteam.fr\/#website\",\"url\":\"https:\/\/www.lavisqteam.fr\/\",\"name\":\"Lavisqteam.fr\",\"description\":\"\",\"publisher\":{\"@id\":\"https:\/\/www.lavisqteam.fr\/#organization\"},\"potentialAction\":[{\"@type\":\"SearchAction\",\"target\":{\"@type\":\"EntryPoint\",\"urlTemplate\":\"https:\/\/www.lavisqteam.fr\/?s={search_term_string}\"},\"query-input\":\"required name=search_term_string\"}],\"inLanguage\":\"fr-FR\"},{\"@type\":\"Organization\",\"@id\":\"https:\/\/www.lavisqteam.fr\/#organization\",\"name\":\"Lavisqteam.fr\",\"url\":\"https:\/\/www.lavisqteam.fr\/\",\"sameAs\":[],\"logo\":{\"@type\":\"ImageObject\",\"inLanguage\":\"fr-FR\",\"@id\":\"https:\/\/www.lavisqteam.fr\/#\/schema\/logo\/image\/\",\"url\":\"https:\/\/www.lavisqteam.fr\/wp-content\/uploads\/2020\/08\/cropped-80879545_3479261675449035_4078032831501041664_o-4.jpg\",\"contentUrl\":\"https:\/\/www.lavisqteam.fr\/wp-content\/uploads\/2020\/08\/cropped-80879545_3479261675449035_4078032831501041664_o-4.jpg\",\"width\":1674,\"height\":536,\"caption\":\"Lavisqteam.fr\"},\"image\":{\"@id\":\"https:\/\/www.lavisqteam.fr\/#\/schema\/logo\/image\/\"}},{\"@type\":\"Person\",\"@id\":\"https:\/\/www.lavisqteam.fr\/#\/schema\/person\/f990b2bf003d200c5d343e528a040052\",\"name\":\"Dante\",\"image\":{\"@type\":\"ImageObject\",\"inLanguage\":\"fr-FR\",\"@id\":\"https:\/\/www.lavisqteam.fr\/#\/schema\/person\/image\/\",\"url\":\"https:\/\/secure.gravatar.com\/avatar\/247c2b515d1472e98f97043ac8393382?s=96&d=mm&r=g\",\"contentUrl\":\"https:\/\/secure.gravatar.com\/avatar\/247c2b515d1472e98f97043ac8393382?s=96&d=mm&r=g\",\"caption\":\"Dante\"},\"url\":\"https:\/\/www.lavisqteam.fr\/?author=5\"}]}<\/script>\n<!-- \/ Yoast SEO plugin. -->","yoast_head_json":{"title":"Les Enqu\u00eates de l'Ali\u00e9niste T.02 - La Danse Macabre - Jean-Luc Bizien - Lavisqteam.fr","robots":{"index":"index","follow":"follow","max-snippet":"max-snippet:-1","max-image-preview":"max-image-preview:large","max-video-preview":"max-video-preview:-1"},"canonical":"https:\/\/www.lavisqteam.fr\/?p=80460","og_locale":"fr_FR","og_type":"article","og_title":"Les Enqu\u00eates de l'Ali\u00e9niste T.02 - La Danse Macabre - Jean-Luc Bizien - Lavisqteam.fr","og_description":"Auteur&nbsp;: Jean-Luc Bizien Editeur&nbsp;: L\u2019Archipel Genre&nbsp;: Policier R\u00e9sum\u00e9&nbsp;: Alors que l`Exposition universelle de 1889 bat son plein aux abords de la tour Eiffel, un assassin &hellip;","og_url":"https:\/\/www.lavisqteam.fr\/?p=80460","og_site_name":"Lavisqteam.fr","article_published_time":"2026-05-03T08:04:24+00:00","article_modified_time":"2026-05-03T08:04:27+00:00","og_image":[{"width":727,"height":395,"url":"https:\/\/www.lavisqteam.fr\/wp-content\/uploads\/2026\/05\/lese.jpg","type":"image\/jpeg"}],"author":"Dante","twitter_card":"summary_large_image","twitter_image":"https:\/\/www.lavisqteam.fr\/wp-content\/uploads\/2026\/05\/lese.jpg","twitter_misc":{"\u00c9crit par":"Dante","Dur\u00e9e de lecture estim\u00e9e":"4 minutes"},"schema":{"@context":"https:\/\/schema.org","@graph":[{"@type":"Article","@id":"https:\/\/www.lavisqteam.fr\/?p=80460#article","isPartOf":{"@id":"https:\/\/www.lavisqteam.fr\/?p=80460"},"author":{"name":"Dante","@id":"https:\/\/www.lavisqteam.fr\/#\/schema\/person\/f990b2bf003d200c5d343e528a040052"},"headline":"Les Enqu\u00eates de l&rsquo;Ali\u00e9niste T.02 &#8211; La Danse Macabre &#8211; Jean-Luc Bizien","datePublished":"2026-05-03T08:04:24+00:00","dateModified":"2026-05-03T08:04:27+00:00","mainEntityOfPage":{"@id":"https:\/\/www.lavisqteam.fr\/?p=80460"},"wordCount":827,"commentCount":0,"publisher":{"@id":"https:\/\/www.lavisqteam.fr\/#organization"},"articleSection":["Roman"],"inLanguage":"fr-FR","potentialAction":[{"@type":"CommentAction","name":"Comment","target":["https:\/\/www.lavisqteam.fr\/?p=80460#respond"]}]},{"@type":"WebPage","@id":"https:\/\/www.lavisqteam.fr\/?p=80460","url":"https:\/\/www.lavisqteam.fr\/?p=80460","name":"Les Enqu\u00eates de l'Ali\u00e9niste T.02 - La Danse Macabre - Jean-Luc Bizien - Lavisqteam.fr","isPartOf":{"@id":"https:\/\/www.lavisqteam.fr\/#website"},"datePublished":"2026-05-03T08:04:24+00:00","dateModified":"2026-05-03T08:04:27+00:00","breadcrumb":{"@id":"https:\/\/www.lavisqteam.fr\/?p=80460#breadcrumb"},"inLanguage":"fr-FR","potentialAction":[{"@type":"ReadAction","target":["https:\/\/www.lavisqteam.fr\/?p=80460"]}]},{"@type":"BreadcrumbList","@id":"https:\/\/www.lavisqteam.fr\/?p=80460#breadcrumb","itemListElement":[{"@type":"ListItem","position":1,"name":"Accueil","item":"https:\/\/www.lavisqteam.fr\/"},{"@type":"ListItem","position":2,"name":"Les Enqu\u00eates de l&rsquo;Ali\u00e9niste T.02 &#8211; La Danse Macabre &#8211; Jean-Luc Bizien"}]},{"@type":"WebSite","@id":"https:\/\/www.lavisqteam.fr\/#website","url":"https:\/\/www.lavisqteam.fr\/","name":"Lavisqteam.fr","description":"","publisher":{"@id":"https:\/\/www.lavisqteam.fr\/#organization"},"potentialAction":[{"@type":"SearchAction","target":{"@type":"EntryPoint","urlTemplate":"https:\/\/www.lavisqteam.fr\/?s={search_term_string}"},"query-input":"required name=search_term_string"}],"inLanguage":"fr-FR"},{"@type":"Organization","@id":"https:\/\/www.lavisqteam.fr\/#organization","name":"Lavisqteam.fr","url":"https:\/\/www.lavisqteam.fr\/","sameAs":[],"logo":{"@type":"ImageObject","inLanguage":"fr-FR","@id":"https:\/\/www.lavisqteam.fr\/#\/schema\/logo\/image\/","url":"https:\/\/www.lavisqteam.fr\/wp-content\/uploads\/2020\/08\/cropped-80879545_3479261675449035_4078032831501041664_o-4.jpg","contentUrl":"https:\/\/www.lavisqteam.fr\/wp-content\/uploads\/2020\/08\/cropped-80879545_3479261675449035_4078032831501041664_o-4.jpg","width":1674,"height":536,"caption":"Lavisqteam.fr"},"image":{"@id":"https:\/\/www.lavisqteam.fr\/#\/schema\/logo\/image\/"}},{"@type":"Person","@id":"https:\/\/www.lavisqteam.fr\/#\/schema\/person\/f990b2bf003d200c5d343e528a040052","name":"Dante","image":{"@type":"ImageObject","inLanguage":"fr-FR","@id":"https:\/\/www.lavisqteam.fr\/#\/schema\/person\/image\/","url":"https:\/\/secure.gravatar.com\/avatar\/247c2b515d1472e98f97043ac8393382?s=96&d=mm&r=g","contentUrl":"https:\/\/secure.gravatar.com\/avatar\/247c2b515d1472e98f97043ac8393382?s=96&d=mm&r=g","caption":"Dante"},"url":"https:\/\/www.lavisqteam.fr\/?author=5"}]}},"jetpack_featured_media_url":"https:\/\/www.lavisqteam.fr\/wp-content\/uploads\/2026\/05\/lese.jpg","_links":{"self":[{"href":"https:\/\/www.lavisqteam.fr\/index.php?rest_route=\/wp\/v2\/posts\/80460"}],"collection":[{"href":"https:\/\/www.lavisqteam.fr\/index.php?rest_route=\/wp\/v2\/posts"}],"about":[{"href":"https:\/\/www.lavisqteam.fr\/index.php?rest_route=\/wp\/v2\/types\/post"}],"author":[{"embeddable":true,"href":"https:\/\/www.lavisqteam.fr\/index.php?rest_route=\/wp\/v2\/users\/5"}],"replies":[{"embeddable":true,"href":"https:\/\/www.lavisqteam.fr\/index.php?rest_route=%2Fwp%2Fv2%2Fcomments&post=80460"}],"version-history":[{"count":1,"href":"https:\/\/www.lavisqteam.fr\/index.php?rest_route=\/wp\/v2\/posts\/80460\/revisions"}],"predecessor-version":[{"id":80462,"href":"https:\/\/www.lavisqteam.fr\/index.php?rest_route=\/wp\/v2\/posts\/80460\/revisions\/80462"}],"wp:featuredmedia":[{"embeddable":true,"href":"https:\/\/www.lavisqteam.fr\/index.php?rest_route=\/wp\/v2\/media\/80461"}],"wp:attachment":[{"href":"https:\/\/www.lavisqteam.fr\/index.php?rest_route=%2Fwp%2Fv2%2Fmedia&parent=80460"}],"wp:term":[{"taxonomy":"category","embeddable":true,"href":"https:\/\/www.lavisqteam.fr\/index.php?rest_route=%2Fwp%2Fv2%2Fcategories&post=80460"},{"taxonomy":"post_tag","embeddable":true,"href":"https:\/\/www.lavisqteam.fr\/index.php?rest_route=%2Fwp%2Fv2%2Ftags&post=80460"}],"curies":[{"name":"wp","href":"https:\/\/api.w.org\/{rel}","templated":true}]}}