{"id":79709,"date":"2026-03-12T22:02:49","date_gmt":"2026-03-12T22:02:49","guid":{"rendered":"https:\/\/www.lavisqteam.fr\/?p=79709"},"modified":"2026-03-12T22:02:52","modified_gmt":"2026-03-12T22:02:52","slug":"vreid-the-skies-turn-black","status":"publish","type":"post","link":"https:\/\/www.lavisqteam.fr\/?p=79709","title":{"rendered":"Vreid &#8211; The Skies Turn Black"},"content":{"rendered":"<div class=\"wp-block-image\">\n<figure class=\"aligncenter size-large\"><img src=\"https:\/\/hardforce.com\/img\/generated\/Albums\/2026\/03\/1000x1000-000000-80-0-0-39_bestFit_600x600.png\" alt=\"\"\/><\/figure><\/div>\n\n\n<p><strong>Avis&nbsp;:<\/strong><\/p>\n\n\n\n<p>C\u2019est en 1994 que se forme le groupe de Viking\/Folk\/Black M\u00e9tal norv\u00e9gien <strong>Windir<\/strong>. Tout va pour le mieux jusqu\u2019en 2004, lorsque le chanteur d\u00e9c\u00e8de d\u2019hypothermie. Les membres du groupe ne se sentent pas de continuer l\u2019aventure, et d\u00e9cident alors de former un autre groupe, <strong>Vreid<\/strong>, avec un autre guitariste. Mais en 2010, le guitariste original de <strong>Windir<\/strong> rejoint <strong>Vreid<\/strong>, qui sera alors au complet. Pour autant, ce nouveau groupe veut se d\u00e9tacher du Folk\/Viking pour embrasser pleinement le c\u00f4t\u00e9 Black, tout en gardant un aspect m\u00e9lodique. C\u2019est donc dans le Melodic Black que l\u2019on pourra cat\u00e9goriser <strong>Vreid<\/strong>, m\u00eame si on trouvera aussi des \u00e9l\u00e9ments Death et des envol\u00e9es lyriques par moment. Le pr\u00e9c\u00e9dent album, <strong>Wild North West<\/strong>, \u00e9tait un excellent cru, qui lorgnait vigoureusement vers le Blackened Death, et on \u00e9tait en droit d\u2019entendre sensiblement la m\u00eame chose avec <strong>The Skies Turn Black<\/strong>.<\/p>\n\n\n\n<p>Et on sera tr\u00e8s surpris par le virage artistique pris par le groupe, qui offre ici un dixi\u00e8me album studio insaisissable, \u00e9trange, qui navigue entre plusieurs styles, et qui risque de faire friser les plus sombres guerriers. D\u00e9j\u00e0 parce que l\u2019album est plus long que la moyenne, avoisinant l\u2019heure d\u2019\u00e9coute. Mais aussi parce qu\u2019il y a beaucoup de chant clair, des \u00e9l\u00e9ments progressifs et un long morceau qui laisse beaucoup de place \u00e0 <strong>Djerv<\/strong>, un autre groupe norv\u00e9gien qui fait plut\u00f4t du gothique, avec une chanteuse \u00e0 la voix aig\u00fce. Bref, vous l\u2019aurez compris, ce nouvel album est intriguant, \u00e9trange, mais aussi tr\u00e8s qualitatif dans ses choix, quitte \u00e0 se mettre \u00e0 dos les fans de Black qui s\u2019attendaient s\u00fbrement \u00e0 du gros son. Mais on sent vite le changement d\u00e8s le premier titre, <em>From These Woods<\/em>, qui d\u00e9marre de fa\u00e7on tr\u00e8s sereine et apais\u00e9e.<\/p>\n\n\n\n<p>Ici, le groupe travaille son ambiance avec une parfaite ma\u00eetrise. Le d\u00e9but calme laisse planer une certaine inqui\u00e9tude avant de l\u00e2cher les chevaux sur un aspect blacky plut\u00f4t plaisant, mais relativement l\u00e9ger. Rares sont les groupes \u00e0 faire du Black accessible avec un refrain qui reste en t\u00eate, et c\u2019est clairement le cas ici. Et il faut noter un aspect symphonique sublime qui colle des frissons. Bref, une entame magnifique qui donne bien \u00e9videmment envie de continuer. <em>The Skies Turn Black<\/em> va alors jouer la carte de la surprise avec un riff l\u00e9ger et une rythmique en mid-tempo. Point de blast, et un aspect m\u00e9lodique qui est tr\u00e8s travaill\u00e9. En clair, on est sur du Death m\u00e9lo scandinave pur jus, et il faut dire que \u00e7a fonctionne plut\u00f4t bien. Certains trouveront cela trop \u00ab&nbsp;<strong>In Flames<\/strong>&nbsp;\u00bb, mais le r\u00e9sultat est plut\u00f4t grisant.<\/p>\n\n\n<div class=\"wp-block-image\">\n<figure class=\"aligncenter size-large is-resized\"><img src=\"https:\/\/f4.bcbits.com\/img\/0032576376_25.jpg\" alt=\"\" width=\"600\"\/><\/figure><\/div>\n\n\n<p><em>A Second Death<\/em> proposera encore autre chose, avec un riff qui ressemble \u00e0 un rouleau-compresseur et une rythmique tr\u00e8s v\u00e9loce. Il sera compliqu\u00e9 de ne pas headbanger avec ce titre, tant il est efficace et fracasse tout sur son passage. <em>Kraken<\/em> apparait alors comme un interlude instrumental envo\u00fbtant et d\u00e9routant par son d\u00e9marrage presque Blackgaze. Un choix intrigant, mais qui a le m\u00e9rite de nous interpeller. De plus, cela donne plus de force au titre suivant, <em>Loving the Dead<\/em>, en duo avec le groupe <strong>Djerv<\/strong>. La voix de la chanteuse est assez aig\u00fce, il y a un c\u00f4t\u00e9 Pop-Rock qui s\u2019\u00e9chappe du titre, et pourtant, on se fait cueillir pendant pr\u00e8s de huit minutes. Le titre gagne en int\u00e9r\u00eat au fur et \u00e0 mesure des \u00e9coutes, et lorsque la chanteuse se met \u00e0 crier, on a vraiment la sensation d\u2019entendre quelques \u00e9manations ensorcel\u00e9es et c\u2019est vraiment int\u00e9ressant.<\/p>\n\n\n\n<p>Bien entendu, cela va diviser les fans, de la premi\u00e8re heure, mais <strong>Vreid<\/strong> revient \u00e0 l\u2019assaut avec <em>Build &amp; Destroy<\/em>, un pur titre Black qui vient nous marteler les tympans. C\u2019est simple, efficace, et \u00e7a montre que le groupe n\u2019a pas reni\u00e9 pour autant ses racines. <em>Chaos<\/em> joue constamment avec les textures pour mieux nous surprendre \u00e0 chaque \u00e9coute, avec diff\u00e9rentes nappes de m\u00e9lodie, et un aspect symphonique qui vient rajouter un \u00e9lan grandiloquent. <em>Flammen <\/em>revient \u00e0 quelque chose de plus brutal et de plus tendu, jouant alors avec nos \u00e9motions et notre ressenti. <em>Smile of Hate<\/em> va surprendre aussi par son riff de d\u00e9part, plut\u00f4t Death, voire Thrash, et qui d\u00e9roule comme un rouleau-compresseur. Certes, on est loin du <strong>Vreid <\/strong>des ann\u00e9es 2000, mais \u00e7a reste de la haute qualit\u00e9. <em>Echoes of Life<\/em> va diviser aussi via son chant clair et sa douceur insidieuse.<\/p>\n\n\n\n<p>Au final, <strong>The Skies Turn Black<\/strong>, le dernier album de <strong>Vreid<\/strong>, est un effort studio qui va fortement diviser les fans. Si on retrouve les \u00e9l\u00e9ments de Blackened Death qui ont fait les beaux jours du groupe, on a aussi beaucoup de variations entre les titres, les norv\u00e9giens n\u2019h\u00e9sitant jamais \u00e0 aller vers quelque chose de plus progressif, de plus complexe, ou alors, au contraire, de plus accessible, avec du chant clair et une m\u00e9lodie tr\u00e8s tendre. De notre c\u00f4t\u00e9, c\u2019est un album qui a su nous combler et trouver gr\u00e2ce \u00e0 nos oreilles, notamment de par les prises de risque qui s\u2019av\u00e8rent payantes, pour un r\u00e9sultat tr\u00e8s int\u00e9ressant.<\/p>\n\n\n\n<ul><li>From These Woods<\/li><li>The Skies Turn Black<\/li><li>A Second Death<\/li><li>Kraken<\/li><li>Loving the Dead<\/li><li>Build &amp; Destroy<\/li><li>Chaos<\/li><li>Flammen<\/li><li>Smile of Hate<\/li><li>Echoes of Life<\/li><li>The Earth Rumbles<\/li><\/ul>\n\n\n\n<p><strong>Note&nbsp;: 16\/20<\/strong><\/p>\n\n\n\n<figure class=\"wp-block-embed is-type-video is-provider-youtube wp-block-embed-youtube wp-embed-aspect-16-9 wp-has-aspect-ratio\"><div class=\"wp-block-embed__wrapper\">\n<iframe loading=\"lazy\" title=\"Vreid - From These Woods (Official Music Video)\" width=\"1200\" height=\"675\" src=\"https:\/\/www.youtube.com\/embed\/91cyd3LDo1Y?feature=oembed\" frameborder=\"0\" allow=\"accelerometer; autoplay; clipboard-write; encrypted-media; gyroscope; picture-in-picture; web-share\" referrerpolicy=\"strict-origin-when-cross-origin\" allowfullscreen><\/iframe>\n<\/div><\/figure>\n\n\n\n<p class=\"has-text-align-right\">Par <strong>AqME<\/strong><\/p>\n","protected":false},"excerpt":{"rendered":"<p>Avis&nbsp;: C\u2019est en 1994 que se forme le groupe de Viking\/Folk\/Black M\u00e9tal norv\u00e9gien Windir. Tout va pour le mieux jusqu\u2019en 2004, lorsque le chanteur d\u00e9c\u00e8de &hellip; <\/p>\n","protected":false},"author":1,"featured_media":79710,"comment_status":"open","ping_status":"open","sticky":false,"template":"","format":"standard","meta":[],"categories":[12],"tags":[],"yoast_head":"<!-- This site is optimized with the Yoast SEO plugin v19.6.1 - https:\/\/yoast.com\/wordpress\/plugins\/seo\/ -->\n<title>Vreid - The Skies Turn Black - Lavisqteam.fr<\/title>\n<meta name=\"robots\" content=\"index, follow, max-snippet:-1, max-image-preview:large, max-video-preview:-1\" \/>\n<link rel=\"canonical\" href=\"https:\/\/www.lavisqteam.fr\/?p=79709\" \/>\n<meta property=\"og:locale\" content=\"fr_FR\" \/>\n<meta property=\"og:type\" content=\"article\" \/>\n<meta property=\"og:title\" content=\"Vreid - The Skies Turn Black - Lavisqteam.fr\" \/>\n<meta property=\"og:description\" content=\"Avis&nbsp;: C\u2019est en 1994 que se forme le groupe de Viking\/Folk\/Black M\u00e9tal norv\u00e9gien Windir. Tout va pour le mieux jusqu\u2019en 2004, lorsque le chanteur d\u00e9c\u00e8de &hellip;\" \/>\n<meta property=\"og:url\" content=\"https:\/\/www.lavisqteam.fr\/?p=79709\" \/>\n<meta property=\"og:site_name\" content=\"Lavisqteam.fr\" \/>\n<meta property=\"article:published_time\" content=\"2026-03-12T22:02:49+00:00\" \/>\n<meta property=\"article:modified_time\" content=\"2026-03-12T22:02:52+00:00\" \/>\n<meta property=\"og:image\" content=\"https:\/\/www.lavisqteam.fr\/wp-content\/uploads\/2026\/03\/vrei.jpg\" \/>\n\t<meta property=\"og:image:width\" content=\"727\" \/>\n\t<meta property=\"og:image:height\" content=\"395\" \/>\n\t<meta property=\"og:image:type\" content=\"image\/jpeg\" \/>\n<meta name=\"author\" content=\"AqME\" \/>\n<meta name=\"twitter:card\" content=\"summary_large_image\" \/>\n<meta name=\"twitter:image\" content=\"https:\/\/www.lavisqteam.fr\/wp-content\/uploads\/2026\/03\/vrei.jpg\" \/>\n<meta name=\"twitter:label1\" content=\"\u00c9crit par\" \/>\n\t<meta name=\"twitter:data1\" content=\"AqME\" \/>\n\t<meta name=\"twitter:label2\" content=\"Dur\u00e9e de lecture estim\u00e9e\" \/>\n\t<meta name=\"twitter:data2\" content=\"5 minutes\" \/>\n<script type=\"application\/ld+json\" class=\"yoast-schema-graph\">{\"@context\":\"https:\/\/schema.org\",\"@graph\":[{\"@type\":\"Article\",\"@id\":\"https:\/\/www.lavisqteam.fr\/?p=79709#article\",\"isPartOf\":{\"@id\":\"https:\/\/www.lavisqteam.fr\/?p=79709\"},\"author\":{\"name\":\"AqME\",\"@id\":\"https:\/\/www.lavisqteam.fr\/#\/schema\/person\/da11d7c30bf135b288b17cc576708c2d\"},\"headline\":\"Vreid &#8211; The Skies Turn Black\",\"datePublished\":\"2026-03-12T22:02:49+00:00\",\"dateModified\":\"2026-03-12T22:02:52+00:00\",\"mainEntityOfPage\":{\"@id\":\"https:\/\/www.lavisqteam.fr\/?p=79709\"},\"wordCount\":962,\"commentCount\":0,\"publisher\":{\"@id\":\"https:\/\/www.lavisqteam.fr\/#organization\"},\"articleSection\":[\"Musique\"],\"inLanguage\":\"fr-FR\",\"potentialAction\":[{\"@type\":\"CommentAction\",\"name\":\"Comment\",\"target\":[\"https:\/\/www.lavisqteam.fr\/?p=79709#respond\"]}]},{\"@type\":\"WebPage\",\"@id\":\"https:\/\/www.lavisqteam.fr\/?p=79709\",\"url\":\"https:\/\/www.lavisqteam.fr\/?p=79709\",\"name\":\"Vreid - The Skies Turn Black - Lavisqteam.fr\",\"isPartOf\":{\"@id\":\"https:\/\/www.lavisqteam.fr\/#website\"},\"datePublished\":\"2026-03-12T22:02:49+00:00\",\"dateModified\":\"2026-03-12T22:02:52+00:00\",\"breadcrumb\":{\"@id\":\"https:\/\/www.lavisqteam.fr\/?p=79709#breadcrumb\"},\"inLanguage\":\"fr-FR\",\"potentialAction\":[{\"@type\":\"ReadAction\",\"target\":[\"https:\/\/www.lavisqteam.fr\/?p=79709\"]}]},{\"@type\":\"BreadcrumbList\",\"@id\":\"https:\/\/www.lavisqteam.fr\/?p=79709#breadcrumb\",\"itemListElement\":[{\"@type\":\"ListItem\",\"position\":1,\"name\":\"Accueil\",\"item\":\"https:\/\/www.lavisqteam.fr\/\"},{\"@type\":\"ListItem\",\"position\":2,\"name\":\"Vreid &#8211; The Skies Turn Black\"}]},{\"@type\":\"WebSite\",\"@id\":\"https:\/\/www.lavisqteam.fr\/#website\",\"url\":\"https:\/\/www.lavisqteam.fr\/\",\"name\":\"Lavisqteam.fr\",\"description\":\"\",\"publisher\":{\"@id\":\"https:\/\/www.lavisqteam.fr\/#organization\"},\"potentialAction\":[{\"@type\":\"SearchAction\",\"target\":{\"@type\":\"EntryPoint\",\"urlTemplate\":\"https:\/\/www.lavisqteam.fr\/?s={search_term_string}\"},\"query-input\":\"required name=search_term_string\"}],\"inLanguage\":\"fr-FR\"},{\"@type\":\"Organization\",\"@id\":\"https:\/\/www.lavisqteam.fr\/#organization\",\"name\":\"Lavisqteam.fr\",\"url\":\"https:\/\/www.lavisqteam.fr\/\",\"sameAs\":[],\"logo\":{\"@type\":\"ImageObject\",\"inLanguage\":\"fr-FR\",\"@id\":\"https:\/\/www.lavisqteam.fr\/#\/schema\/logo\/image\/\",\"url\":\"https:\/\/www.lavisqteam.fr\/wp-content\/uploads\/2020\/08\/cropped-80879545_3479261675449035_4078032831501041664_o-4.jpg\",\"contentUrl\":\"https:\/\/www.lavisqteam.fr\/wp-content\/uploads\/2020\/08\/cropped-80879545_3479261675449035_4078032831501041664_o-4.jpg\",\"width\":1674,\"height\":536,\"caption\":\"Lavisqteam.fr\"},\"image\":{\"@id\":\"https:\/\/www.lavisqteam.fr\/#\/schema\/logo\/image\/\"}},{\"@type\":\"Person\",\"@id\":\"https:\/\/www.lavisqteam.fr\/#\/schema\/person\/da11d7c30bf135b288b17cc576708c2d\",\"name\":\"AqME\",\"image\":{\"@type\":\"ImageObject\",\"inLanguage\":\"fr-FR\",\"@id\":\"https:\/\/www.lavisqteam.fr\/#\/schema\/person\/image\/\",\"url\":\"https:\/\/secure.gravatar.com\/avatar\/4a87d013fc854acd0f25858a13573675?s=96&d=mm&r=g\",\"contentUrl\":\"https:\/\/secure.gravatar.com\/avatar\/4a87d013fc854acd0f25858a13573675?s=96&d=mm&r=g\",\"caption\":\"AqME\"},\"description\":\"Amateur d'horreur, M\u00e9talleux dans l'\u00e2me, je succombe facilement \u00e0 des images de chatons.\",\"url\":\"https:\/\/www.lavisqteam.fr\/?author=1\"}]}<\/script>\n<!-- \/ Yoast SEO plugin. -->","yoast_head_json":{"title":"Vreid - The Skies Turn Black - Lavisqteam.fr","robots":{"index":"index","follow":"follow","max-snippet":"max-snippet:-1","max-image-preview":"max-image-preview:large","max-video-preview":"max-video-preview:-1"},"canonical":"https:\/\/www.lavisqteam.fr\/?p=79709","og_locale":"fr_FR","og_type":"article","og_title":"Vreid - The Skies Turn Black - Lavisqteam.fr","og_description":"Avis&nbsp;: C\u2019est en 1994 que se forme le groupe de Viking\/Folk\/Black M\u00e9tal norv\u00e9gien Windir. Tout va pour le mieux jusqu\u2019en 2004, lorsque le chanteur d\u00e9c\u00e8de &hellip;","og_url":"https:\/\/www.lavisqteam.fr\/?p=79709","og_site_name":"Lavisqteam.fr","article_published_time":"2026-03-12T22:02:49+00:00","article_modified_time":"2026-03-12T22:02:52+00:00","og_image":[{"width":727,"height":395,"url":"https:\/\/www.lavisqteam.fr\/wp-content\/uploads\/2026\/03\/vrei.jpg","type":"image\/jpeg"}],"author":"AqME","twitter_card":"summary_large_image","twitter_image":"https:\/\/www.lavisqteam.fr\/wp-content\/uploads\/2026\/03\/vrei.jpg","twitter_misc":{"\u00c9crit par":"AqME","Dur\u00e9e de lecture estim\u00e9e":"5 minutes"},"schema":{"@context":"https:\/\/schema.org","@graph":[{"@type":"Article","@id":"https:\/\/www.lavisqteam.fr\/?p=79709#article","isPartOf":{"@id":"https:\/\/www.lavisqteam.fr\/?p=79709"},"author":{"name":"AqME","@id":"https:\/\/www.lavisqteam.fr\/#\/schema\/person\/da11d7c30bf135b288b17cc576708c2d"},"headline":"Vreid &#8211; The Skies Turn Black","datePublished":"2026-03-12T22:02:49+00:00","dateModified":"2026-03-12T22:02:52+00:00","mainEntityOfPage":{"@id":"https:\/\/www.lavisqteam.fr\/?p=79709"},"wordCount":962,"commentCount":0,"publisher":{"@id":"https:\/\/www.lavisqteam.fr\/#organization"},"articleSection":["Musique"],"inLanguage":"fr-FR","potentialAction":[{"@type":"CommentAction","name":"Comment","target":["https:\/\/www.lavisqteam.fr\/?p=79709#respond"]}]},{"@type":"WebPage","@id":"https:\/\/www.lavisqteam.fr\/?p=79709","url":"https:\/\/www.lavisqteam.fr\/?p=79709","name":"Vreid - The Skies Turn Black - Lavisqteam.fr","isPartOf":{"@id":"https:\/\/www.lavisqteam.fr\/#website"},"datePublished":"2026-03-12T22:02:49+00:00","dateModified":"2026-03-12T22:02:52+00:00","breadcrumb":{"@id":"https:\/\/www.lavisqteam.fr\/?p=79709#breadcrumb"},"inLanguage":"fr-FR","potentialAction":[{"@type":"ReadAction","target":["https:\/\/www.lavisqteam.fr\/?p=79709"]}]},{"@type":"BreadcrumbList","@id":"https:\/\/www.lavisqteam.fr\/?p=79709#breadcrumb","itemListElement":[{"@type":"ListItem","position":1,"name":"Accueil","item":"https:\/\/www.lavisqteam.fr\/"},{"@type":"ListItem","position":2,"name":"Vreid &#8211; The Skies Turn Black"}]},{"@type":"WebSite","@id":"https:\/\/www.lavisqteam.fr\/#website","url":"https:\/\/www.lavisqteam.fr\/","name":"Lavisqteam.fr","description":"","publisher":{"@id":"https:\/\/www.lavisqteam.fr\/#organization"},"potentialAction":[{"@type":"SearchAction","target":{"@type":"EntryPoint","urlTemplate":"https:\/\/www.lavisqteam.fr\/?s={search_term_string}"},"query-input":"required name=search_term_string"}],"inLanguage":"fr-FR"},{"@type":"Organization","@id":"https:\/\/www.lavisqteam.fr\/#organization","name":"Lavisqteam.fr","url":"https:\/\/www.lavisqteam.fr\/","sameAs":[],"logo":{"@type":"ImageObject","inLanguage":"fr-FR","@id":"https:\/\/www.lavisqteam.fr\/#\/schema\/logo\/image\/","url":"https:\/\/www.lavisqteam.fr\/wp-content\/uploads\/2020\/08\/cropped-80879545_3479261675449035_4078032831501041664_o-4.jpg","contentUrl":"https:\/\/www.lavisqteam.fr\/wp-content\/uploads\/2020\/08\/cropped-80879545_3479261675449035_4078032831501041664_o-4.jpg","width":1674,"height":536,"caption":"Lavisqteam.fr"},"image":{"@id":"https:\/\/www.lavisqteam.fr\/#\/schema\/logo\/image\/"}},{"@type":"Person","@id":"https:\/\/www.lavisqteam.fr\/#\/schema\/person\/da11d7c30bf135b288b17cc576708c2d","name":"AqME","image":{"@type":"ImageObject","inLanguage":"fr-FR","@id":"https:\/\/www.lavisqteam.fr\/#\/schema\/person\/image\/","url":"https:\/\/secure.gravatar.com\/avatar\/4a87d013fc854acd0f25858a13573675?s=96&d=mm&r=g","contentUrl":"https:\/\/secure.gravatar.com\/avatar\/4a87d013fc854acd0f25858a13573675?s=96&d=mm&r=g","caption":"AqME"},"description":"Amateur d'horreur, M\u00e9talleux dans l'\u00e2me, je succombe facilement \u00e0 des images de chatons.","url":"https:\/\/www.lavisqteam.fr\/?author=1"}]}},"jetpack_featured_media_url":"https:\/\/www.lavisqteam.fr\/wp-content\/uploads\/2026\/03\/vrei.jpg","_links":{"self":[{"href":"https:\/\/www.lavisqteam.fr\/index.php?rest_route=\/wp\/v2\/posts\/79709"}],"collection":[{"href":"https:\/\/www.lavisqteam.fr\/index.php?rest_route=\/wp\/v2\/posts"}],"about":[{"href":"https:\/\/www.lavisqteam.fr\/index.php?rest_route=\/wp\/v2\/types\/post"}],"author":[{"embeddable":true,"href":"https:\/\/www.lavisqteam.fr\/index.php?rest_route=\/wp\/v2\/users\/1"}],"replies":[{"embeddable":true,"href":"https:\/\/www.lavisqteam.fr\/index.php?rest_route=%2Fwp%2Fv2%2Fcomments&post=79709"}],"version-history":[{"count":1,"href":"https:\/\/www.lavisqteam.fr\/index.php?rest_route=\/wp\/v2\/posts\/79709\/revisions"}],"predecessor-version":[{"id":79711,"href":"https:\/\/www.lavisqteam.fr\/index.php?rest_route=\/wp\/v2\/posts\/79709\/revisions\/79711"}],"wp:featuredmedia":[{"embeddable":true,"href":"https:\/\/www.lavisqteam.fr\/index.php?rest_route=\/wp\/v2\/media\/79710"}],"wp:attachment":[{"href":"https:\/\/www.lavisqteam.fr\/index.php?rest_route=%2Fwp%2Fv2%2Fmedia&parent=79709"}],"wp:term":[{"taxonomy":"category","embeddable":true,"href":"https:\/\/www.lavisqteam.fr\/index.php?rest_route=%2Fwp%2Fv2%2Fcategories&post=79709"},{"taxonomy":"post_tag","embeddable":true,"href":"https:\/\/www.lavisqteam.fr\/index.php?rest_route=%2Fwp%2Fv2%2Ftags&post=79709"}],"curies":[{"name":"wp","href":"https:\/\/api.w.org\/{rel}","templated":true}]}}