{"id":79258,"date":"2026-01-27T19:20:05","date_gmt":"2026-01-27T19:20:05","guid":{"rendered":"https:\/\/www.lavisqteam.fr\/?p=79258"},"modified":"2026-02-24T12:33:44","modified_gmt":"2026-02-24T12:33:44","slug":"les-legendaires-le-film-une-adaptation-bd-fidele","status":"publish","type":"post","link":"https:\/\/www.lavisqteam.fr\/?p=79258","title":{"rendered":"Les L\u00e9gendaires &#8211; Le Film &#8211; Une Adaptation BD Fid\u00e8le"},"content":{"rendered":"<div class=\"wp-block-image\">\n<figure class=\"aligncenter size-large is-resized\"><img src=\"https:\/\/fr.web.img6.acsta.net\/r_1920_1080\/img\/2f\/d5\/2fd599857351d16d6bfdc4f2fefeb6c3.jpg\" alt=\"\" width=\"600\"\/><\/figure><\/div>\n\n\n<p><strong>De&nbsp;: <\/strong>Guillaume Ivernel<\/p>\n\n\n\n<p><strong>Avec les Voix Originales de <\/strong>Roman Doduik, Esth\u00e8le Dumand, Elise Tilloloy, Thomas Sagols<\/p>\n\n\n\n<p><strong>Ann\u00e9e&nbsp;: <\/strong>2026<\/p>\n\n\n\n<p><strong>Pays&nbsp;: <\/strong>France<\/p>\n\n\n\n<p><strong>Genre&nbsp;: <\/strong>Animation<\/p>\n\n\n\n<p><strong>R\u00e9sum\u00e9&nbsp;:<\/strong><\/p>\n\n\n\n<p>Les L\u00e9gendaires, intr\u00e9pides aventuriers, \u00e9taient les plus grands h\u00e9ros de leur temps. Mais suite \u00e0 une terrible mal\u00e9diction, les voil\u00e0 redevenus&#8230; des enfants de 10 ans ! Dana\u00ebl, Jadina, Gryf, Shimy et Razzia vont unir leurs pouvoirs pour vaincre le sorcier Darkhell et lib\u00e9rer leur plan\u00e8te de l\u2019enfance \u00e9ternelle\u2026<\/p>\n\n\n\n<p><strong>Avis&nbsp;:<\/strong><\/p>\n\n\n\n<p><em>Guillaume Ivernel<\/em> est un r\u00e9alisateur et directeur artistique fran\u00e7ais sp\u00e9cialis\u00e9 dans l\u2019animation. Form\u00e9 aux arts graphiques, il commence sa carri\u00e8re comme illustrateur et storyboarder avant de signer la mise en sc\u00e8ne de films comme \u00ab\u00a0<strong>Chasseurs de Dragons<\/strong>\u00a0\u00bb ou \u00ab\u00a0<strong>Spycies<\/strong>\u00ab\u00a0. Son travail se distingue par un sens visuel tr\u00e8s fort, des univers hybrides et une ambition technique rare dans l\u2019animation fran\u00e7aise. Aujourd\u2019hui, il poursuit dans cette voie avec des projets d\u2019envergure comme l\u2019adaptation des \u00ab\u00a0<strong>L\u00e9gendaires<\/strong>\u00ab\u00a0, confirmant sa place parmi les cr\u00e9ateurs qui cherchent \u00e0 amener l\u2019animation de chez nous vers un v\u00e9ritable cin\u00e9ma de grand spectacle.<\/p>\n\n\n<div class=\"wp-block-image\">\n<figure class=\"aligncenter size-large is-resized\"><img src=\"https:\/\/fr.web.img2.acsta.net\/r_1920_1080\/img\/6f\/07\/6f0749c6a78b06af7232687f6896c672.jpg\" alt=\"\" width=\"600\"\/><\/figure><\/div>\n\n\n<p>\u00ab\u00a0<strong>Les L\u00e9gendaires<\/strong>\u00ab\u00a0, c\u2019est une bande dessin\u00e9e qui existe depuis une vingtaine d\u2019ann\u00e9es. Apr\u00e8s une adaptation en s\u00e9rie anim\u00e9e qui n\u2019a pas franchement une belle r\u00e9putation, voici qu\u2019arrive le film sur les \u00e9crans de cin\u00e9ma. Pour ma part, je ne connaissais rien \u00e0 cet univers, dont je n\u2019avais jamais entendu parler. J\u2019\u00e9tais donc novice. Je suis all\u00e9 voir le film que mon cin\u00e9ma proposait en avant-premi\u00e8re, parce que c\u2019est fran\u00e7ais et que je suis toujours curieux de voir ce que notre cin\u00e9ma est capable de proposer de neuf. Et j\u2019ai bien fait, car \u00ab\u00a0<strong>Les L\u00e9gendaires<\/strong>\u00a0\u00bb est un chouette film d\u2019aventures. <em>Guillaume Ivernel<\/em> offre un petit divertissement \u00e0 hauteur de grand. On s\u2019amuse, on est surpris, et m\u00eame si on sait tr\u00e8s bien o\u00f9 est-ce que \u00e7a va aller, on se laisse quand m\u00eame embarquer.<\/p>\n\n\n\n<h2 class=\"has-text-align-center\">\u00ab\u00a0\u00a0\u00bb<strong>Les L\u00e9gendaires<\/strong>\u00a0\u00bb est un petit film qui assure son petit spectacle\u00a0\u00bb<\/h2>\n\n\n\n<p>Dans le monde d\u2019Alysia, un groupe de h\u00e9ros l\u00e9gendaires menait autrefois la lutte contre le mal. Mais lors de leur ultime combat contre le terrible sorcier Darkhell, un sort a mal tourn\u00e9 : toute la population a retrouv\u00e9 un corps d\u2019enfant, eux compris. Rejet\u00e9s, tenus pour responsables de la catastrophe, les cinq h\u00e9ros se sont s\u00e9par\u00e9s et vivent depuis dans l\u2019ombre.<br>Lorsque de nouveaux dangers menacent Alysia, une myst\u00e9rieuse cr\u00e9ature approche et les forces du mal refont surface. Dana\u00ebl, Jadina, Gryf, Shimy et Razzia vont devoir mettre de c\u00f4t\u00e9 leurs ranc\u0153urs, reformer leur groupe et affronter leurs peurs pour sauver un monde qui ne veut plus d\u2019eux. Mais redevenir des L\u00e9gendaires quand on a perdu la confiance de tous\u2026 ce n\u2019est pas si simple.<br><br>Envie d\u2019un petit film d\u2019animation ? Envie d\u2019une aventure amusante qui sait tenir son public ? Alors \u00ab\u00a0<strong>Les L\u00e9gendaires<\/strong>\u00a0\u00bb est un petit film qui assure son petit spectacle. \u00ab\u00a0<strong>Les L\u00e9gendaires<\/strong>\u00ab\u00a0, c\u2019est un film qui nous plonge dans un univers d\u2019heroic fantasy \u00e0 hauteur d\u2019enfants. Cette hauteur, c\u2019est aussi bien pour les personnages eux-m\u00eames, dont une sorte de mal\u00e9diction a enferm\u00e9 les adultes dans un corps d\u2019enfant, que visuellement et narrativement parlant, le film est fait pour un jeune public. Attention, ce n\u2019est pas pour cela non plus que les plus grands n\u2019y trouveront pas leur compte. Non, le film arrive \u00e0 joliment joindre les deux. Ainsi petits et grands suivent cette aventure en famille. Une aventure o\u00f9 l&rsquo;amiti\u00e9 et la coh\u00e9sion de groupe seront n\u00e9cessaires pour battre le m\u00e9chant.<br><br>\u00ab\u00a0<strong>Les L\u00e9gendaires<\/strong>\u00ab\u00a0, c\u2019est un film qui tr\u00e8s vite nous explique ce que l\u2019on ne sait pas. Alors qu\u2019il aurait pu reprendre depuis le d\u00e9but et nous entra\u00eener dans l\u2019aventure qui am\u00e8nera cette fameuse mal\u00e9diction, <em>Guillaume Ivernel<\/em> fait autre chose. Cette partie-l\u00e0, il la raconte tr\u00e8s vite en flashback pour nous entra\u00eener dans l\u2019aventure qui reformera ces \u00ab\u00a0&#8230; l\u00e9gendaires\u00a0\u00bb que le peuple d\u00e9teste. S\u2019ensuit alors une aventure o\u00f9 il va \u00eatre question d\u2019une prise de confiance. Une reformation de groupe. Une confiance retrouv\u00e9e. Et bien s\u00fbr, tout plein d\u2019aventures qui am\u00e8neront \u00e0 ce final qui sait prolonger son spectacle.<\/p>\n\n\n\n<h2 class=\"has-text-align-center\">\u00ab\u00a0\u00a0\u00bb<strong>Les L\u00e9gendaires<\/strong>\u00a0\u00bb est dense et riche. L\u2019univers est bien construit\u00a0\u00bb<\/h2>\n\n\n\n<p>\u00ab\u00a0<strong>Les L\u00e9gendaires<\/strong>\u00ab\u00a0, c\u2019est aussi la d\u00e9couverte de plein de personnages tr\u00e8s attachants. Si le film se permet deux ou trois choses qui ne vont pas, notamment avec certaines r\u00e9pliques qui sont hors \u00ab\u00a0\u00e9poque\u00a0\u00bb (genre : \u00ab\u00a0tu m\u2019as ghost\u00e9e\u00a0\u00bb&#8230; vraiment \u00ab\u00a0ghost\u00e9e\u00a0\u00bb&#8230;), pour le reste, on se laisse gentiment attraper et l\u2019on aime suivre ces personnages d\u2019un bout \u00e0 l\u2019autre de cette aventure qui va jusqu\u2019au bout elle-m\u00eame. Mieux encore, elle appelle \u00e0 une suite qu\u2019on serait bien dispos\u00e9 \u00e0 voir.<br><br>Apr\u00e8s, si l\u2019intrigue est chouette \u00e0 suivre et que ces personnages sont \u00e0 l\u2019image de celle-ci, l\u00e0 o\u00f9 \u00ab\u00a0<strong>Les L\u00e9gendaires<\/strong>\u00a0\u00bb se fait surprenant, c\u2019est dans son visuel. Alors, on passera sur les visages des personnages qui sont trop enfantins, pour ne pas dire \u00ab\u00a0grossiers\u00a0\u00bb, pour s\u2019int\u00e9resser \u00e0 l\u2019univers et aux id\u00e9es de mise en sc\u00e8ne de <em>Guillaume Ivernel<\/em>. Le r\u00e9alisateur nous offre ici un film qui tient son spectacle. \u00ab\u00a0<strong>Les L\u00e9gendaires<\/strong>\u00a0\u00bb est dense et riche. L\u2019univers est bien construit. Les mondes sont cr\u00e9dibles et, au-del\u00e0 de \u00e7a, lorsque le film offre de l\u2019action, il le fait tr\u00e8s bien. \u00ab\u00a0<strong>Les L\u00e9gendaires<\/strong>\u00a0\u00bb regorge de petites sc\u00e8nes d\u2019action bien foutues qu\u2019on se pla\u00eet \u00e0 suivre. Alors bien s\u00fbr, \u00e7a aurait pu \u00eatre mieux. \u00c7a aurait pu \u00eatre intense, \u00e7a aurait pu avoir plus de caract\u00e8re, mais dans ce que le film propose, \u00e7a se tient. Mieux, \u00e7a sait entra\u00eener son public.<\/p>\n\n\n<div class=\"wp-block-image\">\n<figure class=\"aligncenter size-large is-resized\"><img src=\"https:\/\/fr.web.img4.acsta.net\/r_1920_1080\/img\/10\/ff\/10fffdefacafe24db47b052863ddda62.jpg\" alt=\"\" width=\"600\"\/><\/figure><\/div>\n\n\n<p>Ainsi, \u00ab\u00a0<strong>Les L\u00e9gendaires<\/strong>\u00a0\u00bb est un chouette film anim\u00e9. L\u2019animation est parfois basique et simple, notamment dans le visage de ses personnages, mais face \u00e0 cela, le film demeure plaisant, amusant, fort \u00e0 suivre, et m\u00eame quelques \u00e9motions s\u2019invitent \u00e0 la fin. Alors oui, on a vu plus beau en film d\u2019animation, \u00ab\u00a0<strong>Les L\u00e9gendaires<\/strong>\u00a0\u00bb a des progr\u00e8s \u00e0 faire, mais ce n\u2019est pas pour cela qu\u2019il faut bouder son plaisir face \u00e0 un film g\u00e9n\u00e9reux qui sait nous entra\u00eener dans son aventure.<\/p>\n\n\n\n<p><strong>Note\u00a0: 13\/20<\/strong><\/p>\n\n\n\n<figure class=\"wp-block-embed is-type-video is-provider-youtube wp-block-embed-youtube wp-embed-aspect-16-9 wp-has-aspect-ratio\"><div class=\"wp-block-embed__wrapper\">\n<iframe loading=\"lazy\" title=\"LES L\u00c9GENDAIRES Bande Annonce (2026)\" width=\"1200\" height=\"675\" src=\"https:\/\/www.youtube.com\/embed\/nOvlrcS-29A?feature=oembed\" frameborder=\"0\" allow=\"accelerometer; autoplay; clipboard-write; encrypted-media; gyroscope; picture-in-picture; web-share\" referrerpolicy=\"strict-origin-when-cross-origin\" allowfullscreen><\/iframe>\n<\/div><\/figure>\n\n\n\n<p class=\"has-text-align-right\">Par <strong>Cin\u00e9ted<\/strong><\/p>\n","protected":false},"excerpt":{"rendered":"<p>De&nbsp;: Guillaume Ivernel Avec les Voix Originales de Roman Doduik, Esth\u00e8le Dumand, Elise Tilloloy, Thomas Sagols Ann\u00e9e&nbsp;: 2026 Pays&nbsp;: France Genre&nbsp;: Animation R\u00e9sum\u00e9&nbsp;: Les L\u00e9gendaires, &hellip; <\/p>\n","protected":false},"author":4,"featured_media":79259,"comment_status":"open","ping_status":"open","sticky":false,"template":"","format":"standard","meta":[],"categories":[7],"tags":[],"yoast_head":"<!-- This site is optimized with the Yoast SEO plugin v19.6.1 - https:\/\/yoast.com\/wordpress\/plugins\/seo\/ -->\n<title>Les L\u00e9gendaires - Le Film - Une Adaptation BD Fid\u00e8le - Lavisqteam.fr<\/title>\n<meta name=\"robots\" content=\"index, follow, max-snippet:-1, max-image-preview:large, max-video-preview:-1\" \/>\n<link rel=\"canonical\" href=\"https:\/\/www.lavisqteam.fr\/?p=79258\" \/>\n<meta property=\"og:locale\" content=\"fr_FR\" \/>\n<meta property=\"og:type\" content=\"article\" \/>\n<meta property=\"og:title\" content=\"Les L\u00e9gendaires - Le Film - Une Adaptation BD Fid\u00e8le - Lavisqteam.fr\" \/>\n<meta property=\"og:description\" content=\"De&nbsp;: Guillaume Ivernel Avec les Voix Originales de Roman Doduik, Esth\u00e8le Dumand, Elise Tilloloy, Thomas Sagols Ann\u00e9e&nbsp;: 2026 Pays&nbsp;: France Genre&nbsp;: Animation R\u00e9sum\u00e9&nbsp;: Les L\u00e9gendaires, &hellip;\" \/>\n<meta property=\"og:url\" content=\"https:\/\/www.lavisqteam.fr\/?p=79258\" \/>\n<meta property=\"og:site_name\" content=\"Lavisqteam.fr\" \/>\n<meta property=\"article:published_time\" content=\"2026-01-27T19:20:05+00:00\" \/>\n<meta property=\"article:modified_time\" content=\"2026-02-24T12:33:44+00:00\" \/>\n<meta property=\"og:image\" content=\"https:\/\/www.lavisqteam.fr\/wp-content\/uploads\/2026\/01\/lesl.jpg\" \/>\n\t<meta property=\"og:image:width\" content=\"727\" \/>\n\t<meta property=\"og:image:height\" content=\"395\" \/>\n\t<meta property=\"og:image:type\" content=\"image\/jpeg\" \/>\n<meta name=\"author\" content=\"Cineted\" \/>\n<meta name=\"twitter:card\" content=\"summary_large_image\" \/>\n<meta name=\"twitter:image\" content=\"https:\/\/www.lavisqteam.fr\/wp-content\/uploads\/2026\/01\/lesl.jpg\" \/>\n<meta name=\"twitter:label1\" content=\"\u00c9crit par\" \/>\n\t<meta name=\"twitter:data1\" content=\"Cineted\" \/>\n\t<meta name=\"twitter:label2\" content=\"Dur\u00e9e de lecture estim\u00e9e\" \/>\n\t<meta name=\"twitter:data2\" content=\"6 minutes\" \/>\n<script type=\"application\/ld+json\" class=\"yoast-schema-graph\">{\"@context\":\"https:\/\/schema.org\",\"@graph\":[{\"@type\":\"Article\",\"@id\":\"https:\/\/www.lavisqteam.fr\/?p=79258#article\",\"isPartOf\":{\"@id\":\"https:\/\/www.lavisqteam.fr\/?p=79258\"},\"author\":{\"name\":\"Cineted\",\"@id\":\"https:\/\/www.lavisqteam.fr\/#\/schema\/person\/4ed7295b68bc3daae9094db5f1f9f913\"},\"headline\":\"Les L\u00e9gendaires &#8211; Le Film &#8211; Une Adaptation BD Fid\u00e8le\",\"datePublished\":\"2026-01-27T19:20:05+00:00\",\"dateModified\":\"2026-02-24T12:33:44+00:00\",\"mainEntityOfPage\":{\"@id\":\"https:\/\/www.lavisqteam.fr\/?p=79258\"},\"wordCount\":1146,\"commentCount\":0,\"publisher\":{\"@id\":\"https:\/\/www.lavisqteam.fr\/#organization\"},\"articleSection\":[\"Cin\u00e9ma\"],\"inLanguage\":\"fr-FR\",\"potentialAction\":[{\"@type\":\"CommentAction\",\"name\":\"Comment\",\"target\":[\"https:\/\/www.lavisqteam.fr\/?p=79258#respond\"]}]},{\"@type\":\"WebPage\",\"@id\":\"https:\/\/www.lavisqteam.fr\/?p=79258\",\"url\":\"https:\/\/www.lavisqteam.fr\/?p=79258\",\"name\":\"Les L\u00e9gendaires - Le Film - Une Adaptation BD Fid\u00e8le - Lavisqteam.fr\",\"isPartOf\":{\"@id\":\"https:\/\/www.lavisqteam.fr\/#website\"},\"datePublished\":\"2026-01-27T19:20:05+00:00\",\"dateModified\":\"2026-02-24T12:33:44+00:00\",\"breadcrumb\":{\"@id\":\"https:\/\/www.lavisqteam.fr\/?p=79258#breadcrumb\"},\"inLanguage\":\"fr-FR\",\"potentialAction\":[{\"@type\":\"ReadAction\",\"target\":[\"https:\/\/www.lavisqteam.fr\/?p=79258\"]}]},{\"@type\":\"BreadcrumbList\",\"@id\":\"https:\/\/www.lavisqteam.fr\/?p=79258#breadcrumb\",\"itemListElement\":[{\"@type\":\"ListItem\",\"position\":1,\"name\":\"Accueil\",\"item\":\"https:\/\/www.lavisqteam.fr\/\"},{\"@type\":\"ListItem\",\"position\":2,\"name\":\"Les L\u00e9gendaires &#8211; Le Film &#8211; Une Adaptation BD Fid\u00e8le\"}]},{\"@type\":\"WebSite\",\"@id\":\"https:\/\/www.lavisqteam.fr\/#website\",\"url\":\"https:\/\/www.lavisqteam.fr\/\",\"name\":\"Lavisqteam.fr\",\"description\":\"\",\"publisher\":{\"@id\":\"https:\/\/www.lavisqteam.fr\/#organization\"},\"potentialAction\":[{\"@type\":\"SearchAction\",\"target\":{\"@type\":\"EntryPoint\",\"urlTemplate\":\"https:\/\/www.lavisqteam.fr\/?s={search_term_string}\"},\"query-input\":\"required name=search_term_string\"}],\"inLanguage\":\"fr-FR\"},{\"@type\":\"Organization\",\"@id\":\"https:\/\/www.lavisqteam.fr\/#organization\",\"name\":\"Lavisqteam.fr\",\"url\":\"https:\/\/www.lavisqteam.fr\/\",\"sameAs\":[],\"logo\":{\"@type\":\"ImageObject\",\"inLanguage\":\"fr-FR\",\"@id\":\"https:\/\/www.lavisqteam.fr\/#\/schema\/logo\/image\/\",\"url\":\"https:\/\/www.lavisqteam.fr\/wp-content\/uploads\/2020\/08\/cropped-80879545_3479261675449035_4078032831501041664_o-4.jpg\",\"contentUrl\":\"https:\/\/www.lavisqteam.fr\/wp-content\/uploads\/2020\/08\/cropped-80879545_3479261675449035_4078032831501041664_o-4.jpg\",\"width\":1674,\"height\":536,\"caption\":\"Lavisqteam.fr\"},\"image\":{\"@id\":\"https:\/\/www.lavisqteam.fr\/#\/schema\/logo\/image\/\"}},{\"@type\":\"Person\",\"@id\":\"https:\/\/www.lavisqteam.fr\/#\/schema\/person\/4ed7295b68bc3daae9094db5f1f9f913\",\"name\":\"Cineted\",\"image\":{\"@type\":\"ImageObject\",\"inLanguage\":\"fr-FR\",\"@id\":\"https:\/\/www.lavisqteam.fr\/#\/schema\/person\/image\/\",\"url\":\"https:\/\/secure.gravatar.com\/avatar\/2d66d0012368c91013200ba69885bddd?s=96&d=mm&r=g\",\"contentUrl\":\"https:\/\/secure.gravatar.com\/avatar\/2d66d0012368c91013200ba69885bddd?s=96&d=mm&r=g\",\"caption\":\"Cineted\"},\"url\":\"https:\/\/www.lavisqteam.fr\/?author=4\"}]}<\/script>\n<!-- \/ Yoast SEO plugin. -->","yoast_head_json":{"title":"Les L\u00e9gendaires - Le Film - Une Adaptation BD Fid\u00e8le - Lavisqteam.fr","robots":{"index":"index","follow":"follow","max-snippet":"max-snippet:-1","max-image-preview":"max-image-preview:large","max-video-preview":"max-video-preview:-1"},"canonical":"https:\/\/www.lavisqteam.fr\/?p=79258","og_locale":"fr_FR","og_type":"article","og_title":"Les L\u00e9gendaires - Le Film - Une Adaptation BD Fid\u00e8le - Lavisqteam.fr","og_description":"De&nbsp;: Guillaume Ivernel Avec les Voix Originales de Roman Doduik, Esth\u00e8le Dumand, Elise Tilloloy, Thomas Sagols Ann\u00e9e&nbsp;: 2026 Pays&nbsp;: France Genre&nbsp;: Animation R\u00e9sum\u00e9&nbsp;: Les L\u00e9gendaires, &hellip;","og_url":"https:\/\/www.lavisqteam.fr\/?p=79258","og_site_name":"Lavisqteam.fr","article_published_time":"2026-01-27T19:20:05+00:00","article_modified_time":"2026-02-24T12:33:44+00:00","og_image":[{"width":727,"height":395,"url":"https:\/\/www.lavisqteam.fr\/wp-content\/uploads\/2026\/01\/lesl.jpg","type":"image\/jpeg"}],"author":"Cineted","twitter_card":"summary_large_image","twitter_image":"https:\/\/www.lavisqteam.fr\/wp-content\/uploads\/2026\/01\/lesl.jpg","twitter_misc":{"\u00c9crit par":"Cineted","Dur\u00e9e de lecture estim\u00e9e":"6 minutes"},"schema":{"@context":"https:\/\/schema.org","@graph":[{"@type":"Article","@id":"https:\/\/www.lavisqteam.fr\/?p=79258#article","isPartOf":{"@id":"https:\/\/www.lavisqteam.fr\/?p=79258"},"author":{"name":"Cineted","@id":"https:\/\/www.lavisqteam.fr\/#\/schema\/person\/4ed7295b68bc3daae9094db5f1f9f913"},"headline":"Les L\u00e9gendaires &#8211; Le Film &#8211; Une Adaptation BD Fid\u00e8le","datePublished":"2026-01-27T19:20:05+00:00","dateModified":"2026-02-24T12:33:44+00:00","mainEntityOfPage":{"@id":"https:\/\/www.lavisqteam.fr\/?p=79258"},"wordCount":1146,"commentCount":0,"publisher":{"@id":"https:\/\/www.lavisqteam.fr\/#organization"},"articleSection":["Cin\u00e9ma"],"inLanguage":"fr-FR","potentialAction":[{"@type":"CommentAction","name":"Comment","target":["https:\/\/www.lavisqteam.fr\/?p=79258#respond"]}]},{"@type":"WebPage","@id":"https:\/\/www.lavisqteam.fr\/?p=79258","url":"https:\/\/www.lavisqteam.fr\/?p=79258","name":"Les L\u00e9gendaires - Le Film - Une Adaptation BD Fid\u00e8le - Lavisqteam.fr","isPartOf":{"@id":"https:\/\/www.lavisqteam.fr\/#website"},"datePublished":"2026-01-27T19:20:05+00:00","dateModified":"2026-02-24T12:33:44+00:00","breadcrumb":{"@id":"https:\/\/www.lavisqteam.fr\/?p=79258#breadcrumb"},"inLanguage":"fr-FR","potentialAction":[{"@type":"ReadAction","target":["https:\/\/www.lavisqteam.fr\/?p=79258"]}]},{"@type":"BreadcrumbList","@id":"https:\/\/www.lavisqteam.fr\/?p=79258#breadcrumb","itemListElement":[{"@type":"ListItem","position":1,"name":"Accueil","item":"https:\/\/www.lavisqteam.fr\/"},{"@type":"ListItem","position":2,"name":"Les L\u00e9gendaires &#8211; Le Film &#8211; Une Adaptation BD Fid\u00e8le"}]},{"@type":"WebSite","@id":"https:\/\/www.lavisqteam.fr\/#website","url":"https:\/\/www.lavisqteam.fr\/","name":"Lavisqteam.fr","description":"","publisher":{"@id":"https:\/\/www.lavisqteam.fr\/#organization"},"potentialAction":[{"@type":"SearchAction","target":{"@type":"EntryPoint","urlTemplate":"https:\/\/www.lavisqteam.fr\/?s={search_term_string}"},"query-input":"required name=search_term_string"}],"inLanguage":"fr-FR"},{"@type":"Organization","@id":"https:\/\/www.lavisqteam.fr\/#organization","name":"Lavisqteam.fr","url":"https:\/\/www.lavisqteam.fr\/","sameAs":[],"logo":{"@type":"ImageObject","inLanguage":"fr-FR","@id":"https:\/\/www.lavisqteam.fr\/#\/schema\/logo\/image\/","url":"https:\/\/www.lavisqteam.fr\/wp-content\/uploads\/2020\/08\/cropped-80879545_3479261675449035_4078032831501041664_o-4.jpg","contentUrl":"https:\/\/www.lavisqteam.fr\/wp-content\/uploads\/2020\/08\/cropped-80879545_3479261675449035_4078032831501041664_o-4.jpg","width":1674,"height":536,"caption":"Lavisqteam.fr"},"image":{"@id":"https:\/\/www.lavisqteam.fr\/#\/schema\/logo\/image\/"}},{"@type":"Person","@id":"https:\/\/www.lavisqteam.fr\/#\/schema\/person\/4ed7295b68bc3daae9094db5f1f9f913","name":"Cineted","image":{"@type":"ImageObject","inLanguage":"fr-FR","@id":"https:\/\/www.lavisqteam.fr\/#\/schema\/person\/image\/","url":"https:\/\/secure.gravatar.com\/avatar\/2d66d0012368c91013200ba69885bddd?s=96&d=mm&r=g","contentUrl":"https:\/\/secure.gravatar.com\/avatar\/2d66d0012368c91013200ba69885bddd?s=96&d=mm&r=g","caption":"Cineted"},"url":"https:\/\/www.lavisqteam.fr\/?author=4"}]}},"jetpack_featured_media_url":"https:\/\/www.lavisqteam.fr\/wp-content\/uploads\/2026\/01\/lesl.jpg","_links":{"self":[{"href":"https:\/\/www.lavisqteam.fr\/index.php?rest_route=\/wp\/v2\/posts\/79258"}],"collection":[{"href":"https:\/\/www.lavisqteam.fr\/index.php?rest_route=\/wp\/v2\/posts"}],"about":[{"href":"https:\/\/www.lavisqteam.fr\/index.php?rest_route=\/wp\/v2\/types\/post"}],"author":[{"embeddable":true,"href":"https:\/\/www.lavisqteam.fr\/index.php?rest_route=\/wp\/v2\/users\/4"}],"replies":[{"embeddable":true,"href":"https:\/\/www.lavisqteam.fr\/index.php?rest_route=%2Fwp%2Fv2%2Fcomments&post=79258"}],"version-history":[{"count":1,"href":"https:\/\/www.lavisqteam.fr\/index.php?rest_route=\/wp\/v2\/posts\/79258\/revisions"}],"predecessor-version":[{"id":79260,"href":"https:\/\/www.lavisqteam.fr\/index.php?rest_route=\/wp\/v2\/posts\/79258\/revisions\/79260"}],"wp:featuredmedia":[{"embeddable":true,"href":"https:\/\/www.lavisqteam.fr\/index.php?rest_route=\/wp\/v2\/media\/79259"}],"wp:attachment":[{"href":"https:\/\/www.lavisqteam.fr\/index.php?rest_route=%2Fwp%2Fv2%2Fmedia&parent=79258"}],"wp:term":[{"taxonomy":"category","embeddable":true,"href":"https:\/\/www.lavisqteam.fr\/index.php?rest_route=%2Fwp%2Fv2%2Fcategories&post=79258"},{"taxonomy":"post_tag","embeddable":true,"href":"https:\/\/www.lavisqteam.fr\/index.php?rest_route=%2Fwp%2Fv2%2Ftags&post=79258"}],"curies":[{"name":"wp","href":"https:\/\/api.w.org\/{rel}","templated":true}]}}