{"id":78750,"date":"2025-12-09T21:03:05","date_gmt":"2025-12-09T21:03:05","guid":{"rendered":"https:\/\/www.lavisqteam.fr\/?p=78750"},"modified":"2026-01-04T11:32:51","modified_gmt":"2026-01-04T11:32:51","slug":"la-petite-cuisine-de-mehdi-saveur-fade","status":"publish","type":"post","link":"https:\/\/www.lavisqteam.fr\/?p=78750","title":{"rendered":"La Petite Cuisine de Mehdi &#8211; Saveur Fade"},"content":{"rendered":"<div class=\"wp-block-image\">\n<figure class=\"aligncenter size-large is-resized\"><img src=\"https:\/\/fr.web.img4.acsta.net\/r_1920_1080\/img\/b1\/f3\/b1f3ff9d44ec565d42e1b1ac5cd2a170.jpg\" alt=\"\" width=\"600\"\/><\/figure><\/div>\n\n\n<p><strong>De&nbsp;: <\/strong>Amine Adjina<\/p>\n\n\n\n<p><strong>Avec <\/strong>Youn\u00e8s Boucif, Clara Bretheau, Hiam Abbass, Gustave Kervern<\/p>\n\n\n\n<p><strong>Ann\u00e9e&nbsp;: <\/strong>2025<\/p>\n\n\n\n<p><strong>Pays&nbsp;: <\/strong>France<\/p>\n\n\n\n<p><strong>Genre&nbsp;: <\/strong>Com\u00e9die<\/p>\n\n\n\n<p><strong>R\u00e9sum\u00e9&nbsp;:<\/strong><\/p>\n\n\n\n<p>Mehdi est sur un fil. Il joue le r\u00f4le du fils alg\u00e9rien parfait devant sa m\u00e8re Fatima, tout en lui cachant sa relation avec L\u00e9a ainsi que sa passion pour la gastronomie fran\u00e7aise. Il est chef dans un bistrot qu\u2019il s\u2019appr\u00eate \u00e0 racheter avec L\u00e9a. Mais celle-ci n\u2019en peut plus de ses cachoteries et exige de rencontrer Fatima. Au pied du mur, Mehdi va trouver la pire des solutions.<\/p>\n\n\n\n<p><strong>Avis&nbsp;:<\/strong><\/p>\n\n\n\n<p><em>Amine Adjina<\/em> est un metteur en sc\u00e8ne et dramaturge fran\u00e7ais, pass\u00e9 par le th\u00e9\u00e2tre avant de se lancer dans son premier long-m\u00e9trage. Form\u00e9 \u00e0 la mise en sc\u00e8ne, il s\u2019est fait remarquer par des pi\u00e8ces qui m\u00ealent h\u00e9ritage familial, identit\u00e9, humour et douceur sociale. <em>Amine Adjina<\/em> aime raconter les relations, les tensions entre g\u00e9n\u00e9rations, les contrastes entre tradition et modernit\u00e9. Peut-\u00eatre est-ce parce que j\u2019aime beaucoup cuisiner, mais parmi les lieux que le cin\u00e9ma aime explorer, j\u2019ai une affection particuli\u00e8re pour les films qui se passent dans des cuisines. J\u2019aime leur \u00e9nergie, leur inventivit\u00e9, peut-\u00eatre pas \u00e0 l\u2019\u00e9cran, mais du moins dans les assiettes. Puis j\u2019aime les saveurs, j\u2019aime quand on filme les mains au travail. Bref, il y a quelque chose qui me s\u00e9duit d\u2019embl\u00e9e avec ces films-l\u00e0. <\/p>\n\n\n<div class=\"wp-block-image\">\n<figure class=\"aligncenter size-large is-resized\"><img src=\"https:\/\/fr.web.img4.acsta.net\/r_1920_1080\/img\/80\/43\/804364ed53ae314c9c8f4dbb629a4db5.jpg\" alt=\"\" width=\"600\"\/><\/figure><\/div>\n\n\n<p>Cette ann\u00e9e, on a eu le tr\u00e8s chouette \u00ab\u00a0<strong><a href=\"https:\/\/www.lavisqteam.fr\/?p=76241\">Dans la cuisine des Nguy\u1ec5n<\/a><\/strong>\u00ab\u00a0, puis il y a eu \u00ab\u00a0<strong><a href=\"https:\/\/www.lavisqteam.fr\/?p=76629\">La r\u00e9paration<\/a><\/strong>\u00ab\u00a0, qui s\u2019est pos\u00e9 comme une d\u00e9ception. Cette fin d\u2019ann\u00e9e voit d\u00e9barquer \u00ab\u00a0<strong>La petite cuisine de Mehdi<\/strong>\u00ab\u00a0, le premier film d\u2019<em>Amine Adjina<\/em>. Pour son premier film, le r\u00e9alisateur fran\u00e7ais se lance dans une com\u00e9die qui conjugue cuisine et histoire familiale, pour un film haut en couleurs et amusant, m\u00eame si, je dois le dire, il va aussi tr\u00e8s vite s\u2019av\u00e9rer oubliable. En fait, entre ces deux grands th\u00e8mes, la cuisine d&rsquo;un c\u00f4t\u00e9 et l&rsquo;h\u00e9ritage culturel de l&rsquo;autre, \u00ab\u00a0<strong>La petite cuisine de Mehdi<\/strong>\u00a0\u00bb n\u2019arrive pas vraiment \u00e0 choisir, et si le film nous offre de bons moments, il reste assez lambda finalement dans ce qu&rsquo;il raconte.<\/p>\n\n\n\n<h2 class=\"has-text-align-center\">\u00ab\u00a0Le sc\u00e9nario est amusant\u00a0\u00bb<\/h2>\n\n\n\n<p>Mehdi est un jeune chef qui travaille dans un bistrot \u00e0 Lyon. Fils d\u2019origine alg\u00e9rienne, il a bien du mal \u00e0 concilier tous les pans de sa vie. Seul fils de la famille, sa m\u00e8re lui demande beaucoup. Elle r\u00eave de le voir \u00e9pouser une alg\u00e9rienne. Or, Mehdi est en couple avec L\u00e9a. Ensemble, ils sont m\u00eame sur le point d\u2019acheter le restaurant dans lequel il travaille. Quand L\u00e9a demande \u00e0 rencontrer Fatima, la m\u00e8re de Mehdi, le jeune homme s\u2019enfonce dans un mensonge dont il ne saura bient\u00f4t plus comment se d\u00e9p\u00eatrer.<br><br>Avec \u00ab\u00a0<strong>La petite cuisine de Mehdi<\/strong>\u00ab\u00a0, je savais que j\u2019allais passer un chouette petit moment. \u00c7a n\u2019allait s\u00fbrement pas \u00eatre du grand cin\u00e9ma, mais les ingr\u00e9dients sont l\u00e0, et j\u2019aime bien ces recettes. Et c\u2019est d\u2019ailleurs un bon petit moment que j\u2019ai pass\u00e9. Le sc\u00e9nario est amusant. Le mensonge prend bien, et \u00e9videmment, au fur et \u00e0 mesure que l\u2019intrigue se d\u00e9roule, on prend plaisir \u00e0 voir ces personnages compl\u00e8tement d\u00e9pass\u00e9s par les \u00e9v\u00e9nements, leur vie, et les gens qui les entourent. M\u00eame si on n\u2019a aucun doute sur le d\u00e9nouement de l\u2019histoire et son happy end, il y a quelque chose qui fait qu\u2019on reste amus\u00e9 et intrigu\u00e9, afin de voir comment il va bien pouvoir se d\u00e9patouiller de tout \u00e7a.<\/p>\n\n\n\n<h2 class=\"has-text-align-center\">\u00ab\u00a0\u00a0\u00bb<strong>La petite cuisine de Mehdi<\/strong>\u00a0\u00bb reste une petite com\u00e9die trop sage\u00a0\u00bb<\/h2>\n\n\n\n<p>Avec \u00e7a, le film balance des personnages hauts en couleurs, notamment chez les deux m\u00e8res, qui sont divinement tenues par <em>Hiam Abbass<\/em> et <em>Malika Zerrouki<\/em>, toutes deux excellentes com\u00e9diennes et surtout excellentes trag\u00e9diennes lorsqu\u2019il s\u2019agit de pousser les \u00e9motions, les accents et les portraits de ces deux femmes. En un sens, on peut dire qu\u2019elles rehaussent le film \u00e0 elles seules tant elles s&rsquo;amusent avec ces personnages.<br><br>Car oui, voil\u00e0 : si le film est amusant, s\u2019il est int\u00e9ressant dans les th\u00e8mes qu\u2019il aborde, famille, peur de la r\u00e9action, cultures, poids culturel, poids familial, ou encore le mensonge comme arme pour ne pas blesser, face \u00e0 tout cela, \u00ab\u00a0<strong>La petite cuisine de Mehdi<\/strong>\u00a0\u00bb reste une petite com\u00e9die trop sage, tr\u00e8s convenue, pr\u00e9visible. Et m\u00eame si le film pose son intrigue en cuisine, il y a assez peu d\u2019originalit\u00e9 dans ce qu\u2019il raconte. D&rsquo;ailleurs, il oublie souvent la cuisine, pour regarder ses personnages et la com\u00e9die qu&rsquo;il s&rsquo;impose. On conna\u00eet d\u00e9j\u00e0 cette histoire, ce genre de film qu\u2019on a d\u00e9j\u00e0 vu. C\u2019est toujours un peu pareil, et surtout, \u00e0 force de raconter cette histoire, il n\u2019y a plus vraiment de surprise. Et ici, m\u00eame si le film s\u2019aventure dans la com\u00e9die, et il le fait tr\u00e8s bien, dans son ensemble, il a un c\u00f4t\u00e9 lambda, et c\u2019est dommage.<\/p>\n\n\n<div class=\"wp-block-image\">\n<figure class=\"aligncenter size-large is-resized\"><img src=\"https:\/\/fr.web.img3.acsta.net\/r_1920_1080\/img\/56\/5d\/565d45495a749aa8590be50bdb7e6a52.png\" alt=\"\" width=\"600\"\/><\/figure><\/div>\n\n\n<p>Ainsi, \u00ab\u00a0<strong>La petite cuisine de Mehdi<\/strong>\u00a0\u00bb est un petit film sympa, qui sait amuser sur l\u2019instant, mais derri\u00e8re \u00e7a, il raconte ce que l\u2019on sait d\u00e9j\u00e0, ce que l\u2019on conna\u00eet d\u00e9j\u00e0, et malgr\u00e9 ses acteurs et surtout ses actrices, ce premier film ne restera pas en m\u00e9moire. Dommage.<\/p>\n\n\n\n<p><strong>Note\u00a0: 10\/20<\/strong><\/p>\n\n\n\n<figure class=\"wp-block-embed is-type-video is-provider-youtube wp-block-embed-youtube wp-embed-aspect-16-9 wp-has-aspect-ratio\"><div class=\"wp-block-embed__wrapper\">\n<iframe loading=\"lazy\" title=\"LA PETITE CUISINE DE MEHDI de Amine Adjina - Bande-annonce - au cin\u00e9ma le 10 d\u00e9cembre 2025\" width=\"1200\" height=\"675\" src=\"https:\/\/www.youtube.com\/embed\/E0ca-rNdx-k?feature=oembed\" frameborder=\"0\" allow=\"accelerometer; autoplay; clipboard-write; encrypted-media; gyroscope; picture-in-picture; web-share\" referrerpolicy=\"strict-origin-when-cross-origin\" allowfullscreen><\/iframe>\n<\/div><\/figure>\n\n\n\n<p class=\"has-text-align-right\">Par <strong>Cin\u00e9ted<\/strong><\/p>\n","protected":false},"excerpt":{"rendered":"<p>De&nbsp;: Amine Adjina Avec Youn\u00e8s Boucif, Clara Bretheau, Hiam Abbass, Gustave Kervern Ann\u00e9e&nbsp;: 2025 Pays&nbsp;: France Genre&nbsp;: Com\u00e9die R\u00e9sum\u00e9&nbsp;: Mehdi est sur un fil. Il &hellip; <\/p>\n","protected":false},"author":4,"featured_media":78751,"comment_status":"open","ping_status":"open","sticky":false,"template":"","format":"standard","meta":[],"categories":[7],"tags":[],"yoast_head":"<!-- This site is optimized with the Yoast SEO plugin v19.6.1 - https:\/\/yoast.com\/wordpress\/plugins\/seo\/ -->\n<title>La Petite Cuisine de Mehdi - Saveur Fade - Lavisqteam.fr<\/title>\n<meta name=\"robots\" content=\"index, follow, max-snippet:-1, max-image-preview:large, max-video-preview:-1\" \/>\n<link rel=\"canonical\" href=\"https:\/\/www.lavisqteam.fr\/?p=78750\" \/>\n<meta property=\"og:locale\" content=\"fr_FR\" \/>\n<meta property=\"og:type\" content=\"article\" \/>\n<meta property=\"og:title\" content=\"La Petite Cuisine de Mehdi - Saveur Fade - Lavisqteam.fr\" \/>\n<meta property=\"og:description\" content=\"De&nbsp;: Amine Adjina Avec Youn\u00e8s Boucif, Clara Bretheau, Hiam Abbass, Gustave Kervern Ann\u00e9e&nbsp;: 2025 Pays&nbsp;: France Genre&nbsp;: Com\u00e9die R\u00e9sum\u00e9&nbsp;: Mehdi est sur un fil. Il &hellip;\" \/>\n<meta property=\"og:url\" content=\"https:\/\/www.lavisqteam.fr\/?p=78750\" \/>\n<meta property=\"og:site_name\" content=\"Lavisqteam.fr\" \/>\n<meta property=\"article:published_time\" content=\"2025-12-09T21:03:05+00:00\" \/>\n<meta property=\"article:modified_time\" content=\"2026-01-04T11:32:51+00:00\" \/>\n<meta property=\"og:image\" content=\"https:\/\/www.lavisqteam.fr\/wp-content\/uploads\/2025\/12\/lape.jpg\" \/>\n\t<meta property=\"og:image:width\" content=\"727\" \/>\n\t<meta property=\"og:image:height\" content=\"395\" \/>\n\t<meta property=\"og:image:type\" content=\"image\/jpeg\" \/>\n<meta name=\"author\" content=\"Cineted\" \/>\n<meta name=\"twitter:card\" content=\"summary_large_image\" \/>\n<meta name=\"twitter:image\" content=\"https:\/\/www.lavisqteam.fr\/wp-content\/uploads\/2025\/12\/lape.jpg\" \/>\n<meta name=\"twitter:label1\" content=\"\u00c9crit par\" \/>\n\t<meta name=\"twitter:data1\" content=\"Cineted\" \/>\n\t<meta name=\"twitter:label2\" content=\"Dur\u00e9e de lecture estim\u00e9e\" \/>\n\t<meta name=\"twitter:data2\" content=\"5 minutes\" \/>\n<script type=\"application\/ld+json\" class=\"yoast-schema-graph\">{\"@context\":\"https:\/\/schema.org\",\"@graph\":[{\"@type\":\"Article\",\"@id\":\"https:\/\/www.lavisqteam.fr\/?p=78750#article\",\"isPartOf\":{\"@id\":\"https:\/\/www.lavisqteam.fr\/?p=78750\"},\"author\":{\"name\":\"Cineted\",\"@id\":\"https:\/\/www.lavisqteam.fr\/#\/schema\/person\/4ed7295b68bc3daae9094db5f1f9f913\"},\"headline\":\"La Petite Cuisine de Mehdi &#8211; Saveur Fade\",\"datePublished\":\"2025-12-09T21:03:05+00:00\",\"dateModified\":\"2026-01-04T11:32:51+00:00\",\"mainEntityOfPage\":{\"@id\":\"https:\/\/www.lavisqteam.fr\/?p=78750\"},\"wordCount\":984,\"commentCount\":0,\"publisher\":{\"@id\":\"https:\/\/www.lavisqteam.fr\/#organization\"},\"articleSection\":[\"Cin\u00e9ma\"],\"inLanguage\":\"fr-FR\",\"potentialAction\":[{\"@type\":\"CommentAction\",\"name\":\"Comment\",\"target\":[\"https:\/\/www.lavisqteam.fr\/?p=78750#respond\"]}]},{\"@type\":\"WebPage\",\"@id\":\"https:\/\/www.lavisqteam.fr\/?p=78750\",\"url\":\"https:\/\/www.lavisqteam.fr\/?p=78750\",\"name\":\"La Petite Cuisine de Mehdi - Saveur Fade - Lavisqteam.fr\",\"isPartOf\":{\"@id\":\"https:\/\/www.lavisqteam.fr\/#website\"},\"datePublished\":\"2025-12-09T21:03:05+00:00\",\"dateModified\":\"2026-01-04T11:32:51+00:00\",\"breadcrumb\":{\"@id\":\"https:\/\/www.lavisqteam.fr\/?p=78750#breadcrumb\"},\"inLanguage\":\"fr-FR\",\"potentialAction\":[{\"@type\":\"ReadAction\",\"target\":[\"https:\/\/www.lavisqteam.fr\/?p=78750\"]}]},{\"@type\":\"BreadcrumbList\",\"@id\":\"https:\/\/www.lavisqteam.fr\/?p=78750#breadcrumb\",\"itemListElement\":[{\"@type\":\"ListItem\",\"position\":1,\"name\":\"Accueil\",\"item\":\"https:\/\/www.lavisqteam.fr\/\"},{\"@type\":\"ListItem\",\"position\":2,\"name\":\"La Petite Cuisine de Mehdi &#8211; Saveur Fade\"}]},{\"@type\":\"WebSite\",\"@id\":\"https:\/\/www.lavisqteam.fr\/#website\",\"url\":\"https:\/\/www.lavisqteam.fr\/\",\"name\":\"Lavisqteam.fr\",\"description\":\"\",\"publisher\":{\"@id\":\"https:\/\/www.lavisqteam.fr\/#organization\"},\"potentialAction\":[{\"@type\":\"SearchAction\",\"target\":{\"@type\":\"EntryPoint\",\"urlTemplate\":\"https:\/\/www.lavisqteam.fr\/?s={search_term_string}\"},\"query-input\":\"required name=search_term_string\"}],\"inLanguage\":\"fr-FR\"},{\"@type\":\"Organization\",\"@id\":\"https:\/\/www.lavisqteam.fr\/#organization\",\"name\":\"Lavisqteam.fr\",\"url\":\"https:\/\/www.lavisqteam.fr\/\",\"sameAs\":[],\"logo\":{\"@type\":\"ImageObject\",\"inLanguage\":\"fr-FR\",\"@id\":\"https:\/\/www.lavisqteam.fr\/#\/schema\/logo\/image\/\",\"url\":\"https:\/\/www.lavisqteam.fr\/wp-content\/uploads\/2020\/08\/cropped-80879545_3479261675449035_4078032831501041664_o-4.jpg\",\"contentUrl\":\"https:\/\/www.lavisqteam.fr\/wp-content\/uploads\/2020\/08\/cropped-80879545_3479261675449035_4078032831501041664_o-4.jpg\",\"width\":1674,\"height\":536,\"caption\":\"Lavisqteam.fr\"},\"image\":{\"@id\":\"https:\/\/www.lavisqteam.fr\/#\/schema\/logo\/image\/\"}},{\"@type\":\"Person\",\"@id\":\"https:\/\/www.lavisqteam.fr\/#\/schema\/person\/4ed7295b68bc3daae9094db5f1f9f913\",\"name\":\"Cineted\",\"image\":{\"@type\":\"ImageObject\",\"inLanguage\":\"fr-FR\",\"@id\":\"https:\/\/www.lavisqteam.fr\/#\/schema\/person\/image\/\",\"url\":\"https:\/\/secure.gravatar.com\/avatar\/2d66d0012368c91013200ba69885bddd?s=96&d=mm&r=g\",\"contentUrl\":\"https:\/\/secure.gravatar.com\/avatar\/2d66d0012368c91013200ba69885bddd?s=96&d=mm&r=g\",\"caption\":\"Cineted\"},\"url\":\"https:\/\/www.lavisqteam.fr\/?author=4\"}]}<\/script>\n<!-- \/ Yoast SEO plugin. -->","yoast_head_json":{"title":"La Petite Cuisine de Mehdi - Saveur Fade - Lavisqteam.fr","robots":{"index":"index","follow":"follow","max-snippet":"max-snippet:-1","max-image-preview":"max-image-preview:large","max-video-preview":"max-video-preview:-1"},"canonical":"https:\/\/www.lavisqteam.fr\/?p=78750","og_locale":"fr_FR","og_type":"article","og_title":"La Petite Cuisine de Mehdi - Saveur Fade - Lavisqteam.fr","og_description":"De&nbsp;: Amine Adjina Avec Youn\u00e8s Boucif, Clara Bretheau, Hiam Abbass, Gustave Kervern Ann\u00e9e&nbsp;: 2025 Pays&nbsp;: France Genre&nbsp;: Com\u00e9die R\u00e9sum\u00e9&nbsp;: Mehdi est sur un fil. Il &hellip;","og_url":"https:\/\/www.lavisqteam.fr\/?p=78750","og_site_name":"Lavisqteam.fr","article_published_time":"2025-12-09T21:03:05+00:00","article_modified_time":"2026-01-04T11:32:51+00:00","og_image":[{"width":727,"height":395,"url":"https:\/\/www.lavisqteam.fr\/wp-content\/uploads\/2025\/12\/lape.jpg","type":"image\/jpeg"}],"author":"Cineted","twitter_card":"summary_large_image","twitter_image":"https:\/\/www.lavisqteam.fr\/wp-content\/uploads\/2025\/12\/lape.jpg","twitter_misc":{"\u00c9crit par":"Cineted","Dur\u00e9e de lecture estim\u00e9e":"5 minutes"},"schema":{"@context":"https:\/\/schema.org","@graph":[{"@type":"Article","@id":"https:\/\/www.lavisqteam.fr\/?p=78750#article","isPartOf":{"@id":"https:\/\/www.lavisqteam.fr\/?p=78750"},"author":{"name":"Cineted","@id":"https:\/\/www.lavisqteam.fr\/#\/schema\/person\/4ed7295b68bc3daae9094db5f1f9f913"},"headline":"La Petite Cuisine de Mehdi &#8211; Saveur Fade","datePublished":"2025-12-09T21:03:05+00:00","dateModified":"2026-01-04T11:32:51+00:00","mainEntityOfPage":{"@id":"https:\/\/www.lavisqteam.fr\/?p=78750"},"wordCount":984,"commentCount":0,"publisher":{"@id":"https:\/\/www.lavisqteam.fr\/#organization"},"articleSection":["Cin\u00e9ma"],"inLanguage":"fr-FR","potentialAction":[{"@type":"CommentAction","name":"Comment","target":["https:\/\/www.lavisqteam.fr\/?p=78750#respond"]}]},{"@type":"WebPage","@id":"https:\/\/www.lavisqteam.fr\/?p=78750","url":"https:\/\/www.lavisqteam.fr\/?p=78750","name":"La Petite Cuisine de Mehdi - Saveur Fade - Lavisqteam.fr","isPartOf":{"@id":"https:\/\/www.lavisqteam.fr\/#website"},"datePublished":"2025-12-09T21:03:05+00:00","dateModified":"2026-01-04T11:32:51+00:00","breadcrumb":{"@id":"https:\/\/www.lavisqteam.fr\/?p=78750#breadcrumb"},"inLanguage":"fr-FR","potentialAction":[{"@type":"ReadAction","target":["https:\/\/www.lavisqteam.fr\/?p=78750"]}]},{"@type":"BreadcrumbList","@id":"https:\/\/www.lavisqteam.fr\/?p=78750#breadcrumb","itemListElement":[{"@type":"ListItem","position":1,"name":"Accueil","item":"https:\/\/www.lavisqteam.fr\/"},{"@type":"ListItem","position":2,"name":"La Petite Cuisine de Mehdi &#8211; Saveur Fade"}]},{"@type":"WebSite","@id":"https:\/\/www.lavisqteam.fr\/#website","url":"https:\/\/www.lavisqteam.fr\/","name":"Lavisqteam.fr","description":"","publisher":{"@id":"https:\/\/www.lavisqteam.fr\/#organization"},"potentialAction":[{"@type":"SearchAction","target":{"@type":"EntryPoint","urlTemplate":"https:\/\/www.lavisqteam.fr\/?s={search_term_string}"},"query-input":"required name=search_term_string"}],"inLanguage":"fr-FR"},{"@type":"Organization","@id":"https:\/\/www.lavisqteam.fr\/#organization","name":"Lavisqteam.fr","url":"https:\/\/www.lavisqteam.fr\/","sameAs":[],"logo":{"@type":"ImageObject","inLanguage":"fr-FR","@id":"https:\/\/www.lavisqteam.fr\/#\/schema\/logo\/image\/","url":"https:\/\/www.lavisqteam.fr\/wp-content\/uploads\/2020\/08\/cropped-80879545_3479261675449035_4078032831501041664_o-4.jpg","contentUrl":"https:\/\/www.lavisqteam.fr\/wp-content\/uploads\/2020\/08\/cropped-80879545_3479261675449035_4078032831501041664_o-4.jpg","width":1674,"height":536,"caption":"Lavisqteam.fr"},"image":{"@id":"https:\/\/www.lavisqteam.fr\/#\/schema\/logo\/image\/"}},{"@type":"Person","@id":"https:\/\/www.lavisqteam.fr\/#\/schema\/person\/4ed7295b68bc3daae9094db5f1f9f913","name":"Cineted","image":{"@type":"ImageObject","inLanguage":"fr-FR","@id":"https:\/\/www.lavisqteam.fr\/#\/schema\/person\/image\/","url":"https:\/\/secure.gravatar.com\/avatar\/2d66d0012368c91013200ba69885bddd?s=96&d=mm&r=g","contentUrl":"https:\/\/secure.gravatar.com\/avatar\/2d66d0012368c91013200ba69885bddd?s=96&d=mm&r=g","caption":"Cineted"},"url":"https:\/\/www.lavisqteam.fr\/?author=4"}]}},"jetpack_featured_media_url":"https:\/\/www.lavisqteam.fr\/wp-content\/uploads\/2025\/12\/lape.jpg","_links":{"self":[{"href":"https:\/\/www.lavisqteam.fr\/index.php?rest_route=\/wp\/v2\/posts\/78750"}],"collection":[{"href":"https:\/\/www.lavisqteam.fr\/index.php?rest_route=\/wp\/v2\/posts"}],"about":[{"href":"https:\/\/www.lavisqteam.fr\/index.php?rest_route=\/wp\/v2\/types\/post"}],"author":[{"embeddable":true,"href":"https:\/\/www.lavisqteam.fr\/index.php?rest_route=\/wp\/v2\/users\/4"}],"replies":[{"embeddable":true,"href":"https:\/\/www.lavisqteam.fr\/index.php?rest_route=%2Fwp%2Fv2%2Fcomments&post=78750"}],"version-history":[{"count":1,"href":"https:\/\/www.lavisqteam.fr\/index.php?rest_route=\/wp\/v2\/posts\/78750\/revisions"}],"predecessor-version":[{"id":78752,"href":"https:\/\/www.lavisqteam.fr\/index.php?rest_route=\/wp\/v2\/posts\/78750\/revisions\/78752"}],"wp:featuredmedia":[{"embeddable":true,"href":"https:\/\/www.lavisqteam.fr\/index.php?rest_route=\/wp\/v2\/media\/78751"}],"wp:attachment":[{"href":"https:\/\/www.lavisqteam.fr\/index.php?rest_route=%2Fwp%2Fv2%2Fmedia&parent=78750"}],"wp:term":[{"taxonomy":"category","embeddable":true,"href":"https:\/\/www.lavisqteam.fr\/index.php?rest_route=%2Fwp%2Fv2%2Fcategories&post=78750"},{"taxonomy":"post_tag","embeddable":true,"href":"https:\/\/www.lavisqteam.fr\/index.php?rest_route=%2Fwp%2Fv2%2Ftags&post=78750"}],"curies":[{"name":"wp","href":"https:\/\/api.w.org\/{rel}","templated":true}]}}