{"id":77856,"date":"2025-08-31T13:31:03","date_gmt":"2025-08-31T13:31:03","guid":{"rendered":"https:\/\/www.lavisqteam.fr\/?p=77856"},"modified":"2025-08-31T13:31:06","modified_gmt":"2025-08-31T13:31:06","slug":"les-enquetes-de-lalieniste-t-01-la-chambre-mortuaire-jean-luc-bizien","status":"publish","type":"post","link":"https:\/\/www.lavisqteam.fr\/?p=77856","title":{"rendered":"Les Enqu\u00eates de l&rsquo;Ali\u00e9niste T.01 &#8211; La Chambre Mortuaire &#8211; Jean-Luc Bizien"},"content":{"rendered":"<div class=\"wp-block-image\">\n<figure class=\"aligncenter size-large\"><img src=\"https:\/\/m.media-amazon.com\/images\/I\/71QB4xElijL._UF350,350_QL50_.jpg\" alt=\"\"\/><\/figure><\/div>\n\n\n<p><strong>Auteur&nbsp;: <\/strong>Jean-Luc Bizien<\/p>\n\n\n\n<p><strong>Editeur&nbsp;: <\/strong>L\u2019Archipel<\/p>\n\n\n\n<p><strong>Genre&nbsp;: <\/strong>Thriller, Polar<\/p>\n\n\n\n<p><strong>R\u00e9sum\u00e9&nbsp;:<\/strong><\/p>\n\n\n\n<p>Paris, juillet 1888. &nbsp;Un cadavre dispara\u00eet de la morgue, un autre corps est retrouv\u00e9, nu, sur les pav\u00e9s apr\u00e8s une chute vertigineuse. Surviennent, bient\u00f4t, de nouvelles morts suspectes. L&rsquo;inspecteur Desnoyers, flanqu\u00e9 de son adjoint Mesnard, qui applique les techniques les plus modernes, hante les rues sombres de la capitale. Il y d\u00e9m\u00ealera les fils d&rsquo;une conspiration qui le m\u00e8ne au Dr Simon Bloomberg, ali\u00e9niste \u00e0 la r\u00e9putation sulfureuse&#8230; que l&rsquo;on dit plus dangereux encore que ses patients ! &nbsp;Et que penser de cette jeune Anglaise, Sarah Englewood, tout juste engag\u00e9e par Bloomberg ? Dans ce Paris o\u00f9 le spiritisme c\u00f4toie la science, o\u00f9 les esprits les plus cart\u00e9siens s&rsquo;adonnent \u00e0 l&rsquo;absinthe, l&rsquo;alcool qui rend fou, Desnoyers vacille : doit-il collaborer avec Bloomberg ou, au contraire, tout faire pour confondre le t\u00e9n\u00e9breux ali\u00e9niste ? Une \u00e0 une, les d\u00e9couvertes morbides le rapprochent de la v\u00e9rit\u00e9&#8230; mais aussi du danger.<\/p>\n\n\n\n<p><strong>Avis&nbsp;:<\/strong><\/p>\n\n\n\n<p>Le domaine du polar historique offre des enqu\u00eates particuli\u00e8rement bien men\u00e9es. \u00c0 l\u2019image des affaires de Max Liebermann ou de Valentin Verne, on retrouve un contexte fouill\u00e9 pour mettre en sc\u00e8ne des investigations pleines de subtilit\u00e9s. Au travers d\u2019une p\u00e9riode min\u00e9e par les ing\u00e9rences politiques ou les mouvements vell\u00e9itaires de l\u2019\u00e9poque en question, on peut appr\u00e9cier des r\u00e9cits ma\u00eetris\u00e9s, immersifs. Ceux-ci sont port\u00e9s par une narration soign\u00e9e et la caract\u00e9risation des personnages. Au terme des ann\u00e9es&nbsp;2000, <em>Jean-Luc Bizien<\/em> s\u2019insinuait dans ce registre avec <strong>La Chambre mortuaire<\/strong>, m\u00eame s\u2019il ne b\u00e9n\u00e9ficiait pas de la visibilit\u00e9 \u00e0 laquelle il pouvait pr\u00e9tendre. Pr\u00e8s de 15 ans apr\u00e8s la sortie, le tir semble corrig\u00e9 avec une r\u00e9\u00e9dition de qualit\u00e9.<\/p>\n\n\n\n<p>L\u2019histoire prend place \u00e0 la fin du XIXe si\u00e8cle. Le choix de l\u2019ann\u00e9e&nbsp;1888 ne para\u00eet pas anodin, bien que la symbolique se situe outre-Manche avec les assassinats de Jack l\u2019\u00c9ventreur. Si l\u2019affaire ne poss\u00e8de aucun rapport avec ce qui nous occupe dans le pr\u00e9sent ouvrage, on peut toutefois y distinguer une occurrence dans le contexte et la mani\u00e8re de pr\u00e9senter le cadre. Au regard du climat social et de l\u2019immersion progressive dans les bas-fonds parisiens, le parall\u00e8le demeure assez \u00e9vident. L\u2019histoire nous convie plus \u00e0 un huis clos qu\u2019\u00e0 une incursion dans des quartiers malfam\u00e9s ou hupp\u00e9s. Tout d\u00e9pend des circonstances. Il n\u2019en reste pas moins une atmosph\u00e8re palpable, d\u00e9peinte avec rigueur.<\/p>\n\n\n\n<p>Si l\u2019on pouvait s\u2019attendre \u00e0 une enqu\u00eate polici\u00e8re classique, l\u2019approche initiale vient contredire cet a priori. Certes, il y a bien de sombres pr\u00e9occupations criminelles qui monopolisent les forces de l\u2019ordre. Elles sont n\u00e9anmoins en filigrane du point de vue principal. \u00c0 savoir, le quotidien d\u2019une domestique sans-le-sou, dont la curiosit\u00e9 am\u00e8ne \u00e0 reconsid\u00e9rer son statut et sa place au sein de la demeure de son employeur. On va alors s\u2019interroger sur la potentielle responsabilit\u00e9 de ce dernier. Cela permet de jouer sur la teneur des faits, les indices qui tendent \u00e0 attester de son implication dans la disparition fortuite de cadavres et, plus tard, les crimes perp\u00e9tr\u00e9s.<\/p>\n\n\n\n<p>Avec mesure et sans suggestion extrapol\u00e9e, l\u2019auteur entretient le doute et la culpabilit\u00e9 du protagoniste sur ces morts \u00e9tranges. Le fait d\u2019y distinguer une accointance \u00e9vidente avec des \u00ab&nbsp;ali\u00e9n\u00e9s&nbsp;\u00bb, de s\u2019affranchir de consid\u00e9rations morales et d\u2019un anticonformisme inh\u00e9rent \u00e0 sa profession contribue \u00e0 rendre l\u2019issue incertaine. En d\u00e9pit de l\u2019enrobage marketing qui augure d\u2019autres aventures, le d\u00e9roulement de l\u2019histoire reste bien men\u00e9. On songe \u00e0 ces incursions fortuites pour pister l\u2019objet de toutes les suspicions, \u00e0 ces recherches au sein d\u2019une demeure dont l\u2019architecture et l\u2019agencement interpellent. En l\u2019occurrence, l\u2019appellation de maison-pyramide n\u2019est gu\u00e8re usurp\u00e9e.<\/p>\n\n\n\n<p>Au fil d\u2019une narration dont le rythme ne faiblit gu\u00e8re, on peut aussi appr\u00e9cier une belle gestion du suspense. L\u00e0 encore, on ne se focalise pas forc\u00e9ment sur la v\u00e9racit\u00e9 des faits, mais sur le degr\u00e9 d\u2019implication et la perspective du protagoniste. Ce qui accentue la singularit\u00e9 du propos, d\u00e9laissant tout manich\u00e9isme pour susciter de la perplexit\u00e9 aupr\u00e8s du lectorat, et ce, jusqu\u2019au d\u00e9nouement. Le soin apport\u00e9 \u00e0 la caract\u00e9risation et \u00e0 l\u2019exposition de personnages aux motivations et parcours diff\u00e9rents vient renforcer cette impression. D\u00e8s lors, il est d\u2019autant plus compliqu\u00e9 de d\u00e9m\u00ealer le vrai du faux. Ce qui, en l\u2019occurrence, demeure appr\u00e9ciable pour un genre \u00e9cul\u00e9 o\u00f9 il est difficile d\u2019innover.<\/p>\n\n\n\n<p>Au final, <strong>La Chambre mortuaire<\/strong> constitue un premier tome convaincant des enqu\u00eates de l\u2019ali\u00e9niste. L\u00e0 o\u00f9 l\u2019on aurait pu s\u2019attendre \u00e0 une it\u00e9ration sommaire d\u2019une p\u00e9riode maintes fois \u00e9voqu\u00e9e, on y distingue une approche singuli\u00e8re, plus intimiste. Cette consid\u00e9ration tient au choix d\u2019un huis clos qui met l\u2019accent sur le myst\u00e8re d\u2019une maison pas comme les autres. On a beau s\u2019\u00e9chapper au travers de quelques incursions ext\u00e9rieures dans des quartiers peu avenants de la capitale, il subsiste une sensation de prise au pi\u00e8ge ent\u00eatante. Il en ressort un polar historique de qualit\u00e9 qui s\u2019affranchit des fondamentaux de ses homologues pour imposer sa propre identit\u00e9. Ma\u00eetris\u00e9 et prometteur pour les tomes \u00e0 venir\u2026<\/p>\n\n\n\n<p><strong>Note\u00a0: 16\/20<\/strong><\/p>\n\n\n\n<p class=\"has-text-align-right\">Par <strong>Dante<\/strong><\/p>\n","protected":false},"excerpt":{"rendered":"<p>Auteur&nbsp;: Jean-Luc Bizien Editeur&nbsp;: L\u2019Archipel Genre&nbsp;: Thriller, Polar R\u00e9sum\u00e9&nbsp;: Paris, juillet 1888. &nbsp;Un cadavre dispara\u00eet de la morgue, un autre corps est retrouv\u00e9, nu, sur &hellip; <\/p>\n","protected":false},"author":5,"featured_media":77857,"comment_status":"open","ping_status":"open","sticky":false,"template":"","format":"standard","meta":[],"categories":[10],"tags":[],"yoast_head":"<!-- This site is optimized with the Yoast SEO plugin v19.6.1 - https:\/\/yoast.com\/wordpress\/plugins\/seo\/ -->\n<title>Les Enqu\u00eates de l&#039;Ali\u00e9niste T.01 - La Chambre Mortuaire - Jean-Luc Bizien - Lavisqteam.fr<\/title>\n<meta name=\"robots\" content=\"index, follow, max-snippet:-1, max-image-preview:large, max-video-preview:-1\" \/>\n<link rel=\"canonical\" href=\"https:\/\/www.lavisqteam.fr\/?p=77856\" \/>\n<meta property=\"og:locale\" content=\"fr_FR\" \/>\n<meta property=\"og:type\" content=\"article\" \/>\n<meta property=\"og:title\" content=\"Les Enqu\u00eates de l&#039;Ali\u00e9niste T.01 - La Chambre Mortuaire - Jean-Luc Bizien - Lavisqteam.fr\" \/>\n<meta property=\"og:description\" content=\"Auteur&nbsp;: Jean-Luc Bizien Editeur&nbsp;: L\u2019Archipel Genre&nbsp;: Thriller, Polar R\u00e9sum\u00e9&nbsp;: Paris, juillet 1888. &nbsp;Un cadavre dispara\u00eet de la morgue, un autre corps est retrouv\u00e9, nu, sur &hellip;\" \/>\n<meta property=\"og:url\" content=\"https:\/\/www.lavisqteam.fr\/?p=77856\" \/>\n<meta property=\"og:site_name\" content=\"Lavisqteam.fr\" \/>\n<meta property=\"article:published_time\" content=\"2025-08-31T13:31:03+00:00\" \/>\n<meta property=\"article:modified_time\" content=\"2025-08-31T13:31:06+00:00\" \/>\n<meta property=\"og:image\" content=\"https:\/\/www.lavisqteam.fr\/wp-content\/uploads\/2025\/08\/lese.jpg\" \/>\n\t<meta property=\"og:image:width\" content=\"727\" \/>\n\t<meta property=\"og:image:height\" content=\"395\" \/>\n\t<meta property=\"og:image:type\" content=\"image\/jpeg\" \/>\n<meta name=\"author\" content=\"Dante\" \/>\n<meta name=\"twitter:card\" content=\"summary_large_image\" \/>\n<meta name=\"twitter:image\" content=\"https:\/\/www.lavisqteam.fr\/wp-content\/uploads\/2025\/08\/lese.jpg\" \/>\n<meta name=\"twitter:label1\" content=\"\u00c9crit par\" \/>\n\t<meta name=\"twitter:data1\" content=\"Dante\" \/>\n\t<meta name=\"twitter:label2\" content=\"Dur\u00e9e de lecture estim\u00e9e\" \/>\n\t<meta name=\"twitter:data2\" content=\"5 minutes\" \/>\n<script type=\"application\/ld+json\" class=\"yoast-schema-graph\">{\"@context\":\"https:\/\/schema.org\",\"@graph\":[{\"@type\":\"Article\",\"@id\":\"https:\/\/www.lavisqteam.fr\/?p=77856#article\",\"isPartOf\":{\"@id\":\"https:\/\/www.lavisqteam.fr\/?p=77856\"},\"author\":{\"name\":\"Dante\",\"@id\":\"https:\/\/www.lavisqteam.fr\/#\/schema\/person\/f990b2bf003d200c5d343e528a040052\"},\"headline\":\"Les Enqu\u00eates de l&rsquo;Ali\u00e9niste T.01 &#8211; La Chambre Mortuaire &#8211; Jean-Luc Bizien\",\"datePublished\":\"2025-08-31T13:31:03+00:00\",\"dateModified\":\"2025-08-31T13:31:06+00:00\",\"mainEntityOfPage\":{\"@id\":\"https:\/\/www.lavisqteam.fr\/?p=77856\"},\"wordCount\":963,\"commentCount\":0,\"publisher\":{\"@id\":\"https:\/\/www.lavisqteam.fr\/#organization\"},\"articleSection\":[\"Roman\"],\"inLanguage\":\"fr-FR\",\"potentialAction\":[{\"@type\":\"CommentAction\",\"name\":\"Comment\",\"target\":[\"https:\/\/www.lavisqteam.fr\/?p=77856#respond\"]}]},{\"@type\":\"WebPage\",\"@id\":\"https:\/\/www.lavisqteam.fr\/?p=77856\",\"url\":\"https:\/\/www.lavisqteam.fr\/?p=77856\",\"name\":\"Les Enqu\u00eates de l'Ali\u00e9niste T.01 - La Chambre Mortuaire - Jean-Luc Bizien - Lavisqteam.fr\",\"isPartOf\":{\"@id\":\"https:\/\/www.lavisqteam.fr\/#website\"},\"datePublished\":\"2025-08-31T13:31:03+00:00\",\"dateModified\":\"2025-08-31T13:31:06+00:00\",\"breadcrumb\":{\"@id\":\"https:\/\/www.lavisqteam.fr\/?p=77856#breadcrumb\"},\"inLanguage\":\"fr-FR\",\"potentialAction\":[{\"@type\":\"ReadAction\",\"target\":[\"https:\/\/www.lavisqteam.fr\/?p=77856\"]}]},{\"@type\":\"BreadcrumbList\",\"@id\":\"https:\/\/www.lavisqteam.fr\/?p=77856#breadcrumb\",\"itemListElement\":[{\"@type\":\"ListItem\",\"position\":1,\"name\":\"Accueil\",\"item\":\"https:\/\/www.lavisqteam.fr\/\"},{\"@type\":\"ListItem\",\"position\":2,\"name\":\"Les Enqu\u00eates de l&rsquo;Ali\u00e9niste T.01 &#8211; La Chambre Mortuaire &#8211; Jean-Luc Bizien\"}]},{\"@type\":\"WebSite\",\"@id\":\"https:\/\/www.lavisqteam.fr\/#website\",\"url\":\"https:\/\/www.lavisqteam.fr\/\",\"name\":\"Lavisqteam.fr\",\"description\":\"\",\"publisher\":{\"@id\":\"https:\/\/www.lavisqteam.fr\/#organization\"},\"potentialAction\":[{\"@type\":\"SearchAction\",\"target\":{\"@type\":\"EntryPoint\",\"urlTemplate\":\"https:\/\/www.lavisqteam.fr\/?s={search_term_string}\"},\"query-input\":\"required name=search_term_string\"}],\"inLanguage\":\"fr-FR\"},{\"@type\":\"Organization\",\"@id\":\"https:\/\/www.lavisqteam.fr\/#organization\",\"name\":\"Lavisqteam.fr\",\"url\":\"https:\/\/www.lavisqteam.fr\/\",\"sameAs\":[],\"logo\":{\"@type\":\"ImageObject\",\"inLanguage\":\"fr-FR\",\"@id\":\"https:\/\/www.lavisqteam.fr\/#\/schema\/logo\/image\/\",\"url\":\"https:\/\/www.lavisqteam.fr\/wp-content\/uploads\/2020\/08\/cropped-80879545_3479261675449035_4078032831501041664_o-4.jpg\",\"contentUrl\":\"https:\/\/www.lavisqteam.fr\/wp-content\/uploads\/2020\/08\/cropped-80879545_3479261675449035_4078032831501041664_o-4.jpg\",\"width\":1674,\"height\":536,\"caption\":\"Lavisqteam.fr\"},\"image\":{\"@id\":\"https:\/\/www.lavisqteam.fr\/#\/schema\/logo\/image\/\"}},{\"@type\":\"Person\",\"@id\":\"https:\/\/www.lavisqteam.fr\/#\/schema\/person\/f990b2bf003d200c5d343e528a040052\",\"name\":\"Dante\",\"image\":{\"@type\":\"ImageObject\",\"inLanguage\":\"fr-FR\",\"@id\":\"https:\/\/www.lavisqteam.fr\/#\/schema\/person\/image\/\",\"url\":\"https:\/\/secure.gravatar.com\/avatar\/247c2b515d1472e98f97043ac8393382?s=96&d=mm&r=g\",\"contentUrl\":\"https:\/\/secure.gravatar.com\/avatar\/247c2b515d1472e98f97043ac8393382?s=96&d=mm&r=g\",\"caption\":\"Dante\"},\"url\":\"https:\/\/www.lavisqteam.fr\/?author=5\"}]}<\/script>\n<!-- \/ Yoast SEO plugin. -->","yoast_head_json":{"title":"Les Enqu\u00eates de l'Ali\u00e9niste T.01 - La Chambre Mortuaire - Jean-Luc Bizien - Lavisqteam.fr","robots":{"index":"index","follow":"follow","max-snippet":"max-snippet:-1","max-image-preview":"max-image-preview:large","max-video-preview":"max-video-preview:-1"},"canonical":"https:\/\/www.lavisqteam.fr\/?p=77856","og_locale":"fr_FR","og_type":"article","og_title":"Les Enqu\u00eates de l'Ali\u00e9niste T.01 - La Chambre Mortuaire - Jean-Luc Bizien - Lavisqteam.fr","og_description":"Auteur&nbsp;: Jean-Luc Bizien Editeur&nbsp;: L\u2019Archipel Genre&nbsp;: Thriller, Polar R\u00e9sum\u00e9&nbsp;: Paris, juillet 1888. &nbsp;Un cadavre dispara\u00eet de la morgue, un autre corps est retrouv\u00e9, nu, sur &hellip;","og_url":"https:\/\/www.lavisqteam.fr\/?p=77856","og_site_name":"Lavisqteam.fr","article_published_time":"2025-08-31T13:31:03+00:00","article_modified_time":"2025-08-31T13:31:06+00:00","og_image":[{"width":727,"height":395,"url":"https:\/\/www.lavisqteam.fr\/wp-content\/uploads\/2025\/08\/lese.jpg","type":"image\/jpeg"}],"author":"Dante","twitter_card":"summary_large_image","twitter_image":"https:\/\/www.lavisqteam.fr\/wp-content\/uploads\/2025\/08\/lese.jpg","twitter_misc":{"\u00c9crit par":"Dante","Dur\u00e9e de lecture estim\u00e9e":"5 minutes"},"schema":{"@context":"https:\/\/schema.org","@graph":[{"@type":"Article","@id":"https:\/\/www.lavisqteam.fr\/?p=77856#article","isPartOf":{"@id":"https:\/\/www.lavisqteam.fr\/?p=77856"},"author":{"name":"Dante","@id":"https:\/\/www.lavisqteam.fr\/#\/schema\/person\/f990b2bf003d200c5d343e528a040052"},"headline":"Les Enqu\u00eates de l&rsquo;Ali\u00e9niste T.01 &#8211; La Chambre Mortuaire &#8211; Jean-Luc Bizien","datePublished":"2025-08-31T13:31:03+00:00","dateModified":"2025-08-31T13:31:06+00:00","mainEntityOfPage":{"@id":"https:\/\/www.lavisqteam.fr\/?p=77856"},"wordCount":963,"commentCount":0,"publisher":{"@id":"https:\/\/www.lavisqteam.fr\/#organization"},"articleSection":["Roman"],"inLanguage":"fr-FR","potentialAction":[{"@type":"CommentAction","name":"Comment","target":["https:\/\/www.lavisqteam.fr\/?p=77856#respond"]}]},{"@type":"WebPage","@id":"https:\/\/www.lavisqteam.fr\/?p=77856","url":"https:\/\/www.lavisqteam.fr\/?p=77856","name":"Les Enqu\u00eates de l'Ali\u00e9niste T.01 - La Chambre Mortuaire - Jean-Luc Bizien - Lavisqteam.fr","isPartOf":{"@id":"https:\/\/www.lavisqteam.fr\/#website"},"datePublished":"2025-08-31T13:31:03+00:00","dateModified":"2025-08-31T13:31:06+00:00","breadcrumb":{"@id":"https:\/\/www.lavisqteam.fr\/?p=77856#breadcrumb"},"inLanguage":"fr-FR","potentialAction":[{"@type":"ReadAction","target":["https:\/\/www.lavisqteam.fr\/?p=77856"]}]},{"@type":"BreadcrumbList","@id":"https:\/\/www.lavisqteam.fr\/?p=77856#breadcrumb","itemListElement":[{"@type":"ListItem","position":1,"name":"Accueil","item":"https:\/\/www.lavisqteam.fr\/"},{"@type":"ListItem","position":2,"name":"Les Enqu\u00eates de l&rsquo;Ali\u00e9niste T.01 &#8211; La Chambre Mortuaire &#8211; Jean-Luc Bizien"}]},{"@type":"WebSite","@id":"https:\/\/www.lavisqteam.fr\/#website","url":"https:\/\/www.lavisqteam.fr\/","name":"Lavisqteam.fr","description":"","publisher":{"@id":"https:\/\/www.lavisqteam.fr\/#organization"},"potentialAction":[{"@type":"SearchAction","target":{"@type":"EntryPoint","urlTemplate":"https:\/\/www.lavisqteam.fr\/?s={search_term_string}"},"query-input":"required name=search_term_string"}],"inLanguage":"fr-FR"},{"@type":"Organization","@id":"https:\/\/www.lavisqteam.fr\/#organization","name":"Lavisqteam.fr","url":"https:\/\/www.lavisqteam.fr\/","sameAs":[],"logo":{"@type":"ImageObject","inLanguage":"fr-FR","@id":"https:\/\/www.lavisqteam.fr\/#\/schema\/logo\/image\/","url":"https:\/\/www.lavisqteam.fr\/wp-content\/uploads\/2020\/08\/cropped-80879545_3479261675449035_4078032831501041664_o-4.jpg","contentUrl":"https:\/\/www.lavisqteam.fr\/wp-content\/uploads\/2020\/08\/cropped-80879545_3479261675449035_4078032831501041664_o-4.jpg","width":1674,"height":536,"caption":"Lavisqteam.fr"},"image":{"@id":"https:\/\/www.lavisqteam.fr\/#\/schema\/logo\/image\/"}},{"@type":"Person","@id":"https:\/\/www.lavisqteam.fr\/#\/schema\/person\/f990b2bf003d200c5d343e528a040052","name":"Dante","image":{"@type":"ImageObject","inLanguage":"fr-FR","@id":"https:\/\/www.lavisqteam.fr\/#\/schema\/person\/image\/","url":"https:\/\/secure.gravatar.com\/avatar\/247c2b515d1472e98f97043ac8393382?s=96&d=mm&r=g","contentUrl":"https:\/\/secure.gravatar.com\/avatar\/247c2b515d1472e98f97043ac8393382?s=96&d=mm&r=g","caption":"Dante"},"url":"https:\/\/www.lavisqteam.fr\/?author=5"}]}},"jetpack_featured_media_url":"https:\/\/www.lavisqteam.fr\/wp-content\/uploads\/2025\/08\/lese.jpg","_links":{"self":[{"href":"https:\/\/www.lavisqteam.fr\/index.php?rest_route=\/wp\/v2\/posts\/77856"}],"collection":[{"href":"https:\/\/www.lavisqteam.fr\/index.php?rest_route=\/wp\/v2\/posts"}],"about":[{"href":"https:\/\/www.lavisqteam.fr\/index.php?rest_route=\/wp\/v2\/types\/post"}],"author":[{"embeddable":true,"href":"https:\/\/www.lavisqteam.fr\/index.php?rest_route=\/wp\/v2\/users\/5"}],"replies":[{"embeddable":true,"href":"https:\/\/www.lavisqteam.fr\/index.php?rest_route=%2Fwp%2Fv2%2Fcomments&post=77856"}],"version-history":[{"count":1,"href":"https:\/\/www.lavisqteam.fr\/index.php?rest_route=\/wp\/v2\/posts\/77856\/revisions"}],"predecessor-version":[{"id":77858,"href":"https:\/\/www.lavisqteam.fr\/index.php?rest_route=\/wp\/v2\/posts\/77856\/revisions\/77858"}],"wp:featuredmedia":[{"embeddable":true,"href":"https:\/\/www.lavisqteam.fr\/index.php?rest_route=\/wp\/v2\/media\/77857"}],"wp:attachment":[{"href":"https:\/\/www.lavisqteam.fr\/index.php?rest_route=%2Fwp%2Fv2%2Fmedia&parent=77856"}],"wp:term":[{"taxonomy":"category","embeddable":true,"href":"https:\/\/www.lavisqteam.fr\/index.php?rest_route=%2Fwp%2Fv2%2Fcategories&post=77856"},{"taxonomy":"post_tag","embeddable":true,"href":"https:\/\/www.lavisqteam.fr\/index.php?rest_route=%2Fwp%2Fv2%2Ftags&post=77856"}],"curies":[{"name":"wp","href":"https:\/\/api.w.org\/{rel}","templated":true}]}}