{"id":76838,"date":"2025-05-06T15:57:37","date_gmt":"2025-05-06T15:57:37","guid":{"rendered":"https:\/\/www.lavisqteam.fr\/?p=76838"},"modified":"2025-07-01T12:22:34","modified_gmt":"2025-07-01T12:22:34","slug":"les-musiciens-ode-a-la-musique","status":"publish","type":"post","link":"https:\/\/www.lavisqteam.fr\/?p=76838","title":{"rendered":"Les Musiciens &#8211; Ode \u00e0 la Musique"},"content":{"rendered":"<div class=\"wp-block-image\">\n<figure class=\"aligncenter size-large is-resized\"><img src=\"https:\/\/fr.web.img2.acsta.net\/r_1920_1080\/img\/64\/a5\/64a56acab56574d5ee23771f221d6ecc.jpg\" alt=\"\" width=\"600\"\/><\/figure><\/div>\n\n\n<p><strong>De&nbsp;: <\/strong>Gr\u00e9gory Magne<\/p>\n\n\n\n<p><strong>Avec <\/strong>Val\u00e9rie Donzelli, Fr\u00e9d\u00e9ric Pierrot, Mathieu Spinosi, Emma Ravier<\/p>\n\n\n\n<p><strong>Ann\u00e9e&nbsp;: <\/strong>2025<\/p>\n\n\n\n<p><strong>Pays&nbsp;: <\/strong>France<\/p>\n\n\n\n<p><strong>Genre&nbsp;: <\/strong>Com\u00e9die, Drame<\/p>\n\n\n\n<p><strong>R\u00e9sum\u00e9&nbsp;:<\/strong><\/p>\n\n\n\n<p>Astrid Thompson parvient enfin \u00e0 r\u00e9aliser le r\u00eave de son p\u00e8re : r\u00e9unir quatre Stradivarius pour un concert unique attendu par les m\u00e9lomanes du monde entier. Mais Lise, George, Peter et Apolline, les quatre virtuoses recrut\u00e9s pour l\u2019occasion, sont incapables de jouer ensemble. Les crises d\u2019\u00e9go se succ\u00e8dent au rythme des r\u00e9p\u00e9titions. Sans solution, Astrid se r\u00e9sout \u00e0 aller chercher le seul qui, \u00e0 ses yeux, peut encore sauver l\u2019\u00e9v\u00e9nement : Charlie Beaumont, le compositeur de la partition.<\/p>\n\n\n\n<p><strong>Avis&nbsp;:<\/strong><\/p>\n\n\n\n<p><em>Gr\u00e9gory Magne<\/em> est un sc\u00e9nariste et r\u00e9alisateur fran\u00e7ais. Apr\u00e8s une premi\u00e8re carri\u00e8re de journaliste au Parisien, il se lance dans la voile et participe en 2007 \u00e0 la Transat 6.50, une course transatlantique en solitaire. Cette exp\u00e9rience devient la mati\u00e8re de son premier documentaire, \u00ab\u00a0<strong>Vingt-quatre heures par jour de mer<\/strong>\u00ab\u00a0. A partir de l\u00e0, il embrasse une carri\u00e8re dans le cin\u00e9ma avec un premier film en 2012, \u00ab\u00a0<strong>L&rsquo;air de rien<\/strong>\u00ab\u00a0. Prenant son temps, il sort son deuxi\u00e8me film, le joli \u00ab\u00a0<strong><a href=\"https:\/\/www.lavisqteam.fr\/?p=49443\">Les parfums<\/a><\/strong>\u00ab\u00a0, en 2020. \u00ab\u00a0<strong>Les musiciens<\/strong>\u00a0\u00bb est son troisi\u00e8me long-m\u00e9trage.<\/p>\n\n\n<div class=\"wp-block-image\">\n<figure class=\"aligncenter size-large is-resized\"><img src=\"https:\/\/fr.web.img6.acsta.net\/r_1920_1080\/img\/fc\/bb\/fcbb988dca6b002e6177a9e464b053aa.jpg\" alt=\"\" width=\"600\"\/><\/figure><\/div>\n\n\n<p>Partant d&rsquo;un souvenir, celui d&rsquo;une amie violoncelliste qu&rsquo;il a suivi pour une pr\u00e9sentation, il se souvient alors des \u00e9motions de la musique. Du son et de l&rsquo;acoustique dans la grande salle. Si \u00ab\u00a0<strong>Les musiciens<\/strong>\u00a0\u00bb ne raconte pas cela, il y a toutefois quelque chose de ce souvenir. Et au-del\u00e0 de \u00e7a, cette histoire de jeune femme qui veut rendre hommage \u00e0 son p\u00e8re, en achevant son r\u00eave apr\u00e8s sa mort, donne un joli film, au charme certain. Un film qui navigue entre la com\u00e9die douce et am\u00e8re, le drame, et le film musical, qui prend une autre dimension lorsque les com\u00e9diens, qui sont des musiciens, se mettent \u00e0 jouer.<\/p>\n\n\n\n<h2 class=\"has-text-align-center\">\u00ab\u00a0Un film qui navigue entre la com\u00e9die douce et am\u00e8re, le drame\u00a0\u00bb<\/h2>\n\n\n\n<p>Astrid est passionn\u00e9e de musique. La jeune femme a d\u00e9cid\u00e9 de concr\u00e9tiser le r\u00eave de son p\u00e8re : organiser un concert exceptionnel r\u00e9unissant quatre violons Stradivarius. Pour cela, elle fait appel \u00e0 quatre musiciens virtuoses : Lise, George, Peter et Apolline. Malgr\u00e9 leur talent individuel, ces artistes aux fortes personnalit\u00e9s peinent \u00e0 s&rsquo;accorder, tant musicalement qu&rsquo;humainement. Les r\u00e9p\u00e9titions deviennent le th\u00e9\u00e2tre de tensions et de conflits d&rsquo;egos, ce qui menace la r\u00e9ussite du projet. Face \u00e0 cette impasse, Astrid sollicite l&rsquo;aide de Charlie Beaumont, le compositeur de la partition que ces musiciens vont interpr\u00e9ter. Astrid esp\u00e8re qu&rsquo;il saura instaurer l&rsquo;harmonie n\u00e9cessaire au sein du quatuor.<br><br>Il y a cinq ans de cela, <em>Gr\u00e9gory Magne<\/em> faisait dans l&rsquo;originalit\u00e9 avec \u00ab\u00a0<strong><a href=\"https:\/\/www.lavisqteam.fr\/?p=49443\">Les parfums<\/a><\/strong>\u00ab\u00a0, un film qui parlait de nez, ces gens qui cr\u00e9ent les parfums. Aujourd&rsquo;hui, il revient, et encore une fois, le r\u00e9alisateur ne choisit pas de faire dans le banal. Avec \u00ab\u00a0<strong>Les musiciens<\/strong>\u00ab\u00a0, il s&rsquo;aventure dans le domaine de la musique classique pour un petit concert, pour le r\u00eave d&rsquo;une jeune femme qui veut rendre le plus beau des hommages \u00e0 son p\u00e8re disparu, en bouclant \u00ab\u00a0son \u0153uvre\u00a0\u00bb. Naviguant entre la com\u00e9die et le drame, \u00ab\u00a0<strong>Les musiciens<\/strong>\u00a0\u00bb est un film qui va r\u00e9ussir \u00e0 autant amuser avec son combat d&rsquo;\u00e9gos mal plac\u00e9s, qu&rsquo;\u00e0 toucher de par son histoire, ses personnages, son \u00e9criture ou encore sa musique.<\/p>\n\n\n\n<h2 class=\"has-text-align-center\">\u00ab\u00a0C&rsquo;est beau, c&rsquo;est touchant\u00a0\u00bb<\/h2>\n\n\n\n<p>Car oui, comme son titre l&rsquo;indique, \u00ab\u00a0<strong>Les musiciens<\/strong>\u00a0\u00bb est un film o\u00f9 la musique a une place tr\u00e8s importante, et lorsque ces artistes se mettent \u00e0 jouer, m\u00eame mal accord\u00e9s ensemble, le film de <em>Gr\u00e9gory Magne<\/em> devient magique. Cette magie na\u00eet d&rsquo;un choix judicieux, celui d&rsquo;engager des acteurs qui sont musiciens eux-m\u00eames. Le sc\u00e9nario pr\u00e9voit beaucoup de sc\u00e8nes de r\u00e9p\u00e9titions avant le concert final, et c&rsquo;est vrai qu&rsquo;on sent vraiment que ce sont les com\u00e9diens qui jouent, qui donnent vie et incarnent ces notes qui s&rsquo;envolent pour venir directement toucher nos \u00e9motions. <em>Gr\u00e9gory Magne<\/em> aurait pu faire un film uniquement avec ces musiciens qui jouent ensemble, qu&rsquo;on aurait eu envie de les suivre n&rsquo;importe o\u00f9.<\/p>\n\n\n\n<p>\u00a0Apr\u00e8s, il n&rsquo;y a pas que cela avec ce sc\u00e9nario. Le film parle beaucoup de la musique, de la cr\u00e9ation, de ce qu&rsquo;on y met au moment o\u00f9 elle nait. Puis le film parle de ce quatuor, de la difficult\u00e9 de s&rsquo;accorder malgr\u00e9 le talent. Il pose la question de la technique face \u00e0 la passion. L&rsquo;id\u00e9e que parfois, il faut une part de d\u00e9faut au milieu de la perfection pour que naissent les \u00e9motions. Bien s\u00fbr, derri\u00e8re \u00e7a, il y a l&rsquo;histoire de cette fille qui a envie de retenir son p\u00e8re un peu plus. Tout comme le film s&rsquo;arr\u00eate aussi sur ce compositeur vieillissant, qui doit se replonger dans une \u0153uvre pass\u00e9e (superbe <em>Fr\u00e9d\u00e9ric Pierrot<\/em>). C&rsquo;est beau, c&rsquo;est touchant, <em>Gr\u00e9gory Magne<\/em> sait o\u00f9 il veut nous entra\u00eener et il le fait avec com\u00e9die et drame conjugu\u00e9s pour plus d&rsquo;\u00e9motions.<\/p>\n\n\n\n<h2 class=\"has-text-align-center\">\u00ab\u00a0l&rsquo;ensemble est tr\u00e8s classique.\u00a0\u00bb<\/h2>\n\n\n\n<p>Seule petite d\u00e9ception au tableau (et encore, c&rsquo;est pour pinailler), la r\u00e9alisation. Si le film est beau, solidement incarn\u00e9, peupl\u00e9 de jolies touches, l&rsquo;ensemble est tr\u00e8s classique. Il y a quelque chose qui rappelle le discours de son compositeur dans le film. Ici, tout est trop bien fait finalement. Il lui manque une petite touche d&rsquo;imperfection, une petite touche peut-\u00eatre plus personnelle, pour rehausser encore un peu plus le film. Pour l&#8217;emporter ailleurs et terminer de nous faire vibrer. Apr\u00e8s comme je le disais, c&rsquo;est vraiment pour pinailler, car des films de cette qualit\u00e9, avec les \u00e9motions qu&rsquo;il procure, on en veut comme \u00e7a tout le temps.<\/p>\n\n\n<div class=\"wp-block-image\">\n<figure class=\"aligncenter size-large is-resized\"><img src=\"https:\/\/fr.web.img3.acsta.net\/r_1920_1080\/img\/b3\/58\/b3581a94148c890538ed0c6e9fd8cae9.jpg\" alt=\"\" width=\"600\"\/><\/figure><\/div>\n\n\n<p>Ainsi, pour son troisi\u00e8me film, <em>Gr\u00e9gory Magne<\/em> livre un joli, tr\u00e8s joli, film, qui nous tient pendant son heure quarante. \u00ab\u00a0<strong>Les musiciens<\/strong>\u00a0\u00bb est vibrant, \u00e9mouvant, plaisant, et je me r\u00e9p\u00e8te, mais quand la musique est \u00e0 l&rsquo;\u0153uvre, c&rsquo;est tout simplement magique. Vivement le prochain film de son metteur en sc\u00e8ne.<\/p>\n\n\n\n<p><strong>Note\u00a0: 15\/20<\/strong><\/p>\n\n\n\n<figure class=\"wp-block-embed is-type-video is-provider-youtube wp-block-embed-youtube wp-embed-aspect-16-9 wp-has-aspect-ratio\"><div class=\"wp-block-embed__wrapper\">\n<iframe loading=\"lazy\" title=\"LES MUSICIENS Bande Annonce (2025)\" width=\"1200\" height=\"675\" src=\"https:\/\/www.youtube.com\/embed\/c17zvCoGzMY?feature=oembed\" frameborder=\"0\" allow=\"accelerometer; autoplay; clipboard-write; encrypted-media; gyroscope; picture-in-picture; web-share\" referrerpolicy=\"strict-origin-when-cross-origin\" allowfullscreen><\/iframe>\n<\/div><\/figure>\n\n\n\n<p class=\"has-text-align-right\">Par <strong>Cin\u00e9ted<\/strong><\/p>\n","protected":false},"excerpt":{"rendered":"<p>De&nbsp;: Gr\u00e9gory Magne Avec Val\u00e9rie Donzelli, Fr\u00e9d\u00e9ric Pierrot, Mathieu Spinosi, Emma Ravier Ann\u00e9e&nbsp;: 2025 Pays&nbsp;: France Genre&nbsp;: Com\u00e9die, Drame R\u00e9sum\u00e9&nbsp;: Astrid Thompson parvient enfin \u00e0 &hellip; <\/p>\n","protected":false},"author":4,"featured_media":76839,"comment_status":"open","ping_status":"open","sticky":false,"template":"","format":"standard","meta":[],"categories":[7],"tags":[],"yoast_head":"<!-- This site is optimized with the Yoast SEO plugin v19.6.1 - https:\/\/yoast.com\/wordpress\/plugins\/seo\/ -->\n<title>Les Musiciens - Ode \u00e0 la Musique - Lavisqteam.fr<\/title>\n<meta name=\"robots\" content=\"index, follow, max-snippet:-1, max-image-preview:large, max-video-preview:-1\" \/>\n<link rel=\"canonical\" href=\"https:\/\/www.lavisqteam.fr\/?p=76838\" \/>\n<meta property=\"og:locale\" content=\"fr_FR\" \/>\n<meta property=\"og:type\" content=\"article\" \/>\n<meta property=\"og:title\" content=\"Les Musiciens - Ode \u00e0 la Musique - Lavisqteam.fr\" \/>\n<meta property=\"og:description\" content=\"De&nbsp;: Gr\u00e9gory Magne Avec Val\u00e9rie Donzelli, Fr\u00e9d\u00e9ric Pierrot, Mathieu Spinosi, Emma Ravier Ann\u00e9e&nbsp;: 2025 Pays&nbsp;: France Genre&nbsp;: Com\u00e9die, Drame R\u00e9sum\u00e9&nbsp;: Astrid Thompson parvient enfin \u00e0 &hellip;\" \/>\n<meta property=\"og:url\" content=\"https:\/\/www.lavisqteam.fr\/?p=76838\" \/>\n<meta property=\"og:site_name\" content=\"Lavisqteam.fr\" \/>\n<meta property=\"article:published_time\" content=\"2025-05-06T15:57:37+00:00\" \/>\n<meta property=\"article:modified_time\" content=\"2025-07-01T12:22:34+00:00\" \/>\n<meta property=\"og:image\" content=\"https:\/\/www.lavisqteam.fr\/wp-content\/uploads\/2025\/05\/lesm.jpg\" \/>\n\t<meta property=\"og:image:width\" content=\"727\" \/>\n\t<meta property=\"og:image:height\" content=\"395\" \/>\n\t<meta property=\"og:image:type\" content=\"image\/jpeg\" \/>\n<meta name=\"author\" content=\"Cineted\" \/>\n<meta name=\"twitter:card\" content=\"summary_large_image\" \/>\n<meta name=\"twitter:image\" content=\"https:\/\/www.lavisqteam.fr\/wp-content\/uploads\/2025\/05\/lesm.jpg\" \/>\n<meta name=\"twitter:label1\" content=\"\u00c9crit par\" \/>\n\t<meta name=\"twitter:data1\" content=\"Cineted\" \/>\n\t<meta name=\"twitter:label2\" content=\"Dur\u00e9e de lecture estim\u00e9e\" \/>\n\t<meta name=\"twitter:data2\" content=\"6 minutes\" \/>\n<script type=\"application\/ld+json\" class=\"yoast-schema-graph\">{\"@context\":\"https:\/\/schema.org\",\"@graph\":[{\"@type\":\"Article\",\"@id\":\"https:\/\/www.lavisqteam.fr\/?p=76838#article\",\"isPartOf\":{\"@id\":\"https:\/\/www.lavisqteam.fr\/?p=76838\"},\"author\":{\"name\":\"Cineted\",\"@id\":\"https:\/\/www.lavisqteam.fr\/#\/schema\/person\/4ed7295b68bc3daae9094db5f1f9f913\"},\"headline\":\"Les Musiciens &#8211; Ode \u00e0 la Musique\",\"datePublished\":\"2025-05-06T15:57:37+00:00\",\"dateModified\":\"2025-07-01T12:22:34+00:00\",\"mainEntityOfPage\":{\"@id\":\"https:\/\/www.lavisqteam.fr\/?p=76838\"},\"wordCount\":1067,\"commentCount\":0,\"publisher\":{\"@id\":\"https:\/\/www.lavisqteam.fr\/#organization\"},\"articleSection\":[\"Cin\u00e9ma\"],\"inLanguage\":\"fr-FR\",\"potentialAction\":[{\"@type\":\"CommentAction\",\"name\":\"Comment\",\"target\":[\"https:\/\/www.lavisqteam.fr\/?p=76838#respond\"]}]},{\"@type\":\"WebPage\",\"@id\":\"https:\/\/www.lavisqteam.fr\/?p=76838\",\"url\":\"https:\/\/www.lavisqteam.fr\/?p=76838\",\"name\":\"Les Musiciens - Ode \u00e0 la Musique - Lavisqteam.fr\",\"isPartOf\":{\"@id\":\"https:\/\/www.lavisqteam.fr\/#website\"},\"datePublished\":\"2025-05-06T15:57:37+00:00\",\"dateModified\":\"2025-07-01T12:22:34+00:00\",\"breadcrumb\":{\"@id\":\"https:\/\/www.lavisqteam.fr\/?p=76838#breadcrumb\"},\"inLanguage\":\"fr-FR\",\"potentialAction\":[{\"@type\":\"ReadAction\",\"target\":[\"https:\/\/www.lavisqteam.fr\/?p=76838\"]}]},{\"@type\":\"BreadcrumbList\",\"@id\":\"https:\/\/www.lavisqteam.fr\/?p=76838#breadcrumb\",\"itemListElement\":[{\"@type\":\"ListItem\",\"position\":1,\"name\":\"Accueil\",\"item\":\"https:\/\/www.lavisqteam.fr\/\"},{\"@type\":\"ListItem\",\"position\":2,\"name\":\"Les Musiciens &#8211; Ode \u00e0 la Musique\"}]},{\"@type\":\"WebSite\",\"@id\":\"https:\/\/www.lavisqteam.fr\/#website\",\"url\":\"https:\/\/www.lavisqteam.fr\/\",\"name\":\"Lavisqteam.fr\",\"description\":\"\",\"publisher\":{\"@id\":\"https:\/\/www.lavisqteam.fr\/#organization\"},\"potentialAction\":[{\"@type\":\"SearchAction\",\"target\":{\"@type\":\"EntryPoint\",\"urlTemplate\":\"https:\/\/www.lavisqteam.fr\/?s={search_term_string}\"},\"query-input\":\"required name=search_term_string\"}],\"inLanguage\":\"fr-FR\"},{\"@type\":\"Organization\",\"@id\":\"https:\/\/www.lavisqteam.fr\/#organization\",\"name\":\"Lavisqteam.fr\",\"url\":\"https:\/\/www.lavisqteam.fr\/\",\"sameAs\":[],\"logo\":{\"@type\":\"ImageObject\",\"inLanguage\":\"fr-FR\",\"@id\":\"https:\/\/www.lavisqteam.fr\/#\/schema\/logo\/image\/\",\"url\":\"https:\/\/www.lavisqteam.fr\/wp-content\/uploads\/2020\/08\/cropped-80879545_3479261675449035_4078032831501041664_o-4.jpg\",\"contentUrl\":\"https:\/\/www.lavisqteam.fr\/wp-content\/uploads\/2020\/08\/cropped-80879545_3479261675449035_4078032831501041664_o-4.jpg\",\"width\":1674,\"height\":536,\"caption\":\"Lavisqteam.fr\"},\"image\":{\"@id\":\"https:\/\/www.lavisqteam.fr\/#\/schema\/logo\/image\/\"}},{\"@type\":\"Person\",\"@id\":\"https:\/\/www.lavisqteam.fr\/#\/schema\/person\/4ed7295b68bc3daae9094db5f1f9f913\",\"name\":\"Cineted\",\"image\":{\"@type\":\"ImageObject\",\"inLanguage\":\"fr-FR\",\"@id\":\"https:\/\/www.lavisqteam.fr\/#\/schema\/person\/image\/\",\"url\":\"https:\/\/secure.gravatar.com\/avatar\/2d66d0012368c91013200ba69885bddd?s=96&d=mm&r=g\",\"contentUrl\":\"https:\/\/secure.gravatar.com\/avatar\/2d66d0012368c91013200ba69885bddd?s=96&d=mm&r=g\",\"caption\":\"Cineted\"},\"url\":\"https:\/\/www.lavisqteam.fr\/?author=4\"}]}<\/script>\n<!-- \/ Yoast SEO plugin. -->","yoast_head_json":{"title":"Les Musiciens - Ode \u00e0 la Musique - Lavisqteam.fr","robots":{"index":"index","follow":"follow","max-snippet":"max-snippet:-1","max-image-preview":"max-image-preview:large","max-video-preview":"max-video-preview:-1"},"canonical":"https:\/\/www.lavisqteam.fr\/?p=76838","og_locale":"fr_FR","og_type":"article","og_title":"Les Musiciens - Ode \u00e0 la Musique - Lavisqteam.fr","og_description":"De&nbsp;: Gr\u00e9gory Magne Avec Val\u00e9rie Donzelli, Fr\u00e9d\u00e9ric Pierrot, Mathieu Spinosi, Emma Ravier Ann\u00e9e&nbsp;: 2025 Pays&nbsp;: France Genre&nbsp;: Com\u00e9die, Drame R\u00e9sum\u00e9&nbsp;: Astrid Thompson parvient enfin \u00e0 &hellip;","og_url":"https:\/\/www.lavisqteam.fr\/?p=76838","og_site_name":"Lavisqteam.fr","article_published_time":"2025-05-06T15:57:37+00:00","article_modified_time":"2025-07-01T12:22:34+00:00","og_image":[{"width":727,"height":395,"url":"https:\/\/www.lavisqteam.fr\/wp-content\/uploads\/2025\/05\/lesm.jpg","type":"image\/jpeg"}],"author":"Cineted","twitter_card":"summary_large_image","twitter_image":"https:\/\/www.lavisqteam.fr\/wp-content\/uploads\/2025\/05\/lesm.jpg","twitter_misc":{"\u00c9crit par":"Cineted","Dur\u00e9e de lecture estim\u00e9e":"6 minutes"},"schema":{"@context":"https:\/\/schema.org","@graph":[{"@type":"Article","@id":"https:\/\/www.lavisqteam.fr\/?p=76838#article","isPartOf":{"@id":"https:\/\/www.lavisqteam.fr\/?p=76838"},"author":{"name":"Cineted","@id":"https:\/\/www.lavisqteam.fr\/#\/schema\/person\/4ed7295b68bc3daae9094db5f1f9f913"},"headline":"Les Musiciens &#8211; Ode \u00e0 la Musique","datePublished":"2025-05-06T15:57:37+00:00","dateModified":"2025-07-01T12:22:34+00:00","mainEntityOfPage":{"@id":"https:\/\/www.lavisqteam.fr\/?p=76838"},"wordCount":1067,"commentCount":0,"publisher":{"@id":"https:\/\/www.lavisqteam.fr\/#organization"},"articleSection":["Cin\u00e9ma"],"inLanguage":"fr-FR","potentialAction":[{"@type":"CommentAction","name":"Comment","target":["https:\/\/www.lavisqteam.fr\/?p=76838#respond"]}]},{"@type":"WebPage","@id":"https:\/\/www.lavisqteam.fr\/?p=76838","url":"https:\/\/www.lavisqteam.fr\/?p=76838","name":"Les Musiciens - Ode \u00e0 la Musique - Lavisqteam.fr","isPartOf":{"@id":"https:\/\/www.lavisqteam.fr\/#website"},"datePublished":"2025-05-06T15:57:37+00:00","dateModified":"2025-07-01T12:22:34+00:00","breadcrumb":{"@id":"https:\/\/www.lavisqteam.fr\/?p=76838#breadcrumb"},"inLanguage":"fr-FR","potentialAction":[{"@type":"ReadAction","target":["https:\/\/www.lavisqteam.fr\/?p=76838"]}]},{"@type":"BreadcrumbList","@id":"https:\/\/www.lavisqteam.fr\/?p=76838#breadcrumb","itemListElement":[{"@type":"ListItem","position":1,"name":"Accueil","item":"https:\/\/www.lavisqteam.fr\/"},{"@type":"ListItem","position":2,"name":"Les Musiciens &#8211; Ode \u00e0 la Musique"}]},{"@type":"WebSite","@id":"https:\/\/www.lavisqteam.fr\/#website","url":"https:\/\/www.lavisqteam.fr\/","name":"Lavisqteam.fr","description":"","publisher":{"@id":"https:\/\/www.lavisqteam.fr\/#organization"},"potentialAction":[{"@type":"SearchAction","target":{"@type":"EntryPoint","urlTemplate":"https:\/\/www.lavisqteam.fr\/?s={search_term_string}"},"query-input":"required name=search_term_string"}],"inLanguage":"fr-FR"},{"@type":"Organization","@id":"https:\/\/www.lavisqteam.fr\/#organization","name":"Lavisqteam.fr","url":"https:\/\/www.lavisqteam.fr\/","sameAs":[],"logo":{"@type":"ImageObject","inLanguage":"fr-FR","@id":"https:\/\/www.lavisqteam.fr\/#\/schema\/logo\/image\/","url":"https:\/\/www.lavisqteam.fr\/wp-content\/uploads\/2020\/08\/cropped-80879545_3479261675449035_4078032831501041664_o-4.jpg","contentUrl":"https:\/\/www.lavisqteam.fr\/wp-content\/uploads\/2020\/08\/cropped-80879545_3479261675449035_4078032831501041664_o-4.jpg","width":1674,"height":536,"caption":"Lavisqteam.fr"},"image":{"@id":"https:\/\/www.lavisqteam.fr\/#\/schema\/logo\/image\/"}},{"@type":"Person","@id":"https:\/\/www.lavisqteam.fr\/#\/schema\/person\/4ed7295b68bc3daae9094db5f1f9f913","name":"Cineted","image":{"@type":"ImageObject","inLanguage":"fr-FR","@id":"https:\/\/www.lavisqteam.fr\/#\/schema\/person\/image\/","url":"https:\/\/secure.gravatar.com\/avatar\/2d66d0012368c91013200ba69885bddd?s=96&d=mm&r=g","contentUrl":"https:\/\/secure.gravatar.com\/avatar\/2d66d0012368c91013200ba69885bddd?s=96&d=mm&r=g","caption":"Cineted"},"url":"https:\/\/www.lavisqteam.fr\/?author=4"}]}},"jetpack_featured_media_url":"https:\/\/www.lavisqteam.fr\/wp-content\/uploads\/2025\/05\/lesm.jpg","_links":{"self":[{"href":"https:\/\/www.lavisqteam.fr\/index.php?rest_route=\/wp\/v2\/posts\/76838"}],"collection":[{"href":"https:\/\/www.lavisqteam.fr\/index.php?rest_route=\/wp\/v2\/posts"}],"about":[{"href":"https:\/\/www.lavisqteam.fr\/index.php?rest_route=\/wp\/v2\/types\/post"}],"author":[{"embeddable":true,"href":"https:\/\/www.lavisqteam.fr\/index.php?rest_route=\/wp\/v2\/users\/4"}],"replies":[{"embeddable":true,"href":"https:\/\/www.lavisqteam.fr\/index.php?rest_route=%2Fwp%2Fv2%2Fcomments&post=76838"}],"version-history":[{"count":1,"href":"https:\/\/www.lavisqteam.fr\/index.php?rest_route=\/wp\/v2\/posts\/76838\/revisions"}],"predecessor-version":[{"id":76840,"href":"https:\/\/www.lavisqteam.fr\/index.php?rest_route=\/wp\/v2\/posts\/76838\/revisions\/76840"}],"wp:featuredmedia":[{"embeddable":true,"href":"https:\/\/www.lavisqteam.fr\/index.php?rest_route=\/wp\/v2\/media\/76839"}],"wp:attachment":[{"href":"https:\/\/www.lavisqteam.fr\/index.php?rest_route=%2Fwp%2Fv2%2Fmedia&parent=76838"}],"wp:term":[{"taxonomy":"category","embeddable":true,"href":"https:\/\/www.lavisqteam.fr\/index.php?rest_route=%2Fwp%2Fv2%2Fcategories&post=76838"},{"taxonomy":"post_tag","embeddable":true,"href":"https:\/\/www.lavisqteam.fr\/index.php?rest_route=%2Fwp%2Fv2%2Ftags&post=76838"}],"curies":[{"name":"wp","href":"https:\/\/api.w.org\/{rel}","templated":true}]}}