{"id":76284,"date":"2025-03-12T12:04:08","date_gmt":"2025-03-12T12:04:08","guid":{"rendered":"https:\/\/www.lavisqteam.fr\/?p=76284"},"modified":"2025-07-01T12:21:33","modified_gmt":"2025-07-01T12:21:33","slug":"reine-mere-se-mettre-martel-en-tete","status":"publish","type":"post","link":"https:\/\/www.lavisqteam.fr\/?p=76284","title":{"rendered":"Reine M\u00e8re &#8211; Se Mettre Martel en T\u00eate"},"content":{"rendered":"<div class=\"wp-block-image\">\n<figure class=\"aligncenter size-large is-resized\"><img src=\"https:\/\/fr.web.img6.acsta.net\/r_1920_1080\/img\/f7\/0c\/f70c6af37416ae7d03de5f0e5c686242.jpg\" alt=\"\" width=\"600\"\/><\/figure><\/div>\n\n\n<p><strong>De&nbsp;: <\/strong>Manele Labidi<\/p>\n\n\n\n<p><strong>Avec <\/strong>Cam\u00e9lia Jordana, Sofiane Zermani, Damien Bonnard, Rim Monfort<\/p>\n\n\n\n<p><strong>Ann\u00e9e&nbsp;: <\/strong>2025<\/p>\n\n\n\n<p><strong>Pays&nbsp;: <\/strong>France, Belgique<\/p>\n\n\n\n<p><strong>Genre&nbsp;: <\/strong>Drame<\/p>\n\n\n\n<p><strong>R\u00e9sum\u00e9&nbsp;:<\/strong><\/p>\n\n\n\n<p>Amel est un personnage haut en couleur. Elle a du temp\u00e9rament, de l\u2019ambition pour ses deux filles, une haute estime d\u2019elle-m\u00eame et forme avec Amor un couple passionn\u00e9 et explosif. Malgr\u00e9 les difficult\u00e9s financi\u00e8res elle compte bien ne pas quitter les beaux quartiers. Mais la famille est bient\u00f4t menac\u00e9e de perdre son appartement tandis que Mouna, l\u2019a\u00een\u00e9e des deux filles, se met \u00e0 avoir d\u2019\u00e9tranges visions de Charles Martel apr\u00e8s avoir appris qu\u2019il avait arr\u00eat\u00e9 les Arabes \u00e0 Poitiers en 732\u2026 Amel n\u2019a plus le choix : elle va devoir se r\u00e9inventer !<\/p>\n\n\n\n<p><strong>Avis&nbsp;:<\/strong><\/p>\n\n\n\n<p>Apr\u00e8s des \u00e9tudes en sciences politiques et un travail dans la finance, <em>Manele Labidi<\/em> entre \u00e0 la F\u00e9mis en 2016 en cours d&rsquo;\u00e9criture. Deux ans plus tard, elle r\u00e9alise son premier et seul court-m\u00e9trage, \u00ab\u00a0<strong>Une chambre \u00e0 moi<\/strong>\u00ab\u00a0, qui est une variation autour de \u00ab\u00a0<strong>Une chambre \u00e0 soi<\/strong>\u00a0\u00bb de <em>Virginia Woolf<\/em>. Pour ma part, j&rsquo;ai d\u00e9couvert le cin\u00e9ma de <em>Manele Labidi<\/em> avec son premier film, l&rsquo;excellent \u00ab\u00a0<strong><a href=\"https:\/\/www.lavisqteam.fr\/?p=46598\">Un divan \u00e0 Tunis<\/a><\/strong>\u00ab\u00a0, que je vous recommande fortement de voir. Si jamais vous avez envie de vous amuser devant une com\u00e9die qui convoque du <em>Almodovar<\/em>, alors ce \u00ab\u00a0&#8230; <strong><a href=\"https:\/\/www.lavisqteam.fr\/?p=46598\">divan \u00e0 Tunis<\/a><\/strong>\u00a0\u00bb est l\u00e0.<\/p>\n\n\n<div class=\"wp-block-image\">\n<figure class=\"aligncenter size-large is-resized\"><img src=\"https:\/\/fr.web.img2.acsta.net\/r_1920_1080\/img\/15\/10\/151072ddf7b64f5dd35ee3aa7cfe0c21.jpg\" alt=\"\" width=\"600\"\/><\/figure><\/div>\n\n\n<p>Ce premier long de <em>Manela Ladibi<\/em> avait \u00e9t\u00e9 un vrai coup de c\u0153ur, et j&rsquo;attendais un autre film de la r\u00e9alisatrice avec beaucoup de curiosit\u00e9. Et voici que cinq ans apr\u00e8s, la cin\u00e9aste fait son retour avec \u00ab\u00a0<strong>Reine M\u00e8re<\/strong>\u00ab\u00a0, une com\u00e9die situ\u00e9e au d\u00e9but des ann\u00e9es 90, qui avait tout l&rsquo;air d&rsquo;\u00eatre on ne peut plus amusante. Avec ce film, <em>Manele Labidi<\/em> a puis\u00e9 dans ses souvenirs d&rsquo;enfance, pour \u00e9crire une histoire entre fantasme et r\u00e9alit\u00e9 qui, comme pour \u00ab\u00a0<strong><a href=\"https:\/\/www.lavisqteam.fr\/?p=46598\">Un divan \u00e0 Tunis<\/a><\/strong>\u00a0\u00bb s&rsquo;annon\u00e7ait haut en couleur. Mais voil\u00e0, si le film tient des moments qui sont amusants, malheureusement, je dois dire que je suis totalement pass\u00e9 \u00e0 c\u00f4t\u00e9 de cette petite folie douce, qui tient pourtant des sujets int\u00e9ressants et des personnages qui amusent.<\/p>\n\n\n\n<h2 class=\"has-text-align-center\">\u00ab\u00a0\u00a0\u00bb<strong>Reine M\u00e8re<\/strong>\u00a0\u00bb a beaucoup d&rsquo;\u00e9l\u00e9ments qui sont int\u00e9ressants.\u00a0\u00bb<\/h2>\n\n\n\n<p>R\u00e9gion parisienne, 1991. Cela fait sept ans qu&rsquo;Amel et Amor, un couple binational entre la Tunisie et l&rsquo;Alg\u00e9rie, attendent un logement social, et aujourd&rsquo;hui, il y a urgence, car le propri\u00e9taire de l&rsquo;appartement dans lequel ils vivent \u00e0 d\u00e9cider de le r\u00e9cup\u00e9rer pour le donner \u00e0 son fils. Le couple vit avec leurs deux filles, dont l&rsquo;a\u00een\u00e9e est en CM2. Un jour, alors qu&rsquo;elle suit un cours d&rsquo;histoire sur l&rsquo;histoire de France, elle apprend l&rsquo;existence de Charles Martel, Roi de France qui a repouss\u00e9 les Arabes en 723 pendant la bataille de Poitiers. Pour la petite fille, une chose \u00e9trange se produit \u00e0 ce moment-l\u00e0, puisqu&rsquo;elle voit Martel sortir de la diapositive qui le repr\u00e9sentait, et d\u00e9sormais, ce dernier vit avec elle&#8230;<br><br>Me voil\u00e0 assez partag\u00e9 sur ce deuxi\u00e8me film sign\u00e9 <em>Manele Labidi<\/em>. Si le film n&rsquo;est pas mauvais, je ne peux pas dire que cette s\u00e9ance de cin\u00e9ma fut un moment g\u00e9nial, alors m\u00eame qu&rsquo;au sein de celle-ci, \u00ab\u00a0<strong>Reine M\u00e8re<\/strong>\u00a0\u00bb a beaucoup d&rsquo;\u00e9l\u00e9ments qui sont int\u00e9ressants. D&rsquo;ailleurs, en optimiste acharn\u00e9, je pr\u00e9f\u00e8re garder les bons c\u00f4t\u00e9s et moments en t\u00eate, et commencer par eux.<\/p>\n\n\n\n<p>Ainsi, ce qui est le plus int\u00e9ressant dans \u00ab\u00a0<strong>Reine M\u00e8re<\/strong>\u00ab\u00a0, c&rsquo;est l&rsquo;int\u00e9gration et tout ce qui gravite autour de ce que la r\u00e9alisatrice met en avant. Ici, <em>Manele Labidi<\/em> nous parle d&rsquo;un couple de binationaux, entre une tunisienne et un alg\u00e9rien, qui vont tout faire pour s&rsquo;int\u00e9grer au pays qui les a accueillis. Le film parle aussi bien de la volont\u00e9 de s&rsquo;en sortir que des r\u00eaves et des envies pour un avenir meilleur, que du sentiment de d\u00e9racinement et l&rsquo;envie aussi parfois de rentrer, ou encore le racisme, notamment avec une sc\u00e8ne tr\u00e8s forte autour des paroles d&rsquo;une chanson.<\/p>\n\n\n\n<h2 class=\"has-text-align-center\">\u00ab\u00a0Du c\u00f4t\u00e9 de sa mise en sc\u00e8ne, le film offre plein de choses\u00a0\u00bb<\/h2>\n\n\n\n<p>Avec \u00e7a, \u00ab\u00a0<strong>Reine M\u00e8re<\/strong>\u00a0\u00bb parlera aussi de la difficult\u00e9 de choisir, notamment avec ce couple binational, qui pourrait bien ne pas \u00eatre accept\u00e9 dans un pays comme dans l&rsquo;autre. Ce qui est tr\u00e8s bien aussi, c&rsquo;est que par rapport \u00e0 d&rsquo;autres films qui font dans le social, <em>Manele Labidi<\/em>, tout comme elle l&rsquo;avait d\u00e9j\u00e0 fait avec son premier film, fait le choix de la com\u00e9die pour raconter ses personnages, et elle \u00e9vite le mis\u00e9rabilisme facile, pr\u00e9f\u00e9rant mettre l&rsquo;angle sous d&rsquo;autres axes.<\/p>\n\n\n\n<p>Le film nous offre des personnages qui sont amusants et hauts en couleur. <em>Cam\u00e9lia Jordana<\/em> est excellente en m\u00e8re de famille partag\u00e9e entre ses r\u00eaves, ce dont elle a envie et la difficile r\u00e9alit\u00e9. <em>Sofiane Zermani<\/em>, quant \u00e0 lui, est loin, tr\u00e8s loin, de l&rsquo;image que v\u00e9hicule le cin\u00e9ma en ce moment avec les personnages musulmans, et il est assez touchant. Parmi les personnages, il faut aussi mentionner l&rsquo;excellence du duo <em>Saadie Benta\u00efeb<\/em> et <em>Farida Rahouadj<\/em> qui pour le coup, sont franchement \u00e0 mourir de rire, entre punchlines, conversations ensoleill\u00e9es et disputes gentiment houleuses.<\/p>\n\n\n\n<p>Du c\u00f4t\u00e9 de sa mise en sc\u00e8ne, le film offre plein de choses, et surtout, il essaie de proposer un cin\u00e9ma qui s&rsquo;aventure autre part. L\u00e0 encore, on peut y voir un petit c\u00f4t\u00e9 <em>Almodovar<\/em>, que ce soit dans le choix des couleurs, du rythme, ou la fa\u00e7on de casser la narration, passant de la r\u00e9alit\u00e9 \u00e0 la fiction. Mais voil\u00e0, si sur l&rsquo;ensemble, c&rsquo;est bien fait, c&rsquo;est aussi avec cette id\u00e9e de fantasme qui voit un Charles Martel sortir d&rsquo;une diapositive et s&rsquo;incruster dans la vie de la famille, qui ab\u00eeme cette s\u00e9ance. Outre le r\u00e9visionnisme qui est fait autour de Charles Martel et est balanc\u00e9 comme \u00e7a, sans vraiment de subtilit\u00e9, \u00e0 la fin du film, en termes de conclusion g\u00e9n\u00e9rale de l&rsquo;intrigue, \u00e7a met un flou, car on reste h\u00e9sitant sur le v\u00e9ritable sujet du film.<\/p>\n\n\n\n<h2 class=\"has-text-align-center\">\u00ab\u00a0<em>Manele Labidi<\/em> veut faire un cin\u00e9ma d\u00e9cal\u00e9, mais \u00e7a tombe \u00e0 plat\u00a0\u00bb<\/h2>\n\n\n\n<p>Il y a aussi que toutes les incursions de Charles Martel sont lourdes. <em>Manele Labidi<\/em> veut faire un cin\u00e9ma d\u00e9cal\u00e9, mais \u00e7a tombe \u00e0 plat, et plus que \u00e7a, \u00e7a a tendance \u00e0 se faire aga\u00e7ant. Puis plus le film avance, et plus Charles Martel, incarn\u00e9 par un <em>Damien Bonnard<\/em> en roue libre, se fait manger \u00e0 la sauce 2020, au point que si le personnage finissait par s&rsquo;excuser d&rsquo;\u00eatre un \u00ab\u00a0guerrier viril\u00a0\u00bb, \u00e7a n&rsquo;aurait pas \u00e9t\u00e9 \u00e9tonnant. Alors que \u00e7a aurait pu \u00eatre tr\u00e8s amusant, que \u00e7a aurait pu se poser comme une farce totalement fantasm\u00e9e qui aurait pu s&rsquo;inviter dans l&rsquo;esprit des Monthy Python, sous ses airs d&rsquo;en rire, on sent que ce c\u00f4t\u00e9-l\u00e0 du film est pris bien trop au s\u00e9rieux pour \u00eatre le fantasme d&rsquo;une petite fille qui aurait comme ami imaginaire un ancien Roi de France.<\/p>\n\n\n<div class=\"wp-block-image\">\n<figure class=\"aligncenter size-large is-resized\"><img src=\"https:\/\/fr.web.img6.acsta.net\/r_1920_1080\/img\/36\/fd\/36fd55398be4eca85f7343b7c44467c1.jpg\" alt=\"\" width=\"600\"\/><\/figure><\/div>\n\n\n<p>Ainsi, si le film a de tr\u00e8s bons c\u00f4t\u00e9s qui ont \u00e9t\u00e9 capable d&rsquo;amuser et d&rsquo;int\u00e9resser, ils n&rsquo;auront pas \u00e9t\u00e9 aussi forts que toutes ces incursions d&rsquo;un Charles Martel d\u00e9construit, qui finit par agacer et se faire de plus en plus loin au fur et \u00e0 mesure que cette histoire avance. Ce deuxi\u00e8me film de <em>Manele Labidi<\/em> se pose donc comme une vraie d\u00e9ception, et \u00e7a, c&rsquo;est franchement dommage. En esp\u00e9rant que son troisi\u00e8me film, qui est d\u00e9j\u00e0 en pr\u00e9paration, rattrape le plantage de celui-l\u00e0.<\/p>\n\n\n\n<p><strong>Note&nbsp;: 09\/20<\/strong><\/p>\n\n\n\n<figure class=\"wp-block-embed is-type-video is-provider-youtube wp-block-embed-youtube wp-embed-aspect-16-9 wp-has-aspect-ratio\"><div class=\"wp-block-embed__wrapper\">\n<iframe loading=\"lazy\" title=\"REINE M\u00c8RE Bande Annonce (2025) Cam\u00e9lia Jordana\" width=\"1200\" height=\"675\" src=\"https:\/\/www.youtube.com\/embed\/FTavqYXDoOg?feature=oembed\" frameborder=\"0\" allow=\"accelerometer; autoplay; clipboard-write; encrypted-media; gyroscope; picture-in-picture; web-share\" referrerpolicy=\"strict-origin-when-cross-origin\" allowfullscreen><\/iframe>\n<\/div><\/figure>\n\n\n\n<p class=\"has-text-align-right\">Par <strong>Cin\u00e9ted<\/strong><\/p>\n","protected":false},"excerpt":{"rendered":"<p>De&nbsp;: Manele Labidi Avec Cam\u00e9lia Jordana, Sofiane Zermani, Damien Bonnard, Rim Monfort Ann\u00e9e&nbsp;: 2025 Pays&nbsp;: France, Belgique Genre&nbsp;: Drame R\u00e9sum\u00e9&nbsp;: Amel est un personnage haut &hellip; <\/p>\n","protected":false},"author":4,"featured_media":76285,"comment_status":"open","ping_status":"open","sticky":false,"template":"","format":"standard","meta":[],"categories":[7],"tags":[],"yoast_head":"<!-- This site is optimized with the Yoast SEO plugin v19.6.1 - https:\/\/yoast.com\/wordpress\/plugins\/seo\/ -->\n<title>Reine M\u00e8re - Se Mettre Martel en T\u00eate - Lavisqteam.fr<\/title>\n<meta name=\"robots\" content=\"index, follow, max-snippet:-1, max-image-preview:large, max-video-preview:-1\" \/>\n<link rel=\"canonical\" href=\"https:\/\/www.lavisqteam.fr\/?p=76284\" \/>\n<meta property=\"og:locale\" content=\"fr_FR\" \/>\n<meta property=\"og:type\" content=\"article\" \/>\n<meta property=\"og:title\" content=\"Reine M\u00e8re - Se Mettre Martel en T\u00eate - Lavisqteam.fr\" \/>\n<meta property=\"og:description\" content=\"De&nbsp;: Manele Labidi Avec Cam\u00e9lia Jordana, Sofiane Zermani, Damien Bonnard, Rim Monfort Ann\u00e9e&nbsp;: 2025 Pays&nbsp;: France, Belgique Genre&nbsp;: Drame R\u00e9sum\u00e9&nbsp;: Amel est un personnage haut &hellip;\" \/>\n<meta property=\"og:url\" content=\"https:\/\/www.lavisqteam.fr\/?p=76284\" \/>\n<meta property=\"og:site_name\" content=\"Lavisqteam.fr\" \/>\n<meta property=\"article:published_time\" content=\"2025-03-12T12:04:08+00:00\" \/>\n<meta property=\"article:modified_time\" content=\"2025-07-01T12:21:33+00:00\" \/>\n<meta property=\"og:image\" content=\"https:\/\/www.lavisqteam.fr\/wp-content\/uploads\/2025\/03\/rein.jpg\" \/>\n\t<meta property=\"og:image:width\" content=\"727\" \/>\n\t<meta property=\"og:image:height\" content=\"395\" \/>\n\t<meta property=\"og:image:type\" content=\"image\/jpeg\" \/>\n<meta name=\"author\" content=\"Cineted\" \/>\n<meta name=\"twitter:card\" content=\"summary_large_image\" \/>\n<meta name=\"twitter:image\" content=\"https:\/\/www.lavisqteam.fr\/wp-content\/uploads\/2025\/03\/rein.jpg\" \/>\n<meta name=\"twitter:label1\" content=\"\u00c9crit par\" \/>\n\t<meta name=\"twitter:data1\" content=\"Cineted\" \/>\n\t<meta name=\"twitter:label2\" content=\"Dur\u00e9e de lecture estim\u00e9e\" \/>\n\t<meta name=\"twitter:data2\" content=\"7 minutes\" \/>\n<script type=\"application\/ld+json\" class=\"yoast-schema-graph\">{\"@context\":\"https:\/\/schema.org\",\"@graph\":[{\"@type\":\"Article\",\"@id\":\"https:\/\/www.lavisqteam.fr\/?p=76284#article\",\"isPartOf\":{\"@id\":\"https:\/\/www.lavisqteam.fr\/?p=76284\"},\"author\":{\"name\":\"Cineted\",\"@id\":\"https:\/\/www.lavisqteam.fr\/#\/schema\/person\/4ed7295b68bc3daae9094db5f1f9f913\"},\"headline\":\"Reine M\u00e8re &#8211; Se Mettre Martel en T\u00eate\",\"datePublished\":\"2025-03-12T12:04:08+00:00\",\"dateModified\":\"2025-07-01T12:21:33+00:00\",\"mainEntityOfPage\":{\"@id\":\"https:\/\/www.lavisqteam.fr\/?p=76284\"},\"wordCount\":1328,\"commentCount\":0,\"publisher\":{\"@id\":\"https:\/\/www.lavisqteam.fr\/#organization\"},\"articleSection\":[\"Cin\u00e9ma\"],\"inLanguage\":\"fr-FR\",\"potentialAction\":[{\"@type\":\"CommentAction\",\"name\":\"Comment\",\"target\":[\"https:\/\/www.lavisqteam.fr\/?p=76284#respond\"]}]},{\"@type\":\"WebPage\",\"@id\":\"https:\/\/www.lavisqteam.fr\/?p=76284\",\"url\":\"https:\/\/www.lavisqteam.fr\/?p=76284\",\"name\":\"Reine M\u00e8re - Se Mettre Martel en T\u00eate - Lavisqteam.fr\",\"isPartOf\":{\"@id\":\"https:\/\/www.lavisqteam.fr\/#website\"},\"datePublished\":\"2025-03-12T12:04:08+00:00\",\"dateModified\":\"2025-07-01T12:21:33+00:00\",\"breadcrumb\":{\"@id\":\"https:\/\/www.lavisqteam.fr\/?p=76284#breadcrumb\"},\"inLanguage\":\"fr-FR\",\"potentialAction\":[{\"@type\":\"ReadAction\",\"target\":[\"https:\/\/www.lavisqteam.fr\/?p=76284\"]}]},{\"@type\":\"BreadcrumbList\",\"@id\":\"https:\/\/www.lavisqteam.fr\/?p=76284#breadcrumb\",\"itemListElement\":[{\"@type\":\"ListItem\",\"position\":1,\"name\":\"Accueil\",\"item\":\"https:\/\/www.lavisqteam.fr\/\"},{\"@type\":\"ListItem\",\"position\":2,\"name\":\"Reine M\u00e8re &#8211; Se Mettre Martel en T\u00eate\"}]},{\"@type\":\"WebSite\",\"@id\":\"https:\/\/www.lavisqteam.fr\/#website\",\"url\":\"https:\/\/www.lavisqteam.fr\/\",\"name\":\"Lavisqteam.fr\",\"description\":\"\",\"publisher\":{\"@id\":\"https:\/\/www.lavisqteam.fr\/#organization\"},\"potentialAction\":[{\"@type\":\"SearchAction\",\"target\":{\"@type\":\"EntryPoint\",\"urlTemplate\":\"https:\/\/www.lavisqteam.fr\/?s={search_term_string}\"},\"query-input\":\"required name=search_term_string\"}],\"inLanguage\":\"fr-FR\"},{\"@type\":\"Organization\",\"@id\":\"https:\/\/www.lavisqteam.fr\/#organization\",\"name\":\"Lavisqteam.fr\",\"url\":\"https:\/\/www.lavisqteam.fr\/\",\"sameAs\":[],\"logo\":{\"@type\":\"ImageObject\",\"inLanguage\":\"fr-FR\",\"@id\":\"https:\/\/www.lavisqteam.fr\/#\/schema\/logo\/image\/\",\"url\":\"https:\/\/www.lavisqteam.fr\/wp-content\/uploads\/2020\/08\/cropped-80879545_3479261675449035_4078032831501041664_o-4.jpg\",\"contentUrl\":\"https:\/\/www.lavisqteam.fr\/wp-content\/uploads\/2020\/08\/cropped-80879545_3479261675449035_4078032831501041664_o-4.jpg\",\"width\":1674,\"height\":536,\"caption\":\"Lavisqteam.fr\"},\"image\":{\"@id\":\"https:\/\/www.lavisqteam.fr\/#\/schema\/logo\/image\/\"}},{\"@type\":\"Person\",\"@id\":\"https:\/\/www.lavisqteam.fr\/#\/schema\/person\/4ed7295b68bc3daae9094db5f1f9f913\",\"name\":\"Cineted\",\"image\":{\"@type\":\"ImageObject\",\"inLanguage\":\"fr-FR\",\"@id\":\"https:\/\/www.lavisqteam.fr\/#\/schema\/person\/image\/\",\"url\":\"https:\/\/secure.gravatar.com\/avatar\/2d66d0012368c91013200ba69885bddd?s=96&d=mm&r=g\",\"contentUrl\":\"https:\/\/secure.gravatar.com\/avatar\/2d66d0012368c91013200ba69885bddd?s=96&d=mm&r=g\",\"caption\":\"Cineted\"},\"url\":\"https:\/\/www.lavisqteam.fr\/?author=4\"}]}<\/script>\n<!-- \/ Yoast SEO plugin. -->","yoast_head_json":{"title":"Reine M\u00e8re - Se Mettre Martel en T\u00eate - Lavisqteam.fr","robots":{"index":"index","follow":"follow","max-snippet":"max-snippet:-1","max-image-preview":"max-image-preview:large","max-video-preview":"max-video-preview:-1"},"canonical":"https:\/\/www.lavisqteam.fr\/?p=76284","og_locale":"fr_FR","og_type":"article","og_title":"Reine M\u00e8re - Se Mettre Martel en T\u00eate - Lavisqteam.fr","og_description":"De&nbsp;: Manele Labidi Avec Cam\u00e9lia Jordana, Sofiane Zermani, Damien Bonnard, Rim Monfort Ann\u00e9e&nbsp;: 2025 Pays&nbsp;: France, Belgique Genre&nbsp;: Drame R\u00e9sum\u00e9&nbsp;: Amel est un personnage haut &hellip;","og_url":"https:\/\/www.lavisqteam.fr\/?p=76284","og_site_name":"Lavisqteam.fr","article_published_time":"2025-03-12T12:04:08+00:00","article_modified_time":"2025-07-01T12:21:33+00:00","og_image":[{"width":727,"height":395,"url":"https:\/\/www.lavisqteam.fr\/wp-content\/uploads\/2025\/03\/rein.jpg","type":"image\/jpeg"}],"author":"Cineted","twitter_card":"summary_large_image","twitter_image":"https:\/\/www.lavisqteam.fr\/wp-content\/uploads\/2025\/03\/rein.jpg","twitter_misc":{"\u00c9crit par":"Cineted","Dur\u00e9e de lecture estim\u00e9e":"7 minutes"},"schema":{"@context":"https:\/\/schema.org","@graph":[{"@type":"Article","@id":"https:\/\/www.lavisqteam.fr\/?p=76284#article","isPartOf":{"@id":"https:\/\/www.lavisqteam.fr\/?p=76284"},"author":{"name":"Cineted","@id":"https:\/\/www.lavisqteam.fr\/#\/schema\/person\/4ed7295b68bc3daae9094db5f1f9f913"},"headline":"Reine M\u00e8re &#8211; Se Mettre Martel en T\u00eate","datePublished":"2025-03-12T12:04:08+00:00","dateModified":"2025-07-01T12:21:33+00:00","mainEntityOfPage":{"@id":"https:\/\/www.lavisqteam.fr\/?p=76284"},"wordCount":1328,"commentCount":0,"publisher":{"@id":"https:\/\/www.lavisqteam.fr\/#organization"},"articleSection":["Cin\u00e9ma"],"inLanguage":"fr-FR","potentialAction":[{"@type":"CommentAction","name":"Comment","target":["https:\/\/www.lavisqteam.fr\/?p=76284#respond"]}]},{"@type":"WebPage","@id":"https:\/\/www.lavisqteam.fr\/?p=76284","url":"https:\/\/www.lavisqteam.fr\/?p=76284","name":"Reine M\u00e8re - Se Mettre Martel en T\u00eate - Lavisqteam.fr","isPartOf":{"@id":"https:\/\/www.lavisqteam.fr\/#website"},"datePublished":"2025-03-12T12:04:08+00:00","dateModified":"2025-07-01T12:21:33+00:00","breadcrumb":{"@id":"https:\/\/www.lavisqteam.fr\/?p=76284#breadcrumb"},"inLanguage":"fr-FR","potentialAction":[{"@type":"ReadAction","target":["https:\/\/www.lavisqteam.fr\/?p=76284"]}]},{"@type":"BreadcrumbList","@id":"https:\/\/www.lavisqteam.fr\/?p=76284#breadcrumb","itemListElement":[{"@type":"ListItem","position":1,"name":"Accueil","item":"https:\/\/www.lavisqteam.fr\/"},{"@type":"ListItem","position":2,"name":"Reine M\u00e8re &#8211; Se Mettre Martel en T\u00eate"}]},{"@type":"WebSite","@id":"https:\/\/www.lavisqteam.fr\/#website","url":"https:\/\/www.lavisqteam.fr\/","name":"Lavisqteam.fr","description":"","publisher":{"@id":"https:\/\/www.lavisqteam.fr\/#organization"},"potentialAction":[{"@type":"SearchAction","target":{"@type":"EntryPoint","urlTemplate":"https:\/\/www.lavisqteam.fr\/?s={search_term_string}"},"query-input":"required name=search_term_string"}],"inLanguage":"fr-FR"},{"@type":"Organization","@id":"https:\/\/www.lavisqteam.fr\/#organization","name":"Lavisqteam.fr","url":"https:\/\/www.lavisqteam.fr\/","sameAs":[],"logo":{"@type":"ImageObject","inLanguage":"fr-FR","@id":"https:\/\/www.lavisqteam.fr\/#\/schema\/logo\/image\/","url":"https:\/\/www.lavisqteam.fr\/wp-content\/uploads\/2020\/08\/cropped-80879545_3479261675449035_4078032831501041664_o-4.jpg","contentUrl":"https:\/\/www.lavisqteam.fr\/wp-content\/uploads\/2020\/08\/cropped-80879545_3479261675449035_4078032831501041664_o-4.jpg","width":1674,"height":536,"caption":"Lavisqteam.fr"},"image":{"@id":"https:\/\/www.lavisqteam.fr\/#\/schema\/logo\/image\/"}},{"@type":"Person","@id":"https:\/\/www.lavisqteam.fr\/#\/schema\/person\/4ed7295b68bc3daae9094db5f1f9f913","name":"Cineted","image":{"@type":"ImageObject","inLanguage":"fr-FR","@id":"https:\/\/www.lavisqteam.fr\/#\/schema\/person\/image\/","url":"https:\/\/secure.gravatar.com\/avatar\/2d66d0012368c91013200ba69885bddd?s=96&d=mm&r=g","contentUrl":"https:\/\/secure.gravatar.com\/avatar\/2d66d0012368c91013200ba69885bddd?s=96&d=mm&r=g","caption":"Cineted"},"url":"https:\/\/www.lavisqteam.fr\/?author=4"}]}},"jetpack_featured_media_url":"https:\/\/www.lavisqteam.fr\/wp-content\/uploads\/2025\/03\/rein.jpg","_links":{"self":[{"href":"https:\/\/www.lavisqteam.fr\/index.php?rest_route=\/wp\/v2\/posts\/76284"}],"collection":[{"href":"https:\/\/www.lavisqteam.fr\/index.php?rest_route=\/wp\/v2\/posts"}],"about":[{"href":"https:\/\/www.lavisqteam.fr\/index.php?rest_route=\/wp\/v2\/types\/post"}],"author":[{"embeddable":true,"href":"https:\/\/www.lavisqteam.fr\/index.php?rest_route=\/wp\/v2\/users\/4"}],"replies":[{"embeddable":true,"href":"https:\/\/www.lavisqteam.fr\/index.php?rest_route=%2Fwp%2Fv2%2Fcomments&post=76284"}],"version-history":[{"count":2,"href":"https:\/\/www.lavisqteam.fr\/index.php?rest_route=\/wp\/v2\/posts\/76284\/revisions"}],"predecessor-version":[{"id":76289,"href":"https:\/\/www.lavisqteam.fr\/index.php?rest_route=\/wp\/v2\/posts\/76284\/revisions\/76289"}],"wp:featuredmedia":[{"embeddable":true,"href":"https:\/\/www.lavisqteam.fr\/index.php?rest_route=\/wp\/v2\/media\/76285"}],"wp:attachment":[{"href":"https:\/\/www.lavisqteam.fr\/index.php?rest_route=%2Fwp%2Fv2%2Fmedia&parent=76284"}],"wp:term":[{"taxonomy":"category","embeddable":true,"href":"https:\/\/www.lavisqteam.fr\/index.php?rest_route=%2Fwp%2Fv2%2Fcategories&post=76284"},{"taxonomy":"post_tag","embeddable":true,"href":"https:\/\/www.lavisqteam.fr\/index.php?rest_route=%2Fwp%2Fv2%2Ftags&post=76284"}],"curies":[{"name":"wp","href":"https:\/\/api.w.org\/{rel}","templated":true}]}}