{"id":76256,"date":"2025-03-09T19:52:09","date_gmt":"2025-03-09T19:52:09","guid":{"rendered":"https:\/\/www.lavisqteam.fr\/?p=76256"},"modified":"2025-03-09T19:52:12","modified_gmt":"2025-03-09T19:52:12","slug":"name-the-demon-exorcisme-de-bas-etage","status":"publish","type":"post","link":"https:\/\/www.lavisqteam.fr\/?p=76256","title":{"rendered":"Name the Demon &#8211; Exorcisme de Bas \u00c9tage"},"content":{"rendered":"<div class=\"wp-block-image\">\n<figure class=\"aligncenter size-large is-resized\"><img src=\"https:\/\/m.media-amazon.com\/images\/M\/MV5BYjIzMzFkYzUtNGNmMS00MzJhLTlkMWQtMjZhNTFiYjg4MWMwXkEyXkFqcGc@._V1_.jpg\" alt=\"\" width=\"600\"\/><\/figure><\/div>\n\n\n<p><strong>De&nbsp;: <\/strong>Carmelo et Nicholas Chimaira<\/p>\n\n\n\n<p><strong>Avec <\/strong>Joe Castro, Jason Potter, Scotty Bohnen, Jessie Nerud<\/p>\n\n\n\n<p><strong>Ann\u00e9e&nbsp;: <\/strong>2024<\/p>\n\n\n\n<p><strong>Pays&nbsp;: <\/strong>Etats-Unis<\/p>\n\n\n\n<p><strong>Genre&nbsp;: <\/strong>Horreur<\/p>\n\n\n\n<p><strong>R\u00e9sum\u00e9&nbsp;:<\/strong><\/p>\n\n\n\n<p>Le seul espoir d&rsquo;une \u00e9quipe d&rsquo;exorcistes pour sauver une femme poss\u00e9d\u00e9e est de d\u00e9couvrir le nom du d\u00e9mon qui la poss\u00e8de.<\/p>\n\n\n\n<p><strong>Avis&nbsp;:<\/strong><\/p>\n\n\n\n<p>Depuis le best-seller de <em>William Peter Blatty<\/em> et son adaptation par <em>William Friedkin<\/em>, le sujet de l\u2019exorcisme a maintes fois \u00e9t\u00e9 exploit\u00e9 dans le cin\u00e9ma horrifique. En parall\u00e8le de productions \u00ab\u00a0classiques\u00a0\u00bb, on a m\u00eame eu droit \u00e0 quelques incursions dans le found-footage. On songe, entre autres, \u00e0 <strong><a href=\"https:\/\/www.lavisqteam.fr\/?p=1314\">The Devil Inside<\/a><\/strong>, <strong>Le Dernier exorcisme<\/strong> ou encore<a href=\"https:\/\/www.lavisqteam.fr\/?p=17443\"> <strong>Les Dossiers secrets du Vatican<\/strong><\/a>. S\u2019ils pr\u00e9sentent des qualit\u00e9s fluctuantes, on leur pr\u00eate n\u00e9anmoins une mont\u00e9e en tension graduelle avec une exposition m\u00e9ticuleuse des circonstances qui am\u00e8nent \u00e0 cette in\u00e9vitable confrontation avec le mal. Aussi, <strong>Name the Demon<\/strong> semble arriver sur le tard pour fournir une approche novatrice, \u00e0 tout le moins immersive, de la possession d\u00e9moniaque.<\/p>\n\n\n<div class=\"wp-block-image\">\n<figure class=\"aligncenter size-large\"><img src=\"https:\/\/www.voicesfromthebalcony.com\/wp-content\/uploads\/2024\/10\/Name-the-Demon-4.jpg\" alt=\"\"\/><\/figure><\/div>\n\n\n<p>D\u2019embl\u00e9e, le pr\u00e9sent m\u00e9trage affiche une r\u00e9alisation modeste, y compris dans un tel registre. Il est ais\u00e9 de distinguer une cam\u00e9ra \u00e0 l\u2019\u00e9paule f\u00e9brile, un cadrage approximatif, ainsi qu\u2019une ma\u00eetrise capricieuse des \u00e9clairages. Hormis la s\u00e9quence d\u2019introduction, l\u2019action se d\u00e9roule de nuit. Pour autant, l\u2019enrobage visuel manque clairement d\u2019attraits pour travailler la mise en contexte d\u2019une histoire qui rel\u00e8ve d\u2019un fait divers surnaturel. Le montage n\u2019est d\u2019ailleurs pas en reste avec une exposition maladroite et fragmentaire des enjeux. Au lieu d\u2019\u00e9voquer un myst\u00e8re relatif au pass\u00e9 de la poss\u00e9d\u00e9e ou d\u2019amorcer une atmosph\u00e8re oppressante, on se retrouve avec une pr\u00e9sentation \u00e9cul\u00e9e&nbsp;; incursions de textes \u00e0 l\u2019appui pour distinguer la nature de la bobine, comme un t\u00e9moignage \u00e0 part enti\u00e8re des \u00e9v\u00e8nements.<\/p>\n\n\n\n<h2 class=\"has-text-align-center\">\u00ab\u00a0Le montage n\u2019est d\u2019ailleurs pas en reste avec une exposition maladroite\u00a0\u00bb<\/h2>\n\n\n\n<p><strong>Name the Demon<\/strong> ne brille gu\u00e8re davantage dans sa caract\u00e9risation avec des protagonistes sans relief. Au mieux, on s\u2019indiff\u00e8re de leur sort. Au pire, ils agacent et multiplient les invraisemblances dans leur comportement, leurs r\u00e9parties. \u00c0 ce titre, les lignes de dialogue sont d\u2019une platitude alarmante, trahissant un manque d\u2019inspiration flagrant pour s\u2019extirper des carcans inh\u00e9rents aux sempiternelles consid\u00e9rations sur la lutte contre le mal. Le sc\u00e9nario a beau diss\u00e9miner quelques \u00e9changes sur des \u00e9v\u00e8nements ant\u00e9rieurs ou une appr\u00e9hension diff\u00e9rente selon l\u2019intervenant, les conversations sont m\u00e9caniques, sans \u00e2me. Pour combattre un d\u00e9mon, ce dernier point est un handicap de taille.<\/p>\n\n\n\n<p>Cependant, ces d\u00e9fauts peuvent para\u00eetre n\u00e9gligeables en comparaison du d\u00e9roulement de l\u2019exorcisme lui-m\u00eame. En temps normal, on aurait droit \u00e0 une exposition avant d\u2019entrer dans le vif du sujet. Tout l\u2019int\u00e9r\u00eat r\u00e9side dans la violence de la confrontation. \u00c0 travers une plong\u00e9e inexorable vers les t\u00e9n\u00e8bres, cela reste un moyen efficace de ne pas laisser le spectateur respirer. Or, <strong>Name the Demon<\/strong> entame les hostilit\u00e9s, puis s\u2019interrompt de mani\u00e8re inopportune. Les personnages se concertent, d\u00e9battent de la marche \u00e0 suivre, tout en permettant au d\u00e9mon de reprendre des forces. En l\u2019occurrence, cette orientation narrative devient une constante au fil de l\u2019intrigue, quitte \u00e0 tourner en rond dans la fa\u00e7on d\u2019appr\u00e9hender l\u2019exorcisme.<\/p>\n\n\n\n<h2 class=\"has-text-align-center\">\u00ab\u00a0le maquillage de la poss\u00e9d\u00e9e demeure grossier \u00ab\u00a0<\/h2>\n\n\n\n<p>Pour des pr\u00eatres exp\u00e9riment\u00e9s, une telle approche fait montre d\u2019un illogisme manifeste. On passera outre l\u2019\u00e9chapp\u00e9e du d\u00e9mon pour une visite impromptue dans la maison et la propri\u00e9t\u00e9. Cette incursion se veut autant dispensable qu\u2019ex\u00e9crable tant elle n\u2019apporte rien et se r\u00e9v\u00e8le incoh\u00e9rente avec l\u2019histoire elle-m\u00eame, si t\u00e9nue soit cette derni\u00e8re. De m\u00eame, les s\u00e9ances d\u2019exorcisme (puisqu\u2019elles sont \u00e9parses et fragment\u00e9es) changent la personne qui exhorte l\u2019entit\u00e9 \u00e0 retourner en enfer. L\u00e0 encore, les citations sont maintes fois ressass\u00e9es et proclam\u00e9es avec la conviction d\u2019une ch\u00e8vre. Pour parfaire ce tableau gu\u00e8re avenant, le maquillage de la poss\u00e9d\u00e9e demeure grossier et les proth\u00e8ses de chair tout aussi ostensible.<\/p>\n\n\n<div class=\"wp-block-image\">\n<figure class=\"aligncenter size-large is-resized\"><img src=\"https:\/\/www.foundfootagecritic.com\/wp-content\/uploads\/2024\/08\/Name.the_.Demon_.2024-fanart.jpg\" alt=\"\" width=\"600\"\/><\/figure><\/div>\n\n\n<p>Au final, <strong>Name the Demon<\/strong> est un found-footage sans int\u00e9r\u00eat. Si des moyens malingres ne sont gu\u00e8re r\u00e9dhibitoires dans ce genre, l\u2019absence de ma\u00eetrise technique et d\u2019ambiance l\u2019est davantage. En mati\u00e8re de cadre, il faut se contenter d\u2019une bicoque de banlieue d\u00e9nu\u00e9e d\u2019un potentiel ou d\u2019une singularit\u00e9 quelconque. \u00c0 aucun moment, les r\u00e9alisateurs <em>Chimera<\/em> ne parviennent \u00e0 interpeller sur le caract\u00e8re sinistre des circonstances ou instaurer le malaise qu\u2019on est en droit d\u2019attendre d\u2019un exorcisme. L\u2019intrigue multiplie les interm\u00e8des, cassant le rythme et les efforts consentis pour combattre le d\u00e9mon. Il en ressort une it\u00e9ration percluse de d\u00e9fauts, mal fagot\u00e9e et anodine dans son r\u00e9sultat. Un peu comme la d\u00e9couverte du nom de l\u2019entit\u00e9 qui n\u2019a peu ou pas de cons\u00e9quences sur le terme de la confrontation.<\/p>\n\n\n\n<p><strong>Note\u00a0: 06\/20<\/strong><\/p>\n\n\n\n<figure class=\"wp-block-embed is-type-video is-provider-youtube wp-block-embed-youtube wp-embed-aspect-16-9 wp-has-aspect-ratio\"><div class=\"wp-block-embed__wrapper\">\n<iframe loading=\"lazy\" title=\"NAME THE DEMON Official Trailer 2024 Horror Movie\" width=\"1200\" height=\"675\" src=\"https:\/\/www.youtube.com\/embed\/fIgwrh8juFw?feature=oembed\" frameborder=\"0\" allow=\"accelerometer; autoplay; clipboard-write; encrypted-media; gyroscope; picture-in-picture; web-share\" referrerpolicy=\"strict-origin-when-cross-origin\" allowfullscreen><\/iframe>\n<\/div><\/figure>\n\n\n\n<p class=\"has-text-align-right\">Par <strong>Dante<\/strong><\/p>\n","protected":false},"excerpt":{"rendered":"<p>De&nbsp;: Carmelo et Nicholas Chimaira Avec Joe Castro, Jason Potter, Scotty Bohnen, Jessie Nerud Ann\u00e9e&nbsp;: 2024 Pays&nbsp;: Etats-Unis Genre&nbsp;: Horreur R\u00e9sum\u00e9&nbsp;: Le seul espoir d&rsquo;une &hellip; <\/p>\n","protected":false},"author":5,"featured_media":76257,"comment_status":"open","ping_status":"open","sticky":false,"template":"","format":"standard","meta":[],"categories":[7],"tags":[],"yoast_head":"<!-- This site is optimized with the Yoast SEO plugin v19.6.1 - https:\/\/yoast.com\/wordpress\/plugins\/seo\/ -->\n<title>Name the Demon - Exorcisme de Bas \u00c9tage - Lavisqteam.fr<\/title>\n<meta name=\"robots\" content=\"index, follow, max-snippet:-1, max-image-preview:large, max-video-preview:-1\" \/>\n<link rel=\"canonical\" href=\"https:\/\/www.lavisqteam.fr\/?p=76256\" \/>\n<meta property=\"og:locale\" content=\"fr_FR\" \/>\n<meta property=\"og:type\" content=\"article\" \/>\n<meta property=\"og:title\" content=\"Name the Demon - Exorcisme de Bas \u00c9tage - Lavisqteam.fr\" \/>\n<meta property=\"og:description\" content=\"De&nbsp;: Carmelo et Nicholas Chimaira Avec Joe Castro, Jason Potter, Scotty Bohnen, Jessie Nerud Ann\u00e9e&nbsp;: 2024 Pays&nbsp;: Etats-Unis Genre&nbsp;: Horreur R\u00e9sum\u00e9&nbsp;: Le seul espoir d&rsquo;une &hellip;\" \/>\n<meta property=\"og:url\" content=\"https:\/\/www.lavisqteam.fr\/?p=76256\" \/>\n<meta property=\"og:site_name\" content=\"Lavisqteam.fr\" \/>\n<meta property=\"article:published_time\" content=\"2025-03-09T19:52:09+00:00\" \/>\n<meta property=\"article:modified_time\" content=\"2025-03-09T19:52:12+00:00\" \/>\n<meta property=\"og:image\" content=\"https:\/\/www.lavisqteam.fr\/wp-content\/uploads\/2025\/03\/name.jpg\" \/>\n\t<meta property=\"og:image:width\" content=\"727\" \/>\n\t<meta property=\"og:image:height\" content=\"395\" \/>\n\t<meta property=\"og:image:type\" content=\"image\/jpeg\" \/>\n<meta name=\"author\" content=\"Dante\" \/>\n<meta name=\"twitter:card\" content=\"summary_large_image\" \/>\n<meta name=\"twitter:image\" content=\"https:\/\/www.lavisqteam.fr\/wp-content\/uploads\/2025\/03\/name.jpg\" \/>\n<meta name=\"twitter:label1\" content=\"\u00c9crit par\" \/>\n\t<meta name=\"twitter:data1\" content=\"Dante\" \/>\n\t<meta name=\"twitter:label2\" content=\"Dur\u00e9e de lecture estim\u00e9e\" \/>\n\t<meta name=\"twitter:data2\" content=\"5 minutes\" \/>\n<script type=\"application\/ld+json\" class=\"yoast-schema-graph\">{\"@context\":\"https:\/\/schema.org\",\"@graph\":[{\"@type\":\"Article\",\"@id\":\"https:\/\/www.lavisqteam.fr\/?p=76256#article\",\"isPartOf\":{\"@id\":\"https:\/\/www.lavisqteam.fr\/?p=76256\"},\"author\":{\"name\":\"Dante\",\"@id\":\"https:\/\/www.lavisqteam.fr\/#\/schema\/person\/f990b2bf003d200c5d343e528a040052\"},\"headline\":\"Name the Demon &#8211; Exorcisme de Bas \u00c9tage\",\"datePublished\":\"2025-03-09T19:52:09+00:00\",\"dateModified\":\"2025-03-09T19:52:12+00:00\",\"mainEntityOfPage\":{\"@id\":\"https:\/\/www.lavisqteam.fr\/?p=76256\"},\"wordCount\":913,\"commentCount\":0,\"publisher\":{\"@id\":\"https:\/\/www.lavisqteam.fr\/#organization\"},\"articleSection\":[\"Cin\u00e9ma\"],\"inLanguage\":\"fr-FR\",\"potentialAction\":[{\"@type\":\"CommentAction\",\"name\":\"Comment\",\"target\":[\"https:\/\/www.lavisqteam.fr\/?p=76256#respond\"]}]},{\"@type\":\"WebPage\",\"@id\":\"https:\/\/www.lavisqteam.fr\/?p=76256\",\"url\":\"https:\/\/www.lavisqteam.fr\/?p=76256\",\"name\":\"Name the Demon - Exorcisme de Bas \u00c9tage - Lavisqteam.fr\",\"isPartOf\":{\"@id\":\"https:\/\/www.lavisqteam.fr\/#website\"},\"datePublished\":\"2025-03-09T19:52:09+00:00\",\"dateModified\":\"2025-03-09T19:52:12+00:00\",\"breadcrumb\":{\"@id\":\"https:\/\/www.lavisqteam.fr\/?p=76256#breadcrumb\"},\"inLanguage\":\"fr-FR\",\"potentialAction\":[{\"@type\":\"ReadAction\",\"target\":[\"https:\/\/www.lavisqteam.fr\/?p=76256\"]}]},{\"@type\":\"BreadcrumbList\",\"@id\":\"https:\/\/www.lavisqteam.fr\/?p=76256#breadcrumb\",\"itemListElement\":[{\"@type\":\"ListItem\",\"position\":1,\"name\":\"Accueil\",\"item\":\"https:\/\/www.lavisqteam.fr\/\"},{\"@type\":\"ListItem\",\"position\":2,\"name\":\"Name the Demon &#8211; Exorcisme de Bas \u00c9tage\"}]},{\"@type\":\"WebSite\",\"@id\":\"https:\/\/www.lavisqteam.fr\/#website\",\"url\":\"https:\/\/www.lavisqteam.fr\/\",\"name\":\"Lavisqteam.fr\",\"description\":\"\",\"publisher\":{\"@id\":\"https:\/\/www.lavisqteam.fr\/#organization\"},\"potentialAction\":[{\"@type\":\"SearchAction\",\"target\":{\"@type\":\"EntryPoint\",\"urlTemplate\":\"https:\/\/www.lavisqteam.fr\/?s={search_term_string}\"},\"query-input\":\"required name=search_term_string\"}],\"inLanguage\":\"fr-FR\"},{\"@type\":\"Organization\",\"@id\":\"https:\/\/www.lavisqteam.fr\/#organization\",\"name\":\"Lavisqteam.fr\",\"url\":\"https:\/\/www.lavisqteam.fr\/\",\"sameAs\":[],\"logo\":{\"@type\":\"ImageObject\",\"inLanguage\":\"fr-FR\",\"@id\":\"https:\/\/www.lavisqteam.fr\/#\/schema\/logo\/image\/\",\"url\":\"https:\/\/www.lavisqteam.fr\/wp-content\/uploads\/2020\/08\/cropped-80879545_3479261675449035_4078032831501041664_o-4.jpg\",\"contentUrl\":\"https:\/\/www.lavisqteam.fr\/wp-content\/uploads\/2020\/08\/cropped-80879545_3479261675449035_4078032831501041664_o-4.jpg\",\"width\":1674,\"height\":536,\"caption\":\"Lavisqteam.fr\"},\"image\":{\"@id\":\"https:\/\/www.lavisqteam.fr\/#\/schema\/logo\/image\/\"}},{\"@type\":\"Person\",\"@id\":\"https:\/\/www.lavisqteam.fr\/#\/schema\/person\/f990b2bf003d200c5d343e528a040052\",\"name\":\"Dante\",\"image\":{\"@type\":\"ImageObject\",\"inLanguage\":\"fr-FR\",\"@id\":\"https:\/\/www.lavisqteam.fr\/#\/schema\/person\/image\/\",\"url\":\"https:\/\/secure.gravatar.com\/avatar\/247c2b515d1472e98f97043ac8393382?s=96&d=mm&r=g\",\"contentUrl\":\"https:\/\/secure.gravatar.com\/avatar\/247c2b515d1472e98f97043ac8393382?s=96&d=mm&r=g\",\"caption\":\"Dante\"},\"url\":\"https:\/\/www.lavisqteam.fr\/?author=5\"}]}<\/script>\n<!-- \/ Yoast SEO plugin. -->","yoast_head_json":{"title":"Name the Demon - Exorcisme de Bas \u00c9tage - Lavisqteam.fr","robots":{"index":"index","follow":"follow","max-snippet":"max-snippet:-1","max-image-preview":"max-image-preview:large","max-video-preview":"max-video-preview:-1"},"canonical":"https:\/\/www.lavisqteam.fr\/?p=76256","og_locale":"fr_FR","og_type":"article","og_title":"Name the Demon - Exorcisme de Bas \u00c9tage - Lavisqteam.fr","og_description":"De&nbsp;: Carmelo et Nicholas Chimaira Avec Joe Castro, Jason Potter, Scotty Bohnen, Jessie Nerud Ann\u00e9e&nbsp;: 2024 Pays&nbsp;: Etats-Unis Genre&nbsp;: Horreur R\u00e9sum\u00e9&nbsp;: Le seul espoir d&rsquo;une &hellip;","og_url":"https:\/\/www.lavisqteam.fr\/?p=76256","og_site_name":"Lavisqteam.fr","article_published_time":"2025-03-09T19:52:09+00:00","article_modified_time":"2025-03-09T19:52:12+00:00","og_image":[{"width":727,"height":395,"url":"https:\/\/www.lavisqteam.fr\/wp-content\/uploads\/2025\/03\/name.jpg","type":"image\/jpeg"}],"author":"Dante","twitter_card":"summary_large_image","twitter_image":"https:\/\/www.lavisqteam.fr\/wp-content\/uploads\/2025\/03\/name.jpg","twitter_misc":{"\u00c9crit par":"Dante","Dur\u00e9e de lecture estim\u00e9e":"5 minutes"},"schema":{"@context":"https:\/\/schema.org","@graph":[{"@type":"Article","@id":"https:\/\/www.lavisqteam.fr\/?p=76256#article","isPartOf":{"@id":"https:\/\/www.lavisqteam.fr\/?p=76256"},"author":{"name":"Dante","@id":"https:\/\/www.lavisqteam.fr\/#\/schema\/person\/f990b2bf003d200c5d343e528a040052"},"headline":"Name the Demon &#8211; Exorcisme de Bas \u00c9tage","datePublished":"2025-03-09T19:52:09+00:00","dateModified":"2025-03-09T19:52:12+00:00","mainEntityOfPage":{"@id":"https:\/\/www.lavisqteam.fr\/?p=76256"},"wordCount":913,"commentCount":0,"publisher":{"@id":"https:\/\/www.lavisqteam.fr\/#organization"},"articleSection":["Cin\u00e9ma"],"inLanguage":"fr-FR","potentialAction":[{"@type":"CommentAction","name":"Comment","target":["https:\/\/www.lavisqteam.fr\/?p=76256#respond"]}]},{"@type":"WebPage","@id":"https:\/\/www.lavisqteam.fr\/?p=76256","url":"https:\/\/www.lavisqteam.fr\/?p=76256","name":"Name the Demon - Exorcisme de Bas \u00c9tage - Lavisqteam.fr","isPartOf":{"@id":"https:\/\/www.lavisqteam.fr\/#website"},"datePublished":"2025-03-09T19:52:09+00:00","dateModified":"2025-03-09T19:52:12+00:00","breadcrumb":{"@id":"https:\/\/www.lavisqteam.fr\/?p=76256#breadcrumb"},"inLanguage":"fr-FR","potentialAction":[{"@type":"ReadAction","target":["https:\/\/www.lavisqteam.fr\/?p=76256"]}]},{"@type":"BreadcrumbList","@id":"https:\/\/www.lavisqteam.fr\/?p=76256#breadcrumb","itemListElement":[{"@type":"ListItem","position":1,"name":"Accueil","item":"https:\/\/www.lavisqteam.fr\/"},{"@type":"ListItem","position":2,"name":"Name the Demon &#8211; Exorcisme de Bas \u00c9tage"}]},{"@type":"WebSite","@id":"https:\/\/www.lavisqteam.fr\/#website","url":"https:\/\/www.lavisqteam.fr\/","name":"Lavisqteam.fr","description":"","publisher":{"@id":"https:\/\/www.lavisqteam.fr\/#organization"},"potentialAction":[{"@type":"SearchAction","target":{"@type":"EntryPoint","urlTemplate":"https:\/\/www.lavisqteam.fr\/?s={search_term_string}"},"query-input":"required name=search_term_string"}],"inLanguage":"fr-FR"},{"@type":"Organization","@id":"https:\/\/www.lavisqteam.fr\/#organization","name":"Lavisqteam.fr","url":"https:\/\/www.lavisqteam.fr\/","sameAs":[],"logo":{"@type":"ImageObject","inLanguage":"fr-FR","@id":"https:\/\/www.lavisqteam.fr\/#\/schema\/logo\/image\/","url":"https:\/\/www.lavisqteam.fr\/wp-content\/uploads\/2020\/08\/cropped-80879545_3479261675449035_4078032831501041664_o-4.jpg","contentUrl":"https:\/\/www.lavisqteam.fr\/wp-content\/uploads\/2020\/08\/cropped-80879545_3479261675449035_4078032831501041664_o-4.jpg","width":1674,"height":536,"caption":"Lavisqteam.fr"},"image":{"@id":"https:\/\/www.lavisqteam.fr\/#\/schema\/logo\/image\/"}},{"@type":"Person","@id":"https:\/\/www.lavisqteam.fr\/#\/schema\/person\/f990b2bf003d200c5d343e528a040052","name":"Dante","image":{"@type":"ImageObject","inLanguage":"fr-FR","@id":"https:\/\/www.lavisqteam.fr\/#\/schema\/person\/image\/","url":"https:\/\/secure.gravatar.com\/avatar\/247c2b515d1472e98f97043ac8393382?s=96&d=mm&r=g","contentUrl":"https:\/\/secure.gravatar.com\/avatar\/247c2b515d1472e98f97043ac8393382?s=96&d=mm&r=g","caption":"Dante"},"url":"https:\/\/www.lavisqteam.fr\/?author=5"}]}},"jetpack_featured_media_url":"https:\/\/www.lavisqteam.fr\/wp-content\/uploads\/2025\/03\/name.jpg","_links":{"self":[{"href":"https:\/\/www.lavisqteam.fr\/index.php?rest_route=\/wp\/v2\/posts\/76256"}],"collection":[{"href":"https:\/\/www.lavisqteam.fr\/index.php?rest_route=\/wp\/v2\/posts"}],"about":[{"href":"https:\/\/www.lavisqteam.fr\/index.php?rest_route=\/wp\/v2\/types\/post"}],"author":[{"embeddable":true,"href":"https:\/\/www.lavisqteam.fr\/index.php?rest_route=\/wp\/v2\/users\/5"}],"replies":[{"embeddable":true,"href":"https:\/\/www.lavisqteam.fr\/index.php?rest_route=%2Fwp%2Fv2%2Fcomments&post=76256"}],"version-history":[{"count":1,"href":"https:\/\/www.lavisqteam.fr\/index.php?rest_route=\/wp\/v2\/posts\/76256\/revisions"}],"predecessor-version":[{"id":76258,"href":"https:\/\/www.lavisqteam.fr\/index.php?rest_route=\/wp\/v2\/posts\/76256\/revisions\/76258"}],"wp:featuredmedia":[{"embeddable":true,"href":"https:\/\/www.lavisqteam.fr\/index.php?rest_route=\/wp\/v2\/media\/76257"}],"wp:attachment":[{"href":"https:\/\/www.lavisqteam.fr\/index.php?rest_route=%2Fwp%2Fv2%2Fmedia&parent=76256"}],"wp:term":[{"taxonomy":"category","embeddable":true,"href":"https:\/\/www.lavisqteam.fr\/index.php?rest_route=%2Fwp%2Fv2%2Fcategories&post=76256"},{"taxonomy":"post_tag","embeddable":true,"href":"https:\/\/www.lavisqteam.fr\/index.php?rest_route=%2Fwp%2Fv2%2Ftags&post=76256"}],"curies":[{"name":"wp","href":"https:\/\/api.w.org\/{rel}","templated":true}]}}