{"id":75891,"date":"2025-01-28T20:12:13","date_gmt":"2025-01-28T20:12:13","guid":{"rendered":"https:\/\/www.lavisqteam.fr\/?p=75891"},"modified":"2025-03-18T20:01:12","modified_gmt":"2025-03-18T20:01:12","slug":"julie-se-tait-lomerta-dans-le-sport","status":"publish","type":"post","link":"https:\/\/www.lavisqteam.fr\/?p=75891","title":{"rendered":"Julie se Tait &#8211; L&rsquo;Omerta dans le Sport"},"content":{"rendered":"<div class=\"wp-block-image\">\n<figure class=\"aligncenter size-large is-resized\"><img src=\"https:\/\/fr.web.img2.acsta.net\/r_1920_1080\/img\/72\/fd\/72fde2e7d86c5ac943c394abc8ac6dad.jpg\" alt=\"\" width=\"600\"\/><\/figure><\/div>\n\n\n<p><strong>Titre Original&nbsp;: <\/strong>Julie Zwijgt<\/p>\n\n\n\n<p><strong>De&nbsp;: <\/strong>Leonardo Van Dijl<\/p>\n\n\n\n<p><strong>Avec <\/strong>Tessa Van Den Broeck, Koen De Bouw, Claire Bodson, Ruth Becquart<\/p>\n\n\n\n<p><strong>Ann\u00e9e&nbsp;: <\/strong>2025<\/p>\n\n\n\n<p><strong>Pays&nbsp;: <\/strong>Belgique, Su\u00e8de<\/p>\n\n\n\n<p><strong>Genre&nbsp;: <\/strong>Drame<\/p>\n\n\n\n<p><strong>R\u00e9sum\u00e9&nbsp;:<\/strong><\/p>\n\n\n\n<p>Julie, une star montante du tennis \u00e9voluant dans un club prestigieux, consacre toute sa vie \u00e0 son sport. Lorsque l&rsquo;entra\u00eeneur qui pourrait la propulser vers les sommets est suspendu soudainement et qu&rsquo;une enqu\u00eate est ouverte, tous les joueurs du club sont encourag\u00e9s \u00e0 partager leur histoire. Mais Julie d\u00e9cide de garder le silence.<\/p>\n\n\n\n<p><strong>Avis&nbsp;:<\/strong><\/p>\n\n\n\n<p>Nouveau venu dans le paysage belge, <em>Leonardo Van Dijl<\/em> est un jeune cin\u00e9aste de trente-trois ans qui, avec \u00ab\u00a0<strong>Julie se tait<\/strong>\u00ab\u00a0, met en sc\u00e8ne son premier long-m\u00e9trage. Un premier long qui s&rsquo;est fait joliment remarquer au festival de Cannes, \u00e0 la semaine de la critique, o\u00f9 il est reparti avec deux prix. Puis avec \u00e7a, le film a \u00e9t\u00e9 s\u00e9lectionn\u00e9 par la Belgique pour la repr\u00e9senter aux prochains Oscars. Avant tout cela, <em>Leonardo Van Dijl<\/em> a d\u00e9j\u00e0 r\u00e9alis\u00e9 trois courts-m\u00e9trages qui approchent tous plus ou moins le milieu du sport.<\/p>\n\n\n<div class=\"wp-block-image\">\n<figure class=\"aligncenter size-large is-resized\"><img src=\"https:\/\/fr.web.img4.acsta.net\/r_1920_1080\/img\/cb\/1f\/cb1fb976f149ce2e3401ce5841db0d15.jpg\" alt=\"\" width=\"600\"\/><\/figure><\/div>\n\n\n<p>\u00ab\u00a0<strong>Julie se tait<\/strong>\u00a0\u00bb est un film qui propose de suivre une jeune tenniswoman au moment o\u00f9 l&rsquo;un des entra\u00eeneurs de son club est \u00e9cart\u00e9. Lorsqu&rsquo;on s&rsquo;arr\u00eate sur ce premier film, \u00ab\u00a0<strong>Julie se tait<\/strong>\u00a0\u00bb est un film qui d&#8217;embl\u00e9e int\u00e9resse de par son sujet qui s&rsquo;inscrit parfaitement dans l&rsquo;air du temps. Ayant une patte de r\u00e9alisation, tenant une atmosph\u00e8re superbe, \u00ab\u00a0<strong>Julie se tait<\/strong>\u00a0\u00bb est un film qui nous pr\u00e9sente les premiers pas d&rsquo;un jeune cin\u00e9aste qui a du talent et des choses \u00e0 raconter. Malheureusement pour son cin\u00e9aste, malgr\u00e9 ce que le film raconte, malgr\u00e9 la proposition et le portrait tout en subtilit\u00e9 de son personnage, \u00ab\u00a0<strong>Julie se tait<\/strong>\u00a0\u00bb a bien du mal \u00e0 se faire prenant, et plus encore touchant, ce qui est franchement dommage au vu de son sujet.<\/p>\n\n\n\n<h2 class=\"has-text-align-center\">\u00ab\u00a0\u00a0\u00bb<strong>Julie se tait<\/strong>\u00a0\u00bb a bien du mal \u00e0 se faire prenant\u00a0\u00bb<\/h2>\n\n\n\n<p>Julie est une adolescente qui peut \u00eatre une star montante du tennis. Toute sa vie tourne autour de son sport qu&rsquo;elle adore, et dont elle donne tout. Un matin comme un autre, J\u00e9r\u00e9my, l&rsquo;un des entra\u00eeneurs du club, est suspendu apr\u00e8s le suicide d&rsquo;une ancienne joueuse. Cette suspension et ce drame donnent lieu \u00e0 des suspicions, et alors que beaucoup parlent entre eux ou \u00e0 la direction, Julie, elle, reste dans le silence&#8230;<br><br>Le mutisme, ou plut\u00f4t comment parler, quand parler, et peut-\u00eatre m\u00eame pourquoi parler ? Bon, on l&rsquo;aura compris, \u00ab\u00a0<strong>Julie se tait<\/strong>\u00a0\u00bb est un film qui parle des abus dans le sport, mais plus que de parler de cela, <em>Leonardo Van Dijl<\/em> a surtout voulu faire un film sur la parole et surtout sur sa lib\u00e9ration. Pour \u00e9tayer cette id\u00e9e, le r\u00e9alisateur va faire un film tout en silence. Un film int\u00e9rieur, o\u00f9 l&rsquo;on sent bien que l&rsquo;h\u00e9ro\u00efne bout, ne demande qu&rsquo;\u00e0 parler sans pouvoir le faire et c&rsquo;est ce qui est int\u00e9ressant, enfin du moins sur le papier, car une fois pos\u00e9 \u00e0 l&rsquo;\u00e9cran, le film de <em>Leonardo Van Dijl<\/em> ne se r\u00e9v\u00e8le pas aussi prenant que pr\u00e9vu.<\/p>\n\n\n\n<p>Alors bien s\u00fbr, dire que l&rsquo;on n&rsquo;est pas touch\u00e9 par cette jeune femme qui ne sait pas vraiment comme r\u00e9agir face \u00e0 ce qu&rsquo;elle a v\u00e9cu, et aux langues de concierge qui ne font que supposer ce qui a pu arriver et le pourquoi de l&rsquo;\u00e9viction de cet entra\u00eeneur, ce serait mentir. Non, Julie, dans son mutisme, est touchante, et tous les questionnements qui vont avec la foule de questions qu&rsquo;elle peut se poser sont autant de sujets qui sont int\u00e9ressants. Mais avec un tel raisonnement, pourquoi finalement le film de <em>Leonardo Van Dijl<\/em> se pose-t-il comme une d\u00e9ception ? Pourquoi n&rsquo;arrive-t-il pas \u00e0 autant toucher qu&rsquo;on l&rsquo;aurait pens\u00e9 ?<\/p>\n\n\n\n<h2 class=\"has-text-align-center\">\u00ab\u00a0<em>Tessa Van den Broeck<\/em> porte le film sur ses \u00e9paules\u00a0\u00bb<\/h2>\n\n\n\n<p>La r\u00e9ponse est simple, si le silence de Julie est lourd de sens, et s\u2019il communique beaucoup \u00e0 force de silences justement, \u00e0 force de tout retenir, tout garder, on a l&rsquo;impression que le film garde son intrigue et n&rsquo;arrive pas \u00e0 exploser, un peu comme son personnage finalement. On se retrouve alors devant une intrigue excellente, une id\u00e9e toute aussi excellente, et pourtant, il manque un truc en plus qui fait qu&rsquo;on se retrouve pris et bouscul\u00e9 par la souffrance de cette jeune femme. Puis quand enfin, l&rsquo;id\u00e9e de se lib\u00e9rer, de parler, au moment o\u00f9 le film aurait d\u00fb se faire bouleversant, on se retrouve avec un g\u00e9n\u00e9rique de fin. Alors oui, cette id\u00e9e de ne rien dire va avec la grammaire du film, mais l\u00e0, \u00e7a laisse une sensation d&rsquo;avoir \u00ab\u00a0attendu\u00a0\u00bb pour rien, m\u00eame si on sait tr\u00e8s bien ce que sera la suite.<br><br>Ce sentiment est d&rsquo;autant plus dommage que le reste du film est bon. Comme je le disais, \u00ab\u00a0<strong>Julie se tait<\/strong>\u00a0\u00bb a une bonne ambiance, avec un soin tout particulier qui est apport\u00e9 \u00e0 la photographie, ce qui lui donne un ton particulier, qui en un sens refl\u00e8te bien son personnage. Puis derri\u00e8re \u00e7a, le film est tenu par une jeune actrice dont c&rsquo;est la premi\u00e8re fois \u00e0 l&rsquo;\u00e9cran et elle est franchement excellente. C&rsquo;est bien simple, <em>Tessa Van den Broeck<\/em> porte le film sur ses \u00e9paules, et m\u00eame si parfois, les silences du film emp\u00eachent que le film offre plus, jamais \u00e7a ne vient de la com\u00e9dienne.<\/p>\n\n\n<div class=\"wp-block-image\">\n<figure class=\"aligncenter size-large is-resized\"><img src=\"https:\/\/fr.web.img6.acsta.net\/r_1920_1080\/img\/55\/30\/5530b1e504c7efbf75d307f2a4e753e6.jpg\" alt=\"\" width=\"600\"\/><\/figure><\/div>\n\n\n<p>Ainsi donc, \u00ab\u00a0<strong>Julie se tait<\/strong>\u00a0\u00bb est un film int\u00e9ressant dans ce qu&rsquo;il raconte, dans son ton et de par sa jeune actrice, mais malgr\u00e9 tous les points positifs que le film peut avoir, il reste que \u00ab\u00a0<strong>Julie se tait<\/strong>\u00a0\u00bb n&rsquo;arrive jamais \u00e0 nous entra\u00eener totalement dans son intrigue. Si son personnage bout et ne demande qu&rsquo;\u00e0 exploser, ce n&rsquo;est pas ce que le film nous fait ressentir, et \u00e7a, c&rsquo;est dommage.<\/p>\n\n\n\n<p><strong>Note\u00a0: 10\/20<\/strong><\/p>\n\n\n\n<figure class=\"wp-block-embed is-type-video is-provider-youtube wp-block-embed-youtube wp-embed-aspect-16-9 wp-has-aspect-ratio\"><div class=\"wp-block-embed__wrapper\">\n<iframe loading=\"lazy\" title=\"JULIE SE TAIT Bande Annonce (2025) Tessa Van den Broeck, Drame\" width=\"1200\" height=\"675\" src=\"https:\/\/www.youtube.com\/embed\/6HwUMpm_t3A?feature=oembed\" frameborder=\"0\" allow=\"accelerometer; autoplay; clipboard-write; encrypted-media; gyroscope; picture-in-picture; web-share\" referrerpolicy=\"strict-origin-when-cross-origin\" allowfullscreen><\/iframe>\n<\/div><\/figure>\n\n\n\n<p class=\"has-text-align-right\">Par <strong>Cin\u00e9ted<\/strong><\/p>\n","protected":false},"excerpt":{"rendered":"<p>Titre Original&nbsp;: Julie Zwijgt De&nbsp;: Leonardo Van Dijl Avec Tessa Van Den Broeck, Koen De Bouw, Claire Bodson, Ruth Becquart Ann\u00e9e&nbsp;: 2025 Pays&nbsp;: Belgique, Su\u00e8de &hellip; <\/p>\n","protected":false},"author":4,"featured_media":75892,"comment_status":"open","ping_status":"open","sticky":false,"template":"","format":"standard","meta":[],"categories":[7],"tags":[],"yoast_head":"<!-- This site is optimized with the Yoast SEO plugin v19.6.1 - https:\/\/yoast.com\/wordpress\/plugins\/seo\/ -->\n<title>Julie se Tait - L&#039;Omerta dans le Sport - Lavisqteam.fr<\/title>\n<meta name=\"robots\" content=\"index, follow, max-snippet:-1, max-image-preview:large, max-video-preview:-1\" \/>\n<link rel=\"canonical\" href=\"https:\/\/www.lavisqteam.fr\/?p=75891\" \/>\n<meta property=\"og:locale\" content=\"fr_FR\" \/>\n<meta property=\"og:type\" content=\"article\" \/>\n<meta property=\"og:title\" content=\"Julie se Tait - L&#039;Omerta dans le Sport - Lavisqteam.fr\" \/>\n<meta property=\"og:description\" content=\"Titre Original&nbsp;: Julie Zwijgt De&nbsp;: Leonardo Van Dijl Avec Tessa Van Den Broeck, Koen De Bouw, Claire Bodson, Ruth Becquart Ann\u00e9e&nbsp;: 2025 Pays&nbsp;: Belgique, Su\u00e8de &hellip;\" \/>\n<meta property=\"og:url\" content=\"https:\/\/www.lavisqteam.fr\/?p=75891\" \/>\n<meta property=\"og:site_name\" content=\"Lavisqteam.fr\" \/>\n<meta property=\"article:published_time\" content=\"2025-01-28T20:12:13+00:00\" \/>\n<meta property=\"article:modified_time\" content=\"2025-03-18T20:01:12+00:00\" \/>\n<meta property=\"og:image\" content=\"https:\/\/www.lavisqteam.fr\/wp-content\/uploads\/2025\/01\/juli.jpg\" \/>\n\t<meta property=\"og:image:width\" content=\"727\" \/>\n\t<meta property=\"og:image:height\" content=\"395\" \/>\n\t<meta property=\"og:image:type\" content=\"image\/jpeg\" \/>\n<meta name=\"author\" content=\"Cineted\" \/>\n<meta name=\"twitter:card\" content=\"summary_large_image\" \/>\n<meta name=\"twitter:image\" content=\"https:\/\/www.lavisqteam.fr\/wp-content\/uploads\/2025\/01\/juli.jpg\" \/>\n<meta name=\"twitter:label1\" content=\"\u00c9crit par\" \/>\n\t<meta name=\"twitter:data1\" content=\"Cineted\" \/>\n\t<meta name=\"twitter:label2\" content=\"Dur\u00e9e de lecture estim\u00e9e\" \/>\n\t<meta name=\"twitter:data2\" content=\"6 minutes\" \/>\n<script type=\"application\/ld+json\" class=\"yoast-schema-graph\">{\"@context\":\"https:\/\/schema.org\",\"@graph\":[{\"@type\":\"Article\",\"@id\":\"https:\/\/www.lavisqteam.fr\/?p=75891#article\",\"isPartOf\":{\"@id\":\"https:\/\/www.lavisqteam.fr\/?p=75891\"},\"author\":{\"name\":\"Cineted\",\"@id\":\"https:\/\/www.lavisqteam.fr\/#\/schema\/person\/4ed7295b68bc3daae9094db5f1f9f913\"},\"headline\":\"Julie se Tait &#8211; L&rsquo;Omerta dans le Sport\",\"datePublished\":\"2025-01-28T20:12:13+00:00\",\"dateModified\":\"2025-03-18T20:01:12+00:00\",\"mainEntityOfPage\":{\"@id\":\"https:\/\/www.lavisqteam.fr\/?p=75891\"},\"wordCount\":1024,\"commentCount\":0,\"publisher\":{\"@id\":\"https:\/\/www.lavisqteam.fr\/#organization\"},\"articleSection\":[\"Cin\u00e9ma\"],\"inLanguage\":\"fr-FR\",\"potentialAction\":[{\"@type\":\"CommentAction\",\"name\":\"Comment\",\"target\":[\"https:\/\/www.lavisqteam.fr\/?p=75891#respond\"]}]},{\"@type\":\"WebPage\",\"@id\":\"https:\/\/www.lavisqteam.fr\/?p=75891\",\"url\":\"https:\/\/www.lavisqteam.fr\/?p=75891\",\"name\":\"Julie se Tait - L'Omerta dans le Sport - Lavisqteam.fr\",\"isPartOf\":{\"@id\":\"https:\/\/www.lavisqteam.fr\/#website\"},\"datePublished\":\"2025-01-28T20:12:13+00:00\",\"dateModified\":\"2025-03-18T20:01:12+00:00\",\"breadcrumb\":{\"@id\":\"https:\/\/www.lavisqteam.fr\/?p=75891#breadcrumb\"},\"inLanguage\":\"fr-FR\",\"potentialAction\":[{\"@type\":\"ReadAction\",\"target\":[\"https:\/\/www.lavisqteam.fr\/?p=75891\"]}]},{\"@type\":\"BreadcrumbList\",\"@id\":\"https:\/\/www.lavisqteam.fr\/?p=75891#breadcrumb\",\"itemListElement\":[{\"@type\":\"ListItem\",\"position\":1,\"name\":\"Accueil\",\"item\":\"https:\/\/www.lavisqteam.fr\/\"},{\"@type\":\"ListItem\",\"position\":2,\"name\":\"Julie se Tait &#8211; L&rsquo;Omerta dans le Sport\"}]},{\"@type\":\"WebSite\",\"@id\":\"https:\/\/www.lavisqteam.fr\/#website\",\"url\":\"https:\/\/www.lavisqteam.fr\/\",\"name\":\"Lavisqteam.fr\",\"description\":\"\",\"publisher\":{\"@id\":\"https:\/\/www.lavisqteam.fr\/#organization\"},\"potentialAction\":[{\"@type\":\"SearchAction\",\"target\":{\"@type\":\"EntryPoint\",\"urlTemplate\":\"https:\/\/www.lavisqteam.fr\/?s={search_term_string}\"},\"query-input\":\"required name=search_term_string\"}],\"inLanguage\":\"fr-FR\"},{\"@type\":\"Organization\",\"@id\":\"https:\/\/www.lavisqteam.fr\/#organization\",\"name\":\"Lavisqteam.fr\",\"url\":\"https:\/\/www.lavisqteam.fr\/\",\"sameAs\":[],\"logo\":{\"@type\":\"ImageObject\",\"inLanguage\":\"fr-FR\",\"@id\":\"https:\/\/www.lavisqteam.fr\/#\/schema\/logo\/image\/\",\"url\":\"https:\/\/www.lavisqteam.fr\/wp-content\/uploads\/2020\/08\/cropped-80879545_3479261675449035_4078032831501041664_o-4.jpg\",\"contentUrl\":\"https:\/\/www.lavisqteam.fr\/wp-content\/uploads\/2020\/08\/cropped-80879545_3479261675449035_4078032831501041664_o-4.jpg\",\"width\":1674,\"height\":536,\"caption\":\"Lavisqteam.fr\"},\"image\":{\"@id\":\"https:\/\/www.lavisqteam.fr\/#\/schema\/logo\/image\/\"}},{\"@type\":\"Person\",\"@id\":\"https:\/\/www.lavisqteam.fr\/#\/schema\/person\/4ed7295b68bc3daae9094db5f1f9f913\",\"name\":\"Cineted\",\"image\":{\"@type\":\"ImageObject\",\"inLanguage\":\"fr-FR\",\"@id\":\"https:\/\/www.lavisqteam.fr\/#\/schema\/person\/image\/\",\"url\":\"https:\/\/secure.gravatar.com\/avatar\/2d66d0012368c91013200ba69885bddd?s=96&d=mm&r=g\",\"contentUrl\":\"https:\/\/secure.gravatar.com\/avatar\/2d66d0012368c91013200ba69885bddd?s=96&d=mm&r=g\",\"caption\":\"Cineted\"},\"url\":\"https:\/\/www.lavisqteam.fr\/?author=4\"}]}<\/script>\n<!-- \/ Yoast SEO plugin. -->","yoast_head_json":{"title":"Julie se Tait - L'Omerta dans le Sport - Lavisqteam.fr","robots":{"index":"index","follow":"follow","max-snippet":"max-snippet:-1","max-image-preview":"max-image-preview:large","max-video-preview":"max-video-preview:-1"},"canonical":"https:\/\/www.lavisqteam.fr\/?p=75891","og_locale":"fr_FR","og_type":"article","og_title":"Julie se Tait - L'Omerta dans le Sport - Lavisqteam.fr","og_description":"Titre Original&nbsp;: Julie Zwijgt De&nbsp;: Leonardo Van Dijl Avec Tessa Van Den Broeck, Koen De Bouw, Claire Bodson, Ruth Becquart Ann\u00e9e&nbsp;: 2025 Pays&nbsp;: Belgique, Su\u00e8de &hellip;","og_url":"https:\/\/www.lavisqteam.fr\/?p=75891","og_site_name":"Lavisqteam.fr","article_published_time":"2025-01-28T20:12:13+00:00","article_modified_time":"2025-03-18T20:01:12+00:00","og_image":[{"width":727,"height":395,"url":"https:\/\/www.lavisqteam.fr\/wp-content\/uploads\/2025\/01\/juli.jpg","type":"image\/jpeg"}],"author":"Cineted","twitter_card":"summary_large_image","twitter_image":"https:\/\/www.lavisqteam.fr\/wp-content\/uploads\/2025\/01\/juli.jpg","twitter_misc":{"\u00c9crit par":"Cineted","Dur\u00e9e de lecture estim\u00e9e":"6 minutes"},"schema":{"@context":"https:\/\/schema.org","@graph":[{"@type":"Article","@id":"https:\/\/www.lavisqteam.fr\/?p=75891#article","isPartOf":{"@id":"https:\/\/www.lavisqteam.fr\/?p=75891"},"author":{"name":"Cineted","@id":"https:\/\/www.lavisqteam.fr\/#\/schema\/person\/4ed7295b68bc3daae9094db5f1f9f913"},"headline":"Julie se Tait &#8211; L&rsquo;Omerta dans le Sport","datePublished":"2025-01-28T20:12:13+00:00","dateModified":"2025-03-18T20:01:12+00:00","mainEntityOfPage":{"@id":"https:\/\/www.lavisqteam.fr\/?p=75891"},"wordCount":1024,"commentCount":0,"publisher":{"@id":"https:\/\/www.lavisqteam.fr\/#organization"},"articleSection":["Cin\u00e9ma"],"inLanguage":"fr-FR","potentialAction":[{"@type":"CommentAction","name":"Comment","target":["https:\/\/www.lavisqteam.fr\/?p=75891#respond"]}]},{"@type":"WebPage","@id":"https:\/\/www.lavisqteam.fr\/?p=75891","url":"https:\/\/www.lavisqteam.fr\/?p=75891","name":"Julie se Tait - L'Omerta dans le Sport - Lavisqteam.fr","isPartOf":{"@id":"https:\/\/www.lavisqteam.fr\/#website"},"datePublished":"2025-01-28T20:12:13+00:00","dateModified":"2025-03-18T20:01:12+00:00","breadcrumb":{"@id":"https:\/\/www.lavisqteam.fr\/?p=75891#breadcrumb"},"inLanguage":"fr-FR","potentialAction":[{"@type":"ReadAction","target":["https:\/\/www.lavisqteam.fr\/?p=75891"]}]},{"@type":"BreadcrumbList","@id":"https:\/\/www.lavisqteam.fr\/?p=75891#breadcrumb","itemListElement":[{"@type":"ListItem","position":1,"name":"Accueil","item":"https:\/\/www.lavisqteam.fr\/"},{"@type":"ListItem","position":2,"name":"Julie se Tait &#8211; L&rsquo;Omerta dans le Sport"}]},{"@type":"WebSite","@id":"https:\/\/www.lavisqteam.fr\/#website","url":"https:\/\/www.lavisqteam.fr\/","name":"Lavisqteam.fr","description":"","publisher":{"@id":"https:\/\/www.lavisqteam.fr\/#organization"},"potentialAction":[{"@type":"SearchAction","target":{"@type":"EntryPoint","urlTemplate":"https:\/\/www.lavisqteam.fr\/?s={search_term_string}"},"query-input":"required name=search_term_string"}],"inLanguage":"fr-FR"},{"@type":"Organization","@id":"https:\/\/www.lavisqteam.fr\/#organization","name":"Lavisqteam.fr","url":"https:\/\/www.lavisqteam.fr\/","sameAs":[],"logo":{"@type":"ImageObject","inLanguage":"fr-FR","@id":"https:\/\/www.lavisqteam.fr\/#\/schema\/logo\/image\/","url":"https:\/\/www.lavisqteam.fr\/wp-content\/uploads\/2020\/08\/cropped-80879545_3479261675449035_4078032831501041664_o-4.jpg","contentUrl":"https:\/\/www.lavisqteam.fr\/wp-content\/uploads\/2020\/08\/cropped-80879545_3479261675449035_4078032831501041664_o-4.jpg","width":1674,"height":536,"caption":"Lavisqteam.fr"},"image":{"@id":"https:\/\/www.lavisqteam.fr\/#\/schema\/logo\/image\/"}},{"@type":"Person","@id":"https:\/\/www.lavisqteam.fr\/#\/schema\/person\/4ed7295b68bc3daae9094db5f1f9f913","name":"Cineted","image":{"@type":"ImageObject","inLanguage":"fr-FR","@id":"https:\/\/www.lavisqteam.fr\/#\/schema\/person\/image\/","url":"https:\/\/secure.gravatar.com\/avatar\/2d66d0012368c91013200ba69885bddd?s=96&d=mm&r=g","contentUrl":"https:\/\/secure.gravatar.com\/avatar\/2d66d0012368c91013200ba69885bddd?s=96&d=mm&r=g","caption":"Cineted"},"url":"https:\/\/www.lavisqteam.fr\/?author=4"}]}},"jetpack_featured_media_url":"https:\/\/www.lavisqteam.fr\/wp-content\/uploads\/2025\/01\/juli.jpg","_links":{"self":[{"href":"https:\/\/www.lavisqteam.fr\/index.php?rest_route=\/wp\/v2\/posts\/75891"}],"collection":[{"href":"https:\/\/www.lavisqteam.fr\/index.php?rest_route=\/wp\/v2\/posts"}],"about":[{"href":"https:\/\/www.lavisqteam.fr\/index.php?rest_route=\/wp\/v2\/types\/post"}],"author":[{"embeddable":true,"href":"https:\/\/www.lavisqteam.fr\/index.php?rest_route=\/wp\/v2\/users\/4"}],"replies":[{"embeddable":true,"href":"https:\/\/www.lavisqteam.fr\/index.php?rest_route=%2Fwp%2Fv2%2Fcomments&post=75891"}],"version-history":[{"count":1,"href":"https:\/\/www.lavisqteam.fr\/index.php?rest_route=\/wp\/v2\/posts\/75891\/revisions"}],"predecessor-version":[{"id":75893,"href":"https:\/\/www.lavisqteam.fr\/index.php?rest_route=\/wp\/v2\/posts\/75891\/revisions\/75893"}],"wp:featuredmedia":[{"embeddable":true,"href":"https:\/\/www.lavisqteam.fr\/index.php?rest_route=\/wp\/v2\/media\/75892"}],"wp:attachment":[{"href":"https:\/\/www.lavisqteam.fr\/index.php?rest_route=%2Fwp%2Fv2%2Fmedia&parent=75891"}],"wp:term":[{"taxonomy":"category","embeddable":true,"href":"https:\/\/www.lavisqteam.fr\/index.php?rest_route=%2Fwp%2Fv2%2Fcategories&post=75891"},{"taxonomy":"post_tag","embeddable":true,"href":"https:\/\/www.lavisqteam.fr\/index.php?rest_route=%2Fwp%2Fv2%2Ftags&post=75891"}],"curies":[{"name":"wp","href":"https:\/\/api.w.org\/{rel}","templated":true}]}}