{"id":75528,"date":"2024-12-22T11:01:02","date_gmt":"2024-12-22T11:01:02","guid":{"rendered":"https:\/\/www.lavisqteam.fr\/?p=75528"},"modified":"2024-12-22T11:01:04","modified_gmt":"2024-12-22T11:01:04","slug":"une-famille-a-louer-mauvais-bail","status":"publish","type":"post","link":"https:\/\/www.lavisqteam.fr\/?p=75528","title":{"rendered":"Une Famille \u00e0 Louer &#8211; Mauvais Bail"},"content":{"rendered":"<div class=\"wp-block-image\">\n<figure class=\"aligncenter size-large is-resized\"><img src=\"https:\/\/fr.web.img3.acsta.net\/r_1920_1080\/pictures\/15\/05\/26\/12\/31\/458235.jpg\" alt=\"\" width=\"600\"\/><\/figure><\/div>\n\n\n<p><strong>De&nbsp;: <\/strong>Jean-Pierre Am\u00e9ris<\/p>\n\n\n\n<p><strong>Avec <\/strong>Virginie Efira, Benoit Poelvoorde, Fran\u00e7ois Morel, Philippe Rebbot<\/p>\n\n\n\n<p><strong>Ann\u00e9e&nbsp;: <\/strong>2015<\/p>\n\n\n\n<p><strong>Pays&nbsp;: <\/strong>France, Belgique<\/p>\n\n\n\n<p><strong>Genre&nbsp;: <\/strong>Com\u00e9die, Romance<\/p>\n\n\n\n<p><strong>R\u00e9sum\u00e9&nbsp;:<\/strong><\/p>\n\n\n\n<p>Paul-Andr\u00e9, la quarantaine, est un homme timide et plut\u00f4t introverti. Riche mais seul, il s&rsquo;ennuie profond\u00e9ment et finit par conclure que ce dont il a besoin, c&rsquo;est d&rsquo;une famille ! Violette, quadrag\u00e9naire pleine de peps, est menac\u00e9e d&rsquo;expulsion et a peur de perdre la garde de ses deux enfants. Paul-Andr\u00e9 propose alors un contrat en tout bien tout honneur pour louer sa famille contre le rachat de ses dettes. Pour le meilleur et pour le pire\u2026<\/p>\n\n\n\n<p><strong>Avis&nbsp;:<\/strong><\/p>\n\n\n\n<p>Quelles sont les raisons qui nous poussent \u00e0 regarder un film plus qu\u2019un autre&nbsp;? Parfois, c\u2019est le pitch qui promet une belle histoire. De temps en temps, c\u2019est le r\u00e9alisateur qui nous a fait r\u00eaver de par le pass\u00e9, et on a envie de revivre cette magie. Des fois, c\u2019est la pr\u00e9sence d\u2019une actrice ou d\u2019un acteur que l\u2019on consid\u00e8re comme g\u00e9nial(e) et que l\u2019on d\u00e9sire d\u00e9couvrir dans un autre registre. En ce qui concerne <strong>une Famille \u00e0 Louer<\/strong>, c\u2019est surtout la pr\u00e9sence d\u2019un duo belge qui a attis\u00e9 notre curiosit\u00e9, \u00e0 savoir <em>Virginie Efira<\/em> qui a prouv\u00e9 qu\u2019elle \u00e9tait une brillante actrice, et <em>Beno\u00eet Poelvoorde<\/em> qui essaye des r\u00f4les moins guignolesque et plus touchant. Seulement, il arrive que la raison ne suffise pas pour faire un bon film malgr\u00e9 tous nos souhaits, et c\u2019est le cas avec <strong>Une Famille \u00e0 Louer<\/strong> de <em>Jean-Pierre Am\u00e9ris<\/em>.<\/p>\n\n\n<div class=\"wp-block-image\">\n<figure class=\"aligncenter size-large is-resized\"><img src=\"https:\/\/fr.web.img2.acsta.net\/r_1920_1080\/pictures\/15\/05\/18\/15\/21\/584543.jpg\" alt=\"\" width=\"600\"\/><\/figure><\/div>\n\n\n<p>Le film d\u00e9bute en pr\u00e9sentant les deux personnages que tout oppose. En premier lieu, on a un <em>Beno\u00eet Poelvoorde<\/em> d\u00e9pressif, qui vit dans une immense demeure avec son majordome, ayant fait fortune dans l\u2019informatique. Il se sent seul et la vie n\u2019a pas de sens pour lui. Par la suite, on d\u00e9couvre une <em>Virginie Efira<\/em> qui d\u00e9ambule dans une grande surface, vole un poulet pour nourrir ses enfants, se fait attraper par le vigile, elle l\u2019assomme, se fait arr\u00eater et fait la une des infos pour sa situation pr\u00e9caire et son discours sur la famille. Notre riche homme d\u00e9couvre cela \u00e0 la t\u00e9l\u00e9, et se met une id\u00e9e en t\u00eate, louer la famille de cette jeune femme pour voir ce que \u00e7a fait de fonder une famille. Le pitch va donc parler de la famille, de la solitude, des sentiments, et bien \u00e9videmment mettre en avant une romance improbable.<\/p>\n\n\n\n<h2 class=\"has-text-align-center\">\u00ab\u00a0Le sch\u00e9ma narratif est lisible \u00e0 des kilom\u00e8tres\u00a0\u00bb<\/h2>\n\n\n\n<p>Aussi int\u00e9ressant soit le sc\u00e9nario, il reste tr\u00e8s calibr\u00e9. <em>Jean-Pierre Am\u00e9ris<\/em>, qui a \u00e9crit l\u2019histoire \u00e0 partir de son histoire personnelle, ne trouve pas vraiment la mise en sc\u00e8ne id\u00e9ale pour peindre ce moment un peu fantasm\u00e9. On voit bien qu\u2019il veut faire un conte moderne, \u00e9vite de filmer des d\u00e9cors grandiloquents, enfermant ses personnages entre quatre murs ou dans la for\u00eat pour les laisser s\u2019exprimer, mais cela ne marche pas vraiment, car tout se d\u00e9roule comme \u00e7a doit se d\u00e9rouler. Le sch\u00e9ma narratif est lisible \u00e0 des kilom\u00e8tres, avec deux vies que tout oppose, un premier d\u00e9chirement, puis une r\u00e9conciliation pour tomber ensuite dans les bras l\u2019un de l\u2019autre. Rien ne viendra perturber ce r\u00e9cit qui coule de source et ressemble \u00e0 n\u2019importe quelle com\u00e9die fran\u00e7aise. Et c\u2019est dommage car il y avait mati\u00e8re \u00e0 faire un petit peu mieux, et plus.<\/p>\n\n\n\n<p>Le c\u00f4t\u00e9 social, par exemple, aurait pu \u00eatre un bon angle d\u2019attaque dans les perturbations du couple. Et si on voit que le r\u00e9alisateur s\u2019\u00e9vertue \u00e0 montrer que l\u2019on peut venir de deux mondes socialement oppos\u00e9s (les riches et les pauvres, on reste tout de m\u00eame manich\u00e9en), il n\u2019y a pas forc\u00e9ment de critique \u00e9mise envers la soci\u00e9t\u00e9 qui cat\u00e9gorise les gens, ou une quelconque morale sur la fa\u00e7on de vivre. On reste trop sur quelque chose de lin\u00e9aire et qui ne prend pas de risque. Il en va de m\u00eame avec les enfants, qui sont un point central de l\u2019histoire, mais qui rentrent dans des st\u00e9r\u00e9otypes presque p\u00e9nibles, avec le gar\u00e7on hyperactif et mauvais \u00e0 l\u2019\u00e9cole et la grande fille qui est une tronche mais qui baigne dans un milieu social qui ne favorise pas son \u00e9panouissement. On a une sensation de d\u00e9j\u00e0-vu.<\/p>\n\n\n\n<h2 class=\"has-text-align-center\">\u00ab\u00a0Si <em>Virginie Efira<\/em> et <em>Beno\u00eet Poelvoorde <\/em>jouent juste, ils restent tr\u00e8s en retrait\u00a0\u00bb<\/h2>\n\n\n\n<p>Il faut ajouter \u00e0 cela tout un contexte qui n\u2019est pas forc\u00e9ment r\u00e9jouissant. C\u2019est-\u00e0-dire que la famille du personnage jou\u00e9 par <em>Virginie Efira<\/em> rentre dans tous les clich\u00e9s du genre, avec des personnes heureuses d\u2019\u00eatre ensemble, mais dont aucune ne sort du carcan social racont\u00e9 par le film. Oui, le r\u00e9alisateur veut montrer que l\u2019on peut \u00eatre \u00ab&nbsp;pauvre&nbsp;\u00bb et heureux, ainsi que riche et malheureux, mais il ne transcende jamais cette id\u00e9e d\u2019un point de vue soci\u00e9tale, restant perch\u00e9 sur sa romance et essayant d\u00e9sesp\u00e9r\u00e9ment de nous dire que la famille, c\u2019est tout ce dont on a besoin pour vivre heureux. Il manque r\u00e9ellement du contexte, du poids, pour rendre cette com\u00e9die meilleure, et plus naturelle. Certes, on sait que le cin\u00e9aste veut mettre en avant une bluette fa\u00e7on conte traditionnel, mais il en oublie l\u2019essence m\u00eame, ne faisant ni dans l\u2019onirique, ni dans le r\u00e9el.<\/p>\n\n\n\n<p>Et puis il y a les acteurs, que l\u2019on aurait aim\u00e9 plus impliqu\u00e9s. Si <em>Virginie Efira<\/em> et <em>Beno\u00eet Poelvoorde <\/em>jouent juste, ils restent tr\u00e8s en retrait en ce qui concerne les \u00e9motions, comme s\u2019ils \u00e9taient frein\u00e9s par le r\u00e9alisateur. Certes, c\u2019est agr\u00e9able de voir le com\u00e9dien dans un registre moins tonitruant et grand-guignol, mais il n\u2019est pas touchant pour autant, et c\u2019est dommage. Tout comme <em>Virginie Efira<\/em> qui ne force jamais le trait de caract\u00e8re de cette femme qui semble pr\u00eate \u00e0 faire des esclandres, qui se cache derri\u00e8re un portrait de femme forte, mais qui s\u2019adoucit tr\u00e8s vite et se fait malmener par des types opportunistes. Bref, le duo ne fonctionne pas vraiment, tout comme les personnages secondaires qui sont plus p\u00e9nibles qu\u2019autre chose, comme les deux enfants, le fr\u00e8re profiteur ou encore la m\u00e8re bourgeoise qui se croit au-del\u00e0 du respect.<\/p>\n\n\n<div class=\"wp-block-image\">\n<figure class=\"aligncenter size-large is-resized\"><img src=\"https:\/\/fr.web.img6.acsta.net\/r_1920_1080\/pictures\/15\/05\/18\/15\/21\/585168.jpg\" alt=\"\" width=\"600\"\/><\/figure><\/div>\n\n\n<p>Au final, <strong>Une Famille \u00e0 Louer<\/strong> est une com\u00e9die romantique inoffensive qui ne raconte pas grand-chose et n\u2019utilise jamais le potentiel de son script ou de ses acteurs pour fournir un spectacle intelligent et touchant. On se retrouve face \u00e0 une mise en sc\u00e8ne lambda, pour raconter une histoire lambda, dont le final sera attendu et sans aucune surprise. Bref, une d\u00e9ception sans l\u2019\u00eatre, puisque l\u2019on n\u2019attendait rien de ce film, mais ce qui est certain, c\u2019est que c\u2019est dans le bas du panier de la filmographie de <em>Virginie Efira<\/em> et de <em>Beno\u00eet Poelvoorde<\/em>\u2026<\/p>\n\n\n\n<p><strong>Note\u00a0: 08\/20<\/strong><\/p>\n\n\n\n<figure class=\"wp-block-embed is-type-video is-provider-youtube wp-block-embed-youtube wp-embed-aspect-16-9 wp-has-aspect-ratio\"><div class=\"wp-block-embed__wrapper\">\n<iframe loading=\"lazy\" title=\"UNE FAMILLE A LOUER - Bande annonce Officielle - Beno\u00eet Poelvoorde - Virginie Efira (2015)\" width=\"1200\" height=\"675\" src=\"https:\/\/www.youtube.com\/embed\/ePp-lNdAR_U?feature=oembed\" frameborder=\"0\" allow=\"accelerometer; autoplay; clipboard-write; encrypted-media; gyroscope; picture-in-picture; web-share\" referrerpolicy=\"strict-origin-when-cross-origin\" allowfullscreen><\/iframe>\n<\/div><\/figure>\n\n\n\n<p class=\"has-text-align-right\">Par <strong>AqME<\/strong><\/p>\n","protected":false},"excerpt":{"rendered":"<p>De&nbsp;: Jean-Pierre Am\u00e9ris Avec Virginie Efira, Benoit Poelvoorde, Fran\u00e7ois Morel, Philippe Rebbot Ann\u00e9e&nbsp;: 2015 Pays&nbsp;: France, Belgique Genre&nbsp;: Com\u00e9die, Romance R\u00e9sum\u00e9&nbsp;: Paul-Andr\u00e9, la quarantaine, est &hellip; <\/p>\n","protected":false},"author":1,"featured_media":75529,"comment_status":"open","ping_status":"open","sticky":false,"template":"","format":"standard","meta":[],"categories":[7],"tags":[],"yoast_head":"<!-- This site is optimized with the Yoast SEO plugin v19.6.1 - https:\/\/yoast.com\/wordpress\/plugins\/seo\/ -->\n<title>Une Famille \u00e0 Louer - Mauvais Bail - Lavisqteam.fr<\/title>\n<meta name=\"robots\" content=\"index, follow, max-snippet:-1, max-image-preview:large, max-video-preview:-1\" \/>\n<link rel=\"canonical\" href=\"https:\/\/www.lavisqteam.fr\/?p=75528\" \/>\n<meta property=\"og:locale\" content=\"fr_FR\" \/>\n<meta property=\"og:type\" content=\"article\" \/>\n<meta property=\"og:title\" content=\"Une Famille \u00e0 Louer - Mauvais Bail - Lavisqteam.fr\" \/>\n<meta property=\"og:description\" content=\"De&nbsp;: Jean-Pierre Am\u00e9ris Avec Virginie Efira, Benoit Poelvoorde, Fran\u00e7ois Morel, Philippe Rebbot Ann\u00e9e&nbsp;: 2015 Pays&nbsp;: France, Belgique Genre&nbsp;: Com\u00e9die, Romance R\u00e9sum\u00e9&nbsp;: Paul-Andr\u00e9, la quarantaine, est &hellip;\" \/>\n<meta property=\"og:url\" content=\"https:\/\/www.lavisqteam.fr\/?p=75528\" \/>\n<meta property=\"og:site_name\" content=\"Lavisqteam.fr\" \/>\n<meta property=\"article:published_time\" content=\"2024-12-22T11:01:02+00:00\" \/>\n<meta property=\"article:modified_time\" content=\"2024-12-22T11:01:04+00:00\" \/>\n<meta property=\"og:image\" content=\"https:\/\/www.lavisqteam.fr\/wp-content\/uploads\/2024\/12\/unef.jpg\" \/>\n\t<meta property=\"og:image:width\" content=\"727\" \/>\n\t<meta property=\"og:image:height\" content=\"395\" \/>\n\t<meta property=\"og:image:type\" content=\"image\/jpeg\" \/>\n<meta name=\"author\" content=\"AqME\" \/>\n<meta name=\"twitter:card\" content=\"summary_large_image\" \/>\n<meta name=\"twitter:image\" content=\"https:\/\/www.lavisqteam.fr\/wp-content\/uploads\/2024\/12\/unef.jpg\" \/>\n<meta name=\"twitter:label1\" content=\"\u00c9crit par\" \/>\n\t<meta name=\"twitter:data1\" content=\"AqME\" \/>\n\t<meta name=\"twitter:label2\" content=\"Dur\u00e9e de lecture estim\u00e9e\" \/>\n\t<meta name=\"twitter:data2\" content=\"7 minutes\" \/>\n<script type=\"application\/ld+json\" class=\"yoast-schema-graph\">{\"@context\":\"https:\/\/schema.org\",\"@graph\":[{\"@type\":\"Article\",\"@id\":\"https:\/\/www.lavisqteam.fr\/?p=75528#article\",\"isPartOf\":{\"@id\":\"https:\/\/www.lavisqteam.fr\/?p=75528\"},\"author\":{\"name\":\"AqME\",\"@id\":\"https:\/\/www.lavisqteam.fr\/#\/schema\/person\/da11d7c30bf135b288b17cc576708c2d\"},\"headline\":\"Une Famille \u00e0 Louer &#8211; Mauvais Bail\",\"datePublished\":\"2024-12-22T11:01:02+00:00\",\"dateModified\":\"2024-12-22T11:01:04+00:00\",\"mainEntityOfPage\":{\"@id\":\"https:\/\/www.lavisqteam.fr\/?p=75528\"},\"wordCount\":1246,\"commentCount\":0,\"publisher\":{\"@id\":\"https:\/\/www.lavisqteam.fr\/#organization\"},\"articleSection\":[\"Cin\u00e9ma\"],\"inLanguage\":\"fr-FR\",\"potentialAction\":[{\"@type\":\"CommentAction\",\"name\":\"Comment\",\"target\":[\"https:\/\/www.lavisqteam.fr\/?p=75528#respond\"]}]},{\"@type\":\"WebPage\",\"@id\":\"https:\/\/www.lavisqteam.fr\/?p=75528\",\"url\":\"https:\/\/www.lavisqteam.fr\/?p=75528\",\"name\":\"Une Famille \u00e0 Louer - Mauvais Bail - Lavisqteam.fr\",\"isPartOf\":{\"@id\":\"https:\/\/www.lavisqteam.fr\/#website\"},\"datePublished\":\"2024-12-22T11:01:02+00:00\",\"dateModified\":\"2024-12-22T11:01:04+00:00\",\"breadcrumb\":{\"@id\":\"https:\/\/www.lavisqteam.fr\/?p=75528#breadcrumb\"},\"inLanguage\":\"fr-FR\",\"potentialAction\":[{\"@type\":\"ReadAction\",\"target\":[\"https:\/\/www.lavisqteam.fr\/?p=75528\"]}]},{\"@type\":\"BreadcrumbList\",\"@id\":\"https:\/\/www.lavisqteam.fr\/?p=75528#breadcrumb\",\"itemListElement\":[{\"@type\":\"ListItem\",\"position\":1,\"name\":\"Accueil\",\"item\":\"https:\/\/www.lavisqteam.fr\/\"},{\"@type\":\"ListItem\",\"position\":2,\"name\":\"Une Famille \u00e0 Louer &#8211; Mauvais Bail\"}]},{\"@type\":\"WebSite\",\"@id\":\"https:\/\/www.lavisqteam.fr\/#website\",\"url\":\"https:\/\/www.lavisqteam.fr\/\",\"name\":\"Lavisqteam.fr\",\"description\":\"\",\"publisher\":{\"@id\":\"https:\/\/www.lavisqteam.fr\/#organization\"},\"potentialAction\":[{\"@type\":\"SearchAction\",\"target\":{\"@type\":\"EntryPoint\",\"urlTemplate\":\"https:\/\/www.lavisqteam.fr\/?s={search_term_string}\"},\"query-input\":\"required name=search_term_string\"}],\"inLanguage\":\"fr-FR\"},{\"@type\":\"Organization\",\"@id\":\"https:\/\/www.lavisqteam.fr\/#organization\",\"name\":\"Lavisqteam.fr\",\"url\":\"https:\/\/www.lavisqteam.fr\/\",\"sameAs\":[],\"logo\":{\"@type\":\"ImageObject\",\"inLanguage\":\"fr-FR\",\"@id\":\"https:\/\/www.lavisqteam.fr\/#\/schema\/logo\/image\/\",\"url\":\"https:\/\/www.lavisqteam.fr\/wp-content\/uploads\/2020\/08\/cropped-80879545_3479261675449035_4078032831501041664_o-4.jpg\",\"contentUrl\":\"https:\/\/www.lavisqteam.fr\/wp-content\/uploads\/2020\/08\/cropped-80879545_3479261675449035_4078032831501041664_o-4.jpg\",\"width\":1674,\"height\":536,\"caption\":\"Lavisqteam.fr\"},\"image\":{\"@id\":\"https:\/\/www.lavisqteam.fr\/#\/schema\/logo\/image\/\"}},{\"@type\":\"Person\",\"@id\":\"https:\/\/www.lavisqteam.fr\/#\/schema\/person\/da11d7c30bf135b288b17cc576708c2d\",\"name\":\"AqME\",\"image\":{\"@type\":\"ImageObject\",\"inLanguage\":\"fr-FR\",\"@id\":\"https:\/\/www.lavisqteam.fr\/#\/schema\/person\/image\/\",\"url\":\"https:\/\/secure.gravatar.com\/avatar\/4a87d013fc854acd0f25858a13573675?s=96&d=mm&r=g\",\"contentUrl\":\"https:\/\/secure.gravatar.com\/avatar\/4a87d013fc854acd0f25858a13573675?s=96&d=mm&r=g\",\"caption\":\"AqME\"},\"description\":\"Amateur d'horreur, M\u00e9talleux dans l'\u00e2me, je succombe facilement \u00e0 des images de chatons.\",\"url\":\"https:\/\/www.lavisqteam.fr\/?author=1\"}]}<\/script>\n<!-- \/ Yoast SEO plugin. -->","yoast_head_json":{"title":"Une Famille \u00e0 Louer - Mauvais Bail - Lavisqteam.fr","robots":{"index":"index","follow":"follow","max-snippet":"max-snippet:-1","max-image-preview":"max-image-preview:large","max-video-preview":"max-video-preview:-1"},"canonical":"https:\/\/www.lavisqteam.fr\/?p=75528","og_locale":"fr_FR","og_type":"article","og_title":"Une Famille \u00e0 Louer - Mauvais Bail - Lavisqteam.fr","og_description":"De&nbsp;: Jean-Pierre Am\u00e9ris Avec Virginie Efira, Benoit Poelvoorde, Fran\u00e7ois Morel, Philippe Rebbot Ann\u00e9e&nbsp;: 2015 Pays&nbsp;: France, Belgique Genre&nbsp;: Com\u00e9die, Romance R\u00e9sum\u00e9&nbsp;: Paul-Andr\u00e9, la quarantaine, est &hellip;","og_url":"https:\/\/www.lavisqteam.fr\/?p=75528","og_site_name":"Lavisqteam.fr","article_published_time":"2024-12-22T11:01:02+00:00","article_modified_time":"2024-12-22T11:01:04+00:00","og_image":[{"width":727,"height":395,"url":"https:\/\/www.lavisqteam.fr\/wp-content\/uploads\/2024\/12\/unef.jpg","type":"image\/jpeg"}],"author":"AqME","twitter_card":"summary_large_image","twitter_image":"https:\/\/www.lavisqteam.fr\/wp-content\/uploads\/2024\/12\/unef.jpg","twitter_misc":{"\u00c9crit par":"AqME","Dur\u00e9e de lecture estim\u00e9e":"7 minutes"},"schema":{"@context":"https:\/\/schema.org","@graph":[{"@type":"Article","@id":"https:\/\/www.lavisqteam.fr\/?p=75528#article","isPartOf":{"@id":"https:\/\/www.lavisqteam.fr\/?p=75528"},"author":{"name":"AqME","@id":"https:\/\/www.lavisqteam.fr\/#\/schema\/person\/da11d7c30bf135b288b17cc576708c2d"},"headline":"Une Famille \u00e0 Louer &#8211; Mauvais Bail","datePublished":"2024-12-22T11:01:02+00:00","dateModified":"2024-12-22T11:01:04+00:00","mainEntityOfPage":{"@id":"https:\/\/www.lavisqteam.fr\/?p=75528"},"wordCount":1246,"commentCount":0,"publisher":{"@id":"https:\/\/www.lavisqteam.fr\/#organization"},"articleSection":["Cin\u00e9ma"],"inLanguage":"fr-FR","potentialAction":[{"@type":"CommentAction","name":"Comment","target":["https:\/\/www.lavisqteam.fr\/?p=75528#respond"]}]},{"@type":"WebPage","@id":"https:\/\/www.lavisqteam.fr\/?p=75528","url":"https:\/\/www.lavisqteam.fr\/?p=75528","name":"Une Famille \u00e0 Louer - Mauvais Bail - Lavisqteam.fr","isPartOf":{"@id":"https:\/\/www.lavisqteam.fr\/#website"},"datePublished":"2024-12-22T11:01:02+00:00","dateModified":"2024-12-22T11:01:04+00:00","breadcrumb":{"@id":"https:\/\/www.lavisqteam.fr\/?p=75528#breadcrumb"},"inLanguage":"fr-FR","potentialAction":[{"@type":"ReadAction","target":["https:\/\/www.lavisqteam.fr\/?p=75528"]}]},{"@type":"BreadcrumbList","@id":"https:\/\/www.lavisqteam.fr\/?p=75528#breadcrumb","itemListElement":[{"@type":"ListItem","position":1,"name":"Accueil","item":"https:\/\/www.lavisqteam.fr\/"},{"@type":"ListItem","position":2,"name":"Une Famille \u00e0 Louer &#8211; Mauvais Bail"}]},{"@type":"WebSite","@id":"https:\/\/www.lavisqteam.fr\/#website","url":"https:\/\/www.lavisqteam.fr\/","name":"Lavisqteam.fr","description":"","publisher":{"@id":"https:\/\/www.lavisqteam.fr\/#organization"},"potentialAction":[{"@type":"SearchAction","target":{"@type":"EntryPoint","urlTemplate":"https:\/\/www.lavisqteam.fr\/?s={search_term_string}"},"query-input":"required name=search_term_string"}],"inLanguage":"fr-FR"},{"@type":"Organization","@id":"https:\/\/www.lavisqteam.fr\/#organization","name":"Lavisqteam.fr","url":"https:\/\/www.lavisqteam.fr\/","sameAs":[],"logo":{"@type":"ImageObject","inLanguage":"fr-FR","@id":"https:\/\/www.lavisqteam.fr\/#\/schema\/logo\/image\/","url":"https:\/\/www.lavisqteam.fr\/wp-content\/uploads\/2020\/08\/cropped-80879545_3479261675449035_4078032831501041664_o-4.jpg","contentUrl":"https:\/\/www.lavisqteam.fr\/wp-content\/uploads\/2020\/08\/cropped-80879545_3479261675449035_4078032831501041664_o-4.jpg","width":1674,"height":536,"caption":"Lavisqteam.fr"},"image":{"@id":"https:\/\/www.lavisqteam.fr\/#\/schema\/logo\/image\/"}},{"@type":"Person","@id":"https:\/\/www.lavisqteam.fr\/#\/schema\/person\/da11d7c30bf135b288b17cc576708c2d","name":"AqME","image":{"@type":"ImageObject","inLanguage":"fr-FR","@id":"https:\/\/www.lavisqteam.fr\/#\/schema\/person\/image\/","url":"https:\/\/secure.gravatar.com\/avatar\/4a87d013fc854acd0f25858a13573675?s=96&d=mm&r=g","contentUrl":"https:\/\/secure.gravatar.com\/avatar\/4a87d013fc854acd0f25858a13573675?s=96&d=mm&r=g","caption":"AqME"},"description":"Amateur d'horreur, M\u00e9talleux dans l'\u00e2me, je succombe facilement \u00e0 des images de chatons.","url":"https:\/\/www.lavisqteam.fr\/?author=1"}]}},"jetpack_featured_media_url":"https:\/\/www.lavisqteam.fr\/wp-content\/uploads\/2024\/12\/unef.jpg","_links":{"self":[{"href":"https:\/\/www.lavisqteam.fr\/index.php?rest_route=\/wp\/v2\/posts\/75528"}],"collection":[{"href":"https:\/\/www.lavisqteam.fr\/index.php?rest_route=\/wp\/v2\/posts"}],"about":[{"href":"https:\/\/www.lavisqteam.fr\/index.php?rest_route=\/wp\/v2\/types\/post"}],"author":[{"embeddable":true,"href":"https:\/\/www.lavisqteam.fr\/index.php?rest_route=\/wp\/v2\/users\/1"}],"replies":[{"embeddable":true,"href":"https:\/\/www.lavisqteam.fr\/index.php?rest_route=%2Fwp%2Fv2%2Fcomments&post=75528"}],"version-history":[{"count":1,"href":"https:\/\/www.lavisqteam.fr\/index.php?rest_route=\/wp\/v2\/posts\/75528\/revisions"}],"predecessor-version":[{"id":75530,"href":"https:\/\/www.lavisqteam.fr\/index.php?rest_route=\/wp\/v2\/posts\/75528\/revisions\/75530"}],"wp:featuredmedia":[{"embeddable":true,"href":"https:\/\/www.lavisqteam.fr\/index.php?rest_route=\/wp\/v2\/media\/75529"}],"wp:attachment":[{"href":"https:\/\/www.lavisqteam.fr\/index.php?rest_route=%2Fwp%2Fv2%2Fmedia&parent=75528"}],"wp:term":[{"taxonomy":"category","embeddable":true,"href":"https:\/\/www.lavisqteam.fr\/index.php?rest_route=%2Fwp%2Fv2%2Fcategories&post=75528"},{"taxonomy":"post_tag","embeddable":true,"href":"https:\/\/www.lavisqteam.fr\/index.php?rest_route=%2Fwp%2Fv2%2Ftags&post=75528"}],"curies":[{"name":"wp","href":"https:\/\/api.w.org\/{rel}","templated":true}]}}