{"id":75511,"date":"2024-12-17T19:56:27","date_gmt":"2024-12-17T19:56:27","guid":{"rendered":"https:\/\/www.lavisqteam.fr\/?p=75511"},"modified":"2025-01-15T14:09:29","modified_gmt":"2025-01-15T14:09:29","slug":"le-seigneur-des-anneaux-la-guerre-des-rohirrim-animation-vieillotte","status":"publish","type":"post","link":"https:\/\/www.lavisqteam.fr\/?p=75511","title":{"rendered":"Le Seigneur des Anneaux &#8211; La Guerre des Rohirrim &#8211; Animation Vieillotte"},"content":{"rendered":"<div class=\"wp-block-image\">\n<figure class=\"aligncenter size-large is-resized\"><img src=\"https:\/\/fr.web.img4.acsta.net\/r_1920_1080\/img\/c8\/6b\/c86b09226789ef7e884ba5045dbca75f.jpg\" alt=\"\" width=\"600\"\/><\/figure><\/div>\n\n\n<p><strong>Titre Original&nbsp;: <\/strong>The Lord of the Rings&nbsp;: The War of the Rohirrim<\/p>\n\n\n\n<p><strong>De&nbsp;: <\/strong>Kenji Kamiyama<\/p>\n\n\n\n<p><strong>Avec les Voix Originales <\/strong>Brian Cox, Gaia Wise, Miranda Otto, Luke Pasqualino<\/p>\n\n\n\n<p><strong>Ann\u00e9e&nbsp;: <\/strong>2024<\/p>\n\n\n\n<p><strong>Pays&nbsp;: <\/strong>Etats-Unis, Japon, Nouvelle-Z\u00e9lande<\/p>\n\n\n\n<p><strong>Genre&nbsp;: <\/strong>Animation<\/p>\n\n\n\n<p><strong>R\u00e9sum\u00e9&nbsp;:<\/strong><\/p>\n\n\n\n<p>Ce nouveau chapitre, situ\u00e9 183 ans avant la trilogie du SEIGNEUR DES ANNEAUX, explore l&rsquo;histoire de la Maison de Helm Poing-de-Marteau, roi de Rohan. Face \u00e0 l&rsquo;attaque soudaine de Wulf, un seigneur vengeur et cruel, Helm et son peuple se barricadent dans la forteresse de Hornburg, rebaptis\u00e9e Gouffre de Helm. Dans cette lutte d\u00e9sesp\u00e9r\u00e9e, H\u00e9ra, la fille de Helm, doit rassembler le courage n\u00e9cessaire pour diriger la r\u00e9sistance contre un ennemi d\u00e9termin\u00e9 \u00e0 d\u00e9truire son peuple.<\/p>\n\n\n\n<p><strong>Avis&nbsp;:<\/strong><\/p>\n\n\n\n<p>R\u00e9alisateur japonais, <em>Kenji Kamiyama<\/em> est tout d&rsquo;abord un sp\u00e9cialiste du d\u00e9cor d&rsquo;animation. C&rsquo;est par cette voie qu&rsquo;il entre dans le monde du cin\u00e9ma dans les ann\u00e9es 80. Apr\u00e8s avoir travaill\u00e9 sur des s\u00e9ries et des films comme \u00ab\u00a0<strong>City Hunter<\/strong>\u00ab\u00a0, \u00ab\u00a0<strong><a href=\"https:\/\/www.lavisqteam.fr\/?p=28315\">Akira<\/a><\/strong>\u00ab\u00a0, \u00ab\u00a0<strong>Roujin-Z<\/strong>\u00ab\u00a0, en 1996, il rejoint Production I.G et devient le petit prot\u00e9g\u00e9 de <em>Mamoru Oshii<\/em>, et apr\u00e8s avoir travaill\u00e9 sur plusieurs gros projets du studio, et avoir commenc\u00e9 \u00e0 mettre en sc\u00e8ne, on lui confie alors la r\u00e9alisation de la s\u00e9rie \u00ab\u00a0<strong>Ghost in the Shell: Stand Alone Complex<\/strong>\u00ab\u00a0. D\u00e8s lors sa carri\u00e8re en tant que r\u00e9alisateur est lanc\u00e9e, et cela fait aujourd&rsquo;hui plus d&rsquo;une vingtaine d&rsquo;ann\u00e9es qu&rsquo;il oscille entre le petit et le grand \u00e9cran.<\/p>\n\n\n<div class=\"wp-block-image\">\n<figure class=\"aligncenter size-large is-resized\"><img src=\"https:\/\/fr.web.img2.acsta.net\/r_1920_1080\/img\/a5\/66\/a566415d40088c6e754e1f76bca23cef.jpeg\" alt=\"\" width=\"600\"\/><\/figure><\/div>\n\n\n<p>C&rsquo;est pour les vingt ans de \u00ab\u00a0&#8230; <strong><a href=\"https:\/\/www.lavisqteam.fr\/?p=11978\">la communaut\u00e9 de l&rsquo;anneau<\/a><\/strong>\u00a0\u00bb que le studio New Line a annonc\u00e9 qu&rsquo;ils \u00e9taient en train de d\u00e9velopper un nouveau film qui serait un pr\u00e9quel \u00e0 la trilogie, et qui serait un film d&rsquo;animation. \u00c9tant un grand fan du \u00ab\u00a0&#8230; <strong>Seigneur des anneaux<\/strong>\u00ab\u00a0, et \u00e9tant tr\u00e8s friand de l&rsquo;univers, je dois dire que j&rsquo;attendais avec beaucoup de curiosit\u00e9 tout projet qui pourrait me ramener en Terre du milieu. Pour ce nouveau film, qui se passe cent quatre-vingt-trois ans avant les \u00e9v\u00e9nements qui ont lieu dans \u00ab\u00a0&#8230; <strong><a href=\"https:\/\/www.lavisqteam.fr\/?p=11990\">les deux tours<\/a><\/strong>\u00ab\u00a0, c&rsquo;est donc un film d&rsquo;animation que l&rsquo;on trouve l\u00e0 et si l&rsquo;intrigue est bonne et int\u00e9ressante, si l&rsquo;anim\u00e9 utilise tr\u00e8s bien les d\u00e9cors qu&rsquo;on trouve dans la trilogie de <em>Peter Jackson<\/em>, on restera assez dubitatif sur l&rsquo;animation en elle-m\u00eame.<\/p>\n\n\n\n<h2 class=\"has-text-align-center\">\u00ab\u00a0il y a cette animation vieillotte, qui n&rsquo;offre rien d&rsquo;extraordinaire\u00a0\u00bb<\/h2>\n\n\n\n<p>Alors qu&rsquo;elle a un ma\u00eetre \u00e0 sa t\u00eate qui a \u00e9t\u00e9 soigneusement choisi, le film a tout l&rsquo;air d&rsquo;avoir une bonne vingtaine d&rsquo;ann\u00e9es de retard, et s\u2019il sait se faire prenant et int\u00e9ressant d&rsquo;un c\u00f4t\u00e9, il se fait aussi mou d&rsquo;un autre.<br><br>Apr\u00e8s une provocation qui a men\u00e9 \u00e0 un r\u00e8glement de compte sur le parvis d&rsquo;Edoras, le Roi du Rohan, Helm Poing-de-Marteau, tue le Seigneur d&rsquo;une maison et banni le fils de ce dernier. D\u00e8s lors, le fils en question, Wulf, va nourrir une haine et tout faire pour se venger et faire tomber le Roi et sa famille. Apr\u00e8s avoir disparu des radars pendant quelques temps, Wulf refait surface et attaque Edoras, obligeant ses habitants \u00e0 se r\u00e9fugier \u00e0 Fort Hornburg, et c&rsquo;est l\u00e0 qu&rsquo;en plein hiver commence un si\u00e8ge&#8230;<br><br>Pour ce retour en Terre du milieu, dix ans apr\u00e8s le dernier \u00ab\u00a0&#8230; <strong><a href=\"https:\/\/www.lavisqteam.fr\/?p=11952\">Hobbit<\/a><\/strong>\u00ab\u00a0, on peut dire que ce nouveau voyage est en demi-teinte, avec d&rsquo;un c\u00f4t\u00e9 un film qui fait plaisir \u00e0 suivre, que ce soit avec son histoire, dans ses d\u00e9cors, ou encore avec ses nouveaux personnages que l&rsquo;on d\u00e9couvre, mais dans un autre sens, il y a cette animation vieillotte, qui n&rsquo;offre rien d&rsquo;extraordinaire, et plus loin encore, malgr\u00e9 l&rsquo;int\u00e9r\u00eat pour cette histoire, le film tient un c\u00f4t\u00e9 d\u00e9j\u00e0 vu, notamment avec \u00ab\u00a0&#8230; <strong><a href=\"https:\/\/www.lavisqteam.fr\/?p=11990\">les deux tours<\/a><\/strong>\u00ab\u00a0, qui d\u00e9\u00e7oit quelque peu.<\/p>\n\n\n\n<h2 class=\"has-text-align-center\">\u00ab\u00a0le film se laisse regarder sans d\u00e9plaisir\u00a0\u00bb<\/h2>\n\n\n\n<p>Si l&rsquo;on commence par les bons points qu&rsquo;encha\u00eene le film, alors la premi\u00e8re chose qui vient en t\u00eate, c&rsquo;est la qualit\u00e9 de ses d\u00e9cors, qui l&rsquo;inscrivent directement dans la trilogie de <em>Peter Jackson<\/em>. <em>Kenji Kamiyama<\/em> et ses \u00e9quipes ont repris en animation trait pour trait la cit\u00e9 d&rsquo;Edoras, le gouffre de Helm, et plus largement, la Terre du Rohan. Avec \u00e7a, le film emploie tr\u00e8s bien le score de <em>Howard Shore<\/em>, ce qui tire encore plus sur la corde sensible, et fait que malgr\u00e9 ses d\u00e9fauts, il y a quelque chose qui fait qu&rsquo;on reste comme accroch\u00e9.<\/p>\n\n\n\n<p>Plus loin encore, m\u00eame si cette histoire sonne comme d\u00e9j\u00e0 vu, que ce soit avec le si\u00e8ge du gouffre qui ne s&rsquo;appellera pas encore le Gouffre de Helm, ou encore l&rsquo;histoire de cette Princesse guerri\u00e8re que les hommes n&rsquo;\u00e9coutent pas, et qui a bien l&rsquo;intention de s&rsquo;affranchir du patriarcat, \u00ab\u00a0&#8230; <strong>la guerre des Rohirrim<\/strong>\u00a0\u00bb offre, dans son intrigue, de quoi tenir notre int\u00e9r\u00eat. La chute du Rohan, le plan de Wulf, le si\u00e8ge de Helm, \u00ab\u00a0la r\u00e9surrection de Poing-de-Marteau\u00a0\u00bb, (ce qui est le plus int\u00e9ressant du film, et le seul moment o\u00f9 \u00ab\u00a0&#8230; <strong>la guerre des Rohirrim<\/strong>\u00a0\u00bb se fait \u00e9pique), ou encore le combat final, le film se laisse regarder sans d\u00e9plaisir et sait nous accrocher pendant ses deux heures quinze, alors m\u00eame que finalement, le rythme est assez lent.<\/p>\n\n\n\n<p>De plus, dans son \u00e9criture, le film est tr\u00e8s bien dans le sens o\u00f9 si les fans appr\u00e9cieront les d\u00e9tails de l&rsquo;histoire qui forc\u00e9ment feront \u00e9cho \u00e0 la suite, \u00a0\u00bb &#8230; <strong>la guerre des Rohirrim<\/strong>\u00a0\u00bb ne demande pas non plus de conna\u00eetre par c\u0153ur la trilogie de <em>Peter Jackson<\/em> pour appr\u00e9cier cette histoire.<\/p>\n\n\n\n<h2 class=\"has-text-align-center\">\u00ab\u00a0le film ne tient pas de grandes sc\u00e8nes, offrant finalement un spectacle assez l\u00e9ger.\u00a0\u00bb<\/h2>\n\n\n\n<p>Mais voil\u00e0, derri\u00e8re tous ces bons points et le sentiment appr\u00e9ciable de ce retour en Terre du milieu, le film de <em>Kenji Kamiyama<\/em> r\u00e9sonne aussi comme une d\u00e9ception. Premi\u00e8rement, il y a cette animation qui a une vingtaine d&rsquo;ann\u00e9es de retard, et l&rsquo;on restera assez \u00e9tonn\u00e9 de ces images assez saccad\u00e9es qui manquent de fluidit\u00e9, ou encore face \u00e0 cette animation qui se r\u00e9p\u00e8te. Le p\u00e8re de Wulf face au Roi, c&rsquo;est plus que flagrant, le personnage r\u00e9p\u00e8te trois gestes en boucle. Avec \u00e7a, le film est assez plat finalement, manquant de s\u00e9quences marquantes. S\u2019il y a bien des moments qui se d\u00e9tachent quelque peu, sur l&rsquo;ensemble, hormis ce que j&rsquo;\u00e9voquais plus haut autour de Helm Poing-de-Marteau, le film ne tient pas de grandes sc\u00e8nes, offrant finalement un spectacle assez l\u00e9ger.<\/p>\n\n\n\n<p>Puis, face \u00e0 cette animation qui n&rsquo;a pas d&rsquo;ampleur, na\u00eet ce sentiment d&rsquo;avoir manqu\u00e9 un bon spectacle si le film avait \u00e9t\u00e9 tourn\u00e9 en prise de vue r\u00e9elle, car, sur le papier, \u00ab\u00a0&#8230; <strong>la guerre des Rohirrim<\/strong>\u00a0\u00bb ne manque pas de s\u00e9quences qui demandent \u00e0 \u00eatre dantesques, c&rsquo;est juste cette animation vieillotte qui lui enl\u00e8ve cela, et bien des sc\u00e8nes, en prises de vues r\u00e9elles, auraient pu offrir un bien meilleur r\u00e9sultat que cela.<\/p>\n\n\n<div class=\"wp-block-image\">\n<figure class=\"aligncenter size-large is-resized\"><img src=\"https:\/\/fr.web.img6.acsta.net\/r_1920_1080\/img\/42\/b3\/42b33b55b271fa75d143435ebfe3ddc1.jpeg\" alt=\"\" width=\"600\"\/><\/figure><\/div>\n\n\n<p>Ainsi donc, cette \u00ab\u00a0&#8230; <strong>guerre des Rohirrim<\/strong>\u00ab\u00a0, et l&rsquo;histoire de cette Princesse Guerri\u00e8re du nom de H\u00e9ra, se laisse gentiment regarder. Oui, gentiment, et c&rsquo;est bien l\u00e0 le souci et la d\u00e9ception, l\u00e0 o\u00f9 \u00ab\u00a0<strong>Le Seigneur des anneaux<\/strong>\u00ab\u00a0, rien qu&rsquo;\u00e0 l&rsquo;\u00e9vocation de ce titre, c&rsquo;est toute une id\u00e9e de l&rsquo;aventure qui se met en route, ici, c&rsquo;est frein\u00e9 par cette animation. Si l&rsquo;on peut passer au-dessus de l&rsquo;histoire qui sonne comme d\u00e9j\u00e0-vu, c&rsquo;est bien plus compliqu\u00e9 avec cette animation et \u00e7a, c&rsquo;est vraiment dommage.<\/p>\n\n\n\n<p><strong>Note\u00a0: 11\/20<\/strong><\/p>\n\n\n\n<figure class=\"wp-block-embed is-type-video is-provider-youtube wp-block-embed-youtube wp-embed-aspect-16-9 wp-has-aspect-ratio\"><div class=\"wp-block-embed__wrapper\">\n<iframe loading=\"lazy\" title=\"LE SEIGNEUR DES ANNEAUX : LA GUERRE DES ROHIRRIM Bande Annonce VF (2024)\" width=\"1200\" height=\"675\" src=\"https:\/\/www.youtube.com\/embed\/a_96wcHoJmA?feature=oembed\" frameborder=\"0\" allow=\"accelerometer; autoplay; clipboard-write; encrypted-media; gyroscope; picture-in-picture; web-share\" referrerpolicy=\"strict-origin-when-cross-origin\" allowfullscreen><\/iframe>\n<\/div><\/figure>\n\n\n\n<p class=\"has-text-align-right\">Par <strong>Cin\u00e9ted<\/strong><\/p>\n","protected":false},"excerpt":{"rendered":"<p>Titre Original&nbsp;: The Lord of the Rings&nbsp;: The War of the Rohirrim De&nbsp;: Kenji Kamiyama Avec les Voix Originales Brian Cox, Gaia Wise, Miranda Otto, &hellip; <\/p>\n","protected":false},"author":4,"featured_media":75512,"comment_status":"open","ping_status":"open","sticky":false,"template":"","format":"standard","meta":[],"categories":[7],"tags":[],"yoast_head":"<!-- This site is optimized with the Yoast SEO plugin v19.6.1 - https:\/\/yoast.com\/wordpress\/plugins\/seo\/ -->\n<title>Le Seigneur des Anneaux - La Guerre des Rohirrim - Animation Vieillotte - Lavisqteam.fr<\/title>\n<meta name=\"robots\" content=\"index, follow, max-snippet:-1, max-image-preview:large, max-video-preview:-1\" \/>\n<link rel=\"canonical\" href=\"https:\/\/www.lavisqteam.fr\/?p=75511\" \/>\n<meta property=\"og:locale\" content=\"fr_FR\" \/>\n<meta property=\"og:type\" content=\"article\" \/>\n<meta property=\"og:title\" content=\"Le Seigneur des Anneaux - La Guerre des Rohirrim - Animation Vieillotte - Lavisqteam.fr\" \/>\n<meta property=\"og:description\" content=\"Titre Original&nbsp;: The Lord of the Rings&nbsp;: The War of the Rohirrim De&nbsp;: Kenji Kamiyama Avec les Voix Originales Brian Cox, Gaia Wise, Miranda Otto, &hellip;\" \/>\n<meta property=\"og:url\" content=\"https:\/\/www.lavisqteam.fr\/?p=75511\" \/>\n<meta property=\"og:site_name\" content=\"Lavisqteam.fr\" \/>\n<meta property=\"article:published_time\" content=\"2024-12-17T19:56:27+00:00\" \/>\n<meta property=\"article:modified_time\" content=\"2025-01-15T14:09:29+00:00\" \/>\n<meta property=\"og:image\" content=\"https:\/\/www.lavisqteam.fr\/wp-content\/uploads\/2024\/12\/lese-1.jpg\" \/>\n\t<meta property=\"og:image:width\" content=\"727\" \/>\n\t<meta property=\"og:image:height\" content=\"395\" \/>\n\t<meta property=\"og:image:type\" content=\"image\/jpeg\" \/>\n<meta name=\"author\" content=\"Cineted\" \/>\n<meta name=\"twitter:card\" content=\"summary_large_image\" \/>\n<meta name=\"twitter:image\" content=\"https:\/\/www.lavisqteam.fr\/wp-content\/uploads\/2024\/12\/lese-1.jpg\" \/>\n<meta name=\"twitter:label1\" content=\"\u00c9crit par\" \/>\n\t<meta name=\"twitter:data1\" content=\"Cineted\" \/>\n\t<meta name=\"twitter:label2\" content=\"Dur\u00e9e de lecture estim\u00e9e\" \/>\n\t<meta name=\"twitter:data2\" content=\"7 minutes\" \/>\n<script type=\"application\/ld+json\" class=\"yoast-schema-graph\">{\"@context\":\"https:\/\/schema.org\",\"@graph\":[{\"@type\":\"Article\",\"@id\":\"https:\/\/www.lavisqteam.fr\/?p=75511#article\",\"isPartOf\":{\"@id\":\"https:\/\/www.lavisqteam.fr\/?p=75511\"},\"author\":{\"name\":\"Cineted\",\"@id\":\"https:\/\/www.lavisqteam.fr\/#\/schema\/person\/4ed7295b68bc3daae9094db5f1f9f913\"},\"headline\":\"Le Seigneur des Anneaux &#8211; La Guerre des Rohirrim &#8211; Animation Vieillotte\",\"datePublished\":\"2024-12-17T19:56:27+00:00\",\"dateModified\":\"2025-01-15T14:09:29+00:00\",\"mainEntityOfPage\":{\"@id\":\"https:\/\/www.lavisqteam.fr\/?p=75511\"},\"wordCount\":1310,\"commentCount\":0,\"publisher\":{\"@id\":\"https:\/\/www.lavisqteam.fr\/#organization\"},\"articleSection\":[\"Cin\u00e9ma\"],\"inLanguage\":\"fr-FR\",\"potentialAction\":[{\"@type\":\"CommentAction\",\"name\":\"Comment\",\"target\":[\"https:\/\/www.lavisqteam.fr\/?p=75511#respond\"]}]},{\"@type\":\"WebPage\",\"@id\":\"https:\/\/www.lavisqteam.fr\/?p=75511\",\"url\":\"https:\/\/www.lavisqteam.fr\/?p=75511\",\"name\":\"Le Seigneur des Anneaux - La Guerre des Rohirrim - Animation Vieillotte - Lavisqteam.fr\",\"isPartOf\":{\"@id\":\"https:\/\/www.lavisqteam.fr\/#website\"},\"datePublished\":\"2024-12-17T19:56:27+00:00\",\"dateModified\":\"2025-01-15T14:09:29+00:00\",\"breadcrumb\":{\"@id\":\"https:\/\/www.lavisqteam.fr\/?p=75511#breadcrumb\"},\"inLanguage\":\"fr-FR\",\"potentialAction\":[{\"@type\":\"ReadAction\",\"target\":[\"https:\/\/www.lavisqteam.fr\/?p=75511\"]}]},{\"@type\":\"BreadcrumbList\",\"@id\":\"https:\/\/www.lavisqteam.fr\/?p=75511#breadcrumb\",\"itemListElement\":[{\"@type\":\"ListItem\",\"position\":1,\"name\":\"Accueil\",\"item\":\"https:\/\/www.lavisqteam.fr\/\"},{\"@type\":\"ListItem\",\"position\":2,\"name\":\"Le Seigneur des Anneaux &#8211; La Guerre des Rohirrim &#8211; Animation Vieillotte\"}]},{\"@type\":\"WebSite\",\"@id\":\"https:\/\/www.lavisqteam.fr\/#website\",\"url\":\"https:\/\/www.lavisqteam.fr\/\",\"name\":\"Lavisqteam.fr\",\"description\":\"\",\"publisher\":{\"@id\":\"https:\/\/www.lavisqteam.fr\/#organization\"},\"potentialAction\":[{\"@type\":\"SearchAction\",\"target\":{\"@type\":\"EntryPoint\",\"urlTemplate\":\"https:\/\/www.lavisqteam.fr\/?s={search_term_string}\"},\"query-input\":\"required name=search_term_string\"}],\"inLanguage\":\"fr-FR\"},{\"@type\":\"Organization\",\"@id\":\"https:\/\/www.lavisqteam.fr\/#organization\",\"name\":\"Lavisqteam.fr\",\"url\":\"https:\/\/www.lavisqteam.fr\/\",\"sameAs\":[],\"logo\":{\"@type\":\"ImageObject\",\"inLanguage\":\"fr-FR\",\"@id\":\"https:\/\/www.lavisqteam.fr\/#\/schema\/logo\/image\/\",\"url\":\"https:\/\/www.lavisqteam.fr\/wp-content\/uploads\/2020\/08\/cropped-80879545_3479261675449035_4078032831501041664_o-4.jpg\",\"contentUrl\":\"https:\/\/www.lavisqteam.fr\/wp-content\/uploads\/2020\/08\/cropped-80879545_3479261675449035_4078032831501041664_o-4.jpg\",\"width\":1674,\"height\":536,\"caption\":\"Lavisqteam.fr\"},\"image\":{\"@id\":\"https:\/\/www.lavisqteam.fr\/#\/schema\/logo\/image\/\"}},{\"@type\":\"Person\",\"@id\":\"https:\/\/www.lavisqteam.fr\/#\/schema\/person\/4ed7295b68bc3daae9094db5f1f9f913\",\"name\":\"Cineted\",\"image\":{\"@type\":\"ImageObject\",\"inLanguage\":\"fr-FR\",\"@id\":\"https:\/\/www.lavisqteam.fr\/#\/schema\/person\/image\/\",\"url\":\"https:\/\/secure.gravatar.com\/avatar\/2d66d0012368c91013200ba69885bddd?s=96&d=mm&r=g\",\"contentUrl\":\"https:\/\/secure.gravatar.com\/avatar\/2d66d0012368c91013200ba69885bddd?s=96&d=mm&r=g\",\"caption\":\"Cineted\"},\"url\":\"https:\/\/www.lavisqteam.fr\/?author=4\"}]}<\/script>\n<!-- \/ Yoast SEO plugin. -->","yoast_head_json":{"title":"Le Seigneur des Anneaux - La Guerre des Rohirrim - Animation Vieillotte - Lavisqteam.fr","robots":{"index":"index","follow":"follow","max-snippet":"max-snippet:-1","max-image-preview":"max-image-preview:large","max-video-preview":"max-video-preview:-1"},"canonical":"https:\/\/www.lavisqteam.fr\/?p=75511","og_locale":"fr_FR","og_type":"article","og_title":"Le Seigneur des Anneaux - La Guerre des Rohirrim - Animation Vieillotte - Lavisqteam.fr","og_description":"Titre Original&nbsp;: The Lord of the Rings&nbsp;: The War of the Rohirrim De&nbsp;: Kenji Kamiyama Avec les Voix Originales Brian Cox, Gaia Wise, Miranda Otto, &hellip;","og_url":"https:\/\/www.lavisqteam.fr\/?p=75511","og_site_name":"Lavisqteam.fr","article_published_time":"2024-12-17T19:56:27+00:00","article_modified_time":"2025-01-15T14:09:29+00:00","og_image":[{"width":727,"height":395,"url":"https:\/\/www.lavisqteam.fr\/wp-content\/uploads\/2024\/12\/lese-1.jpg","type":"image\/jpeg"}],"author":"Cineted","twitter_card":"summary_large_image","twitter_image":"https:\/\/www.lavisqteam.fr\/wp-content\/uploads\/2024\/12\/lese-1.jpg","twitter_misc":{"\u00c9crit par":"Cineted","Dur\u00e9e de lecture estim\u00e9e":"7 minutes"},"schema":{"@context":"https:\/\/schema.org","@graph":[{"@type":"Article","@id":"https:\/\/www.lavisqteam.fr\/?p=75511#article","isPartOf":{"@id":"https:\/\/www.lavisqteam.fr\/?p=75511"},"author":{"name":"Cineted","@id":"https:\/\/www.lavisqteam.fr\/#\/schema\/person\/4ed7295b68bc3daae9094db5f1f9f913"},"headline":"Le Seigneur des Anneaux &#8211; La Guerre des Rohirrim &#8211; Animation Vieillotte","datePublished":"2024-12-17T19:56:27+00:00","dateModified":"2025-01-15T14:09:29+00:00","mainEntityOfPage":{"@id":"https:\/\/www.lavisqteam.fr\/?p=75511"},"wordCount":1310,"commentCount":0,"publisher":{"@id":"https:\/\/www.lavisqteam.fr\/#organization"},"articleSection":["Cin\u00e9ma"],"inLanguage":"fr-FR","potentialAction":[{"@type":"CommentAction","name":"Comment","target":["https:\/\/www.lavisqteam.fr\/?p=75511#respond"]}]},{"@type":"WebPage","@id":"https:\/\/www.lavisqteam.fr\/?p=75511","url":"https:\/\/www.lavisqteam.fr\/?p=75511","name":"Le Seigneur des Anneaux - La Guerre des Rohirrim - Animation Vieillotte - Lavisqteam.fr","isPartOf":{"@id":"https:\/\/www.lavisqteam.fr\/#website"},"datePublished":"2024-12-17T19:56:27+00:00","dateModified":"2025-01-15T14:09:29+00:00","breadcrumb":{"@id":"https:\/\/www.lavisqteam.fr\/?p=75511#breadcrumb"},"inLanguage":"fr-FR","potentialAction":[{"@type":"ReadAction","target":["https:\/\/www.lavisqteam.fr\/?p=75511"]}]},{"@type":"BreadcrumbList","@id":"https:\/\/www.lavisqteam.fr\/?p=75511#breadcrumb","itemListElement":[{"@type":"ListItem","position":1,"name":"Accueil","item":"https:\/\/www.lavisqteam.fr\/"},{"@type":"ListItem","position":2,"name":"Le Seigneur des Anneaux &#8211; La Guerre des Rohirrim &#8211; Animation Vieillotte"}]},{"@type":"WebSite","@id":"https:\/\/www.lavisqteam.fr\/#website","url":"https:\/\/www.lavisqteam.fr\/","name":"Lavisqteam.fr","description":"","publisher":{"@id":"https:\/\/www.lavisqteam.fr\/#organization"},"potentialAction":[{"@type":"SearchAction","target":{"@type":"EntryPoint","urlTemplate":"https:\/\/www.lavisqteam.fr\/?s={search_term_string}"},"query-input":"required name=search_term_string"}],"inLanguage":"fr-FR"},{"@type":"Organization","@id":"https:\/\/www.lavisqteam.fr\/#organization","name":"Lavisqteam.fr","url":"https:\/\/www.lavisqteam.fr\/","sameAs":[],"logo":{"@type":"ImageObject","inLanguage":"fr-FR","@id":"https:\/\/www.lavisqteam.fr\/#\/schema\/logo\/image\/","url":"https:\/\/www.lavisqteam.fr\/wp-content\/uploads\/2020\/08\/cropped-80879545_3479261675449035_4078032831501041664_o-4.jpg","contentUrl":"https:\/\/www.lavisqteam.fr\/wp-content\/uploads\/2020\/08\/cropped-80879545_3479261675449035_4078032831501041664_o-4.jpg","width":1674,"height":536,"caption":"Lavisqteam.fr"},"image":{"@id":"https:\/\/www.lavisqteam.fr\/#\/schema\/logo\/image\/"}},{"@type":"Person","@id":"https:\/\/www.lavisqteam.fr\/#\/schema\/person\/4ed7295b68bc3daae9094db5f1f9f913","name":"Cineted","image":{"@type":"ImageObject","inLanguage":"fr-FR","@id":"https:\/\/www.lavisqteam.fr\/#\/schema\/person\/image\/","url":"https:\/\/secure.gravatar.com\/avatar\/2d66d0012368c91013200ba69885bddd?s=96&d=mm&r=g","contentUrl":"https:\/\/secure.gravatar.com\/avatar\/2d66d0012368c91013200ba69885bddd?s=96&d=mm&r=g","caption":"Cineted"},"url":"https:\/\/www.lavisqteam.fr\/?author=4"}]}},"jetpack_featured_media_url":"https:\/\/www.lavisqteam.fr\/wp-content\/uploads\/2024\/12\/lese-1.jpg","_links":{"self":[{"href":"https:\/\/www.lavisqteam.fr\/index.php?rest_route=\/wp\/v2\/posts\/75511"}],"collection":[{"href":"https:\/\/www.lavisqteam.fr\/index.php?rest_route=\/wp\/v2\/posts"}],"about":[{"href":"https:\/\/www.lavisqteam.fr\/index.php?rest_route=\/wp\/v2\/types\/post"}],"author":[{"embeddable":true,"href":"https:\/\/www.lavisqteam.fr\/index.php?rest_route=\/wp\/v2\/users\/4"}],"replies":[{"embeddable":true,"href":"https:\/\/www.lavisqteam.fr\/index.php?rest_route=%2Fwp%2Fv2%2Fcomments&post=75511"}],"version-history":[{"count":1,"href":"https:\/\/www.lavisqteam.fr\/index.php?rest_route=\/wp\/v2\/posts\/75511\/revisions"}],"predecessor-version":[{"id":75513,"href":"https:\/\/www.lavisqteam.fr\/index.php?rest_route=\/wp\/v2\/posts\/75511\/revisions\/75513"}],"wp:featuredmedia":[{"embeddable":true,"href":"https:\/\/www.lavisqteam.fr\/index.php?rest_route=\/wp\/v2\/media\/75512"}],"wp:attachment":[{"href":"https:\/\/www.lavisqteam.fr\/index.php?rest_route=%2Fwp%2Fv2%2Fmedia&parent=75511"}],"wp:term":[{"taxonomy":"category","embeddable":true,"href":"https:\/\/www.lavisqteam.fr\/index.php?rest_route=%2Fwp%2Fv2%2Fcategories&post=75511"},{"taxonomy":"post_tag","embeddable":true,"href":"https:\/\/www.lavisqteam.fr\/index.php?rest_route=%2Fwp%2Fv2%2Ftags&post=75511"}],"curies":[{"name":"wp","href":"https:\/\/api.w.org\/{rel}","templated":true}]}}