{"id":75318,"date":"2024-11-26T18:07:58","date_gmt":"2024-11-26T18:07:58","guid":{"rendered":"https:\/\/www.lavisqteam.fr\/?p=75318"},"modified":"2025-01-15T14:08:35","modified_gmt":"2025-01-15T14:08:35","slug":"rabia-dans-lenfer-des-femmes-de-daech","status":"publish","type":"post","link":"https:\/\/www.lavisqteam.fr\/?p=75318","title":{"rendered":"Rabia &#8211; Dans l&rsquo;Enfer des Femmes de Daech"},"content":{"rendered":"<div class=\"wp-block-image\">\n<figure class=\"aligncenter size-large is-resized\"><img src=\"https:\/\/fr.web.img6.acsta.net\/r_1920_1080\/img\/53\/9e\/539e1948c4b76127ff44b39322480503.jpg\" alt=\"\" width=\"600\"\/><\/figure><\/div>\n\n\n<p><strong>De&nbsp;: <\/strong>Mareike Engelhardt<\/p>\n\n\n\n<p><strong>Avec <\/strong>Megan Northam, Lubna Azabal, Natacha Krief, Lena Lauzemis<\/p>\n\n\n\n<p><strong>Ann\u00e9e&nbsp;: <\/strong>2024<\/p>\n\n\n\n<p><strong>Pays&nbsp;: <\/strong>France, Allemagne, Belgique<\/p>\n\n\n\n<p><strong>Genre&nbsp;: <\/strong>Drame, Thriller<\/p>\n\n\n\n<p><strong>R\u00e9sum\u00e9&nbsp;:<\/strong><\/p>\n\n\n\n<p>Pouss\u00e9e par les promesses d\u2019une nouvelle vie, Jessica, une Fran\u00e7aise de 19 ans, part pour la Syrie rejoindre Daech. Arriv\u00e9e \u00e0 Raqqa, elle int\u00e8gre une maison de futures \u00e9pouses de combattants et se retrouve vite prisonni\u00e8re de Madame, la charismatique directrice qui tient les lieux d\u2019une main de fer. Inspir\u00e9 de faits r\u00e9els.<\/p>\n\n\n\n<p><strong>Avis&nbsp;:<\/strong><\/p>\n\n\n\n<p>Assistante de r\u00e9alisation, si \u00ab\u00a0<strong>Rabia<\/strong>\u00a0\u00bb est le premier long-m\u00e9trage de <em>Mareike Engelhardt<\/em>, la jeune femme d&rsquo;une quarantaine d&rsquo;ann\u00e9es a d\u00e9j\u00e0 un joli CV derri\u00e8re elle. D\u00e9butant \u00e0 la fin des ann\u00e9es 2000, elle traverse les ann\u00e9es 2010 en travaillant sur des films de <em>Roman Polanski<\/em>, <em>Marc Fitoussi<\/em>, <em>Katell Quill\u00e9v\u00e9r\u00e9<\/em> ou encore <em>Volker Schl\u00f6ndorff<\/em> et <em>Patricia Mazuy<\/em>, pour ne citer qu&rsquo;eux. En parall\u00e8le de cela, elle commence aussi \u00e0 se faire la main, ce qui fait qu\u2019entre 2013 et 2020, elle va r\u00e9aliser pas moins de six courts-m\u00e9trages. Puis toujours en parall\u00e8le, pour r\u00e9aliser \u00ab\u00a0<strong>Rabia<\/strong>\u00ab\u00a0, elle commence \u00e0 se documenter, elle rencontre des femmes qui sont parties en Syrie, bien en amont de son futur film, ce qui va prendre sept ans de travail.<\/p>\n\n\n<div class=\"wp-block-image\">\n<figure class=\"aligncenter size-large is-resized\"><img src=\"https:\/\/fr.web.img3.acsta.net\/r_1920_1080\/img\/b3\/a9\/b3a989277d86c193cb5bb840e0c21772.jpg\" alt=\"\" width=\"600\"\/><\/figure><\/div>\n\n\n<p>Pour son premier film, <em>Mareike Engelhardt<\/em> n&rsquo;a pas choisi la facilit\u00e9, puisqu&rsquo;elle a d\u00e9cid\u00e9 de peindre le portrait de jeunes femmes qui sont parties au d\u00e9but des ann\u00e9es 2010 entre la Syrie et l&rsquo;Irak pour rejoindre l&rsquo;\u00e9tat islamique. Film douloureux, qui d\u00e9peint l&#8217;embrigadement et les r\u00eaves de ces jeunes femmes qui vont se confronter \u00e0 la r\u00e9alit\u00e9 une fois arriv\u00e9es sur place, \u00ab\u00a0<strong>Rabia<\/strong>\u00a0\u00bb est un film dur, violent, terrible, sombre et d\u00e9sesp\u00e9r\u00e9. Un film \u00e9touffant, qui glace le sang, au fur et \u00e0 mesure que les personnalit\u00e9s s&rsquo;effacent, et que la vie s&rsquo;\u00e9touffe, laissant place \u00e0 une doctrine qui an\u00e9antit toutes les libert\u00e9s.<\/p>\n\n\n\n<h2 class=\"has-text-align-center\">\u00ab\u00a0la metteuse en sc\u00e8ne laisse le spectateur finalement seul juge d&rsquo;\u00eatre touch\u00e9\u00a0\u00bb<\/h2>\n\n\n\n<p>Jessica, dix-neuf ans, fait des \u00e9tudes d&rsquo;infirmi\u00e8re dans un h\u00f4pital o\u00f9 elle ne se sent pas respect\u00e9e. Enjaill\u00e9e par son amie Leila, Jessica se laisse convaincre de rejoindre la Syrie pour servir l&rsquo;\u00e9tat islamique. Les deux jeunes femmes arrivent alors le sourire aux l\u00e8vres et l&rsquo;espoir d&rsquo;une vie meilleure, mais tr\u00e8s vite, la r\u00e9alit\u00e9 va \u00eatre tout autre&#8230;<br><br>L&rsquo;endoctrinement de l&rsquo;\u00e9tat islamique, qui en tr\u00e8s peu de temps a r\u00e9ussi \u00e0 convaincre des milliers de jeunes gens \u00e0 travers le monde de rejoindre ses rangs, voil\u00e0 le sujet du premier film de l&rsquo;allemande <em>Mareike Engelhardt<\/em> qui nous propose de suivre le parcours de jeunes femmes qui arrivent dans une sorte de maison qui n&rsquo;a pour but que de trouver et former des \u00e9pouses aux combattants djihadistes. Ce qui est terrible avec ce r\u00e9cit, c&rsquo;est l&rsquo;absence de jugement de la part de sa r\u00e9alisatrice, qui nous plonge au plus pr\u00e8s de ses personnages, avec un film qui se pose en t\u00e9moin de faits. Suivant plus pr\u00e9cis\u00e9ment une jeune fran\u00e7aise du nom de Jessica, la metteuse en sc\u00e8ne laisse le spectateur finalement seul juge d&rsquo;\u00eatre touch\u00e9 ou non par le destin de son personnage.<\/p>\n\n\n\n<p>Il a fallu sept ann\u00e9es \u00e0 <em>Mareike Engelhardt<\/em> pour rassembler suffisamment de t\u00e9moignages pour que la r\u00e9alisatrice puisse \u00e9crire un sc\u00e9nario qui nous enferme dans cette maison \u00e0 \u00e9pouses, pour que la r\u00e9alisatrice nous raconte les proc\u00e9dures, les rencontres entre maris et femmes, l&rsquo;effacement des personnalit\u00e9s au nom de Dieu, et d&rsquo;un destin plus grand, puis derri\u00e8re \u00e7a, la r\u00e9alisatrice aborde de mani\u00e8re tr\u00e8s subtile le commerce qui est fait autour de ces jeunes femmes. Pour cela, la maison est tenue par \u00ab\u00a0Madame\u00a0\u00bb, sorte de Tante Lidia que l&rsquo;on retrouve dans la s\u00e9rie \u00ab\u00a0<strong>The Handmaid&rsquo;s Tale<\/strong>\u00ab\u00a0. Personnage riche et complexe, le personnage est incroyablement tenu par une <em>Lubna Azabal<\/em> totalement habit\u00e9e par son personnage, au point d&rsquo;en \u00eatre aussi gla\u00e7ante que r\u00e9voltante.<\/p>\n\n\n\n<h2 class=\"has-text-align-center\">\u00ab\u00a0Ce tr\u00e8s beau sc\u00e9nario est soutenu par une mise en sc\u00e8ne d&rsquo;une grande justesse.\u00a0\u00bb<\/h2>\n\n\n\n<p>\u00a0Avec \u00e7a, au fur \u00e0 mesure que l&rsquo;on d\u00e9couvre ce lieu, cette fa\u00e7on de faire, et cette jeune femme qui finit par dispara\u00eetre d&rsquo;elle-m\u00eame, le film soul\u00e8ve tout un tas de questions qui, si elles ne trouvent pas de r\u00e9ponses, peuvent mettre des dialogues et des sc\u00e8nes pour esquisser le d\u00e9but d&rsquo;une r\u00e9flexion, car oui, il reste difficile de comprendre ces choix. D&rsquo;ailleurs, l&rsquo;actualit\u00e9 autour de femmes de retour de Raqqa confirme la complexit\u00e9 du sujet, et le fait de nous laisser juge de ce qu&rsquo;elle nous montre est d&rsquo;une redoutable intelligence, en plus d&rsquo;\u00eatre un choc de cin\u00e9ma.<br><br>Ce tr\u00e8s beau sc\u00e9nario est soutenu par une mise en sc\u00e8ne d&rsquo;une grande justesse. Ici, il n\u2019y a pas de sensationnalisme, on ne trouve pas de spectaculaire pour cr\u00e9er du drame, l&rsquo;histoire, les sujets et les personnages suffisent tr\u00e8s largement \u00e0 nous tenir le souffle \u00e9touff\u00e9 pendant une heure et demie. On notera toutefois l&rsquo;excellente reconstitution, une ambiance tenue, des images d&rsquo;archives qui donnent encore plus de force, et surtout, comme \u00e9voqu\u00e9 plus haut, une plong\u00e9e au plus pr\u00e8s de ces personnages qui oscille entre le documentaire et le cin\u00e9ma.<br><br>\u00c0 noter aussi l&rsquo;excellence de <em>Megan Northam<\/em>, qui d\u00e9cid\u00e9ment se fait une ann\u00e9e de cin\u00e9ma incroyable, apr\u00e8s le tr\u00e8s bon \u00ab\u00a0<strong>Pendant ce temps sur terre<\/strong>\u00ab\u00a0. La jeune femme d\u00e9voile encore une palette de son talent et la fa\u00e7on dont l&rsquo;intrigue et son jeu efface petit \u00e0 petit son personnage est bluffante.<\/p>\n\n\n<div class=\"wp-block-image\">\n<figure class=\"aligncenter size-large is-resized\"><img src=\"https:\/\/fr.web.img5.acsta.net\/r_1920_1080\/img\/45\/82\/4582e782f756a6b572fc3922ed3d4b37.jpg\" alt=\"\" width=\"600\"\/><\/figure><\/div>\n\n\n<p>Pour son premier film, <em>Mareike Engelhardt<\/em> frappe fort et livre un film terrible et terrifiant de bout en bout. \u00ab\u00a0<strong>Rabia<\/strong>\u00a0\u00bb est une sombre plong\u00e9e dans la d\u00e9sillusion de jeunes femmes totalement embrigad\u00e9es, qui esp\u00e9raient une vie meilleure. Tr\u00e8s violent psychologiquement parlant, cette s\u00e9ance de cin\u00e9ma ne se passe pas sans encombre, car un peu comme le personnage de Jessica, devenue Oum Rabia, on retient notre souffle, nos \u00e9motions face \u00e0 des choix on ne peut plus terrible. Bref, une claque doubl\u00e9e d&rsquo;un choc utile !<\/p>\n\n\n\n<p><strong>Note\u00a0: 16\/20<\/strong><\/p>\n\n\n\n<figure class=\"wp-block-embed is-type-video is-provider-youtube wp-block-embed-youtube wp-embed-aspect-16-9 wp-has-aspect-ratio\"><div class=\"wp-block-embed__wrapper\">\n<iframe loading=\"lazy\" title=\"RABIA Bande Annonce VF (2024, Drame) Megan Northam, Lubna Azabal\" width=\"1200\" height=\"675\" src=\"https:\/\/www.youtube.com\/embed\/0PvsrLRYv5c?feature=oembed\" frameborder=\"0\" allow=\"accelerometer; autoplay; clipboard-write; encrypted-media; gyroscope; picture-in-picture; web-share\" referrerpolicy=\"strict-origin-when-cross-origin\" allowfullscreen><\/iframe>\n<\/div><\/figure>\n\n\n\n<p class=\"has-text-align-right\">Par <strong>Cin\u00e9ted<\/strong><\/p>\n","protected":false},"excerpt":{"rendered":"<p>De&nbsp;: Mareike Engelhardt Avec Megan Northam, Lubna Azabal, Natacha Krief, Lena Lauzemis Ann\u00e9e&nbsp;: 2024 Pays&nbsp;: France, Allemagne, Belgique Genre&nbsp;: Drame, Thriller R\u00e9sum\u00e9&nbsp;: Pouss\u00e9e par les &hellip; <\/p>\n","protected":false},"author":4,"featured_media":75319,"comment_status":"open","ping_status":"open","sticky":false,"template":"","format":"standard","meta":[],"categories":[7],"tags":[],"yoast_head":"<!-- This site is optimized with the Yoast SEO plugin v19.6.1 - https:\/\/yoast.com\/wordpress\/plugins\/seo\/ -->\n<title>Rabia - Dans l&#039;Enfer des Femmes de Daech - Lavisqteam.fr<\/title>\n<meta name=\"robots\" content=\"index, follow, max-snippet:-1, max-image-preview:large, max-video-preview:-1\" \/>\n<link rel=\"canonical\" href=\"https:\/\/www.lavisqteam.fr\/?p=75318\" \/>\n<meta property=\"og:locale\" content=\"fr_FR\" \/>\n<meta property=\"og:type\" content=\"article\" \/>\n<meta property=\"og:title\" content=\"Rabia - Dans l&#039;Enfer des Femmes de Daech - Lavisqteam.fr\" \/>\n<meta property=\"og:description\" content=\"De&nbsp;: Mareike Engelhardt Avec Megan Northam, Lubna Azabal, Natacha Krief, Lena Lauzemis Ann\u00e9e&nbsp;: 2024 Pays&nbsp;: France, Allemagne, Belgique Genre&nbsp;: Drame, Thriller R\u00e9sum\u00e9&nbsp;: Pouss\u00e9e par les &hellip;\" \/>\n<meta property=\"og:url\" content=\"https:\/\/www.lavisqteam.fr\/?p=75318\" \/>\n<meta property=\"og:site_name\" content=\"Lavisqteam.fr\" \/>\n<meta property=\"article:published_time\" content=\"2024-11-26T18:07:58+00:00\" \/>\n<meta property=\"article:modified_time\" content=\"2025-01-15T14:08:35+00:00\" \/>\n<meta property=\"og:image\" content=\"https:\/\/www.lavisqteam.fr\/wp-content\/uploads\/2024\/11\/rabi.jpg\" \/>\n\t<meta property=\"og:image:width\" content=\"727\" \/>\n\t<meta property=\"og:image:height\" content=\"395\" \/>\n\t<meta property=\"og:image:type\" content=\"image\/jpeg\" \/>\n<meta name=\"author\" content=\"Cineted\" \/>\n<meta name=\"twitter:card\" content=\"summary_large_image\" \/>\n<meta name=\"twitter:image\" content=\"https:\/\/www.lavisqteam.fr\/wp-content\/uploads\/2024\/11\/rabi.jpg\" \/>\n<meta name=\"twitter:label1\" content=\"\u00c9crit par\" \/>\n\t<meta name=\"twitter:data1\" content=\"Cineted\" \/>\n\t<meta name=\"twitter:label2\" content=\"Dur\u00e9e de lecture estim\u00e9e\" \/>\n\t<meta name=\"twitter:data2\" content=\"6 minutes\" \/>\n<script type=\"application\/ld+json\" class=\"yoast-schema-graph\">{\"@context\":\"https:\/\/schema.org\",\"@graph\":[{\"@type\":\"Article\",\"@id\":\"https:\/\/www.lavisqteam.fr\/?p=75318#article\",\"isPartOf\":{\"@id\":\"https:\/\/www.lavisqteam.fr\/?p=75318\"},\"author\":{\"name\":\"Cineted\",\"@id\":\"https:\/\/www.lavisqteam.fr\/#\/schema\/person\/4ed7295b68bc3daae9094db5f1f9f913\"},\"headline\":\"Rabia &#8211; Dans l&rsquo;Enfer des Femmes de Daech\",\"datePublished\":\"2024-11-26T18:07:58+00:00\",\"dateModified\":\"2025-01-15T14:08:35+00:00\",\"mainEntityOfPage\":{\"@id\":\"https:\/\/www.lavisqteam.fr\/?p=75318\"},\"wordCount\":1086,\"commentCount\":0,\"publisher\":{\"@id\":\"https:\/\/www.lavisqteam.fr\/#organization\"},\"articleSection\":[\"Cin\u00e9ma\"],\"inLanguage\":\"fr-FR\",\"potentialAction\":[{\"@type\":\"CommentAction\",\"name\":\"Comment\",\"target\":[\"https:\/\/www.lavisqteam.fr\/?p=75318#respond\"]}]},{\"@type\":\"WebPage\",\"@id\":\"https:\/\/www.lavisqteam.fr\/?p=75318\",\"url\":\"https:\/\/www.lavisqteam.fr\/?p=75318\",\"name\":\"Rabia - Dans l'Enfer des Femmes de Daech - Lavisqteam.fr\",\"isPartOf\":{\"@id\":\"https:\/\/www.lavisqteam.fr\/#website\"},\"datePublished\":\"2024-11-26T18:07:58+00:00\",\"dateModified\":\"2025-01-15T14:08:35+00:00\",\"breadcrumb\":{\"@id\":\"https:\/\/www.lavisqteam.fr\/?p=75318#breadcrumb\"},\"inLanguage\":\"fr-FR\",\"potentialAction\":[{\"@type\":\"ReadAction\",\"target\":[\"https:\/\/www.lavisqteam.fr\/?p=75318\"]}]},{\"@type\":\"BreadcrumbList\",\"@id\":\"https:\/\/www.lavisqteam.fr\/?p=75318#breadcrumb\",\"itemListElement\":[{\"@type\":\"ListItem\",\"position\":1,\"name\":\"Accueil\",\"item\":\"https:\/\/www.lavisqteam.fr\/\"},{\"@type\":\"ListItem\",\"position\":2,\"name\":\"Rabia &#8211; Dans l&rsquo;Enfer des Femmes de Daech\"}]},{\"@type\":\"WebSite\",\"@id\":\"https:\/\/www.lavisqteam.fr\/#website\",\"url\":\"https:\/\/www.lavisqteam.fr\/\",\"name\":\"Lavisqteam.fr\",\"description\":\"\",\"publisher\":{\"@id\":\"https:\/\/www.lavisqteam.fr\/#organization\"},\"potentialAction\":[{\"@type\":\"SearchAction\",\"target\":{\"@type\":\"EntryPoint\",\"urlTemplate\":\"https:\/\/www.lavisqteam.fr\/?s={search_term_string}\"},\"query-input\":\"required name=search_term_string\"}],\"inLanguage\":\"fr-FR\"},{\"@type\":\"Organization\",\"@id\":\"https:\/\/www.lavisqteam.fr\/#organization\",\"name\":\"Lavisqteam.fr\",\"url\":\"https:\/\/www.lavisqteam.fr\/\",\"sameAs\":[],\"logo\":{\"@type\":\"ImageObject\",\"inLanguage\":\"fr-FR\",\"@id\":\"https:\/\/www.lavisqteam.fr\/#\/schema\/logo\/image\/\",\"url\":\"https:\/\/www.lavisqteam.fr\/wp-content\/uploads\/2020\/08\/cropped-80879545_3479261675449035_4078032831501041664_o-4.jpg\",\"contentUrl\":\"https:\/\/www.lavisqteam.fr\/wp-content\/uploads\/2020\/08\/cropped-80879545_3479261675449035_4078032831501041664_o-4.jpg\",\"width\":1674,\"height\":536,\"caption\":\"Lavisqteam.fr\"},\"image\":{\"@id\":\"https:\/\/www.lavisqteam.fr\/#\/schema\/logo\/image\/\"}},{\"@type\":\"Person\",\"@id\":\"https:\/\/www.lavisqteam.fr\/#\/schema\/person\/4ed7295b68bc3daae9094db5f1f9f913\",\"name\":\"Cineted\",\"image\":{\"@type\":\"ImageObject\",\"inLanguage\":\"fr-FR\",\"@id\":\"https:\/\/www.lavisqteam.fr\/#\/schema\/person\/image\/\",\"url\":\"https:\/\/secure.gravatar.com\/avatar\/2d66d0012368c91013200ba69885bddd?s=96&d=mm&r=g\",\"contentUrl\":\"https:\/\/secure.gravatar.com\/avatar\/2d66d0012368c91013200ba69885bddd?s=96&d=mm&r=g\",\"caption\":\"Cineted\"},\"url\":\"https:\/\/www.lavisqteam.fr\/?author=4\"}]}<\/script>\n<!-- \/ Yoast SEO plugin. -->","yoast_head_json":{"title":"Rabia - Dans l'Enfer des Femmes de Daech - Lavisqteam.fr","robots":{"index":"index","follow":"follow","max-snippet":"max-snippet:-1","max-image-preview":"max-image-preview:large","max-video-preview":"max-video-preview:-1"},"canonical":"https:\/\/www.lavisqteam.fr\/?p=75318","og_locale":"fr_FR","og_type":"article","og_title":"Rabia - Dans l'Enfer des Femmes de Daech - Lavisqteam.fr","og_description":"De&nbsp;: Mareike Engelhardt Avec Megan Northam, Lubna Azabal, Natacha Krief, Lena Lauzemis Ann\u00e9e&nbsp;: 2024 Pays&nbsp;: France, Allemagne, Belgique Genre&nbsp;: Drame, Thriller R\u00e9sum\u00e9&nbsp;: Pouss\u00e9e par les &hellip;","og_url":"https:\/\/www.lavisqteam.fr\/?p=75318","og_site_name":"Lavisqteam.fr","article_published_time":"2024-11-26T18:07:58+00:00","article_modified_time":"2025-01-15T14:08:35+00:00","og_image":[{"width":727,"height":395,"url":"https:\/\/www.lavisqteam.fr\/wp-content\/uploads\/2024\/11\/rabi.jpg","type":"image\/jpeg"}],"author":"Cineted","twitter_card":"summary_large_image","twitter_image":"https:\/\/www.lavisqteam.fr\/wp-content\/uploads\/2024\/11\/rabi.jpg","twitter_misc":{"\u00c9crit par":"Cineted","Dur\u00e9e de lecture estim\u00e9e":"6 minutes"},"schema":{"@context":"https:\/\/schema.org","@graph":[{"@type":"Article","@id":"https:\/\/www.lavisqteam.fr\/?p=75318#article","isPartOf":{"@id":"https:\/\/www.lavisqteam.fr\/?p=75318"},"author":{"name":"Cineted","@id":"https:\/\/www.lavisqteam.fr\/#\/schema\/person\/4ed7295b68bc3daae9094db5f1f9f913"},"headline":"Rabia &#8211; Dans l&rsquo;Enfer des Femmes de Daech","datePublished":"2024-11-26T18:07:58+00:00","dateModified":"2025-01-15T14:08:35+00:00","mainEntityOfPage":{"@id":"https:\/\/www.lavisqteam.fr\/?p=75318"},"wordCount":1086,"commentCount":0,"publisher":{"@id":"https:\/\/www.lavisqteam.fr\/#organization"},"articleSection":["Cin\u00e9ma"],"inLanguage":"fr-FR","potentialAction":[{"@type":"CommentAction","name":"Comment","target":["https:\/\/www.lavisqteam.fr\/?p=75318#respond"]}]},{"@type":"WebPage","@id":"https:\/\/www.lavisqteam.fr\/?p=75318","url":"https:\/\/www.lavisqteam.fr\/?p=75318","name":"Rabia - Dans l'Enfer des Femmes de Daech - Lavisqteam.fr","isPartOf":{"@id":"https:\/\/www.lavisqteam.fr\/#website"},"datePublished":"2024-11-26T18:07:58+00:00","dateModified":"2025-01-15T14:08:35+00:00","breadcrumb":{"@id":"https:\/\/www.lavisqteam.fr\/?p=75318#breadcrumb"},"inLanguage":"fr-FR","potentialAction":[{"@type":"ReadAction","target":["https:\/\/www.lavisqteam.fr\/?p=75318"]}]},{"@type":"BreadcrumbList","@id":"https:\/\/www.lavisqteam.fr\/?p=75318#breadcrumb","itemListElement":[{"@type":"ListItem","position":1,"name":"Accueil","item":"https:\/\/www.lavisqteam.fr\/"},{"@type":"ListItem","position":2,"name":"Rabia &#8211; Dans l&rsquo;Enfer des Femmes de Daech"}]},{"@type":"WebSite","@id":"https:\/\/www.lavisqteam.fr\/#website","url":"https:\/\/www.lavisqteam.fr\/","name":"Lavisqteam.fr","description":"","publisher":{"@id":"https:\/\/www.lavisqteam.fr\/#organization"},"potentialAction":[{"@type":"SearchAction","target":{"@type":"EntryPoint","urlTemplate":"https:\/\/www.lavisqteam.fr\/?s={search_term_string}"},"query-input":"required name=search_term_string"}],"inLanguage":"fr-FR"},{"@type":"Organization","@id":"https:\/\/www.lavisqteam.fr\/#organization","name":"Lavisqteam.fr","url":"https:\/\/www.lavisqteam.fr\/","sameAs":[],"logo":{"@type":"ImageObject","inLanguage":"fr-FR","@id":"https:\/\/www.lavisqteam.fr\/#\/schema\/logo\/image\/","url":"https:\/\/www.lavisqteam.fr\/wp-content\/uploads\/2020\/08\/cropped-80879545_3479261675449035_4078032831501041664_o-4.jpg","contentUrl":"https:\/\/www.lavisqteam.fr\/wp-content\/uploads\/2020\/08\/cropped-80879545_3479261675449035_4078032831501041664_o-4.jpg","width":1674,"height":536,"caption":"Lavisqteam.fr"},"image":{"@id":"https:\/\/www.lavisqteam.fr\/#\/schema\/logo\/image\/"}},{"@type":"Person","@id":"https:\/\/www.lavisqteam.fr\/#\/schema\/person\/4ed7295b68bc3daae9094db5f1f9f913","name":"Cineted","image":{"@type":"ImageObject","inLanguage":"fr-FR","@id":"https:\/\/www.lavisqteam.fr\/#\/schema\/person\/image\/","url":"https:\/\/secure.gravatar.com\/avatar\/2d66d0012368c91013200ba69885bddd?s=96&d=mm&r=g","contentUrl":"https:\/\/secure.gravatar.com\/avatar\/2d66d0012368c91013200ba69885bddd?s=96&d=mm&r=g","caption":"Cineted"},"url":"https:\/\/www.lavisqteam.fr\/?author=4"}]}},"jetpack_featured_media_url":"https:\/\/www.lavisqteam.fr\/wp-content\/uploads\/2024\/11\/rabi.jpg","_links":{"self":[{"href":"https:\/\/www.lavisqteam.fr\/index.php?rest_route=\/wp\/v2\/posts\/75318"}],"collection":[{"href":"https:\/\/www.lavisqteam.fr\/index.php?rest_route=\/wp\/v2\/posts"}],"about":[{"href":"https:\/\/www.lavisqteam.fr\/index.php?rest_route=\/wp\/v2\/types\/post"}],"author":[{"embeddable":true,"href":"https:\/\/www.lavisqteam.fr\/index.php?rest_route=\/wp\/v2\/users\/4"}],"replies":[{"embeddable":true,"href":"https:\/\/www.lavisqteam.fr\/index.php?rest_route=%2Fwp%2Fv2%2Fcomments&post=75318"}],"version-history":[{"count":1,"href":"https:\/\/www.lavisqteam.fr\/index.php?rest_route=\/wp\/v2\/posts\/75318\/revisions"}],"predecessor-version":[{"id":75320,"href":"https:\/\/www.lavisqteam.fr\/index.php?rest_route=\/wp\/v2\/posts\/75318\/revisions\/75320"}],"wp:featuredmedia":[{"embeddable":true,"href":"https:\/\/www.lavisqteam.fr\/index.php?rest_route=\/wp\/v2\/media\/75319"}],"wp:attachment":[{"href":"https:\/\/www.lavisqteam.fr\/index.php?rest_route=%2Fwp%2Fv2%2Fmedia&parent=75318"}],"wp:term":[{"taxonomy":"category","embeddable":true,"href":"https:\/\/www.lavisqteam.fr\/index.php?rest_route=%2Fwp%2Fv2%2Fcategories&post=75318"},{"taxonomy":"post_tag","embeddable":true,"href":"https:\/\/www.lavisqteam.fr\/index.php?rest_route=%2Fwp%2Fv2%2Ftags&post=75318"}],"curies":[{"name":"wp","href":"https:\/\/api.w.org\/{rel}","templated":true}]}}