{"id":74115,"date":"2024-06-19T11:39:42","date_gmt":"2024-06-19T11:39:42","guid":{"rendered":"https:\/\/www.lavisqteam.fr\/?p=74115"},"modified":"2024-08-14T13:23:57","modified_gmt":"2024-08-14T13:23:57","slug":"the-summer-with-carmen-canicule-en-grece","status":"publish","type":"post","link":"https:\/\/www.lavisqteam.fr\/?p=74115","title":{"rendered":"The Summer With Carmen &#8211; Canicule en Gr\u00e8ce"},"content":{"rendered":"<div class=\"wp-block-image\">\n<figure class=\"aligncenter size-large is-resized\"><img src=\"https:\/\/fr.web.img3.acsta.net\/r_1920_1080\/img\/8c\/0d\/8c0d06999dd55ea6a22c8c45de07d7dd.jpg\" alt=\"\" width=\"600\"\/><\/figure><\/div>\n\n\n<p><strong>Titre Original&nbsp;: <\/strong>To Kalokairi tis Karmen<\/p>\n\n\n\n<p><strong>De&nbsp;: <\/strong>Zacharias Mavroeidis<\/p>\n\n\n\n<p><strong>Avec <\/strong>Yorgos Tsiantoulas, Andreas Labropoulos, Roubini Vasilakopoulou, Nikolaos Mihas<\/p>\n\n\n\n<p><strong>Ann\u00e9e&nbsp;: <\/strong>2024<\/p>\n\n\n\n<p><strong>Pays&nbsp;: <\/strong>Gr\u00e8ce<\/p>\n\n\n\n<p><strong>Genre&nbsp;: <\/strong>Com\u00e9die, Romance<\/p>\n\n\n\n<p><strong>R\u00e9sum\u00e9&nbsp;:<\/strong><\/p>\n\n\n\n<p>D\u00e9mos, un grec t\u00e9n\u00e9breux \u00e0 la sexualit\u00e9 d\u00e9bordante, passe son \u00e9t\u00e9 sur les plages d\u2019Ath\u00e8nes avec son ami de longue date, Nikitas. Ensemble, ils tentent d\u2019\u00e9crire un sc\u00e9nario inspir\u00e9 de leur vie tumultueuse, surtout celle du beau D\u00e9mos, au c\u0153ur \u00e9corch\u00e9 par sa derni\u00e8re rupture\u2026<\/p>\n\n\n\n<p><strong>Avis&nbsp;:<\/strong><\/p>\n\n\n\n<p>La Gr\u00e8ce, son soleil, ses ruines, ses paysages \u00e0 couper le souffle, et ses r\u00e9alisateurs que l&rsquo;on n&rsquo;explore pas vraiment. Enfin, des cin\u00e9astes dont on a envie d&rsquo;explorer le cin\u00e9ma, mais qui n&rsquo;arrivent pas vraiment chez nous. Par eux, aujourd&rsquo;hui, on s&rsquo;arr\u00eate sur <em>Zacharias Mavroeidis<\/em>. Sc\u00e9nariste et cin\u00e9aste, <em>Zacharias Mavroeidis<\/em> a d\u00e9but\u00e9 sa carri\u00e8re au milieu des ann\u00e9es 2000. Son premier court, \u00ab\u00a0<strong>Princess&rsquo; Tale<\/strong>\u00ab\u00a0, dont il assure aussi bien l&rsquo;\u00e9criture que la r\u00e9alisation, est pr\u00e9sent\u00e9 en 2005. Ayant une belle envie de cin\u00e9ma, le r\u00e9alisateur encha\u00eene tr\u00e8s vite les courts et c&rsquo;est ainsi que sur quatre ann\u00e9es, il r\u00e9alise un court tous les ans. Alors forc\u00e9ment, \u00e7a paye et il se fait remarquer. Son premier long, \u00ab\u00a0<strong>O Xenagos<\/strong>\u00ab\u00a0, sort en 2010. Depuis, le r\u00e9alisateur n&rsquo;a plus pos\u00e9 sa cam\u00e9ra, encha\u00eenant les films les uns \u00e0 la suite des autres.<\/p>\n\n\n<div class=\"wp-block-image\">\n<figure class=\"aligncenter size-large is-resized\"><img src=\"https:\/\/fr.web.img4.acsta.net\/r_1920_1080\/pictures\/23\/11\/23\/15\/24\/3367713.jpg\" alt=\"\" width=\"600\"\/><\/figure><\/div>\n\n\n<p>\u00ab\u00a0<strong>The Summer With Carmen<\/strong>\u00a0\u00bb est son cinqui\u00e8me long, et c&rsquo;est peut-\u00eatre celui qui risque fort bien de le r\u00e9v\u00e9ler \u00e0 l&rsquo;international, car apr\u00e8s avoir \u00e9t\u00e9 applaudi \u00e0 la Mostra 2023 de Venise, voici que le film est pr\u00e9sent\u00e9 au Ch\u00e9ries Ch\u00e9ris, et il en repart avec le Grand Prix. Un Grand Prix joliment m\u00e9rit\u00e9 face \u00e0 un film qui se pose comme une com\u00e9die malicieuse et chaleureuse. Une com\u00e9die riche et dense, parcourant tout un tas de sujets int\u00e9ressants, ce qui fait que l\u2019heure quarante-six pass\u00e9e en compagnie de ces personnages ne se voit absolument pas passer.<\/p>\n\n\n\n<h2 class=\"has-text-align-center\">\u00ab\u00a0Envie d&rsquo;une com\u00e9die scintillante, qui a des allures de cin\u00e9ma \u00e0 la <em>Almod\u00f3var<\/em>\u00a0?\u00a0\u00bb<\/h2>\n\n\n\n<p>C&rsquo;est l&rsquo;\u00e9t\u00e9 \u00e0 Ath\u00e8nes, D\u00e9mosth\u00e8ne et son meilleur ami, Nikitas, passent la journ\u00e9e sur une plage naturiste o\u00f9 se retrouvent beaucoup d&rsquo;hommes gays. Nikitas est en train d&rsquo;\u00e9crire son premier long-m\u00e9trage, et pour cela, il a pris D\u00e9mosth\u00e8ne comme personnage. Enfin, il a surtout pris ce qui s&rsquo;est pass\u00e9 dans la vie de son ami l&rsquo;\u00e9t\u00e9 dernier, sa rupture, son incapacit\u00e9 \u00e0 s&rsquo;imaginer seul, ses relations d&rsquo;amiti\u00e9, la maladie de son p\u00e8re, sa famille, ou encore l&rsquo;adoption de Carmen, une petite chienne dont son ex voulait se d\u00e9barrasser.<br><br>Envie d&rsquo;une com\u00e9die scintillante, qui a des allures de cin\u00e9ma \u00e0 la <em>Almod\u00f3var<\/em>\u00a0? Alors le nouveau film de <em>Zacharias Mavroeidis<\/em> est l\u00e0, et ce serait dommage de passer \u00e0 c\u00f4t\u00e9. Pour son nouveau film, le metteur en sc\u00e8ne grec s&rsquo;est amus\u00e9 \u00e0 construire un film qui se pose comme un bonbon, aussi sucr\u00e9 qu&rsquo;il est acide, et m\u00eame quelque peu amer, et la somme de tous ces go\u00fbts se conjuguent merveilleusement.<\/p>\n\n\n\n<p>Comme je le disais, le film est riche, aussi bien dans ce qu&rsquo;il va raconter que dans sa construction. Imaginant deux amis sc\u00e9naristes, et possiblement futur r\u00e9alisateur pour l&rsquo;un d&rsquo;entre eux, <em>Zacharias Mavroeidis<\/em> va nous offrir un film dans le film, dans le sens o\u00f9 ce dont ces deux amis sur une plage \u00e9voquent, se construit comme un flashback devant nos yeux. Ainsi, avec \u00e7a, le r\u00e9alisateur va autant parler de cin\u00e9ma, de son envie de cin\u00e9ma et de sa passion, qu&rsquo;\u00e0 travers l&rsquo;histoire de son personnage fra\u00eechement largu\u00e9, et totalement largu\u00e9 par la m\u00eame, cet \u00ab\u00a0&#8230; <strong>\u00e9t\u00e9 avec Carmen<\/strong>\u00a0\u00bb va traverser tout un tas de sujets, de th\u00e8mes et d&rsquo;\u00e9motions qui vont le rendre int\u00e9ressant \u00e0 suivre.<\/p>\n\n\n\n<h2 class=\"has-text-align-center\">\u00ab\u00a0<em>Zacharias Mavroeidis<\/em> filme les corps au plus pr\u00e8s, sans jamais tomber dans le voyeurisme.\u00a0\u00bb<\/h2>\n\n\n\n<p>Au programme de cette folle histoire, \u00ab\u00a0<strong>The Summer With Carmen<\/strong>\u00a0\u00bb est un film qui aborde la difficult\u00e9 d&rsquo;\u00e9crire un film, l&rsquo;importance de son sc\u00e9nario et ses d\u00e9tails, la multitude d&rsquo;id\u00e9es qui arrivent pour raconter une histoire, un moment et des personnages. Puis avec \u00e7a, le film aborde d&rsquo;un c\u00f4t\u00e9 et de l&rsquo;autre de ces deux histoires, l&rsquo;amiti\u00e9, avec ces deux personnages qui s&rsquo;aiment, s&rsquo;admirent et s&rsquo;acceptent avec leurs qualit\u00e9s et leurs d\u00e9fauts. Puis lorsqu&rsquo;on passe dans l&rsquo;histoire, le programme s&rsquo;intensifie avec comme une sorte de plong\u00e9e assez vertigineuse de th\u00e8mes qui vont arriver et tous s&rsquo;imbriqueront les uns dans les autres sans jamais avoir un c\u00f4t\u00e9 en trop.<\/p>\n\n\n\n<p>C&rsquo;est assez dingue, car le r\u00e9alisateur y parle aussi bien des probl\u00e8mes de couples, il y parle de rupture, tout comme il va aborder l&rsquo;amour sous toutes ses formes, le c\u00e9libat, l&rsquo;envie de sexe, parfois compulsive, le para\u00eetre, l&rsquo;orgueil parfois de montrer \u00e0 l&rsquo;autre que tout va bien. Avec \u00e7a, le film aborde aussi la famille, avec forc\u00e9ment le coming out. Puis il y a la nudit\u00e9 qui sans que ce ne soit jamais vraiment \u00e9voqu\u00e9, le fait qu&rsquo;elle soit l\u00e0, presque omnipr\u00e9sente, se pose comme un sujet, et elle est explor\u00e9e avec beaucoup de pudeur et de sensualit\u00e9. <em>Zacharias Mavroeidis<\/em> filme les corps au plus pr\u00e8s, sans jamais tomber dans le voyeurisme et c&rsquo;est tout simplement beau.<\/p>\n\n\n\n<h2 class=\"has-text-align-center\">\u00ab\u00a0<em>Zacharias Mavroeidis<\/em> n&rsquo;a pas non plus oubli\u00e9 de soigner l&#8217;emballage.\u00a0\u00bb<\/h2>\n\n\n\n<p>Il faut dire aussi que le r\u00e9alisateur a choisi un com\u00e9dien qui en impose. Ainsi, <em>Yorgos Tsiantoulas<\/em> se pose comme un v\u00e9ritable Dieu Grec, et l&rsquo;on adore suivre ses aventures et ses m\u00e9saventures, avec sourire, envie et \u00e9motions, car le film n&rsquo;oublie pas de se faire \u00e9mouvant, nous offrant un personnage qui va beaucoup \u00e9voluer. Avec tout \u00e7a, <em>Zacharias Mavroeidis<\/em> n&rsquo;a pas non plus oubli\u00e9 de soigner l&#8217;emballage, et il nous offre, comme je le disais plus haut, une com\u00e9die p\u00e9tillante, qui a bien des id\u00e9es, n&rsquo;a rien \u00e0 envier au cin\u00e9ma de <em>Pedro Almod\u00f3var<\/em>.<\/p>\n\n\n\n<p>Frais, tr\u00e8s dr\u00f4le, \u00ab\u00a0<strong>The Summer With Carmen<\/strong>\u00a0\u00bb arrive \u00e0 osciller entre les genres et les \u00e9motions, et alors m\u00eame qu&rsquo;il aurait pu facilement s&rsquo;y perdre, jamais il ne se prend les pieds dans sa trame, ou ne nous perd avec son histoire de film dans le film. Mieux encore, poursuivant son film jusqu&rsquo;aux confins de son g\u00e9n\u00e9rique, on reste assis, curieux de suivre ce petit d\u00e9lice jusqu&rsquo;\u00e0 la derni\u00e8re minute.<\/p>\n\n\n<div class=\"wp-block-image\">\n<figure class=\"aligncenter size-large is-resized\"><img src=\"https:\/\/fr.web.img6.acsta.net\/r_1920_1080\/pictures\/23\/11\/23\/15\/24\/3412953.jpg\" alt=\"\" width=\"600\"\/><\/figure><\/div>\n\n\n<p>Ce nouveau film de <em>Zacharias Mavroeidis<\/em> est donc une petite merveille, aussi d\u00e9licieuse qu&rsquo;elle est touchante. Premier film que je d\u00e9couvre de son metteur en sc\u00e8ne, \u00ab\u00a0<strong>The Summer With Carmen<\/strong>\u00a0\u00bb est un film plein de surprises, plein de moments superbes, plein de personnages qu&rsquo;on adore suivre, puis il est tenu par deux acteurs g\u00e9niaux. Bref, cette premi\u00e8re incursion dans l&rsquo;univers de <em>Zacharias Mavroeidis<\/em> me donne envie de d\u00e9couvrir le reste de sa filmographie, et au-del\u00e0 de \u00e7a, \u00e0 peine vu, j&rsquo;ai d\u00e9j\u00e0 envie de revoir ce \u00ab\u00a0&#8230; <strong>Summer With Carmen<\/strong>\u00ab\u00a0.<\/p>\n\n\n\n<p><strong>Note\u00a0: 16\/20<\/strong><\/p>\n\n\n\n<figure class=\"wp-block-embed is-type-video is-provider-youtube wp-block-embed-youtube wp-embed-aspect-16-9 wp-has-aspect-ratio\"><div class=\"wp-block-embed__wrapper\">\n<iframe loading=\"lazy\" title=\"THE SUMMER WITH CARMEN [TO KALOKAIRI TIS KARMEN] Trailer \u2013 2023 AFI European Union Film Showcase\" width=\"1200\" height=\"675\" src=\"https:\/\/www.youtube.com\/embed\/_mLL6CiWm3c?feature=oembed\" frameborder=\"0\" allow=\"accelerometer; autoplay; clipboard-write; encrypted-media; gyroscope; picture-in-picture; web-share\" referrerpolicy=\"strict-origin-when-cross-origin\" allowfullscreen><\/iframe>\n<\/div><\/figure>\n\n\n\n<p class=\"has-text-align-right\">Par <strong>Cin\u00e9ted<\/strong><\/p>\n","protected":false},"excerpt":{"rendered":"<p>Titre Original&nbsp;: To Kalokairi tis Karmen De&nbsp;: Zacharias Mavroeidis Avec Yorgos Tsiantoulas, Andreas Labropoulos, Roubini Vasilakopoulou, Nikolaos Mihas Ann\u00e9e&nbsp;: 2024 Pays&nbsp;: Gr\u00e8ce Genre&nbsp;: Com\u00e9die, Romance &hellip; <\/p>\n","protected":false},"author":4,"featured_media":74116,"comment_status":"open","ping_status":"open","sticky":false,"template":"","format":"standard","meta":[],"categories":[7],"tags":[],"yoast_head":"<!-- This site is optimized with the Yoast SEO plugin v19.6.1 - https:\/\/yoast.com\/wordpress\/plugins\/seo\/ -->\n<title>The Summer With Carmen - Canicule en Gr\u00e8ce - Lavisqteam.fr<\/title>\n<meta name=\"robots\" content=\"index, follow, max-snippet:-1, max-image-preview:large, max-video-preview:-1\" \/>\n<link rel=\"canonical\" href=\"https:\/\/www.lavisqteam.fr\/?p=74115\" \/>\n<meta property=\"og:locale\" content=\"fr_FR\" \/>\n<meta property=\"og:type\" content=\"article\" \/>\n<meta property=\"og:title\" content=\"The Summer With Carmen - Canicule en Gr\u00e8ce - Lavisqteam.fr\" \/>\n<meta property=\"og:description\" content=\"Titre Original&nbsp;: To Kalokairi tis Karmen De&nbsp;: Zacharias Mavroeidis Avec Yorgos Tsiantoulas, Andreas Labropoulos, Roubini Vasilakopoulou, Nikolaos Mihas Ann\u00e9e&nbsp;: 2024 Pays&nbsp;: Gr\u00e8ce Genre&nbsp;: Com\u00e9die, Romance &hellip;\" \/>\n<meta property=\"og:url\" content=\"https:\/\/www.lavisqteam.fr\/?p=74115\" \/>\n<meta property=\"og:site_name\" content=\"Lavisqteam.fr\" \/>\n<meta property=\"article:published_time\" content=\"2024-06-19T11:39:42+00:00\" \/>\n<meta property=\"article:modified_time\" content=\"2024-08-14T13:23:57+00:00\" \/>\n<meta property=\"og:image\" content=\"https:\/\/www.lavisqteam.fr\/wp-content\/uploads\/2024\/06\/thes-1.jpg\" \/>\n\t<meta property=\"og:image:width\" content=\"727\" \/>\n\t<meta property=\"og:image:height\" content=\"395\" \/>\n\t<meta property=\"og:image:type\" content=\"image\/jpeg\" \/>\n<meta name=\"author\" content=\"Cineted\" \/>\n<meta name=\"twitter:card\" content=\"summary_large_image\" \/>\n<meta name=\"twitter:image\" content=\"https:\/\/www.lavisqteam.fr\/wp-content\/uploads\/2024\/06\/thes-1.jpg\" \/>\n<meta name=\"twitter:label1\" content=\"\u00c9crit par\" \/>\n\t<meta name=\"twitter:data1\" content=\"Cineted\" \/>\n\t<meta name=\"twitter:label2\" content=\"Dur\u00e9e de lecture estim\u00e9e\" \/>\n\t<meta name=\"twitter:data2\" content=\"7 minutes\" \/>\n<script type=\"application\/ld+json\" class=\"yoast-schema-graph\">{\"@context\":\"https:\/\/schema.org\",\"@graph\":[{\"@type\":\"Article\",\"@id\":\"https:\/\/www.lavisqteam.fr\/?p=74115#article\",\"isPartOf\":{\"@id\":\"https:\/\/www.lavisqteam.fr\/?p=74115\"},\"author\":{\"name\":\"Cineted\",\"@id\":\"https:\/\/www.lavisqteam.fr\/#\/schema\/person\/4ed7295b68bc3daae9094db5f1f9f913\"},\"headline\":\"The Summer With Carmen &#8211; Canicule en Gr\u00e8ce\",\"datePublished\":\"2024-06-19T11:39:42+00:00\",\"dateModified\":\"2024-08-14T13:23:57+00:00\",\"mainEntityOfPage\":{\"@id\":\"https:\/\/www.lavisqteam.fr\/?p=74115\"},\"wordCount\":1234,\"commentCount\":0,\"publisher\":{\"@id\":\"https:\/\/www.lavisqteam.fr\/#organization\"},\"articleSection\":[\"Cin\u00e9ma\"],\"inLanguage\":\"fr-FR\",\"potentialAction\":[{\"@type\":\"CommentAction\",\"name\":\"Comment\",\"target\":[\"https:\/\/www.lavisqteam.fr\/?p=74115#respond\"]}]},{\"@type\":\"WebPage\",\"@id\":\"https:\/\/www.lavisqteam.fr\/?p=74115\",\"url\":\"https:\/\/www.lavisqteam.fr\/?p=74115\",\"name\":\"The Summer With Carmen - Canicule en Gr\u00e8ce - Lavisqteam.fr\",\"isPartOf\":{\"@id\":\"https:\/\/www.lavisqteam.fr\/#website\"},\"datePublished\":\"2024-06-19T11:39:42+00:00\",\"dateModified\":\"2024-08-14T13:23:57+00:00\",\"breadcrumb\":{\"@id\":\"https:\/\/www.lavisqteam.fr\/?p=74115#breadcrumb\"},\"inLanguage\":\"fr-FR\",\"potentialAction\":[{\"@type\":\"ReadAction\",\"target\":[\"https:\/\/www.lavisqteam.fr\/?p=74115\"]}]},{\"@type\":\"BreadcrumbList\",\"@id\":\"https:\/\/www.lavisqteam.fr\/?p=74115#breadcrumb\",\"itemListElement\":[{\"@type\":\"ListItem\",\"position\":1,\"name\":\"Accueil\",\"item\":\"https:\/\/www.lavisqteam.fr\/\"},{\"@type\":\"ListItem\",\"position\":2,\"name\":\"The Summer With Carmen &#8211; Canicule en Gr\u00e8ce\"}]},{\"@type\":\"WebSite\",\"@id\":\"https:\/\/www.lavisqteam.fr\/#website\",\"url\":\"https:\/\/www.lavisqteam.fr\/\",\"name\":\"Lavisqteam.fr\",\"description\":\"\",\"publisher\":{\"@id\":\"https:\/\/www.lavisqteam.fr\/#organization\"},\"potentialAction\":[{\"@type\":\"SearchAction\",\"target\":{\"@type\":\"EntryPoint\",\"urlTemplate\":\"https:\/\/www.lavisqteam.fr\/?s={search_term_string}\"},\"query-input\":\"required name=search_term_string\"}],\"inLanguage\":\"fr-FR\"},{\"@type\":\"Organization\",\"@id\":\"https:\/\/www.lavisqteam.fr\/#organization\",\"name\":\"Lavisqteam.fr\",\"url\":\"https:\/\/www.lavisqteam.fr\/\",\"sameAs\":[],\"logo\":{\"@type\":\"ImageObject\",\"inLanguage\":\"fr-FR\",\"@id\":\"https:\/\/www.lavisqteam.fr\/#\/schema\/logo\/image\/\",\"url\":\"https:\/\/www.lavisqteam.fr\/wp-content\/uploads\/2020\/08\/cropped-80879545_3479261675449035_4078032831501041664_o-4.jpg\",\"contentUrl\":\"https:\/\/www.lavisqteam.fr\/wp-content\/uploads\/2020\/08\/cropped-80879545_3479261675449035_4078032831501041664_o-4.jpg\",\"width\":1674,\"height\":536,\"caption\":\"Lavisqteam.fr\"},\"image\":{\"@id\":\"https:\/\/www.lavisqteam.fr\/#\/schema\/logo\/image\/\"}},{\"@type\":\"Person\",\"@id\":\"https:\/\/www.lavisqteam.fr\/#\/schema\/person\/4ed7295b68bc3daae9094db5f1f9f913\",\"name\":\"Cineted\",\"image\":{\"@type\":\"ImageObject\",\"inLanguage\":\"fr-FR\",\"@id\":\"https:\/\/www.lavisqteam.fr\/#\/schema\/person\/image\/\",\"url\":\"https:\/\/secure.gravatar.com\/avatar\/2d66d0012368c91013200ba69885bddd?s=96&d=mm&r=g\",\"contentUrl\":\"https:\/\/secure.gravatar.com\/avatar\/2d66d0012368c91013200ba69885bddd?s=96&d=mm&r=g\",\"caption\":\"Cineted\"},\"url\":\"https:\/\/www.lavisqteam.fr\/?author=4\"}]}<\/script>\n<!-- \/ Yoast SEO plugin. -->","yoast_head_json":{"title":"The Summer With Carmen - Canicule en Gr\u00e8ce - Lavisqteam.fr","robots":{"index":"index","follow":"follow","max-snippet":"max-snippet:-1","max-image-preview":"max-image-preview:large","max-video-preview":"max-video-preview:-1"},"canonical":"https:\/\/www.lavisqteam.fr\/?p=74115","og_locale":"fr_FR","og_type":"article","og_title":"The Summer With Carmen - Canicule en Gr\u00e8ce - Lavisqteam.fr","og_description":"Titre Original&nbsp;: To Kalokairi tis Karmen De&nbsp;: Zacharias Mavroeidis Avec Yorgos Tsiantoulas, Andreas Labropoulos, Roubini Vasilakopoulou, Nikolaos Mihas Ann\u00e9e&nbsp;: 2024 Pays&nbsp;: Gr\u00e8ce Genre&nbsp;: Com\u00e9die, Romance &hellip;","og_url":"https:\/\/www.lavisqteam.fr\/?p=74115","og_site_name":"Lavisqteam.fr","article_published_time":"2024-06-19T11:39:42+00:00","article_modified_time":"2024-08-14T13:23:57+00:00","og_image":[{"width":727,"height":395,"url":"https:\/\/www.lavisqteam.fr\/wp-content\/uploads\/2024\/06\/thes-1.jpg","type":"image\/jpeg"}],"author":"Cineted","twitter_card":"summary_large_image","twitter_image":"https:\/\/www.lavisqteam.fr\/wp-content\/uploads\/2024\/06\/thes-1.jpg","twitter_misc":{"\u00c9crit par":"Cineted","Dur\u00e9e de lecture estim\u00e9e":"7 minutes"},"schema":{"@context":"https:\/\/schema.org","@graph":[{"@type":"Article","@id":"https:\/\/www.lavisqteam.fr\/?p=74115#article","isPartOf":{"@id":"https:\/\/www.lavisqteam.fr\/?p=74115"},"author":{"name":"Cineted","@id":"https:\/\/www.lavisqteam.fr\/#\/schema\/person\/4ed7295b68bc3daae9094db5f1f9f913"},"headline":"The Summer With Carmen &#8211; Canicule en Gr\u00e8ce","datePublished":"2024-06-19T11:39:42+00:00","dateModified":"2024-08-14T13:23:57+00:00","mainEntityOfPage":{"@id":"https:\/\/www.lavisqteam.fr\/?p=74115"},"wordCount":1234,"commentCount":0,"publisher":{"@id":"https:\/\/www.lavisqteam.fr\/#organization"},"articleSection":["Cin\u00e9ma"],"inLanguage":"fr-FR","potentialAction":[{"@type":"CommentAction","name":"Comment","target":["https:\/\/www.lavisqteam.fr\/?p=74115#respond"]}]},{"@type":"WebPage","@id":"https:\/\/www.lavisqteam.fr\/?p=74115","url":"https:\/\/www.lavisqteam.fr\/?p=74115","name":"The Summer With Carmen - Canicule en Gr\u00e8ce - Lavisqteam.fr","isPartOf":{"@id":"https:\/\/www.lavisqteam.fr\/#website"},"datePublished":"2024-06-19T11:39:42+00:00","dateModified":"2024-08-14T13:23:57+00:00","breadcrumb":{"@id":"https:\/\/www.lavisqteam.fr\/?p=74115#breadcrumb"},"inLanguage":"fr-FR","potentialAction":[{"@type":"ReadAction","target":["https:\/\/www.lavisqteam.fr\/?p=74115"]}]},{"@type":"BreadcrumbList","@id":"https:\/\/www.lavisqteam.fr\/?p=74115#breadcrumb","itemListElement":[{"@type":"ListItem","position":1,"name":"Accueil","item":"https:\/\/www.lavisqteam.fr\/"},{"@type":"ListItem","position":2,"name":"The Summer With Carmen &#8211; Canicule en Gr\u00e8ce"}]},{"@type":"WebSite","@id":"https:\/\/www.lavisqteam.fr\/#website","url":"https:\/\/www.lavisqteam.fr\/","name":"Lavisqteam.fr","description":"","publisher":{"@id":"https:\/\/www.lavisqteam.fr\/#organization"},"potentialAction":[{"@type":"SearchAction","target":{"@type":"EntryPoint","urlTemplate":"https:\/\/www.lavisqteam.fr\/?s={search_term_string}"},"query-input":"required name=search_term_string"}],"inLanguage":"fr-FR"},{"@type":"Organization","@id":"https:\/\/www.lavisqteam.fr\/#organization","name":"Lavisqteam.fr","url":"https:\/\/www.lavisqteam.fr\/","sameAs":[],"logo":{"@type":"ImageObject","inLanguage":"fr-FR","@id":"https:\/\/www.lavisqteam.fr\/#\/schema\/logo\/image\/","url":"https:\/\/www.lavisqteam.fr\/wp-content\/uploads\/2020\/08\/cropped-80879545_3479261675449035_4078032831501041664_o-4.jpg","contentUrl":"https:\/\/www.lavisqteam.fr\/wp-content\/uploads\/2020\/08\/cropped-80879545_3479261675449035_4078032831501041664_o-4.jpg","width":1674,"height":536,"caption":"Lavisqteam.fr"},"image":{"@id":"https:\/\/www.lavisqteam.fr\/#\/schema\/logo\/image\/"}},{"@type":"Person","@id":"https:\/\/www.lavisqteam.fr\/#\/schema\/person\/4ed7295b68bc3daae9094db5f1f9f913","name":"Cineted","image":{"@type":"ImageObject","inLanguage":"fr-FR","@id":"https:\/\/www.lavisqteam.fr\/#\/schema\/person\/image\/","url":"https:\/\/secure.gravatar.com\/avatar\/2d66d0012368c91013200ba69885bddd?s=96&d=mm&r=g","contentUrl":"https:\/\/secure.gravatar.com\/avatar\/2d66d0012368c91013200ba69885bddd?s=96&d=mm&r=g","caption":"Cineted"},"url":"https:\/\/www.lavisqteam.fr\/?author=4"}]}},"jetpack_featured_media_url":"https:\/\/www.lavisqteam.fr\/wp-content\/uploads\/2024\/06\/thes-1.jpg","_links":{"self":[{"href":"https:\/\/www.lavisqteam.fr\/index.php?rest_route=\/wp\/v2\/posts\/74115"}],"collection":[{"href":"https:\/\/www.lavisqteam.fr\/index.php?rest_route=\/wp\/v2\/posts"}],"about":[{"href":"https:\/\/www.lavisqteam.fr\/index.php?rest_route=\/wp\/v2\/types\/post"}],"author":[{"embeddable":true,"href":"https:\/\/www.lavisqteam.fr\/index.php?rest_route=\/wp\/v2\/users\/4"}],"replies":[{"embeddable":true,"href":"https:\/\/www.lavisqteam.fr\/index.php?rest_route=%2Fwp%2Fv2%2Fcomments&post=74115"}],"version-history":[{"count":1,"href":"https:\/\/www.lavisqteam.fr\/index.php?rest_route=\/wp\/v2\/posts\/74115\/revisions"}],"predecessor-version":[{"id":74117,"href":"https:\/\/www.lavisqteam.fr\/index.php?rest_route=\/wp\/v2\/posts\/74115\/revisions\/74117"}],"wp:featuredmedia":[{"embeddable":true,"href":"https:\/\/www.lavisqteam.fr\/index.php?rest_route=\/wp\/v2\/media\/74116"}],"wp:attachment":[{"href":"https:\/\/www.lavisqteam.fr\/index.php?rest_route=%2Fwp%2Fv2%2Fmedia&parent=74115"}],"wp:term":[{"taxonomy":"category","embeddable":true,"href":"https:\/\/www.lavisqteam.fr\/index.php?rest_route=%2Fwp%2Fv2%2Fcategories&post=74115"},{"taxonomy":"post_tag","embeddable":true,"href":"https:\/\/www.lavisqteam.fr\/index.php?rest_route=%2Fwp%2Fv2%2Ftags&post=74115"}],"curies":[{"name":"wp","href":"https:\/\/api.w.org\/{rel}","templated":true}]}}