{"id":73849,"date":"2024-05-09T09:01:06","date_gmt":"2024-05-09T09:01:06","guid":{"rendered":"https:\/\/www.lavisqteam.fr\/?p=73849"},"modified":"2024-05-09T09:01:09","modified_gmt":"2024-05-09T09:01:09","slug":"freres-lamour-fraternel","status":"publish","type":"post","link":"https:\/\/www.lavisqteam.fr\/?p=73849","title":{"rendered":"Fr\u00e8res &#8211; L&rsquo;Amour Fraternel"},"content":{"rendered":"<div class=\"wp-block-image\">\n<figure class=\"aligncenter size-large is-resized\"><img src=\"https:\/\/fr.web.img3.acsta.net\/r_1920_1080\/pictures\/24\/03\/11\/12\/08\/2425699.jpg\" alt=\"\" width=\"600\"\/><\/figure><\/div>\n\n\n<p><strong>De&nbsp;: <\/strong>Olivier Casas<\/p>\n\n\n\n<p><strong>Avec <\/strong>Mathieu Kassovitz, Yvan Attal, Alma Jodorowsky, Victor Escoud\u00e9-Oury<\/p>\n\n\n\n<p><strong>Ann\u00e9e&nbsp;: <\/strong>2024<\/p>\n\n\n\n<p><strong>Pays&nbsp;: <\/strong>France<\/p>\n\n\n\n<p><strong>Genre&nbsp;: <\/strong>Drame<\/p>\n\n\n\n<p><strong>R\u00e9sum\u00e9&nbsp;:<\/strong><\/p>\n\n\n\n<p>L\u2019histoire vraie de deux petits gar\u00e7ons de 5 et 7 ans qui, abandonn\u00e9s par leur m\u00e8re en 1948, s&rsquo;enfuient dans la for\u00eat. Ils vont y survivre pendant sept ann\u00e9es et tisser un lien qui les unira \u00e0 jamais. Des d\u00e9cennies plus tard, les deux fr\u00e8res quittent tout pour se retrouver. Mais le pass\u00e9 et les secrets les rattrapent, m\u00eame \u00e0 l&rsquo;autre bout du monde.<\/p>\n\n\n\n<p><strong>Avis&nbsp;:<\/strong><\/p>\n\n\n\n<p>Dipl\u00f4m\u00e9 de Louis Lumi\u00e8re, <em>Olivier Casas<\/em> a commenc\u00e9 \u00e0 travailler dans le milieu du cin\u00e9ma \u00e0 la toute fin des ann\u00e9es 90. D&rsquo;abord cadreur, il sera aussi chef op\u00e9rateur, avant de devenir monteur, notamment pour la t\u00e9l\u00e9vision. En parall\u00e8le de cela, \u00e0 partir de 2003, il r\u00e9alise des courts-m\u00e9trages. En 2007, il se fait remarquer avec \u00ab\u00a0<strong>Je suis femmosexuel&#8230; et toi ?<\/strong>\u00ab\u00a0, une petite fable romantique avec <em>Arthur Jugnot<\/em> et <em>Alyson Paradis<\/em>, film\u00e9e en noir et blanc. Petit \u00e0 petit, il continue \u00e0 travailler de son c\u00f4t\u00e9, et c&rsquo;est en 2014 que tout change pour lui, avec \u00ab\u00a0<strong>Baby Phone<\/strong>\u00ab\u00a0, qui est son cinqui\u00e8me court-m\u00e9trage, qui se fera grandement remarquer \u00e0 travers le monde. Il sera m\u00eame prim\u00e9 au Los Angeles Comedy Festival. D&rsquo;ailleurs, ce court-m\u00e9trage sera alors son premier long, puisque <em>Olivier Casas<\/em> adaptera son id\u00e9e sur un film d&rsquo;une heure et demie.<\/p>\n\n\n<div class=\"wp-block-image\">\n<figure class=\"aligncenter size-large is-resized\"><img src=\"https:\/\/fr.web.img3.acsta.net\/r_1920_1080\/pictures\/24\/02\/08\/16\/01\/1903769.jpg\" alt=\"\" width=\"600\"\/><\/figure><\/div>\n\n\n<p>Si son premier film \u00e9tait une com\u00e9die, apr\u00e8s sept ann\u00e9es d&rsquo;absence, <em>Olivier Casas<\/em> change son fusil d&rsquo;\u00e9paule et il revient avec un drame, adapt\u00e9 d&rsquo;une d&rsquo;histoire aussi incroyable qu&rsquo;elle est vraie. \u00ab\u00a0<strong>Fr\u00e8res<\/strong>\u00a0\u00bb est un film qui s&rsquo;arr\u00eate sur les maux de l&rsquo;enfance et comment ces derniers peuvent affecter une vie d&rsquo;adulte. Superbe dans son histoire, aussi bien que dans sa r\u00e9alisation, \u00ab\u00a0<strong>Fr\u00e8res<\/strong>\u00a0\u00bb est un film qui m&rsquo;aura fait passer par tout un tas d&rsquo;\u00e9motions, au bout desquelles je suis ressorti de cette salle de cin\u00e9ma tr\u00e8s \u00e9mu.<\/p>\n\n\n\n<h2 class=\"has-text-align-center\">\u00ab\u00a0Dot\u00e9 d&rsquo;un sc\u00e9nario particuli\u00e8rement bien \u00e9crit.\u00a0\u00bb<\/h2>\n\n\n\n<p>Michel et Patrice sont deux fr\u00e8res qui approchent tous les deux de la cinquantaine. Michel et Patrice ont un secret qui les ronge depuis toujours, et si l&rsquo;un a r\u00e9ussi \u00e0 plus ou moins s&rsquo;adapter avec ce dernier, l&rsquo;autre a franchement du mal \u00e0 vivre. Lorsqu&rsquo;un jour, Patrice dispara\u00eet, Michel sait tr\u00e8s bien o\u00f9 le trouver et ce qu&rsquo;il a en t\u00eate. Alors pour aider son fr\u00e8re, Michel plaque tout et s&rsquo;envole pour le Canada, et c&rsquo;est l\u00e0, au milieu de nulle part, que les deux fr\u00e8res se sentent le mieux.<br><br>Moi qui aime beaucoup le cin\u00e9ma fran\u00e7ais, je dois dire que ce mois d&rsquo;Avril 2024 n&rsquo;a pas \u00e9t\u00e9 incroyable. Il m&rsquo;aura m\u00eame fallu attendre un bon bout de temps pour voir enfin l&rsquo;un de ses meilleurs. \u00ab\u00a0<strong>Fr\u00e8res<\/strong>\u00ab\u00a0, c&rsquo;est le deuxi\u00e8me long-m\u00e9trage d&rsquo;<em>Olivier Casas, <\/em>et le r\u00e9alisateur a choisi de s&rsquo;arr\u00eater sur une histoire incroyablement vraie. Une histoire dense, qui porte en elle beaucoup de sujets. Une histoire qui parle des blessures de l&rsquo;enfance, des relations entre fr\u00e8res, mais aussi du chaos que fut l&rsquo;apr\u00e8s Seconde Guerre mondiale.<\/p>\n\n\n\n<p>Par un terrible concours de circonstance, deux enfants se retrouvent \u00e0 fuir la civilisation et se cachent en for\u00eat. Ces petits bouts de choux, \u00e2g\u00e9s de cinq et sept ans, vont vivre sept ann\u00e9es seuls en for\u00eat. Ce drame, qui est le fruit de l&rsquo;\u00e9go\u00efsme d&rsquo;une m\u00e8re, va bousculer leur vie pour toujours. Dot\u00e9 d&rsquo;un sc\u00e9nario particuli\u00e8rement bien \u00e9crit, \u00ab\u00a0<strong>Fr\u00e8res<\/strong>\u00a0\u00bb est un film qui nous invite \u00e0 suivre l&rsquo;histoire de Michel et Patrice \u00e0 deux p\u00e9riodes de leur vie. En deux timelines, <em>Olivier Casas<\/em> nous raconte cette \u00e9chapp\u00e9e belle en for\u00eat, avec ses difficult\u00e9s \u00e9videmment, mais aussi ses moments de joie et de pur bonheur, et sur une autre ligne, il nous raconte, quarante ans plus tard, ces deux adultes qui essaient de composer avec le secret bien gard\u00e9 de cette enfance qu&rsquo;ils n&rsquo;ont jamais pu raconter.<\/p>\n\n\n\n<h2 class=\"has-text-align-center\">\u00ab\u00a0\u00a0\u00bb<strong>Fr\u00e8res<\/strong>\u00a0\u00bb nous attrape et jamais ne nous l\u00e2che.\u00a0\u00bb<\/h2>\n\n\n\n<p>Faisant tr\u00e8s logiquement des allers-retours entre pr\u00e9sent et pass\u00e9, l\u2019heure quarante-cinq que dure \u00ab\u00a0<strong>Fr\u00e8res<\/strong>\u00a0\u00bb nous attrape et jamais ne nous l\u00e2che. Beau, romanesque, tr\u00e8s touchant, parcouru d&rsquo;envol\u00e9es avec des rires d&rsquo;enfants, puis d&rsquo;un coup, capable de faire un virage \u00e0 180 degr\u00e9s pour revenir avec les maux d&rsquo;adultes, avec les larmes des adultes. Le film est parfaitement ma\u00eetris\u00e9 dans ce qu&rsquo;il raconte et comment il raconte cette histoire. Alors, c&rsquo;est vrai que malheureusement, certains points sont pr\u00e9visibles, mais c&rsquo;est aussi l&rsquo;intrigue et les \u00e9v\u00e9nements qui veulent cela, et l&rsquo;on ne pas passer \u00e0 c\u00f4t\u00e9 des \u00e9v\u00e9nements qui sont li\u00e9s \u00e0 cette histoire.<br><br>\u00ab\u00a0<strong>Fr\u00e8res<\/strong>\u00ab\u00a0, c&rsquo;est aussi un film qui est particuli\u00e8rement bien tenu par six com\u00e9diens qui sont tout bonnement excellents. Comme je le disais, les rires d&rsquo;enfants et les larmes des adultes sont li\u00e9s par le plus terrible des drames, et pour donner corps et \u00e9motions \u00e0 cela, on pourra compter sur <em>Victor Escoud\u00e9-Oury<\/em>, <em>Enzo Bonnet<\/em>, <em>Viggo Ferreira-Redier<\/em> et <em>Fernand Texier<\/em>, qui incarnent ces deux fr\u00e8res \u00e0 diff\u00e9rents \u00e2ges. Et du c\u00f4t\u00e9 des adultes, <em>Yvan Attal<\/em> et <em>Mathieu Kassovitz<\/em> sont bouleversants.<br><br>Du c\u00f4t\u00e9 de l&rsquo;image, \u00ab\u00a0<strong>Fr\u00e8res<\/strong>\u00a0\u00bb est aussi un film tr\u00e8s ma\u00eetris\u00e9, avec une superbe photographie qui s&rsquo;adapte parfaitement aux lieux et aux \u00e9poques. Avec \u00e7a, l&rsquo;id\u00e9e simple d&rsquo;une voix off, celle d&rsquo;<em>Yvan Attal<\/em> qui incarne Michel, de sa simple existence, spoile certaines choses, mais au-del\u00e0 de \u00e7a, elle fonctionne bien et apporte beaucoup d&rsquo;\u00e9motions. \u00c9motions qui se retrouvent aussi avec la tr\u00e8s belle BO qui est en partie compos\u00e9e par <em>Olivier Casas<\/em> lui-m\u00eame. Puis il y a le montage, qui fonctionne parfaitement, oscillant avec intelligence entre les \u00e9motions, pour mieux construire et raconter ces personnages, l&rsquo;amour qui les unit, mais aussi ce secret qui les ronge.<\/p>\n\n\n<div class=\"wp-block-image\">\n<figure class=\"aligncenter size-large is-resized\"><img src=\"https:\/\/fr.web.img3.acsta.net\/r_1920_1080\/pictures\/24\/03\/15\/09\/38\/4338822.jpg\" alt=\"\" width=\"600\"\/><\/figure><\/div>\n\n\n<p>Pour son deuxi\u00e8me film, <em>Olivier Casas<\/em> fait fort, nous entra\u00eenant dans un film et une histoire bouleversante. Beau et intense, aussi solaire qu&rsquo;il peut \u00eatre sombre, \u00ab\u00a0Fr\u00e8res\u00a0\u00bb est un r\u00e9cit assez incroyable, qui est intense et riche dans ce qu&rsquo;il raconte. Tenu par des acteurs superbes dans leurs r\u00f4les, tenu par une mise en sc\u00e8ne qui a tr\u00e8s bien compris comment raconter cette histoire sordide, \u00ab\u00a0<strong>Fr\u00e8res<\/strong>\u00a0\u00bb est assur\u00e9ment le plus beau film fran\u00e7ais de ce mois d&rsquo;Avril 2024.<\/p>\n\n\n\n<p><strong>Note&nbsp;: 15,5\/20<\/strong><strong><\/strong><\/p>\n\n\n\n<figure class=\"wp-block-embed is-type-video is-provider-youtube wp-block-embed-youtube wp-embed-aspect-16-9 wp-has-aspect-ratio\"><div class=\"wp-block-embed__wrapper\">\n<iframe loading=\"lazy\" title=\"FR\u00c8RES Bande Annonce (2024) Mathieu Kassovitz, Yvan Attal\" width=\"1200\" height=\"675\" src=\"https:\/\/www.youtube.com\/embed\/5p03qo8KP2A?feature=oembed\" frameborder=\"0\" allow=\"accelerometer; autoplay; clipboard-write; encrypted-media; gyroscope; picture-in-picture; web-share\" referrerpolicy=\"strict-origin-when-cross-origin\" allowfullscreen><\/iframe>\n<\/div><\/figure>\n\n\n\n<p class=\"has-text-align-right\">Par <strong>Cin\u00e9ted<\/strong><\/p>\n","protected":false},"excerpt":{"rendered":"<p>De&nbsp;: Olivier Casas Avec Mathieu Kassovitz, Yvan Attal, Alma Jodorowsky, Victor Escoud\u00e9-Oury Ann\u00e9e&nbsp;: 2024 Pays&nbsp;: France Genre&nbsp;: Drame R\u00e9sum\u00e9&nbsp;: L\u2019histoire vraie de deux petits gar\u00e7ons &hellip; <\/p>\n","protected":false},"author":4,"featured_media":73850,"comment_status":"open","ping_status":"open","sticky":false,"template":"","format":"standard","meta":[],"categories":[7],"tags":[],"yoast_head":"<!-- This site is optimized with the Yoast SEO plugin v19.6.1 - https:\/\/yoast.com\/wordpress\/plugins\/seo\/ -->\n<title>Fr\u00e8res - L&#039;Amour Fraternel - Lavisqteam.fr<\/title>\n<meta name=\"robots\" content=\"index, follow, max-snippet:-1, max-image-preview:large, max-video-preview:-1\" \/>\n<link rel=\"canonical\" href=\"https:\/\/www.lavisqteam.fr\/?p=73849\" \/>\n<meta property=\"og:locale\" content=\"fr_FR\" \/>\n<meta property=\"og:type\" content=\"article\" \/>\n<meta property=\"og:title\" content=\"Fr\u00e8res - L&#039;Amour Fraternel - Lavisqteam.fr\" \/>\n<meta property=\"og:description\" content=\"De&nbsp;: Olivier Casas Avec Mathieu Kassovitz, Yvan Attal, Alma Jodorowsky, Victor Escoud\u00e9-Oury Ann\u00e9e&nbsp;: 2024 Pays&nbsp;: France Genre&nbsp;: Drame R\u00e9sum\u00e9&nbsp;: L\u2019histoire vraie de deux petits gar\u00e7ons &hellip;\" \/>\n<meta property=\"og:url\" content=\"https:\/\/www.lavisqteam.fr\/?p=73849\" \/>\n<meta property=\"og:site_name\" content=\"Lavisqteam.fr\" \/>\n<meta property=\"article:published_time\" content=\"2024-05-09T09:01:06+00:00\" \/>\n<meta property=\"article:modified_time\" content=\"2024-05-09T09:01:09+00:00\" \/>\n<meta property=\"og:image\" content=\"https:\/\/www.lavisqteam.fr\/wp-content\/uploads\/2024\/05\/frer.jpg\" \/>\n\t<meta property=\"og:image:width\" content=\"727\" \/>\n\t<meta property=\"og:image:height\" content=\"395\" \/>\n\t<meta property=\"og:image:type\" content=\"image\/jpeg\" \/>\n<meta name=\"author\" content=\"Cineted\" \/>\n<meta name=\"twitter:card\" content=\"summary_large_image\" \/>\n<meta name=\"twitter:image\" content=\"https:\/\/www.lavisqteam.fr\/wp-content\/uploads\/2024\/05\/frer.jpg\" \/>\n<meta name=\"twitter:label1\" content=\"\u00c9crit par\" \/>\n\t<meta name=\"twitter:data1\" content=\"Cineted\" \/>\n\t<meta name=\"twitter:label2\" content=\"Dur\u00e9e de lecture estim\u00e9e\" \/>\n\t<meta name=\"twitter:data2\" content=\"6 minutes\" \/>\n<script type=\"application\/ld+json\" class=\"yoast-schema-graph\">{\"@context\":\"https:\/\/schema.org\",\"@graph\":[{\"@type\":\"Article\",\"@id\":\"https:\/\/www.lavisqteam.fr\/?p=73849#article\",\"isPartOf\":{\"@id\":\"https:\/\/www.lavisqteam.fr\/?p=73849\"},\"author\":{\"name\":\"Cineted\",\"@id\":\"https:\/\/www.lavisqteam.fr\/#\/schema\/person\/4ed7295b68bc3daae9094db5f1f9f913\"},\"headline\":\"Fr\u00e8res &#8211; L&rsquo;Amour Fraternel\",\"datePublished\":\"2024-05-09T09:01:06+00:00\",\"dateModified\":\"2024-05-09T09:01:09+00:00\",\"mainEntityOfPage\":{\"@id\":\"https:\/\/www.lavisqteam.fr\/?p=73849\"},\"wordCount\":1120,\"commentCount\":0,\"publisher\":{\"@id\":\"https:\/\/www.lavisqteam.fr\/#organization\"},\"articleSection\":[\"Cin\u00e9ma\"],\"inLanguage\":\"fr-FR\",\"potentialAction\":[{\"@type\":\"CommentAction\",\"name\":\"Comment\",\"target\":[\"https:\/\/www.lavisqteam.fr\/?p=73849#respond\"]}]},{\"@type\":\"WebPage\",\"@id\":\"https:\/\/www.lavisqteam.fr\/?p=73849\",\"url\":\"https:\/\/www.lavisqteam.fr\/?p=73849\",\"name\":\"Fr\u00e8res - L'Amour Fraternel - Lavisqteam.fr\",\"isPartOf\":{\"@id\":\"https:\/\/www.lavisqteam.fr\/#website\"},\"datePublished\":\"2024-05-09T09:01:06+00:00\",\"dateModified\":\"2024-05-09T09:01:09+00:00\",\"breadcrumb\":{\"@id\":\"https:\/\/www.lavisqteam.fr\/?p=73849#breadcrumb\"},\"inLanguage\":\"fr-FR\",\"potentialAction\":[{\"@type\":\"ReadAction\",\"target\":[\"https:\/\/www.lavisqteam.fr\/?p=73849\"]}]},{\"@type\":\"BreadcrumbList\",\"@id\":\"https:\/\/www.lavisqteam.fr\/?p=73849#breadcrumb\",\"itemListElement\":[{\"@type\":\"ListItem\",\"position\":1,\"name\":\"Accueil\",\"item\":\"https:\/\/www.lavisqteam.fr\/\"},{\"@type\":\"ListItem\",\"position\":2,\"name\":\"Fr\u00e8res &#8211; L&rsquo;Amour Fraternel\"}]},{\"@type\":\"WebSite\",\"@id\":\"https:\/\/www.lavisqteam.fr\/#website\",\"url\":\"https:\/\/www.lavisqteam.fr\/\",\"name\":\"Lavisqteam.fr\",\"description\":\"\",\"publisher\":{\"@id\":\"https:\/\/www.lavisqteam.fr\/#organization\"},\"potentialAction\":[{\"@type\":\"SearchAction\",\"target\":{\"@type\":\"EntryPoint\",\"urlTemplate\":\"https:\/\/www.lavisqteam.fr\/?s={search_term_string}\"},\"query-input\":\"required name=search_term_string\"}],\"inLanguage\":\"fr-FR\"},{\"@type\":\"Organization\",\"@id\":\"https:\/\/www.lavisqteam.fr\/#organization\",\"name\":\"Lavisqteam.fr\",\"url\":\"https:\/\/www.lavisqteam.fr\/\",\"sameAs\":[],\"logo\":{\"@type\":\"ImageObject\",\"inLanguage\":\"fr-FR\",\"@id\":\"https:\/\/www.lavisqteam.fr\/#\/schema\/logo\/image\/\",\"url\":\"https:\/\/www.lavisqteam.fr\/wp-content\/uploads\/2020\/08\/cropped-80879545_3479261675449035_4078032831501041664_o-4.jpg\",\"contentUrl\":\"https:\/\/www.lavisqteam.fr\/wp-content\/uploads\/2020\/08\/cropped-80879545_3479261675449035_4078032831501041664_o-4.jpg\",\"width\":1674,\"height\":536,\"caption\":\"Lavisqteam.fr\"},\"image\":{\"@id\":\"https:\/\/www.lavisqteam.fr\/#\/schema\/logo\/image\/\"}},{\"@type\":\"Person\",\"@id\":\"https:\/\/www.lavisqteam.fr\/#\/schema\/person\/4ed7295b68bc3daae9094db5f1f9f913\",\"name\":\"Cineted\",\"image\":{\"@type\":\"ImageObject\",\"inLanguage\":\"fr-FR\",\"@id\":\"https:\/\/www.lavisqteam.fr\/#\/schema\/person\/image\/\",\"url\":\"https:\/\/secure.gravatar.com\/avatar\/2d66d0012368c91013200ba69885bddd?s=96&d=mm&r=g\",\"contentUrl\":\"https:\/\/secure.gravatar.com\/avatar\/2d66d0012368c91013200ba69885bddd?s=96&d=mm&r=g\",\"caption\":\"Cineted\"},\"url\":\"https:\/\/www.lavisqteam.fr\/?author=4\"}]}<\/script>\n<!-- \/ Yoast SEO plugin. -->","yoast_head_json":{"title":"Fr\u00e8res - L'Amour Fraternel - Lavisqteam.fr","robots":{"index":"index","follow":"follow","max-snippet":"max-snippet:-1","max-image-preview":"max-image-preview:large","max-video-preview":"max-video-preview:-1"},"canonical":"https:\/\/www.lavisqteam.fr\/?p=73849","og_locale":"fr_FR","og_type":"article","og_title":"Fr\u00e8res - L'Amour Fraternel - Lavisqteam.fr","og_description":"De&nbsp;: Olivier Casas Avec Mathieu Kassovitz, Yvan Attal, Alma Jodorowsky, Victor Escoud\u00e9-Oury Ann\u00e9e&nbsp;: 2024 Pays&nbsp;: France Genre&nbsp;: Drame R\u00e9sum\u00e9&nbsp;: L\u2019histoire vraie de deux petits gar\u00e7ons &hellip;","og_url":"https:\/\/www.lavisqteam.fr\/?p=73849","og_site_name":"Lavisqteam.fr","article_published_time":"2024-05-09T09:01:06+00:00","article_modified_time":"2024-05-09T09:01:09+00:00","og_image":[{"width":727,"height":395,"url":"https:\/\/www.lavisqteam.fr\/wp-content\/uploads\/2024\/05\/frer.jpg","type":"image\/jpeg"}],"author":"Cineted","twitter_card":"summary_large_image","twitter_image":"https:\/\/www.lavisqteam.fr\/wp-content\/uploads\/2024\/05\/frer.jpg","twitter_misc":{"\u00c9crit par":"Cineted","Dur\u00e9e de lecture estim\u00e9e":"6 minutes"},"schema":{"@context":"https:\/\/schema.org","@graph":[{"@type":"Article","@id":"https:\/\/www.lavisqteam.fr\/?p=73849#article","isPartOf":{"@id":"https:\/\/www.lavisqteam.fr\/?p=73849"},"author":{"name":"Cineted","@id":"https:\/\/www.lavisqteam.fr\/#\/schema\/person\/4ed7295b68bc3daae9094db5f1f9f913"},"headline":"Fr\u00e8res &#8211; L&rsquo;Amour Fraternel","datePublished":"2024-05-09T09:01:06+00:00","dateModified":"2024-05-09T09:01:09+00:00","mainEntityOfPage":{"@id":"https:\/\/www.lavisqteam.fr\/?p=73849"},"wordCount":1120,"commentCount":0,"publisher":{"@id":"https:\/\/www.lavisqteam.fr\/#organization"},"articleSection":["Cin\u00e9ma"],"inLanguage":"fr-FR","potentialAction":[{"@type":"CommentAction","name":"Comment","target":["https:\/\/www.lavisqteam.fr\/?p=73849#respond"]}]},{"@type":"WebPage","@id":"https:\/\/www.lavisqteam.fr\/?p=73849","url":"https:\/\/www.lavisqteam.fr\/?p=73849","name":"Fr\u00e8res - L'Amour Fraternel - Lavisqteam.fr","isPartOf":{"@id":"https:\/\/www.lavisqteam.fr\/#website"},"datePublished":"2024-05-09T09:01:06+00:00","dateModified":"2024-05-09T09:01:09+00:00","breadcrumb":{"@id":"https:\/\/www.lavisqteam.fr\/?p=73849#breadcrumb"},"inLanguage":"fr-FR","potentialAction":[{"@type":"ReadAction","target":["https:\/\/www.lavisqteam.fr\/?p=73849"]}]},{"@type":"BreadcrumbList","@id":"https:\/\/www.lavisqteam.fr\/?p=73849#breadcrumb","itemListElement":[{"@type":"ListItem","position":1,"name":"Accueil","item":"https:\/\/www.lavisqteam.fr\/"},{"@type":"ListItem","position":2,"name":"Fr\u00e8res &#8211; L&rsquo;Amour Fraternel"}]},{"@type":"WebSite","@id":"https:\/\/www.lavisqteam.fr\/#website","url":"https:\/\/www.lavisqteam.fr\/","name":"Lavisqteam.fr","description":"","publisher":{"@id":"https:\/\/www.lavisqteam.fr\/#organization"},"potentialAction":[{"@type":"SearchAction","target":{"@type":"EntryPoint","urlTemplate":"https:\/\/www.lavisqteam.fr\/?s={search_term_string}"},"query-input":"required name=search_term_string"}],"inLanguage":"fr-FR"},{"@type":"Organization","@id":"https:\/\/www.lavisqteam.fr\/#organization","name":"Lavisqteam.fr","url":"https:\/\/www.lavisqteam.fr\/","sameAs":[],"logo":{"@type":"ImageObject","inLanguage":"fr-FR","@id":"https:\/\/www.lavisqteam.fr\/#\/schema\/logo\/image\/","url":"https:\/\/www.lavisqteam.fr\/wp-content\/uploads\/2020\/08\/cropped-80879545_3479261675449035_4078032831501041664_o-4.jpg","contentUrl":"https:\/\/www.lavisqteam.fr\/wp-content\/uploads\/2020\/08\/cropped-80879545_3479261675449035_4078032831501041664_o-4.jpg","width":1674,"height":536,"caption":"Lavisqteam.fr"},"image":{"@id":"https:\/\/www.lavisqteam.fr\/#\/schema\/logo\/image\/"}},{"@type":"Person","@id":"https:\/\/www.lavisqteam.fr\/#\/schema\/person\/4ed7295b68bc3daae9094db5f1f9f913","name":"Cineted","image":{"@type":"ImageObject","inLanguage":"fr-FR","@id":"https:\/\/www.lavisqteam.fr\/#\/schema\/person\/image\/","url":"https:\/\/secure.gravatar.com\/avatar\/2d66d0012368c91013200ba69885bddd?s=96&d=mm&r=g","contentUrl":"https:\/\/secure.gravatar.com\/avatar\/2d66d0012368c91013200ba69885bddd?s=96&d=mm&r=g","caption":"Cineted"},"url":"https:\/\/www.lavisqteam.fr\/?author=4"}]}},"jetpack_featured_media_url":"https:\/\/www.lavisqteam.fr\/wp-content\/uploads\/2024\/05\/frer.jpg","_links":{"self":[{"href":"https:\/\/www.lavisqteam.fr\/index.php?rest_route=\/wp\/v2\/posts\/73849"}],"collection":[{"href":"https:\/\/www.lavisqteam.fr\/index.php?rest_route=\/wp\/v2\/posts"}],"about":[{"href":"https:\/\/www.lavisqteam.fr\/index.php?rest_route=\/wp\/v2\/types\/post"}],"author":[{"embeddable":true,"href":"https:\/\/www.lavisqteam.fr\/index.php?rest_route=\/wp\/v2\/users\/4"}],"replies":[{"embeddable":true,"href":"https:\/\/www.lavisqteam.fr\/index.php?rest_route=%2Fwp%2Fv2%2Fcomments&post=73849"}],"version-history":[{"count":1,"href":"https:\/\/www.lavisqteam.fr\/index.php?rest_route=\/wp\/v2\/posts\/73849\/revisions"}],"predecessor-version":[{"id":73851,"href":"https:\/\/www.lavisqteam.fr\/index.php?rest_route=\/wp\/v2\/posts\/73849\/revisions\/73851"}],"wp:featuredmedia":[{"embeddable":true,"href":"https:\/\/www.lavisqteam.fr\/index.php?rest_route=\/wp\/v2\/media\/73850"}],"wp:attachment":[{"href":"https:\/\/www.lavisqteam.fr\/index.php?rest_route=%2Fwp%2Fv2%2Fmedia&parent=73849"}],"wp:term":[{"taxonomy":"category","embeddable":true,"href":"https:\/\/www.lavisqteam.fr\/index.php?rest_route=%2Fwp%2Fv2%2Fcategories&post=73849"},{"taxonomy":"post_tag","embeddable":true,"href":"https:\/\/www.lavisqteam.fr\/index.php?rest_route=%2Fwp%2Fv2%2Ftags&post=73849"}],"curies":[{"name":"wp","href":"https:\/\/api.w.org\/{rel}","templated":true}]}}