{"id":73176,"date":"2024-02-28T17:44:47","date_gmt":"2024-02-28T17:44:47","guid":{"rendered":"https:\/\/www.lavisqteam.fr\/?p=73176"},"modified":"2024-05-01T08:31:27","modified_gmt":"2024-05-01T08:31:27","slug":"debacle-quand-les-traumas-denfance-refont-surface","status":"publish","type":"post","link":"https:\/\/www.lavisqteam.fr\/?p=73176","title":{"rendered":"D\u00e9b\u00e2cle &#8211; Quand les Traumas d&rsquo;Enfance Refont Surface"},"content":{"rendered":"<div class=\"wp-block-image\">\n<figure class=\"aligncenter size-large is-resized\"><img src=\"https:\/\/fr.web.img5.acsta.net\/r_1920_1080\/pictures\/23\/10\/31\/17\/02\/2043578.jpg\" alt=\"\" width=\"600\"\/><\/figure><\/div>\n\n\n<p><strong>Titre Original&nbsp;: <\/strong>Het Smelt<\/p>\n\n\n\n<p><strong>De&nbsp;: <\/strong>Veerle Baetens<\/p>\n\n\n\n<p><strong>Avec <\/strong>Charlotte De Bruyne, Rosa Marchant, Amber Metdepenningen, Matthijs Meertens<\/p>\n\n\n\n<p><strong>Ann\u00e9e&nbsp;: <\/strong>2024<\/p>\n\n\n\n<p><strong>Pays&nbsp;: <\/strong>Belgique, Pays-Bas<\/p>\n\n\n\n<p><strong>Genre&nbsp;: <\/strong>Drame<\/p>\n\n\n\n<p><strong>R\u00e9sum\u00e9&nbsp;:<\/strong><\/p>\n\n\n\n<p>De nombreuses ann\u00e9es apr\u00e8s cet \u00e9t\u00e9 o\u00f9 tout a bascul\u00e9, Eva retourne pour la premi\u00e8re fois dans son village natal avec un \u00e9norme bloc de glace dans son coffre, bien d\u00e9termin\u00e9e \u00e0 affronter son pass\u00e9.<\/p>\n\n\n\n<p><strong>Avis&nbsp;:<\/strong><\/p>\n\n\n\n<p><em>Veerle Baetens<\/em> est une actrice belge qui s&rsquo;est faite grandement remarquer en 2012 avec \u00ab\u00a0<strong><a href=\"https:\/\/www.lavisqteam.fr\/?p=4527\">Alabama Monroe<\/a><\/strong>\u00ab\u00a0. L&rsquo;actrice avait d\u00e9j\u00e0 une belle carri\u00e8re derri\u00e8re elle, avec pour commencer du th\u00e9\u00e2tre, puis de petits r\u00f4les \u00e0 la t\u00e9l\u00e9vision, avant de passer au cin\u00e9ma et de petit \u00e0 petit grimper les \u00e9chelons, pour arriver jusqu&rsquo;au film de <em>Felix Van Groeningen<\/em> et ce r\u00f4le d&rsquo;\u00c9lise, chanteuse de Bluegrass, amoureuse et m\u00e8re d&rsquo;une petite fille. Depuis ce film, <em>Veerle Baetens<\/em> conna\u00eet une tr\u00e8s belle carri\u00e8re, et elle a tourn\u00e9 pour des r\u00e9alisateurs comme <em>Robin Pront<\/em>, <em>Dominik Moll<\/em>, <em>J\u00e9r\u00e9mie Guez<\/em>, <em>\u00c9douard Bergeon<\/em>, ou encore <em>Guillaume Nicloux<\/em>.<\/p>\n\n\n<div class=\"wp-block-image\">\n<figure class=\"aligncenter size-large is-resized\"><img src=\"https:\/\/fr.web.img6.acsta.net\/r_1920_1080\/pictures\/23\/11\/21\/14\/14\/4769844.jpg\" alt=\"\" width=\"600\"\/><\/figure><\/div>\n\n\n<p>Apr\u00e8s avoir fait un test en 2017 du c\u00f4t\u00e9 de la s\u00e9rie t\u00e9l\u00e9, o\u00f9 elle prend le poste de Showrunner avec la s\u00e9rie \u00ab\u00a0<strong>Tabula Rosa<\/strong>\u00ab\u00a0, voici que <em>Veerle Baetens<\/em> s&rsquo;essaie \u00e0 un nouveau poste, ou plut\u00f4t de nouveaux postes, puisqu&rsquo;avec \u00ab\u00a0<strong>D\u00e9b\u00e2cle<\/strong>\u00ab\u00a0, elle prend le r\u00f4le de r\u00e9alisatrice, mais aussi celui de sc\u00e9nariste. Adapt\u00e9 d&rsquo;un roman de <em>Lize Spit<\/em>, ce premier film de <em>Veerle Baetens<\/em> se pose comme l&rsquo;un des plus forts de cette semaine. Quelque peu longuet \u00e0 se lancer, quand cette intrigante histoire aura r\u00e9ussi \u00e0 nous attraper, la r\u00e9alisatrice ne va plus nous l\u00e2cher, et pire encore, elle ne va faire qu&rsquo;accentuer son film, pour aller vers ce final aussi triste que gla\u00e7ant et d\u00e9vastateur !<\/p>\n\n\n\n<h2 class=\"has-text-align-center\">\u00ab\u00a0<em>Veerle Baetens<\/em> sait tr\u00e8s bien o\u00f9 amener sa barque.\u00a0\u00bb<\/h2>\n\n\n\n<p>Il y a un \u00e9t\u00e9 qui a tout chang\u00e9 pour Eva. Depuis cet \u00e9t\u00e9, Eva est partie et elle n&rsquo;est jamais revenue dans son village natal. Mais cet hiver-l\u00e0, il y a une comm\u00e9moration qui est organis\u00e9e, et Eva revient alors dans ce village, bien d\u00e9cid\u00e9e \u00e0 affronter son pass\u00e9.<br><br>Le moins que l&rsquo;on puisse dire, c&rsquo;est que pour son premier film en tant que cin\u00e9aste, <em>Veerle Baetens<\/em> n&rsquo;a pas choisi la facilit\u00e9, nous entra\u00eenant dans un film qui s&rsquo;apparente beaucoup \u00e0 un thriller psychologique. La r\u00e9alisatrice a fait ce film \u00ab\u00a0&#8211; pour tous ceux qui enfouissent une douleur au plus profond d&rsquo;eux-m\u00eames, \u00e0 un endroit o\u00f9 personne ne pourra les deviner et d\u2019o\u00f9 elles les d\u00e9vorent peu \u00e0 peu\u00a0\u00bb, et il est vrai que \u00ab\u00a0<strong>D\u00e9b\u00e2cle<\/strong>\u00a0\u00bb raconte parfaitement cela.<\/p>\n\n\n\n<p>Construit de mani\u00e8re tr\u00e8s classique avec un montage qui oscille entre pr\u00e9sent et pass\u00e9 afin de nous faire d\u00e9couvrir son personnage principal de nos jours, grignot\u00e9 par la douleur, et le personnage principal plus jeune, qui va aller vers ce moment fatidique on ne peut plus horrible, comme je le disais en d\u00e9but de texte, \u00ab\u00a0<strong>D\u00e9b\u00e2cle<\/strong>\u00a0\u00bb est un film qui a un peu de mal \u00e0 se lancer. Un peu comme s\u2019il se fait h\u00e9sitant, ou qu&rsquo;il ne savait pas comment aller vers son sujet et son histoire. Ainsi, le d\u00e9but se fait un peu longuet, mais \u00e7a, c&rsquo;\u00e9tait presque un leurre, car <em>Veerle Baetens<\/em> sait tr\u00e8s bien o\u00f9 amener sa barque, et petit \u00e0 petit, son film se fait de plus en plus fluide, et surtout son histoire, qui s\u00e8me de petits d\u00e9tails ici et l\u00e0, nous attrape, et une fois ceci fait, \u00ab\u00a0<strong>D\u00e9b\u00e2cle<\/strong>\u00a0\u00bb ne nous l\u00e2chera plus.<\/p>\n\n\n\n<h2 class=\"has-text-align-center\">\u00ab\u00a0Les deux actrices sont incroyables et sid\u00e9rantes.\u00a0\u00bb<\/h2>\n\n\n\n<p>Pire encore, comme je le disais, plus l&rsquo;intrigue avance, plus elle se d\u00e9voile, et plus elle se fait incroyable, virant au drame psychologique d&rsquo;une duret\u00e9 absolue. Le sc\u00e9nario r\u00e9sonne dans ces deux \u00e9poques comme un pi\u00e8ge duquel il va \u00eatre impossible de ne pas se laisser entra\u00eener, et ce qui va \u00eatre le plus terrible avec cette histoire, c&rsquo;est le fait qu&rsquo;elle laisse entrevoir le pire. Un pire que l&rsquo;on ne veut pas voir se r\u00e9aliser, et quand ce dernier se produit, il se fait encore plus perturbant, plus choquant et d\u00e9vastateur que \u00ab\u00a0pr\u00e9vu\u00a0\u00bb. En fait, on a l&rsquo;impression d&rsquo;avoir \u00e9t\u00e9 impuissant \u00e0 la vision de cette histoire et la destin\u00e9e de ces personnages.<\/p>\n\n\n\n<p><em>Renaud<\/em> chante dans \u00ab\u00a0<em>Mistral gagnant<\/em>\u00a0\u00bb&nbsp;: \u00ab\u00a0&#8211; Te raconter, enfin, qu&rsquo;il faut aimer la vie. L&rsquo;aimer m\u00eame si le temps est assassin et emporte avec lui, les rires des enfants\u00a0\u00bb. Et en un sens, le film de <em>Veerle Baetens<\/em> me fait penser \u00e0 la fin de cette chanson. Ces paroles s&rsquo;en font l&rsquo;\u00e9cho, et ce film reste dans nos esprits, et il continuera m\u00eame son \u0153uvre, tant son histoire est terrible et ces personnages, tellement touchants. Des personnages qui sont parfaitement incarn\u00e9s par de jeunes com\u00e9diens que l&rsquo;on d\u00e9couvre avec plaisir, malgr\u00e9 l&rsquo;horreur de cette histoire. Si <em>Anthony Vyt<\/em>, <em>Matthijs Meertens<\/em>, ou encore <em>Sebastien Dewaele<\/em> et <em>Naomi Velissariou<\/em> sont tr\u00e8s bons, il est vrai que \u00ab\u00a0<strong>D\u00e9b\u00e2cle<\/strong>\u00ab\u00a0, c&rsquo;est surtout <em>Charlotte de Bryne<\/em> et<em> Rosa Marchant <\/em>qui incarnent le m\u00eame personnage \u00e0 deux \u00e2ges diff\u00e9rents. Les deux actrices sont incroyables et sid\u00e9rantes de bout en bout de film, et il va \u00eatre difficile de ne pas \u00eatre secou\u00e9 par leur histoire.<\/p>\n\n\n<div class=\"wp-block-image\">\n<figure class=\"aligncenter size-large is-resized\"><img src=\"https:\/\/fr.web.img6.acsta.net\/r_1920_1080\/pictures\/23\/11\/21\/14\/14\/4787005.jpg\" alt=\"\" width=\"600\"\/><\/figure><\/div>\n\n\n<p>Ce premier film pour <em>Veerle Baetens<\/em> se pose donc une totale r\u00e9ussite, et \u00e7a, m\u00eame s\u2019il a du mal \u00e0 se mettre en place. Avec ce film, l&rsquo;actrice et r\u00e9alisatrice s&rsquo;attaque aux traumatismes de l&rsquo;enfance et livre un film gla\u00e7ant, qui ne fait aucune concession quant \u00e0 son histoire et la destin\u00e9e de ses personnages. Si on a toujours h\u00e2te de voir <em>Veerle Baetens<\/em> en tant qu&rsquo;actrice, apr\u00e8s ce premier essai en tant que cin\u00e9aste, on a d\u00e9sormais h\u00e2te de voir ce qu&rsquo;elle pourrait nous proposer par la suite, car ici, on fait face \u00e0 une jeune r\u00e9alisatrice qui a des choses \u00e0 dire et \u00e0 raconter.<\/p>\n\n\n\n<p><strong>Note&nbsp;: 15\/20<\/strong><\/p>\n\n\n\n<figure class=\"wp-block-embed is-type-video is-provider-youtube wp-block-embed-youtube wp-embed-aspect-16-9 wp-has-aspect-ratio\"><div class=\"wp-block-embed__wrapper\">\n<iframe loading=\"lazy\" title=\"D\u00c9B\u00c2CLE - Bande Annonce\" width=\"1200\" height=\"675\" src=\"https:\/\/www.youtube.com\/embed\/K4s3Ax9Wk2s?feature=oembed\" frameborder=\"0\" allow=\"accelerometer; autoplay; clipboard-write; encrypted-media; gyroscope; picture-in-picture; web-share\" allowfullscreen><\/iframe>\n<\/div><\/figure>\n\n\n\n<p class=\"has-text-align-right\">Par <strong>Cin\u00e9ted<\/strong><\/p>\n","protected":false},"excerpt":{"rendered":"<p>Titre Original&nbsp;: Het Smelt De&nbsp;: Veerle Baetens Avec Charlotte De Bruyne, Rosa Marchant, Amber Metdepenningen, Matthijs Meertens Ann\u00e9e&nbsp;: 2024 Pays&nbsp;: Belgique, Pays-Bas Genre&nbsp;: Drame R\u00e9sum\u00e9&nbsp;: &hellip; <\/p>\n","protected":false},"author":4,"featured_media":73177,"comment_status":"open","ping_status":"open","sticky":false,"template":"","format":"standard","meta":[],"categories":[7],"tags":[],"yoast_head":"<!-- This site is optimized with the Yoast SEO plugin v19.6.1 - https:\/\/yoast.com\/wordpress\/plugins\/seo\/ -->\n<title>D\u00e9b\u00e2cle - Quand les Traumas d&#039;Enfance Refont Surface - Lavisqteam.fr<\/title>\n<meta name=\"robots\" content=\"index, follow, max-snippet:-1, max-image-preview:large, max-video-preview:-1\" \/>\n<link rel=\"canonical\" href=\"https:\/\/www.lavisqteam.fr\/?p=73176\" \/>\n<meta property=\"og:locale\" content=\"fr_FR\" \/>\n<meta property=\"og:type\" content=\"article\" \/>\n<meta property=\"og:title\" content=\"D\u00e9b\u00e2cle - Quand les Traumas d&#039;Enfance Refont Surface - Lavisqteam.fr\" \/>\n<meta property=\"og:description\" content=\"Titre Original&nbsp;: Het Smelt De&nbsp;: Veerle Baetens Avec Charlotte De Bruyne, Rosa Marchant, Amber Metdepenningen, Matthijs Meertens Ann\u00e9e&nbsp;: 2024 Pays&nbsp;: Belgique, Pays-Bas Genre&nbsp;: Drame R\u00e9sum\u00e9&nbsp;: &hellip;\" \/>\n<meta property=\"og:url\" content=\"https:\/\/www.lavisqteam.fr\/?p=73176\" \/>\n<meta property=\"og:site_name\" content=\"Lavisqteam.fr\" \/>\n<meta property=\"article:published_time\" content=\"2024-02-28T17:44:47+00:00\" \/>\n<meta property=\"article:modified_time\" content=\"2024-05-01T08:31:27+00:00\" \/>\n<meta property=\"og:image\" content=\"https:\/\/www.lavisqteam.fr\/wp-content\/uploads\/2024\/02\/deba.jpg\" \/>\n\t<meta property=\"og:image:width\" content=\"727\" \/>\n\t<meta property=\"og:image:height\" content=\"395\" \/>\n\t<meta property=\"og:image:type\" content=\"image\/jpeg\" \/>\n<meta name=\"author\" content=\"Cineted\" \/>\n<meta name=\"twitter:card\" content=\"summary_large_image\" \/>\n<meta name=\"twitter:image\" content=\"https:\/\/www.lavisqteam.fr\/wp-content\/uploads\/2024\/02\/deba.jpg\" \/>\n<meta name=\"twitter:label1\" content=\"\u00c9crit par\" \/>\n\t<meta name=\"twitter:data1\" content=\"Cineted\" \/>\n\t<meta name=\"twitter:label2\" content=\"Dur\u00e9e de lecture estim\u00e9e\" \/>\n\t<meta name=\"twitter:data2\" content=\"6 minutes\" \/>\n<script type=\"application\/ld+json\" class=\"yoast-schema-graph\">{\"@context\":\"https:\/\/schema.org\",\"@graph\":[{\"@type\":\"Article\",\"@id\":\"https:\/\/www.lavisqteam.fr\/?p=73176#article\",\"isPartOf\":{\"@id\":\"https:\/\/www.lavisqteam.fr\/?p=73176\"},\"author\":{\"name\":\"Cineted\",\"@id\":\"https:\/\/www.lavisqteam.fr\/#\/schema\/person\/4ed7295b68bc3daae9094db5f1f9f913\"},\"headline\":\"D\u00e9b\u00e2cle &#8211; Quand les Traumas d&rsquo;Enfance Refont Surface\",\"datePublished\":\"2024-02-28T17:44:47+00:00\",\"dateModified\":\"2024-05-01T08:31:27+00:00\",\"mainEntityOfPage\":{\"@id\":\"https:\/\/www.lavisqteam.fr\/?p=73176\"},\"wordCount\":1066,\"commentCount\":0,\"publisher\":{\"@id\":\"https:\/\/www.lavisqteam.fr\/#organization\"},\"articleSection\":[\"Cin\u00e9ma\"],\"inLanguage\":\"fr-FR\",\"potentialAction\":[{\"@type\":\"CommentAction\",\"name\":\"Comment\",\"target\":[\"https:\/\/www.lavisqteam.fr\/?p=73176#respond\"]}]},{\"@type\":\"WebPage\",\"@id\":\"https:\/\/www.lavisqteam.fr\/?p=73176\",\"url\":\"https:\/\/www.lavisqteam.fr\/?p=73176\",\"name\":\"D\u00e9b\u00e2cle - Quand les Traumas d'Enfance Refont Surface - Lavisqteam.fr\",\"isPartOf\":{\"@id\":\"https:\/\/www.lavisqteam.fr\/#website\"},\"datePublished\":\"2024-02-28T17:44:47+00:00\",\"dateModified\":\"2024-05-01T08:31:27+00:00\",\"breadcrumb\":{\"@id\":\"https:\/\/www.lavisqteam.fr\/?p=73176#breadcrumb\"},\"inLanguage\":\"fr-FR\",\"potentialAction\":[{\"@type\":\"ReadAction\",\"target\":[\"https:\/\/www.lavisqteam.fr\/?p=73176\"]}]},{\"@type\":\"BreadcrumbList\",\"@id\":\"https:\/\/www.lavisqteam.fr\/?p=73176#breadcrumb\",\"itemListElement\":[{\"@type\":\"ListItem\",\"position\":1,\"name\":\"Accueil\",\"item\":\"https:\/\/www.lavisqteam.fr\/\"},{\"@type\":\"ListItem\",\"position\":2,\"name\":\"D\u00e9b\u00e2cle &#8211; Quand les Traumas d&rsquo;Enfance Refont Surface\"}]},{\"@type\":\"WebSite\",\"@id\":\"https:\/\/www.lavisqteam.fr\/#website\",\"url\":\"https:\/\/www.lavisqteam.fr\/\",\"name\":\"Lavisqteam.fr\",\"description\":\"\",\"publisher\":{\"@id\":\"https:\/\/www.lavisqteam.fr\/#organization\"},\"potentialAction\":[{\"@type\":\"SearchAction\",\"target\":{\"@type\":\"EntryPoint\",\"urlTemplate\":\"https:\/\/www.lavisqteam.fr\/?s={search_term_string}\"},\"query-input\":\"required name=search_term_string\"}],\"inLanguage\":\"fr-FR\"},{\"@type\":\"Organization\",\"@id\":\"https:\/\/www.lavisqteam.fr\/#organization\",\"name\":\"Lavisqteam.fr\",\"url\":\"https:\/\/www.lavisqteam.fr\/\",\"sameAs\":[],\"logo\":{\"@type\":\"ImageObject\",\"inLanguage\":\"fr-FR\",\"@id\":\"https:\/\/www.lavisqteam.fr\/#\/schema\/logo\/image\/\",\"url\":\"https:\/\/www.lavisqteam.fr\/wp-content\/uploads\/2020\/08\/cropped-80879545_3479261675449035_4078032831501041664_o-4.jpg\",\"contentUrl\":\"https:\/\/www.lavisqteam.fr\/wp-content\/uploads\/2020\/08\/cropped-80879545_3479261675449035_4078032831501041664_o-4.jpg\",\"width\":1674,\"height\":536,\"caption\":\"Lavisqteam.fr\"},\"image\":{\"@id\":\"https:\/\/www.lavisqteam.fr\/#\/schema\/logo\/image\/\"}},{\"@type\":\"Person\",\"@id\":\"https:\/\/www.lavisqteam.fr\/#\/schema\/person\/4ed7295b68bc3daae9094db5f1f9f913\",\"name\":\"Cineted\",\"image\":{\"@type\":\"ImageObject\",\"inLanguage\":\"fr-FR\",\"@id\":\"https:\/\/www.lavisqteam.fr\/#\/schema\/person\/image\/\",\"url\":\"https:\/\/secure.gravatar.com\/avatar\/2d66d0012368c91013200ba69885bddd?s=96&d=mm&r=g\",\"contentUrl\":\"https:\/\/secure.gravatar.com\/avatar\/2d66d0012368c91013200ba69885bddd?s=96&d=mm&r=g\",\"caption\":\"Cineted\"},\"url\":\"https:\/\/www.lavisqteam.fr\/?author=4\"}]}<\/script>\n<!-- \/ Yoast SEO plugin. -->","yoast_head_json":{"title":"D\u00e9b\u00e2cle - Quand les Traumas d'Enfance Refont Surface - Lavisqteam.fr","robots":{"index":"index","follow":"follow","max-snippet":"max-snippet:-1","max-image-preview":"max-image-preview:large","max-video-preview":"max-video-preview:-1"},"canonical":"https:\/\/www.lavisqteam.fr\/?p=73176","og_locale":"fr_FR","og_type":"article","og_title":"D\u00e9b\u00e2cle - Quand les Traumas d'Enfance Refont Surface - Lavisqteam.fr","og_description":"Titre Original&nbsp;: Het Smelt De&nbsp;: Veerle Baetens Avec Charlotte De Bruyne, Rosa Marchant, Amber Metdepenningen, Matthijs Meertens Ann\u00e9e&nbsp;: 2024 Pays&nbsp;: Belgique, Pays-Bas Genre&nbsp;: Drame R\u00e9sum\u00e9&nbsp;: &hellip;","og_url":"https:\/\/www.lavisqteam.fr\/?p=73176","og_site_name":"Lavisqteam.fr","article_published_time":"2024-02-28T17:44:47+00:00","article_modified_time":"2024-05-01T08:31:27+00:00","og_image":[{"width":727,"height":395,"url":"https:\/\/www.lavisqteam.fr\/wp-content\/uploads\/2024\/02\/deba.jpg","type":"image\/jpeg"}],"author":"Cineted","twitter_card":"summary_large_image","twitter_image":"https:\/\/www.lavisqteam.fr\/wp-content\/uploads\/2024\/02\/deba.jpg","twitter_misc":{"\u00c9crit par":"Cineted","Dur\u00e9e de lecture estim\u00e9e":"6 minutes"},"schema":{"@context":"https:\/\/schema.org","@graph":[{"@type":"Article","@id":"https:\/\/www.lavisqteam.fr\/?p=73176#article","isPartOf":{"@id":"https:\/\/www.lavisqteam.fr\/?p=73176"},"author":{"name":"Cineted","@id":"https:\/\/www.lavisqteam.fr\/#\/schema\/person\/4ed7295b68bc3daae9094db5f1f9f913"},"headline":"D\u00e9b\u00e2cle &#8211; Quand les Traumas d&rsquo;Enfance Refont Surface","datePublished":"2024-02-28T17:44:47+00:00","dateModified":"2024-05-01T08:31:27+00:00","mainEntityOfPage":{"@id":"https:\/\/www.lavisqteam.fr\/?p=73176"},"wordCount":1066,"commentCount":0,"publisher":{"@id":"https:\/\/www.lavisqteam.fr\/#organization"},"articleSection":["Cin\u00e9ma"],"inLanguage":"fr-FR","potentialAction":[{"@type":"CommentAction","name":"Comment","target":["https:\/\/www.lavisqteam.fr\/?p=73176#respond"]}]},{"@type":"WebPage","@id":"https:\/\/www.lavisqteam.fr\/?p=73176","url":"https:\/\/www.lavisqteam.fr\/?p=73176","name":"D\u00e9b\u00e2cle - Quand les Traumas d'Enfance Refont Surface - Lavisqteam.fr","isPartOf":{"@id":"https:\/\/www.lavisqteam.fr\/#website"},"datePublished":"2024-02-28T17:44:47+00:00","dateModified":"2024-05-01T08:31:27+00:00","breadcrumb":{"@id":"https:\/\/www.lavisqteam.fr\/?p=73176#breadcrumb"},"inLanguage":"fr-FR","potentialAction":[{"@type":"ReadAction","target":["https:\/\/www.lavisqteam.fr\/?p=73176"]}]},{"@type":"BreadcrumbList","@id":"https:\/\/www.lavisqteam.fr\/?p=73176#breadcrumb","itemListElement":[{"@type":"ListItem","position":1,"name":"Accueil","item":"https:\/\/www.lavisqteam.fr\/"},{"@type":"ListItem","position":2,"name":"D\u00e9b\u00e2cle &#8211; Quand les Traumas d&rsquo;Enfance Refont Surface"}]},{"@type":"WebSite","@id":"https:\/\/www.lavisqteam.fr\/#website","url":"https:\/\/www.lavisqteam.fr\/","name":"Lavisqteam.fr","description":"","publisher":{"@id":"https:\/\/www.lavisqteam.fr\/#organization"},"potentialAction":[{"@type":"SearchAction","target":{"@type":"EntryPoint","urlTemplate":"https:\/\/www.lavisqteam.fr\/?s={search_term_string}"},"query-input":"required name=search_term_string"}],"inLanguage":"fr-FR"},{"@type":"Organization","@id":"https:\/\/www.lavisqteam.fr\/#organization","name":"Lavisqteam.fr","url":"https:\/\/www.lavisqteam.fr\/","sameAs":[],"logo":{"@type":"ImageObject","inLanguage":"fr-FR","@id":"https:\/\/www.lavisqteam.fr\/#\/schema\/logo\/image\/","url":"https:\/\/www.lavisqteam.fr\/wp-content\/uploads\/2020\/08\/cropped-80879545_3479261675449035_4078032831501041664_o-4.jpg","contentUrl":"https:\/\/www.lavisqteam.fr\/wp-content\/uploads\/2020\/08\/cropped-80879545_3479261675449035_4078032831501041664_o-4.jpg","width":1674,"height":536,"caption":"Lavisqteam.fr"},"image":{"@id":"https:\/\/www.lavisqteam.fr\/#\/schema\/logo\/image\/"}},{"@type":"Person","@id":"https:\/\/www.lavisqteam.fr\/#\/schema\/person\/4ed7295b68bc3daae9094db5f1f9f913","name":"Cineted","image":{"@type":"ImageObject","inLanguage":"fr-FR","@id":"https:\/\/www.lavisqteam.fr\/#\/schema\/person\/image\/","url":"https:\/\/secure.gravatar.com\/avatar\/2d66d0012368c91013200ba69885bddd?s=96&d=mm&r=g","contentUrl":"https:\/\/secure.gravatar.com\/avatar\/2d66d0012368c91013200ba69885bddd?s=96&d=mm&r=g","caption":"Cineted"},"url":"https:\/\/www.lavisqteam.fr\/?author=4"}]}},"jetpack_featured_media_url":"https:\/\/www.lavisqteam.fr\/wp-content\/uploads\/2024\/02\/deba.jpg","_links":{"self":[{"href":"https:\/\/www.lavisqteam.fr\/index.php?rest_route=\/wp\/v2\/posts\/73176"}],"collection":[{"href":"https:\/\/www.lavisqteam.fr\/index.php?rest_route=\/wp\/v2\/posts"}],"about":[{"href":"https:\/\/www.lavisqteam.fr\/index.php?rest_route=\/wp\/v2\/types\/post"}],"author":[{"embeddable":true,"href":"https:\/\/www.lavisqteam.fr\/index.php?rest_route=\/wp\/v2\/users\/4"}],"replies":[{"embeddable":true,"href":"https:\/\/www.lavisqteam.fr\/index.php?rest_route=%2Fwp%2Fv2%2Fcomments&post=73176"}],"version-history":[{"count":2,"href":"https:\/\/www.lavisqteam.fr\/index.php?rest_route=\/wp\/v2\/posts\/73176\/revisions"}],"predecessor-version":[{"id":73208,"href":"https:\/\/www.lavisqteam.fr\/index.php?rest_route=\/wp\/v2\/posts\/73176\/revisions\/73208"}],"wp:featuredmedia":[{"embeddable":true,"href":"https:\/\/www.lavisqteam.fr\/index.php?rest_route=\/wp\/v2\/media\/73177"}],"wp:attachment":[{"href":"https:\/\/www.lavisqteam.fr\/index.php?rest_route=%2Fwp%2Fv2%2Fmedia&parent=73176"}],"wp:term":[{"taxonomy":"category","embeddable":true,"href":"https:\/\/www.lavisqteam.fr\/index.php?rest_route=%2Fwp%2Fv2%2Fcategories&post=73176"},{"taxonomy":"post_tag","embeddable":true,"href":"https:\/\/www.lavisqteam.fr\/index.php?rest_route=%2Fwp%2Fv2%2Ftags&post=73176"}],"curies":[{"name":"wp","href":"https:\/\/api.w.org\/{rel}","templated":true}]}}