{"id":72918,"date":"2024-01-31T09:38:12","date_gmt":"2024-01-31T09:38:12","guid":{"rendered":"https:\/\/www.lavisqteam.fr\/?p=72918"},"modified":"2024-03-20T08:30:51","modified_gmt":"2024-03-20T08:30:51","slug":"la-zone-dinteret-derriere-le-mur","status":"publish","type":"post","link":"https:\/\/www.lavisqteam.fr\/?p=72918","title":{"rendered":"La Zone d&rsquo;Int\u00e9r\u00eat &#8211; Derri\u00e8re le Mur"},"content":{"rendered":"<div class=\"wp-block-image\">\n<figure class=\"aligncenter size-large is-resized\"><img src=\"https:\/\/fr.web.img2.acsta.net\/r_1920_1080\/pictures\/24\/01\/12\/14\/37\/2282076.jpg\" alt=\"\" width=\"600\"\/><\/figure><\/div>\n\n\n<p><strong>Titre Original&nbsp;: <\/strong>The Zone of Interest<\/p>\n\n\n\n<p><strong>De&nbsp;: <\/strong>Jonathan Glazer<\/p>\n\n\n\n<p><strong>Avec <\/strong>Christian Friedel, Sandra H\u00fcller, Johann Karthaus, Luis Noah Witte<\/p>\n\n\n\n<p><strong>Ann\u00e9e&nbsp;: <\/strong>2024<\/p>\n\n\n\n<p><strong>Pays&nbsp;: <\/strong>Angleterre, Pologne, Etats-Unis<\/p>\n\n\n\n<p><strong>Genre&nbsp;: <\/strong>Drame, Historique<\/p>\n\n\n\n<p><strong>R\u00e9sum\u00e9&nbsp;:<\/strong><\/p>\n\n\n\n<p>Le commandant d\u2019Auschwitz, Rudolf H\u00f6ss, et sa femme Hedwig s\u2019efforcent de construire une vie de r\u00eave pour leur famille dans une maison avec jardin \u00e0 c\u00f4t\u00e9 du camp.<\/p>\n\n\n\n<p><strong>Avis&nbsp;:<\/strong><\/p>\n\n\n\n<p><em>Jonathan Glazer<\/em> est un cin\u00e9aste \u00e0 part dans le paysage du cin\u00e9ma international. R\u00e9alisateur libre, <em>Jonathan Glazer<\/em> r\u00e9alise tr\u00e8s peu, et chacun de ses films a marqu\u00e9 le public. Que ce soit \u00ab\u00a0<strong>Sexy Beast<\/strong>\u00ab\u00a0, \u00ab\u00a0<strong><a href=\"https:\/\/www.lavisqteam.fr\/?p=15077\">Birth<\/a><\/strong>\u00a0\u00bb ou encore \u00ab\u00a0<strong><a href=\"https:\/\/www.lavisqteam.fr\/?p=8785\">Under the Skin<\/a><\/strong>\u00ab\u00a0, chacun de ses films a offert quelque chose que l&rsquo;on n&rsquo;avait pas encore vu au cin\u00e9ma. Dix ans apr\u00e8s son dernier film, \u00ab\u00a0<strong><a href=\"https:\/\/www.lavisqteam.fr\/?p=8785\">Under the Skin<\/a><\/strong>\u00ab\u00a0, <em>Jonathan Glazer<\/em> est de retour avec un film encore une fois tr\u00e8s particulier. En 2014, <em>Martin Amis<\/em> publie un roman, \u00ab\u00a0<strong>La zone d&rsquo;int\u00e9r\u00eat<\/strong>\u00ab\u00a0, et c&rsquo;est ce roman que <em>Jonathan Glazer<\/em> va lire et donc d\u00e9cider d&rsquo;en faire l&rsquo;adaptation, et pour la premi\u00e8re fois, le r\u00e9alisateur britannique se confronte \u00e0 l&rsquo;histoire.<\/p>\n\n\n<div class=\"wp-block-image\">\n<figure class=\"aligncenter size-large is-resized\"><img src=\"https:\/\/fr.web.img6.acsta.net\/r_1920_1080\/pictures\/23\/10\/13\/10\/41\/4837699.jpg\" alt=\"\" width=\"600\"\/><\/figure><\/div>\n\n\n<p>Parmi les \u00e9v\u00e9nements de ce mois de Janvier, il y avait le nouveau film de <em>Jonathan Glazer<\/em>, film que personnellement, j&rsquo;attendais avec beaucoup d&rsquo;envie, et \u00e7a, malgr\u00e9 l&rsquo;horreur de son sujet. Car oui, pour son nouveau film, <em>Jonathan Glazer<\/em> a choisi de nous entra\u00eener dans le quotidien de la famille qui g\u00e9rait le camp d&rsquo;Auschwitz. L&rsquo;id\u00e9e \u00e9tait de filmer leur vie, leur humanit\u00e9, ou leur manque d&rsquo;humanit\u00e9, et au-del\u00e0 \u00e7a, de poser une r\u00e9flexion sur le d\u00e9calage total entre la vie paradisiaque de cette famille, qui est alors au sommet de son existence, et les horreurs qui se passaient juste derri\u00e8re le mur qui jouxte leur sublime jardin.<\/p>\n\n\n\n<h2 class=\"has-text-align-center\">\u00ab\u00a0Il y a un sentiment de pr\u00e9tention qui s&rsquo;invite\u00a0\u00bb<\/h2>\n\n\n\n<p>Si l&rsquo;id\u00e9e est tr\u00e8s bonne et \u00f4 combien pleine d&rsquo;int\u00e9r\u00eat, malheureusement pour moi, je ne suis pas vraiment rentr\u00e9 dans le film de <em>Jonathan Glazer<\/em>, qui s&rsquo;est pos\u00e9 comme long, tr\u00e8s long, et avec \u00e7a, il y a un sentiment de pr\u00e9tention qui s&rsquo;invite lors de cette s\u00e9ance, avec cette mise en sc\u00e8ne minimaliste, qui parfois nous offre des moments qui se veulent suspendus et intelligents, alors que finalement, ils m&rsquo;ont laiss\u00e9 un peu comme le chef de ce camp, sur une indigestion.<br><br>Rudolf H\u00f6ss, sa femme Hedwig et leurs deux enfants, habitent une superbe maison, avec un grand jardin entretenu. Jardin dans lequel se trouve une piscine, un petit potager, et surtout au sein duquel on passe de belles apr\u00e8s-midis o\u00f9 l&rsquo;on peut y d\u00e9guster un th\u00e9. Bref, les H\u00f6ss ont une vie de r\u00eave si l&rsquo;on peut dire. Mais voil\u00e0, nous sommes dans les ann\u00e9es 40, et cette belle maison jouxte le terrible camp d&rsquo;Auschwitz-Birkenau, et Rudolf est celui qui dirige le camp&#8230;<br><br>Quelle d\u00e9ception que ce film. Jug\u00e9 presque unanimement comme un chef-d&rsquo;\u0153uvre absolu, et bien me voil\u00e0 particuli\u00e8rement emb\u00eat\u00e9 \u00e0 la d\u00e9couverte de cette \u00ab\u00a0&#8230; <strong>zone d&rsquo;int\u00e9r\u00eat<\/strong>\u00ab\u00a0.<\/p>\n\n\n\n<h2 class=\"has-text-align-center\">\u00ab\u00a0L&rsquo;ambiance sonore qui est vraiment tr\u00e8s lourde.\u00a0\u00bb<\/h2>\n\n\n\n<p>Pourtant, le film de <em>Jonathan Glazer<\/em> a de quoi vraiment piquer l&rsquo;int\u00e9r\u00eat du spectateur que je suis. Le r\u00e9alisateur nous revient avec une id\u00e9e aussi terrible qu&rsquo;elle est int\u00e9ressante, puisqu&rsquo;il a d\u00e9cid\u00e9 de nous raconter la vie et le quotidien de ceux qui tenaient le camp de l&rsquo;horreur, et en un sens, il y arrive bien. Enfin, du moins dans sa premi\u00e8re demi-heure. \u00ab\u00a0<strong>La zone d&rsquo;int\u00e9r\u00eat<\/strong>\u00a0\u00bb est un film qui nous pr\u00e9sente une famille normale, simple et qui a des r\u00eaves, un peu comme tout le monde, le bonheur, une maison et des enfants heureux. De plus, dans le portrait que le r\u00e9alisateur fait de ces personnages, on sent bien que ces derniers sont intelligents, cultiv\u00e9s et qu&rsquo;ils ont voyag\u00e9.<\/p>\n\n\n\n<p>Ensuite, il y a l&rsquo;id\u00e9e de nous raconter le quotidien, la vie et les sourires, face \u00e0 l&rsquo;horreur qui se passe juste derri\u00e8re le mur qui borde leur jardin. Une horreur que personne ne semble prendre en compte, et pourtant, ce n&rsquo;est pas ce qui manque, car si jamais <em>Jonathan Glazer<\/em> ne franchit les portes du camp en lui-m\u00eame, on aura toutefois l&rsquo;impression d&rsquo;y \u00eatre, gr\u00e2ce \u00e0 l&rsquo;ambiance sonore qui est vraiment tr\u00e8s lourde. Hurlements et bruits de balles en permanence, aboiements de chiens, se font entendre, et cela nous met tr\u00e8s mal \u00e0 l&rsquo;aise pendant tout le film. Avec \u00e7a, il y a aussi les discours de cette famille, et notamment celui de Hedwig, incroyablement tenue par <em>Sandra H\u00fcller<\/em>. Des discours aussi fous qu&rsquo;incroyables et terribles, o\u00f9 elle y parle de son paradis, qu&rsquo;elle ne pouvait pas r\u00eaver mieux, pour elle et ses enfants, o\u00f9 elle est la Reine d&rsquo;Auschwitz&#8230; Bref, c&rsquo;est tr\u00e8s dur et r\u00e9voltant.<\/p>\n\n\n\n<h2 class=\"has-text-align-center\">\u00ab\u00a0Cette \u00ab\u00a0&#8230; <strong>zone d&rsquo;int\u00e9r\u00eat<\/strong>\u00a0\u00bb tourne tr\u00e8s vite en rond.\u00a0\u00bb<\/h2>\n\n\n\n<p>Mais voil\u00e0, cette id\u00e9e terrible, comme je le disais, au bout d&rsquo;un moment, finit par s&rsquo;essouffler, et cette \u00ab\u00a0&#8230; <strong>zone d&rsquo;int\u00e9r\u00eat<\/strong>\u00a0\u00bb tourne tr\u00e8s vite en rond. Certes, il y aura bien des moments o\u00f9 l&rsquo;intrigue sort du camp, mais sur sa tr\u00e8s grande partie, le film se situe dans la maison ou dans le jardin des H\u00f6ss, et il ne s&rsquo;y passe pas grand-chose. Alors il y a bien en permanence l&rsquo;horreur sonore qui se fait entendre, mais finalement, ce que <em>Jonathan Glazer<\/em> veut raconter avec ce film et ces personnages, on l&rsquo;a tr\u00e8s vite compris, et comme il ne raconte pas autre chose, par la suite, il y a comme une attente qui se fait sentir. On reste l\u00e0, \u00e0 suivre ces personnages qui ne font rien et qui se congratulent eux-m\u00eames, et finalement l&rsquo;ennui s&rsquo;invite.<\/p>\n\n\n\n<p>Un ennui qui est aussi pouss\u00e9 par la mise en sc\u00e8ne de <em>Glazer<\/em> qui, comme il n&rsquo;a plus grand-chose \u00e0 raconter, multiplie les effets de style, \u00e0 grands coups de panneaux de couleurs diff\u00e9rents, de sc\u00e8nes en apart\u00e9 avec un filtre infrarouge, ou encore de sc\u00e8nes dans le futur, de ce que sera Auschwitz. Ces effets de mise en sc\u00e8ne qui se veulent audacieux m&rsquo;ont laiss\u00e9 de marbre, comme s\u2019il \u00e9tait de l&rsquo;esbroufe pour habiller le reste de son film, et avancer sans faire un pas.<\/p>\n\n\n<div class=\"wp-block-image\">\n<figure class=\"aligncenter size-large is-resized\"><img src=\"https:\/\/fr.web.img3.acsta.net\/r_1920_1080\/pictures\/23\/10\/13\/10\/41\/4856419.jpg\" alt=\"\" width=\"600\"\/><\/figure><\/div>\n\n\n<p><br>Ainsi donc, cette excellente id\u00e9e, apr\u00e8s une demi-heure, finit par retomber aussi vite qu&rsquo;elle avait su nous attraper en d\u00e9but de film. Et finalement, je me dis que cette \u00ab\u00a0&#8230; <strong>zone d&rsquo;int\u00e9r\u00eat<\/strong>\u00a0\u00bb aurait fait un court m\u00e9trage qui aurait parfaitement r\u00e9sonn\u00e9 avec le mot chef-d&rsquo;\u0153uvre, mais cette id\u00e9e \u00e9tir\u00e9e sur une heure quarante-cinq de film, finalement, fait du sur place, raconte la m\u00eame chose sur tout son long, et quand elle essaie de raconter autre chose, les id\u00e9es de <em>Jonathan Glazer<\/em> laissent planer la question du pourquoi. Dommage, vraiment dommage.<\/p>\n\n\n\n<p><strong>Note\u00a0: 08\/20<\/strong><\/p>\n\n\n\n<figure class=\"wp-block-embed is-type-video is-provider-youtube wp-block-embed-youtube wp-embed-aspect-16-9 wp-has-aspect-ratio\"><div class=\"wp-block-embed__wrapper\">\n<iframe loading=\"lazy\" title=\"LA ZONE D&#039;INT\u00c9R\u00caT - Bande-annonce officielle\" width=\"1200\" height=\"675\" src=\"https:\/\/www.youtube.com\/embed\/m6cz6xTgkIY?feature=oembed\" frameborder=\"0\" allow=\"accelerometer; autoplay; clipboard-write; encrypted-media; gyroscope; picture-in-picture; web-share\" allowfullscreen><\/iframe>\n<\/div><\/figure>\n\n\n\n<p class=\"has-text-align-right\">Par <strong>Cin\u00e9ted<\/strong><\/p>\n","protected":false},"excerpt":{"rendered":"<p>Titre Original&nbsp;: The Zone of Interest De&nbsp;: Jonathan Glazer Avec Christian Friedel, Sandra H\u00fcller, Johann Karthaus, Luis Noah Witte Ann\u00e9e&nbsp;: 2024 Pays&nbsp;: Angleterre, Pologne, Etats-Unis &hellip; <\/p>\n","protected":false},"author":4,"featured_media":72919,"comment_status":"open","ping_status":"open","sticky":false,"template":"","format":"standard","meta":[],"categories":[7],"tags":[],"yoast_head":"<!-- This site is optimized with the Yoast SEO plugin v19.6.1 - https:\/\/yoast.com\/wordpress\/plugins\/seo\/ -->\n<title>La Zone d&#039;Int\u00e9r\u00eat - Derri\u00e8re le Mur - Lavisqteam.fr<\/title>\n<meta name=\"robots\" content=\"index, follow, max-snippet:-1, max-image-preview:large, max-video-preview:-1\" \/>\n<link rel=\"canonical\" href=\"https:\/\/www.lavisqteam.fr\/?p=72918\" \/>\n<meta property=\"og:locale\" content=\"fr_FR\" \/>\n<meta property=\"og:type\" content=\"article\" \/>\n<meta property=\"og:title\" content=\"La Zone d&#039;Int\u00e9r\u00eat - Derri\u00e8re le Mur - Lavisqteam.fr\" \/>\n<meta property=\"og:description\" content=\"Titre Original&nbsp;: The Zone of Interest De&nbsp;: Jonathan Glazer Avec Christian Friedel, Sandra H\u00fcller, Johann Karthaus, Luis Noah Witte Ann\u00e9e&nbsp;: 2024 Pays&nbsp;: Angleterre, Pologne, Etats-Unis &hellip;\" \/>\n<meta property=\"og:url\" content=\"https:\/\/www.lavisqteam.fr\/?p=72918\" \/>\n<meta property=\"og:site_name\" content=\"Lavisqteam.fr\" \/>\n<meta property=\"article:published_time\" content=\"2024-01-31T09:38:12+00:00\" \/>\n<meta property=\"article:modified_time\" content=\"2024-03-20T08:30:51+00:00\" \/>\n<meta property=\"og:image\" content=\"https:\/\/www.lavisqteam.fr\/wp-content\/uploads\/2024\/01\/lazo.jpg\" \/>\n\t<meta property=\"og:image:width\" content=\"727\" \/>\n\t<meta property=\"og:image:height\" content=\"395\" \/>\n\t<meta property=\"og:image:type\" content=\"image\/jpeg\" \/>\n<meta name=\"author\" content=\"Cineted\" \/>\n<meta name=\"twitter:card\" content=\"summary_large_image\" \/>\n<meta name=\"twitter:image\" content=\"https:\/\/www.lavisqteam.fr\/wp-content\/uploads\/2024\/01\/lazo.jpg\" \/>\n<meta name=\"twitter:label1\" content=\"\u00c9crit par\" \/>\n\t<meta name=\"twitter:data1\" content=\"Cineted\" \/>\n\t<meta name=\"twitter:label2\" content=\"Dur\u00e9e de lecture estim\u00e9e\" \/>\n\t<meta name=\"twitter:data2\" content=\"7 minutes\" \/>\n<script type=\"application\/ld+json\" class=\"yoast-schema-graph\">{\"@context\":\"https:\/\/schema.org\",\"@graph\":[{\"@type\":\"Article\",\"@id\":\"https:\/\/www.lavisqteam.fr\/?p=72918#article\",\"isPartOf\":{\"@id\":\"https:\/\/www.lavisqteam.fr\/?p=72918\"},\"author\":{\"name\":\"Cineted\",\"@id\":\"https:\/\/www.lavisqteam.fr\/#\/schema\/person\/4ed7295b68bc3daae9094db5f1f9f913\"},\"headline\":\"La Zone d&rsquo;Int\u00e9r\u00eat &#8211; Derri\u00e8re le Mur\",\"datePublished\":\"2024-01-31T09:38:12+00:00\",\"dateModified\":\"2024-03-20T08:30:51+00:00\",\"mainEntityOfPage\":{\"@id\":\"https:\/\/www.lavisqteam.fr\/?p=72918\"},\"wordCount\":1202,\"commentCount\":0,\"publisher\":{\"@id\":\"https:\/\/www.lavisqteam.fr\/#organization\"},\"articleSection\":[\"Cin\u00e9ma\"],\"inLanguage\":\"fr-FR\",\"potentialAction\":[{\"@type\":\"CommentAction\",\"name\":\"Comment\",\"target\":[\"https:\/\/www.lavisqteam.fr\/?p=72918#respond\"]}]},{\"@type\":\"WebPage\",\"@id\":\"https:\/\/www.lavisqteam.fr\/?p=72918\",\"url\":\"https:\/\/www.lavisqteam.fr\/?p=72918\",\"name\":\"La Zone d'Int\u00e9r\u00eat - Derri\u00e8re le Mur - Lavisqteam.fr\",\"isPartOf\":{\"@id\":\"https:\/\/www.lavisqteam.fr\/#website\"},\"datePublished\":\"2024-01-31T09:38:12+00:00\",\"dateModified\":\"2024-03-20T08:30:51+00:00\",\"breadcrumb\":{\"@id\":\"https:\/\/www.lavisqteam.fr\/?p=72918#breadcrumb\"},\"inLanguage\":\"fr-FR\",\"potentialAction\":[{\"@type\":\"ReadAction\",\"target\":[\"https:\/\/www.lavisqteam.fr\/?p=72918\"]}]},{\"@type\":\"BreadcrumbList\",\"@id\":\"https:\/\/www.lavisqteam.fr\/?p=72918#breadcrumb\",\"itemListElement\":[{\"@type\":\"ListItem\",\"position\":1,\"name\":\"Accueil\",\"item\":\"https:\/\/www.lavisqteam.fr\/\"},{\"@type\":\"ListItem\",\"position\":2,\"name\":\"La Zone d&rsquo;Int\u00e9r\u00eat &#8211; Derri\u00e8re le Mur\"}]},{\"@type\":\"WebSite\",\"@id\":\"https:\/\/www.lavisqteam.fr\/#website\",\"url\":\"https:\/\/www.lavisqteam.fr\/\",\"name\":\"Lavisqteam.fr\",\"description\":\"\",\"publisher\":{\"@id\":\"https:\/\/www.lavisqteam.fr\/#organization\"},\"potentialAction\":[{\"@type\":\"SearchAction\",\"target\":{\"@type\":\"EntryPoint\",\"urlTemplate\":\"https:\/\/www.lavisqteam.fr\/?s={search_term_string}\"},\"query-input\":\"required name=search_term_string\"}],\"inLanguage\":\"fr-FR\"},{\"@type\":\"Organization\",\"@id\":\"https:\/\/www.lavisqteam.fr\/#organization\",\"name\":\"Lavisqteam.fr\",\"url\":\"https:\/\/www.lavisqteam.fr\/\",\"sameAs\":[],\"logo\":{\"@type\":\"ImageObject\",\"inLanguage\":\"fr-FR\",\"@id\":\"https:\/\/www.lavisqteam.fr\/#\/schema\/logo\/image\/\",\"url\":\"https:\/\/www.lavisqteam.fr\/wp-content\/uploads\/2020\/08\/cropped-80879545_3479261675449035_4078032831501041664_o-4.jpg\",\"contentUrl\":\"https:\/\/www.lavisqteam.fr\/wp-content\/uploads\/2020\/08\/cropped-80879545_3479261675449035_4078032831501041664_o-4.jpg\",\"width\":1674,\"height\":536,\"caption\":\"Lavisqteam.fr\"},\"image\":{\"@id\":\"https:\/\/www.lavisqteam.fr\/#\/schema\/logo\/image\/\"}},{\"@type\":\"Person\",\"@id\":\"https:\/\/www.lavisqteam.fr\/#\/schema\/person\/4ed7295b68bc3daae9094db5f1f9f913\",\"name\":\"Cineted\",\"image\":{\"@type\":\"ImageObject\",\"inLanguage\":\"fr-FR\",\"@id\":\"https:\/\/www.lavisqteam.fr\/#\/schema\/person\/image\/\",\"url\":\"https:\/\/secure.gravatar.com\/avatar\/2d66d0012368c91013200ba69885bddd?s=96&d=mm&r=g\",\"contentUrl\":\"https:\/\/secure.gravatar.com\/avatar\/2d66d0012368c91013200ba69885bddd?s=96&d=mm&r=g\",\"caption\":\"Cineted\"},\"url\":\"https:\/\/www.lavisqteam.fr\/?author=4\"}]}<\/script>\n<!-- \/ Yoast SEO plugin. -->","yoast_head_json":{"title":"La Zone d'Int\u00e9r\u00eat - Derri\u00e8re le Mur - Lavisqteam.fr","robots":{"index":"index","follow":"follow","max-snippet":"max-snippet:-1","max-image-preview":"max-image-preview:large","max-video-preview":"max-video-preview:-1"},"canonical":"https:\/\/www.lavisqteam.fr\/?p=72918","og_locale":"fr_FR","og_type":"article","og_title":"La Zone d'Int\u00e9r\u00eat - Derri\u00e8re le Mur - Lavisqteam.fr","og_description":"Titre Original&nbsp;: The Zone of Interest De&nbsp;: Jonathan Glazer Avec Christian Friedel, Sandra H\u00fcller, Johann Karthaus, Luis Noah Witte Ann\u00e9e&nbsp;: 2024 Pays&nbsp;: Angleterre, Pologne, Etats-Unis &hellip;","og_url":"https:\/\/www.lavisqteam.fr\/?p=72918","og_site_name":"Lavisqteam.fr","article_published_time":"2024-01-31T09:38:12+00:00","article_modified_time":"2024-03-20T08:30:51+00:00","og_image":[{"width":727,"height":395,"url":"https:\/\/www.lavisqteam.fr\/wp-content\/uploads\/2024\/01\/lazo.jpg","type":"image\/jpeg"}],"author":"Cineted","twitter_card":"summary_large_image","twitter_image":"https:\/\/www.lavisqteam.fr\/wp-content\/uploads\/2024\/01\/lazo.jpg","twitter_misc":{"\u00c9crit par":"Cineted","Dur\u00e9e de lecture estim\u00e9e":"7 minutes"},"schema":{"@context":"https:\/\/schema.org","@graph":[{"@type":"Article","@id":"https:\/\/www.lavisqteam.fr\/?p=72918#article","isPartOf":{"@id":"https:\/\/www.lavisqteam.fr\/?p=72918"},"author":{"name":"Cineted","@id":"https:\/\/www.lavisqteam.fr\/#\/schema\/person\/4ed7295b68bc3daae9094db5f1f9f913"},"headline":"La Zone d&rsquo;Int\u00e9r\u00eat &#8211; Derri\u00e8re le Mur","datePublished":"2024-01-31T09:38:12+00:00","dateModified":"2024-03-20T08:30:51+00:00","mainEntityOfPage":{"@id":"https:\/\/www.lavisqteam.fr\/?p=72918"},"wordCount":1202,"commentCount":0,"publisher":{"@id":"https:\/\/www.lavisqteam.fr\/#organization"},"articleSection":["Cin\u00e9ma"],"inLanguage":"fr-FR","potentialAction":[{"@type":"CommentAction","name":"Comment","target":["https:\/\/www.lavisqteam.fr\/?p=72918#respond"]}]},{"@type":"WebPage","@id":"https:\/\/www.lavisqteam.fr\/?p=72918","url":"https:\/\/www.lavisqteam.fr\/?p=72918","name":"La Zone d'Int\u00e9r\u00eat - Derri\u00e8re le Mur - Lavisqteam.fr","isPartOf":{"@id":"https:\/\/www.lavisqteam.fr\/#website"},"datePublished":"2024-01-31T09:38:12+00:00","dateModified":"2024-03-20T08:30:51+00:00","breadcrumb":{"@id":"https:\/\/www.lavisqteam.fr\/?p=72918#breadcrumb"},"inLanguage":"fr-FR","potentialAction":[{"@type":"ReadAction","target":["https:\/\/www.lavisqteam.fr\/?p=72918"]}]},{"@type":"BreadcrumbList","@id":"https:\/\/www.lavisqteam.fr\/?p=72918#breadcrumb","itemListElement":[{"@type":"ListItem","position":1,"name":"Accueil","item":"https:\/\/www.lavisqteam.fr\/"},{"@type":"ListItem","position":2,"name":"La Zone d&rsquo;Int\u00e9r\u00eat &#8211; Derri\u00e8re le Mur"}]},{"@type":"WebSite","@id":"https:\/\/www.lavisqteam.fr\/#website","url":"https:\/\/www.lavisqteam.fr\/","name":"Lavisqteam.fr","description":"","publisher":{"@id":"https:\/\/www.lavisqteam.fr\/#organization"},"potentialAction":[{"@type":"SearchAction","target":{"@type":"EntryPoint","urlTemplate":"https:\/\/www.lavisqteam.fr\/?s={search_term_string}"},"query-input":"required name=search_term_string"}],"inLanguage":"fr-FR"},{"@type":"Organization","@id":"https:\/\/www.lavisqteam.fr\/#organization","name":"Lavisqteam.fr","url":"https:\/\/www.lavisqteam.fr\/","sameAs":[],"logo":{"@type":"ImageObject","inLanguage":"fr-FR","@id":"https:\/\/www.lavisqteam.fr\/#\/schema\/logo\/image\/","url":"https:\/\/www.lavisqteam.fr\/wp-content\/uploads\/2020\/08\/cropped-80879545_3479261675449035_4078032831501041664_o-4.jpg","contentUrl":"https:\/\/www.lavisqteam.fr\/wp-content\/uploads\/2020\/08\/cropped-80879545_3479261675449035_4078032831501041664_o-4.jpg","width":1674,"height":536,"caption":"Lavisqteam.fr"},"image":{"@id":"https:\/\/www.lavisqteam.fr\/#\/schema\/logo\/image\/"}},{"@type":"Person","@id":"https:\/\/www.lavisqteam.fr\/#\/schema\/person\/4ed7295b68bc3daae9094db5f1f9f913","name":"Cineted","image":{"@type":"ImageObject","inLanguage":"fr-FR","@id":"https:\/\/www.lavisqteam.fr\/#\/schema\/person\/image\/","url":"https:\/\/secure.gravatar.com\/avatar\/2d66d0012368c91013200ba69885bddd?s=96&d=mm&r=g","contentUrl":"https:\/\/secure.gravatar.com\/avatar\/2d66d0012368c91013200ba69885bddd?s=96&d=mm&r=g","caption":"Cineted"},"url":"https:\/\/www.lavisqteam.fr\/?author=4"}]}},"jetpack_featured_media_url":"https:\/\/www.lavisqteam.fr\/wp-content\/uploads\/2024\/01\/lazo.jpg","_links":{"self":[{"href":"https:\/\/www.lavisqteam.fr\/index.php?rest_route=\/wp\/v2\/posts\/72918"}],"collection":[{"href":"https:\/\/www.lavisqteam.fr\/index.php?rest_route=\/wp\/v2\/posts"}],"about":[{"href":"https:\/\/www.lavisqteam.fr\/index.php?rest_route=\/wp\/v2\/types\/post"}],"author":[{"embeddable":true,"href":"https:\/\/www.lavisqteam.fr\/index.php?rest_route=\/wp\/v2\/users\/4"}],"replies":[{"embeddable":true,"href":"https:\/\/www.lavisqteam.fr\/index.php?rest_route=%2Fwp%2Fv2%2Fcomments&post=72918"}],"version-history":[{"count":1,"href":"https:\/\/www.lavisqteam.fr\/index.php?rest_route=\/wp\/v2\/posts\/72918\/revisions"}],"predecessor-version":[{"id":72920,"href":"https:\/\/www.lavisqteam.fr\/index.php?rest_route=\/wp\/v2\/posts\/72918\/revisions\/72920"}],"wp:featuredmedia":[{"embeddable":true,"href":"https:\/\/www.lavisqteam.fr\/index.php?rest_route=\/wp\/v2\/media\/72919"}],"wp:attachment":[{"href":"https:\/\/www.lavisqteam.fr\/index.php?rest_route=%2Fwp%2Fv2%2Fmedia&parent=72918"}],"wp:term":[{"taxonomy":"category","embeddable":true,"href":"https:\/\/www.lavisqteam.fr\/index.php?rest_route=%2Fwp%2Fv2%2Fcategories&post=72918"},{"taxonomy":"post_tag","embeddable":true,"href":"https:\/\/www.lavisqteam.fr\/index.php?rest_route=%2Fwp%2Fv2%2Ftags&post=72918"}],"curies":[{"name":"wp","href":"https:\/\/api.w.org\/{rel}","templated":true}]}}