{"id":72183,"date":"2023-12-17T12:49:10","date_gmt":"2023-12-17T12:49:10","guid":{"rendered":"https:\/\/www.lavisqteam.fr\/?p=72183"},"modified":"2023-12-17T12:49:14","modified_gmt":"2023-12-17T12:49:14","slug":"feux-dans-la-plaine","status":"publish","type":"post","link":"https:\/\/www.lavisqteam.fr\/?p=72183","title":{"rendered":"Feux dans la Plaine"},"content":{"rendered":"<div class=\"wp-block-image\">\n<figure class=\"aligncenter size-full is-resized\"><a href=\"https:\/\/www.lavisqteam.fr\/wp-content\/uploads\/2023\/12\/fires-on-the-plain.jpg\"><img src=\"https:\/\/www.lavisqteam.fr\/wp-content\/uploads\/2023\/12\/fires-on-the-plain.jpg\" alt=\"\" class=\"wp-image-72184\" width=\"600\" srcset=\"https:\/\/www.lavisqteam.fr\/wp-content\/uploads\/2023\/12\/fires-on-the-plain.jpg 718w, https:\/\/www.lavisqteam.fr\/wp-content\/uploads\/2023\/12\/fires-on-the-plain-210x300.jpg 210w\" sizes=\"(max-width: 718px) 100vw, 718px\" \/><\/a><\/figure><\/div>\n\n\n<p><strong>Titre Original&nbsp;: <\/strong>Nobi<\/p>\n\n\n\n<p><strong>De&nbsp;: <\/strong>Kon Ichikawa<\/p>\n\n\n\n<p><strong>Avec <\/strong>Eiji Funakoshi, Mickey Curtis, Masoya Tsukita, Yasushi Sugita<\/p>\n\n\n\n<p><strong>Ann\u00e9e&nbsp;: <\/strong>1959<\/p>\n\n\n\n<p><strong>Pays&nbsp;: <\/strong>Japon<\/p>\n\n\n\n<p><strong>Genre&nbsp;: <\/strong>Guerre<\/p>\n\n\n\n<p><strong>R\u00e9sum\u00e9&nbsp;:<\/strong><\/p>\n\n\n\n<p>A la fin de la Seconde Guerre mondiale, le calvaire des derniers soldats japonais, pris entre les gu\u00e9rilleros philippins et les troupes am\u00e9ricaines.<\/p>\n\n\n\n<p><strong>Avis&nbsp;:<\/strong><strong><\/strong><\/p>\n\n\n\n<p>Dans l\u2019histoire du septi\u00e8me art, les ann\u00e9es&nbsp;1950 sont reconnues comme l\u2019\u00e2ge d\u2019or du cin\u00e9ma japonais. Les plus grands r\u00e9alisateurs de l\u2019archipel nippon ont fourni quelques incunables en la mati\u00e8re. On songe \u00e0 <em>Kenji Mizoguchi<\/em>, <em>Yasujir\u00f4 Ozu<\/em> ou <em>Akira Kurosawa<\/em>. D\u2019autres cin\u00e9astes ont eu une carri\u00e8re tout aussi int\u00e9ressante. Cependant, leurs \u0153uvres sont rest\u00e9es beaucoup trop longtemps confidentielles en Occident. C\u2019est notamment le cas de <em>Teinosuke Kinugasa<\/em> ou, en l\u2019occurrence, de <em>Kon Ichikawa<\/em>. \u00c0 l\u2019\u00e9poque, ce dernier est surtout r\u00e9put\u00e9 pour honorer des films de commande. S\u2019il met en sc\u00e8ne nombre de com\u00e9dies, on lui doit \u00e9galement des productions engag\u00e9es, plus sombres&nbsp;; \u00e0 l\u2019image du <strong>Pavillon d\u2019or<\/strong>, <strong>Le Pauvre c\u0153ur des hommes<\/strong> ou <strong>Feux dans la plaine<\/strong>.<\/p>\n\n\n<div class=\"wp-block-image\">\n<figure class=\"aligncenter size-full is-resized\"><a href=\"https:\/\/www.lavisqteam.fr\/wp-content\/uploads\/2023\/12\/Blu-ray_Feux_dans_la_plaine_06.jpg\"><img src=\"https:\/\/www.lavisqteam.fr\/wp-content\/uploads\/2023\/12\/Blu-ray_Feux_dans_la_plaine_06.jpg\" alt=\"\" class=\"wp-image-72186\" width=\"600\" srcset=\"https:\/\/www.lavisqteam.fr\/wp-content\/uploads\/2023\/12\/Blu-ray_Feux_dans_la_plaine_06.jpg 800w, https:\/\/www.lavisqteam.fr\/wp-content\/uploads\/2023\/12\/Blu-ray_Feux_dans_la_plaine_06-300x128.jpg 300w, https:\/\/www.lavisqteam.fr\/wp-content\/uploads\/2023\/12\/Blu-ray_Feux_dans_la_plaine_06-768x328.jpg 768w\" sizes=\"(max-width: 800px) 100vw, 800px\" \/><\/a><\/figure><\/div>\n\n\n<p>Adaptation relativement libre du roman de <em>Sh\u014dhei \u014coka<\/em>, le pr\u00e9sent m\u00e9trage s\u2019inscrit dans un contexte particulier. D\u2019une part, le projet na\u00eet de l\u2019initiative du r\u00e9alisateur, sur un sc\u00e9nario de sa femme. Apr\u00e8s des mois de n\u00e9gociation, il parvient \u00e0 imposer la plupart de ses conditions aux responsables du studio Daiei. \u00c0 l\u2019\u00e9poque, celui-ci est surtout connu pour avoir produit <strong>Rash\u014dmon<\/strong>, <strong>Miss Oyu<\/strong> et <strong>La Porte de l\u2019enfer<\/strong>, pour ne citer que les exemples les plus embl\u00e9matiques. D\u2019autre part, <strong>Feux dans la plaine<\/strong> \u00e9voque la d\u00e9faite du Japon au terme de la Seconde Guerre mondiale. \u00c0 l\u2019image d\u2019<strong>Hiroshima<\/strong> d\u2019<em>Hideo Sekigawa<\/em>, <strong>Feux dans la plaine<\/strong> s\u2019avance comme une \u0153uvre avant-gardiste \u00e0 bien des \u00e9gards.<\/p>\n\n\n\n<h2 class=\"has-text-align-center\">\u00ab\u00a0Le m\u00e9trage de <em>Kon Ichikawa<\/em> d\u00e9peint l\u2019\u00e2pret\u00e9 de la guerre.\u00a0\u00bb<\/h2>\n\n\n\n<p>Cela vaut tout d\u2019abord pour le choix d\u2019une approche audacieuse o\u00f9 le trauma du dernier conflit mondial en date est encore vivace dans les m\u00e9moires&nbsp;; tout comme le sentiment de d\u00e9shonneur qui en \u00e9mane au sein de la population. \u00c0 travers ce film, on distingue \u00e9galement une volont\u00e9 d\u2019entrevoir un point de vue diff\u00e9rent, autre que celui des Am\u00e9ricains o\u00f9 les productions occidentales fleurissent pour les encenser. En l\u2019occurrence, la partialit\u00e9 n\u2019est pas forc\u00e9ment pr\u00e9judiciable. Cependant, la plupart des films de guerre occidentaux de l\u2019\u00e9poque tendent \u00e0 d\u00e9former l\u2019image de la guerre, \u00e0 id\u00e9aliser une r\u00e9alit\u00e9 fauss\u00e9e par le patriotisme et l\u2019engagement, sans oublier l\u2019\u00e9dulcoration de la brutalit\u00e9 des affrontements.<\/p>\n\n\n\n<p>Or, <strong>Feux dans la plaine<\/strong> est aux antipodes de ce constat. Le m\u00e9trage de <em>Kon Ichikawa<\/em> d\u00e9peint l\u2019\u00e2pret\u00e9 de la guerre, la violence primale du conflit. D\u2019une mani\u00e8re paradoxale, on n\u2019assistera pas \u00e0 une confrontation directe. Plut\u00f4t \u00e0 des raids a\u00e9riens men\u00e9s par un ennemi invisible&nbsp;; \u00e0 l\u2019exception d\u2019une ou deux s\u00e9quences. Ici, le r\u00e9cit \u00e9voque les cons\u00e9quences sur les individus, plus que sur les soldats. Tr\u00e8s vite, on s\u2019oriente vers un drame survivaliste o\u00f9 la subsistance emprunte des atours nihilistes. Preuve en est avec la maladie qui guette avant de toucher de plein fouet les plus fragiles, l\u2019environnement hostile et, surtout, la faim avec la raret\u00e9 des denr\u00e9es. Elle reste au c\u0153ur des pr\u00e9occupations et des comportements.<\/p>\n\n\n\n<h2 class=\"has-text-align-center\">\u00ab\u00a0<strong>Feux dans la plaine<\/strong> est un film de guerre remarquable.\u00a0\u00bb<\/h2>\n\n\n\n<p>Si le protagoniste demeure tiraill\u00e9 entre son devoir et l\u2019envie de se rendre, les besoins primaires guident ses pas. La moindre trouvaille pr\u00e9sente une valeur inestimable et donne bien souvent lieu \u00e0 des inimiti\u00e9s, et ce, malgr\u00e9 un partage de ressources malingres. La situation allant de mal en pis, l\u2019histoire s\u2019oriente vers un rapport \u00e0 la chair plus d\u00e9stabilisant, pour ne pas dire malsain. En effet, la tentation du cannibalisme ne tarde pas \u00e0 devenir obsessionnelle. L\u2019aspect le plus d\u00e9rangeant tient surtout \u00e0 sa banalisation, \u00e0 l\u2019instar du d\u00e9dain que les intervenants portent \u00e0 la mort. Pour ce dernier point, l\u2019une des sc\u00e8nes les plus saisissantes reste cette d\u00e9ambulation sur une plaine \u00e0 d\u00e9couvert. L\u00e0 o\u00f9 les soldats japonais se couchent pour \u00e9chapper \u00e0 un raid avant de se relever et de n\u2019octroyer pas m\u00eame un regard pour ceux qui viennent de tr\u00e9passer.<\/p>\n\n\n<div class=\"wp-block-image\">\n<figure class=\"aligncenter size-large is-resized\"><a href=\"https:\/\/www.lavisqteam.fr\/wp-content\/uploads\/2023\/12\/feux_dans_la_plaine.jpg\"><img src=\"https:\/\/www.lavisqteam.fr\/wp-content\/uploads\/2023\/12\/feux_dans_la_plaine-1024x576.jpg\" alt=\"\" class=\"wp-image-72185\" width=\"600\" srcset=\"https:\/\/www.lavisqteam.fr\/wp-content\/uploads\/2023\/12\/feux_dans_la_plaine-1024x576.jpg 1024w, https:\/\/www.lavisqteam.fr\/wp-content\/uploads\/2023\/12\/feux_dans_la_plaine-300x169.jpg 300w, https:\/\/www.lavisqteam.fr\/wp-content\/uploads\/2023\/12\/feux_dans_la_plaine-768x432.jpg 768w, https:\/\/www.lavisqteam.fr\/wp-content\/uploads\/2023\/12\/feux_dans_la_plaine.jpg 1200w\" sizes=\"(max-width: 1024px) 100vw, 1024px\" \/><\/a><\/figure><\/div>\n\n\n<p>Au final, <strong>Feux dans la plaine<\/strong> est un film de guerre remarquable dans son traitement sans concession, son atmosph\u00e8re cr\u00e9pusculaire. Malgr\u00e9 le cadre luxuriant de l\u2019\u00eele de Leyte, aux Philippines, la photographie monochrome magnifie une \u00e9vocation pessimiste et sentencieuse au possible. Il en ressort une \u0153uvre essentielle et forte qui apporte un \u00e9clairage diff\u00e9rent sur le conflit, ses r\u00e9percussions et son impact sur l\u2019homme. Ce dernier se voit alors rel\u00e9gu\u00e9 \u00e0 une figure d\u00e9shumanis\u00e9e, gu\u00e8re ma\u00eetresse de ses d\u00e9cisions. En cela, le r\u00e9cit se veut d\u00e9sesp\u00e9r\u00e9, n\u2019offrant aucun horizon pour les protagonistes, pas m\u00eame celui des lignes ennemies.<\/p>\n\n\n\n<p><strong>Note\u00a0: 17\/20<\/strong><\/p>\n\n\n\n<figure class=\"wp-block-embed is-type-video is-provider-youtube wp-block-embed-youtube wp-embed-aspect-16-9 wp-has-aspect-ratio\"><div class=\"wp-block-embed__wrapper\">\n<iframe loading=\"lazy\" title=\"Fires on the Plain (Nobi) - Trailer\" width=\"1200\" height=\"675\" src=\"https:\/\/www.youtube.com\/embed\/BGfKlaypXpE?feature=oembed\" frameborder=\"0\" allow=\"accelerometer; autoplay; clipboard-write; encrypted-media; gyroscope; picture-in-picture; web-share\" allowfullscreen><\/iframe>\n<\/div><\/figure>\n\n\n\n<p class=\"has-text-align-right\">Par <strong>Dante<\/strong><\/p>\n","protected":false},"excerpt":{"rendered":"<p>Titre Original&nbsp;: Nobi De&nbsp;: Kon Ichikawa Avec Eiji Funakoshi, Mickey Curtis, Masoya Tsukita, Yasushi Sugita Ann\u00e9e&nbsp;: 1959 Pays&nbsp;: Japon Genre&nbsp;: Guerre R\u00e9sum\u00e9&nbsp;: A la fin &hellip; <\/p>\n","protected":false},"author":5,"featured_media":72187,"comment_status":"open","ping_status":"open","sticky":false,"template":"","format":"standard","meta":[],"categories":[7],"tags":[],"yoast_head":"<!-- This site is optimized with the Yoast SEO plugin v19.6.1 - https:\/\/yoast.com\/wordpress\/plugins\/seo\/ -->\n<title>Feux dans la Plaine - Lavisqteam.fr<\/title>\n<meta name=\"robots\" content=\"index, follow, max-snippet:-1, max-image-preview:large, max-video-preview:-1\" \/>\n<link rel=\"canonical\" href=\"https:\/\/www.lavisqteam.fr\/?p=72183\" \/>\n<meta property=\"og:locale\" content=\"fr_FR\" \/>\n<meta property=\"og:type\" content=\"article\" \/>\n<meta property=\"og:title\" content=\"Feux dans la Plaine - Lavisqteam.fr\" \/>\n<meta property=\"og:description\" content=\"Titre Original&nbsp;: Nobi De&nbsp;: Kon Ichikawa Avec Eiji Funakoshi, Mickey Curtis, Masoya Tsukita, Yasushi Sugita Ann\u00e9e&nbsp;: 1959 Pays&nbsp;: Japon Genre&nbsp;: Guerre R\u00e9sum\u00e9&nbsp;: A la fin &hellip;\" \/>\n<meta property=\"og:url\" content=\"https:\/\/www.lavisqteam.fr\/?p=72183\" \/>\n<meta property=\"og:site_name\" content=\"Lavisqteam.fr\" \/>\n<meta property=\"article:published_time\" content=\"2023-12-17T12:49:10+00:00\" \/>\n<meta property=\"article:modified_time\" content=\"2023-12-17T12:49:14+00:00\" \/>\n<meta property=\"og:image\" content=\"https:\/\/www.lavisqteam.fr\/wp-content\/uploads\/2023\/12\/feux.jpg\" \/>\n\t<meta property=\"og:image:width\" content=\"727\" \/>\n\t<meta property=\"og:image:height\" content=\"395\" \/>\n\t<meta property=\"og:image:type\" content=\"image\/jpeg\" \/>\n<meta name=\"author\" content=\"Dante\" \/>\n<meta name=\"twitter:card\" content=\"summary_large_image\" \/>\n<meta name=\"twitter:image\" content=\"https:\/\/www.lavisqteam.fr\/wp-content\/uploads\/2023\/12\/feux.jpg\" \/>\n<meta name=\"twitter:label1\" content=\"\u00c9crit par\" \/>\n\t<meta name=\"twitter:data1\" content=\"Dante\" \/>\n\t<meta name=\"twitter:label2\" content=\"Dur\u00e9e de lecture estim\u00e9e\" \/>\n\t<meta name=\"twitter:data2\" content=\"5 minutes\" \/>\n<script type=\"application\/ld+json\" class=\"yoast-schema-graph\">{\"@context\":\"https:\/\/schema.org\",\"@graph\":[{\"@type\":\"Article\",\"@id\":\"https:\/\/www.lavisqteam.fr\/?p=72183#article\",\"isPartOf\":{\"@id\":\"https:\/\/www.lavisqteam.fr\/?p=72183\"},\"author\":{\"name\":\"Dante\",\"@id\":\"https:\/\/www.lavisqteam.fr\/#\/schema\/person\/f990b2bf003d200c5d343e528a040052\"},\"headline\":\"Feux dans la Plaine\",\"datePublished\":\"2023-12-17T12:49:10+00:00\",\"dateModified\":\"2023-12-17T12:49:14+00:00\",\"mainEntityOfPage\":{\"@id\":\"https:\/\/www.lavisqteam.fr\/?p=72183\"},\"wordCount\":891,\"commentCount\":0,\"publisher\":{\"@id\":\"https:\/\/www.lavisqteam.fr\/#organization\"},\"articleSection\":[\"Cin\u00e9ma\"],\"inLanguage\":\"fr-FR\",\"potentialAction\":[{\"@type\":\"CommentAction\",\"name\":\"Comment\",\"target\":[\"https:\/\/www.lavisqteam.fr\/?p=72183#respond\"]}]},{\"@type\":\"WebPage\",\"@id\":\"https:\/\/www.lavisqteam.fr\/?p=72183\",\"url\":\"https:\/\/www.lavisqteam.fr\/?p=72183\",\"name\":\"Feux dans la Plaine - Lavisqteam.fr\",\"isPartOf\":{\"@id\":\"https:\/\/www.lavisqteam.fr\/#website\"},\"datePublished\":\"2023-12-17T12:49:10+00:00\",\"dateModified\":\"2023-12-17T12:49:14+00:00\",\"breadcrumb\":{\"@id\":\"https:\/\/www.lavisqteam.fr\/?p=72183#breadcrumb\"},\"inLanguage\":\"fr-FR\",\"potentialAction\":[{\"@type\":\"ReadAction\",\"target\":[\"https:\/\/www.lavisqteam.fr\/?p=72183\"]}]},{\"@type\":\"BreadcrumbList\",\"@id\":\"https:\/\/www.lavisqteam.fr\/?p=72183#breadcrumb\",\"itemListElement\":[{\"@type\":\"ListItem\",\"position\":1,\"name\":\"Accueil\",\"item\":\"https:\/\/www.lavisqteam.fr\/\"},{\"@type\":\"ListItem\",\"position\":2,\"name\":\"Feux dans la Plaine\"}]},{\"@type\":\"WebSite\",\"@id\":\"https:\/\/www.lavisqteam.fr\/#website\",\"url\":\"https:\/\/www.lavisqteam.fr\/\",\"name\":\"Lavisqteam.fr\",\"description\":\"\",\"publisher\":{\"@id\":\"https:\/\/www.lavisqteam.fr\/#organization\"},\"potentialAction\":[{\"@type\":\"SearchAction\",\"target\":{\"@type\":\"EntryPoint\",\"urlTemplate\":\"https:\/\/www.lavisqteam.fr\/?s={search_term_string}\"},\"query-input\":\"required name=search_term_string\"}],\"inLanguage\":\"fr-FR\"},{\"@type\":\"Organization\",\"@id\":\"https:\/\/www.lavisqteam.fr\/#organization\",\"name\":\"Lavisqteam.fr\",\"url\":\"https:\/\/www.lavisqteam.fr\/\",\"sameAs\":[],\"logo\":{\"@type\":\"ImageObject\",\"inLanguage\":\"fr-FR\",\"@id\":\"https:\/\/www.lavisqteam.fr\/#\/schema\/logo\/image\/\",\"url\":\"https:\/\/www.lavisqteam.fr\/wp-content\/uploads\/2020\/08\/cropped-80879545_3479261675449035_4078032831501041664_o-4.jpg\",\"contentUrl\":\"https:\/\/www.lavisqteam.fr\/wp-content\/uploads\/2020\/08\/cropped-80879545_3479261675449035_4078032831501041664_o-4.jpg\",\"width\":1674,\"height\":536,\"caption\":\"Lavisqteam.fr\"},\"image\":{\"@id\":\"https:\/\/www.lavisqteam.fr\/#\/schema\/logo\/image\/\"}},{\"@type\":\"Person\",\"@id\":\"https:\/\/www.lavisqteam.fr\/#\/schema\/person\/f990b2bf003d200c5d343e528a040052\",\"name\":\"Dante\",\"image\":{\"@type\":\"ImageObject\",\"inLanguage\":\"fr-FR\",\"@id\":\"https:\/\/www.lavisqteam.fr\/#\/schema\/person\/image\/\",\"url\":\"https:\/\/secure.gravatar.com\/avatar\/247c2b515d1472e98f97043ac8393382?s=96&d=mm&r=g\",\"contentUrl\":\"https:\/\/secure.gravatar.com\/avatar\/247c2b515d1472e98f97043ac8393382?s=96&d=mm&r=g\",\"caption\":\"Dante\"},\"url\":\"https:\/\/www.lavisqteam.fr\/?author=5\"}]}<\/script>\n<!-- \/ Yoast SEO plugin. -->","yoast_head_json":{"title":"Feux dans la Plaine - Lavisqteam.fr","robots":{"index":"index","follow":"follow","max-snippet":"max-snippet:-1","max-image-preview":"max-image-preview:large","max-video-preview":"max-video-preview:-1"},"canonical":"https:\/\/www.lavisqteam.fr\/?p=72183","og_locale":"fr_FR","og_type":"article","og_title":"Feux dans la Plaine - Lavisqteam.fr","og_description":"Titre Original&nbsp;: Nobi De&nbsp;: Kon Ichikawa Avec Eiji Funakoshi, Mickey Curtis, Masoya Tsukita, Yasushi Sugita Ann\u00e9e&nbsp;: 1959 Pays&nbsp;: Japon Genre&nbsp;: Guerre R\u00e9sum\u00e9&nbsp;: A la fin &hellip;","og_url":"https:\/\/www.lavisqteam.fr\/?p=72183","og_site_name":"Lavisqteam.fr","article_published_time":"2023-12-17T12:49:10+00:00","article_modified_time":"2023-12-17T12:49:14+00:00","og_image":[{"width":727,"height":395,"url":"https:\/\/www.lavisqteam.fr\/wp-content\/uploads\/2023\/12\/feux.jpg","type":"image\/jpeg"}],"author":"Dante","twitter_card":"summary_large_image","twitter_image":"https:\/\/www.lavisqteam.fr\/wp-content\/uploads\/2023\/12\/feux.jpg","twitter_misc":{"\u00c9crit par":"Dante","Dur\u00e9e de lecture estim\u00e9e":"5 minutes"},"schema":{"@context":"https:\/\/schema.org","@graph":[{"@type":"Article","@id":"https:\/\/www.lavisqteam.fr\/?p=72183#article","isPartOf":{"@id":"https:\/\/www.lavisqteam.fr\/?p=72183"},"author":{"name":"Dante","@id":"https:\/\/www.lavisqteam.fr\/#\/schema\/person\/f990b2bf003d200c5d343e528a040052"},"headline":"Feux dans la Plaine","datePublished":"2023-12-17T12:49:10+00:00","dateModified":"2023-12-17T12:49:14+00:00","mainEntityOfPage":{"@id":"https:\/\/www.lavisqteam.fr\/?p=72183"},"wordCount":891,"commentCount":0,"publisher":{"@id":"https:\/\/www.lavisqteam.fr\/#organization"},"articleSection":["Cin\u00e9ma"],"inLanguage":"fr-FR","potentialAction":[{"@type":"CommentAction","name":"Comment","target":["https:\/\/www.lavisqteam.fr\/?p=72183#respond"]}]},{"@type":"WebPage","@id":"https:\/\/www.lavisqteam.fr\/?p=72183","url":"https:\/\/www.lavisqteam.fr\/?p=72183","name":"Feux dans la Plaine - Lavisqteam.fr","isPartOf":{"@id":"https:\/\/www.lavisqteam.fr\/#website"},"datePublished":"2023-12-17T12:49:10+00:00","dateModified":"2023-12-17T12:49:14+00:00","breadcrumb":{"@id":"https:\/\/www.lavisqteam.fr\/?p=72183#breadcrumb"},"inLanguage":"fr-FR","potentialAction":[{"@type":"ReadAction","target":["https:\/\/www.lavisqteam.fr\/?p=72183"]}]},{"@type":"BreadcrumbList","@id":"https:\/\/www.lavisqteam.fr\/?p=72183#breadcrumb","itemListElement":[{"@type":"ListItem","position":1,"name":"Accueil","item":"https:\/\/www.lavisqteam.fr\/"},{"@type":"ListItem","position":2,"name":"Feux dans la Plaine"}]},{"@type":"WebSite","@id":"https:\/\/www.lavisqteam.fr\/#website","url":"https:\/\/www.lavisqteam.fr\/","name":"Lavisqteam.fr","description":"","publisher":{"@id":"https:\/\/www.lavisqteam.fr\/#organization"},"potentialAction":[{"@type":"SearchAction","target":{"@type":"EntryPoint","urlTemplate":"https:\/\/www.lavisqteam.fr\/?s={search_term_string}"},"query-input":"required name=search_term_string"}],"inLanguage":"fr-FR"},{"@type":"Organization","@id":"https:\/\/www.lavisqteam.fr\/#organization","name":"Lavisqteam.fr","url":"https:\/\/www.lavisqteam.fr\/","sameAs":[],"logo":{"@type":"ImageObject","inLanguage":"fr-FR","@id":"https:\/\/www.lavisqteam.fr\/#\/schema\/logo\/image\/","url":"https:\/\/www.lavisqteam.fr\/wp-content\/uploads\/2020\/08\/cropped-80879545_3479261675449035_4078032831501041664_o-4.jpg","contentUrl":"https:\/\/www.lavisqteam.fr\/wp-content\/uploads\/2020\/08\/cropped-80879545_3479261675449035_4078032831501041664_o-4.jpg","width":1674,"height":536,"caption":"Lavisqteam.fr"},"image":{"@id":"https:\/\/www.lavisqteam.fr\/#\/schema\/logo\/image\/"}},{"@type":"Person","@id":"https:\/\/www.lavisqteam.fr\/#\/schema\/person\/f990b2bf003d200c5d343e528a040052","name":"Dante","image":{"@type":"ImageObject","inLanguage":"fr-FR","@id":"https:\/\/www.lavisqteam.fr\/#\/schema\/person\/image\/","url":"https:\/\/secure.gravatar.com\/avatar\/247c2b515d1472e98f97043ac8393382?s=96&d=mm&r=g","contentUrl":"https:\/\/secure.gravatar.com\/avatar\/247c2b515d1472e98f97043ac8393382?s=96&d=mm&r=g","caption":"Dante"},"url":"https:\/\/www.lavisqteam.fr\/?author=5"}]}},"jetpack_featured_media_url":"https:\/\/www.lavisqteam.fr\/wp-content\/uploads\/2023\/12\/feux.jpg","_links":{"self":[{"href":"https:\/\/www.lavisqteam.fr\/index.php?rest_route=\/wp\/v2\/posts\/72183"}],"collection":[{"href":"https:\/\/www.lavisqteam.fr\/index.php?rest_route=\/wp\/v2\/posts"}],"about":[{"href":"https:\/\/www.lavisqteam.fr\/index.php?rest_route=\/wp\/v2\/types\/post"}],"author":[{"embeddable":true,"href":"https:\/\/www.lavisqteam.fr\/index.php?rest_route=\/wp\/v2\/users\/5"}],"replies":[{"embeddable":true,"href":"https:\/\/www.lavisqteam.fr\/index.php?rest_route=%2Fwp%2Fv2%2Fcomments&post=72183"}],"version-history":[{"count":1,"href":"https:\/\/www.lavisqteam.fr\/index.php?rest_route=\/wp\/v2\/posts\/72183\/revisions"}],"predecessor-version":[{"id":72188,"href":"https:\/\/www.lavisqteam.fr\/index.php?rest_route=\/wp\/v2\/posts\/72183\/revisions\/72188"}],"wp:featuredmedia":[{"embeddable":true,"href":"https:\/\/www.lavisqteam.fr\/index.php?rest_route=\/wp\/v2\/media\/72187"}],"wp:attachment":[{"href":"https:\/\/www.lavisqteam.fr\/index.php?rest_route=%2Fwp%2Fv2%2Fmedia&parent=72183"}],"wp:term":[{"taxonomy":"category","embeddable":true,"href":"https:\/\/www.lavisqteam.fr\/index.php?rest_route=%2Fwp%2Fv2%2Fcategories&post=72183"},{"taxonomy":"post_tag","embeddable":true,"href":"https:\/\/www.lavisqteam.fr\/index.php?rest_route=%2Fwp%2Fv2%2Ftags&post=72183"}],"curies":[{"name":"wp","href":"https:\/\/api.w.org\/{rel}","templated":true}]}}