{"id":72168,"date":"2023-12-17T10:31:20","date_gmt":"2023-12-17T10:31:20","guid":{"rendered":"https:\/\/www.lavisqteam.fr\/?p=72168"},"modified":"2024-01-29T19:37:19","modified_gmt":"2024-01-29T19:37:19","slug":"sergent-major-eismayer-etre-gay-dans-larmee","status":"publish","type":"post","link":"https:\/\/www.lavisqteam.fr\/?p=72168","title":{"rendered":"Sergent Major Eismayer &#8211; \u00catre Gay dans l&rsquo;Arm\u00e9e"},"content":{"rendered":"<div class=\"wp-block-image\">\n<figure class=\"aligncenter size-large is-resized\"><a href=\"https:\/\/www.lavisqteam.fr\/wp-content\/uploads\/2023\/12\/4917413.jpg-r_1920_1080-f_jpg-q_x-xxyxx.jpg\"><img src=\"https:\/\/www.lavisqteam.fr\/wp-content\/uploads\/2023\/12\/4917413.jpg-r_1920_1080-f_jpg-q_x-xxyxx-723x1024.jpg\" alt=\"\" class=\"wp-image-72169\" width=\"600\" srcset=\"https:\/\/www.lavisqteam.fr\/wp-content\/uploads\/2023\/12\/4917413.jpg-r_1920_1080-f_jpg-q_x-xxyxx-723x1024.jpg 723w, https:\/\/www.lavisqteam.fr\/wp-content\/uploads\/2023\/12\/4917413.jpg-r_1920_1080-f_jpg-q_x-xxyxx-212x300.jpg 212w, https:\/\/www.lavisqteam.fr\/wp-content\/uploads\/2023\/12\/4917413.jpg-r_1920_1080-f_jpg-q_x-xxyxx.jpg 763w\" sizes=\"(max-width: 723px) 100vw, 723px\" \/><\/a><\/figure><\/div>\n\n\n<p><strong>Titre Original&nbsp;: <\/strong>Eismayer<\/p>\n\n\n\n<p><strong>De&nbsp;: <\/strong>David Wagner<\/p>\n\n\n\n<p><strong>Avec <\/strong>Gerhard Liebmann, Luka Dimic, Julia Koschitz, Anton Noori<\/p>\n\n\n\n<p><strong>Ann\u00e9e&nbsp;: <\/strong>2023<\/p>\n\n\n\n<p><strong>Pays&nbsp;: <\/strong>Autriche<\/p>\n\n\n\n<p><strong>Genre&nbsp;: <\/strong>Drame<\/p>\n\n\n\n<p><strong>R\u00e9sum\u00e9&nbsp;:<\/strong><\/p>\n\n\n\n<p>Charles Eismayer est l\u2019instructeur le plus redout\u00e9 de l\u2019arm\u00e9e autrichienne. Mais Mario, fra\u00eechement arriv\u00e9 \u00e0 la caserne, ne se laisse pas intimider. R\u00e9solu, il lui tient t\u00eate et affiche ouvertement son homosexualit\u00e9, mettant \u00e0 l\u2019\u00e9preuve la vision du monde apparemment conservatrice du sergent-major, qui m\u00e8ne en r\u00e9alit\u00e9 une double vie. Brusqu\u00e9 par le comportement provocant de Mario, Eismayer voit ses convictions s\u2019\u00e9branler jour apr\u00e8s jour, et des sentiments inattendus naissent entre les deux hommes.<\/p>\n\n\n\n<p><strong>Avis&nbsp;:<\/strong><\/p>\n\n\n\n<p>Aujourd&rsquo;hui, c&rsquo;est en Autriche qu&rsquo;on pose nos yeux de cin\u00e9phile. <em>David Wagner<\/em>, la quarantaine, est un cin\u00e9aste qui a d\u00e9but\u00e9 sa carri\u00e8re au cours des ann\u00e9es 2000. S\u2019il r\u00e9alise des courts et des moyens m\u00e9trages, il se fait aussi la main en tant qu&rsquo;assistant r\u00e9alisateur, mais aussi et surtout r\u00e9alisateur de deuxi\u00e8me \u00e9quipe, notamment sur des s\u00e9ries t\u00e9l\u00e9 autrichiennes, qui sont encore in\u00e9dites chez nous (et je doute qu&rsquo;elles arrivent jusqu&rsquo;\u00e0 chez nous malgr\u00e9 les plateformes). S\u2019il va r\u00e9aliser des courts-m\u00e9trages jusqu&rsquo;en 2017, c&rsquo;est en 2013 que sa carri\u00e8re prend une tout autre tournure, puisque cette ann\u00e9e-l\u00e0, il se retrouve \u00e0 r\u00e9aliser les cinq \u00e9pisodes de la s\u00e9rie documentaire \u00ab\u00a0<strong>Africa Race: Zwei Br\u00fcder zwischen Paris und Dakar<\/strong>\u00ab\u00a0. L\u00e0 encore, cette s\u00e9rie est in\u00e9dite, mais c&rsquo;est la premi\u00e8re fois qu&rsquo;il a un si \u00ab\u00a0gros\u00a0\u00bb projet.<\/p>\n\n\n<div class=\"wp-block-image\">\n<figure class=\"aligncenter size-large is-resized\"><a href=\"https:\/\/www.lavisqteam.fr\/wp-content\/uploads\/2023\/12\/411337250_7004556762913447_7047405028348037999_n.gif\"><img src=\"https:\/\/www.lavisqteam.fr\/wp-content\/uploads\/2023\/12\/411337250_7004556762913447_7047405028348037999_n-1024x569.gif\" alt=\"\" class=\"wp-image-72171\" width=\"600\" srcset=\"https:\/\/www.lavisqteam.fr\/wp-content\/uploads\/2023\/12\/411337250_7004556762913447_7047405028348037999_n-1024x569.gif 1024w, https:\/\/www.lavisqteam.fr\/wp-content\/uploads\/2023\/12\/411337250_7004556762913447_7047405028348037999_n-300x167.gif 300w, https:\/\/www.lavisqteam.fr\/wp-content\/uploads\/2023\/12\/411337250_7004556762913447_7047405028348037999_n-768x427.gif 768w, https:\/\/www.lavisqteam.fr\/wp-content\/uploads\/2023\/12\/411337250_7004556762913447_7047405028348037999_n-1536x853.gif 1536w\" sizes=\"(max-width: 1024px) 100vw, 1024px\" \/><\/a><\/figure><\/div>\n\n\n<p>Pour son premier film, <em>David Wagner<\/em> n&rsquo;a pas choisi la facilit\u00e9, puisqu&rsquo;il s&rsquo;aventure ici avec un film qui touche \u00e0 l&rsquo;homosexualit\u00e9 dans l&rsquo;arm\u00e9e et derri\u00e8re \u00e7a, il r\u00e9alise un drame romantique, autant dire que le sujet est plut\u00f4t casse gueule. Et si le film n&rsquo;\u00e9vite pas quelques caricatures, notamment avec le personnage de ce major harceleur, sur son ensemble, il se pose surtout comme un joli film, touchant et bien men\u00e9. Puis avec \u00e7a, au travers de son sujet, le r\u00e9alisateur \u00e9voque tout un tas de th\u00e9matiques qui d\u00e9montrent encore une fois que m\u00eame aujourd&rsquo;hui, vivre simplement, aux yeux de tous, n&rsquo;est pas toujours simple.<\/p>\n\n\n\n<h2 class=\"has-text-align-center\">\u00ab\u00a0<em>David Wagner<\/em> livre un joli film qui parle avant tout d&rsquo;une fa\u00e7on de vivre son homosexualit\u00e9.\u00a0\u00bb<\/h2>\n\n\n\n<p>Mario Fallak, la vingtaine, s&rsquo;engage dans l&rsquo;arm\u00e9e. A la caserne, il fait la connaissance de Charles Eismayer, un sergent instructeur tyrannique aux m\u00e9thodes d\u00e9pass\u00e9es. Alors que les jeunes recrues entrent parfaitement dans les rangs, malgr\u00e9 les m\u00e9thodes douteuses et les hurlements, Mario, lui, tient t\u00eate \u00e0 cet homme, et pire encore, Mario \u00e9tant homosexuel, il le revendique. Eismayer se voit alors totalement perturb\u00e9 par le jeune homme, car cette assurance qu&rsquo;a Mario le renvoie directement \u00e0 sa propre histoire, et surtout sa propre l\u00e2chet\u00e9.<\/p>\n\n\n\n<p>L&rsquo;amour entre hommes dans l&rsquo;arm\u00e9e, en voil\u00e0 un sujet qui est int\u00e9ressant, et avec \u00ab\u00a0<strong>Sergent Major Eismayer<\/strong>\u00ab\u00a0, <em>David Wagner<\/em> livre un joli film qui parle avant tout d&rsquo;une fa\u00e7on de vivre son homosexualit\u00e9, en peignant deux personnages, d&rsquo;\u00e2ges et de rangs tr\u00e8s diff\u00e9rents, qui vont se rencontrer contre toute attente, et surtout derri\u00e8re \u00e7a, le film montre deux fa\u00e7ons de vivre. D&rsquo;un c\u00f4t\u00e9, avec ce sergent bien trop dur, il y a une homosexualit\u00e9 honteuse et cach\u00e9e, on peut m\u00eame dire une homosexualit\u00e9 clandestine, avec des petits coups ici et l\u00e0, loin des regards. Une homosexualit\u00e9 qui n\u2019a pu \u00eatre v\u00e9cue que comme cela, face \u00e0 une \u00e9poque, des parents ferm\u00e9s, et surtout l&rsquo;id\u00e9e que \u00e7a va passer. Puis de l&rsquo;autre, il y a une homosexualit\u00e9 assum\u00e9e et ouverte avec ce jeune homme d&rsquo;une vingtaine d&rsquo;ann\u00e9es, qui n&rsquo;a aucune envie de se renier et de vivre dans l&rsquo;ombre.<\/p>\n\n\n\n<p>Confronter ces deux fa\u00e7ons de vivre est franchement int\u00e9ressant, et \u00e7a l&rsquo;est encore plus lorsque le film pose son d\u00e9cor dans l&rsquo;arm\u00e9e, o\u00f9 l&rsquo;on sait que l&rsquo;homosexualit\u00e9 n&rsquo;est pas franchement la bienvenue. Si le film v\u00e9hicule avec lui tout un tas de messages, ce qui est le plus appr\u00e9ciable, et ce qui touche, c&rsquo;est qu&rsquo;il \u00e9vite le film militant poussif, pour finalement ne parler que d&rsquo;une histoire d&rsquo;amour. Un amour naissant l\u00e0 o\u00f9 personne ne s&rsquo;y attend, pas m\u00eame les personnages.<\/p>\n\n\n\n<h2 class=\"has-text-align-center\">\u00ab\u00a0<em>Luka Dimic<\/em>, qui incarne Mario, est parfait et saisissant de bout en bout de film.\u00a0\u00bb<\/h2>\n\n\n\n<p>C&rsquo;est vrai que le sc\u00e9nario est simple, mais il est suffisamment bien construit et pens\u00e9 pour qu&rsquo;on se laisse entra\u00eener de bout en bout de film, malgr\u00e9 parfois des grosseurs et des caricatures, notamment en d\u00e9but de film, lorsque ce dernier peint ce Sergent Major Eismayer qui ferait passer le sergent instructeur Hartman de \u00ab\u00a0<strong>Full Metal Jacket<\/strong>\u00a0\u00bb pour Oui-Oui. Franchement, ses hurlements sont parfois un peu trop, m\u00eame si en arri\u00e8re-fond, on peut y voir toute la frustration, voire la col\u00e8re, qui habite ce personnage, qui se cache et se ment depuis des d\u00e9cennies.<\/p>\n\n\n\n<p>C&rsquo;est dommage car ce manque de mesure a quelque peu tendance \u00e0 ab\u00eemer le film, et surtout la prestation de <em>Gerhard Liebmann<\/em> qui, pour le coup, est en accord\u00e9on, avec cette id\u00e9e que lorsqu&rsquo;on regarde \u00e0 droite, il y a un c\u00f4t\u00e9 cheap, et lorsqu&rsquo;on regarde \u00e0 gauche, une fois que le personnage se calme et laisse entrevoir ses f\u00ealures, il appara\u00eet vraiment beau et touchant. Dans un autre sens, <em>Luka Dimic<\/em>, qui incarne Mario, est parfait et saisissant de bout en bout de film.<\/p>\n\n\n<div class=\"wp-block-image\">\n<figure class=\"aligncenter size-large is-resized\"><a href=\"https:\/\/www.lavisqteam.fr\/wp-content\/uploads\/2023\/12\/411404670_710343324389675_4001958304368550166_n.gif\"><img src=\"https:\/\/www.lavisqteam.fr\/wp-content\/uploads\/2023\/12\/411404670_710343324389675_4001958304368550166_n-1024x569.gif\" alt=\"\" class=\"wp-image-72170\" width=\"600\" srcset=\"https:\/\/www.lavisqteam.fr\/wp-content\/uploads\/2023\/12\/411404670_710343324389675_4001958304368550166_n-1024x569.gif 1024w, https:\/\/www.lavisqteam.fr\/wp-content\/uploads\/2023\/12\/411404670_710343324389675_4001958304368550166_n-300x167.gif 300w, https:\/\/www.lavisqteam.fr\/wp-content\/uploads\/2023\/12\/411404670_710343324389675_4001958304368550166_n-768x427.gif 768w, https:\/\/www.lavisqteam.fr\/wp-content\/uploads\/2023\/12\/411404670_710343324389675_4001958304368550166_n-1536x853.gif 1536w\" sizes=\"(max-width: 1024px) 100vw, 1024px\" \/><\/a><\/figure><\/div>\n\n\n<p>Avec son sujet int\u00e9ressant et cette relation qui \u00e9volue joliment pour aller vers une belle histoire d&rsquo;amour qui affronte les diff\u00e9rences et la peur du regard de l&rsquo;autre, surtout dans l&rsquo;arm\u00e9e, \u00ab\u00a0<strong>Sergent Major Eismayer<\/strong>\u00a0\u00bb se pose comme un joli film. Peut-\u00eatre pas aussi touchant qu&rsquo;il le laissait pr\u00e9sager, mais malgr\u00e9 ces petits d\u00e9fauts, et ce manque de \u00ab\u00a0bouleversement\u00a0\u00bb, ce premier film de <em>David Wagner<\/em> m&rsquo;aura fait passer un bon moment, en compagnie de beaux personnages, et d&rsquo;acteurs (m\u00eame si, comme je le disais, c&rsquo;est parfois un peu trop) qui sont excellents. Apr\u00e8s ce premier film, je reste curieux de voir o\u00f9 le jeune cin\u00e9aste ira avec un prochain film. \u00c0 voir donc, enfin \u00e7a, c&rsquo;est si vous avez la chance d&rsquo;avoir l&rsquo;un des neuf cin\u00e9mas qui le joue pr\u00e8s de chez vous.<\/p>\n\n\n\n<p><strong>Note\u00a0: 12,5\/20<\/strong><\/p>\n\n\n\n<figure class=\"wp-block-embed is-type-video is-provider-youtube wp-block-embed-youtube wp-embed-aspect-16-9 wp-has-aspect-ratio\"><div class=\"wp-block-embed__wrapper\">\n<iframe loading=\"lazy\" title=\"Sergent Major Eismayer (bande-annonce)\" width=\"1200\" height=\"675\" src=\"https:\/\/www.youtube.com\/embed\/p0diVdFDJZE?feature=oembed\" frameborder=\"0\" allow=\"accelerometer; autoplay; clipboard-write; encrypted-media; gyroscope; picture-in-picture; web-share\" allowfullscreen><\/iframe>\n<\/div><\/figure>\n\n\n\n<p class=\"has-text-align-right\">Par <strong>Cin\u00e9ted<\/strong><\/p>\n","protected":false},"excerpt":{"rendered":"<p>Titre Original&nbsp;: Eismayer De&nbsp;: David Wagner Avec Gerhard Liebmann, Luka Dimic, Julia Koschitz, Anton Noori Ann\u00e9e&nbsp;: 2023 Pays&nbsp;: Autriche Genre&nbsp;: Drame R\u00e9sum\u00e9&nbsp;: Charles Eismayer est &hellip; <\/p>\n","protected":false},"author":4,"featured_media":72172,"comment_status":"open","ping_status":"open","sticky":false,"template":"","format":"standard","meta":[],"categories":[7],"tags":[],"yoast_head":"<!-- This site is optimized with the Yoast SEO plugin v19.6.1 - https:\/\/yoast.com\/wordpress\/plugins\/seo\/ -->\n<title>Sergent Major Eismayer - \u00catre Gay dans l&#039;Arm\u00e9e - Lavisqteam.fr<\/title>\n<meta name=\"robots\" content=\"index, follow, max-snippet:-1, max-image-preview:large, max-video-preview:-1\" \/>\n<link rel=\"canonical\" href=\"https:\/\/www.lavisqteam.fr\/?p=72168\" \/>\n<meta property=\"og:locale\" content=\"fr_FR\" \/>\n<meta property=\"og:type\" content=\"article\" \/>\n<meta property=\"og:title\" content=\"Sergent Major Eismayer - \u00catre Gay dans l&#039;Arm\u00e9e - Lavisqteam.fr\" \/>\n<meta property=\"og:description\" content=\"Titre Original&nbsp;: Eismayer De&nbsp;: David Wagner Avec Gerhard Liebmann, Luka Dimic, Julia Koschitz, Anton Noori Ann\u00e9e&nbsp;: 2023 Pays&nbsp;: Autriche Genre&nbsp;: Drame R\u00e9sum\u00e9&nbsp;: Charles Eismayer est &hellip;\" \/>\n<meta property=\"og:url\" content=\"https:\/\/www.lavisqteam.fr\/?p=72168\" \/>\n<meta property=\"og:site_name\" content=\"Lavisqteam.fr\" \/>\n<meta property=\"article:published_time\" content=\"2023-12-17T10:31:20+00:00\" \/>\n<meta property=\"article:modified_time\" content=\"2024-01-29T19:37:19+00:00\" \/>\n<meta property=\"og:image\" content=\"https:\/\/www.lavisqteam.fr\/wp-content\/uploads\/2023\/12\/serg.jpg\" \/>\n\t<meta property=\"og:image:width\" content=\"727\" \/>\n\t<meta property=\"og:image:height\" content=\"395\" \/>\n\t<meta property=\"og:image:type\" content=\"image\/jpeg\" \/>\n<meta name=\"author\" content=\"Cineted\" \/>\n<meta name=\"twitter:card\" content=\"summary_large_image\" \/>\n<meta name=\"twitter:image\" content=\"https:\/\/www.lavisqteam.fr\/wp-content\/uploads\/2023\/12\/serg.jpg\" \/>\n<meta name=\"twitter:label1\" content=\"\u00c9crit par\" \/>\n\t<meta name=\"twitter:data1\" content=\"Cineted\" \/>\n\t<meta name=\"twitter:label2\" content=\"Dur\u00e9e de lecture estim\u00e9e\" \/>\n\t<meta name=\"twitter:data2\" content=\"6 minutes\" \/>\n<script type=\"application\/ld+json\" class=\"yoast-schema-graph\">{\"@context\":\"https:\/\/schema.org\",\"@graph\":[{\"@type\":\"Article\",\"@id\":\"https:\/\/www.lavisqteam.fr\/?p=72168#article\",\"isPartOf\":{\"@id\":\"https:\/\/www.lavisqteam.fr\/?p=72168\"},\"author\":{\"name\":\"Cineted\",\"@id\":\"https:\/\/www.lavisqteam.fr\/#\/schema\/person\/4ed7295b68bc3daae9094db5f1f9f913\"},\"headline\":\"Sergent Major Eismayer &#8211; \u00catre Gay dans l&rsquo;Arm\u00e9e\",\"datePublished\":\"2023-12-17T10:31:20+00:00\",\"dateModified\":\"2024-01-29T19:37:19+00:00\",\"mainEntityOfPage\":{\"@id\":\"https:\/\/www.lavisqteam.fr\/?p=72168\"},\"wordCount\":1107,\"commentCount\":0,\"publisher\":{\"@id\":\"https:\/\/www.lavisqteam.fr\/#organization\"},\"articleSection\":[\"Cin\u00e9ma\"],\"inLanguage\":\"fr-FR\",\"potentialAction\":[{\"@type\":\"CommentAction\",\"name\":\"Comment\",\"target\":[\"https:\/\/www.lavisqteam.fr\/?p=72168#respond\"]}]},{\"@type\":\"WebPage\",\"@id\":\"https:\/\/www.lavisqteam.fr\/?p=72168\",\"url\":\"https:\/\/www.lavisqteam.fr\/?p=72168\",\"name\":\"Sergent Major Eismayer - \u00catre Gay dans l'Arm\u00e9e - Lavisqteam.fr\",\"isPartOf\":{\"@id\":\"https:\/\/www.lavisqteam.fr\/#website\"},\"datePublished\":\"2023-12-17T10:31:20+00:00\",\"dateModified\":\"2024-01-29T19:37:19+00:00\",\"breadcrumb\":{\"@id\":\"https:\/\/www.lavisqteam.fr\/?p=72168#breadcrumb\"},\"inLanguage\":\"fr-FR\",\"potentialAction\":[{\"@type\":\"ReadAction\",\"target\":[\"https:\/\/www.lavisqteam.fr\/?p=72168\"]}]},{\"@type\":\"BreadcrumbList\",\"@id\":\"https:\/\/www.lavisqteam.fr\/?p=72168#breadcrumb\",\"itemListElement\":[{\"@type\":\"ListItem\",\"position\":1,\"name\":\"Accueil\",\"item\":\"https:\/\/www.lavisqteam.fr\/\"},{\"@type\":\"ListItem\",\"position\":2,\"name\":\"Sergent Major Eismayer &#8211; \u00catre Gay dans l&rsquo;Arm\u00e9e\"}]},{\"@type\":\"WebSite\",\"@id\":\"https:\/\/www.lavisqteam.fr\/#website\",\"url\":\"https:\/\/www.lavisqteam.fr\/\",\"name\":\"Lavisqteam.fr\",\"description\":\"\",\"publisher\":{\"@id\":\"https:\/\/www.lavisqteam.fr\/#organization\"},\"potentialAction\":[{\"@type\":\"SearchAction\",\"target\":{\"@type\":\"EntryPoint\",\"urlTemplate\":\"https:\/\/www.lavisqteam.fr\/?s={search_term_string}\"},\"query-input\":\"required name=search_term_string\"}],\"inLanguage\":\"fr-FR\"},{\"@type\":\"Organization\",\"@id\":\"https:\/\/www.lavisqteam.fr\/#organization\",\"name\":\"Lavisqteam.fr\",\"url\":\"https:\/\/www.lavisqteam.fr\/\",\"sameAs\":[],\"logo\":{\"@type\":\"ImageObject\",\"inLanguage\":\"fr-FR\",\"@id\":\"https:\/\/www.lavisqteam.fr\/#\/schema\/logo\/image\/\",\"url\":\"https:\/\/www.lavisqteam.fr\/wp-content\/uploads\/2020\/08\/cropped-80879545_3479261675449035_4078032831501041664_o-4.jpg\",\"contentUrl\":\"https:\/\/www.lavisqteam.fr\/wp-content\/uploads\/2020\/08\/cropped-80879545_3479261675449035_4078032831501041664_o-4.jpg\",\"width\":1674,\"height\":536,\"caption\":\"Lavisqteam.fr\"},\"image\":{\"@id\":\"https:\/\/www.lavisqteam.fr\/#\/schema\/logo\/image\/\"}},{\"@type\":\"Person\",\"@id\":\"https:\/\/www.lavisqteam.fr\/#\/schema\/person\/4ed7295b68bc3daae9094db5f1f9f913\",\"name\":\"Cineted\",\"image\":{\"@type\":\"ImageObject\",\"inLanguage\":\"fr-FR\",\"@id\":\"https:\/\/www.lavisqteam.fr\/#\/schema\/person\/image\/\",\"url\":\"https:\/\/secure.gravatar.com\/avatar\/2d66d0012368c91013200ba69885bddd?s=96&d=mm&r=g\",\"contentUrl\":\"https:\/\/secure.gravatar.com\/avatar\/2d66d0012368c91013200ba69885bddd?s=96&d=mm&r=g\",\"caption\":\"Cineted\"},\"url\":\"https:\/\/www.lavisqteam.fr\/?author=4\"}]}<\/script>\n<!-- \/ Yoast SEO plugin. -->","yoast_head_json":{"title":"Sergent Major Eismayer - \u00catre Gay dans l'Arm\u00e9e - Lavisqteam.fr","robots":{"index":"index","follow":"follow","max-snippet":"max-snippet:-1","max-image-preview":"max-image-preview:large","max-video-preview":"max-video-preview:-1"},"canonical":"https:\/\/www.lavisqteam.fr\/?p=72168","og_locale":"fr_FR","og_type":"article","og_title":"Sergent Major Eismayer - \u00catre Gay dans l'Arm\u00e9e - Lavisqteam.fr","og_description":"Titre Original&nbsp;: Eismayer De&nbsp;: David Wagner Avec Gerhard Liebmann, Luka Dimic, Julia Koschitz, Anton Noori Ann\u00e9e&nbsp;: 2023 Pays&nbsp;: Autriche Genre&nbsp;: Drame R\u00e9sum\u00e9&nbsp;: Charles Eismayer est &hellip;","og_url":"https:\/\/www.lavisqteam.fr\/?p=72168","og_site_name":"Lavisqteam.fr","article_published_time":"2023-12-17T10:31:20+00:00","article_modified_time":"2024-01-29T19:37:19+00:00","og_image":[{"width":727,"height":395,"url":"https:\/\/www.lavisqteam.fr\/wp-content\/uploads\/2023\/12\/serg.jpg","type":"image\/jpeg"}],"author":"Cineted","twitter_card":"summary_large_image","twitter_image":"https:\/\/www.lavisqteam.fr\/wp-content\/uploads\/2023\/12\/serg.jpg","twitter_misc":{"\u00c9crit par":"Cineted","Dur\u00e9e de lecture estim\u00e9e":"6 minutes"},"schema":{"@context":"https:\/\/schema.org","@graph":[{"@type":"Article","@id":"https:\/\/www.lavisqteam.fr\/?p=72168#article","isPartOf":{"@id":"https:\/\/www.lavisqteam.fr\/?p=72168"},"author":{"name":"Cineted","@id":"https:\/\/www.lavisqteam.fr\/#\/schema\/person\/4ed7295b68bc3daae9094db5f1f9f913"},"headline":"Sergent Major Eismayer &#8211; \u00catre Gay dans l&rsquo;Arm\u00e9e","datePublished":"2023-12-17T10:31:20+00:00","dateModified":"2024-01-29T19:37:19+00:00","mainEntityOfPage":{"@id":"https:\/\/www.lavisqteam.fr\/?p=72168"},"wordCount":1107,"commentCount":0,"publisher":{"@id":"https:\/\/www.lavisqteam.fr\/#organization"},"articleSection":["Cin\u00e9ma"],"inLanguage":"fr-FR","potentialAction":[{"@type":"CommentAction","name":"Comment","target":["https:\/\/www.lavisqteam.fr\/?p=72168#respond"]}]},{"@type":"WebPage","@id":"https:\/\/www.lavisqteam.fr\/?p=72168","url":"https:\/\/www.lavisqteam.fr\/?p=72168","name":"Sergent Major Eismayer - \u00catre Gay dans l'Arm\u00e9e - Lavisqteam.fr","isPartOf":{"@id":"https:\/\/www.lavisqteam.fr\/#website"},"datePublished":"2023-12-17T10:31:20+00:00","dateModified":"2024-01-29T19:37:19+00:00","breadcrumb":{"@id":"https:\/\/www.lavisqteam.fr\/?p=72168#breadcrumb"},"inLanguage":"fr-FR","potentialAction":[{"@type":"ReadAction","target":["https:\/\/www.lavisqteam.fr\/?p=72168"]}]},{"@type":"BreadcrumbList","@id":"https:\/\/www.lavisqteam.fr\/?p=72168#breadcrumb","itemListElement":[{"@type":"ListItem","position":1,"name":"Accueil","item":"https:\/\/www.lavisqteam.fr\/"},{"@type":"ListItem","position":2,"name":"Sergent Major Eismayer &#8211; \u00catre Gay dans l&rsquo;Arm\u00e9e"}]},{"@type":"WebSite","@id":"https:\/\/www.lavisqteam.fr\/#website","url":"https:\/\/www.lavisqteam.fr\/","name":"Lavisqteam.fr","description":"","publisher":{"@id":"https:\/\/www.lavisqteam.fr\/#organization"},"potentialAction":[{"@type":"SearchAction","target":{"@type":"EntryPoint","urlTemplate":"https:\/\/www.lavisqteam.fr\/?s={search_term_string}"},"query-input":"required name=search_term_string"}],"inLanguage":"fr-FR"},{"@type":"Organization","@id":"https:\/\/www.lavisqteam.fr\/#organization","name":"Lavisqteam.fr","url":"https:\/\/www.lavisqteam.fr\/","sameAs":[],"logo":{"@type":"ImageObject","inLanguage":"fr-FR","@id":"https:\/\/www.lavisqteam.fr\/#\/schema\/logo\/image\/","url":"https:\/\/www.lavisqteam.fr\/wp-content\/uploads\/2020\/08\/cropped-80879545_3479261675449035_4078032831501041664_o-4.jpg","contentUrl":"https:\/\/www.lavisqteam.fr\/wp-content\/uploads\/2020\/08\/cropped-80879545_3479261675449035_4078032831501041664_o-4.jpg","width":1674,"height":536,"caption":"Lavisqteam.fr"},"image":{"@id":"https:\/\/www.lavisqteam.fr\/#\/schema\/logo\/image\/"}},{"@type":"Person","@id":"https:\/\/www.lavisqteam.fr\/#\/schema\/person\/4ed7295b68bc3daae9094db5f1f9f913","name":"Cineted","image":{"@type":"ImageObject","inLanguage":"fr-FR","@id":"https:\/\/www.lavisqteam.fr\/#\/schema\/person\/image\/","url":"https:\/\/secure.gravatar.com\/avatar\/2d66d0012368c91013200ba69885bddd?s=96&d=mm&r=g","contentUrl":"https:\/\/secure.gravatar.com\/avatar\/2d66d0012368c91013200ba69885bddd?s=96&d=mm&r=g","caption":"Cineted"},"url":"https:\/\/www.lavisqteam.fr\/?author=4"}]}},"jetpack_featured_media_url":"https:\/\/www.lavisqteam.fr\/wp-content\/uploads\/2023\/12\/serg.jpg","_links":{"self":[{"href":"https:\/\/www.lavisqteam.fr\/index.php?rest_route=\/wp\/v2\/posts\/72168"}],"collection":[{"href":"https:\/\/www.lavisqteam.fr\/index.php?rest_route=\/wp\/v2\/posts"}],"about":[{"href":"https:\/\/www.lavisqteam.fr\/index.php?rest_route=\/wp\/v2\/types\/post"}],"author":[{"embeddable":true,"href":"https:\/\/www.lavisqteam.fr\/index.php?rest_route=\/wp\/v2\/users\/4"}],"replies":[{"embeddable":true,"href":"https:\/\/www.lavisqteam.fr\/index.php?rest_route=%2Fwp%2Fv2%2Fcomments&post=72168"}],"version-history":[{"count":1,"href":"https:\/\/www.lavisqteam.fr\/index.php?rest_route=\/wp\/v2\/posts\/72168\/revisions"}],"predecessor-version":[{"id":72173,"href":"https:\/\/www.lavisqteam.fr\/index.php?rest_route=\/wp\/v2\/posts\/72168\/revisions\/72173"}],"wp:featuredmedia":[{"embeddable":true,"href":"https:\/\/www.lavisqteam.fr\/index.php?rest_route=\/wp\/v2\/media\/72172"}],"wp:attachment":[{"href":"https:\/\/www.lavisqteam.fr\/index.php?rest_route=%2Fwp%2Fv2%2Fmedia&parent=72168"}],"wp:term":[{"taxonomy":"category","embeddable":true,"href":"https:\/\/www.lavisqteam.fr\/index.php?rest_route=%2Fwp%2Fv2%2Fcategories&post=72168"},{"taxonomy":"post_tag","embeddable":true,"href":"https:\/\/www.lavisqteam.fr\/index.php?rest_route=%2Fwp%2Fv2%2Ftags&post=72168"}],"curies":[{"name":"wp","href":"https:\/\/api.w.org\/{rel}","templated":true}]}}