{"id":71751,"date":"2023-11-15T12:10:00","date_gmt":"2023-11-15T12:10:00","guid":{"rendered":"https:\/\/www.lavisqteam.fr\/?p=71751"},"modified":"2023-12-26T09:43:43","modified_gmt":"2023-12-26T09:43:43","slug":"gueules-noires-dans-les-mines-lenfer","status":"publish","type":"post","link":"https:\/\/www.lavisqteam.fr\/?p=71751","title":{"rendered":"Gueules Noires &#8211; Dans les Mines, l&rsquo;Enfer"},"content":{"rendered":"<div class=\"wp-block-image\">\n<figure class=\"aligncenter size-large is-resized\"><a href=\"https:\/\/www.lavisqteam.fr\/wp-content\/uploads\/2023\/11\/385541663_309766605202475_7082882330396423424_n.jpg\"><img src=\"https:\/\/www.lavisqteam.fr\/wp-content\/uploads\/2023\/11\/385541663_309766605202475_7082882330396423424_n-768x1024.jpg\" alt=\"\" class=\"wp-image-71752\" width=\"600\" srcset=\"https:\/\/www.lavisqteam.fr\/wp-content\/uploads\/2023\/11\/385541663_309766605202475_7082882330396423424_n-768x1024.jpg 768w, https:\/\/www.lavisqteam.fr\/wp-content\/uploads\/2023\/11\/385541663_309766605202475_7082882330396423424_n-225x300.jpg 225w, https:\/\/www.lavisqteam.fr\/wp-content\/uploads\/2023\/11\/385541663_309766605202475_7082882330396423424_n-1152x1536.jpg 1152w, https:\/\/www.lavisqteam.fr\/wp-content\/uploads\/2023\/11\/385541663_309766605202475_7082882330396423424_n.jpg 1536w\" sizes=\"(max-width: 768px) 100vw, 768px\" \/><\/a><\/figure><\/div>\n\n\n<p><strong>De&nbsp;: <\/strong>Mathieu Turi<\/p>\n\n\n\n<p><strong>Avec <\/strong>Samuel Le Bihan, Amir El Kacem, Jean-Hugues Anglade, Thomas Soliv\u00e9r\u00e8s<\/p>\n\n\n\n<p><strong>Ann\u00e9e&nbsp;: <\/strong>2023<\/p>\n\n\n\n<p><strong>Pays&nbsp;: <\/strong>France<\/p>\n\n\n\n<p><strong>Genre&nbsp;: <\/strong>Horreur<\/p>\n\n\n\n<p><strong>R\u00e9sum\u00e9&nbsp;:<\/strong><\/p>\n\n\n\n<p>1956, dans le nord de la France. Une bande de mineurs de fond se voit oblig\u00e9e de conduire un professeur faire des pr\u00e9l\u00e8vements \u00e0 mille m\u00e8tres sous terre. Apr\u00e8s un \u00e9boulement qui les emp\u00eache de remonter, ils d\u00e9couvrent une crypte d\u2019un autre temps, et r\u00e9veillent sans le savoir quelque chose qui aurait d\u00fb rester endormi\u2026<\/p>\n\n\n\n<p><strong>Avis&nbsp;:<\/strong><strong><\/strong><\/p>\n\n\n\n<p>Dans le paysage du nouveau cin\u00e9ma fran\u00e7ais de genre, on trouve <em>Mathieu Turi<\/em>. Apr\u00e8s plusieurs ann\u00e9es \u00e0 avoir \u00e9t\u00e9 assistant de r\u00e9alisation, notamment pour <em>Quentin Tarantino<\/em>, <em>Guy Ritchie<\/em>, <em>Fred Cavay\u00e9<\/em> ou <em>Clint Eastwood<\/em> (pour ne citer que les plus prestigieux), c&rsquo;est en 2017 que <em>Mathieu Turi<\/em> \u00ab\u00a0franchit\u00a0\u00bb le cap de la r\u00e9alisation. Il l&rsquo;avait d\u00e9j\u00e0 fait avant, mais il \u00e9tait rest\u00e9 dans le court-m\u00e9trage, alors que l\u00e0, il s&rsquo;aventure dans le long. Ce premier film, ce sera \u00ab\u00a0<strong><a href=\"https:\/\/www.lavisqteam.fr\/?p=68363\">Hostile<\/a><\/strong>\u00ab\u00a0, un survival en plein d\u00e9sert et en pleine nuit. D\u00e8s son premier film, <em>Mathieu Turi<\/em> d\u00e9montre une belle ambition, et malgr\u00e9 un film qui ne sera pas incroyable, il marque les esprits. Trois ans plus tard, il reviendra avec un nouveau survival, \u00ab\u00a0<strong><a href=\"https:\/\/www.lavisqteam.fr\/?p=56896\">M\u00e9andre<\/a><\/strong>\u00a0\u00bb qui se fera mieux que \u00ab\u00a0<strong><a href=\"https:\/\/www.lavisqteam.fr\/?p=68363\">Hostile<\/a><\/strong>\u00ab\u00a0.<\/p>\n\n\n<div class=\"wp-block-image\">\n<figure class=\"aligncenter size-large is-resized\"><a href=\"https:\/\/www.lavisqteam.fr\/wp-content\/uploads\/2023\/11\/402390882_865691345131093_8008336508107927287_n.gif\"><img src=\"https:\/\/www.lavisqteam.fr\/wp-content\/uploads\/2023\/11\/402390882_865691345131093_8008336508107927287_n-1024x428.gif\" alt=\"\" class=\"wp-image-71754\" width=\"600\" srcset=\"https:\/\/www.lavisqteam.fr\/wp-content\/uploads\/2023\/11\/402390882_865691345131093_8008336508107927287_n-1024x428.gif 1024w, https:\/\/www.lavisqteam.fr\/wp-content\/uploads\/2023\/11\/402390882_865691345131093_8008336508107927287_n-300x125.gif 300w, https:\/\/www.lavisqteam.fr\/wp-content\/uploads\/2023\/11\/402390882_865691345131093_8008336508107927287_n-768x321.gif 768w, https:\/\/www.lavisqteam.fr\/wp-content\/uploads\/2023\/11\/402390882_865691345131093_8008336508107927287_n-1536x641.gif 1536w\" sizes=\"(max-width: 1024px) 100vw, 1024px\" \/><\/a><\/figure><\/div>\n\n\n<p>Apr\u00e8s \u00ab\u00a0<strong><a href=\"https:\/\/www.lavisqteam.fr\/?p=56896\">M\u00e9andre<\/a><\/strong>\u00ab\u00a0, je dois dire que j&rsquo;attendais le prochain film de <em>Mathieu Turi<\/em> avec beaucoup d&rsquo;envie et de curiosit\u00e9. O\u00f9 est-ce que le r\u00e9alisateur allait bien pouvoir nous emmener\u00a0? Et d\u00e8s les premi\u00e8res informations sur \u00ab\u00a0<strong>Gueules noires<\/strong>\u00ab\u00a0, le film est devenu l&rsquo;un de ceux que j&rsquo;attendais le plus pour cette fin d&rsquo;ann\u00e9e . Mais attendre autant un film, \u00e7a peut aussi se poser comme une d\u00e9ception, car ce dernier pourrait \u00eatre tout autre et se faire moins bon que pr\u00e9vu. Bon, ici, ce n&rsquo;est absolument pas le cas, et mieux encore, car cette plong\u00e9e sous terre est folle.<\/p>\n\n\n\n<h2 class=\"has-text-align-center\">\u00ab\u00a0Une plong\u00e9e vers les enfers qui saura nous tenir avec suspens .\u00a0\u00bb<\/h2>\n\n\n\n<p>S\u00e9ance sous tension permanente, original, intense, puissant, int\u00e9ressant car il va plus loin que son mat\u00e9riel de base, \u00ab\u00a0<strong>Gueules noires<\/strong>\u00a0\u00bb est un film comme rarement on en a vu ces derni\u00e8res ann\u00e9es dans le cin\u00e9ma fran\u00e7ais.<\/p>\n\n\n\n<p>1956, dans le Nord de la France, une bande de mineurs descendent dans une mine \u00e0 plus de mille m\u00e8tres sous terre. Cette descente-l\u00e0 n&rsquo;est pas comme les autres, car ce jour-l\u00e0, il y a une sorte de scientifique avec les mineurs. Descendant plus profond que d&rsquo;ordinaire, la bande de mineurs va tomber sur un tombeau, et malheureusement pour eux, ils vont r\u00e9veiller quelque chose&#8230;<\/p>\n\n\n\n<p>La France, au milieu des mineurs, dans les ann\u00e9es 50, une descente dans une profondeur encore \u00ab\u00a0jamais atteinte\u00a0\u00bb, une bande de mineurs venus de tout horizon, un scientifique qui cache son vrai but et une cr\u00e9ature impressionnante et terrifiante qui se cache dans le noir, voici une partie du programme de \u00ab\u00a0<strong>Gueules noires<\/strong>\u00ab\u00a0, une plong\u00e9e vers les enfers qui saura nous tenir avec suspens et intrigue de bout en bout de film.<\/p>\n\n\n\n<p>Avec \u00ab\u00a0<strong>Gueules noires<\/strong>\u00ab\u00a0, <em>Mathieu Turi<\/em> livre le troisi\u00e8me volet de ce qui appara\u00eet d\u00e9sormais comme une trilogie avec comme id\u00e9e, survivre. Survivre \u00e0 tout, survivre dans des conditions extr\u00eames, que ce soit en pleine nuit dans un d\u00e9sert, pi\u00e9g\u00e9e dans une voiture accident\u00e9e, ou dans des couloirs \u00e9tranges o\u00f9 il va falloir ramper, ou maintenant dans une mine dont il est quasiment impossible de sortir.<\/p>\n\n\n\n<h2 class=\"has-text-align-center\">\u00ab\u00a0<em>Mathieu Turi<\/em> nous entra\u00eene dans un survival qui a de la gueule.\u00a0\u00bb<\/h2>\n\n\n\n<p>Int\u00e9ressant dans ce qu&rsquo;il raconte, \u00ab\u00a0<strong>Gueules noires<\/strong>\u00a0\u00bb est un film qui se fait prenant dans chacune des ficelles qu&rsquo;il tire. Apr\u00e8s une sc\u00e8ne d&rsquo;introduction d\u00e9j\u00e0 sous tension de par beaucoup d&rsquo;\u00e9l\u00e9ments, <em>Mathieu Turi<\/em> nous entra\u00eene dans le nord de la France, dans les ann\u00e9es 50, et avec cette deuxi\u00e8me introduction, bien avant de faire plonger son film dans l&rsquo;horreur, le r\u00e9alisateur en profite, l&rsquo;espace d&rsquo;une vingtaine de minutes, pour parler de la France de cette \u00e9poque-l\u00e0 et des mineurs. Le film offre pas mal de d\u00e9tails qui sont int\u00e9ressants, et avec \u00e7a, on se pla\u00eet \u00e0 d\u00e9couvrir les personnages qu&rsquo;on va suivre dans cette descente vers l&rsquo;horreur et la p\u00e9nombre.<\/p>\n\n\n\n<p>Puis une fois ceci fait, <em>Mathieu Turi<\/em> nous entra\u00eene enfin au \u00ab\u00a0centre de la terre\u00a0\u00bb, pour plus d&rsquo;une heure asphyxiante. \u00ab\u00a0<strong>Gueules noires<\/strong>\u00a0\u00bb est un film qui joue avec son d\u00e9cor, et avec \u00e7a, il arrive \u00e0 livrer une intrigue qui ne cesse de s&rsquo;enrichir au fur et mesure que cette histoire avance. Suspens, rebondissements inattendus, r\u00e9v\u00e9lations et surtout une confrontation terrifiante et muscl\u00e9e entre des mineurs bien b\u00e2tis et une chose ind\u00e9finissable dont l&rsquo;aspect met tr\u00e8s mal \u00e0 l&rsquo;aise. Si on peut reprocher un c\u00f4t\u00e9 convenu au sein de cette histoire, dans le sens o\u00f9 la direction de certains personnages est connue d&rsquo;avance et avec \u00e7a, l&rsquo;ensemble manque quelque peu d&rsquo;\u00e9motions, sur l&rsquo;ensemble du film, <em>Mathieu Turi<\/em> nous entra\u00eene dans un survival qui a de la gueule et qui sait faire redoutablement son effet. C&rsquo;est un plaisir \u00e0 suivre, d&rsquo;autant plus que l&rsquo;aspect du film est \u00f4 combien sublime.<\/p>\n\n\n\n<h2 class=\"has-text-align-center\">\u00ab\u00a0<em>Mathieu Turi<\/em> a souhait\u00e9 tout reproduire en vrai, et \u00e7a, \u00e7a donne un c\u00f4t\u00e9 visc\u00e9ral au film.\u00a0\u00bb<\/h2>\n\n\n\n<p>N&rsquo;ayant aucun fond vert, <em>Mathieu Turi<\/em> a souhait\u00e9 tout reproduire en vrai, et \u00e7a, \u00e7a donne un c\u00f4t\u00e9 visc\u00e9ral au film. Effets sp\u00e9ciaux, effets m\u00e9caniques, ou encore vision d&rsquo;horreur avec des touches de gore, sont parfaitement r\u00e9ussis. Alors bien s\u00fbr, on peut toujours reprocher quelques id\u00e9es qu&rsquo;on a d\u00e9j\u00e0 vues, mais \u00e0 \u00e7a, on peut lui opposer la ma\u00eetrise parfaite de son r\u00e9alisateur, qui nous offre un travail incroyable et vise le divertissement, ainsi que l&rsquo;int\u00e9r\u00eat de son public \u00e0 tout instant. \u00c0 noter aussi que le film est formidablement accompagn\u00e9 par la BO d&rsquo;<em>Olivier Derivi\u00e8re<\/em>. Le compositeur pousse un peu plus le cran de la grandeur et de l&rsquo;horreur.<\/p>\n\n\n\n<p>Puis enfin, il est difficile de passer \u00e0 c\u00f4t\u00e9 de ses \u00ab\u00a0<strong>Gueules noires<\/strong>\u00ab\u00a0, avec ce casting de gueules justement, et pour certains, comme <em>Thomas Soliv\u00e9r\u00e8s<\/em>, ils en sont incroyables et marquants, tant ils sortent de leur zone de \u00ab\u00a0confort\u00a0\u00bb. \u00c0 noter aussi la belle r\u00e9v\u00e9lation qu&rsquo;est <em>Amir El Kacem<\/em> dont c&rsquo;est le seul personnage qui sera un tant soit peu touchant. Apr\u00e8s, pour les autres, que ce soit <em>Samuel Le Bihan, Marc Riso, Bruno Sanches, Jean-Hugues Anglade<\/em> ou <em>Diego Martin<\/em>, tous sont excellents et malgr\u00e9 de mauvaises d\u00e9cisions parfois, on a tout le temps envie de les suivre.<\/p>\n\n\n<div class=\"wp-block-image\">\n<figure class=\"aligncenter size-large is-resized\"><a href=\"https:\/\/www.lavisqteam.fr\/wp-content\/uploads\/2023\/11\/402425934_1072934567218685_991360738245049774_n.gif\"><img src=\"https:\/\/www.lavisqteam.fr\/wp-content\/uploads\/2023\/11\/402425934_1072934567218685_991360738245049774_n-1024x611.gif\" alt=\"\" class=\"wp-image-71753\" width=\"600\" srcset=\"https:\/\/www.lavisqteam.fr\/wp-content\/uploads\/2023\/11\/402425934_1072934567218685_991360738245049774_n-1024x611.gif 1024w, https:\/\/www.lavisqteam.fr\/wp-content\/uploads\/2023\/11\/402425934_1072934567218685_991360738245049774_n-300x179.gif 300w, https:\/\/www.lavisqteam.fr\/wp-content\/uploads\/2023\/11\/402425934_1072934567218685_991360738245049774_n-768x458.gif 768w, https:\/\/www.lavisqteam.fr\/wp-content\/uploads\/2023\/11\/402425934_1072934567218685_991360738245049774_n-1536x917.gif 1536w, https:\/\/www.lavisqteam.fr\/wp-content\/uploads\/2023\/11\/402425934_1072934567218685_991360738245049774_n-890x530.gif 890w, https:\/\/www.lavisqteam.fr\/wp-content\/uploads\/2023\/11\/402425934_1072934567218685_991360738245049774_n-445x265.gif 445w\" sizes=\"(max-width: 1024px) 100vw, 1024px\" \/><\/a><\/figure><\/div>\n\n\n<p>Ainsi donc, cette descente vers les tr\u00e9fonds de la terre, vers une cr\u00e9ature terrifiante, est tout bonnement excellente. Si le film a bien ses d\u00e9fauts et ses manques, ces derniers sont comme gomm\u00e9s par l&rsquo;excellence de tout le reste. Prenant de bout en bout, \u00e9touffant, terrible et funeste, cette rencontre du troisi\u00e8me type se pose comme le meilleur film de son r\u00e9alisateur \u00e0 ce jour. Puis avec elle, le curseur de l&rsquo;int\u00e9r\u00eat face au cin\u00e9ma de <em>Mathieu Turi<\/em> est encore plus d\u00e9cupl\u00e9 !<\/p>\n\n\n\n<p><strong>Note\u00a0: 17,5\/20<\/strong><\/p>\n\n\n\n<figure class=\"wp-block-embed is-type-video is-provider-youtube wp-block-embed-youtube wp-embed-aspect-16-9 wp-has-aspect-ratio\"><div class=\"wp-block-embed__wrapper\">\n<iframe loading=\"lazy\" title=\"GUEULES NOIRES Bande Annonce (Film d&#039;Horreur Fran\u00e7ais, 2023)\" width=\"1200\" height=\"675\" src=\"https:\/\/www.youtube.com\/embed\/3QBDD8cnTx4?feature=oembed\" frameborder=\"0\" allow=\"accelerometer; autoplay; clipboard-write; encrypted-media; gyroscope; picture-in-picture; web-share\" allowfullscreen><\/iframe>\n<\/div><\/figure>\n\n\n\n<p class=\"has-text-align-right\">Par <strong>Cin\u00e9ted<\/strong><\/p>\n","protected":false},"excerpt":{"rendered":"<p>De&nbsp;: Mathieu Turi Avec Samuel Le Bihan, Amir El Kacem, Jean-Hugues Anglade, Thomas Soliv\u00e9r\u00e8s Ann\u00e9e&nbsp;: 2023 Pays&nbsp;: France Genre&nbsp;: Horreur R\u00e9sum\u00e9&nbsp;: 1956, dans le nord &hellip; <\/p>\n","protected":false},"author":4,"featured_media":71755,"comment_status":"open","ping_status":"open","sticky":false,"template":"","format":"standard","meta":[],"categories":[7],"tags":[],"yoast_head":"<!-- This site is optimized with the Yoast SEO plugin v19.6.1 - https:\/\/yoast.com\/wordpress\/plugins\/seo\/ -->\n<title>Gueules Noires - Dans les Mines, l&#039;Enfer - Lavisqteam.fr<\/title>\n<meta name=\"robots\" content=\"index, follow, max-snippet:-1, max-image-preview:large, max-video-preview:-1\" \/>\n<link rel=\"canonical\" href=\"https:\/\/www.lavisqteam.fr\/?p=71751\" \/>\n<meta property=\"og:locale\" content=\"fr_FR\" \/>\n<meta property=\"og:type\" content=\"article\" \/>\n<meta property=\"og:title\" content=\"Gueules Noires - Dans les Mines, l&#039;Enfer - Lavisqteam.fr\" \/>\n<meta property=\"og:description\" content=\"De&nbsp;: Mathieu Turi Avec Samuel Le Bihan, Amir El Kacem, Jean-Hugues Anglade, Thomas Soliv\u00e9r\u00e8s Ann\u00e9e&nbsp;: 2023 Pays&nbsp;: France Genre&nbsp;: Horreur R\u00e9sum\u00e9&nbsp;: 1956, dans le nord &hellip;\" \/>\n<meta property=\"og:url\" content=\"https:\/\/www.lavisqteam.fr\/?p=71751\" \/>\n<meta property=\"og:site_name\" content=\"Lavisqteam.fr\" \/>\n<meta property=\"article:published_time\" content=\"2023-11-15T12:10:00+00:00\" \/>\n<meta property=\"article:modified_time\" content=\"2023-12-26T09:43:43+00:00\" \/>\n<meta property=\"og:image\" content=\"https:\/\/www.lavisqteam.fr\/wp-content\/uploads\/2023\/11\/gueu.jpg\" \/>\n\t<meta property=\"og:image:width\" content=\"727\" \/>\n\t<meta property=\"og:image:height\" content=\"395\" \/>\n\t<meta property=\"og:image:type\" content=\"image\/jpeg\" \/>\n<meta name=\"author\" content=\"Cineted\" \/>\n<meta name=\"twitter:card\" content=\"summary_large_image\" \/>\n<meta name=\"twitter:image\" content=\"https:\/\/www.lavisqteam.fr\/wp-content\/uploads\/2023\/11\/gueu.jpg\" \/>\n<meta name=\"twitter:label1\" content=\"\u00c9crit par\" \/>\n\t<meta name=\"twitter:data1\" content=\"Cineted\" \/>\n\t<meta name=\"twitter:label2\" content=\"Dur\u00e9e de lecture estim\u00e9e\" \/>\n\t<meta name=\"twitter:data2\" content=\"7 minutes\" \/>\n<script type=\"application\/ld+json\" class=\"yoast-schema-graph\">{\"@context\":\"https:\/\/schema.org\",\"@graph\":[{\"@type\":\"Article\",\"@id\":\"https:\/\/www.lavisqteam.fr\/?p=71751#article\",\"isPartOf\":{\"@id\":\"https:\/\/www.lavisqteam.fr\/?p=71751\"},\"author\":{\"name\":\"Cineted\",\"@id\":\"https:\/\/www.lavisqteam.fr\/#\/schema\/person\/4ed7295b68bc3daae9094db5f1f9f913\"},\"headline\":\"Gueules Noires &#8211; Dans les Mines, l&rsquo;Enfer\",\"datePublished\":\"2023-11-15T12:10:00+00:00\",\"dateModified\":\"2023-12-26T09:43:43+00:00\",\"mainEntityOfPage\":{\"@id\":\"https:\/\/www.lavisqteam.fr\/?p=71751\"},\"wordCount\":1247,\"commentCount\":3,\"publisher\":{\"@id\":\"https:\/\/www.lavisqteam.fr\/#organization\"},\"articleSection\":[\"Cin\u00e9ma\"],\"inLanguage\":\"fr-FR\",\"potentialAction\":[{\"@type\":\"CommentAction\",\"name\":\"Comment\",\"target\":[\"https:\/\/www.lavisqteam.fr\/?p=71751#respond\"]}]},{\"@type\":\"WebPage\",\"@id\":\"https:\/\/www.lavisqteam.fr\/?p=71751\",\"url\":\"https:\/\/www.lavisqteam.fr\/?p=71751\",\"name\":\"Gueules Noires - Dans les Mines, l'Enfer - Lavisqteam.fr\",\"isPartOf\":{\"@id\":\"https:\/\/www.lavisqteam.fr\/#website\"},\"datePublished\":\"2023-11-15T12:10:00+00:00\",\"dateModified\":\"2023-12-26T09:43:43+00:00\",\"breadcrumb\":{\"@id\":\"https:\/\/www.lavisqteam.fr\/?p=71751#breadcrumb\"},\"inLanguage\":\"fr-FR\",\"potentialAction\":[{\"@type\":\"ReadAction\",\"target\":[\"https:\/\/www.lavisqteam.fr\/?p=71751\"]}]},{\"@type\":\"BreadcrumbList\",\"@id\":\"https:\/\/www.lavisqteam.fr\/?p=71751#breadcrumb\",\"itemListElement\":[{\"@type\":\"ListItem\",\"position\":1,\"name\":\"Accueil\",\"item\":\"https:\/\/www.lavisqteam.fr\/\"},{\"@type\":\"ListItem\",\"position\":2,\"name\":\"Gueules Noires &#8211; Dans les Mines, l&rsquo;Enfer\"}]},{\"@type\":\"WebSite\",\"@id\":\"https:\/\/www.lavisqteam.fr\/#website\",\"url\":\"https:\/\/www.lavisqteam.fr\/\",\"name\":\"Lavisqteam.fr\",\"description\":\"\",\"publisher\":{\"@id\":\"https:\/\/www.lavisqteam.fr\/#organization\"},\"potentialAction\":[{\"@type\":\"SearchAction\",\"target\":{\"@type\":\"EntryPoint\",\"urlTemplate\":\"https:\/\/www.lavisqteam.fr\/?s={search_term_string}\"},\"query-input\":\"required name=search_term_string\"}],\"inLanguage\":\"fr-FR\"},{\"@type\":\"Organization\",\"@id\":\"https:\/\/www.lavisqteam.fr\/#organization\",\"name\":\"Lavisqteam.fr\",\"url\":\"https:\/\/www.lavisqteam.fr\/\",\"sameAs\":[],\"logo\":{\"@type\":\"ImageObject\",\"inLanguage\":\"fr-FR\",\"@id\":\"https:\/\/www.lavisqteam.fr\/#\/schema\/logo\/image\/\",\"url\":\"https:\/\/www.lavisqteam.fr\/wp-content\/uploads\/2020\/08\/cropped-80879545_3479261675449035_4078032831501041664_o-4.jpg\",\"contentUrl\":\"https:\/\/www.lavisqteam.fr\/wp-content\/uploads\/2020\/08\/cropped-80879545_3479261675449035_4078032831501041664_o-4.jpg\",\"width\":1674,\"height\":536,\"caption\":\"Lavisqteam.fr\"},\"image\":{\"@id\":\"https:\/\/www.lavisqteam.fr\/#\/schema\/logo\/image\/\"}},{\"@type\":\"Person\",\"@id\":\"https:\/\/www.lavisqteam.fr\/#\/schema\/person\/4ed7295b68bc3daae9094db5f1f9f913\",\"name\":\"Cineted\",\"image\":{\"@type\":\"ImageObject\",\"inLanguage\":\"fr-FR\",\"@id\":\"https:\/\/www.lavisqteam.fr\/#\/schema\/person\/image\/\",\"url\":\"https:\/\/secure.gravatar.com\/avatar\/2d66d0012368c91013200ba69885bddd?s=96&d=mm&r=g\",\"contentUrl\":\"https:\/\/secure.gravatar.com\/avatar\/2d66d0012368c91013200ba69885bddd?s=96&d=mm&r=g\",\"caption\":\"Cineted\"},\"url\":\"https:\/\/www.lavisqteam.fr\/?author=4\"}]}<\/script>\n<!-- \/ Yoast SEO plugin. -->","yoast_head_json":{"title":"Gueules Noires - Dans les Mines, l'Enfer - Lavisqteam.fr","robots":{"index":"index","follow":"follow","max-snippet":"max-snippet:-1","max-image-preview":"max-image-preview:large","max-video-preview":"max-video-preview:-1"},"canonical":"https:\/\/www.lavisqteam.fr\/?p=71751","og_locale":"fr_FR","og_type":"article","og_title":"Gueules Noires - Dans les Mines, l'Enfer - Lavisqteam.fr","og_description":"De&nbsp;: Mathieu Turi Avec Samuel Le Bihan, Amir El Kacem, Jean-Hugues Anglade, Thomas Soliv\u00e9r\u00e8s Ann\u00e9e&nbsp;: 2023 Pays&nbsp;: France Genre&nbsp;: Horreur R\u00e9sum\u00e9&nbsp;: 1956, dans le nord &hellip;","og_url":"https:\/\/www.lavisqteam.fr\/?p=71751","og_site_name":"Lavisqteam.fr","article_published_time":"2023-11-15T12:10:00+00:00","article_modified_time":"2023-12-26T09:43:43+00:00","og_image":[{"width":727,"height":395,"url":"https:\/\/www.lavisqteam.fr\/wp-content\/uploads\/2023\/11\/gueu.jpg","type":"image\/jpeg"}],"author":"Cineted","twitter_card":"summary_large_image","twitter_image":"https:\/\/www.lavisqteam.fr\/wp-content\/uploads\/2023\/11\/gueu.jpg","twitter_misc":{"\u00c9crit par":"Cineted","Dur\u00e9e de lecture estim\u00e9e":"7 minutes"},"schema":{"@context":"https:\/\/schema.org","@graph":[{"@type":"Article","@id":"https:\/\/www.lavisqteam.fr\/?p=71751#article","isPartOf":{"@id":"https:\/\/www.lavisqteam.fr\/?p=71751"},"author":{"name":"Cineted","@id":"https:\/\/www.lavisqteam.fr\/#\/schema\/person\/4ed7295b68bc3daae9094db5f1f9f913"},"headline":"Gueules Noires &#8211; Dans les Mines, l&rsquo;Enfer","datePublished":"2023-11-15T12:10:00+00:00","dateModified":"2023-12-26T09:43:43+00:00","mainEntityOfPage":{"@id":"https:\/\/www.lavisqteam.fr\/?p=71751"},"wordCount":1247,"commentCount":3,"publisher":{"@id":"https:\/\/www.lavisqteam.fr\/#organization"},"articleSection":["Cin\u00e9ma"],"inLanguage":"fr-FR","potentialAction":[{"@type":"CommentAction","name":"Comment","target":["https:\/\/www.lavisqteam.fr\/?p=71751#respond"]}]},{"@type":"WebPage","@id":"https:\/\/www.lavisqteam.fr\/?p=71751","url":"https:\/\/www.lavisqteam.fr\/?p=71751","name":"Gueules Noires - Dans les Mines, l'Enfer - Lavisqteam.fr","isPartOf":{"@id":"https:\/\/www.lavisqteam.fr\/#website"},"datePublished":"2023-11-15T12:10:00+00:00","dateModified":"2023-12-26T09:43:43+00:00","breadcrumb":{"@id":"https:\/\/www.lavisqteam.fr\/?p=71751#breadcrumb"},"inLanguage":"fr-FR","potentialAction":[{"@type":"ReadAction","target":["https:\/\/www.lavisqteam.fr\/?p=71751"]}]},{"@type":"BreadcrumbList","@id":"https:\/\/www.lavisqteam.fr\/?p=71751#breadcrumb","itemListElement":[{"@type":"ListItem","position":1,"name":"Accueil","item":"https:\/\/www.lavisqteam.fr\/"},{"@type":"ListItem","position":2,"name":"Gueules Noires &#8211; Dans les Mines, l&rsquo;Enfer"}]},{"@type":"WebSite","@id":"https:\/\/www.lavisqteam.fr\/#website","url":"https:\/\/www.lavisqteam.fr\/","name":"Lavisqteam.fr","description":"","publisher":{"@id":"https:\/\/www.lavisqteam.fr\/#organization"},"potentialAction":[{"@type":"SearchAction","target":{"@type":"EntryPoint","urlTemplate":"https:\/\/www.lavisqteam.fr\/?s={search_term_string}"},"query-input":"required name=search_term_string"}],"inLanguage":"fr-FR"},{"@type":"Organization","@id":"https:\/\/www.lavisqteam.fr\/#organization","name":"Lavisqteam.fr","url":"https:\/\/www.lavisqteam.fr\/","sameAs":[],"logo":{"@type":"ImageObject","inLanguage":"fr-FR","@id":"https:\/\/www.lavisqteam.fr\/#\/schema\/logo\/image\/","url":"https:\/\/www.lavisqteam.fr\/wp-content\/uploads\/2020\/08\/cropped-80879545_3479261675449035_4078032831501041664_o-4.jpg","contentUrl":"https:\/\/www.lavisqteam.fr\/wp-content\/uploads\/2020\/08\/cropped-80879545_3479261675449035_4078032831501041664_o-4.jpg","width":1674,"height":536,"caption":"Lavisqteam.fr"},"image":{"@id":"https:\/\/www.lavisqteam.fr\/#\/schema\/logo\/image\/"}},{"@type":"Person","@id":"https:\/\/www.lavisqteam.fr\/#\/schema\/person\/4ed7295b68bc3daae9094db5f1f9f913","name":"Cineted","image":{"@type":"ImageObject","inLanguage":"fr-FR","@id":"https:\/\/www.lavisqteam.fr\/#\/schema\/person\/image\/","url":"https:\/\/secure.gravatar.com\/avatar\/2d66d0012368c91013200ba69885bddd?s=96&d=mm&r=g","contentUrl":"https:\/\/secure.gravatar.com\/avatar\/2d66d0012368c91013200ba69885bddd?s=96&d=mm&r=g","caption":"Cineted"},"url":"https:\/\/www.lavisqteam.fr\/?author=4"}]}},"jetpack_featured_media_url":"https:\/\/www.lavisqteam.fr\/wp-content\/uploads\/2023\/11\/gueu.jpg","_links":{"self":[{"href":"https:\/\/www.lavisqteam.fr\/index.php?rest_route=\/wp\/v2\/posts\/71751"}],"collection":[{"href":"https:\/\/www.lavisqteam.fr\/index.php?rest_route=\/wp\/v2\/posts"}],"about":[{"href":"https:\/\/www.lavisqteam.fr\/index.php?rest_route=\/wp\/v2\/types\/post"}],"author":[{"embeddable":true,"href":"https:\/\/www.lavisqteam.fr\/index.php?rest_route=\/wp\/v2\/users\/4"}],"replies":[{"embeddable":true,"href":"https:\/\/www.lavisqteam.fr\/index.php?rest_route=%2Fwp%2Fv2%2Fcomments&post=71751"}],"version-history":[{"count":1,"href":"https:\/\/www.lavisqteam.fr\/index.php?rest_route=\/wp\/v2\/posts\/71751\/revisions"}],"predecessor-version":[{"id":71756,"href":"https:\/\/www.lavisqteam.fr\/index.php?rest_route=\/wp\/v2\/posts\/71751\/revisions\/71756"}],"wp:featuredmedia":[{"embeddable":true,"href":"https:\/\/www.lavisqteam.fr\/index.php?rest_route=\/wp\/v2\/media\/71755"}],"wp:attachment":[{"href":"https:\/\/www.lavisqteam.fr\/index.php?rest_route=%2Fwp%2Fv2%2Fmedia&parent=71751"}],"wp:term":[{"taxonomy":"category","embeddable":true,"href":"https:\/\/www.lavisqteam.fr\/index.php?rest_route=%2Fwp%2Fv2%2Fcategories&post=71751"},{"taxonomy":"post_tag","embeddable":true,"href":"https:\/\/www.lavisqteam.fr\/index.php?rest_route=%2Fwp%2Fv2%2Ftags&post=71751"}],"curies":[{"name":"wp","href":"https:\/\/api.w.org\/{rel}","templated":true}]}}