{"id":71597,"date":"2023-11-02T09:59:32","date_gmt":"2023-11-02T09:59:32","guid":{"rendered":"https:\/\/www.lavisqteam.fr\/?p=71597"},"modified":"2023-12-04T22:20:09","modified_gmt":"2023-12-04T22:20:09","slug":"le-garcon-et-le-heron-miyazaki-en-grande-forme","status":"publish","type":"post","link":"https:\/\/www.lavisqteam.fr\/?p=71597","title":{"rendered":"Le Gar\u00e7on et le H\u00e9ron &#8211; Miyazaki en Grande Forme"},"content":{"rendered":"<div class=\"wp-block-image\">\n<figure class=\"aligncenter size-large is-resized\"><a href=\"https:\/\/www.lavisqteam.fr\/wp-content\/uploads\/2023\/11\/384516478_135121049685401_4500455286191236087_n-scaled.jpg\"><img src=\"https:\/\/www.lavisqteam.fr\/wp-content\/uploads\/2023\/11\/384516478_135121049685401_4500455286191236087_n-752x1024.jpg\" alt=\"\" class=\"wp-image-71598\" width=\"600\" srcset=\"https:\/\/www.lavisqteam.fr\/wp-content\/uploads\/2023\/11\/384516478_135121049685401_4500455286191236087_n-752x1024.jpg 752w, https:\/\/www.lavisqteam.fr\/wp-content\/uploads\/2023\/11\/384516478_135121049685401_4500455286191236087_n-220x300.jpg 220w, https:\/\/www.lavisqteam.fr\/wp-content\/uploads\/2023\/11\/384516478_135121049685401_4500455286191236087_n-768x1046.jpg 768w, https:\/\/www.lavisqteam.fr\/wp-content\/uploads\/2023\/11\/384516478_135121049685401_4500455286191236087_n-1128x1536.jpg 1128w, https:\/\/www.lavisqteam.fr\/wp-content\/uploads\/2023\/11\/384516478_135121049685401_4500455286191236087_n-1504x2048.jpg 1504w, https:\/\/www.lavisqteam.fr\/wp-content\/uploads\/2023\/11\/384516478_135121049685401_4500455286191236087_n-scaled.jpg 1879w\" sizes=\"(max-width: 752px) 100vw, 752px\" \/><\/a><\/figure><\/div>\n\n\n<p><strong>Titre Original&nbsp;: <\/strong>Kimi-tachi wa Do Ikiru Ka<\/p>\n\n\n\n<p><strong>De&nbsp;: <\/strong>Hayao Miyazaki<\/p>\n\n\n\n<p><strong>Avec les Voix Originales de <\/strong>Soma Santoki, Masaki Suda, K\u00f4 Shibasaki, Aimyon<\/p>\n\n\n\n<p><strong>Ann\u00e9e&nbsp;: <\/strong>2023<\/p>\n\n\n\n<p><strong>Pays&nbsp;: <\/strong>Japon<\/p>\n\n\n\n<p><strong>Genre&nbsp;: <\/strong>Animation<\/p>\n\n\n\n<p><strong>R\u00e9sum\u00e9&nbsp;:<\/strong><\/p>\n\n\n\n<p>Apr\u00e8s la disparition de sa m\u00e8re dans un incendie, Mahito, un jeune gar\u00e7on de 11 ans, doit quitter Tokyo pour partir vivre \u00e0 la campagne dans le village o\u00f9 elle a grandi. Il s\u2019installe avec son p\u00e8re dans un vieux manoir situ\u00e9 sur un immense domaine o\u00f9 il rencontre un h\u00e9ron cendr\u00e9 qui devient petit \u00e0 petit son guide et l\u2019aide au fil de ses d\u00e9couvertes et questionnements \u00e0 comprendre le monde qui l&rsquo;entoure et percer les myst\u00e8res de la vie.<\/p>\n\n\n\n<p><strong>Avis&nbsp;:<\/strong><strong><\/strong><\/p>\n\n\n\n<p>Apr\u00e8s avoir annonc\u00e9 par moins de sept fois \u00ab\u00a0sa retraite\u00a0\u00bb, et dix ans apr\u00e8s son dernier film, l&rsquo;infatigable <em>Hayao Miyazaki<\/em> est de retour avec \u00ab\u00a0<strong>Le gar\u00e7on et le h\u00e9ron<\/strong>\u00ab\u00a0.<\/p>\n\n\n\n<p>Lorsqu&rsquo;on \u00e9voque le nom de <em>Miyazaki<\/em>, c&rsquo;est tout un imaginaire du cin\u00e9ma qui se met en place. Il faut dire que depuis toujours le r\u00e9alisateur japonais a su offrir un cin\u00e9ma comme personne n&rsquo;en fait. Un cin\u00e9ma quasi parfait, o\u00f9 cr\u00e9atures, \u00e9cologie, beaut\u00e9, et graphiques y font tellement bon m\u00e9nage. Avec une telle qualit\u00e9 de travail, des films comme \u00ab\u00a0<strong><a href=\"https:\/\/www.lavisqteam.fr\/?p=1201\">Le voyage de Chihiro<\/a><\/strong>\u00ab\u00a0, \u00ab\u00a0<a href=\"https:\/\/www.lavisqteam.fr\/?p=2258\"> <strong>Princesse Mononok\u00e9<\/strong><\/a>\u00ab\u00a0, \u00a0\u00bb <strong><a href=\"https:\/\/www.lavisqteam.fr\/?p=10433\">Le Ch\u00e2teau ambulant<\/a><\/strong>\u00a0\u00bb ou encore \u00ab\u00a0<strong><a href=\"https:\/\/www.lavisqteam.fr\/?p=5623\">Mon voisin Totoro<\/a><\/strong>\u00a0\u00bb sont entr\u00e9s dans notre culture \u00e0 jamais, et encore \u00e7a, ce n&rsquo;\u00e9tait que pour en citer quelques-uns, car finalement, chacun de ses films est une \u0153uvre \u00e0 part qui marque durablement.<\/p>\n\n\n<div class=\"wp-block-image\">\n<figure class=\"aligncenter size-large is-resized\"><a href=\"https:\/\/www.lavisqteam.fr\/wp-content\/uploads\/2023\/11\/398363929_7128810890505058_2227546713616979016_n.gif\"><img src=\"https:\/\/www.lavisqteam.fr\/wp-content\/uploads\/2023\/11\/398363929_7128810890505058_2227546713616979016_n-1024x554.gif\" alt=\"\" class=\"wp-image-71600\" width=\"600\" srcset=\"https:\/\/www.lavisqteam.fr\/wp-content\/uploads\/2023\/11\/398363929_7128810890505058_2227546713616979016_n-1024x554.gif 1024w, https:\/\/www.lavisqteam.fr\/wp-content\/uploads\/2023\/11\/398363929_7128810890505058_2227546713616979016_n-300x162.gif 300w, https:\/\/www.lavisqteam.fr\/wp-content\/uploads\/2023\/11\/398363929_7128810890505058_2227546713616979016_n-768x415.gif 768w\" sizes=\"(max-width: 1024px) 100vw, 1024px\" \/><\/a><\/figure><\/div>\n\n\n<p>Comme je le disais, il y a dix ans de \u00e7a, <em>Hayao Miyazaki<\/em> livrait ce qui semblait \u00eatre sa derni\u00e8re \u0153uvre, le superbe \u00ab\u00a0<strong><a href=\"https:\/\/www.lavisqteam.fr\/?p=45916\">Le vent se l\u00e8ve<\/a><\/strong>\u00ab\u00a0. Depuis, <em>Hayao Miyazaki<\/em> \u00e9tait en retraite, enfin \u00e7a, c&rsquo;est ce que l&rsquo;on pensait, car le Ma\u00eetre travaillait en fait \u00e0 un nouveau film qui lui aurait pris pas moins de sept ans \u00e0 r\u00e9aliser. Sept ann\u00e9es pour un r\u00e9sultat des plus sublimes. Chef-d&rsquo;\u0153uvre d&rsquo;animation, \u00ab\u00a0<strong>Le gar\u00e7on et le h\u00e9ron<\/strong>\u00ab\u00a0, m\u00eame s\u2019il va mettre beaucoup de temps \u00e0 d\u00e9marrer, une fois lanc\u00e9, une fois au c\u0153ur de son histoire, ce nouveau <em>Miyazaki<\/em> se pose comme une merveille de tous les instants. Magnifique histoire qui aborde le deuil et la reconstruction de soi, \u00ab\u00a0<strong>Le gar\u00e7on et le h\u00e9ron<\/strong>\u00a0\u00bb appelle tout ce que le cin\u00e9ma de <em>Hayao Miyazaki<\/em> a de plus beau, et malgr\u00e9 ses longueurs, finalement, on ne voit pas passer ce dernier film.<\/p>\n\n\n\n<h2 class=\"has-text-align-center\">\u00ab\u00a0Riche, dense, tr\u00e8s dense, m\u00e9taphorique&#8230;\u00a0\u00bb<\/h2>\n\n\n\n<p>Tokyo, peu apr\u00e8s le d\u00e9but de la guerre. Par une nuit calme, les sir\u00e8nes de la ville se font entendre et bient\u00f4t, une immense lumi\u00e8re appara\u00eet. Cette lumi\u00e8re, c&rsquo;est l&rsquo;incendie de l&rsquo;h\u00f4pital de la ville et c&rsquo;est au sein de ce dernier que la m\u00e8re du Mahito travaille. Cette nuit-l\u00e0, la m\u00e8re de Mahito va mourir. Peu de temps apr\u00e8s, le jeune gar\u00e7on doit quitter la ville. Avec son p\u00e8re, ils s&rsquo;installent chez la tante du petit gar\u00e7on, qui est alors la nouvelle femme de son p\u00e8re. C&rsquo;est l\u00e0, \u00e0 la campagne, que Mahito va vivre sa plus grande aventure.<\/p>\n\n\n\n<p>Et d&rsquo;un douzi\u00e8me long-m\u00e9trage pour le grand <em>Hayao Miyazaki<\/em> qui revient \u00e0 l&rsquo;\u00e2ge de quatre-vingt-deux ans, en tr\u00e8s belle forme. On peut m\u00eame dire qu&rsquo;\u00e0 cet \u00e2ge-l\u00e0, le r\u00e9alisateur donne des le\u00e7ons d&rsquo;animation et d&rsquo;intrigues \u00e0 beaucoup de jeunes cin\u00e9astes qui se sont lanc\u00e9s.<\/p>\n\n\n\n<p>\u00ab\u00a0<strong>Le gar\u00e7on et le h\u00e9ron<\/strong>\u00a0\u00bb est un film qui est loin d&rsquo;\u00eatre facile. Riche, dense, tr\u00e8s dense, m\u00e9taphorique, livrant une histoire qui a plusieurs lectures et dont il va falloir plusieurs visionnages pour en comprendre toutes les subtilit\u00e9s, \u00ab\u00a0<strong>Le gar\u00e7on et le h\u00e9ron<\/strong>\u00ab\u00a0, comme je le disais plus haut, r\u00e9unit tout ce que l&rsquo;on aime du cin\u00e9ma de <em>Hayao Miyazaki<\/em>.<\/p>\n\n\n\n<h2 class=\"has-text-align-center\">\u00ab\u00a0En plus de parler du deuil, <em>Miyazaki<\/em> y parle aussi de l&rsquo;enfance, de l&rsquo;innocence bien s\u00fbr.\u00a0\u00bb<\/h2>\n\n\n\n<p>Ici, <em>Hayao Miyazaki<\/em> nous raconte une histoire de deuil et s\u2019il y a bien mille fa\u00e7ons de nous raconter la douleur de la perte d&rsquo;un \u00eatre cher, il n&rsquo;y a qu&rsquo;une seule fa\u00e7on pour le r\u00e9alisateur de nous la raconter. Ainsi, cette histoire de deuil est accompagn\u00e9e d&rsquo;un h\u00e9ron, d&rsquo;un vieux manoir abandonn\u00e9, puis avec \u00e7a, d&rsquo;un autre monde. Un monde fantastique et inqui\u00e9tant \u00e0 la fois. Un monde onirique, o\u00f9 beaut\u00e9, dangers, et m\u00eame paradoxes temporels font bon m\u00e9nage. Si le film est tr\u00e8s long \u00e0 d\u00e9marrer, <em>Hayao Miyazaki<\/em> suit beaucoup son personnage, seul, en train de marcher, perdu avec lui-m\u00eame, et finalement, \u00e9teint dans ce monde vivant.<\/p>\n\n\n\n<p>Mais une fois que le Ma\u00eetre nous entra\u00eene dans cet autre monde, d&rsquo;un coup, ce \u00ab\u00a0&#8230; <strong>gar\u00e7on et le h\u00e9ron<\/strong>\u00a0\u00bb prend une toute autre tournure et ne cesse de nous tenir en int\u00e9r\u00eat et en merveille. C&rsquo;est bien simple, ici, tout est beau, tout est int\u00e9ressant, tout est touchant, et tous les reliefs de cette histoire, mais aussi de ses personnages, s&rsquo;intensifient. En plus de parler du deuil, <em>Miyazaki<\/em> y parle aussi de l&rsquo;enfance, de l&rsquo;innocence bien s\u00fbr, puis derri\u00e8re \u00e7a, entre les lignes, la guerre est \u00e9voqu\u00e9e, et la fragilit\u00e9 du monde. Enfin, comme toujours, la nature a une grande place au sein de cette histoire, qu&rsquo;elle soit mena\u00e7ante ou non, <em>Miyazaki<\/em> rappelle qu&rsquo;on fait partie d&rsquo;un tout.<\/p>\n\n\n\n<h2 class=\"has-text-align-center\">\u00ab\u00a0On ajoute \u00e0 cela une animation \u00e0 tomber par terre.\u00a0\u00bb<\/h2>\n\n\n\n<p>On ajoute \u00e0 cela une animation \u00e0 tomber par terre, avec un trait incroyable. Ici, tout respire <em>Miyazaki<\/em>, et alors qu&rsquo;il aurait pu seulement se contenter de faire un beau film, ce \u00ab\u00a0&#8230; <strong>gar\u00e7on et le h\u00e9ron<\/strong>\u00a0\u00bb propose des choses qu&rsquo;on n&rsquo;avait pas encore vues dans le cin\u00e9ma de son auteur, comme cette sc\u00e8ne d&rsquo;ouverture incroyable, violente et quasi-fantomatique. Idem lorsqu&rsquo;on passe dans ce monde d&rsquo;en bas, le film regorge d&rsquo;originalit\u00e9. De plus, malgr\u00e9 un d\u00e9but assez long, le rythme est soutenu, et finalement les deux heures que dure le film, on ne les voit pas vraiment passer, tant <em>Miyazaki<\/em> sait nous attraper, et surtout, il sait nous tenir jusqu&rsquo;\u00e0 sa derni\u00e8re sc\u00e8ne.<\/p>\n\n\n<div class=\"wp-block-image\">\n<figure class=\"aligncenter size-large is-resized\"><a href=\"https:\/\/www.lavisqteam.fr\/wp-content\/uploads\/2023\/11\/398660975_253522657702286_7652097518679720568_n.gif\"><img src=\"https:\/\/www.lavisqteam.fr\/wp-content\/uploads\/2023\/11\/398660975_253522657702286_7652097518679720568_n-1024x554.gif\" alt=\"\" class=\"wp-image-71599\" width=\"600\" srcset=\"https:\/\/www.lavisqteam.fr\/wp-content\/uploads\/2023\/11\/398660975_253522657702286_7652097518679720568_n-1024x554.gif 1024w, https:\/\/www.lavisqteam.fr\/wp-content\/uploads\/2023\/11\/398660975_253522657702286_7652097518679720568_n-300x162.gif 300w, https:\/\/www.lavisqteam.fr\/wp-content\/uploads\/2023\/11\/398660975_253522657702286_7652097518679720568_n-768x416.gif 768w, https:\/\/www.lavisqteam.fr\/wp-content\/uploads\/2023\/11\/398660975_253522657702286_7652097518679720568_n-1536x831.gif 1536w\" sizes=\"(max-width: 1024px) 100vw, 1024px\" \/><\/a><\/figure><\/div>\n\n\n<p>Ce retour de <em>Hayao Miyazaki<\/em> dix ans apr\u00e8s \u00ab\u00a0<strong><a href=\"https:\/\/www.lavisqteam.fr\/?p=45916\">Le vent se l\u00e8ve<\/a><\/strong>\u00a0\u00bb d\u00e9montre que le Ma\u00eetre n&rsquo;a rien perdu de son g\u00e9nie. \u00ab\u00a0<strong>Le gar\u00e7on et le h\u00e9ron<\/strong>\u00a0\u00bb est un grand cru <em>Miyazaki<\/em> au sein d&rsquo;une grande filmographie. Intense, riche, immense, fou et onirique, le r\u00e9alisateur nous fait passer par tout un tas d&rsquo;\u00e9motions, et alors qu&rsquo;il vient de f\u00eater ses quatre-vingt-deux ans, on esp\u00e8re que ce \u00ab\u00a0&#8230; <strong>gar\u00e7on et le h\u00e9ron<\/strong>\u00a0\u00bb ne sera pas son dernier, car des films comme celui-l\u00e0, on en veut tous les jours.<\/p>\n\n\n\n<p><strong>Note\u00a0: 18\/20<\/strong><\/p>\n\n\n\n<figure class=\"wp-block-embed is-type-video is-provider-youtube wp-block-embed-youtube wp-embed-aspect-16-9 wp-has-aspect-ratio\"><div class=\"wp-block-embed__wrapper\">\n<iframe loading=\"lazy\" title=\"LE GAR\u00c7ON ET LE H\u00c9RON - Bande-annonce\" width=\"1200\" height=\"675\" src=\"https:\/\/www.youtube.com\/embed\/Q2aTi0BQXek?feature=oembed\" frameborder=\"0\" allow=\"accelerometer; autoplay; clipboard-write; encrypted-media; gyroscope; picture-in-picture; web-share\" allowfullscreen><\/iframe>\n<\/div><\/figure>\n\n\n\n<p class=\"has-text-align-right\">Par <strong>Cin\u00e9ted<\/strong><\/p>\n","protected":false},"excerpt":{"rendered":"<p>Titre Original&nbsp;: Kimi-tachi wa Do Ikiru Ka De&nbsp;: Hayao Miyazaki Avec les Voix Originales de Soma Santoki, Masaki Suda, K\u00f4 Shibasaki, Aimyon Ann\u00e9e&nbsp;: 2023 Pays&nbsp;: &hellip; <\/p>\n","protected":false},"author":4,"featured_media":71601,"comment_status":"open","ping_status":"open","sticky":false,"template":"","format":"standard","meta":[],"categories":[7],"tags":[],"yoast_head":"<!-- This site is optimized with the Yoast SEO plugin v19.6.1 - https:\/\/yoast.com\/wordpress\/plugins\/seo\/ -->\n<title>Le Gar\u00e7on et le H\u00e9ron - Miyazaki en Grande Forme - Lavisqteam.fr<\/title>\n<meta name=\"robots\" content=\"index, follow, max-snippet:-1, max-image-preview:large, max-video-preview:-1\" \/>\n<link rel=\"canonical\" href=\"https:\/\/www.lavisqteam.fr\/?p=71597\" \/>\n<meta property=\"og:locale\" content=\"fr_FR\" \/>\n<meta property=\"og:type\" content=\"article\" \/>\n<meta property=\"og:title\" content=\"Le Gar\u00e7on et le H\u00e9ron - Miyazaki en Grande Forme - Lavisqteam.fr\" \/>\n<meta property=\"og:description\" content=\"Titre Original&nbsp;: Kimi-tachi wa Do Ikiru Ka De&nbsp;: Hayao Miyazaki Avec les Voix Originales de Soma Santoki, Masaki Suda, K\u00f4 Shibasaki, Aimyon Ann\u00e9e&nbsp;: 2023 Pays&nbsp;: &hellip;\" \/>\n<meta property=\"og:url\" content=\"https:\/\/www.lavisqteam.fr\/?p=71597\" \/>\n<meta property=\"og:site_name\" content=\"Lavisqteam.fr\" \/>\n<meta property=\"article:published_time\" content=\"2023-11-02T09:59:32+00:00\" \/>\n<meta property=\"article:modified_time\" content=\"2023-12-04T22:20:09+00:00\" \/>\n<meta property=\"og:image\" content=\"https:\/\/www.lavisqteam.fr\/wp-content\/uploads\/2023\/11\/lega.jpg\" \/>\n\t<meta property=\"og:image:width\" content=\"727\" \/>\n\t<meta property=\"og:image:height\" content=\"395\" \/>\n\t<meta property=\"og:image:type\" content=\"image\/jpeg\" \/>\n<meta name=\"author\" content=\"Cineted\" \/>\n<meta name=\"twitter:card\" content=\"summary_large_image\" \/>\n<meta name=\"twitter:image\" content=\"https:\/\/www.lavisqteam.fr\/wp-content\/uploads\/2023\/11\/lega.jpg\" \/>\n<meta name=\"twitter:label1\" content=\"\u00c9crit par\" \/>\n\t<meta name=\"twitter:data1\" content=\"Cineted\" \/>\n\t<meta name=\"twitter:label2\" content=\"Dur\u00e9e de lecture estim\u00e9e\" \/>\n\t<meta name=\"twitter:data2\" content=\"7 minutes\" \/>\n<script type=\"application\/ld+json\" class=\"yoast-schema-graph\">{\"@context\":\"https:\/\/schema.org\",\"@graph\":[{\"@type\":\"Article\",\"@id\":\"https:\/\/www.lavisqteam.fr\/?p=71597#article\",\"isPartOf\":{\"@id\":\"https:\/\/www.lavisqteam.fr\/?p=71597\"},\"author\":{\"name\":\"Cineted\",\"@id\":\"https:\/\/www.lavisqteam.fr\/#\/schema\/person\/4ed7295b68bc3daae9094db5f1f9f913\"},\"headline\":\"Le Gar\u00e7on et le H\u00e9ron &#8211; Miyazaki en Grande Forme\",\"datePublished\":\"2023-11-02T09:59:32+00:00\",\"dateModified\":\"2023-12-04T22:20:09+00:00\",\"mainEntityOfPage\":{\"@id\":\"https:\/\/www.lavisqteam.fr\/?p=71597\"},\"wordCount\":1186,\"commentCount\":0,\"publisher\":{\"@id\":\"https:\/\/www.lavisqteam.fr\/#organization\"},\"articleSection\":[\"Cin\u00e9ma\"],\"inLanguage\":\"fr-FR\",\"potentialAction\":[{\"@type\":\"CommentAction\",\"name\":\"Comment\",\"target\":[\"https:\/\/www.lavisqteam.fr\/?p=71597#respond\"]}]},{\"@type\":\"WebPage\",\"@id\":\"https:\/\/www.lavisqteam.fr\/?p=71597\",\"url\":\"https:\/\/www.lavisqteam.fr\/?p=71597\",\"name\":\"Le Gar\u00e7on et le H\u00e9ron - Miyazaki en Grande Forme - Lavisqteam.fr\",\"isPartOf\":{\"@id\":\"https:\/\/www.lavisqteam.fr\/#website\"},\"datePublished\":\"2023-11-02T09:59:32+00:00\",\"dateModified\":\"2023-12-04T22:20:09+00:00\",\"breadcrumb\":{\"@id\":\"https:\/\/www.lavisqteam.fr\/?p=71597#breadcrumb\"},\"inLanguage\":\"fr-FR\",\"potentialAction\":[{\"@type\":\"ReadAction\",\"target\":[\"https:\/\/www.lavisqteam.fr\/?p=71597\"]}]},{\"@type\":\"BreadcrumbList\",\"@id\":\"https:\/\/www.lavisqteam.fr\/?p=71597#breadcrumb\",\"itemListElement\":[{\"@type\":\"ListItem\",\"position\":1,\"name\":\"Accueil\",\"item\":\"https:\/\/www.lavisqteam.fr\/\"},{\"@type\":\"ListItem\",\"position\":2,\"name\":\"Le Gar\u00e7on et le H\u00e9ron &#8211; Miyazaki en Grande Forme\"}]},{\"@type\":\"WebSite\",\"@id\":\"https:\/\/www.lavisqteam.fr\/#website\",\"url\":\"https:\/\/www.lavisqteam.fr\/\",\"name\":\"Lavisqteam.fr\",\"description\":\"\",\"publisher\":{\"@id\":\"https:\/\/www.lavisqteam.fr\/#organization\"},\"potentialAction\":[{\"@type\":\"SearchAction\",\"target\":{\"@type\":\"EntryPoint\",\"urlTemplate\":\"https:\/\/www.lavisqteam.fr\/?s={search_term_string}\"},\"query-input\":\"required name=search_term_string\"}],\"inLanguage\":\"fr-FR\"},{\"@type\":\"Organization\",\"@id\":\"https:\/\/www.lavisqteam.fr\/#organization\",\"name\":\"Lavisqteam.fr\",\"url\":\"https:\/\/www.lavisqteam.fr\/\",\"sameAs\":[],\"logo\":{\"@type\":\"ImageObject\",\"inLanguage\":\"fr-FR\",\"@id\":\"https:\/\/www.lavisqteam.fr\/#\/schema\/logo\/image\/\",\"url\":\"https:\/\/www.lavisqteam.fr\/wp-content\/uploads\/2020\/08\/cropped-80879545_3479261675449035_4078032831501041664_o-4.jpg\",\"contentUrl\":\"https:\/\/www.lavisqteam.fr\/wp-content\/uploads\/2020\/08\/cropped-80879545_3479261675449035_4078032831501041664_o-4.jpg\",\"width\":1674,\"height\":536,\"caption\":\"Lavisqteam.fr\"},\"image\":{\"@id\":\"https:\/\/www.lavisqteam.fr\/#\/schema\/logo\/image\/\"}},{\"@type\":\"Person\",\"@id\":\"https:\/\/www.lavisqteam.fr\/#\/schema\/person\/4ed7295b68bc3daae9094db5f1f9f913\",\"name\":\"Cineted\",\"image\":{\"@type\":\"ImageObject\",\"inLanguage\":\"fr-FR\",\"@id\":\"https:\/\/www.lavisqteam.fr\/#\/schema\/person\/image\/\",\"url\":\"https:\/\/secure.gravatar.com\/avatar\/2d66d0012368c91013200ba69885bddd?s=96&d=mm&r=g\",\"contentUrl\":\"https:\/\/secure.gravatar.com\/avatar\/2d66d0012368c91013200ba69885bddd?s=96&d=mm&r=g\",\"caption\":\"Cineted\"},\"url\":\"https:\/\/www.lavisqteam.fr\/?author=4\"}]}<\/script>\n<!-- \/ Yoast SEO plugin. -->","yoast_head_json":{"title":"Le Gar\u00e7on et le H\u00e9ron - Miyazaki en Grande Forme - Lavisqteam.fr","robots":{"index":"index","follow":"follow","max-snippet":"max-snippet:-1","max-image-preview":"max-image-preview:large","max-video-preview":"max-video-preview:-1"},"canonical":"https:\/\/www.lavisqteam.fr\/?p=71597","og_locale":"fr_FR","og_type":"article","og_title":"Le Gar\u00e7on et le H\u00e9ron - Miyazaki en Grande Forme - Lavisqteam.fr","og_description":"Titre Original&nbsp;: Kimi-tachi wa Do Ikiru Ka De&nbsp;: Hayao Miyazaki Avec les Voix Originales de Soma Santoki, Masaki Suda, K\u00f4 Shibasaki, Aimyon Ann\u00e9e&nbsp;: 2023 Pays&nbsp;: &hellip;","og_url":"https:\/\/www.lavisqteam.fr\/?p=71597","og_site_name":"Lavisqteam.fr","article_published_time":"2023-11-02T09:59:32+00:00","article_modified_time":"2023-12-04T22:20:09+00:00","og_image":[{"width":727,"height":395,"url":"https:\/\/www.lavisqteam.fr\/wp-content\/uploads\/2023\/11\/lega.jpg","type":"image\/jpeg"}],"author":"Cineted","twitter_card":"summary_large_image","twitter_image":"https:\/\/www.lavisqteam.fr\/wp-content\/uploads\/2023\/11\/lega.jpg","twitter_misc":{"\u00c9crit par":"Cineted","Dur\u00e9e de lecture estim\u00e9e":"7 minutes"},"schema":{"@context":"https:\/\/schema.org","@graph":[{"@type":"Article","@id":"https:\/\/www.lavisqteam.fr\/?p=71597#article","isPartOf":{"@id":"https:\/\/www.lavisqteam.fr\/?p=71597"},"author":{"name":"Cineted","@id":"https:\/\/www.lavisqteam.fr\/#\/schema\/person\/4ed7295b68bc3daae9094db5f1f9f913"},"headline":"Le Gar\u00e7on et le H\u00e9ron &#8211; Miyazaki en Grande Forme","datePublished":"2023-11-02T09:59:32+00:00","dateModified":"2023-12-04T22:20:09+00:00","mainEntityOfPage":{"@id":"https:\/\/www.lavisqteam.fr\/?p=71597"},"wordCount":1186,"commentCount":0,"publisher":{"@id":"https:\/\/www.lavisqteam.fr\/#organization"},"articleSection":["Cin\u00e9ma"],"inLanguage":"fr-FR","potentialAction":[{"@type":"CommentAction","name":"Comment","target":["https:\/\/www.lavisqteam.fr\/?p=71597#respond"]}]},{"@type":"WebPage","@id":"https:\/\/www.lavisqteam.fr\/?p=71597","url":"https:\/\/www.lavisqteam.fr\/?p=71597","name":"Le Gar\u00e7on et le H\u00e9ron - Miyazaki en Grande Forme - Lavisqteam.fr","isPartOf":{"@id":"https:\/\/www.lavisqteam.fr\/#website"},"datePublished":"2023-11-02T09:59:32+00:00","dateModified":"2023-12-04T22:20:09+00:00","breadcrumb":{"@id":"https:\/\/www.lavisqteam.fr\/?p=71597#breadcrumb"},"inLanguage":"fr-FR","potentialAction":[{"@type":"ReadAction","target":["https:\/\/www.lavisqteam.fr\/?p=71597"]}]},{"@type":"BreadcrumbList","@id":"https:\/\/www.lavisqteam.fr\/?p=71597#breadcrumb","itemListElement":[{"@type":"ListItem","position":1,"name":"Accueil","item":"https:\/\/www.lavisqteam.fr\/"},{"@type":"ListItem","position":2,"name":"Le Gar\u00e7on et le H\u00e9ron &#8211; Miyazaki en Grande Forme"}]},{"@type":"WebSite","@id":"https:\/\/www.lavisqteam.fr\/#website","url":"https:\/\/www.lavisqteam.fr\/","name":"Lavisqteam.fr","description":"","publisher":{"@id":"https:\/\/www.lavisqteam.fr\/#organization"},"potentialAction":[{"@type":"SearchAction","target":{"@type":"EntryPoint","urlTemplate":"https:\/\/www.lavisqteam.fr\/?s={search_term_string}"},"query-input":"required name=search_term_string"}],"inLanguage":"fr-FR"},{"@type":"Organization","@id":"https:\/\/www.lavisqteam.fr\/#organization","name":"Lavisqteam.fr","url":"https:\/\/www.lavisqteam.fr\/","sameAs":[],"logo":{"@type":"ImageObject","inLanguage":"fr-FR","@id":"https:\/\/www.lavisqteam.fr\/#\/schema\/logo\/image\/","url":"https:\/\/www.lavisqteam.fr\/wp-content\/uploads\/2020\/08\/cropped-80879545_3479261675449035_4078032831501041664_o-4.jpg","contentUrl":"https:\/\/www.lavisqteam.fr\/wp-content\/uploads\/2020\/08\/cropped-80879545_3479261675449035_4078032831501041664_o-4.jpg","width":1674,"height":536,"caption":"Lavisqteam.fr"},"image":{"@id":"https:\/\/www.lavisqteam.fr\/#\/schema\/logo\/image\/"}},{"@type":"Person","@id":"https:\/\/www.lavisqteam.fr\/#\/schema\/person\/4ed7295b68bc3daae9094db5f1f9f913","name":"Cineted","image":{"@type":"ImageObject","inLanguage":"fr-FR","@id":"https:\/\/www.lavisqteam.fr\/#\/schema\/person\/image\/","url":"https:\/\/secure.gravatar.com\/avatar\/2d66d0012368c91013200ba69885bddd?s=96&d=mm&r=g","contentUrl":"https:\/\/secure.gravatar.com\/avatar\/2d66d0012368c91013200ba69885bddd?s=96&d=mm&r=g","caption":"Cineted"},"url":"https:\/\/www.lavisqteam.fr\/?author=4"}]}},"jetpack_featured_media_url":"https:\/\/www.lavisqteam.fr\/wp-content\/uploads\/2023\/11\/lega.jpg","_links":{"self":[{"href":"https:\/\/www.lavisqteam.fr\/index.php?rest_route=\/wp\/v2\/posts\/71597"}],"collection":[{"href":"https:\/\/www.lavisqteam.fr\/index.php?rest_route=\/wp\/v2\/posts"}],"about":[{"href":"https:\/\/www.lavisqteam.fr\/index.php?rest_route=\/wp\/v2\/types\/post"}],"author":[{"embeddable":true,"href":"https:\/\/www.lavisqteam.fr\/index.php?rest_route=\/wp\/v2\/users\/4"}],"replies":[{"embeddable":true,"href":"https:\/\/www.lavisqteam.fr\/index.php?rest_route=%2Fwp%2Fv2%2Fcomments&post=71597"}],"version-history":[{"count":1,"href":"https:\/\/www.lavisqteam.fr\/index.php?rest_route=\/wp\/v2\/posts\/71597\/revisions"}],"predecessor-version":[{"id":71602,"href":"https:\/\/www.lavisqteam.fr\/index.php?rest_route=\/wp\/v2\/posts\/71597\/revisions\/71602"}],"wp:featuredmedia":[{"embeddable":true,"href":"https:\/\/www.lavisqteam.fr\/index.php?rest_route=\/wp\/v2\/media\/71601"}],"wp:attachment":[{"href":"https:\/\/www.lavisqteam.fr\/index.php?rest_route=%2Fwp%2Fv2%2Fmedia&parent=71597"}],"wp:term":[{"taxonomy":"category","embeddable":true,"href":"https:\/\/www.lavisqteam.fr\/index.php?rest_route=%2Fwp%2Fv2%2Fcategories&post=71597"},{"taxonomy":"post_tag","embeddable":true,"href":"https:\/\/www.lavisqteam.fr\/index.php?rest_route=%2Fwp%2Fv2%2Ftags&post=71597"}],"curies":[{"name":"wp","href":"https:\/\/api.w.org\/{rel}","templated":true}]}}