{"id":71262,"date":"2023-10-11T08:03:34","date_gmt":"2023-10-11T08:03:34","guid":{"rendered":"https:\/\/www.lavisqteam.fr\/?p=71262"},"modified":"2023-10-11T08:03:37","modified_gmt":"2023-10-11T08:03:37","slug":"les-carnets-de-max-liebermann-saison-2","status":"publish","type":"post","link":"https:\/\/www.lavisqteam.fr\/?p=71262","title":{"rendered":"Les Carnets de Max Liebermann Saison 2"},"content":{"rendered":"<div class=\"wp-block-image\">\n<figure class=\"aligncenter size-full is-resized\"><a href=\"https:\/\/www.lavisqteam.fr\/wp-content\/uploads\/2023\/10\/349c1526-php5uqdbg_png.jpg\"><img src=\"https:\/\/www.lavisqteam.fr\/wp-content\/uploads\/2023\/10\/349c1526-php5uqdbg_png.jpg\" alt=\"\" class=\"wp-image-71263\" width=\"600\" srcset=\"https:\/\/www.lavisqteam.fr\/wp-content\/uploads\/2023\/10\/349c1526-php5uqdbg_png.jpg 1024w, https:\/\/www.lavisqteam.fr\/wp-content\/uploads\/2023\/10\/349c1526-php5uqdbg_png-300x300.jpg 300w, https:\/\/www.lavisqteam.fr\/wp-content\/uploads\/2023\/10\/349c1526-php5uqdbg_png-150x150.jpg 150w, https:\/\/www.lavisqteam.fr\/wp-content\/uploads\/2023\/10\/349c1526-php5uqdbg_png-768x768.jpg 768w\" sizes=\"(max-width: 1024px) 100vw, 1024px\" \/><\/a><\/figure><\/div>\n\n\n<p><strong>D\u2019Apr\u00e8s une Id\u00e9e de&nbsp;: <\/strong>Steve Thompson<\/p>\n\n\n\n<p><strong>Avec <\/strong>Matthew Beard, J\u00fcrgen Maurer, Luise Von Finckh, Lucy Griffiths<\/p>\n\n\n\n<p><strong>Pays&nbsp;: <\/strong>Angleterre<\/p>\n\n\n\n<p><strong>Nombre d\u2019Episodes&nbsp;: <\/strong>3<\/p>\n\n\n\n<p><strong>Genre&nbsp;: <\/strong>Policier<\/p>\n\n\n\n<p><strong>R\u00e9sum\u00e9&nbsp;:<\/strong><\/p>\n\n\n\n<p>Vienne, 1907. Le docteur Max Liebermann, jeune psychanalyste, a ouvert un cabinet en ville, mais les pr\u00e9jug\u00e9s contre cette nouvelle branche de la m\u00e9decine restent tenaces. Son ami, l&rsquo;inspecteur Oskar Rheinhardt, n&rsquo;h\u00e9site pourtant pas \u00e0 faire de nouveau appel \u00e0 lui pour plonger dans la psychologie des meurtriers et de leurs victimes afin de r\u00e9soudre des crimes particuli\u00e8rement myst\u00e9rieux.<\/p>\n\n\n\n<p><strong>Avis&nbsp;:<\/strong><strong><\/strong><\/p>\n\n\n\n<p>Adaptation de la saga litt\u00e9raire de <em>Frank Tallis<\/em>, <strong>Les Carnets de Max Liebermann<\/strong> s\u2019est avanc\u00e9e comme une incursion notable dans le polar historique. En l\u2019espace de trois \u00e9pisodes, la premi\u00e8re saison parvenait \u00e0 concilier des personnages int\u00e9ressants et atypiques, ainsi qu\u2019un cadre et un contexte particuli\u00e8rement soign\u00e9s. Au-del\u00e0 de cette facult\u00e9 d\u2019immersion \u00e0 emporter le spectateur dans le Vienne des ann\u00e9es&nbsp;1900, on pouvait \u00e9galement appr\u00e9cier des affaires ma\u00eetris\u00e9es aux rebondissements bienvenus, \u00e0 d\u00e9faut d\u2019\u00eatre impr\u00e9visibles. Aussi, cette seconde saison semble s\u2019inscrire dans sa continuit\u00e9, tant d\u2019un point de vue qualitatif que narratif.<\/p>\n\n\n<div class=\"wp-block-image\">\n<figure class=\"aligncenter size-large is-resized\"><a href=\"https:\/\/www.lavisqteam.fr\/wp-content\/uploads\/2023\/10\/p0b563hk.jpg\"><img src=\"https:\/\/www.lavisqteam.fr\/wp-content\/uploads\/2023\/10\/p0b563hk-1024x576.jpg\" alt=\"\" class=\"wp-image-71265\" width=\"600\" srcset=\"https:\/\/www.lavisqteam.fr\/wp-content\/uploads\/2023\/10\/p0b563hk-1024x576.jpg 1024w, https:\/\/www.lavisqteam.fr\/wp-content\/uploads\/2023\/10\/p0b563hk-300x169.jpg 300w, https:\/\/www.lavisqteam.fr\/wp-content\/uploads\/2023\/10\/p0b563hk-768x432.jpg 768w, https:\/\/www.lavisqteam.fr\/wp-content\/uploads\/2023\/10\/p0b563hk.jpg 1200w\" sizes=\"(max-width: 1024px) 100vw, 1024px\" \/><\/a><\/figure><\/div>\n\n\n<p>\u00c0 l\u2019image de la premi\u00e8re incursion, on retrouve une structure en trois \u00e9pisodes, soit trois enqu\u00eates qui marquent une collaboration plus ou moins fortuite entre les deux protagonistes. Dans les faits, la formule reste la m\u00eame. Cela tient tout d\u2019abord \u00e0 une progression m\u00e9ticuleuse o\u00f9 les investigations vont de connivence avec des r\u00e9flexions qui portent \u00e0 d\u00e9duction. L\u00e0 encore, on observe une approche moderne, sinon anticonformiste, pour appr\u00e9hender les diff\u00e9rentes affaires. Parfois au d\u00e9triment d\u2019une recherche \u00ab&nbsp;classique&nbsp;\u00bb, la psychanalyse tend \u00e0 s\u2019imposer au fil des interrogatoires et de l\u2019examen des sc\u00e8nes de crime.<\/p>\n\n\n\n<p>Le fait de se pencher sur la psych\u00e9 des victimes, comme celle des coupables, renvoie aux pr\u00e9mices du profilage. Certes, les allusions restent mesur\u00e9es. Il n\u2019en demeure pas moins qu\u2019on entrevoit des pistes \u00e0 m\u00eame d\u2019orienter le parcours des enqu\u00eateurs d\u2019une mani\u00e8re plus th\u00e9orique qu\u2019auparavant. En contrepartie, on d\u00e9laisse quelque peu les m\u00e9thodes acad\u00e9miques de l\u2019inspecteur Reinhardt qui para\u00eet de plus en plus d\u00e9pendant aux comp\u00e9tences de son homologue. Ce qui n\u2019enl\u00e8ve rien aux qualit\u00e9s du personnage, soit dit en passant. De m\u00eame, les balbutiements de la police scientifique sont moins pr\u00e9pond\u00e9rants, eu \u00e9gard aux analyses de substances pour distinguer la trace d\u2019\u00e9ventuels poisons.<\/p>\n\n\n\n<p>En ce qui concerne les enqu\u00eates, on se base sur un sch\u00e9ma narratif familier. \u00c0 savoir, des circonstances fortuites pour amener \u00e0 une collaboration interdisciplinaire. Puis les faits permettent d\u2019appr\u00e9hender les affaires sous un angle pr\u00e9cis avant qu\u2019un ou plusieurs \u00e9l\u00e9ments perturbateurs ne viennent \u00e9branler les certitudes. C\u00f4t\u00e9 ambiance, on retrouve une reconstitution historique m\u00e9ticuleuse toujours aussi r\u00e9ussie. Cela tient autant aux environnements int\u00e9rieurs ou ext\u00e9rieurs qu\u2019au contexte social. Au-del\u00e0 d\u2019une \u00e9vocation de l\u2019aristocratie viennoise, on distingue la mont\u00e9e latente de l\u2019antis\u00e9mitisme, notamment avec l\u2019\u00e9pisode Les Pi\u00e8ges du cr\u00e9puscule.<\/p>\n\n\n\n<p>Sans pour autant d\u00e9naturer le charme de la s\u00e9rie ou de l\u2019univers de <em>Frank Tallis<\/em>, cette \u00e9volution lui offre \u00e0 minima une nouvelle dynamique. Quitte parfois \u00e0 occulter les s\u00e9quences qui tiennent de la vie priv\u00e9e des intervenants. Hormis l\u2019entourage de Max Liebermann, il n\u2019y a plus aucune incursion pour les seconds r\u00f4les, comme pour son partenaire. De ce c\u00f4t\u00e9, l\u2019ensemble manque de profondeur pour poursuivre le travail de caract\u00e9risation. On peut aussi regretter certaines tournures faciles et \u00e9cul\u00e9es. Mention sp\u00e9ciale au d\u00e9nouement du dernier \u00e9pisode qui conf\u00e8re au clich\u00e9 et n\u2019induit aucun suspense quant \u00e0 la suite des \u00e9v\u00e8nements.<\/p>\n\n\n<div class=\"wp-block-image\">\n<figure class=\"aligncenter size-large is-resized\"><a href=\"https:\/\/www.lavisqteam.fr\/wp-content\/uploads\/2023\/10\/Vienna-Blood-S2_03_Red-Arrow-Studios-International.jpg\"><img src=\"https:\/\/www.lavisqteam.fr\/wp-content\/uploads\/2023\/10\/Vienna-Blood-S2_03_Red-Arrow-Studios-International-1024x682.jpg\" alt=\"\" class=\"wp-image-71264\" width=\"600\" srcset=\"https:\/\/www.lavisqteam.fr\/wp-content\/uploads\/2023\/10\/Vienna-Blood-S2_03_Red-Arrow-Studios-International-1024x682.jpg 1024w, https:\/\/www.lavisqteam.fr\/wp-content\/uploads\/2023\/10\/Vienna-Blood-S2_03_Red-Arrow-Studios-International-300x200.jpg 300w, https:\/\/www.lavisqteam.fr\/wp-content\/uploads\/2023\/10\/Vienna-Blood-S2_03_Red-Arrow-Studios-International-768x512.jpg 768w, https:\/\/www.lavisqteam.fr\/wp-content\/uploads\/2023\/10\/Vienna-Blood-S2_03_Red-Arrow-Studios-International-1536x1024.jpg 1536w, https:\/\/www.lavisqteam.fr\/wp-content\/uploads\/2023\/10\/Vienna-Blood-S2_03_Red-Arrow-Studios-International-2048x1365.jpg 2048w, https:\/\/www.lavisqteam.fr\/wp-content\/uploads\/2023\/10\/Vienna-Blood-S2_03_Red-Arrow-Studios-International-700x465.jpg 700w\" sizes=\"(max-width: 1024px) 100vw, 1024px\" \/><\/a><\/figure><\/div>\n\n\n<p>Au final, la deuxi\u00e8me saison des <strong>Carnets de Max Liebermann<\/strong> s\u2019av\u00e8re plaisante. On appr\u00e9cie la diversit\u00e9 et la m\u00e9ticulosit\u00e9 des affaires, ainsi qu\u2019une p\u00e9riode int\u00e9ressante \u00e0 explorer. La soci\u00e9t\u00e9 de l\u2019\u00e9poque se retrouve \u00e0 la confluence des avanc\u00e9es morales et scientifiques, quitte \u00e0 exacerber les tensions communautaires. Le duo d\u2019enqu\u00eateurs est toujours aussi efficace dans leur compl\u00e9mentarit\u00e9, et ce, en d\u00e9pit d\u2019une pr\u00e9dominance des efforts psychanalytiques pour faire progresser les investigations. On d\u00e9plore toutefois une caract\u00e9risation ronflante et des interactions timor\u00e9es o\u00f9 les protagonistes ne r\u00e9ussissent pas forc\u00e9ment \u00e0 s\u2019extirper de leurs aprioris ou de leurs carcans sociaux. Une s\u00e9rie polici\u00e8re historique qui reste n\u00e9anmoins appr\u00e9ciable pour peu que l\u2019on fasse l\u2019impasse sur certaines maladresses sc\u00e9naristiques.<\/p>\n\n\n\n<p><strong>Note&nbsp;: 14\/20<\/strong><\/p>\n\n\n\n<figure class=\"wp-block-embed is-type-video is-provider-youtube wp-block-embed-youtube wp-embed-aspect-16-9 wp-has-aspect-ratio\"><div class=\"wp-block-embed__wrapper\">\n<iframe loading=\"lazy\" title=\"Vienna Blood Season 2 premieres Sunday at 10PM\" width=\"1200\" height=\"675\" src=\"https:\/\/www.youtube.com\/embed\/S0STsXIn3Yo?feature=oembed\" frameborder=\"0\" allow=\"accelerometer; autoplay; clipboard-write; encrypted-media; gyroscope; picture-in-picture; web-share\" allowfullscreen><\/iframe>\n<\/div><\/figure>\n\n\n\n<p class=\"has-text-align-right\">Par <strong>Dante<\/strong><\/p>\n","protected":false},"excerpt":{"rendered":"<p>D\u2019Apr\u00e8s une Id\u00e9e de&nbsp;: Steve Thompson Avec Matthew Beard, J\u00fcrgen Maurer, Luise Von Finckh, Lucy Griffiths Pays&nbsp;: Angleterre Nombre d\u2019Episodes&nbsp;: 3 Genre&nbsp;: Policier R\u00e9sum\u00e9&nbsp;: Vienne, &hellip; <\/p>\n","protected":false},"author":5,"featured_media":71266,"comment_status":"open","ping_status":"open","sticky":false,"template":"","format":"standard","meta":[],"categories":[13],"tags":[],"yoast_head":"<!-- This site is optimized with the Yoast SEO plugin v19.6.1 - https:\/\/yoast.com\/wordpress\/plugins\/seo\/ -->\n<title>Les Carnets de Max Liebermann Saison 2 - Lavisqteam.fr<\/title>\n<meta name=\"robots\" content=\"index, follow, max-snippet:-1, max-image-preview:large, max-video-preview:-1\" \/>\n<link rel=\"canonical\" href=\"https:\/\/www.lavisqteam.fr\/?p=71262\" \/>\n<meta property=\"og:locale\" content=\"fr_FR\" \/>\n<meta property=\"og:type\" content=\"article\" \/>\n<meta property=\"og:title\" content=\"Les Carnets de Max Liebermann Saison 2 - Lavisqteam.fr\" \/>\n<meta property=\"og:description\" content=\"D\u2019Apr\u00e8s une Id\u00e9e de&nbsp;: Steve Thompson Avec Matthew Beard, J\u00fcrgen Maurer, Luise Von Finckh, Lucy Griffiths Pays&nbsp;: Angleterre Nombre d\u2019Episodes&nbsp;: 3 Genre&nbsp;: Policier R\u00e9sum\u00e9&nbsp;: Vienne, &hellip;\" \/>\n<meta property=\"og:url\" content=\"https:\/\/www.lavisqteam.fr\/?p=71262\" \/>\n<meta property=\"og:site_name\" content=\"Lavisqteam.fr\" \/>\n<meta property=\"article:published_time\" content=\"2023-10-11T08:03:34+00:00\" \/>\n<meta property=\"article:modified_time\" content=\"2023-10-11T08:03:37+00:00\" \/>\n<meta property=\"og:image\" content=\"https:\/\/www.lavisqteam.fr\/wp-content\/uploads\/2023\/10\/lesc.jpg\" \/>\n\t<meta property=\"og:image:width\" content=\"727\" \/>\n\t<meta property=\"og:image:height\" content=\"395\" \/>\n\t<meta property=\"og:image:type\" content=\"image\/jpeg\" \/>\n<meta name=\"author\" content=\"Dante\" \/>\n<meta name=\"twitter:card\" content=\"summary_large_image\" \/>\n<meta name=\"twitter:image\" content=\"https:\/\/www.lavisqteam.fr\/wp-content\/uploads\/2023\/10\/lesc.jpg\" \/>\n<meta name=\"twitter:label1\" content=\"\u00c9crit par\" \/>\n\t<meta name=\"twitter:data1\" content=\"Dante\" \/>\n\t<meta name=\"twitter:label2\" content=\"Dur\u00e9e de lecture estim\u00e9e\" \/>\n\t<meta name=\"twitter:data2\" content=\"5 minutes\" \/>\n<script type=\"application\/ld+json\" class=\"yoast-schema-graph\">{\"@context\":\"https:\/\/schema.org\",\"@graph\":[{\"@type\":\"Article\",\"@id\":\"https:\/\/www.lavisqteam.fr\/?p=71262#article\",\"isPartOf\":{\"@id\":\"https:\/\/www.lavisqteam.fr\/?p=71262\"},\"author\":{\"name\":\"Dante\",\"@id\":\"https:\/\/www.lavisqteam.fr\/#\/schema\/person\/f990b2bf003d200c5d343e528a040052\"},\"headline\":\"Les Carnets de Max Liebermann Saison 2\",\"datePublished\":\"2023-10-11T08:03:34+00:00\",\"dateModified\":\"2023-10-11T08:03:37+00:00\",\"mainEntityOfPage\":{\"@id\":\"https:\/\/www.lavisqteam.fr\/?p=71262\"},\"wordCount\":825,\"commentCount\":0,\"publisher\":{\"@id\":\"https:\/\/www.lavisqteam.fr\/#organization\"},\"articleSection\":[\"S\u00e9rie\"],\"inLanguage\":\"fr-FR\",\"potentialAction\":[{\"@type\":\"CommentAction\",\"name\":\"Comment\",\"target\":[\"https:\/\/www.lavisqteam.fr\/?p=71262#respond\"]}]},{\"@type\":\"WebPage\",\"@id\":\"https:\/\/www.lavisqteam.fr\/?p=71262\",\"url\":\"https:\/\/www.lavisqteam.fr\/?p=71262\",\"name\":\"Les Carnets de Max Liebermann Saison 2 - Lavisqteam.fr\",\"isPartOf\":{\"@id\":\"https:\/\/www.lavisqteam.fr\/#website\"},\"datePublished\":\"2023-10-11T08:03:34+00:00\",\"dateModified\":\"2023-10-11T08:03:37+00:00\",\"breadcrumb\":{\"@id\":\"https:\/\/www.lavisqteam.fr\/?p=71262#breadcrumb\"},\"inLanguage\":\"fr-FR\",\"potentialAction\":[{\"@type\":\"ReadAction\",\"target\":[\"https:\/\/www.lavisqteam.fr\/?p=71262\"]}]},{\"@type\":\"BreadcrumbList\",\"@id\":\"https:\/\/www.lavisqteam.fr\/?p=71262#breadcrumb\",\"itemListElement\":[{\"@type\":\"ListItem\",\"position\":1,\"name\":\"Accueil\",\"item\":\"https:\/\/www.lavisqteam.fr\/\"},{\"@type\":\"ListItem\",\"position\":2,\"name\":\"Les Carnets de Max Liebermann Saison 2\"}]},{\"@type\":\"WebSite\",\"@id\":\"https:\/\/www.lavisqteam.fr\/#website\",\"url\":\"https:\/\/www.lavisqteam.fr\/\",\"name\":\"Lavisqteam.fr\",\"description\":\"\",\"publisher\":{\"@id\":\"https:\/\/www.lavisqteam.fr\/#organization\"},\"potentialAction\":[{\"@type\":\"SearchAction\",\"target\":{\"@type\":\"EntryPoint\",\"urlTemplate\":\"https:\/\/www.lavisqteam.fr\/?s={search_term_string}\"},\"query-input\":\"required name=search_term_string\"}],\"inLanguage\":\"fr-FR\"},{\"@type\":\"Organization\",\"@id\":\"https:\/\/www.lavisqteam.fr\/#organization\",\"name\":\"Lavisqteam.fr\",\"url\":\"https:\/\/www.lavisqteam.fr\/\",\"sameAs\":[],\"logo\":{\"@type\":\"ImageObject\",\"inLanguage\":\"fr-FR\",\"@id\":\"https:\/\/www.lavisqteam.fr\/#\/schema\/logo\/image\/\",\"url\":\"https:\/\/www.lavisqteam.fr\/wp-content\/uploads\/2020\/08\/cropped-80879545_3479261675449035_4078032831501041664_o-4.jpg\",\"contentUrl\":\"https:\/\/www.lavisqteam.fr\/wp-content\/uploads\/2020\/08\/cropped-80879545_3479261675449035_4078032831501041664_o-4.jpg\",\"width\":1674,\"height\":536,\"caption\":\"Lavisqteam.fr\"},\"image\":{\"@id\":\"https:\/\/www.lavisqteam.fr\/#\/schema\/logo\/image\/\"}},{\"@type\":\"Person\",\"@id\":\"https:\/\/www.lavisqteam.fr\/#\/schema\/person\/f990b2bf003d200c5d343e528a040052\",\"name\":\"Dante\",\"image\":{\"@type\":\"ImageObject\",\"inLanguage\":\"fr-FR\",\"@id\":\"https:\/\/www.lavisqteam.fr\/#\/schema\/person\/image\/\",\"url\":\"https:\/\/secure.gravatar.com\/avatar\/247c2b515d1472e98f97043ac8393382?s=96&d=mm&r=g\",\"contentUrl\":\"https:\/\/secure.gravatar.com\/avatar\/247c2b515d1472e98f97043ac8393382?s=96&d=mm&r=g\",\"caption\":\"Dante\"},\"url\":\"https:\/\/www.lavisqteam.fr\/?author=5\"}]}<\/script>\n<!-- \/ Yoast SEO plugin. -->","yoast_head_json":{"title":"Les Carnets de Max Liebermann Saison 2 - Lavisqteam.fr","robots":{"index":"index","follow":"follow","max-snippet":"max-snippet:-1","max-image-preview":"max-image-preview:large","max-video-preview":"max-video-preview:-1"},"canonical":"https:\/\/www.lavisqteam.fr\/?p=71262","og_locale":"fr_FR","og_type":"article","og_title":"Les Carnets de Max Liebermann Saison 2 - Lavisqteam.fr","og_description":"D\u2019Apr\u00e8s une Id\u00e9e de&nbsp;: Steve Thompson Avec Matthew Beard, J\u00fcrgen Maurer, Luise Von Finckh, Lucy Griffiths Pays&nbsp;: Angleterre Nombre d\u2019Episodes&nbsp;: 3 Genre&nbsp;: Policier R\u00e9sum\u00e9&nbsp;: Vienne, &hellip;","og_url":"https:\/\/www.lavisqteam.fr\/?p=71262","og_site_name":"Lavisqteam.fr","article_published_time":"2023-10-11T08:03:34+00:00","article_modified_time":"2023-10-11T08:03:37+00:00","og_image":[{"width":727,"height":395,"url":"https:\/\/www.lavisqteam.fr\/wp-content\/uploads\/2023\/10\/lesc.jpg","type":"image\/jpeg"}],"author":"Dante","twitter_card":"summary_large_image","twitter_image":"https:\/\/www.lavisqteam.fr\/wp-content\/uploads\/2023\/10\/lesc.jpg","twitter_misc":{"\u00c9crit par":"Dante","Dur\u00e9e de lecture estim\u00e9e":"5 minutes"},"schema":{"@context":"https:\/\/schema.org","@graph":[{"@type":"Article","@id":"https:\/\/www.lavisqteam.fr\/?p=71262#article","isPartOf":{"@id":"https:\/\/www.lavisqteam.fr\/?p=71262"},"author":{"name":"Dante","@id":"https:\/\/www.lavisqteam.fr\/#\/schema\/person\/f990b2bf003d200c5d343e528a040052"},"headline":"Les Carnets de Max Liebermann Saison 2","datePublished":"2023-10-11T08:03:34+00:00","dateModified":"2023-10-11T08:03:37+00:00","mainEntityOfPage":{"@id":"https:\/\/www.lavisqteam.fr\/?p=71262"},"wordCount":825,"commentCount":0,"publisher":{"@id":"https:\/\/www.lavisqteam.fr\/#organization"},"articleSection":["S\u00e9rie"],"inLanguage":"fr-FR","potentialAction":[{"@type":"CommentAction","name":"Comment","target":["https:\/\/www.lavisqteam.fr\/?p=71262#respond"]}]},{"@type":"WebPage","@id":"https:\/\/www.lavisqteam.fr\/?p=71262","url":"https:\/\/www.lavisqteam.fr\/?p=71262","name":"Les Carnets de Max Liebermann Saison 2 - Lavisqteam.fr","isPartOf":{"@id":"https:\/\/www.lavisqteam.fr\/#website"},"datePublished":"2023-10-11T08:03:34+00:00","dateModified":"2023-10-11T08:03:37+00:00","breadcrumb":{"@id":"https:\/\/www.lavisqteam.fr\/?p=71262#breadcrumb"},"inLanguage":"fr-FR","potentialAction":[{"@type":"ReadAction","target":["https:\/\/www.lavisqteam.fr\/?p=71262"]}]},{"@type":"BreadcrumbList","@id":"https:\/\/www.lavisqteam.fr\/?p=71262#breadcrumb","itemListElement":[{"@type":"ListItem","position":1,"name":"Accueil","item":"https:\/\/www.lavisqteam.fr\/"},{"@type":"ListItem","position":2,"name":"Les Carnets de Max Liebermann Saison 2"}]},{"@type":"WebSite","@id":"https:\/\/www.lavisqteam.fr\/#website","url":"https:\/\/www.lavisqteam.fr\/","name":"Lavisqteam.fr","description":"","publisher":{"@id":"https:\/\/www.lavisqteam.fr\/#organization"},"potentialAction":[{"@type":"SearchAction","target":{"@type":"EntryPoint","urlTemplate":"https:\/\/www.lavisqteam.fr\/?s={search_term_string}"},"query-input":"required name=search_term_string"}],"inLanguage":"fr-FR"},{"@type":"Organization","@id":"https:\/\/www.lavisqteam.fr\/#organization","name":"Lavisqteam.fr","url":"https:\/\/www.lavisqteam.fr\/","sameAs":[],"logo":{"@type":"ImageObject","inLanguage":"fr-FR","@id":"https:\/\/www.lavisqteam.fr\/#\/schema\/logo\/image\/","url":"https:\/\/www.lavisqteam.fr\/wp-content\/uploads\/2020\/08\/cropped-80879545_3479261675449035_4078032831501041664_o-4.jpg","contentUrl":"https:\/\/www.lavisqteam.fr\/wp-content\/uploads\/2020\/08\/cropped-80879545_3479261675449035_4078032831501041664_o-4.jpg","width":1674,"height":536,"caption":"Lavisqteam.fr"},"image":{"@id":"https:\/\/www.lavisqteam.fr\/#\/schema\/logo\/image\/"}},{"@type":"Person","@id":"https:\/\/www.lavisqteam.fr\/#\/schema\/person\/f990b2bf003d200c5d343e528a040052","name":"Dante","image":{"@type":"ImageObject","inLanguage":"fr-FR","@id":"https:\/\/www.lavisqteam.fr\/#\/schema\/person\/image\/","url":"https:\/\/secure.gravatar.com\/avatar\/247c2b515d1472e98f97043ac8393382?s=96&d=mm&r=g","contentUrl":"https:\/\/secure.gravatar.com\/avatar\/247c2b515d1472e98f97043ac8393382?s=96&d=mm&r=g","caption":"Dante"},"url":"https:\/\/www.lavisqteam.fr\/?author=5"}]}},"jetpack_featured_media_url":"https:\/\/www.lavisqteam.fr\/wp-content\/uploads\/2023\/10\/lesc.jpg","_links":{"self":[{"href":"https:\/\/www.lavisqteam.fr\/index.php?rest_route=\/wp\/v2\/posts\/71262"}],"collection":[{"href":"https:\/\/www.lavisqteam.fr\/index.php?rest_route=\/wp\/v2\/posts"}],"about":[{"href":"https:\/\/www.lavisqteam.fr\/index.php?rest_route=\/wp\/v2\/types\/post"}],"author":[{"embeddable":true,"href":"https:\/\/www.lavisqteam.fr\/index.php?rest_route=\/wp\/v2\/users\/5"}],"replies":[{"embeddable":true,"href":"https:\/\/www.lavisqteam.fr\/index.php?rest_route=%2Fwp%2Fv2%2Fcomments&post=71262"}],"version-history":[{"count":1,"href":"https:\/\/www.lavisqteam.fr\/index.php?rest_route=\/wp\/v2\/posts\/71262\/revisions"}],"predecessor-version":[{"id":71267,"href":"https:\/\/www.lavisqteam.fr\/index.php?rest_route=\/wp\/v2\/posts\/71262\/revisions\/71267"}],"wp:featuredmedia":[{"embeddable":true,"href":"https:\/\/www.lavisqteam.fr\/index.php?rest_route=\/wp\/v2\/media\/71266"}],"wp:attachment":[{"href":"https:\/\/www.lavisqteam.fr\/index.php?rest_route=%2Fwp%2Fv2%2Fmedia&parent=71262"}],"wp:term":[{"taxonomy":"category","embeddable":true,"href":"https:\/\/www.lavisqteam.fr\/index.php?rest_route=%2Fwp%2Fv2%2Fcategories&post=71262"},{"taxonomy":"post_tag","embeddable":true,"href":"https:\/\/www.lavisqteam.fr\/index.php?rest_route=%2Fwp%2Fv2%2Ftags&post=71262"}],"curies":[{"name":"wp","href":"https:\/\/api.w.org\/{rel}","templated":true}]}}