{"id":70836,"date":"2023-09-06T07:17:59","date_gmt":"2023-09-06T07:17:59","guid":{"rendered":"https:\/\/www.lavisqteam.fr\/?p=70836"},"modified":"2023-09-06T07:18:02","modified_gmt":"2023-09-06T07:18:02","slug":"le-bureau-des-affaires-occultes-les-nuits-de-la-peur-bleue-eric-fouassier","status":"publish","type":"post","link":"https:\/\/www.lavisqteam.fr\/?p=70836","title":{"rendered":"Le Bureau des Affaires Occultes &#8211; Les Nuits de la Peur Bleue &#8211; Eric Fouassier"},"content":{"rendered":"<div class=\"wp-block-image\">\n<figure class=\"aligncenter size-large is-resized\"><a href=\"https:\/\/www.lavisqteam.fr\/wp-content\/uploads\/2023\/09\/9782226473172-j.jpg\"><img src=\"https:\/\/www.lavisqteam.fr\/wp-content\/uploads\/2023\/09\/9782226473172-j-706x1024.jpg\" alt=\"\" class=\"wp-image-70837\" width=\"600\" srcset=\"https:\/\/www.lavisqteam.fr\/wp-content\/uploads\/2023\/09\/9782226473172-j-706x1024.jpg 706w, https:\/\/www.lavisqteam.fr\/wp-content\/uploads\/2023\/09\/9782226473172-j-207x300.jpg 207w, https:\/\/www.lavisqteam.fr\/wp-content\/uploads\/2023\/09\/9782226473172-j-768x1115.jpg 768w, https:\/\/www.lavisqteam.fr\/wp-content\/uploads\/2023\/09\/9782226473172-j-1058x1536.jpg 1058w, https:\/\/www.lavisqteam.fr\/wp-content\/uploads\/2023\/09\/9782226473172-j.jpg 1400w\" sizes=\"(max-width: 706px) 100vw, 706px\" \/><\/a><\/figure><\/div>\n\n\n<p><strong>Auteur&nbsp;: <\/strong>Eric Fouassier<\/p>\n\n\n\n<p><strong>Editeur&nbsp;: <\/strong>Albin Michel<\/p>\n\n\n\n<p><strong>Genre&nbsp;: <\/strong>Polar<\/p>\n\n\n\n<p><strong>R\u00e9sum\u00e9&nbsp;:<\/strong><\/p>\n\n\n\n<p>Paris, 1832. Alors qu&rsquo;une \u00e9pid\u00e9mie de chol\u00e9ra terrifie la population, un tueur d\u00e9cime le quartier de Saint-Merri, poignardant ses victimes avant de leur amputer un organe chaque fois diff\u00e9rent. L&rsquo;affaire est confi\u00e9e \u00e0 Valentin Verne, second\u00e9 par sa fid\u00e8le Agla\u00e9, d\u00e9sormais membre de son service, et deux nouvelles recrues. Dans le m\u00eame temps, Vidocq d\u00e9couvre le moyen de percer l&rsquo;identit\u00e9 du Vicaire.<\/p>\n\n\n\n<p><strong>Avis&nbsp;:<\/strong><strong><\/strong><\/p>\n\n\n\n<p>Apr\u00e8s deux premiers tomes du <strong>Bureau des affaires occultes<\/strong>, <em>\u00c9ric Fouassier<\/em> s\u2019est impos\u00e9 comme une figure litt\u00e9raire incontournable dans le domaine du polar historique. L\u2019auteur est parvenu \u00e0 redonner vie \u00e0 l\u2019une des p\u00e9riodes les plus instables, au sortir de la R\u00e9volution fran\u00e7aise. On pouvait appr\u00e9cier un contexte m\u00e9ticuleux et r\u00e9aliste, le tout desservi par un cheminement immersif et des affaires aux m\u00e9canismes rod\u00e9s. Cela sans oublier des protagonistes attachants, d\u00e9velopp\u00e9s avec tout autant de rigueur que les intrigues elles-m\u00eames. Si la suite confirmait l\u2019essai, <strong>Les Nuits de la peur bleue<\/strong> marque l\u2019av\u00e8nement, voire l\u2019annualisation d\u2019une s\u00e9rie d\u2019enqu\u00eates dans le Paris des ann\u00e9es&nbsp;1830.<\/p>\n\n\n\n<p>\u00c0 l\u2019instar de ses pr\u00e9d\u00e9cesseurs, le pr\u00e9sent ouvrage aime exposer un modus operandi qui \u00e9chappe \u00e0 l\u2019entendement. Cela tient \u00e0 la sc\u00e8ne de crime elle-m\u00eame, aux circonstances des meurtres, ainsi qu\u2019\u00e0 l\u2019\u00e9tat des cadavres. Pour autant, on ne sombre pas dans des consid\u00e9rations irrationnelles, comme ce fut le cas avec <strong>Le Fant\u00f4me du Vicaire<\/strong> et l\u2019allusion au spiritisme. L\u2019intrigue confronte alors le milieu de la criminalit\u00e9 avec des d\u00e9couvertes technologiques et scientifiques. Auparavant, on avait pu appr\u00e9cier les pr\u00e9mices de l\u2019hypnose ou de la photographie avec la daguerr\u00e9otypie. En \u00e9cho au contexte sanitaire des ann\u00e9es&nbsp;2020, l\u2019auteur opte cette fois-ci pour la bact\u00e9riologie.<\/p>\n\n\n\n<p>Au c\u0153ur de l\u2019enqu\u00eate, cet aspect est loin d\u2019\u00eatre anodin, car il permet d\u2019apporter une dynamique diff\u00e9rente. Le parall\u00e8le avec la p\u00e9riode contemporaine est \u00e9vident et il ne tient pas uniquement au risque \u00e9pid\u00e9mique. Au gr\u00e9 des chapitres, on \u00e9voque la dimension politique et l\u2019incomp\u00e9tence du pouvoir \u00e0 g\u00e9rer la situation. Sur la base d\u2019anecdotes r\u00e9elles, on d\u00e9couvre des mesures aussi farfelues qu\u2019absurdes pour endiguer le chol\u00e9ra, \u00e0 tout le moins le contenir dans les castes sociales les plus basses. On retrouve \u00e9galement des allusions complotistes qui, quant \u00e0 elle, reposent sur des rumeurs. En revanche, le propos n\u2019est pas d\u00e9velopp\u00e9 pour avancer leur v\u00e9racit\u00e9 ou leur caract\u00e8re fallacieux.<\/p>\n\n\n\n<p>Au demeurant, le roman offre une reconstitution historique de premier ordre. On songe \u00e0 l\u2019architecture ou \u00e0 l\u2019\u00e9vocation de rues, de quartiers parisiens, parfois disparus. \u00c0 de nombreux \u00e9gards, les bas-fonds de la capitale ne sont pas sans rappeler quelques venelles sombres et crasseuses d\u2019\u00c9dimbourg ou de Londres \u00e0 une p\u00e9riode similaire. On retrouve un phras\u00e9 d\u2019\u00e9poque avec un langage argotique et d\u2019expressions propres aux nantis, forces de l\u2019ordre et criminels. La m\u00e9ticulosit\u00e9 pour retranscrire pareil vocabulaire reste toujours aussi admirable, tant elle s\u2019av\u00e8re d\u00e9licate pour faire correspondre les termes avec les situations.<\/p>\n\n\n\n<p>Quant aux protagonistes, on poursuit leur \u00e9volution. Si l\u2019affaire du Vicaire est encore dans les m\u00e9moires, on sent une volont\u00e9 de progresser, de leur offrir de nouvelles perspectives. On songe \u00e0 la relation qui unit Valentin et Agla\u00e9, notamment pour s\u2019affranchir de leurs traumas pass\u00e9s respectifs. Bien qu\u2019il demeure un personnage secondaire, la pr\u00e9sence de Vidocq est plus appuy\u00e9e que dans les deux premiers opus. Cependant, on regrette des retournements de situation et des aboutissants assez attendus. Cela tient surtout au mobile et \u00e0 l\u2019identit\u00e9 des suspects. L\u2019ensemble s\u2019av\u00e8re dynamique et bien amen\u00e9, m\u00eame s\u2019il avait \u00e9t\u00e9 bienvenu d\u2019avoir davantage de surprises dans la progression.<\/p>\n\n\n\n<p>Au final, <strong>Les Nuits de la peur bleue<\/strong> s\u2019inscrit dans la m\u00eame veine que <strong>Le Fant\u00f4me du Vicaire<\/strong>. On appr\u00e9cie la qualit\u00e9 d\u2019\u00e9criture, la capacit\u00e9 de l\u2019auteur \u00e0 entra\u00eener son lectorat dans la France des ann\u00e9es&nbsp;1830. Le contexte, le langage et les diff\u00e9rentes ambiances qui \u00e9manent de la capitale concourent \u00e0 fournir un r\u00e9cit distrayant et instructif. On salue aussi le travail de caract\u00e9risation, ainsi que les th\u00e9matiques choisies propres aux \u00e9tudes scientifiques, \u00e0 la bact\u00e9riologie. \u00c0 cela s\u2019ajoutent une \u00e9vocation de l\u2019\u00e9mancipation de la gent f\u00e9minine et un subtil parall\u00e8le avec notre \u00e9poque. Seul b\u00e9mol au roman d\u2019<em>\u00c9ric Fouassier<\/em>&nbsp;: une prise de risques minime qui aboutit \u00e0 un fil directeur pr\u00e9visible, m\u00eame s\u2019il reste sans temps mort.<\/p>\n\n\n\n<p><strong>Note\u00a0: 14\/20<\/strong><\/p>\n\n\n\n<p class=\"has-text-align-right\">Par <strong>Dante<\/strong><\/p>\n","protected":false},"excerpt":{"rendered":"<p>Auteur&nbsp;: Eric Fouassier Editeur&nbsp;: Albin Michel Genre&nbsp;: Polar R\u00e9sum\u00e9&nbsp;: Paris, 1832. Alors qu&rsquo;une \u00e9pid\u00e9mie de chol\u00e9ra terrifie la population, un tueur d\u00e9cime le quartier de &hellip; <\/p>\n","protected":false},"author":5,"featured_media":70838,"comment_status":"open","ping_status":"open","sticky":false,"template":"","format":"standard","meta":[],"categories":[10],"tags":[],"yoast_head":"<!-- This site is optimized with the Yoast SEO plugin v19.6.1 - https:\/\/yoast.com\/wordpress\/plugins\/seo\/ -->\n<title>Le Bureau des Affaires Occultes - Les Nuits de la Peur Bleue - Eric Fouassier - Lavisqteam.fr<\/title>\n<meta name=\"robots\" content=\"index, follow, max-snippet:-1, max-image-preview:large, max-video-preview:-1\" \/>\n<link rel=\"canonical\" href=\"https:\/\/www.lavisqteam.fr\/?p=70836\" \/>\n<meta property=\"og:locale\" content=\"fr_FR\" \/>\n<meta property=\"og:type\" content=\"article\" \/>\n<meta property=\"og:title\" content=\"Le Bureau des Affaires Occultes - Les Nuits de la Peur Bleue - Eric Fouassier - Lavisqteam.fr\" \/>\n<meta property=\"og:description\" content=\"Auteur&nbsp;: Eric Fouassier Editeur&nbsp;: Albin Michel Genre&nbsp;: Polar R\u00e9sum\u00e9&nbsp;: Paris, 1832. Alors qu&rsquo;une \u00e9pid\u00e9mie de chol\u00e9ra terrifie la population, un tueur d\u00e9cime le quartier de &hellip;\" \/>\n<meta property=\"og:url\" content=\"https:\/\/www.lavisqteam.fr\/?p=70836\" \/>\n<meta property=\"og:site_name\" content=\"Lavisqteam.fr\" \/>\n<meta property=\"article:published_time\" content=\"2023-09-06T07:17:59+00:00\" \/>\n<meta property=\"article:modified_time\" content=\"2023-09-06T07:18:02+00:00\" \/>\n<meta property=\"og:image\" content=\"https:\/\/www.lavisqteam.fr\/wp-content\/uploads\/2023\/09\/lebu.jpg\" \/>\n\t<meta property=\"og:image:width\" content=\"727\" \/>\n\t<meta property=\"og:image:height\" content=\"395\" \/>\n\t<meta property=\"og:image:type\" content=\"image\/jpeg\" \/>\n<meta name=\"author\" content=\"Dante\" \/>\n<meta name=\"twitter:card\" content=\"summary_large_image\" \/>\n<meta name=\"twitter:image\" content=\"https:\/\/www.lavisqteam.fr\/wp-content\/uploads\/2023\/09\/lebu.jpg\" \/>\n<meta name=\"twitter:label1\" content=\"\u00c9crit par\" \/>\n\t<meta name=\"twitter:data1\" content=\"Dante\" \/>\n\t<meta name=\"twitter:label2\" content=\"Dur\u00e9e de lecture estim\u00e9e\" \/>\n\t<meta name=\"twitter:data2\" content=\"4 minutes\" \/>\n<script type=\"application\/ld+json\" class=\"yoast-schema-graph\">{\"@context\":\"https:\/\/schema.org\",\"@graph\":[{\"@type\":\"Article\",\"@id\":\"https:\/\/www.lavisqteam.fr\/?p=70836#article\",\"isPartOf\":{\"@id\":\"https:\/\/www.lavisqteam.fr\/?p=70836\"},\"author\":{\"name\":\"Dante\",\"@id\":\"https:\/\/www.lavisqteam.fr\/#\/schema\/person\/f990b2bf003d200c5d343e528a040052\"},\"headline\":\"Le Bureau des Affaires Occultes &#8211; Les Nuits de la Peur Bleue &#8211; Eric Fouassier\",\"datePublished\":\"2023-09-06T07:17:59+00:00\",\"dateModified\":\"2023-09-06T07:18:02+00:00\",\"mainEntityOfPage\":{\"@id\":\"https:\/\/www.lavisqteam.fr\/?p=70836\"},\"wordCount\":831,\"commentCount\":0,\"publisher\":{\"@id\":\"https:\/\/www.lavisqteam.fr\/#organization\"},\"articleSection\":[\"Roman\"],\"inLanguage\":\"fr-FR\",\"potentialAction\":[{\"@type\":\"CommentAction\",\"name\":\"Comment\",\"target\":[\"https:\/\/www.lavisqteam.fr\/?p=70836#respond\"]}]},{\"@type\":\"WebPage\",\"@id\":\"https:\/\/www.lavisqteam.fr\/?p=70836\",\"url\":\"https:\/\/www.lavisqteam.fr\/?p=70836\",\"name\":\"Le Bureau des Affaires Occultes - Les Nuits de la Peur Bleue - Eric Fouassier - Lavisqteam.fr\",\"isPartOf\":{\"@id\":\"https:\/\/www.lavisqteam.fr\/#website\"},\"datePublished\":\"2023-09-06T07:17:59+00:00\",\"dateModified\":\"2023-09-06T07:18:02+00:00\",\"breadcrumb\":{\"@id\":\"https:\/\/www.lavisqteam.fr\/?p=70836#breadcrumb\"},\"inLanguage\":\"fr-FR\",\"potentialAction\":[{\"@type\":\"ReadAction\",\"target\":[\"https:\/\/www.lavisqteam.fr\/?p=70836\"]}]},{\"@type\":\"BreadcrumbList\",\"@id\":\"https:\/\/www.lavisqteam.fr\/?p=70836#breadcrumb\",\"itemListElement\":[{\"@type\":\"ListItem\",\"position\":1,\"name\":\"Accueil\",\"item\":\"https:\/\/www.lavisqteam.fr\/\"},{\"@type\":\"ListItem\",\"position\":2,\"name\":\"Le Bureau des Affaires Occultes &#8211; Les Nuits de la Peur Bleue &#8211; Eric Fouassier\"}]},{\"@type\":\"WebSite\",\"@id\":\"https:\/\/www.lavisqteam.fr\/#website\",\"url\":\"https:\/\/www.lavisqteam.fr\/\",\"name\":\"Lavisqteam.fr\",\"description\":\"\",\"publisher\":{\"@id\":\"https:\/\/www.lavisqteam.fr\/#organization\"},\"potentialAction\":[{\"@type\":\"SearchAction\",\"target\":{\"@type\":\"EntryPoint\",\"urlTemplate\":\"https:\/\/www.lavisqteam.fr\/?s={search_term_string}\"},\"query-input\":\"required name=search_term_string\"}],\"inLanguage\":\"fr-FR\"},{\"@type\":\"Organization\",\"@id\":\"https:\/\/www.lavisqteam.fr\/#organization\",\"name\":\"Lavisqteam.fr\",\"url\":\"https:\/\/www.lavisqteam.fr\/\",\"sameAs\":[],\"logo\":{\"@type\":\"ImageObject\",\"inLanguage\":\"fr-FR\",\"@id\":\"https:\/\/www.lavisqteam.fr\/#\/schema\/logo\/image\/\",\"url\":\"https:\/\/www.lavisqteam.fr\/wp-content\/uploads\/2020\/08\/cropped-80879545_3479261675449035_4078032831501041664_o-4.jpg\",\"contentUrl\":\"https:\/\/www.lavisqteam.fr\/wp-content\/uploads\/2020\/08\/cropped-80879545_3479261675449035_4078032831501041664_o-4.jpg\",\"width\":1674,\"height\":536,\"caption\":\"Lavisqteam.fr\"},\"image\":{\"@id\":\"https:\/\/www.lavisqteam.fr\/#\/schema\/logo\/image\/\"}},{\"@type\":\"Person\",\"@id\":\"https:\/\/www.lavisqteam.fr\/#\/schema\/person\/f990b2bf003d200c5d343e528a040052\",\"name\":\"Dante\",\"image\":{\"@type\":\"ImageObject\",\"inLanguage\":\"fr-FR\",\"@id\":\"https:\/\/www.lavisqteam.fr\/#\/schema\/person\/image\/\",\"url\":\"https:\/\/secure.gravatar.com\/avatar\/247c2b515d1472e98f97043ac8393382?s=96&d=mm&r=g\",\"contentUrl\":\"https:\/\/secure.gravatar.com\/avatar\/247c2b515d1472e98f97043ac8393382?s=96&d=mm&r=g\",\"caption\":\"Dante\"},\"url\":\"https:\/\/www.lavisqteam.fr\/?author=5\"}]}<\/script>\n<!-- \/ Yoast SEO plugin. -->","yoast_head_json":{"title":"Le Bureau des Affaires Occultes - Les Nuits de la Peur Bleue - Eric Fouassier - Lavisqteam.fr","robots":{"index":"index","follow":"follow","max-snippet":"max-snippet:-1","max-image-preview":"max-image-preview:large","max-video-preview":"max-video-preview:-1"},"canonical":"https:\/\/www.lavisqteam.fr\/?p=70836","og_locale":"fr_FR","og_type":"article","og_title":"Le Bureau des Affaires Occultes - Les Nuits de la Peur Bleue - Eric Fouassier - Lavisqteam.fr","og_description":"Auteur&nbsp;: Eric Fouassier Editeur&nbsp;: Albin Michel Genre&nbsp;: Polar R\u00e9sum\u00e9&nbsp;: Paris, 1832. Alors qu&rsquo;une \u00e9pid\u00e9mie de chol\u00e9ra terrifie la population, un tueur d\u00e9cime le quartier de &hellip;","og_url":"https:\/\/www.lavisqteam.fr\/?p=70836","og_site_name":"Lavisqteam.fr","article_published_time":"2023-09-06T07:17:59+00:00","article_modified_time":"2023-09-06T07:18:02+00:00","og_image":[{"width":727,"height":395,"url":"https:\/\/www.lavisqteam.fr\/wp-content\/uploads\/2023\/09\/lebu.jpg","type":"image\/jpeg"}],"author":"Dante","twitter_card":"summary_large_image","twitter_image":"https:\/\/www.lavisqteam.fr\/wp-content\/uploads\/2023\/09\/lebu.jpg","twitter_misc":{"\u00c9crit par":"Dante","Dur\u00e9e de lecture estim\u00e9e":"4 minutes"},"schema":{"@context":"https:\/\/schema.org","@graph":[{"@type":"Article","@id":"https:\/\/www.lavisqteam.fr\/?p=70836#article","isPartOf":{"@id":"https:\/\/www.lavisqteam.fr\/?p=70836"},"author":{"name":"Dante","@id":"https:\/\/www.lavisqteam.fr\/#\/schema\/person\/f990b2bf003d200c5d343e528a040052"},"headline":"Le Bureau des Affaires Occultes &#8211; Les Nuits de la Peur Bleue &#8211; Eric Fouassier","datePublished":"2023-09-06T07:17:59+00:00","dateModified":"2023-09-06T07:18:02+00:00","mainEntityOfPage":{"@id":"https:\/\/www.lavisqteam.fr\/?p=70836"},"wordCount":831,"commentCount":0,"publisher":{"@id":"https:\/\/www.lavisqteam.fr\/#organization"},"articleSection":["Roman"],"inLanguage":"fr-FR","potentialAction":[{"@type":"CommentAction","name":"Comment","target":["https:\/\/www.lavisqteam.fr\/?p=70836#respond"]}]},{"@type":"WebPage","@id":"https:\/\/www.lavisqteam.fr\/?p=70836","url":"https:\/\/www.lavisqteam.fr\/?p=70836","name":"Le Bureau des Affaires Occultes - Les Nuits de la Peur Bleue - Eric Fouassier - Lavisqteam.fr","isPartOf":{"@id":"https:\/\/www.lavisqteam.fr\/#website"},"datePublished":"2023-09-06T07:17:59+00:00","dateModified":"2023-09-06T07:18:02+00:00","breadcrumb":{"@id":"https:\/\/www.lavisqteam.fr\/?p=70836#breadcrumb"},"inLanguage":"fr-FR","potentialAction":[{"@type":"ReadAction","target":["https:\/\/www.lavisqteam.fr\/?p=70836"]}]},{"@type":"BreadcrumbList","@id":"https:\/\/www.lavisqteam.fr\/?p=70836#breadcrumb","itemListElement":[{"@type":"ListItem","position":1,"name":"Accueil","item":"https:\/\/www.lavisqteam.fr\/"},{"@type":"ListItem","position":2,"name":"Le Bureau des Affaires Occultes &#8211; Les Nuits de la Peur Bleue &#8211; Eric Fouassier"}]},{"@type":"WebSite","@id":"https:\/\/www.lavisqteam.fr\/#website","url":"https:\/\/www.lavisqteam.fr\/","name":"Lavisqteam.fr","description":"","publisher":{"@id":"https:\/\/www.lavisqteam.fr\/#organization"},"potentialAction":[{"@type":"SearchAction","target":{"@type":"EntryPoint","urlTemplate":"https:\/\/www.lavisqteam.fr\/?s={search_term_string}"},"query-input":"required name=search_term_string"}],"inLanguage":"fr-FR"},{"@type":"Organization","@id":"https:\/\/www.lavisqteam.fr\/#organization","name":"Lavisqteam.fr","url":"https:\/\/www.lavisqteam.fr\/","sameAs":[],"logo":{"@type":"ImageObject","inLanguage":"fr-FR","@id":"https:\/\/www.lavisqteam.fr\/#\/schema\/logo\/image\/","url":"https:\/\/www.lavisqteam.fr\/wp-content\/uploads\/2020\/08\/cropped-80879545_3479261675449035_4078032831501041664_o-4.jpg","contentUrl":"https:\/\/www.lavisqteam.fr\/wp-content\/uploads\/2020\/08\/cropped-80879545_3479261675449035_4078032831501041664_o-4.jpg","width":1674,"height":536,"caption":"Lavisqteam.fr"},"image":{"@id":"https:\/\/www.lavisqteam.fr\/#\/schema\/logo\/image\/"}},{"@type":"Person","@id":"https:\/\/www.lavisqteam.fr\/#\/schema\/person\/f990b2bf003d200c5d343e528a040052","name":"Dante","image":{"@type":"ImageObject","inLanguage":"fr-FR","@id":"https:\/\/www.lavisqteam.fr\/#\/schema\/person\/image\/","url":"https:\/\/secure.gravatar.com\/avatar\/247c2b515d1472e98f97043ac8393382?s=96&d=mm&r=g","contentUrl":"https:\/\/secure.gravatar.com\/avatar\/247c2b515d1472e98f97043ac8393382?s=96&d=mm&r=g","caption":"Dante"},"url":"https:\/\/www.lavisqteam.fr\/?author=5"}]}},"jetpack_featured_media_url":"https:\/\/www.lavisqteam.fr\/wp-content\/uploads\/2023\/09\/lebu.jpg","_links":{"self":[{"href":"https:\/\/www.lavisqteam.fr\/index.php?rest_route=\/wp\/v2\/posts\/70836"}],"collection":[{"href":"https:\/\/www.lavisqteam.fr\/index.php?rest_route=\/wp\/v2\/posts"}],"about":[{"href":"https:\/\/www.lavisqteam.fr\/index.php?rest_route=\/wp\/v2\/types\/post"}],"author":[{"embeddable":true,"href":"https:\/\/www.lavisqteam.fr\/index.php?rest_route=\/wp\/v2\/users\/5"}],"replies":[{"embeddable":true,"href":"https:\/\/www.lavisqteam.fr\/index.php?rest_route=%2Fwp%2Fv2%2Fcomments&post=70836"}],"version-history":[{"count":1,"href":"https:\/\/www.lavisqteam.fr\/index.php?rest_route=\/wp\/v2\/posts\/70836\/revisions"}],"predecessor-version":[{"id":70839,"href":"https:\/\/www.lavisqteam.fr\/index.php?rest_route=\/wp\/v2\/posts\/70836\/revisions\/70839"}],"wp:featuredmedia":[{"embeddable":true,"href":"https:\/\/www.lavisqteam.fr\/index.php?rest_route=\/wp\/v2\/media\/70838"}],"wp:attachment":[{"href":"https:\/\/www.lavisqteam.fr\/index.php?rest_route=%2Fwp%2Fv2%2Fmedia&parent=70836"}],"wp:term":[{"taxonomy":"category","embeddable":true,"href":"https:\/\/www.lavisqteam.fr\/index.php?rest_route=%2Fwp%2Fv2%2Fcategories&post=70836"},{"taxonomy":"post_tag","embeddable":true,"href":"https:\/\/www.lavisqteam.fr\/index.php?rest_route=%2Fwp%2Fv2%2Ftags&post=70836"}],"curies":[{"name":"wp","href":"https:\/\/api.w.org\/{rel}","templated":true}]}}