{"id":70374,"date":"2023-07-26T23:40:44","date_gmt":"2023-07-26T23:40:44","guid":{"rendered":"https:\/\/www.lavisqteam.fr\/?p=70374"},"modified":"2023-10-03T22:05:49","modified_gmt":"2023-10-03T22:05:49","slug":"les-damnes-ne-pleurent-pas-jamais-sans-mon-fils","status":"publish","type":"post","link":"https:\/\/www.lavisqteam.fr\/?p=70374","title":{"rendered":"Les Damn\u00e9s ne Pleurent Pas &#8211; Jamais Sans mon Fils"},"content":{"rendered":"<div class=\"wp-block-image\">\n<figure class=\"aligncenter size-large is-resized\"><a href=\"https:\/\/www.lavisqteam.fr\/wp-content\/uploads\/2023\/07\/357637117_219809047159250_8024736249789106388_n.gif\"><img src=\"https:\/\/www.lavisqteam.fr\/wp-content\/uploads\/2023\/07\/357637117_219809047159250_8024736249789106388_n-768x1024.gif\" alt=\"\" class=\"wp-image-70375\" width=\"600\" srcset=\"https:\/\/www.lavisqteam.fr\/wp-content\/uploads\/2023\/07\/357637117_219809047159250_8024736249789106388_n-768x1024.gif 768w, https:\/\/www.lavisqteam.fr\/wp-content\/uploads\/2023\/07\/357637117_219809047159250_8024736249789106388_n-225x300.gif 225w\" sizes=\"(max-width: 768px) 100vw, 768px\" \/><\/a><\/figure><\/div>\n\n\n<p><strong>De&nbsp;: <\/strong>Fyzal Boulifa<\/p>\n\n\n\n<p><strong>Avec <\/strong>A\u00efcha Tebbae, Abdellah El Hajjouji, Antoine Reinartz<\/p>\n\n\n\n<p><strong>Ann\u00e9e&nbsp;: <\/strong>2023<\/p>\n\n\n\n<p><strong>Pays&nbsp;: <\/strong>France, Belgique, Maroc<\/p>\n\n\n\n<p><strong>Genre&nbsp;: <\/strong>Drame, Romance<\/p>\n\n\n\n<p><strong>R\u00e9sum\u00e9&nbsp;:<\/strong><\/p>\n\n\n\n<p>Fatima-Zahra tra\u00eene son fils de 17 ans, Selim, de ville en ville, fuyant les scandales qui \u00e9clatent sur sa route. Quand Selim d\u00e9couvre la v\u00e9rit\u00e9 sur leur pass\u00e9, Fatima-Zahra lui promet un nouveau d\u00e9part. Ils arrivent alors \u00e0 Tanger, o\u00f9 de nouvelles rencontres leur donnent l\u2019espoir d\u2019atteindre la l\u00e9gitimit\u00e9 qu\u2019ils recherchent tant. Mais ces aspirations menacent la relation fusionnelle qui les lie depuis toujours.<\/p>\n\n\n\n<p><strong>Avis&nbsp;:<\/strong><\/p>\n\n\n\n<p>N\u00e9 en 1985 \u00e0 Leicester en Angleterre, <em>Fyzal Boulifa<\/em> est d&rsquo;origine marocaine. C&rsquo;est \u00e0 l&rsquo;\u00e2ge de vingt-sept ans qu&rsquo;il r\u00e9alise son premier court-m\u00e9trage et tr\u00e8s vite, il r\u00e9colte des prix, tant et si bien qu&rsquo;il sera nomm\u00e9 aux Bafta. En 2015, il r\u00e9alise son deuxi\u00e8me court, et l\u00e0 encore, ce dernier fonctionne tr\u00e8s bien, allant m\u00eame faire un tour du c\u00f4t\u00e9 de la Berlinade, Cannes et Sundance. \u00c0 la Berlinade, il est nomm\u00e9 Star de demain par le magazine Screen. Gr\u00e2ce \u00e0 ces tr\u00e8s bons \u00e9chos, <em>Fyzal Boulifa<\/em> r\u00e9alise son premier long en 2019, \u00ab\u00a0<strong>Lynn + Lucy<\/strong>\u00a0\u00bb (film encore in\u00e9dit chez nous), qui dresse le portrait de deux jeunes femmes amies, et s\u00fbrement plus si affinit\u00e9s.<\/p>\n\n\n<div class=\"wp-block-image\">\n<figure class=\"aligncenter size-large is-resized\"><a href=\"https:\/\/www.lavisqteam.fr\/wp-content\/uploads\/2023\/07\/354405111_719814550151568_3312988042313014304_n.gif\"><img src=\"https:\/\/www.lavisqteam.fr\/wp-content\/uploads\/2023\/07\/354405111_719814550151568_3312988042313014304_n-1024x556.gif\" alt=\"\" class=\"wp-image-70377\" width=\"600\" srcset=\"https:\/\/www.lavisqteam.fr\/wp-content\/uploads\/2023\/07\/354405111_719814550151568_3312988042313014304_n-1024x556.gif 1024w, https:\/\/www.lavisqteam.fr\/wp-content\/uploads\/2023\/07\/354405111_719814550151568_3312988042313014304_n-300x163.gif 300w, https:\/\/www.lavisqteam.fr\/wp-content\/uploads\/2023\/07\/354405111_719814550151568_3312988042313014304_n-768x417.gif 768w, https:\/\/www.lavisqteam.fr\/wp-content\/uploads\/2023\/07\/354405111_719814550151568_3312988042313014304_n-1536x833.gif 1536w\" sizes=\"(max-width: 1024px) 100vw, 1024px\" \/><\/a><\/figure><\/div>\n\n\n<p>Tr\u00e8s vite, le r\u00e9alisateur se lance dans un nouveau film, et cette fois-ci, c&rsquo;est un sujet plus personnel sur lequel il va s&rsquo;arr\u00eater, puisque <em>Fyzal Boulifa<\/em> va s&rsquo;inspirer de membres de sa famille. \u00ab\u00a0<strong>Les damn\u00e9s ne pleurent pas<\/strong>\u00a0\u00bb pose sa cam\u00e9ra au Maroc pour peindre une relation m\u00e8re\/fils face \u00e0 une soci\u00e9t\u00e9 encline au jugement, \u00e0 la honte, et pleine d&rsquo;oppression. Si le film tient un sujet int\u00e9ressant, qui a tout pour \u00eatre une bouleversante histoire pleine de r\u00e9flexions, malheureusement, ces \u00ab\u00a0&#8230; <strong>damn\u00e9s ne pleurent pas<\/strong>\u00a0\u00bb va laisser un sentiment tout autre, entre manque d&rsquo;\u00e9motion, longueur et un go\u00fbt d&rsquo;inachev\u00e9. Dommage.<\/p>\n\n\n\n<h2 class=\"has-text-align-center\">\u00ab\u00a0\u00c7a manque cruellement de corps pour nous entra\u00eener dans le quotidien de ses personnages.\u00a0\u00bb<\/h2>\n\n\n\n<p>Fatima-Zahra vit seule avec son fils Selim de dix-sept ans. Fatima-Zahra et Selim sont bien souvent sur la route, allant l\u00e0 o\u00f9 ils trouvent du travail. Arriv\u00e9 \u00e0 Tanger, Selim trouve tr\u00e8s vite du travail sur des chantiers et c&rsquo;est l\u00e0 qu&rsquo;il va y faire la connaissance de S\u00e9bastien, un expatri\u00e9 fran\u00e7ais qui tient un Riad en centre-ville. Pendant ce temps, Fatima-Zahra fait une rencontre qui pourrait tout changer pour elle.<\/p>\n\n\n\n<p>\u00c0 la lecture du synopsis du deuxi\u00e8me film de <em>Fyzal Boulifa<\/em>, j&rsquo;\u00e9tais certain de passer un tr\u00e8s beau moment de cin\u00e9ma tout en \u00e9motion. Il faut dire que ces \u00ab\u00a0&#8230; <strong>damn\u00e9s ne pleurent pas<\/strong>\u00a0\u00bb avait franchement de quoi se faire on ne peut plus int\u00e9ressant, avec ces sujets comme la diff\u00e9rence, l&rsquo;oppression de la soci\u00e9t\u00e9, ici marocaine, le regard des autres, la libert\u00e9 de soi, notamment dans un pays o\u00f9 l&rsquo;homosexualit\u00e9 est encore interdite, et plus largement l&rsquo;\u00e9mancipation de la femme, \u00e0 travers cette m\u00e8re c\u00e9libataire pleine de fantaisie. Bref, le film avait vraiment des cartes pour se faire bouleversant, et d&rsquo;ailleurs beaucoup des \u00e9v\u00e9nements et des rencontres que le r\u00e9alisateur nous raconte sont int\u00e9ressantes. \u00ab\u00a0<strong>Les damn\u00e9s ne pleurent pas<\/strong>\u00a0\u00bb est un film qui raconte et d\u00e9nonce pas mal de choses, mais malheureusement, derri\u00e8re \u00e7a, \u00e7a manque cruellement de corps pour nous entra\u00eener dans le quotidien de ses personnages.<\/p>\n\n\n\n<p>Il y a quelque chose qui fait qu&rsquo;ici, on reste dans l&rsquo;attente permanente que le film d\u00e9colle, cette sensation est d&rsquo;autant plus frustrante, car en attendant, le film d\u00e9roule ses sujets, ses rencontres, les h\u00e9sitations de ses personnages et surtout les peintures de ces deux personnages, car <em>Fyzal Boulifa<\/em> divise son film en deux trajectoires, celle d&rsquo;une m\u00e8re au tr\u00e8s lourd pass\u00e9, qui r\u00eave d&rsquo;autre chose et s&rsquo;accroche comme elle le peut. D&rsquo;ailleurs, du c\u00f4t\u00e9 de cette femme, il y a quelque chose de tr\u00e8s Almodovarien qui se d\u00e9gage d&rsquo;elle, avec ses grandes robes rouges et son c\u00f4t\u00e9 fantasque. Le personnage est joliment incarn\u00e9 par <em>A\u00efcha Tebbae<\/em>.<\/p>\n\n\n\n<h2 class=\"has-text-align-center\">\u00ab\u00a0On reste dans l&rsquo;attente permanente que le film d\u00e9colle enfin.\u00a0\u00bb<\/h2>\n\n\n\n<p>Puis il y a ce fils, t\u00e9n\u00e9breux, solitaire et peu bavard, qui est perdu avec lui-m\u00eame, attir\u00e9 par un jeune homme, mais en m\u00eame temps, bloqu\u00e9 dans un pays qui refuse ce genre de relation. De l\u00e0 na\u00eet une col\u00e8re, et cette derni\u00e8re est mal dos\u00e9e, rendant le personnage assez d\u00e9sagr\u00e9able, voire presque caricatural. Et pour le coup, je ne sais pas vraiment si c&rsquo;est le fait que le personnage est aga\u00e7ant, mais <em>Abdellah El Hajjouji<\/em> qui incarne ce personnage est si \u00e9touff\u00e9, qu&rsquo;il ne d\u00e9gage rien. En un sens, ce manque d&rsquo;\u00e9motion qui fait d\u00e9faut au film vient en tr\u00e8s grande partie \u00e0 cause de ce personnage et de son acteur. Heureusement, pour avoir un peu de tendresse et de bien-\u00eatre, on pourra compter sur la spontan\u00e9it\u00e9 et le naturel d&rsquo;un <em>Antoine Reinartz<\/em> toujours excellent.<\/p>\n\n\n\n<p>Du c\u00f4t\u00e9 de la mise en sc\u00e8ne de <em>Fyzal Boulifa<\/em>, \u00ab\u00a0<strong>Les damn\u00e9s ne pleurent pas<\/strong>\u00a0\u00bb nous laisse le cul entre deux chaises, car dans un sens, le film est bon, avec un c\u00f4t\u00e9 tr\u00e8s r\u00e9aliste dans son ambiance. Il y a quelque chose on ne peut plus r\u00e9el qui se d\u00e9gage des images, des sc\u00e8nes et m\u00eame de ces personnages, au point qu&rsquo;on pourrait croire \u00e0 un faux documentaire, mais derri\u00e8re \u00e7a, le manque d&rsquo;\u00e9motion dont fait preuve cette histoire, et ces sc\u00e8nes bien souvent \u00e9tir\u00e9es, font que le film tra\u00eene en longueur. Alors m\u00eame que l&rsquo;intrigue ne cesse d&rsquo;avancer, c&rsquo;est l&rsquo;effet inverse qui se fait ressentir, car comme je le disais plus haut, on reste dans l&rsquo;attente permanente que le film d\u00e9colle enfin.<\/p>\n\n\n<div class=\"wp-block-image\">\n<figure class=\"aligncenter size-large is-resized\"><a href=\"https:\/\/www.lavisqteam.fr\/wp-content\/uploads\/2023\/07\/357996485_946276226585300_5600510304689752947_n.gif\"><img src=\"https:\/\/www.lavisqteam.fr\/wp-content\/uploads\/2023\/07\/357996485_946276226585300_5600510304689752947_n-1024x554.gif\" alt=\"\" class=\"wp-image-70376\" width=\"600\" srcset=\"https:\/\/www.lavisqteam.fr\/wp-content\/uploads\/2023\/07\/357996485_946276226585300_5600510304689752947_n-1024x554.gif 1024w, https:\/\/www.lavisqteam.fr\/wp-content\/uploads\/2023\/07\/357996485_946276226585300_5600510304689752947_n-300x162.gif 300w, https:\/\/www.lavisqteam.fr\/wp-content\/uploads\/2023\/07\/357996485_946276226585300_5600510304689752947_n-768x415.gif 768w, https:\/\/www.lavisqteam.fr\/wp-content\/uploads\/2023\/07\/357996485_946276226585300_5600510304689752947_n-1536x830.gif 1536w\" sizes=\"(max-width: 1024px) 100vw, 1024px\" \/><\/a><\/figure><\/div>\n\n\n<p>Je ressors donc tr\u00e8s partag\u00e9 de cette premi\u00e8re incursion dans le cin\u00e9ma de <em>Fyzal Boulifa<\/em>, car ici, le r\u00e9alisateur a des choses \u00e0 dire, peint des personnages qui sont int\u00e9ressants, m\u00eame s\u2019ils peuvent \u00eatre aussi d\u00e9sagr\u00e9ables, et derri\u00e8re \u00e7a, son film respire la sinc\u00e9rit\u00e9. Mais voil\u00e0, face \u00e0 cela, \u00ab\u00a0<strong>Les damn\u00e9s ne pleurent pas<\/strong>\u00a0\u00bb se rate dans son \u00e9motion, et l&rsquo;on reste devant un film qui tra\u00eene en longueur, et d&rsquo;un coup, il se coupe, nous laissant cruellement sur notre faim. Dommage, vraiment dommage.<\/p>\n\n\n\n<p><strong>Note\u00a0: 08\/20<\/strong><\/p>\n\n\n\n<figure class=\"wp-block-embed is-type-video is-provider-youtube wp-block-embed-youtube wp-embed-aspect-16-9 wp-has-aspect-ratio\"><div class=\"wp-block-embed__wrapper\">\n<iframe loading=\"lazy\" title=\"LES DAMN\u00c9S NE PLEURENT PAS - bande-annonce officielle VOstFR\" width=\"1200\" height=\"675\" src=\"https:\/\/www.youtube.com\/embed\/i7FBJzMlr5M?feature=oembed\" frameborder=\"0\" allow=\"accelerometer; autoplay; clipboard-write; encrypted-media; gyroscope; picture-in-picture; web-share\" allowfullscreen><\/iframe>\n<\/div><\/figure>\n\n\n\n<p class=\"has-text-align-right\">Par <strong>Cin\u00e9ted<\/strong><\/p>\n","protected":false},"excerpt":{"rendered":"<p>De&nbsp;: Fyzal Boulifa Avec A\u00efcha Tebbae, Abdellah El Hajjouji, Antoine Reinartz Ann\u00e9e&nbsp;: 2023 Pays&nbsp;: France, Belgique, Maroc Genre&nbsp;: Drame, Romance R\u00e9sum\u00e9&nbsp;: Fatima-Zahra tra\u00eene son fils &hellip; <\/p>\n","protected":false},"author":4,"featured_media":70378,"comment_status":"open","ping_status":"open","sticky":false,"template":"","format":"standard","meta":[],"categories":[7],"tags":[],"yoast_head":"<!-- This site is optimized with the Yoast SEO plugin v19.6.1 - https:\/\/yoast.com\/wordpress\/plugins\/seo\/ -->\n<title>Les Damn\u00e9s ne Pleurent Pas - Jamais Sans mon Fils - Lavisqteam.fr<\/title>\n<meta name=\"robots\" content=\"index, follow, max-snippet:-1, max-image-preview:large, max-video-preview:-1\" \/>\n<link rel=\"canonical\" href=\"https:\/\/www.lavisqteam.fr\/?p=70374\" \/>\n<meta property=\"og:locale\" content=\"fr_FR\" \/>\n<meta property=\"og:type\" content=\"article\" \/>\n<meta property=\"og:title\" content=\"Les Damn\u00e9s ne Pleurent Pas - Jamais Sans mon Fils - Lavisqteam.fr\" \/>\n<meta property=\"og:description\" content=\"De&nbsp;: Fyzal Boulifa Avec A\u00efcha Tebbae, Abdellah El Hajjouji, Antoine Reinartz Ann\u00e9e&nbsp;: 2023 Pays&nbsp;: France, Belgique, Maroc Genre&nbsp;: Drame, Romance R\u00e9sum\u00e9&nbsp;: Fatima-Zahra tra\u00eene son fils &hellip;\" \/>\n<meta property=\"og:url\" content=\"https:\/\/www.lavisqteam.fr\/?p=70374\" \/>\n<meta property=\"og:site_name\" content=\"Lavisqteam.fr\" \/>\n<meta property=\"article:published_time\" content=\"2023-07-26T23:40:44+00:00\" \/>\n<meta property=\"article:modified_time\" content=\"2023-10-03T22:05:49+00:00\" \/>\n<meta property=\"og:image\" content=\"https:\/\/www.lavisqteam.fr\/wp-content\/uploads\/2023\/07\/lesd.jpg\" \/>\n\t<meta property=\"og:image:width\" content=\"727\" \/>\n\t<meta property=\"og:image:height\" content=\"395\" \/>\n\t<meta property=\"og:image:type\" content=\"image\/jpeg\" \/>\n<meta name=\"author\" content=\"Cineted\" \/>\n<meta name=\"twitter:card\" content=\"summary_large_image\" \/>\n<meta name=\"twitter:image\" content=\"https:\/\/www.lavisqteam.fr\/wp-content\/uploads\/2023\/07\/lesd.jpg\" \/>\n<meta name=\"twitter:label1\" content=\"\u00c9crit par\" \/>\n\t<meta name=\"twitter:data1\" content=\"Cineted\" \/>\n\t<meta name=\"twitter:label2\" content=\"Dur\u00e9e de lecture estim\u00e9e\" \/>\n\t<meta name=\"twitter:data2\" content=\"6 minutes\" \/>\n<script type=\"application\/ld+json\" class=\"yoast-schema-graph\">{\"@context\":\"https:\/\/schema.org\",\"@graph\":[{\"@type\":\"Article\",\"@id\":\"https:\/\/www.lavisqteam.fr\/?p=70374#article\",\"isPartOf\":{\"@id\":\"https:\/\/www.lavisqteam.fr\/?p=70374\"},\"author\":{\"name\":\"Cineted\",\"@id\":\"https:\/\/www.lavisqteam.fr\/#\/schema\/person\/4ed7295b68bc3daae9094db5f1f9f913\"},\"headline\":\"Les Damn\u00e9s ne Pleurent Pas &#8211; Jamais Sans mon Fils\",\"datePublished\":\"2023-07-26T23:40:44+00:00\",\"dateModified\":\"2023-10-03T22:05:49+00:00\",\"mainEntityOfPage\":{\"@id\":\"https:\/\/www.lavisqteam.fr\/?p=70374\"},\"wordCount\":1127,\"commentCount\":0,\"publisher\":{\"@id\":\"https:\/\/www.lavisqteam.fr\/#organization\"},\"articleSection\":[\"Cin\u00e9ma\"],\"inLanguage\":\"fr-FR\",\"potentialAction\":[{\"@type\":\"CommentAction\",\"name\":\"Comment\",\"target\":[\"https:\/\/www.lavisqteam.fr\/?p=70374#respond\"]}]},{\"@type\":\"WebPage\",\"@id\":\"https:\/\/www.lavisqteam.fr\/?p=70374\",\"url\":\"https:\/\/www.lavisqteam.fr\/?p=70374\",\"name\":\"Les Damn\u00e9s ne Pleurent Pas - Jamais Sans mon Fils - Lavisqteam.fr\",\"isPartOf\":{\"@id\":\"https:\/\/www.lavisqteam.fr\/#website\"},\"datePublished\":\"2023-07-26T23:40:44+00:00\",\"dateModified\":\"2023-10-03T22:05:49+00:00\",\"breadcrumb\":{\"@id\":\"https:\/\/www.lavisqteam.fr\/?p=70374#breadcrumb\"},\"inLanguage\":\"fr-FR\",\"potentialAction\":[{\"@type\":\"ReadAction\",\"target\":[\"https:\/\/www.lavisqteam.fr\/?p=70374\"]}]},{\"@type\":\"BreadcrumbList\",\"@id\":\"https:\/\/www.lavisqteam.fr\/?p=70374#breadcrumb\",\"itemListElement\":[{\"@type\":\"ListItem\",\"position\":1,\"name\":\"Accueil\",\"item\":\"https:\/\/www.lavisqteam.fr\/\"},{\"@type\":\"ListItem\",\"position\":2,\"name\":\"Les Damn\u00e9s ne Pleurent Pas &#8211; Jamais Sans mon Fils\"}]},{\"@type\":\"WebSite\",\"@id\":\"https:\/\/www.lavisqteam.fr\/#website\",\"url\":\"https:\/\/www.lavisqteam.fr\/\",\"name\":\"Lavisqteam.fr\",\"description\":\"\",\"publisher\":{\"@id\":\"https:\/\/www.lavisqteam.fr\/#organization\"},\"potentialAction\":[{\"@type\":\"SearchAction\",\"target\":{\"@type\":\"EntryPoint\",\"urlTemplate\":\"https:\/\/www.lavisqteam.fr\/?s={search_term_string}\"},\"query-input\":\"required name=search_term_string\"}],\"inLanguage\":\"fr-FR\"},{\"@type\":\"Organization\",\"@id\":\"https:\/\/www.lavisqteam.fr\/#organization\",\"name\":\"Lavisqteam.fr\",\"url\":\"https:\/\/www.lavisqteam.fr\/\",\"sameAs\":[],\"logo\":{\"@type\":\"ImageObject\",\"inLanguage\":\"fr-FR\",\"@id\":\"https:\/\/www.lavisqteam.fr\/#\/schema\/logo\/image\/\",\"url\":\"https:\/\/www.lavisqteam.fr\/wp-content\/uploads\/2020\/08\/cropped-80879545_3479261675449035_4078032831501041664_o-4.jpg\",\"contentUrl\":\"https:\/\/www.lavisqteam.fr\/wp-content\/uploads\/2020\/08\/cropped-80879545_3479261675449035_4078032831501041664_o-4.jpg\",\"width\":1674,\"height\":536,\"caption\":\"Lavisqteam.fr\"},\"image\":{\"@id\":\"https:\/\/www.lavisqteam.fr\/#\/schema\/logo\/image\/\"}},{\"@type\":\"Person\",\"@id\":\"https:\/\/www.lavisqteam.fr\/#\/schema\/person\/4ed7295b68bc3daae9094db5f1f9f913\",\"name\":\"Cineted\",\"image\":{\"@type\":\"ImageObject\",\"inLanguage\":\"fr-FR\",\"@id\":\"https:\/\/www.lavisqteam.fr\/#\/schema\/person\/image\/\",\"url\":\"https:\/\/secure.gravatar.com\/avatar\/2d66d0012368c91013200ba69885bddd?s=96&d=mm&r=g\",\"contentUrl\":\"https:\/\/secure.gravatar.com\/avatar\/2d66d0012368c91013200ba69885bddd?s=96&d=mm&r=g\",\"caption\":\"Cineted\"},\"url\":\"https:\/\/www.lavisqteam.fr\/?author=4\"}]}<\/script>\n<!-- \/ Yoast SEO plugin. -->","yoast_head_json":{"title":"Les Damn\u00e9s ne Pleurent Pas - Jamais Sans mon Fils - Lavisqteam.fr","robots":{"index":"index","follow":"follow","max-snippet":"max-snippet:-1","max-image-preview":"max-image-preview:large","max-video-preview":"max-video-preview:-1"},"canonical":"https:\/\/www.lavisqteam.fr\/?p=70374","og_locale":"fr_FR","og_type":"article","og_title":"Les Damn\u00e9s ne Pleurent Pas - Jamais Sans mon Fils - Lavisqteam.fr","og_description":"De&nbsp;: Fyzal Boulifa Avec A\u00efcha Tebbae, Abdellah El Hajjouji, Antoine Reinartz Ann\u00e9e&nbsp;: 2023 Pays&nbsp;: France, Belgique, Maroc Genre&nbsp;: Drame, Romance R\u00e9sum\u00e9&nbsp;: Fatima-Zahra tra\u00eene son fils &hellip;","og_url":"https:\/\/www.lavisqteam.fr\/?p=70374","og_site_name":"Lavisqteam.fr","article_published_time":"2023-07-26T23:40:44+00:00","article_modified_time":"2023-10-03T22:05:49+00:00","og_image":[{"width":727,"height":395,"url":"https:\/\/www.lavisqteam.fr\/wp-content\/uploads\/2023\/07\/lesd.jpg","type":"image\/jpeg"}],"author":"Cineted","twitter_card":"summary_large_image","twitter_image":"https:\/\/www.lavisqteam.fr\/wp-content\/uploads\/2023\/07\/lesd.jpg","twitter_misc":{"\u00c9crit par":"Cineted","Dur\u00e9e de lecture estim\u00e9e":"6 minutes"},"schema":{"@context":"https:\/\/schema.org","@graph":[{"@type":"Article","@id":"https:\/\/www.lavisqteam.fr\/?p=70374#article","isPartOf":{"@id":"https:\/\/www.lavisqteam.fr\/?p=70374"},"author":{"name":"Cineted","@id":"https:\/\/www.lavisqteam.fr\/#\/schema\/person\/4ed7295b68bc3daae9094db5f1f9f913"},"headline":"Les Damn\u00e9s ne Pleurent Pas &#8211; Jamais Sans mon Fils","datePublished":"2023-07-26T23:40:44+00:00","dateModified":"2023-10-03T22:05:49+00:00","mainEntityOfPage":{"@id":"https:\/\/www.lavisqteam.fr\/?p=70374"},"wordCount":1127,"commentCount":0,"publisher":{"@id":"https:\/\/www.lavisqteam.fr\/#organization"},"articleSection":["Cin\u00e9ma"],"inLanguage":"fr-FR","potentialAction":[{"@type":"CommentAction","name":"Comment","target":["https:\/\/www.lavisqteam.fr\/?p=70374#respond"]}]},{"@type":"WebPage","@id":"https:\/\/www.lavisqteam.fr\/?p=70374","url":"https:\/\/www.lavisqteam.fr\/?p=70374","name":"Les Damn\u00e9s ne Pleurent Pas - Jamais Sans mon Fils - Lavisqteam.fr","isPartOf":{"@id":"https:\/\/www.lavisqteam.fr\/#website"},"datePublished":"2023-07-26T23:40:44+00:00","dateModified":"2023-10-03T22:05:49+00:00","breadcrumb":{"@id":"https:\/\/www.lavisqteam.fr\/?p=70374#breadcrumb"},"inLanguage":"fr-FR","potentialAction":[{"@type":"ReadAction","target":["https:\/\/www.lavisqteam.fr\/?p=70374"]}]},{"@type":"BreadcrumbList","@id":"https:\/\/www.lavisqteam.fr\/?p=70374#breadcrumb","itemListElement":[{"@type":"ListItem","position":1,"name":"Accueil","item":"https:\/\/www.lavisqteam.fr\/"},{"@type":"ListItem","position":2,"name":"Les Damn\u00e9s ne Pleurent Pas &#8211; Jamais Sans mon Fils"}]},{"@type":"WebSite","@id":"https:\/\/www.lavisqteam.fr\/#website","url":"https:\/\/www.lavisqteam.fr\/","name":"Lavisqteam.fr","description":"","publisher":{"@id":"https:\/\/www.lavisqteam.fr\/#organization"},"potentialAction":[{"@type":"SearchAction","target":{"@type":"EntryPoint","urlTemplate":"https:\/\/www.lavisqteam.fr\/?s={search_term_string}"},"query-input":"required name=search_term_string"}],"inLanguage":"fr-FR"},{"@type":"Organization","@id":"https:\/\/www.lavisqteam.fr\/#organization","name":"Lavisqteam.fr","url":"https:\/\/www.lavisqteam.fr\/","sameAs":[],"logo":{"@type":"ImageObject","inLanguage":"fr-FR","@id":"https:\/\/www.lavisqteam.fr\/#\/schema\/logo\/image\/","url":"https:\/\/www.lavisqteam.fr\/wp-content\/uploads\/2020\/08\/cropped-80879545_3479261675449035_4078032831501041664_o-4.jpg","contentUrl":"https:\/\/www.lavisqteam.fr\/wp-content\/uploads\/2020\/08\/cropped-80879545_3479261675449035_4078032831501041664_o-4.jpg","width":1674,"height":536,"caption":"Lavisqteam.fr"},"image":{"@id":"https:\/\/www.lavisqteam.fr\/#\/schema\/logo\/image\/"}},{"@type":"Person","@id":"https:\/\/www.lavisqteam.fr\/#\/schema\/person\/4ed7295b68bc3daae9094db5f1f9f913","name":"Cineted","image":{"@type":"ImageObject","inLanguage":"fr-FR","@id":"https:\/\/www.lavisqteam.fr\/#\/schema\/person\/image\/","url":"https:\/\/secure.gravatar.com\/avatar\/2d66d0012368c91013200ba69885bddd?s=96&d=mm&r=g","contentUrl":"https:\/\/secure.gravatar.com\/avatar\/2d66d0012368c91013200ba69885bddd?s=96&d=mm&r=g","caption":"Cineted"},"url":"https:\/\/www.lavisqteam.fr\/?author=4"}]}},"jetpack_featured_media_url":"https:\/\/www.lavisqteam.fr\/wp-content\/uploads\/2023\/07\/lesd.jpg","_links":{"self":[{"href":"https:\/\/www.lavisqteam.fr\/index.php?rest_route=\/wp\/v2\/posts\/70374"}],"collection":[{"href":"https:\/\/www.lavisqteam.fr\/index.php?rest_route=\/wp\/v2\/posts"}],"about":[{"href":"https:\/\/www.lavisqteam.fr\/index.php?rest_route=\/wp\/v2\/types\/post"}],"author":[{"embeddable":true,"href":"https:\/\/www.lavisqteam.fr\/index.php?rest_route=\/wp\/v2\/users\/4"}],"replies":[{"embeddable":true,"href":"https:\/\/www.lavisqteam.fr\/index.php?rest_route=%2Fwp%2Fv2%2Fcomments&post=70374"}],"version-history":[{"count":1,"href":"https:\/\/www.lavisqteam.fr\/index.php?rest_route=\/wp\/v2\/posts\/70374\/revisions"}],"predecessor-version":[{"id":70379,"href":"https:\/\/www.lavisqteam.fr\/index.php?rest_route=\/wp\/v2\/posts\/70374\/revisions\/70379"}],"wp:featuredmedia":[{"embeddable":true,"href":"https:\/\/www.lavisqteam.fr\/index.php?rest_route=\/wp\/v2\/media\/70378"}],"wp:attachment":[{"href":"https:\/\/www.lavisqteam.fr\/index.php?rest_route=%2Fwp%2Fv2%2Fmedia&parent=70374"}],"wp:term":[{"taxonomy":"category","embeddable":true,"href":"https:\/\/www.lavisqteam.fr\/index.php?rest_route=%2Fwp%2Fv2%2Fcategories&post=70374"},{"taxonomy":"post_tag","embeddable":true,"href":"https:\/\/www.lavisqteam.fr\/index.php?rest_route=%2Fwp%2Fv2%2Ftags&post=70374"}],"curies":[{"name":"wp","href":"https:\/\/api.w.org\/{rel}","templated":true}]}}