{"id":70286,"date":"2023-07-19T12:42:31","date_gmt":"2023-07-19T12:42:31","guid":{"rendered":"https:\/\/www.lavisqteam.fr\/?p=70286"},"modified":"2023-10-03T22:05:35","modified_gmt":"2023-10-03T22:05:35","slug":"sous-le-tapis","status":"publish","type":"post","link":"https:\/\/www.lavisqteam.fr\/?p=70286","title":{"rendered":"Sous le Tapis &#8211; Un Mort et des Rires"},"content":{"rendered":"<div class=\"wp-block-image\">\n<figure class=\"aligncenter size-large is-resized\"><a href=\"https:\/\/www.lavisqteam.fr\/wp-content\/uploads\/2023\/07\/357751960_226189936923323_1557578803046536361_n.jpg\"><img src=\"https:\/\/www.lavisqteam.fr\/wp-content\/uploads\/2023\/07\/357751960_226189936923323_1557578803046536361_n-768x1024.jpg\" alt=\"\" class=\"wp-image-70287\" width=\"600\" srcset=\"https:\/\/www.lavisqteam.fr\/wp-content\/uploads\/2023\/07\/357751960_226189936923323_1557578803046536361_n-768x1024.jpg 768w, https:\/\/www.lavisqteam.fr\/wp-content\/uploads\/2023\/07\/357751960_226189936923323_1557578803046536361_n-225x300.jpg 225w, https:\/\/www.lavisqteam.fr\/wp-content\/uploads\/2023\/07\/357751960_226189936923323_1557578803046536361_n.jpg 810w\" sizes=\"(max-width: 768px) 100vw, 768px\" \/><\/a><\/figure><\/div>\n\n\n<p><strong>De&nbsp;: <\/strong>Camille Japy<\/p>\n\n\n\n<p><strong>Avec <\/strong>Ariane Ascaride, B\u00e9r\u00e9nice Bejo, Thomas Scimeca, Marilou Aussilloux<\/p>\n\n\n\n<p><strong>Ann\u00e9e&nbsp;: <\/strong>2023<\/p>\n\n\n\n<p><strong>Pays&nbsp;: <\/strong>France<\/p>\n\n\n\n<p><strong>Genre&nbsp;: <\/strong>Drame, Com\u00e9die<\/p>\n\n\n\n<p><strong>R\u00e9sum\u00e9&nbsp;:<\/strong><\/p>\n\n\n\n<p>Odile se pr\u00e9pare \u00e0 f\u00eater son anniversaire. Alors que ses enfants et petits-enfants sont en route pour la soir\u00e9e, Jean, son mari, d\u00e9c\u00e8de brutalement. Incapable de faire face \u00e0 cette r\u00e9alit\u00e9, elle le cache sous son lit&#8230;<\/p>\n\n\n\n<p><strong>Avis&nbsp;:<\/strong><strong><\/strong><\/p>\n\n\n\n<p>Actrice belge de cin\u00e9ma et de th\u00e9\u00e2tre, <em>Camille Japy<\/em> est de celles qu&rsquo;on pourrait appeler les discrets du cin\u00e9ma. Ayant une trentaine d&rsquo;ann\u00e9es de carri\u00e8re, <em>Camille Japy<\/em> a jou\u00e9 devant la cam\u00e9ra de beaucoup de cin\u00e9astes, parmi lesquels on retrouve <em>Fran\u00e7ois Ozon<\/em>, <em>C\u00e9dric Klapisch<\/em>, <em>Fr\u00e9d\u00e9ric Schoendoerffer<\/em>, <em>Philippe Le Guay<\/em>, <em>David Moreau<\/em> ou encore (et pour ne citer qu&rsquo;eux) les <em>Foenkinos<\/em>. Apr\u00e8s des ann\u00e9es pass\u00e9es \u00e0 \u00ab\u00a0s&rsquo;adapter\u00a0\u00bb aux autres, en 2017, <em>Camille Japy<\/em> r\u00e9alise un court-m\u00e9trage, \u00ab\u00a0<strong>Petites filles<\/strong>\u00ab\u00a0, film qui obtiendra quelques prix dans plusieurs festivals.<\/p>\n\n\n<div class=\"wp-block-image\">\n<figure class=\"aligncenter size-large is-resized\"><a href=\"https:\/\/www.lavisqteam.fr\/wp-content\/uploads\/2023\/07\/356911904_589177399988765_1236758268949396342_n.gif\"><img src=\"https:\/\/www.lavisqteam.fr\/wp-content\/uploads\/2023\/07\/356911904_589177399988765_1236758268949396342_n-1024x683.gif\" alt=\"\" class=\"wp-image-70289\" width=\"600\" srcset=\"https:\/\/www.lavisqteam.fr\/wp-content\/uploads\/2023\/07\/356911904_589177399988765_1236758268949396342_n-1024x683.gif 1024w, https:\/\/www.lavisqteam.fr\/wp-content\/uploads\/2023\/07\/356911904_589177399988765_1236758268949396342_n-300x200.gif 300w, https:\/\/www.lavisqteam.fr\/wp-content\/uploads\/2023\/07\/356911904_589177399988765_1236758268949396342_n-768x512.gif 768w\" sizes=\"(max-width: 1024px) 100vw, 1024px\" \/><\/a><\/figure><\/div>\n\n\n<p>Six ans apr\u00e8s cette premi\u00e8re exp\u00e9rience de metteur en sc\u00e8ne, <em>Camille Japy<\/em> passe le cap du premier long-m\u00e9trage. Un premier film o\u00f9 la r\u00e9alisatrice va alors osciller entre le drame et la com\u00e9die, osant parler de la mort joyeusement. Accord\u00e9on d&rsquo;\u00e9motions, \u00ab\u00a0<strong>Sous le tapis<\/strong>\u00a0\u00bb nous fait alors passer du rire aux larmes en un tour de sc\u00e8ne, et au-del\u00e0 de \u00e7a, <em>Camille Japy<\/em> livre un tr\u00e8s beau film, aussi bien dans ce qu&rsquo;il nous raconte, que dans ces personnages qu&rsquo;on aime et qu&rsquo;a absolument pas envie de quitter. Surprise totale, on n&rsquo;attendait pas ce premier film de <em>Camille Japy<\/em>, et en plus de se poser comme un ravissement, \u00ab\u00a0<strong>Sous le tapis<\/strong>\u00a0\u00bb pourrait bien \u00eatre les d\u00e9buts d&rsquo;une belle autrice.<\/p>\n\n\n\n<h2 class=\"has-text-align-center\">\u00ab\u00a0Ici, on rit beaucoup, puis on a les yeux humides.\u00a0\u00bb<\/h2>\n\n\n\n<p>Odile, la soixantaine bien pass\u00e9e, s&rsquo;appr\u00eate \u00e0 f\u00eater son anniversaire entour\u00e9e de ses enfants et petits-enfants. La maison familiale, le temps d&rsquo;un week-end, va \u00eatre sourires, partages et retrouvailles. Mais voil\u00e0, la vie en d\u00e9cide autrement, car Jean, le mari d&rsquo;Odile et p\u00e8re des enfants, d\u00e9c\u00e8de brutalement d&rsquo;une crise cardiaque. Lorsque Odile retrouve son corps, sous le choc, elle cache alors le corps sous un lit, avec l&rsquo;espoir de retarder le plus possible cette nouvelle, et passer une derni\u00e8re soir\u00e9e pleine de sourires avec ses enfants.<\/p>\n\n\n\n<p>Il y a des films que l&rsquo;on va voir sans rien en attendre, et parfois, ces derniers, dont on ne sait m\u00eame rien d&rsquo;eux (comme ce fut le cas pour moi avec celui-ci), se posent comme de superbes surprises et de tr\u00e8s beaux moments d&rsquo;\u00e9motions.<\/p>\n\n\n\n<p>\u00ab\u00a0<strong>Sous le tapis<\/strong>\u00ab\u00a0, si l&rsquo;on prend ses grandes lignes, est une histoire tr\u00e8s simple. Un homme d\u00e9c\u00e8de brutalement, et sa femme d\u00e9cide de cacher le corps pour essayer d&rsquo;avoir une derni\u00e8re soir\u00e9e, comme si de rien n&rsquo;\u00e9tait. Dans ces grandes lignes, le premier film de <em>Camille Japy<\/em> aurait pu \u00eatre quelconque, voire m\u00eame d\u00e9j\u00e0-vu, abordant forc\u00e9ment le deuil et la perte d&rsquo;un parent au sein d&rsquo;une famille. Heureusement, l&rsquo;actrice, d\u00e9sormais r\u00e9alisatrice, a bien plus d&rsquo;id\u00e9es que cela et elle nous r\u00e9serve une intrigue magnifique, qui saura surprendre son public, car elle va bien plus loin que ce postulat de base. Alors, c&rsquo;est vrai qu&rsquo;on pourrait dire de son film qu&rsquo;il est quelque peu utopique, mais qu&rsquo;importe, car il fait un bien fou. Ici, on rit beaucoup, puis on a les yeux humides, et l&rsquo;on passe d&rsquo;une \u00e9motion \u00e0 l&rsquo;autre avec une telle facilit\u00e9 que cette suite nous aspire tellement. C&rsquo;est bien simple, on n&rsquo;a absolument pas vu passer cette heure et demie.<\/p>\n\n\n\n<h2 class=\"has-text-align-center\">\u00ab\u00a0\u00a0\u00bb<strong>Sous le tapis<\/strong>\u00a0\u00bb arrive \u00e0 se faire fort, po\u00e9tique, hilarant et bouleversant \u00e0 la fois.\u00a0\u00bb<\/h2>\n\n\n\n<p>Mieux encore, cette histoire, qui est \u00e9crite par <em>Camille Japy<\/em>, nous r\u00e9serve en sous-texte tout une sous-intrigue qui prend petit \u00e0 petit sa place et qui expliquera, au moment de sa r\u00e9v\u00e9lation, \u00e9norm\u00e9ment de choses sur tout ce que l&rsquo;on vient de suivre. Cette seconde intrigue, parfaitement dilu\u00e9e dans la premi\u00e8re, pose alors un deuxi\u00e8me et tr\u00e8s \u00e9mouvant regard sur le film, sur cette histoire et sur les personnages.<\/p>\n\n\n\n<p>D&rsquo;ailleurs, lorsque l&rsquo;on parle de personnages, \u00ab\u00a0<strong>Sous le tapis<\/strong>\u00a0\u00bb s&rsquo;offre un tr\u00e8s beau casting, o\u00f9 chacun y trouve une place de choix. L\u00e0 encore, <em>Camille Japy<\/em> a parfaitement sur placer ses personnages et tous fonctionnent tr\u00e8s facilement. De plus, les r\u00f4les sont forts, notamment pour <em>Arianne Ascaride<\/em> qui est bouleversante de bout en bout de film, tout comme <em>B\u00e9r\u00e9nice Bejo<\/em>. Les relations m\u00e8re\/fille sont ici superbes. Conjuguant rire et larmes, humour et drame, <em>Camille Japy<\/em> a eu la formidable id\u00e9e de parcourir son film de seconds r\u00f4les solaires qui font \u00e9norm\u00e9ment de bien. Ainsi, <em>Thomas Scimeca<\/em> et <em>Marilou Aussilloux<\/em> sont aussi beaux que tr\u00e8s dr\u00f4les.<\/p>\n\n\n\n<p>Du c\u00f4t\u00e9 de sa r\u00e9alisation, <em>Camille Japy<\/em> a fait le choix d&rsquo;un film lumineux pour parler de la mort et du deuil. Fondant plusieurs genres pour faire un seul film, \u00ab\u00a0<strong>Sous le tapis<\/strong>\u00a0\u00bb arrive \u00e0 se faire fort, po\u00e9tique, hilarant et bouleversant \u00e0 la fois. \u00ab\u00a0<strong>Sous le tapis<\/strong>\u00a0\u00bb jouit d&rsquo;une tr\u00e8s belle ambiance, et la r\u00e9alisatrice sait tr\u00e8s bien accompagner le public du d\u00e9but \u00e0 la fin de son film sans qu&rsquo;il y ait de temps mort ou de trop. Ici, tout est bien pens\u00e9 et amen\u00e9, et avec \u00e7a, on pourra aussi compter sur une superbe BO sign\u00e9e <em>M<\/em>. Le chanteur\/compositeur, avec sa guitare, fait des merveilles, et souligne d\u00e9licatement les rebondissements et les \u00e9motions du film de <em>Camille Japy<\/em>.<\/p>\n\n\n<div class=\"wp-block-image\">\n<figure class=\"aligncenter size-large is-resized\"><a href=\"https:\/\/www.lavisqteam.fr\/wp-content\/uploads\/2023\/07\/357749651_6196986983682549_4388368932648560329_n.gif\"><img src=\"https:\/\/www.lavisqteam.fr\/wp-content\/uploads\/2023\/07\/357749651_6196986983682549_4388368932648560329_n-1024x683.gif\" alt=\"\" class=\"wp-image-70288\" width=\"600\" srcset=\"https:\/\/www.lavisqteam.fr\/wp-content\/uploads\/2023\/07\/357749651_6196986983682549_4388368932648560329_n-1024x683.gif 1024w, https:\/\/www.lavisqteam.fr\/wp-content\/uploads\/2023\/07\/357749651_6196986983682549_4388368932648560329_n-300x200.gif 300w, https:\/\/www.lavisqteam.fr\/wp-content\/uploads\/2023\/07\/357749651_6196986983682549_4388368932648560329_n-768x512.gif 768w\" sizes=\"(max-width: 1024px) 100vw, 1024px\" \/><\/a><\/figure><\/div>\n\n\n<p>Ce premier film de <em>Camille Japy<\/em> se pose comme une tr\u00e8s belle bouff\u00e9e d&rsquo;air frais. On n&rsquo;en attendait rien, si ce n&rsquo;est une petite com\u00e9die fran\u00e7aise comme on peut en avoir tant, et finalement, \u00ab\u00a0<strong>Sous le tapis<\/strong>\u00a0\u00bb s&rsquo;est r\u00e9v\u00e9l\u00e9 tout autre. Offrant un tr\u00e8s beau regard sur la mort, offrant une ligne inattendue pour cette histoire, osant bousculer les choses et les r\u00e9inventer, parcouru de personnages magnifiques qui tiennent des r\u00f4les forts, tr\u00e8s forts (<em>Arianne Ascaride<\/em>), franchement, ce \u00ab\u00a0<strong>Sous le tapis<\/strong>\u00a0\u00bb est une vraie surprise qui fait beaucoup de bien. En un film, <em>Camille Japy<\/em> r\u00e9alisatrice a grandement piqu\u00e9 la curiosit\u00e9, et l&rsquo;on reste maintenant dans l&rsquo;attente d&rsquo;un deuxi\u00e8me.<\/p>\n\n\n\n<p><strong>Note&nbsp;: 16\/20<\/strong><\/p>\n\n\n\n<figure class=\"wp-block-embed is-type-video is-provider-youtube wp-block-embed-youtube wp-embed-aspect-16-9 wp-has-aspect-ratio\"><div class=\"wp-block-embed__wrapper\">\n<iframe loading=\"lazy\" title=\"SOUS LE TAPIS Bande Annonce (2023) B\u00e9r\u00e9nice Bejo, Thomas Scimeca, Com\u00e9die Fran\u00e7aise\" width=\"1200\" height=\"675\" src=\"https:\/\/www.youtube.com\/embed\/dZpxLd8ESQ0?feature=oembed\" frameborder=\"0\" allow=\"accelerometer; autoplay; clipboard-write; encrypted-media; gyroscope; picture-in-picture; web-share\" allowfullscreen><\/iframe>\n<\/div><\/figure>\n\n\n\n<p class=\"has-text-align-right\">Par <strong>Cin\u00e9ted<\/strong><\/p>\n","protected":false},"excerpt":{"rendered":"<p>De&nbsp;: Camille Japy Avec Ariane Ascaride, B\u00e9r\u00e9nice Bejo, Thomas Scimeca, Marilou Aussilloux Ann\u00e9e&nbsp;: 2023 Pays&nbsp;: France Genre&nbsp;: Drame, Com\u00e9die R\u00e9sum\u00e9&nbsp;: Odile se pr\u00e9pare \u00e0 f\u00eater &hellip; <\/p>\n","protected":false},"author":4,"featured_media":70294,"comment_status":"open","ping_status":"open","sticky":false,"template":"","format":"standard","meta":[],"categories":[7],"tags":[],"yoast_head":"<!-- This site is optimized with the Yoast SEO plugin v19.6.1 - https:\/\/yoast.com\/wordpress\/plugins\/seo\/ -->\n<title>Sous le Tapis - Un Mort et des Rires - Lavisqteam.fr<\/title>\n<meta name=\"robots\" content=\"index, follow, max-snippet:-1, max-image-preview:large, max-video-preview:-1\" \/>\n<link rel=\"canonical\" href=\"https:\/\/www.lavisqteam.fr\/?p=70286\" \/>\n<meta property=\"og:locale\" content=\"fr_FR\" \/>\n<meta property=\"og:type\" content=\"article\" \/>\n<meta property=\"og:title\" content=\"Sous le Tapis - Un Mort et des Rires - Lavisqteam.fr\" \/>\n<meta property=\"og:description\" content=\"De&nbsp;: Camille Japy Avec Ariane Ascaride, B\u00e9r\u00e9nice Bejo, Thomas Scimeca, Marilou Aussilloux Ann\u00e9e&nbsp;: 2023 Pays&nbsp;: France Genre&nbsp;: Drame, Com\u00e9die R\u00e9sum\u00e9&nbsp;: Odile se pr\u00e9pare \u00e0 f\u00eater &hellip;\" \/>\n<meta property=\"og:url\" content=\"https:\/\/www.lavisqteam.fr\/?p=70286\" \/>\n<meta property=\"og:site_name\" content=\"Lavisqteam.fr\" \/>\n<meta property=\"article:published_time\" content=\"2023-07-19T12:42:31+00:00\" \/>\n<meta property=\"article:modified_time\" content=\"2023-10-03T22:05:35+00:00\" \/>\n<meta property=\"og:image\" content=\"https:\/\/www.lavisqteam.fr\/wp-content\/uploads\/2023\/07\/sous.jpg\" \/>\n\t<meta property=\"og:image:width\" content=\"727\" \/>\n\t<meta property=\"og:image:height\" content=\"395\" \/>\n\t<meta property=\"og:image:type\" content=\"image\/jpeg\" \/>\n<meta name=\"author\" content=\"Cineted\" \/>\n<meta name=\"twitter:card\" content=\"summary_large_image\" \/>\n<meta name=\"twitter:image\" content=\"https:\/\/www.lavisqteam.fr\/wp-content\/uploads\/2023\/07\/sous.jpg\" \/>\n<meta name=\"twitter:label1\" content=\"\u00c9crit par\" \/>\n\t<meta name=\"twitter:data1\" content=\"Cineted\" \/>\n\t<meta name=\"twitter:label2\" content=\"Dur\u00e9e de lecture estim\u00e9e\" \/>\n\t<meta name=\"twitter:data2\" content=\"6 minutes\" \/>\n<script type=\"application\/ld+json\" class=\"yoast-schema-graph\">{\"@context\":\"https:\/\/schema.org\",\"@graph\":[{\"@type\":\"Article\",\"@id\":\"https:\/\/www.lavisqteam.fr\/?p=70286#article\",\"isPartOf\":{\"@id\":\"https:\/\/www.lavisqteam.fr\/?p=70286\"},\"author\":{\"name\":\"Cineted\",\"@id\":\"https:\/\/www.lavisqteam.fr\/#\/schema\/person\/4ed7295b68bc3daae9094db5f1f9f913\"},\"headline\":\"Sous le Tapis &#8211; Un Mort et des Rires\",\"datePublished\":\"2023-07-19T12:42:31+00:00\",\"dateModified\":\"2023-10-03T22:05:35+00:00\",\"mainEntityOfPage\":{\"@id\":\"https:\/\/www.lavisqteam.fr\/?p=70286\"},\"wordCount\":1109,\"commentCount\":0,\"publisher\":{\"@id\":\"https:\/\/www.lavisqteam.fr\/#organization\"},\"articleSection\":[\"Cin\u00e9ma\"],\"inLanguage\":\"fr-FR\",\"potentialAction\":[{\"@type\":\"CommentAction\",\"name\":\"Comment\",\"target\":[\"https:\/\/www.lavisqteam.fr\/?p=70286#respond\"]}]},{\"@type\":\"WebPage\",\"@id\":\"https:\/\/www.lavisqteam.fr\/?p=70286\",\"url\":\"https:\/\/www.lavisqteam.fr\/?p=70286\",\"name\":\"Sous le Tapis - Un Mort et des Rires - Lavisqteam.fr\",\"isPartOf\":{\"@id\":\"https:\/\/www.lavisqteam.fr\/#website\"},\"datePublished\":\"2023-07-19T12:42:31+00:00\",\"dateModified\":\"2023-10-03T22:05:35+00:00\",\"breadcrumb\":{\"@id\":\"https:\/\/www.lavisqteam.fr\/?p=70286#breadcrumb\"},\"inLanguage\":\"fr-FR\",\"potentialAction\":[{\"@type\":\"ReadAction\",\"target\":[\"https:\/\/www.lavisqteam.fr\/?p=70286\"]}]},{\"@type\":\"BreadcrumbList\",\"@id\":\"https:\/\/www.lavisqteam.fr\/?p=70286#breadcrumb\",\"itemListElement\":[{\"@type\":\"ListItem\",\"position\":1,\"name\":\"Accueil\",\"item\":\"https:\/\/www.lavisqteam.fr\/\"},{\"@type\":\"ListItem\",\"position\":2,\"name\":\"Sous le Tapis &#8211; Un Mort et des Rires\"}]},{\"@type\":\"WebSite\",\"@id\":\"https:\/\/www.lavisqteam.fr\/#website\",\"url\":\"https:\/\/www.lavisqteam.fr\/\",\"name\":\"Lavisqteam.fr\",\"description\":\"\",\"publisher\":{\"@id\":\"https:\/\/www.lavisqteam.fr\/#organization\"},\"potentialAction\":[{\"@type\":\"SearchAction\",\"target\":{\"@type\":\"EntryPoint\",\"urlTemplate\":\"https:\/\/www.lavisqteam.fr\/?s={search_term_string}\"},\"query-input\":\"required name=search_term_string\"}],\"inLanguage\":\"fr-FR\"},{\"@type\":\"Organization\",\"@id\":\"https:\/\/www.lavisqteam.fr\/#organization\",\"name\":\"Lavisqteam.fr\",\"url\":\"https:\/\/www.lavisqteam.fr\/\",\"sameAs\":[],\"logo\":{\"@type\":\"ImageObject\",\"inLanguage\":\"fr-FR\",\"@id\":\"https:\/\/www.lavisqteam.fr\/#\/schema\/logo\/image\/\",\"url\":\"https:\/\/www.lavisqteam.fr\/wp-content\/uploads\/2020\/08\/cropped-80879545_3479261675449035_4078032831501041664_o-4.jpg\",\"contentUrl\":\"https:\/\/www.lavisqteam.fr\/wp-content\/uploads\/2020\/08\/cropped-80879545_3479261675449035_4078032831501041664_o-4.jpg\",\"width\":1674,\"height\":536,\"caption\":\"Lavisqteam.fr\"},\"image\":{\"@id\":\"https:\/\/www.lavisqteam.fr\/#\/schema\/logo\/image\/\"}},{\"@type\":\"Person\",\"@id\":\"https:\/\/www.lavisqteam.fr\/#\/schema\/person\/4ed7295b68bc3daae9094db5f1f9f913\",\"name\":\"Cineted\",\"image\":{\"@type\":\"ImageObject\",\"inLanguage\":\"fr-FR\",\"@id\":\"https:\/\/www.lavisqteam.fr\/#\/schema\/person\/image\/\",\"url\":\"https:\/\/secure.gravatar.com\/avatar\/2d66d0012368c91013200ba69885bddd?s=96&d=mm&r=g\",\"contentUrl\":\"https:\/\/secure.gravatar.com\/avatar\/2d66d0012368c91013200ba69885bddd?s=96&d=mm&r=g\",\"caption\":\"Cineted\"},\"url\":\"https:\/\/www.lavisqteam.fr\/?author=4\"}]}<\/script>\n<!-- \/ Yoast SEO plugin. -->","yoast_head_json":{"title":"Sous le Tapis - Un Mort et des Rires - Lavisqteam.fr","robots":{"index":"index","follow":"follow","max-snippet":"max-snippet:-1","max-image-preview":"max-image-preview:large","max-video-preview":"max-video-preview:-1"},"canonical":"https:\/\/www.lavisqteam.fr\/?p=70286","og_locale":"fr_FR","og_type":"article","og_title":"Sous le Tapis - Un Mort et des Rires - Lavisqteam.fr","og_description":"De&nbsp;: Camille Japy Avec Ariane Ascaride, B\u00e9r\u00e9nice Bejo, Thomas Scimeca, Marilou Aussilloux Ann\u00e9e&nbsp;: 2023 Pays&nbsp;: France Genre&nbsp;: Drame, Com\u00e9die R\u00e9sum\u00e9&nbsp;: Odile se pr\u00e9pare \u00e0 f\u00eater &hellip;","og_url":"https:\/\/www.lavisqteam.fr\/?p=70286","og_site_name":"Lavisqteam.fr","article_published_time":"2023-07-19T12:42:31+00:00","article_modified_time":"2023-10-03T22:05:35+00:00","og_image":[{"width":727,"height":395,"url":"https:\/\/www.lavisqteam.fr\/wp-content\/uploads\/2023\/07\/sous.jpg","type":"image\/jpeg"}],"author":"Cineted","twitter_card":"summary_large_image","twitter_image":"https:\/\/www.lavisqteam.fr\/wp-content\/uploads\/2023\/07\/sous.jpg","twitter_misc":{"\u00c9crit par":"Cineted","Dur\u00e9e de lecture estim\u00e9e":"6 minutes"},"schema":{"@context":"https:\/\/schema.org","@graph":[{"@type":"Article","@id":"https:\/\/www.lavisqteam.fr\/?p=70286#article","isPartOf":{"@id":"https:\/\/www.lavisqteam.fr\/?p=70286"},"author":{"name":"Cineted","@id":"https:\/\/www.lavisqteam.fr\/#\/schema\/person\/4ed7295b68bc3daae9094db5f1f9f913"},"headline":"Sous le Tapis &#8211; Un Mort et des Rires","datePublished":"2023-07-19T12:42:31+00:00","dateModified":"2023-10-03T22:05:35+00:00","mainEntityOfPage":{"@id":"https:\/\/www.lavisqteam.fr\/?p=70286"},"wordCount":1109,"commentCount":0,"publisher":{"@id":"https:\/\/www.lavisqteam.fr\/#organization"},"articleSection":["Cin\u00e9ma"],"inLanguage":"fr-FR","potentialAction":[{"@type":"CommentAction","name":"Comment","target":["https:\/\/www.lavisqteam.fr\/?p=70286#respond"]}]},{"@type":"WebPage","@id":"https:\/\/www.lavisqteam.fr\/?p=70286","url":"https:\/\/www.lavisqteam.fr\/?p=70286","name":"Sous le Tapis - Un Mort et des Rires - Lavisqteam.fr","isPartOf":{"@id":"https:\/\/www.lavisqteam.fr\/#website"},"datePublished":"2023-07-19T12:42:31+00:00","dateModified":"2023-10-03T22:05:35+00:00","breadcrumb":{"@id":"https:\/\/www.lavisqteam.fr\/?p=70286#breadcrumb"},"inLanguage":"fr-FR","potentialAction":[{"@type":"ReadAction","target":["https:\/\/www.lavisqteam.fr\/?p=70286"]}]},{"@type":"BreadcrumbList","@id":"https:\/\/www.lavisqteam.fr\/?p=70286#breadcrumb","itemListElement":[{"@type":"ListItem","position":1,"name":"Accueil","item":"https:\/\/www.lavisqteam.fr\/"},{"@type":"ListItem","position":2,"name":"Sous le Tapis &#8211; Un Mort et des Rires"}]},{"@type":"WebSite","@id":"https:\/\/www.lavisqteam.fr\/#website","url":"https:\/\/www.lavisqteam.fr\/","name":"Lavisqteam.fr","description":"","publisher":{"@id":"https:\/\/www.lavisqteam.fr\/#organization"},"potentialAction":[{"@type":"SearchAction","target":{"@type":"EntryPoint","urlTemplate":"https:\/\/www.lavisqteam.fr\/?s={search_term_string}"},"query-input":"required name=search_term_string"}],"inLanguage":"fr-FR"},{"@type":"Organization","@id":"https:\/\/www.lavisqteam.fr\/#organization","name":"Lavisqteam.fr","url":"https:\/\/www.lavisqteam.fr\/","sameAs":[],"logo":{"@type":"ImageObject","inLanguage":"fr-FR","@id":"https:\/\/www.lavisqteam.fr\/#\/schema\/logo\/image\/","url":"https:\/\/www.lavisqteam.fr\/wp-content\/uploads\/2020\/08\/cropped-80879545_3479261675449035_4078032831501041664_o-4.jpg","contentUrl":"https:\/\/www.lavisqteam.fr\/wp-content\/uploads\/2020\/08\/cropped-80879545_3479261675449035_4078032831501041664_o-4.jpg","width":1674,"height":536,"caption":"Lavisqteam.fr"},"image":{"@id":"https:\/\/www.lavisqteam.fr\/#\/schema\/logo\/image\/"}},{"@type":"Person","@id":"https:\/\/www.lavisqteam.fr\/#\/schema\/person\/4ed7295b68bc3daae9094db5f1f9f913","name":"Cineted","image":{"@type":"ImageObject","inLanguage":"fr-FR","@id":"https:\/\/www.lavisqteam.fr\/#\/schema\/person\/image\/","url":"https:\/\/secure.gravatar.com\/avatar\/2d66d0012368c91013200ba69885bddd?s=96&d=mm&r=g","contentUrl":"https:\/\/secure.gravatar.com\/avatar\/2d66d0012368c91013200ba69885bddd?s=96&d=mm&r=g","caption":"Cineted"},"url":"https:\/\/www.lavisqteam.fr\/?author=4"}]}},"jetpack_featured_media_url":"https:\/\/www.lavisqteam.fr\/wp-content\/uploads\/2023\/07\/sous.jpg","_links":{"self":[{"href":"https:\/\/www.lavisqteam.fr\/index.php?rest_route=\/wp\/v2\/posts\/70286"}],"collection":[{"href":"https:\/\/www.lavisqteam.fr\/index.php?rest_route=\/wp\/v2\/posts"}],"about":[{"href":"https:\/\/www.lavisqteam.fr\/index.php?rest_route=\/wp\/v2\/types\/post"}],"author":[{"embeddable":true,"href":"https:\/\/www.lavisqteam.fr\/index.php?rest_route=\/wp\/v2\/users\/4"}],"replies":[{"embeddable":true,"href":"https:\/\/www.lavisqteam.fr\/index.php?rest_route=%2Fwp%2Fv2%2Fcomments&post=70286"}],"version-history":[{"count":4,"href":"https:\/\/www.lavisqteam.fr\/index.php?rest_route=\/wp\/v2\/posts\/70286\/revisions"}],"predecessor-version":[{"id":70296,"href":"https:\/\/www.lavisqteam.fr\/index.php?rest_route=\/wp\/v2\/posts\/70286\/revisions\/70296"}],"wp:featuredmedia":[{"embeddable":true,"href":"https:\/\/www.lavisqteam.fr\/index.php?rest_route=\/wp\/v2\/media\/70294"}],"wp:attachment":[{"href":"https:\/\/www.lavisqteam.fr\/index.php?rest_route=%2Fwp%2Fv2%2Fmedia&parent=70286"}],"wp:term":[{"taxonomy":"category","embeddable":true,"href":"https:\/\/www.lavisqteam.fr\/index.php?rest_route=%2Fwp%2Fv2%2Fcategories&post=70286"},{"taxonomy":"post_tag","embeddable":true,"href":"https:\/\/www.lavisqteam.fr\/index.php?rest_route=%2Fwp%2Fv2%2Ftags&post=70286"}],"curies":[{"name":"wp","href":"https:\/\/api.w.org\/{rel}","templated":true}]}}