{"id":67459,"date":"2022-12-28T11:08:34","date_gmt":"2022-12-28T11:08:34","guid":{"rendered":"https:\/\/www.lavisqteam.fr\/?p=67459"},"modified":"2022-12-28T11:08:39","modified_gmt":"2022-12-28T11:08:39","slug":"la-fleur-de-dieu-t-03-cosmos-incarne-jean-michel-re","status":"publish","type":"post","link":"https:\/\/www.lavisqteam.fr\/?p=67459","title":{"rendered":"La Fleur de Dieu T.03 &#8211; Cosmos Incarn\u00e9 &#8211; Jean-Michel R\u00e9"},"content":{"rendered":"<div class=\"wp-block-image\">\n<figure class=\"aligncenter size-large is-resized\"><a href=\"https:\/\/www.lavisqteam.fr\/wp-content\/uploads\/2022\/12\/9782226442383-j.jpg\"><img src=\"https:\/\/www.lavisqteam.fr\/wp-content\/uploads\/2022\/12\/9782226442383-j-701x1024.jpg\" alt=\"\" class=\"wp-image-67460\" width=\"600\" srcset=\"https:\/\/www.lavisqteam.fr\/wp-content\/uploads\/2022\/12\/9782226442383-j-701x1024.jpg 701w, https:\/\/www.lavisqteam.fr\/wp-content\/uploads\/2022\/12\/9782226442383-j-205x300.jpg 205w, https:\/\/www.lavisqteam.fr\/wp-content\/uploads\/2022\/12\/9782226442383-j-768x1122.jpg 768w, https:\/\/www.lavisqteam.fr\/wp-content\/uploads\/2022\/12\/9782226442383-j-1051x1536.jpg 1051w, https:\/\/www.lavisqteam.fr\/wp-content\/uploads\/2022\/12\/9782226442383-j-1402x2048.jpg 1402w, https:\/\/www.lavisqteam.fr\/wp-content\/uploads\/2022\/12\/9782226442383-j.jpg 1658w\" sizes=\"(max-width: 701px) 100vw, 701px\" \/><\/a><\/figure><\/div>\n\n\n<p><strong>Auteur&nbsp;: <\/strong>Jean-Michel R\u00e9<\/p>\n\n\n\n<p><strong>Editeur&nbsp;: <\/strong>Albin Michel<\/p>\n\n\n\n<p><strong>Genre&nbsp;: <\/strong>Science-Fiction<\/p>\n\n\n\n<p><strong>R\u00e9sum\u00e9&nbsp;:<\/strong><\/p>\n\n\n\n<p>Dix jours apr\u00e8s l&rsquo;ouverture des portes du ciel, le Cosmos s&rsquo;incarne aux quatre coins de l&rsquo;univers.<br>A l&rsquo;\u00e9chelle des hommes, le seigneur de Latroce continue son \u0153uvre de fureur et de chaos, anim\u00e9 par une col\u00e8re in\u00e9puisable. Ma\u00eetre Kobayashi, quant \u00e0 lui, arpente la voie de l&rsquo;Enfant, essayant de trouver le v\u00e9ritable sens \u00e0 son enseignement : \u00ab Semez le Chaos dans l\u2019Harmonie, comme le projectile s\u00e8me le trouble dans l\u2019eau immobile. R\u00e9pandez de l\u2019Ordre dans le D\u00e9sordre quand le Faux gagne sur le Juste. Propagez la subversion cr\u00e9ative quand la Loi devient indigne. Cultivez le Beau et le Bon. \u00bb<\/p>\n\n\n\n<p><strong>Avis&nbsp;:<\/strong><strong><\/strong><\/p>\n\n\n\n<p>Initi\u00e9e avec un roman \u00e9ponyme et <strong><a href=\"https:\/\/www.lavisqteam.fr\/?p=67290\">Les Portes c\u00e9lestes<\/a><\/strong>, la trilogie de <strong><a href=\"https:\/\/www.lavisqteam.fr\/?p=67178\">La Fleur de Dieu<\/a><\/strong> s\u2019avance comme un ambitieux space opera. Au vu des deux tomes pr\u00e9c\u00e9dents, <em>Jean-Michel R\u00e9<\/em> d\u00e9peint un univers d\u2019une rare densit\u00e9 o\u00f9 l\u2019histoire des galaxies c\u00f4toie des \u00e9v\u00e8nements qui s\u2019\u00e9tendent sur pr\u00e8s de 10 mill\u00e9naires. Entre les innombrables conflits qui jonchent le parcours intergalactique de l\u2019humanit\u00e9, la multiplicit\u00e9 des croyances religieuses, les enjeux socio-\u00e9conomiques, sans compter les vell\u00e9it\u00e9s politiques, l\u2019\u00e9crivain s\u2019est attel\u00e9 \u00e0 donner vie \u00e0 des mondes coh\u00e9rents. Aussi, <strong>Cosmos incarn\u00e9<\/strong> marque la conclusion de ce voyage aux confins de l\u2019univers. Une sorte de point d\u2019orgue de cette saga, du moins dans les intentions initiales\u2026<\/p>\n\n\n\n<p>Auparavant, l\u2019auteur s\u2019insinuait avec conviction dans le space opera, tissant ses trames narratives avec m\u00e9ticulosit\u00e9 et patience. Avec le pr\u00e9sent ouvrage, on s\u2019\u00e9loigne quelque peu des fondamentaux du genre. Dans la continuit\u00e9 de son pr\u00e9d\u00e9cesseur, on retrouve ces guerres intestines et autres conflits propres \u00e0 la nature humaine. On s\u2019attend \u00e9galement \u00e0 obtenir des r\u00e9v\u00e9lations sur les intentions de l\u2019Enfant. En cela, il est vrai que l\u2019intrigue apporte des r\u00e9ponses, ainsi que des pistes de r\u00e9flexion quant \u00e0 la port\u00e9e des \u00e9v\u00e8nements d\u00e9crits et du devenir de l\u2019homme. Il y est question, entre autres, de la survie de l\u2019esp\u00e8ce en consid\u00e9rant son temp\u00e9rament autodestructeur.<\/p>\n\n\n\n<p>On renoue alors avec cette dimension \u00e9cologique qui interpelle sur le consum\u00e9risme de nos civilisations, l\u2019impact environnemental de nos activit\u00e9s et modes de vie. En l\u2019occurrence, ces cons\u00e9quences sont ici \u00e0 l\u2019\u00e9chelle interstellaire. Il est donc toujours appr\u00e9ciable de constater que le fond de l\u2019histoire trouve une r\u00e9sonnance particuli\u00e8re par rapport \u00e0 notre \u00e9poque, ainsi que celles amen\u00e9es \u00e0 suivre. Qu\u2019il s\u2019agisse de citations ou d\u2019\u00e9vocations, les interm\u00e8des entre les chapitres sont le t\u00e9moignage des temps pass\u00e9s. Cependant, <strong>Cosmos incarn\u00e9<\/strong> laisse son lectorat perplexe sur l\u2019orientation g\u00e9n\u00e9rale des \u00e9v\u00e8nements au fil des pages.<\/p>\n\n\n\n<p>En effet, ce troisi\u00e8me tome donne l\u2019impression d\u2019assister \u00e0 un \u00e9pilogue de luxe qui aurait pu se greffer sans mal au second volet, quitte \u00e0 en faire un diptyque. Les \u00e9l\u00e9ments perturbateurs et les s\u00e9quences o\u00f9 la tension est \u00e0 son paroxysme s\u2019av\u00e8rent d\u00e9s\u00e9quilibr\u00e9s au gr\u00e9 des chapitres. Certaines batailles en devenir n\u2019ont pas l\u2019impact escompt\u00e9, tandis que les rencontres avec l\u2019Enfant semblent emprunt\u00e9es aux deux autres opus. Les circonstances sont similaires et, malgr\u00e9 quelques \u00e9claircissements, on reste avec des pans occult\u00e9s. Un peu comme si l\u2019auteur souhaitait laisser ses personnages et ses lecteurs dans l\u2019expectative d\u2019une esp\u00e9rance.<\/p>\n\n\n\n<p>Le propos est alors tr\u00e8s facile pour \u00e9voquer une prise de conscience sur l\u2019existence elle-m\u00eame et la possibilit\u00e9 tout utopique de construire une soci\u00e9t\u00e9&nbsp;\u00ab&nbsp;meilleure&nbsp;\u00bb. \u00c0 cela, on plonge progressivement dans un discours mystique passablement abscons. Certes, on a pu appr\u00e9cier auparavant une dimension religieuse et philosophique. Elle demeurait n\u00e9anmoins en arri\u00e8re-plan du fil directeur. Ici, le pr\u00e9texte est bon pour sombrer dans des d\u00e9lires spirituels et des divagations de l\u2019esprit. Le vocabulaire et la tournure du style sont tout aussi obscurs que les intentions port\u00e9es \u00e0 de telles s\u00e9quences. Si l\u2019on y ajoute les nombreux n\u00e9ologismes et appellations propres \u00e0 l\u2019univers de <em>Jean-Michel R\u00e9<\/em>, on assiste \u00e0 des passages indigestes et expos\u00e9s avec maladresse.<\/p>\n\n\n\n<p>Au final, <strong>Cosmos incarn\u00e9<\/strong> s\u2019impose comme une conclusion d\u00e9cevante \u00e0 <strong>La Fleur de Dieu<\/strong>. L\u00e0 o\u00f9 on avait pu appr\u00e9cier un space opera de qualit\u00e9 pour les deux premiers volets, on se retrouve avec un troisi\u00e8me tome poussif. Le rythme souffre de plusieurs inconstances. Preuve en est avec des points culminants qui surviennent de mani\u00e8re erratique et ne sont pas toujours plac\u00e9s aux bons moments. L\u2019histoire perd de sa tension et de son int\u00e9r\u00eat quand on plonge dans de n\u00e9buleuses consid\u00e9rations m\u00e9taphysiques. D\u00e8s lors, le roman en devient presque imp\u00e9n\u00e9trable, comme si l\u2019auteur s\u2019abandonnait \u00e0 un plaisir tout personnel en oubliant la port\u00e9e et les perspectives qu\u2019il avait jusque-l\u00e0 d\u00e9peintes avec ma\u00eetrise. Un troisi\u00e8me tome qui laisse dubitatif quant \u00e0 sa pertinence et son d\u00e9nouement.<\/p>\n\n\n\n<p><strong>Note\u00a0: 12\/20<\/strong><\/p>\n\n\n\n<p class=\"has-text-align-right\">Par <strong>Dante<\/strong><\/p>\n","protected":false},"excerpt":{"rendered":"<p>Auteur&nbsp;: Jean-Michel R\u00e9 Editeur&nbsp;: Albin Michel Genre&nbsp;: Science-Fiction R\u00e9sum\u00e9&nbsp;: Dix jours apr\u00e8s l&rsquo;ouverture des portes du ciel, le Cosmos s&rsquo;incarne aux quatre coins de l&rsquo;univers.A &hellip; <\/p>\n","protected":false},"author":5,"featured_media":67461,"comment_status":"open","ping_status":"open","sticky":false,"template":"","format":"standard","meta":[],"categories":[10],"tags":[],"yoast_head":"<!-- This site is optimized with the Yoast SEO plugin v19.6.1 - https:\/\/yoast.com\/wordpress\/plugins\/seo\/ -->\n<title>La Fleur de Dieu T.03 - Cosmos Incarn\u00e9 - Jean-Michel R\u00e9 - Lavisqteam.fr<\/title>\n<meta name=\"robots\" content=\"index, follow, max-snippet:-1, max-image-preview:large, max-video-preview:-1\" \/>\n<link rel=\"canonical\" href=\"https:\/\/www.lavisqteam.fr\/?p=67459\" \/>\n<meta property=\"og:locale\" content=\"fr_FR\" \/>\n<meta property=\"og:type\" content=\"article\" \/>\n<meta property=\"og:title\" content=\"La Fleur de Dieu T.03 - Cosmos Incarn\u00e9 - Jean-Michel R\u00e9 - Lavisqteam.fr\" \/>\n<meta property=\"og:description\" content=\"Auteur&nbsp;: Jean-Michel R\u00e9 Editeur&nbsp;: Albin Michel Genre&nbsp;: Science-Fiction R\u00e9sum\u00e9&nbsp;: Dix jours apr\u00e8s l&rsquo;ouverture des portes du ciel, le Cosmos s&rsquo;incarne aux quatre coins de l&rsquo;univers.A &hellip;\" \/>\n<meta property=\"og:url\" content=\"https:\/\/www.lavisqteam.fr\/?p=67459\" \/>\n<meta property=\"og:site_name\" content=\"Lavisqteam.fr\" \/>\n<meta property=\"article:published_time\" content=\"2022-12-28T11:08:34+00:00\" \/>\n<meta property=\"article:modified_time\" content=\"2022-12-28T11:08:39+00:00\" \/>\n<meta property=\"og:image\" content=\"https:\/\/www.lavisqteam.fr\/wp-content\/uploads\/2022\/12\/cosm.jpg\" \/>\n\t<meta property=\"og:image:width\" content=\"727\" \/>\n\t<meta property=\"og:image:height\" content=\"395\" \/>\n\t<meta property=\"og:image:type\" content=\"image\/jpeg\" \/>\n<meta name=\"author\" content=\"Dante\" \/>\n<meta name=\"twitter:card\" content=\"summary_large_image\" \/>\n<meta name=\"twitter:image\" content=\"https:\/\/www.lavisqteam.fr\/wp-content\/uploads\/2022\/12\/cosm.jpg\" \/>\n<meta name=\"twitter:label1\" content=\"\u00c9crit par\" \/>\n\t<meta name=\"twitter:data1\" content=\"Dante\" \/>\n\t<meta name=\"twitter:label2\" content=\"Dur\u00e9e de lecture estim\u00e9e\" \/>\n\t<meta name=\"twitter:data2\" content=\"5 minutes\" \/>\n<script type=\"application\/ld+json\" class=\"yoast-schema-graph\">{\"@context\":\"https:\/\/schema.org\",\"@graph\":[{\"@type\":\"Article\",\"@id\":\"https:\/\/www.lavisqteam.fr\/?p=67459#article\",\"isPartOf\":{\"@id\":\"https:\/\/www.lavisqteam.fr\/?p=67459\"},\"author\":{\"name\":\"Dante\",\"@id\":\"https:\/\/www.lavisqteam.fr\/#\/schema\/person\/f990b2bf003d200c5d343e528a040052\"},\"headline\":\"La Fleur de Dieu T.03 &#8211; Cosmos Incarn\u00e9 &#8211; Jean-Michel R\u00e9\",\"datePublished\":\"2022-12-28T11:08:34+00:00\",\"dateModified\":\"2022-12-28T11:08:39+00:00\",\"mainEntityOfPage\":{\"@id\":\"https:\/\/www.lavisqteam.fr\/?p=67459\"},\"wordCount\":892,\"commentCount\":0,\"publisher\":{\"@id\":\"https:\/\/www.lavisqteam.fr\/#organization\"},\"articleSection\":[\"Roman\"],\"inLanguage\":\"fr-FR\",\"potentialAction\":[{\"@type\":\"CommentAction\",\"name\":\"Comment\",\"target\":[\"https:\/\/www.lavisqteam.fr\/?p=67459#respond\"]}]},{\"@type\":\"WebPage\",\"@id\":\"https:\/\/www.lavisqteam.fr\/?p=67459\",\"url\":\"https:\/\/www.lavisqteam.fr\/?p=67459\",\"name\":\"La Fleur de Dieu T.03 - Cosmos Incarn\u00e9 - Jean-Michel R\u00e9 - Lavisqteam.fr\",\"isPartOf\":{\"@id\":\"https:\/\/www.lavisqteam.fr\/#website\"},\"datePublished\":\"2022-12-28T11:08:34+00:00\",\"dateModified\":\"2022-12-28T11:08:39+00:00\",\"breadcrumb\":{\"@id\":\"https:\/\/www.lavisqteam.fr\/?p=67459#breadcrumb\"},\"inLanguage\":\"fr-FR\",\"potentialAction\":[{\"@type\":\"ReadAction\",\"target\":[\"https:\/\/www.lavisqteam.fr\/?p=67459\"]}]},{\"@type\":\"BreadcrumbList\",\"@id\":\"https:\/\/www.lavisqteam.fr\/?p=67459#breadcrumb\",\"itemListElement\":[{\"@type\":\"ListItem\",\"position\":1,\"name\":\"Accueil\",\"item\":\"https:\/\/www.lavisqteam.fr\/\"},{\"@type\":\"ListItem\",\"position\":2,\"name\":\"La Fleur de Dieu T.03 &#8211; Cosmos Incarn\u00e9 &#8211; Jean-Michel R\u00e9\"}]},{\"@type\":\"WebSite\",\"@id\":\"https:\/\/www.lavisqteam.fr\/#website\",\"url\":\"https:\/\/www.lavisqteam.fr\/\",\"name\":\"Lavisqteam.fr\",\"description\":\"\",\"publisher\":{\"@id\":\"https:\/\/www.lavisqteam.fr\/#organization\"},\"potentialAction\":[{\"@type\":\"SearchAction\",\"target\":{\"@type\":\"EntryPoint\",\"urlTemplate\":\"https:\/\/www.lavisqteam.fr\/?s={search_term_string}\"},\"query-input\":\"required name=search_term_string\"}],\"inLanguage\":\"fr-FR\"},{\"@type\":\"Organization\",\"@id\":\"https:\/\/www.lavisqteam.fr\/#organization\",\"name\":\"Lavisqteam.fr\",\"url\":\"https:\/\/www.lavisqteam.fr\/\",\"sameAs\":[],\"logo\":{\"@type\":\"ImageObject\",\"inLanguage\":\"fr-FR\",\"@id\":\"https:\/\/www.lavisqteam.fr\/#\/schema\/logo\/image\/\",\"url\":\"https:\/\/www.lavisqteam.fr\/wp-content\/uploads\/2020\/08\/cropped-80879545_3479261675449035_4078032831501041664_o-4.jpg\",\"contentUrl\":\"https:\/\/www.lavisqteam.fr\/wp-content\/uploads\/2020\/08\/cropped-80879545_3479261675449035_4078032831501041664_o-4.jpg\",\"width\":1674,\"height\":536,\"caption\":\"Lavisqteam.fr\"},\"image\":{\"@id\":\"https:\/\/www.lavisqteam.fr\/#\/schema\/logo\/image\/\"}},{\"@type\":\"Person\",\"@id\":\"https:\/\/www.lavisqteam.fr\/#\/schema\/person\/f990b2bf003d200c5d343e528a040052\",\"name\":\"Dante\",\"image\":{\"@type\":\"ImageObject\",\"inLanguage\":\"fr-FR\",\"@id\":\"https:\/\/www.lavisqteam.fr\/#\/schema\/person\/image\/\",\"url\":\"https:\/\/secure.gravatar.com\/avatar\/247c2b515d1472e98f97043ac8393382?s=96&d=mm&r=g\",\"contentUrl\":\"https:\/\/secure.gravatar.com\/avatar\/247c2b515d1472e98f97043ac8393382?s=96&d=mm&r=g\",\"caption\":\"Dante\"},\"url\":\"https:\/\/www.lavisqteam.fr\/?author=5\"}]}<\/script>\n<!-- \/ Yoast SEO plugin. -->","yoast_head_json":{"title":"La Fleur de Dieu T.03 - Cosmos Incarn\u00e9 - Jean-Michel R\u00e9 - Lavisqteam.fr","robots":{"index":"index","follow":"follow","max-snippet":"max-snippet:-1","max-image-preview":"max-image-preview:large","max-video-preview":"max-video-preview:-1"},"canonical":"https:\/\/www.lavisqteam.fr\/?p=67459","og_locale":"fr_FR","og_type":"article","og_title":"La Fleur de Dieu T.03 - Cosmos Incarn\u00e9 - Jean-Michel R\u00e9 - Lavisqteam.fr","og_description":"Auteur&nbsp;: Jean-Michel R\u00e9 Editeur&nbsp;: Albin Michel Genre&nbsp;: Science-Fiction R\u00e9sum\u00e9&nbsp;: Dix jours apr\u00e8s l&rsquo;ouverture des portes du ciel, le Cosmos s&rsquo;incarne aux quatre coins de l&rsquo;univers.A &hellip;","og_url":"https:\/\/www.lavisqteam.fr\/?p=67459","og_site_name":"Lavisqteam.fr","article_published_time":"2022-12-28T11:08:34+00:00","article_modified_time":"2022-12-28T11:08:39+00:00","og_image":[{"width":727,"height":395,"url":"https:\/\/www.lavisqteam.fr\/wp-content\/uploads\/2022\/12\/cosm.jpg","type":"image\/jpeg"}],"author":"Dante","twitter_card":"summary_large_image","twitter_image":"https:\/\/www.lavisqteam.fr\/wp-content\/uploads\/2022\/12\/cosm.jpg","twitter_misc":{"\u00c9crit par":"Dante","Dur\u00e9e de lecture estim\u00e9e":"5 minutes"},"schema":{"@context":"https:\/\/schema.org","@graph":[{"@type":"Article","@id":"https:\/\/www.lavisqteam.fr\/?p=67459#article","isPartOf":{"@id":"https:\/\/www.lavisqteam.fr\/?p=67459"},"author":{"name":"Dante","@id":"https:\/\/www.lavisqteam.fr\/#\/schema\/person\/f990b2bf003d200c5d343e528a040052"},"headline":"La Fleur de Dieu T.03 &#8211; Cosmos Incarn\u00e9 &#8211; Jean-Michel R\u00e9","datePublished":"2022-12-28T11:08:34+00:00","dateModified":"2022-12-28T11:08:39+00:00","mainEntityOfPage":{"@id":"https:\/\/www.lavisqteam.fr\/?p=67459"},"wordCount":892,"commentCount":0,"publisher":{"@id":"https:\/\/www.lavisqteam.fr\/#organization"},"articleSection":["Roman"],"inLanguage":"fr-FR","potentialAction":[{"@type":"CommentAction","name":"Comment","target":["https:\/\/www.lavisqteam.fr\/?p=67459#respond"]}]},{"@type":"WebPage","@id":"https:\/\/www.lavisqteam.fr\/?p=67459","url":"https:\/\/www.lavisqteam.fr\/?p=67459","name":"La Fleur de Dieu T.03 - Cosmos Incarn\u00e9 - Jean-Michel R\u00e9 - Lavisqteam.fr","isPartOf":{"@id":"https:\/\/www.lavisqteam.fr\/#website"},"datePublished":"2022-12-28T11:08:34+00:00","dateModified":"2022-12-28T11:08:39+00:00","breadcrumb":{"@id":"https:\/\/www.lavisqteam.fr\/?p=67459#breadcrumb"},"inLanguage":"fr-FR","potentialAction":[{"@type":"ReadAction","target":["https:\/\/www.lavisqteam.fr\/?p=67459"]}]},{"@type":"BreadcrumbList","@id":"https:\/\/www.lavisqteam.fr\/?p=67459#breadcrumb","itemListElement":[{"@type":"ListItem","position":1,"name":"Accueil","item":"https:\/\/www.lavisqteam.fr\/"},{"@type":"ListItem","position":2,"name":"La Fleur de Dieu T.03 &#8211; Cosmos Incarn\u00e9 &#8211; Jean-Michel R\u00e9"}]},{"@type":"WebSite","@id":"https:\/\/www.lavisqteam.fr\/#website","url":"https:\/\/www.lavisqteam.fr\/","name":"Lavisqteam.fr","description":"","publisher":{"@id":"https:\/\/www.lavisqteam.fr\/#organization"},"potentialAction":[{"@type":"SearchAction","target":{"@type":"EntryPoint","urlTemplate":"https:\/\/www.lavisqteam.fr\/?s={search_term_string}"},"query-input":"required name=search_term_string"}],"inLanguage":"fr-FR"},{"@type":"Organization","@id":"https:\/\/www.lavisqteam.fr\/#organization","name":"Lavisqteam.fr","url":"https:\/\/www.lavisqteam.fr\/","sameAs":[],"logo":{"@type":"ImageObject","inLanguage":"fr-FR","@id":"https:\/\/www.lavisqteam.fr\/#\/schema\/logo\/image\/","url":"https:\/\/www.lavisqteam.fr\/wp-content\/uploads\/2020\/08\/cropped-80879545_3479261675449035_4078032831501041664_o-4.jpg","contentUrl":"https:\/\/www.lavisqteam.fr\/wp-content\/uploads\/2020\/08\/cropped-80879545_3479261675449035_4078032831501041664_o-4.jpg","width":1674,"height":536,"caption":"Lavisqteam.fr"},"image":{"@id":"https:\/\/www.lavisqteam.fr\/#\/schema\/logo\/image\/"}},{"@type":"Person","@id":"https:\/\/www.lavisqteam.fr\/#\/schema\/person\/f990b2bf003d200c5d343e528a040052","name":"Dante","image":{"@type":"ImageObject","inLanguage":"fr-FR","@id":"https:\/\/www.lavisqteam.fr\/#\/schema\/person\/image\/","url":"https:\/\/secure.gravatar.com\/avatar\/247c2b515d1472e98f97043ac8393382?s=96&d=mm&r=g","contentUrl":"https:\/\/secure.gravatar.com\/avatar\/247c2b515d1472e98f97043ac8393382?s=96&d=mm&r=g","caption":"Dante"},"url":"https:\/\/www.lavisqteam.fr\/?author=5"}]}},"jetpack_featured_media_url":"https:\/\/www.lavisqteam.fr\/wp-content\/uploads\/2022\/12\/cosm.jpg","_links":{"self":[{"href":"https:\/\/www.lavisqteam.fr\/index.php?rest_route=\/wp\/v2\/posts\/67459"}],"collection":[{"href":"https:\/\/www.lavisqteam.fr\/index.php?rest_route=\/wp\/v2\/posts"}],"about":[{"href":"https:\/\/www.lavisqteam.fr\/index.php?rest_route=\/wp\/v2\/types\/post"}],"author":[{"embeddable":true,"href":"https:\/\/www.lavisqteam.fr\/index.php?rest_route=\/wp\/v2\/users\/5"}],"replies":[{"embeddable":true,"href":"https:\/\/www.lavisqteam.fr\/index.php?rest_route=%2Fwp%2Fv2%2Fcomments&post=67459"}],"version-history":[{"count":1,"href":"https:\/\/www.lavisqteam.fr\/index.php?rest_route=\/wp\/v2\/posts\/67459\/revisions"}],"predecessor-version":[{"id":67462,"href":"https:\/\/www.lavisqteam.fr\/index.php?rest_route=\/wp\/v2\/posts\/67459\/revisions\/67462"}],"wp:featuredmedia":[{"embeddable":true,"href":"https:\/\/www.lavisqteam.fr\/index.php?rest_route=\/wp\/v2\/media\/67461"}],"wp:attachment":[{"href":"https:\/\/www.lavisqteam.fr\/index.php?rest_route=%2Fwp%2Fv2%2Fmedia&parent=67459"}],"wp:term":[{"taxonomy":"category","embeddable":true,"href":"https:\/\/www.lavisqteam.fr\/index.php?rest_route=%2Fwp%2Fv2%2Fcategories&post=67459"},{"taxonomy":"post_tag","embeddable":true,"href":"https:\/\/www.lavisqteam.fr\/index.php?rest_route=%2Fwp%2Fv2%2Ftags&post=67459"}],"curies":[{"name":"wp","href":"https:\/\/api.w.org\/{rel}","templated":true}]}}