{"id":66595,"date":"2022-11-03T15:20:20","date_gmt":"2022-11-03T15:20:20","guid":{"rendered":"https:\/\/www.lavisqteam.fr\/?p=66595"},"modified":"2022-11-03T15:20:24","modified_gmt":"2022-11-03T15:20:24","slug":"18-ans-apres","status":"publish","type":"post","link":"https:\/\/www.lavisqteam.fr\/?p=66595","title":{"rendered":"18 Ans Apr\u00e8s"},"content":{"rendered":"<div class=\"wp-block-image\">\n<figure class=\"aligncenter size-full\"><a href=\"https:\/\/www.lavisqteam.fr\/wp-content\/uploads\/2022\/11\/313936402_858281902124142_9073999245906416718_n.jpg\"><img loading=\"lazy\" width=\"600\" height=\"800\" src=\"https:\/\/www.lavisqteam.fr\/wp-content\/uploads\/2022\/11\/313936402_858281902124142_9073999245906416718_n.jpg\" alt=\"\" class=\"wp-image-66596\" srcset=\"https:\/\/www.lavisqteam.fr\/wp-content\/uploads\/2022\/11\/313936402_858281902124142_9073999245906416718_n.jpg 600w, https:\/\/www.lavisqteam.fr\/wp-content\/uploads\/2022\/11\/313936402_858281902124142_9073999245906416718_n-225x300.jpg 225w\" sizes=\"(max-width: 600px) 100vw, 600px\" \/><\/a><\/figure><\/div>\n\n\n<p><strong>De&nbsp;: <\/strong>Coline Serreau<\/p>\n\n\n\n<p><strong>Avec <\/strong>Andr\u00e9 Dussollier, Michel Boujenah, Roland Giraud, Madeleine Besson<\/p>\n\n\n\n<p><strong>Ann\u00e9e&nbsp;: <\/strong>2003<\/p>\n\n\n\n<p><strong>Pays&nbsp;: <\/strong>France<\/p>\n\n\n\n<p><strong>Genre&nbsp;: <\/strong>Com\u00e9die<\/p>\n\n\n\n<p><strong>R\u00e9sum\u00e9&nbsp;:<\/strong><\/p>\n\n\n\n<p>Dix-huit ans apr\u00e8s avoir \u00e9t\u00e9 recueillie par ses trois p\u00e8res adoptifs, Marie obtient son bac et passe l&rsquo;\u00e9t\u00e9 dans le midi avec Sylvia, sa m\u00e8re revenue d&rsquo;Am\u00e9rique. Celle-ci est accompagn\u00e9e de son \u00e9poux californien qui a deux fils. Les premi\u00e8res amours se nouent et se d\u00e9nouent sous les yeux effar\u00e9s des trois p\u00e8res qui voient l&rsquo;enfance de Marie s&rsquo;enfuir au galop et leurs relations avec les femmes se compliquer gravement.<\/p>\n\n\n\n<p><strong>Avis&nbsp;:<\/strong><\/p>\n\n\n\n<p><em>Coline Serreau<\/em> est une r\u00e9alisatrice fran\u00e7aise qui s&rsquo;est comme envol\u00e9e apr\u00e8s avoir r\u00e9alis\u00e9e \u00ab\u00a0<strong>3 hommes et un couffin<\/strong>\u00ab\u00a0, com\u00e9die populaire et succ\u00e8s critique, r\u00e9compens\u00e9e par ses paires aux C\u00e9sar 1986. Depuis, la metteuse en sc\u00e8ne a retrouv\u00e9 le succ\u00e8s avec des films tels que \u00ab\u00a0<strong>La crise<\/strong>\u00ab\u00a0, ou \u00ab\u00a0<strong>La belle verte<\/strong>\u00a0\u00bb et de mani\u00e8re g\u00e9n\u00e9rale, elle a tr\u00e8s bien pass\u00e9 ses ann\u00e9es 90. En ce qui concerne les ann\u00e9es 2000, c&rsquo;est bien plus compliqu\u00e9, enfin pour ma part, puisqu&rsquo;elle entame cette d\u00e9cennie avec \u00ab\u00a0<strong>Chaos<\/strong>\u00ab\u00a0, qui s&rsquo;est pos\u00e9 comme l&rsquo;une des pires s\u00e9ances de cin\u00e9ma \u00e0 laquelle j&rsquo;avais pu assister. Un fait \u00e9trange, puisque le film est plut\u00f4t appr\u00e9ci\u00e9 du public et de la presse, et il est m\u00eame le dernier film de fiction et de cin\u00e9ma de la r\u00e9alisatrice \u00e0 recevoir des \u00e9loges.<\/p>\n\n\n<div class=\"wp-block-image\">\n<figure class=\"aligncenter size-large is-resized\"><a href=\"https:\/\/www.lavisqteam.fr\/wp-content\/uploads\/2022\/11\/313376301_1147883676167115_3491944547855307202_n.jpg\"><img src=\"https:\/\/www.lavisqteam.fr\/wp-content\/uploads\/2022\/11\/313376301_1147883676167115_3491944547855307202_n-1024x576.jpg\" alt=\"\" class=\"wp-image-66598\" width=\"600\" srcset=\"https:\/\/www.lavisqteam.fr\/wp-content\/uploads\/2022\/11\/313376301_1147883676167115_3491944547855307202_n-1024x576.jpg 1024w, https:\/\/www.lavisqteam.fr\/wp-content\/uploads\/2022\/11\/313376301_1147883676167115_3491944547855307202_n-300x169.jpg 300w, https:\/\/www.lavisqteam.fr\/wp-content\/uploads\/2022\/11\/313376301_1147883676167115_3491944547855307202_n-768x432.jpg 768w, https:\/\/www.lavisqteam.fr\/wp-content\/uploads\/2022\/11\/313376301_1147883676167115_3491944547855307202_n.jpg 1280w\" sizes=\"(max-width: 1024px) 100vw, 1024px\" \/><\/a><\/figure><\/div>\n\n\n<p>Pour sa suite des ann\u00e9es 2000, deux ans apr\u00e8s \u00ab\u00a0<strong>Chaos<\/strong>\u00ab\u00a0, <em>Coline Serreau<\/em> a l&rsquo;id\u00e9e de faire revivre Jacques, Pierre et Michel, les trois papas de la petite Marie. Ainsi, le film, comme son titre l&rsquo;indique, arrive \u00ab\u00a0<strong>18 ans apr\u00e8s<\/strong>\u00a0\u00bb \u00ab\u00a0<strong>3 hommes et un couffin<\/strong>\u00ab\u00a0, et l&rsquo;id\u00e9e de voir ce que ces personnages sont devenus, m\u00eame si ce n&rsquo;\u00e9tait pas utile, l\u00e0 comme \u00e7a, je ne suis pas contre, car le trio d&rsquo;acteurs \u00e9tait tr\u00e8s attachant. Malheureusement pour tout le monde, cette id\u00e9e fut tr\u00e8s loin d&rsquo;\u00eatre la meilleure de sa r\u00e9alisatrice, puisque \u00ab\u00a0<strong>18 ans apr\u00e8s<\/strong>\u00a0\u00bb fut une s\u00e9ance de cin\u00e9ma plus que compliqu\u00e9e. C&rsquo;est bien simple, ici, tout sonne faux, forc\u00e9, tout est moche, et plus largement dans son \u00e9criture et l&rsquo;histoire qui nous est racont\u00e9e, \u00ab\u00a0<strong>18 ans apr\u00e8s<\/strong>\u00a0\u00bb brasse de l&rsquo;air et ne raconte rien, absolument rien, au point que c&rsquo;en est hallucinant !<\/p>\n\n\n\n<p>Cela fait 18 ans maintenant que nos trois c\u00e9libataires endurcis ont recueilli Marie. 18 ans d&rsquo;amour, o\u00f9 le petit b\u00e9b\u00e9 a eu le temps de pousser et aujourd&rsquo;hui, elle est une ado qui passe son BAC. D&rsquo;ailleurs, juste apr\u00e8s le BAC, c&rsquo;est l&rsquo;\u00e9t\u00e9 et pour l&rsquo;occasion, Sylvia, la m\u00e8re de Marie, vient passer les vacances en France avec son nouveau compagnon et ses deux fils. Toute la famille se retrouve dans le Vaucluse et l&rsquo;\u00e9t\u00e9 s&rsquo;annonce ensoleill\u00e9 et festif. Cet \u00e9t\u00e9 sera aussi l&rsquo;\u00e9t\u00e9 des premiers \u00e9mois, et les trois p\u00e8res vont devoir accepter que leur fille grandisse.<\/p>\n\n\n\n<p>Il est parfois tr\u00e8s compliqu\u00e9 de coucher un ressenti sur le \u00ab\u00a0papier\u00a0\u00bb sans tomber dans la caricature et en faire de trop, que ce soit dans un sens comme dans l&rsquo;autre, et pour cette suite de \u00ab\u00a0<strong>3 hommes et un couffin<\/strong>\u00ab\u00a0, je suis en plein dedans, car ici, <em>Coline Serreau<\/em> s&rsquo;est plant\u00e9e en beaut\u00e9 et je ne sais m\u00eame pas par o\u00f9 commencer, tant il n&rsquo;y a rien qui va avec ce film.<\/p>\n\n\n\n<p>Je crois que le plus flagrant ici, c&rsquo;est sa forme et son esth\u00e9tisme. C&rsquo;est assez dingue de voir \u00e0 quel point visuellement parlant le film est d&rsquo;une laideur incroyable. D\u00e8s les premi\u00e8res sc\u00e8nes, la photographie, le choix de la mise en sc\u00e8ne et la non-ouverture de film choquent. Fait totalement in\u00e9dit, \u00e0 l&rsquo;ouverture du film, j&rsquo;ai cru que c&rsquo;\u00e9tait le menu de pr\u00e9sentation de mon DVD&#8230; Puis je me suis rendu que non, le film avait d\u00e9j\u00e0 commenc\u00e9 depuis une minute quinze&#8230; Par la suite, dans sa mise en sc\u00e8ne, tout le film est d\u00e9pass\u00e9 et largu\u00e9 \u00e0 chaque instant. Ici, plus \u00ab\u00a0<strong>18 ans apr\u00e8s<\/strong>\u00a0\u00bb avance et plus l&rsquo;id\u00e9e de cin\u00e9ma quitte le film pour s&rsquo;aventurer dans les sentiments du t\u00e9l\u00e9film et on ne parlera m\u00eame pas d&rsquo;un t\u00e9l\u00e9film moyen. Non, non, ici, on est bien dans la tranche minable du t\u00e9l\u00e9film.<\/p>\n\n\n\n<p>\u00ab\u00a0<strong>18 ans apr\u00e8s<\/strong>\u00ab\u00a0, en plus d&rsquo;\u00eatre visuellement laid, encha\u00eene les longueurs, faisant passer son heure et demi comme le double. Les raisons \u00e0 cela, l&rsquo;humour lourdingue qui tombe bien souvent \u00e0 plat, et d\u00e9clenche des \u00ab\u00a0pffff\u00a0\u00bb d&rsquo;indignation (franchement, hormis la pharmacienne qui est un joli clin d\u2019\u0153il au premier film et quelques quiproquos autour de la parentalit\u00e9 de Marie avec ses trois p\u00e8res, il n\u2019y a rien, strictement rien). S&rsquo;ajoute \u00e0 cela le n&rsquo;importe quoi de cette histoire qui ne sait pas o\u00f9 aller et quoi raconter. Si l&rsquo;id\u00e9e de voir leur fille grandir et accepter de la voir quitter l&rsquo;adolescence et l&rsquo;innocence pour une vie d&rsquo;adulte pouvait \u00eatre int\u00e9ressante, d&rsquo;autant plus avec ce trio d&rsquo;acteurs et de personnages, l\u00e0 \u00e7a ne fonctionne pas, parce que <em>Coline Serreau<\/em> a choisi de raconter des caricatures qui n&rsquo;ont aucun sens&#8230;<\/p>\n\n\n\n<p>Franchement, les am\u00e9ricains sont parfaitement infects dans ce film et le plus jeune fils, tout boutonneux, qui a peu confiance en lui, \u00e9cras\u00e9 par sa famille, qui tombe sous le charme de Marie, et qui pour le coup se construit un corps d&rsquo;athl\u00e8te en deux semaines, puis apprend le fran\u00e7ais pour emballer sa belle en un mois&#8230; \u00c0 l&rsquo;aide&#8230; SOS d&rsquo;un cin\u00e9phile en d\u00e9tresse.<\/p>\n\n\n\n<p>Mais le pire dans cette histoire, c&rsquo;est que son sc\u00e9nario ne s&rsquo;arr\u00eate pas l\u00e0, puisqu&rsquo;il se fait parfaitement mauvais dans chacune de ses d\u00e9cisions et chacun de ses personnages. D&rsquo;ailleurs, bien souvent, on ne comprend pas ce que viennent faire l\u00e0 certains personnages (Coucou <em>Line Renaud<\/em>&#8230; Ou alors je me suis endormi, ce n&rsquo;est pas possible autrement&#8230;). Puis histoire de nous achever apr\u00e8s cette heure et demi tr\u00e8s compliqu\u00e9e, le film se conclut sans fin, un peu comme il avait commenc\u00e9, et l&rsquo;on restera effar\u00e9 d&rsquo;avoir suivi quelque chose qui ne nous a rien racont\u00e9. Quelque chose qui s&rsquo;est voulu dr\u00f4le, alors que c&rsquo;est tout l&rsquo;inverse et l&rsquo;on ne parlera pas de la tendresse qu&rsquo;on trouve dans le premier, qui est totalement absente de cette suite.<\/p>\n\n\n\n<p>On aurait pu alors se rattraper avec les acteurs et notamment ce trio <em>Andr\u00e9 Dussollier<\/em>, <em>Michel Boujenah <\/em>et <em>Roland Giraud<\/em>, mais rien n&rsquo;y fait, tout trois sont largu\u00e9s avec cette histoire qui ne va nulle part, n\u2019arrivant jamais \u00e0 nous faire sourire ou nous toucher. Et cette sensation, on l&rsquo;a aussi avec tous les autres personnages et \u00e7a va bien plus loin, car beaucoup des acteurs ici sont juste mauvais (<em>Madeleine Besson<\/em>, <em>Gr\u00e9goire Lavollay-Porter<\/em>, <em>Ken Samuels<\/em> et la palme revient \u00e0 <em>James Thierr\u00e9e<\/em> acteur qui est tr\u00e8s talentueux, en roue libre totale ici).<\/p>\n\n\n<div class=\"wp-block-image\">\n<figure class=\"aligncenter size-large is-resized\"><a href=\"https:\/\/www.lavisqteam.fr\/wp-content\/uploads\/2022\/11\/313998369_855277332163567_8934176556681334899_n.jpg\"><img src=\"https:\/\/www.lavisqteam.fr\/wp-content\/uploads\/2022\/11\/313998369_855277332163567_8934176556681334899_n-1024x576.jpg\" alt=\"\" class=\"wp-image-66597\" width=\"600\" srcset=\"https:\/\/www.lavisqteam.fr\/wp-content\/uploads\/2022\/11\/313998369_855277332163567_8934176556681334899_n-1024x576.jpg 1024w, https:\/\/www.lavisqteam.fr\/wp-content\/uploads\/2022\/11\/313998369_855277332163567_8934176556681334899_n-300x169.jpg 300w, https:\/\/www.lavisqteam.fr\/wp-content\/uploads\/2022\/11\/313998369_855277332163567_8934176556681334899_n-768x432.jpg 768w, https:\/\/www.lavisqteam.fr\/wp-content\/uploads\/2022\/11\/313998369_855277332163567_8934176556681334899_n.jpg 1280w\" sizes=\"(max-width: 1024px) 100vw, 1024px\" \/><\/a><\/figure><\/div>\n\n\n<p>\u00ab\u00a0<strong>18 ans apr\u00e8s<\/strong>\u00a0\u00bb fut donc une s\u00e9ance de cin\u00e9ma tr\u00e8s compliqu\u00e9e et il fut m\u00eame tr\u00e8s difficile d&rsquo;aller jusqu&rsquo;au bout de cette derni\u00e8re, tant <em>Coline Serreau<\/em> ne raconte rien avec ce film. Long, laid, lourd, le plantage est total. C&rsquo;est m\u00eame incompr\u00e9hensible que personne ne se soit rendu compte du naufrage qui allait se produire&#8230; Bref&#8230;<\/p>\n\n\n\n<p><strong>Note&nbsp;: 03\/20<\/strong><\/p>\n\n\n\n<figure class=\"wp-block-embed is-type-video is-provider-youtube wp-block-embed-youtube wp-embed-aspect-4-3 wp-has-aspect-ratio\"><div class=\"wp-block-embed__wrapper\">\n<iframe loading=\"lazy\" title=\"18 ans apr\u00e8s (2003) bande annonce\" width=\"1200\" height=\"900\" src=\"https:\/\/www.youtube.com\/embed\/009v_82LuT8?feature=oembed\" frameborder=\"0\" allow=\"accelerometer; autoplay; clipboard-write; encrypted-media; gyroscope; picture-in-picture\" allowfullscreen><\/iframe>\n<\/div><\/figure>\n\n\n\n<p class=\"has-text-align-right\">Par <strong>Cin\u00e9ted<\/strong><\/p>\n","protected":false},"excerpt":{"rendered":"<p>De&nbsp;: Coline Serreau Avec Andr\u00e9 Dussollier, Michel Boujenah, Roland Giraud, Madeleine Besson Ann\u00e9e&nbsp;: 2003 Pays&nbsp;: France Genre&nbsp;: Com\u00e9die R\u00e9sum\u00e9&nbsp;: Dix-huit ans apr\u00e8s avoir \u00e9t\u00e9 recueillie &hellip; <\/p>\n","protected":false},"author":4,"featured_media":66599,"comment_status":"open","ping_status":"open","sticky":false,"template":"","format":"standard","meta":[],"categories":[7],"tags":[],"yoast_head":"<!-- This site is optimized with the Yoast SEO plugin v19.6.1 - https:\/\/yoast.com\/wordpress\/plugins\/seo\/ -->\n<title>18 Ans Apr\u00e8s - Lavisqteam.fr<\/title>\n<meta name=\"robots\" content=\"index, follow, max-snippet:-1, max-image-preview:large, max-video-preview:-1\" \/>\n<link rel=\"canonical\" href=\"https:\/\/www.lavisqteam.fr\/?p=66595\" \/>\n<meta property=\"og:locale\" content=\"fr_FR\" \/>\n<meta property=\"og:type\" content=\"article\" \/>\n<meta property=\"og:title\" content=\"18 Ans Apr\u00e8s - Lavisqteam.fr\" \/>\n<meta property=\"og:description\" content=\"De&nbsp;: Coline Serreau Avec Andr\u00e9 Dussollier, Michel Boujenah, Roland Giraud, Madeleine Besson Ann\u00e9e&nbsp;: 2003 Pays&nbsp;: France Genre&nbsp;: Com\u00e9die R\u00e9sum\u00e9&nbsp;: Dix-huit ans apr\u00e8s avoir \u00e9t\u00e9 recueillie &hellip;\" \/>\n<meta property=\"og:url\" content=\"https:\/\/www.lavisqteam.fr\/?p=66595\" \/>\n<meta property=\"og:site_name\" content=\"Lavisqteam.fr\" \/>\n<meta property=\"article:published_time\" content=\"2022-11-03T15:20:20+00:00\" \/>\n<meta property=\"article:modified_time\" content=\"2022-11-03T15:20:24+00:00\" \/>\n<meta property=\"og:image\" content=\"https:\/\/www.lavisqteam.fr\/wp-content\/uploads\/2022\/11\/18an.jpg\" \/>\n\t<meta property=\"og:image:width\" content=\"727\" \/>\n\t<meta property=\"og:image:height\" content=\"395\" \/>\n\t<meta property=\"og:image:type\" content=\"image\/jpeg\" \/>\n<meta name=\"author\" content=\"Cineted\" \/>\n<meta name=\"twitter:card\" content=\"summary_large_image\" \/>\n<meta name=\"twitter:image\" content=\"https:\/\/www.lavisqteam.fr\/wp-content\/uploads\/2022\/11\/18an.jpg\" \/>\n<meta name=\"twitter:label1\" content=\"\u00c9crit par\" \/>\n\t<meta name=\"twitter:data1\" content=\"Cineted\" \/>\n\t<meta name=\"twitter:label2\" content=\"Dur\u00e9e de lecture estim\u00e9e\" \/>\n\t<meta name=\"twitter:data2\" content=\"7 minutes\" \/>\n<script type=\"application\/ld+json\" class=\"yoast-schema-graph\">{\"@context\":\"https:\/\/schema.org\",\"@graph\":[{\"@type\":\"Article\",\"@id\":\"https:\/\/www.lavisqteam.fr\/?p=66595#article\",\"isPartOf\":{\"@id\":\"https:\/\/www.lavisqteam.fr\/?p=66595\"},\"author\":{\"name\":\"Cineted\",\"@id\":\"https:\/\/www.lavisqteam.fr\/#\/schema\/person\/4ed7295b68bc3daae9094db5f1f9f913\"},\"headline\":\"18 Ans Apr\u00e8s\",\"datePublished\":\"2022-11-03T15:20:20+00:00\",\"dateModified\":\"2022-11-03T15:20:24+00:00\",\"mainEntityOfPage\":{\"@id\":\"https:\/\/www.lavisqteam.fr\/?p=66595\"},\"wordCount\":1277,\"commentCount\":0,\"publisher\":{\"@id\":\"https:\/\/www.lavisqteam.fr\/#organization\"},\"articleSection\":[\"Cin\u00e9ma\"],\"inLanguage\":\"fr-FR\",\"potentialAction\":[{\"@type\":\"CommentAction\",\"name\":\"Comment\",\"target\":[\"https:\/\/www.lavisqteam.fr\/?p=66595#respond\"]}]},{\"@type\":\"WebPage\",\"@id\":\"https:\/\/www.lavisqteam.fr\/?p=66595\",\"url\":\"https:\/\/www.lavisqteam.fr\/?p=66595\",\"name\":\"18 Ans Apr\u00e8s - Lavisqteam.fr\",\"isPartOf\":{\"@id\":\"https:\/\/www.lavisqteam.fr\/#website\"},\"datePublished\":\"2022-11-03T15:20:20+00:00\",\"dateModified\":\"2022-11-03T15:20:24+00:00\",\"breadcrumb\":{\"@id\":\"https:\/\/www.lavisqteam.fr\/?p=66595#breadcrumb\"},\"inLanguage\":\"fr-FR\",\"potentialAction\":[{\"@type\":\"ReadAction\",\"target\":[\"https:\/\/www.lavisqteam.fr\/?p=66595\"]}]},{\"@type\":\"BreadcrumbList\",\"@id\":\"https:\/\/www.lavisqteam.fr\/?p=66595#breadcrumb\",\"itemListElement\":[{\"@type\":\"ListItem\",\"position\":1,\"name\":\"Accueil\",\"item\":\"https:\/\/www.lavisqteam.fr\/\"},{\"@type\":\"ListItem\",\"position\":2,\"name\":\"18 Ans Apr\u00e8s\"}]},{\"@type\":\"WebSite\",\"@id\":\"https:\/\/www.lavisqteam.fr\/#website\",\"url\":\"https:\/\/www.lavisqteam.fr\/\",\"name\":\"Lavisqteam.fr\",\"description\":\"\",\"publisher\":{\"@id\":\"https:\/\/www.lavisqteam.fr\/#organization\"},\"potentialAction\":[{\"@type\":\"SearchAction\",\"target\":{\"@type\":\"EntryPoint\",\"urlTemplate\":\"https:\/\/www.lavisqteam.fr\/?s={search_term_string}\"},\"query-input\":\"required name=search_term_string\"}],\"inLanguage\":\"fr-FR\"},{\"@type\":\"Organization\",\"@id\":\"https:\/\/www.lavisqteam.fr\/#organization\",\"name\":\"Lavisqteam.fr\",\"url\":\"https:\/\/www.lavisqteam.fr\/\",\"sameAs\":[],\"logo\":{\"@type\":\"ImageObject\",\"inLanguage\":\"fr-FR\",\"@id\":\"https:\/\/www.lavisqteam.fr\/#\/schema\/logo\/image\/\",\"url\":\"https:\/\/www.lavisqteam.fr\/wp-content\/uploads\/2020\/08\/cropped-80879545_3479261675449035_4078032831501041664_o-4.jpg\",\"contentUrl\":\"https:\/\/www.lavisqteam.fr\/wp-content\/uploads\/2020\/08\/cropped-80879545_3479261675449035_4078032831501041664_o-4.jpg\",\"width\":1674,\"height\":536,\"caption\":\"Lavisqteam.fr\"},\"image\":{\"@id\":\"https:\/\/www.lavisqteam.fr\/#\/schema\/logo\/image\/\"}},{\"@type\":\"Person\",\"@id\":\"https:\/\/www.lavisqteam.fr\/#\/schema\/person\/4ed7295b68bc3daae9094db5f1f9f913\",\"name\":\"Cineted\",\"image\":{\"@type\":\"ImageObject\",\"inLanguage\":\"fr-FR\",\"@id\":\"https:\/\/www.lavisqteam.fr\/#\/schema\/person\/image\/\",\"url\":\"https:\/\/secure.gravatar.com\/avatar\/2d66d0012368c91013200ba69885bddd?s=96&d=mm&r=g\",\"contentUrl\":\"https:\/\/secure.gravatar.com\/avatar\/2d66d0012368c91013200ba69885bddd?s=96&d=mm&r=g\",\"caption\":\"Cineted\"},\"url\":\"https:\/\/www.lavisqteam.fr\/?author=4\"}]}<\/script>\n<!-- \/ Yoast SEO plugin. -->","yoast_head_json":{"title":"18 Ans Apr\u00e8s - Lavisqteam.fr","robots":{"index":"index","follow":"follow","max-snippet":"max-snippet:-1","max-image-preview":"max-image-preview:large","max-video-preview":"max-video-preview:-1"},"canonical":"https:\/\/www.lavisqteam.fr\/?p=66595","og_locale":"fr_FR","og_type":"article","og_title":"18 Ans Apr\u00e8s - Lavisqteam.fr","og_description":"De&nbsp;: Coline Serreau Avec Andr\u00e9 Dussollier, Michel Boujenah, Roland Giraud, Madeleine Besson Ann\u00e9e&nbsp;: 2003 Pays&nbsp;: France Genre&nbsp;: Com\u00e9die R\u00e9sum\u00e9&nbsp;: Dix-huit ans apr\u00e8s avoir \u00e9t\u00e9 recueillie &hellip;","og_url":"https:\/\/www.lavisqteam.fr\/?p=66595","og_site_name":"Lavisqteam.fr","article_published_time":"2022-11-03T15:20:20+00:00","article_modified_time":"2022-11-03T15:20:24+00:00","og_image":[{"width":727,"height":395,"url":"https:\/\/www.lavisqteam.fr\/wp-content\/uploads\/2022\/11\/18an.jpg","type":"image\/jpeg"}],"author":"Cineted","twitter_card":"summary_large_image","twitter_image":"https:\/\/www.lavisqteam.fr\/wp-content\/uploads\/2022\/11\/18an.jpg","twitter_misc":{"\u00c9crit par":"Cineted","Dur\u00e9e de lecture estim\u00e9e":"7 minutes"},"schema":{"@context":"https:\/\/schema.org","@graph":[{"@type":"Article","@id":"https:\/\/www.lavisqteam.fr\/?p=66595#article","isPartOf":{"@id":"https:\/\/www.lavisqteam.fr\/?p=66595"},"author":{"name":"Cineted","@id":"https:\/\/www.lavisqteam.fr\/#\/schema\/person\/4ed7295b68bc3daae9094db5f1f9f913"},"headline":"18 Ans Apr\u00e8s","datePublished":"2022-11-03T15:20:20+00:00","dateModified":"2022-11-03T15:20:24+00:00","mainEntityOfPage":{"@id":"https:\/\/www.lavisqteam.fr\/?p=66595"},"wordCount":1277,"commentCount":0,"publisher":{"@id":"https:\/\/www.lavisqteam.fr\/#organization"},"articleSection":["Cin\u00e9ma"],"inLanguage":"fr-FR","potentialAction":[{"@type":"CommentAction","name":"Comment","target":["https:\/\/www.lavisqteam.fr\/?p=66595#respond"]}]},{"@type":"WebPage","@id":"https:\/\/www.lavisqteam.fr\/?p=66595","url":"https:\/\/www.lavisqteam.fr\/?p=66595","name":"18 Ans Apr\u00e8s - Lavisqteam.fr","isPartOf":{"@id":"https:\/\/www.lavisqteam.fr\/#website"},"datePublished":"2022-11-03T15:20:20+00:00","dateModified":"2022-11-03T15:20:24+00:00","breadcrumb":{"@id":"https:\/\/www.lavisqteam.fr\/?p=66595#breadcrumb"},"inLanguage":"fr-FR","potentialAction":[{"@type":"ReadAction","target":["https:\/\/www.lavisqteam.fr\/?p=66595"]}]},{"@type":"BreadcrumbList","@id":"https:\/\/www.lavisqteam.fr\/?p=66595#breadcrumb","itemListElement":[{"@type":"ListItem","position":1,"name":"Accueil","item":"https:\/\/www.lavisqteam.fr\/"},{"@type":"ListItem","position":2,"name":"18 Ans Apr\u00e8s"}]},{"@type":"WebSite","@id":"https:\/\/www.lavisqteam.fr\/#website","url":"https:\/\/www.lavisqteam.fr\/","name":"Lavisqteam.fr","description":"","publisher":{"@id":"https:\/\/www.lavisqteam.fr\/#organization"},"potentialAction":[{"@type":"SearchAction","target":{"@type":"EntryPoint","urlTemplate":"https:\/\/www.lavisqteam.fr\/?s={search_term_string}"},"query-input":"required name=search_term_string"}],"inLanguage":"fr-FR"},{"@type":"Organization","@id":"https:\/\/www.lavisqteam.fr\/#organization","name":"Lavisqteam.fr","url":"https:\/\/www.lavisqteam.fr\/","sameAs":[],"logo":{"@type":"ImageObject","inLanguage":"fr-FR","@id":"https:\/\/www.lavisqteam.fr\/#\/schema\/logo\/image\/","url":"https:\/\/www.lavisqteam.fr\/wp-content\/uploads\/2020\/08\/cropped-80879545_3479261675449035_4078032831501041664_o-4.jpg","contentUrl":"https:\/\/www.lavisqteam.fr\/wp-content\/uploads\/2020\/08\/cropped-80879545_3479261675449035_4078032831501041664_o-4.jpg","width":1674,"height":536,"caption":"Lavisqteam.fr"},"image":{"@id":"https:\/\/www.lavisqteam.fr\/#\/schema\/logo\/image\/"}},{"@type":"Person","@id":"https:\/\/www.lavisqteam.fr\/#\/schema\/person\/4ed7295b68bc3daae9094db5f1f9f913","name":"Cineted","image":{"@type":"ImageObject","inLanguage":"fr-FR","@id":"https:\/\/www.lavisqteam.fr\/#\/schema\/person\/image\/","url":"https:\/\/secure.gravatar.com\/avatar\/2d66d0012368c91013200ba69885bddd?s=96&d=mm&r=g","contentUrl":"https:\/\/secure.gravatar.com\/avatar\/2d66d0012368c91013200ba69885bddd?s=96&d=mm&r=g","caption":"Cineted"},"url":"https:\/\/www.lavisqteam.fr\/?author=4"}]}},"jetpack_featured_media_url":"https:\/\/www.lavisqteam.fr\/wp-content\/uploads\/2022\/11\/18an.jpg","_links":{"self":[{"href":"https:\/\/www.lavisqteam.fr\/index.php?rest_route=\/wp\/v2\/posts\/66595"}],"collection":[{"href":"https:\/\/www.lavisqteam.fr\/index.php?rest_route=\/wp\/v2\/posts"}],"about":[{"href":"https:\/\/www.lavisqteam.fr\/index.php?rest_route=\/wp\/v2\/types\/post"}],"author":[{"embeddable":true,"href":"https:\/\/www.lavisqteam.fr\/index.php?rest_route=\/wp\/v2\/users\/4"}],"replies":[{"embeddable":true,"href":"https:\/\/www.lavisqteam.fr\/index.php?rest_route=%2Fwp%2Fv2%2Fcomments&post=66595"}],"version-history":[{"count":1,"href":"https:\/\/www.lavisqteam.fr\/index.php?rest_route=\/wp\/v2\/posts\/66595\/revisions"}],"predecessor-version":[{"id":66600,"href":"https:\/\/www.lavisqteam.fr\/index.php?rest_route=\/wp\/v2\/posts\/66595\/revisions\/66600"}],"wp:featuredmedia":[{"embeddable":true,"href":"https:\/\/www.lavisqteam.fr\/index.php?rest_route=\/wp\/v2\/media\/66599"}],"wp:attachment":[{"href":"https:\/\/www.lavisqteam.fr\/index.php?rest_route=%2Fwp%2Fv2%2Fmedia&parent=66595"}],"wp:term":[{"taxonomy":"category","embeddable":true,"href":"https:\/\/www.lavisqteam.fr\/index.php?rest_route=%2Fwp%2Fv2%2Fcategories&post=66595"},{"taxonomy":"post_tag","embeddable":true,"href":"https:\/\/www.lavisqteam.fr\/index.php?rest_route=%2Fwp%2Fv2%2Ftags&post=66595"}],"curies":[{"name":"wp","href":"https:\/\/api.w.org\/{rel}","templated":true}]}}