{"id":66314,"date":"2022-10-17T17:12:26","date_gmt":"2022-10-17T17:12:26","guid":{"rendered":"https:\/\/www.lavisqteam.fr\/?p=66314"},"modified":"2022-12-05T19:54:31","modified_gmt":"2022-12-05T19:54:31","slug":"le-seigneur-des-anneaux-les-anneaux-de-pouvoir-saison-1-cest-bon-mais-cest-long","status":"publish","type":"post","link":"https:\/\/www.lavisqteam.fr\/?p=66314","title":{"rendered":"Le Seigneur des Anneaux &#8211; Les Anneaux de Pouvoir Saison 1 &#8211; C&rsquo;est Bon Mais c&rsquo;est Long"},"content":{"rendered":"<div class=\"wp-block-image\">\n<figure class=\"aligncenter size-full is-resized\"><a href=\"https:\/\/www.lavisqteam.fr\/wp-content\/uploads\/2022\/10\/310139521_1255408835312557_7720971368868711225_n.jpg\"><img src=\"https:\/\/www.lavisqteam.fr\/wp-content\/uploads\/2022\/10\/310139521_1255408835312557_7720971368868711225_n.jpg\" alt=\"\" class=\"wp-image-66315\" width=\"600\" srcset=\"https:\/\/www.lavisqteam.fr\/wp-content\/uploads\/2022\/10\/310139521_1255408835312557_7720971368868711225_n.jpg 661w, https:\/\/www.lavisqteam.fr\/wp-content\/uploads\/2022\/10\/310139521_1255408835312557_7720971368868711225_n-222x300.jpg 222w\" sizes=\"(max-width: 661px) 100vw, 661px\" \/><\/a><\/figure><\/div>\n\n\n<p><strong>D\u2019Apr\u00e8s une Id\u00e9e de&nbsp;: <\/strong>John D. Payne et Patrick McKay<\/p>\n\n\n\n<p><strong>Avec <\/strong>Morfydd Clark, Markella Kavenagh, Robert Aramayo, Maxim Baldry<\/p>\n\n\n\n<p><strong>Pays&nbsp;: <\/strong>Etats-Unis<\/p>\n\n\n\n<p><strong>Nombre d\u2019Episodes&nbsp;: <\/strong>8<\/p>\n\n\n\n<p><strong>Genre&nbsp;: <\/strong>Fantasy<\/p>\n\n\n\n<p><strong>R\u00e9sum\u00e9&nbsp;:<\/strong><\/p>\n\n\n\n<p>Commen\u00e7ant \u00e0 une \u00e9poque de paix relative, la s\u00e9rie suit un ensemble de personnages, \u00e0 la fois familiers et nouveaux, alors qu\u2019ils affrontent la r\u00e9\u00e9mergence tant redout\u00e9e du mal sur la Terre du Milieu. Des profondeurs les plus sombres des Monts Brumeux, aux for\u00eats majestueuses de la capitale Elfique de Lindon,&nbsp;\u00e0 l\u2019\u00eele royaume \u00e0 couper le souffle de N\u00famenor, et jusqu\u2019aux confins les plus \u00e9loign\u00e9s du monde, ces royaumes et personnages b\u00e2tiront des l\u00e9gendes qui continueront d\u2019exister bien longtemps apr\u00e8s leur mort.<\/p>\n\n\n\n<p><strong>Avis&nbsp;:<\/strong><strong><\/strong><\/p>\n\n\n\n<p>Il y a vingt ans de cela, je me prenais une immense claque au cin\u00e9ma en allant voir \u00ab\u00a0<strong>Le seigneur des anneaux, la communaut\u00e9 de l&rsquo;anneau<\/strong>\u00ab\u00a0. Jusqu&rsquo;alors, je n&rsquo;avais jamais entendu parler de <em>Tolkien<\/em>, et j&rsquo;y suis all\u00e9 vierge de tout en ce qui concerne l&rsquo;univers. Et pour \u00eatre totalement franc, j&rsquo;y suis all\u00e9 aussi et surtout parce que le type qui jouait Frodon \u00e9tait mon personnage pr\u00e9f\u00e9r\u00e9 de \u00ab\u00a0<strong>The Faculty<\/strong>\u00ab\u00a0&#8230; C&rsquo;est dire. Idem \u00e0 l&rsquo;\u00e9poque, je n&rsquo;avais jamais entendu parler de <em>Peter Jackson<\/em>.<\/p>\n\n\n\n<p>\u00ab\u00a0<strong>La communaut\u00e9 de l&rsquo;anneau<\/strong>\u00a0\u00bb fut une claque monumentale et le film reste encore aujourd&rsquo;hui comme l&rsquo;un de mes pr\u00e9f\u00e9r\u00e9s. Depuis ce film, je dois dire que je suis amoureux de la terre du milieu, de son univers, de ses personnages, de ses aventures, de ses monstres, et des ethnies. En secret, je r\u00eave d&rsquo;\u00eatre un hobbit&#8230; Bref, du coup, d\u00e8s que je peux m&rsquo;aventurer de nouveau dans ces contr\u00e9es, je n&rsquo;h\u00e9site pas une seconde. Au cours des ann\u00e9es 2000, <em>Peter Jackson<\/em> m&rsquo;aura fait de nouveau vibrer avec \u00ab\u00a0<strong>Le Hobbit<\/strong>\u00a0\u00bb et les aventures de Bilbon.<\/p>\n\n\n<div class=\"wp-block-image\">\n<figure class=\"aligncenter size-large is-resized\"><a href=\"https:\/\/www.lavisqteam.fr\/wp-content\/uploads\/2022\/10\/311865259_957054499013923_4372964305499414336_n.jpg\"><img src=\"https:\/\/www.lavisqteam.fr\/wp-content\/uploads\/2022\/10\/311865259_957054499013923_4372964305499414336_n-1024x614.jpg\" alt=\"\" class=\"wp-image-66317\" width=\"600\" srcset=\"https:\/\/www.lavisqteam.fr\/wp-content\/uploads\/2022\/10\/311865259_957054499013923_4372964305499414336_n-1024x614.jpg 1024w, https:\/\/www.lavisqteam.fr\/wp-content\/uploads\/2022\/10\/311865259_957054499013923_4372964305499414336_n-300x180.jpg 300w, https:\/\/www.lavisqteam.fr\/wp-content\/uploads\/2022\/10\/311865259_957054499013923_4372964305499414336_n-768x461.jpg 768w, https:\/\/www.lavisqteam.fr\/wp-content\/uploads\/2022\/10\/311865259_957054499013923_4372964305499414336_n-1536x922.jpg 1536w, https:\/\/www.lavisqteam.fr\/wp-content\/uploads\/2022\/10\/311865259_957054499013923_4372964305499414336_n.jpg 1600w\" sizes=\"(max-width: 1024px) 100vw, 1024px\" \/><\/a><\/figure><\/div>\n\n\n<p>Depuis, je pensais \u00ab\u00a0<strong>Le Seigneur des anneaux<\/strong>\u00a0\u00bb derri\u00e8re moi, et j&rsquo;\u00e9tais comme qui dirait triste de ne plus retourner en terre du milieu pour vivre de nouvelles aventures. Puis, l&rsquo;id\u00e9e d&rsquo;une s\u00e9rie s&rsquo;est mise \u00e0 faire son \u0153uvre et plus le projet avan\u00e7ait, et plus cette derni\u00e8re s&rsquo;est pos\u00e9e comme la s\u00e9rie que j&rsquo;attendais le plus. Produite par Amazon, \u00ab\u00a0&#8230; <strong>les anneaux de pouvoir<\/strong>\u00ab\u00a0, sur le papier, voulait s&rsquo;imposer comme une immense s\u00e9rie, qui se donnait les moyens pour faire rena\u00eetre sur le petit \u00e9cran la folie cr\u00e9ative et la richesse de l&rsquo;univers de <em>Tolkien<\/em>, et je dois dire que je ne suis vraiment pas d\u00e9\u00e7u par ces huit premiers \u00e9pisodes. Bien s\u00fbr, \u00ab\u00a0&#8230; l<strong>es anneaux de pouvoir<\/strong>\u00a0\u00bb n&rsquo;est pas encore \u00e0 la hauteur des attentes, mais apr\u00e8s avoir plac\u00e9 ses pions, et pos\u00e9 son contexte, il ne fait nul doute que les attentes vont \u00eatre combl\u00e9es par la suite.<\/p>\n\n\n\n<p>Il fut un temps o\u00f9 la paix r\u00e9gnait et Galadriel vivait avec l\u00e9g\u00e8ret\u00e9. Puis tout s&rsquo;est obscurci et la terre du milieu est entr\u00e9e en guerre contre Morgoth. Aujourd&rsquo;hui, Morgoth a \u00e9t\u00e9 vaincu et pourtant Galadriel ne s&rsquo;arr\u00eate pas, traquant le mal o\u00f9 qu&rsquo;il se cache, essayant de remonter \u00e0 sa racine co\u00fbte que co\u00fbte. Des Monts Brumeux aux for\u00eats majestueuses de la capitale elfique, de la profondeur des mines nains \u00e0 l&rsquo;\u00eele \u00f4 combien sublime Num\u00e9nor, des plaine pour les pieds velus aux Terres du Sud, quelque chose, en secret, dans l&rsquo;ombre, se met en branle. Le mal ne dort jamais&#8230; Il patiente.<\/p>\n\n\n\n<p>Sur un format de huit \u00e9pisodes d&rsquo;un peu plus d&rsquo;une heure chacun, <em>John D. Payne<\/em> et <em>Patrick McKay <\/em>nous entra\u00eenent dans une aventure qui va se d\u00e9rouler des milliers d&rsquo;ann\u00e9es avant les \u00e9v\u00e9nements qui vont \u00eatre racont\u00e9s dans les films de <em>Peter Jackson<\/em>. \u00ab\u00a0&#8230; <strong>les anneaux du pouvoir<\/strong>\u00ab\u00a0, va alors se concentrer sur la traque d&rsquo;un ennemi qui petit \u00e0 petit va installer le chaos et amener \u00e0 la guerre contre Sauron et la cr\u00e9ation de l&rsquo;anneau unique (enfin, \u00e7a, ce sera s\u00fbrement dans les prochaines saisons). Pr\u00e9sentant ses personnages, les lieux, le contexte et les histoires, \u00ab\u00a0&#8230; <strong>les anneaux de pouvoir<\/strong>\u00a0\u00bb va prendre son temps pour bien raconter les premiers \u00e2ges et rassembler ces personnages vers une qu\u00eate commune.<\/p>\n\n\n\n<p>Si beaucoup lui reprocheront sa lenteur, pour ma part, j&rsquo;ai \u00e9norm\u00e9ment appr\u00e9ci\u00e9 que les deux showrunners prennent leur temps pour nous immerger totalement dans cet univers qu&rsquo;ils reconstruisent en partant du d\u00e9but de l&rsquo;histoire. Les diff\u00e9rents personnages et lieux sont tr\u00e8s int\u00e9ressants, les diff\u00e9rents conflits aussi et au fil des \u00e9pisodes, l&rsquo;univers s&rsquo;\u00e9tend, pr\u00e9sentant des interrogations et des myst\u00e8res qui peu \u00e0 peu trouveront leurs r\u00e9ponses. De plus, la s\u00e9rie s&rsquo;appuie sur tout un panel de personnages tr\u00e8s divers, et l&rsquo;on se pla\u00eet \u00e0 suivre ces aventures, d&rsquo;autant qu&rsquo;au travers de ces huit \u00e9pisodes, la s\u00e9rie n&rsquo;abandonne personne en cours de route (enfin, jusqu&rsquo;aux deux derniers \u00e9pisodes, o\u00f9 serrant ses pions, la s\u00e9rie se concentrera sur quelques personnages \u00ab\u00a0plus importants\u00a0\u00bb).<\/p>\n\n\n\n<p>\u00ab\u00a0&#8230; <strong>les anneaux de pouvoir<\/strong>\u00a0\u00bb est une s\u00e9rie qui est tr\u00e8s riche en personnages. Il y en a tr\u00e8s facilement une vingtaine, et comme je le disais, la s\u00e9rie les d\u00e9veloppe tous tr\u00e8s bien. \u00c9videmment, beaucoup sont assez myst\u00e9rieux et beaucoup de questions viennent, comme par exemple l&rsquo;id\u00e9e que Sauron se cache parmi l&rsquo;un d&rsquo;entre eux. Ainsi, en plus d&rsquo;\u00eatre emmen\u00e9 aupr\u00e8s d&rsquo;eux, de suivre leurs aventures et de d\u00e9couvrir cet univers qui s&rsquo;\u00e9tend, on prend aussi un malin plaisir \u00e0 soup\u00e7onner quelques-uns.<\/p>\n\n\n\n<p>Puis derri\u00e8re \u00e7a, les producteurs et les showrunners ont choisi de r\u00e9unir un casting d&rsquo;acteurs qui ne sont pas forc\u00e9ment tr\u00e8s connus, ce qui fait qu&rsquo;on s&rsquo;accroche et l&rsquo;on croit d&#8217;embl\u00e9e aux personnages. Et c&rsquo;est tr\u00e8s plaisant de d\u00e9couvrir de nouvelles t\u00eates, d&rsquo;autant que tous ces acteurs sont talentueux. Parmi les com\u00e9diens et com\u00e9diennes qu&rsquo;on retiendra plus que d&rsquo;autres, <em>Morfydd Clark<\/em>, qui incarne Galadriel, cr\u00e8ve l&rsquo;\u00e9cran, la s\u00e9rie se reposant beaucoup sur son personnage, son d\u00e9sir de vengeance, sa qu\u00eate, sa promesse, sa bataille pour an\u00e9antir Morgoth et Sauron. Apr\u00e8s, comme dans toute s\u00e9rie, on a nos petits pr\u00e9f\u00e9r\u00e9s et pour ma part, j&rsquo;avoue un gros coup de c\u0153ur pour <em>Markella Kavenagh<\/em> (Nori), <em>Owain Arthur<\/em> (Thorin) et sa femme tenue par <em>Sophia Nomvete<\/em>.<\/p>\n\n\n\n<p>Avec ses deux-cent-cinquante millions de dollars de budget, \u00ab\u00a0&#8230; <strong>les anneaux de pouvoir<\/strong>\u00a0\u00bb promettait un spectacle superbe, et on peut dire que les promesses sont plus que tenues, tant la s\u00e9rie est magnifique \u00e0 regarder. C&rsquo;est bien simple, ils ont tellement d&rsquo;argent que \u00e7a d\u00e9borde de d\u00e9tails \u00e0 tout instant, nous offrant des d\u00e9cors aussi immenses et beaux que l&rsquo;univers le demande. Chaque d\u00e9cor est impressionnant, chaque travelling est impressionnant, chaque paysage est sublim\u00e9 et que dire des costumes qui foisonnent de richesse. Bref, le spectacle est bien au rendez-vous, et m\u00eame si le rythme est lent, ou du moins, il prend son temps, les mises en sc\u00e8ne des diff\u00e9rents r\u00e9alisateurs qui se succ\u00e8dent font front commun et que ce soit dans les sc\u00e8nes de pr\u00e9sentation, dans les sc\u00e8nes d&rsquo;action, ou les moments d&rsquo;\u00e9motion, \u00e7a fonctionne, c&rsquo;est bien fait et j&rsquo;y reviens, mais c&rsquo;est beau. Beau de partout.<\/p>\n\n\n<div class=\"wp-block-image\">\n<figure class=\"aligncenter size-large is-resized\"><a href=\"https:\/\/www.lavisqteam.fr\/wp-content\/uploads\/2022\/10\/311881266_631506701849583_8542734128914335949_n.jpg\"><img src=\"https:\/\/www.lavisqteam.fr\/wp-content\/uploads\/2022\/10\/311881266_631506701849583_8542734128914335949_n-1024x682.jpg\" alt=\"\" class=\"wp-image-66316\" width=\"600\" srcset=\"https:\/\/www.lavisqteam.fr\/wp-content\/uploads\/2022\/10\/311881266_631506701849583_8542734128914335949_n-1024x682.jpg 1024w, https:\/\/www.lavisqteam.fr\/wp-content\/uploads\/2022\/10\/311881266_631506701849583_8542734128914335949_n-300x200.jpg 300w, https:\/\/www.lavisqteam.fr\/wp-content\/uploads\/2022\/10\/311881266_631506701849583_8542734128914335949_n-768x512.jpg 768w, https:\/\/www.lavisqteam.fr\/wp-content\/uploads\/2022\/10\/311881266_631506701849583_8542734128914335949_n-700x465.jpg 700w, https:\/\/www.lavisqteam.fr\/wp-content\/uploads\/2022\/10\/311881266_631506701849583_8542734128914335949_n.jpg 1400w\" sizes=\"(max-width: 1024px) 100vw, 1024px\" \/><\/a><\/figure><\/div>\n\n\n<p>Cette premi\u00e8re saison des \u00ab\u00a0&#8230; <strong>anneaux de pouvoir<\/strong>\u00a0\u00bb m&rsquo;a donc offert tout ce que j&rsquo;attendais, m\u00eame si les attentes entre guillemets \u00e9taient plus fortes, mais face \u00e0 cela, il faut aussi lui laisser le temps de s&rsquo;installer, et de poser ses bases, car cette premi\u00e8re, comme la deuxi\u00e8me saison, a beaucoup \u00e0 raconter en assez peu de temps.<\/p>\n\n\n\n<p>Apr\u00e8s, car il faut bien aussi s&rsquo;arr\u00eater dessus, je dois dire que ne suis pas un fid\u00e8le de l&rsquo;\u0153uvre de <em>Tolkien<\/em>, n&rsquo;ayant lu que \u00ab\u00a0<strong>Le Seigneur des anneaux<\/strong>\u00ab\u00a0, du coup, je ne saurais dire si oui ou non, la s\u00e9rie est fid\u00e8le. En tout cas, pour ma part, elle s&rsquo;est pos\u00e9e comme un tr\u00e8s bon et tr\u00e8s int\u00e9ressant divertissement, dont j&rsquo;ai attendu l&rsquo;\u00e9pisode hebdomadaire avec impatience. Vite, vite, la saison deux.<\/p>\n\n\n\n<p><strong>Note&nbsp;: 14,5\/20<\/strong><\/p>\n\n\n\n<figure class=\"wp-block-embed is-type-video is-provider-youtube wp-block-embed-youtube wp-embed-aspect-16-9 wp-has-aspect-ratio\"><div class=\"wp-block-embed__wrapper\">\n<iframe loading=\"lazy\" title=\"LE SEIGNEUR DES ANNEAUX Les Anneaux de Pouvoir Bande Annonce VF (Comic-Con 2022)\" width=\"1200\" height=\"675\" src=\"https:\/\/www.youtube.com\/embed\/WE7-Fyede1c?feature=oembed\" frameborder=\"0\" allow=\"accelerometer; autoplay; clipboard-write; encrypted-media; gyroscope; picture-in-picture\" allowfullscreen><\/iframe>\n<\/div><\/figure>\n\n\n\n<p class=\"has-text-align-right\">Par <strong>Cin\u00e9ted<\/strong><\/p>\n","protected":false},"excerpt":{"rendered":"<p>D\u2019Apr\u00e8s une Id\u00e9e de&nbsp;: John D. Payne et Patrick McKay Avec Morfydd Clark, Markella Kavenagh, Robert Aramayo, Maxim Baldry Pays&nbsp;: Etats-Unis Nombre d\u2019Episodes&nbsp;: 8 Genre&nbsp;: &hellip; <\/p>\n","protected":false},"author":4,"featured_media":66318,"comment_status":"open","ping_status":"open","sticky":false,"template":"","format":"standard","meta":[],"categories":[13],"tags":[],"yoast_head":"<!-- This site is optimized with the Yoast SEO plugin v19.6.1 - https:\/\/yoast.com\/wordpress\/plugins\/seo\/ -->\n<title>Le Seigneur des Anneaux - Les Anneaux de Pouvoir Saison 1 - C&#039;est Bon Mais c&#039;est Long - Lavisqteam.fr<\/title>\n<meta name=\"robots\" content=\"index, follow, max-snippet:-1, max-image-preview:large, max-video-preview:-1\" \/>\n<link rel=\"canonical\" href=\"https:\/\/www.lavisqteam.fr\/?p=66314\" \/>\n<meta property=\"og:locale\" content=\"fr_FR\" \/>\n<meta property=\"og:type\" content=\"article\" \/>\n<meta property=\"og:title\" content=\"Le Seigneur des Anneaux - Les Anneaux de Pouvoir Saison 1 - C&#039;est Bon Mais c&#039;est Long - Lavisqteam.fr\" \/>\n<meta property=\"og:description\" content=\"D\u2019Apr\u00e8s une Id\u00e9e de&nbsp;: John D. Payne et Patrick McKay Avec Morfydd Clark, Markella Kavenagh, Robert Aramayo, Maxim Baldry Pays&nbsp;: Etats-Unis Nombre d\u2019Episodes&nbsp;: 8 Genre&nbsp;: &hellip;\" \/>\n<meta property=\"og:url\" content=\"https:\/\/www.lavisqteam.fr\/?p=66314\" \/>\n<meta property=\"og:site_name\" content=\"Lavisqteam.fr\" \/>\n<meta property=\"article:published_time\" content=\"2022-10-17T17:12:26+00:00\" \/>\n<meta property=\"article:modified_time\" content=\"2022-12-05T19:54:31+00:00\" \/>\n<meta property=\"og:image\" content=\"https:\/\/www.lavisqteam.fr\/wp-content\/uploads\/2022\/10\/lesa.jpg\" \/>\n\t<meta property=\"og:image:width\" content=\"727\" \/>\n\t<meta property=\"og:image:height\" content=\"395\" \/>\n\t<meta property=\"og:image:type\" content=\"image\/jpeg\" \/>\n<meta name=\"author\" content=\"Cineted\" \/>\n<meta name=\"twitter:card\" content=\"summary_large_image\" \/>\n<meta name=\"twitter:image\" content=\"https:\/\/www.lavisqteam.fr\/wp-content\/uploads\/2022\/10\/lesa.jpg\" \/>\n<meta name=\"twitter:label1\" content=\"\u00c9crit par\" \/>\n\t<meta name=\"twitter:data1\" content=\"Cineted\" \/>\n\t<meta name=\"twitter:label2\" content=\"Dur\u00e9e de lecture estim\u00e9e\" \/>\n\t<meta name=\"twitter:data2\" content=\"8 minutes\" \/>\n<script type=\"application\/ld+json\" class=\"yoast-schema-graph\">{\"@context\":\"https:\/\/schema.org\",\"@graph\":[{\"@type\":\"Article\",\"@id\":\"https:\/\/www.lavisqteam.fr\/?p=66314#article\",\"isPartOf\":{\"@id\":\"https:\/\/www.lavisqteam.fr\/?p=66314\"},\"author\":{\"name\":\"Cineted\",\"@id\":\"https:\/\/www.lavisqteam.fr\/#\/schema\/person\/4ed7295b68bc3daae9094db5f1f9f913\"},\"headline\":\"Le Seigneur des Anneaux &#8211; Les Anneaux de Pouvoir Saison 1 &#8211; C&rsquo;est Bon Mais c&rsquo;est Long\",\"datePublished\":\"2022-10-17T17:12:26+00:00\",\"dateModified\":\"2022-12-05T19:54:31+00:00\",\"mainEntityOfPage\":{\"@id\":\"https:\/\/www.lavisqteam.fr\/?p=66314\"},\"wordCount\":1421,\"commentCount\":0,\"publisher\":{\"@id\":\"https:\/\/www.lavisqteam.fr\/#organization\"},\"articleSection\":[\"S\u00e9rie\"],\"inLanguage\":\"fr-FR\",\"potentialAction\":[{\"@type\":\"CommentAction\",\"name\":\"Comment\",\"target\":[\"https:\/\/www.lavisqteam.fr\/?p=66314#respond\"]}]},{\"@type\":\"WebPage\",\"@id\":\"https:\/\/www.lavisqteam.fr\/?p=66314\",\"url\":\"https:\/\/www.lavisqteam.fr\/?p=66314\",\"name\":\"Le Seigneur des Anneaux - Les Anneaux de Pouvoir Saison 1 - C'est Bon Mais c'est Long - Lavisqteam.fr\",\"isPartOf\":{\"@id\":\"https:\/\/www.lavisqteam.fr\/#website\"},\"datePublished\":\"2022-10-17T17:12:26+00:00\",\"dateModified\":\"2022-12-05T19:54:31+00:00\",\"breadcrumb\":{\"@id\":\"https:\/\/www.lavisqteam.fr\/?p=66314#breadcrumb\"},\"inLanguage\":\"fr-FR\",\"potentialAction\":[{\"@type\":\"ReadAction\",\"target\":[\"https:\/\/www.lavisqteam.fr\/?p=66314\"]}]},{\"@type\":\"BreadcrumbList\",\"@id\":\"https:\/\/www.lavisqteam.fr\/?p=66314#breadcrumb\",\"itemListElement\":[{\"@type\":\"ListItem\",\"position\":1,\"name\":\"Accueil\",\"item\":\"https:\/\/www.lavisqteam.fr\/\"},{\"@type\":\"ListItem\",\"position\":2,\"name\":\"Le Seigneur des Anneaux &#8211; Les Anneaux de Pouvoir Saison 1 &#8211; C&rsquo;est Bon Mais c&rsquo;est Long\"}]},{\"@type\":\"WebSite\",\"@id\":\"https:\/\/www.lavisqteam.fr\/#website\",\"url\":\"https:\/\/www.lavisqteam.fr\/\",\"name\":\"Lavisqteam.fr\",\"description\":\"\",\"publisher\":{\"@id\":\"https:\/\/www.lavisqteam.fr\/#organization\"},\"potentialAction\":[{\"@type\":\"SearchAction\",\"target\":{\"@type\":\"EntryPoint\",\"urlTemplate\":\"https:\/\/www.lavisqteam.fr\/?s={search_term_string}\"},\"query-input\":\"required name=search_term_string\"}],\"inLanguage\":\"fr-FR\"},{\"@type\":\"Organization\",\"@id\":\"https:\/\/www.lavisqteam.fr\/#organization\",\"name\":\"Lavisqteam.fr\",\"url\":\"https:\/\/www.lavisqteam.fr\/\",\"sameAs\":[],\"logo\":{\"@type\":\"ImageObject\",\"inLanguage\":\"fr-FR\",\"@id\":\"https:\/\/www.lavisqteam.fr\/#\/schema\/logo\/image\/\",\"url\":\"https:\/\/www.lavisqteam.fr\/wp-content\/uploads\/2020\/08\/cropped-80879545_3479261675449035_4078032831501041664_o-4.jpg\",\"contentUrl\":\"https:\/\/www.lavisqteam.fr\/wp-content\/uploads\/2020\/08\/cropped-80879545_3479261675449035_4078032831501041664_o-4.jpg\",\"width\":1674,\"height\":536,\"caption\":\"Lavisqteam.fr\"},\"image\":{\"@id\":\"https:\/\/www.lavisqteam.fr\/#\/schema\/logo\/image\/\"}},{\"@type\":\"Person\",\"@id\":\"https:\/\/www.lavisqteam.fr\/#\/schema\/person\/4ed7295b68bc3daae9094db5f1f9f913\",\"name\":\"Cineted\",\"image\":{\"@type\":\"ImageObject\",\"inLanguage\":\"fr-FR\",\"@id\":\"https:\/\/www.lavisqteam.fr\/#\/schema\/person\/image\/\",\"url\":\"https:\/\/secure.gravatar.com\/avatar\/2d66d0012368c91013200ba69885bddd?s=96&d=mm&r=g\",\"contentUrl\":\"https:\/\/secure.gravatar.com\/avatar\/2d66d0012368c91013200ba69885bddd?s=96&d=mm&r=g\",\"caption\":\"Cineted\"},\"url\":\"https:\/\/www.lavisqteam.fr\/?author=4\"}]}<\/script>\n<!-- \/ Yoast SEO plugin. -->","yoast_head_json":{"title":"Le Seigneur des Anneaux - Les Anneaux de Pouvoir Saison 1 - C'est Bon Mais c'est Long - Lavisqteam.fr","robots":{"index":"index","follow":"follow","max-snippet":"max-snippet:-1","max-image-preview":"max-image-preview:large","max-video-preview":"max-video-preview:-1"},"canonical":"https:\/\/www.lavisqteam.fr\/?p=66314","og_locale":"fr_FR","og_type":"article","og_title":"Le Seigneur des Anneaux - Les Anneaux de Pouvoir Saison 1 - C'est Bon Mais c'est Long - Lavisqteam.fr","og_description":"D\u2019Apr\u00e8s une Id\u00e9e de&nbsp;: John D. Payne et Patrick McKay Avec Morfydd Clark, Markella Kavenagh, Robert Aramayo, Maxim Baldry Pays&nbsp;: Etats-Unis Nombre d\u2019Episodes&nbsp;: 8 Genre&nbsp;: &hellip;","og_url":"https:\/\/www.lavisqteam.fr\/?p=66314","og_site_name":"Lavisqteam.fr","article_published_time":"2022-10-17T17:12:26+00:00","article_modified_time":"2022-12-05T19:54:31+00:00","og_image":[{"width":727,"height":395,"url":"https:\/\/www.lavisqteam.fr\/wp-content\/uploads\/2022\/10\/lesa.jpg","type":"image\/jpeg"}],"author":"Cineted","twitter_card":"summary_large_image","twitter_image":"https:\/\/www.lavisqteam.fr\/wp-content\/uploads\/2022\/10\/lesa.jpg","twitter_misc":{"\u00c9crit par":"Cineted","Dur\u00e9e de lecture estim\u00e9e":"8 minutes"},"schema":{"@context":"https:\/\/schema.org","@graph":[{"@type":"Article","@id":"https:\/\/www.lavisqteam.fr\/?p=66314#article","isPartOf":{"@id":"https:\/\/www.lavisqteam.fr\/?p=66314"},"author":{"name":"Cineted","@id":"https:\/\/www.lavisqteam.fr\/#\/schema\/person\/4ed7295b68bc3daae9094db5f1f9f913"},"headline":"Le Seigneur des Anneaux &#8211; Les Anneaux de Pouvoir Saison 1 &#8211; C&rsquo;est Bon Mais c&rsquo;est Long","datePublished":"2022-10-17T17:12:26+00:00","dateModified":"2022-12-05T19:54:31+00:00","mainEntityOfPage":{"@id":"https:\/\/www.lavisqteam.fr\/?p=66314"},"wordCount":1421,"commentCount":0,"publisher":{"@id":"https:\/\/www.lavisqteam.fr\/#organization"},"articleSection":["S\u00e9rie"],"inLanguage":"fr-FR","potentialAction":[{"@type":"CommentAction","name":"Comment","target":["https:\/\/www.lavisqteam.fr\/?p=66314#respond"]}]},{"@type":"WebPage","@id":"https:\/\/www.lavisqteam.fr\/?p=66314","url":"https:\/\/www.lavisqteam.fr\/?p=66314","name":"Le Seigneur des Anneaux - Les Anneaux de Pouvoir Saison 1 - C'est Bon Mais c'est Long - Lavisqteam.fr","isPartOf":{"@id":"https:\/\/www.lavisqteam.fr\/#website"},"datePublished":"2022-10-17T17:12:26+00:00","dateModified":"2022-12-05T19:54:31+00:00","breadcrumb":{"@id":"https:\/\/www.lavisqteam.fr\/?p=66314#breadcrumb"},"inLanguage":"fr-FR","potentialAction":[{"@type":"ReadAction","target":["https:\/\/www.lavisqteam.fr\/?p=66314"]}]},{"@type":"BreadcrumbList","@id":"https:\/\/www.lavisqteam.fr\/?p=66314#breadcrumb","itemListElement":[{"@type":"ListItem","position":1,"name":"Accueil","item":"https:\/\/www.lavisqteam.fr\/"},{"@type":"ListItem","position":2,"name":"Le Seigneur des Anneaux &#8211; Les Anneaux de Pouvoir Saison 1 &#8211; C&rsquo;est Bon Mais c&rsquo;est Long"}]},{"@type":"WebSite","@id":"https:\/\/www.lavisqteam.fr\/#website","url":"https:\/\/www.lavisqteam.fr\/","name":"Lavisqteam.fr","description":"","publisher":{"@id":"https:\/\/www.lavisqteam.fr\/#organization"},"potentialAction":[{"@type":"SearchAction","target":{"@type":"EntryPoint","urlTemplate":"https:\/\/www.lavisqteam.fr\/?s={search_term_string}"},"query-input":"required name=search_term_string"}],"inLanguage":"fr-FR"},{"@type":"Organization","@id":"https:\/\/www.lavisqteam.fr\/#organization","name":"Lavisqteam.fr","url":"https:\/\/www.lavisqteam.fr\/","sameAs":[],"logo":{"@type":"ImageObject","inLanguage":"fr-FR","@id":"https:\/\/www.lavisqteam.fr\/#\/schema\/logo\/image\/","url":"https:\/\/www.lavisqteam.fr\/wp-content\/uploads\/2020\/08\/cropped-80879545_3479261675449035_4078032831501041664_o-4.jpg","contentUrl":"https:\/\/www.lavisqteam.fr\/wp-content\/uploads\/2020\/08\/cropped-80879545_3479261675449035_4078032831501041664_o-4.jpg","width":1674,"height":536,"caption":"Lavisqteam.fr"},"image":{"@id":"https:\/\/www.lavisqteam.fr\/#\/schema\/logo\/image\/"}},{"@type":"Person","@id":"https:\/\/www.lavisqteam.fr\/#\/schema\/person\/4ed7295b68bc3daae9094db5f1f9f913","name":"Cineted","image":{"@type":"ImageObject","inLanguage":"fr-FR","@id":"https:\/\/www.lavisqteam.fr\/#\/schema\/person\/image\/","url":"https:\/\/secure.gravatar.com\/avatar\/2d66d0012368c91013200ba69885bddd?s=96&d=mm&r=g","contentUrl":"https:\/\/secure.gravatar.com\/avatar\/2d66d0012368c91013200ba69885bddd?s=96&d=mm&r=g","caption":"Cineted"},"url":"https:\/\/www.lavisqteam.fr\/?author=4"}]}},"jetpack_featured_media_url":"https:\/\/www.lavisqteam.fr\/wp-content\/uploads\/2022\/10\/lesa.jpg","_links":{"self":[{"href":"https:\/\/www.lavisqteam.fr\/index.php?rest_route=\/wp\/v2\/posts\/66314"}],"collection":[{"href":"https:\/\/www.lavisqteam.fr\/index.php?rest_route=\/wp\/v2\/posts"}],"about":[{"href":"https:\/\/www.lavisqteam.fr\/index.php?rest_route=\/wp\/v2\/types\/post"}],"author":[{"embeddable":true,"href":"https:\/\/www.lavisqteam.fr\/index.php?rest_route=\/wp\/v2\/users\/4"}],"replies":[{"embeddable":true,"href":"https:\/\/www.lavisqteam.fr\/index.php?rest_route=%2Fwp%2Fv2%2Fcomments&post=66314"}],"version-history":[{"count":1,"href":"https:\/\/www.lavisqteam.fr\/index.php?rest_route=\/wp\/v2\/posts\/66314\/revisions"}],"predecessor-version":[{"id":66319,"href":"https:\/\/www.lavisqteam.fr\/index.php?rest_route=\/wp\/v2\/posts\/66314\/revisions\/66319"}],"wp:featuredmedia":[{"embeddable":true,"href":"https:\/\/www.lavisqteam.fr\/index.php?rest_route=\/wp\/v2\/media\/66318"}],"wp:attachment":[{"href":"https:\/\/www.lavisqteam.fr\/index.php?rest_route=%2Fwp%2Fv2%2Fmedia&parent=66314"}],"wp:term":[{"taxonomy":"category","embeddable":true,"href":"https:\/\/www.lavisqteam.fr\/index.php?rest_route=%2Fwp%2Fv2%2Fcategories&post=66314"},{"taxonomy":"post_tag","embeddable":true,"href":"https:\/\/www.lavisqteam.fr\/index.php?rest_route=%2Fwp%2Fv2%2Ftags&post=66314"}],"curies":[{"name":"wp","href":"https:\/\/api.w.org\/{rel}","templated":true}]}}