{"id":66061,"date":"2022-10-03T21:10:37","date_gmt":"2022-10-03T21:10:37","guid":{"rendered":"https:\/\/www.lavisqteam.fr\/?p=66061"},"modified":"2022-11-14T17:55:30","modified_gmt":"2022-11-14T17:55:30","slug":"lorigine-du-mal-jacques-et-ses-femmes","status":"publish","type":"post","link":"https:\/\/www.lavisqteam.fr\/?p=66061","title":{"rendered":"L&rsquo;Origine du Mal &#8211; Jacques et ses Femmes"},"content":{"rendered":"<div class=\"wp-block-image\">\n<figure class=\"aligncenter size-large is-resized\"><a href=\"https:\/\/www.lavisqteam.fr\/wp-content\/uploads\/2022\/10\/308969919_5337380633043957_8042456163020945838_n.gif\"><img src=\"https:\/\/www.lavisqteam.fr\/wp-content\/uploads\/2022\/10\/308969919_5337380633043957_8042456163020945838_n-768x1024.gif\" alt=\"\" class=\"wp-image-66062\" width=\"600\" srcset=\"https:\/\/www.lavisqteam.fr\/wp-content\/uploads\/2022\/10\/308969919_5337380633043957_8042456163020945838_n-768x1024.gif 768w, https:\/\/www.lavisqteam.fr\/wp-content\/uploads\/2022\/10\/308969919_5337380633043957_8042456163020945838_n-225x300.gif 225w\" sizes=\"(max-width: 768px) 100vw, 768px\" \/><\/a><\/figure><\/div>\n\n\n<p><strong>De&nbsp;: <\/strong>S\u00e9bastien Marnier<\/p>\n\n\n\n<p><strong>Avec <\/strong>Laure Calamy, Doria Tillier, Dominique Blanc, Jacques Weber<\/p>\n\n\n\n<p><strong>Ann\u00e9e&nbsp;: <\/strong>2022<\/p>\n\n\n\n<p><strong>Pays&nbsp;: <\/strong>France<\/p>\n\n\n\n<p><strong>Genre&nbsp;: <\/strong>Drame, Thriller<\/p>\n\n\n\n<p><strong>R\u00e9sum\u00e9&nbsp;:<\/strong><\/p>\n\n\n\n<p>Dans une luxueuse villa en bord de mer, une jeune femme modeste retrouve une \u00e9trange famille : un p\u00e8re inconnu et tr\u00e8s riche, son \u00e9pouse fantasque, sa fille, une femme d\u2019affaires ambitieuse, une ado rebelle ainsi qu\u2019une inqui\u00e9tante servante.<br>Quelqu\u2019un ment.<br>Entre suspicions et mensonges, le myst\u00e8re s\u2019installe et le mal se r\u00e9pand\u2026<\/p>\n\n\n\n<p><strong>Avis&nbsp;:<\/strong><strong><\/strong><\/p>\n\n\n\n<p>Parmi les nouveaux visages du cin\u00e9ma fran\u00e7ais, le r\u00e9alisateur <em>S\u00e9bastien Marnier<\/em> est un r\u00e9alisateur qui fait \u00e9norm\u00e9ment de promesses. Ayant oscill\u00e9 entre l&rsquo;\u00e9criture, la r\u00e9alisation, le journalisme, l&rsquo;\u00e9criture en tant que romancier, ou encore de la programmation, notamment pour le Forum des Images, <em>S\u00e9bastien Marnier<\/em> a baroud\u00e9 avant de r\u00e9aliser son premier film, le tr\u00e8s bon \u00ab\u00a0<strong>Irr\u00e9prochable<\/strong>\u00ab\u00a0. Trois ans apr\u00e8s ce film qui s&rsquo;est pos\u00e9 comme le succ\u00e8s surprise de l&rsquo;\u00e9t\u00e9 2016, le metteur en sc\u00e8ne r\u00e9cidive avec un film gla\u00e7ant, \u00ab\u00a0<strong>L&rsquo;heure de la sortie<\/strong>\u00ab\u00a0. En deux films, <em>S\u00e9bastien Marnier<\/em> a fait bien plus qu&rsquo;attirer les attentions, il a cr\u00e9\u00e9 une attente.<\/p>\n\n\n<div class=\"wp-block-image\">\n<figure class=\"aligncenter size-large is-resized\"><a href=\"https:\/\/www.lavisqteam.fr\/wp-content\/uploads\/2022\/10\/308562878_432745415412295_6903787336267470205_n.jpg\"><img src=\"https:\/\/www.lavisqteam.fr\/wp-content\/uploads\/2022\/10\/308562878_432745415412295_6903787336267470205_n-1024x683.jpg\" alt=\"\" class=\"wp-image-66064\" width=\"600\" srcset=\"https:\/\/www.lavisqteam.fr\/wp-content\/uploads\/2022\/10\/308562878_432745415412295_6903787336267470205_n-1024x683.jpg 1024w, https:\/\/www.lavisqteam.fr\/wp-content\/uploads\/2022\/10\/308562878_432745415412295_6903787336267470205_n-300x200.jpg 300w, https:\/\/www.lavisqteam.fr\/wp-content\/uploads\/2022\/10\/308562878_432745415412295_6903787336267470205_n-768x512.jpg 768w, https:\/\/www.lavisqteam.fr\/wp-content\/uploads\/2022\/10\/308562878_432745415412295_6903787336267470205_n-1536x1024.jpg 1536w, https:\/\/www.lavisqteam.fr\/wp-content\/uploads\/2022\/10\/308562878_432745415412295_6903787336267470205_n.jpg 1600w\" sizes=\"(max-width: 1024px) 100vw, 1024px\" \/><\/a><\/figure><\/div>\n\n\n<p>Apr\u00e8s trois ans d&rsquo;absence, <em>S\u00e9bastien Marnier<\/em> est de retour avec le difficile troisi\u00e8me film, celui dont on dit qu&rsquo;il est, ou non, le film de la confirmation.<\/p>\n\n\n\n<p>Histoire de famille, histoire de manipulation, tournant autour du thriller, et un soup\u00e7on de com\u00e9die noire, avec \u00ab\u00a0<strong>L\u2019Origine du Mal<\/strong>\u00a0\u00bb <em>S\u00e9bastien Marnier<\/em> fait bien plus que de confirmer son statut de cin\u00e9aste \u00e0 suivre. Avec ce film, <em>Marnier<\/em> livre une petite bombe, qui ne va cesser de surprendre, et ce, m\u00eame lorsqu&rsquo;on pense en avoir d\u00e9jou\u00e9 les codes. Passionnant, pour ne pas dire obs\u00e9dant, ma\u00eetris\u00e9 de bout en bout, superbe dans sa direction d&rsquo;acteurs et ses personnage, le nouveau <em>Marnier<\/em> est une belle claque !<\/p>\n\n\n\n<p>St\u00e9phane l&rsquo;aura attendu pendant des ann\u00e9es, mais \u00e7a y est, elle a enfin retrouv\u00e9 son p\u00e8re. Ce dernier habite une villa luxueuse sur une petite \u00eele pr\u00e8s des c\u00f4tes fran\u00e7aises. Extr\u00eamement riche, St\u00e9phane d\u00e9couvre un homme qui est entour\u00e9 de femmes qui ont bien l&rsquo;air d&rsquo;attendre qu&rsquo;une chose, avoir son argent. D&rsquo;ailleurs, elles ont fait un recours pour le faire mettre sous tutelle. St\u00e9phane est tr\u00e8s \u00e9mue de retrouver ce p\u00e8re qu&rsquo;elle a attendu toute sa vie, et son entr\u00e9e dans cette famille n&rsquo;est pas vu d&rsquo;un bon \u0153il par certaines&#8230; Ou plut\u00f4t par toutes&#8230;<\/p>\n\n\n\n<p>S\u2019il y a bien un film que j&rsquo;attendais avec curiosit\u00e9 pour cette fin d&rsquo;ann\u00e9e, c&rsquo;est bien le nouveau <em>S\u00e9bastien Marnier<\/em> et c&rsquo;est avec plaisir et joie cin\u00e9philique que je d\u00e9couvre un film bluffant. Un film qui ferait presque aussi fort que \u00ab\u00a0<strong>L&rsquo;heure de la sortie<\/strong>\u00ab\u00a0.<\/p>\n\n\n\n<p>Dot\u00e9 d&rsquo;une histoire originale, imagin\u00e9e et \u00e9crite par <em>S\u00e9bastien Marnier<\/em>, \u00ab\u00a0<strong>L&rsquo;origine du mal<\/strong>\u00a0\u00bb est un excellent puzzle qui, comme je le disais plus haut, sait surprendre, alors m\u00eame qu&rsquo;on pensait avoir compris sa fa\u00e7on d&#8217;embo\u00eeter ses pi\u00e8ces.<\/p>\n\n\n\n<p>\u00ab\u00a0<strong>L&rsquo;origine du mal<\/strong>\u00a0\u00bb est un film qui parle de la famille, et peint une famille vampirique, o\u00f9 chacun de ses membres est bien plus complexe qu&rsquo;il n&rsquo;en a l&rsquo;air. D&rsquo;ailleurs, cette fa\u00e7on de traiter ses personnages est assez g\u00e9niale, car plus le r\u00e9alisateur nous entra\u00eene dans son intrigue, et moins ces personnages sont \u00e9vidents, ce qui cr\u00e9\u00e9 d&#8217;embl\u00e9e une forme de suspens et de myst\u00e8re qui nous tient jusqu\u2019au g\u00e9n\u00e9rique de fin.<\/p>\n\n\n\n<p>Dans cette \u00e9criture, il est vrai qu&rsquo;en milieu de film, \u00ab\u00a0<strong>L&rsquo;origine du mal<\/strong>\u00a0\u00bb a comme un petit rel\u00e2chement. S\u2019il arrive sans souci \u00e0 piquer notre int\u00e9r\u00eat, il y a comme un sentiment qu&rsquo;on pourrait avoir fait le tour de cette histoire et que finalement, elle est tr\u00e8s simple, mais <em>S\u00e9bastien Marnier<\/em> est bien plus intelligent et perfide que cela, et c&rsquo;est au moment o\u00f9 on ne s&rsquo;y attend le moins, alors m\u00eame que le film nous a d\u00e9j\u00e0 offert un twist qui \u00e9tait pr\u00e9visible, que le metteur en sc\u00e8ne et sc\u00e9nariste transforme son film.<\/p>\n\n\n\n<p>Et cette nouvelle direction va faire bien plus que dynamiter son intrigue. D&rsquo;un coup, ce que l&rsquo;on pensait savoir n&rsquo;est rien. Les cartes sont redistribu\u00e9es de mani\u00e8re intelligente et <em>S\u00e9bastien Marnier<\/em> nous prend comme en otage, et son film ne cesse de s&rsquo;acc\u00e9l\u00e9rer et nous, public, on reste comme impuissant et fascin\u00e9 par la trag\u00e9die qui se met en place. Une trag\u00e9die qui en plus de \u00e7a, est assez folle, dans le sens o\u00f9 elle se permet d&rsquo;\u00eatre dr\u00f4le et absurde, jouant avec les couleurs presque satur\u00e9es de ses personnages. Des personnages qui sont tenus g\u00e9nialement par une bande d&rsquo;acteurs qui s&rsquo;\u00e9clatent. Ici le blanc ou le noir n&rsquo;existent pas et tous sont une palette infinie de nuances de gris.<\/p>\n\n\n\n<p>Excentriques, folles, int\u00e9ress\u00e9es, aimantes, d\u00e9sax\u00e9es, le film n&rsquo;arr\u00eate pas et les compositions de <em>Laure Calamy, Doria Tillier, V\u00e9ronique Ruggia Saura<\/em>, ou encore et surtout <em>Dominique Blanc<\/em> (qui tient l\u00e0 un r\u00f4le incroyable, la r\u00e9v\u00e9lant de nouveau, si toutefois elle avait encore besoin d&rsquo;\u00eatre r\u00e9v\u00e9l\u00e9e), sont absolument jouissives. Seule dans ce tableau f\u00e9minin, la jeune <em>C\u00e9leste Brunnquell<\/em> a du mal \u00e0 exister, trouvant un personnage en dessous des autres. Puis ce film, c&rsquo;est aussi un pilier masculin, celui qui attise toutes les convoitises. Ce pilier est tenu par un <em>Jacques Weber<\/em> aussi impressionnant que son personnage et tout en nuances.<\/p>\n\n\n\n<p>\u00ab\u00a0<strong>L&rsquo;origine du mal<\/strong>\u00ab\u00a0, c&rsquo;est aussi une histoire d&rsquo;ambiance. Une ambiance parfaitement tenue par son r\u00e9alisateur qui r\u00e9ussit tout ce qu&rsquo;il entreprend. Dans un sens, je me demande m\u00eame si ce petit rel\u00e2chement \u00e9voqu\u00e9 plus haut est voulu, pour que d&rsquo;un coup, on soit renvers\u00e9 par le nouveau sentier qu&#8217;emprunte l&rsquo;intrigue. Pour ce film, <em>S\u00e9bastien Marnier<\/em> se renouvelle et change de style, s&rsquo;aventurant dans un film dont ne sait s\u2019il est un thriller familial ou une com\u00e9die grin\u00e7ante et noire, tr\u00e8s noire. Le metteur en sc\u00e8ne conjugue tout \u00e7a, et l&rsquo;accentue avec une BO sublimement \u00e9trange de <em>Pierre Lapointe<\/em>, et un d\u00e9cor fabuleux et \u00e9crasant, qui \u00e0 sa mani\u00e8re raconte beaucoup de choses sur cette famille.<\/p>\n\n\n<div class=\"wp-block-image\">\n<figure class=\"aligncenter size-large is-resized\"><a href=\"https:\/\/www.lavisqteam.fr\/wp-content\/uploads\/2022\/10\/308625940_625119102454313_8630177170718670879_n.jpg\"><img src=\"https:\/\/www.lavisqteam.fr\/wp-content\/uploads\/2022\/10\/308625940_625119102454313_8630177170718670879_n-1024x683.jpg\" alt=\"\" class=\"wp-image-66063\" width=\"600\" srcset=\"https:\/\/www.lavisqteam.fr\/wp-content\/uploads\/2022\/10\/308625940_625119102454313_8630177170718670879_n-1024x683.jpg 1024w, https:\/\/www.lavisqteam.fr\/wp-content\/uploads\/2022\/10\/308625940_625119102454313_8630177170718670879_n-300x200.jpg 300w, https:\/\/www.lavisqteam.fr\/wp-content\/uploads\/2022\/10\/308625940_625119102454313_8630177170718670879_n-768x512.jpg 768w, https:\/\/www.lavisqteam.fr\/wp-content\/uploads\/2022\/10\/308625940_625119102454313_8630177170718670879_n-1536x1024.jpg 1536w, https:\/\/www.lavisqteam.fr\/wp-content\/uploads\/2022\/10\/308625940_625119102454313_8630177170718670879_n.jpg 1600w\" sizes=\"(max-width: 1024px) 100vw, 1024px\" \/><\/a><\/figure><\/div>\n\n\n<p>Ce nouveau film de <em>S\u00e9bastien Marnier<\/em> est donc une belle et grande r\u00e9ussite, qui aura su garder ses myst\u00e8res et son suspens jusqu&rsquo;\u00e0 son final absolument parfait. Et mieux encore, je me demande si au deuxi\u00e8me visionnage, cette \u00ab\u00a0&#8230; <strong>origine du mal<\/strong>\u00a0\u00bb serait le m\u00eame film, tant les nuances, une fois que l&rsquo;on sait, pourrait prendre d&rsquo;autres \u00ab\u00a0couleurs\u00a0\u00bb. Bref, <em>S\u00e9bastien Marnier<\/em> passe sans une ombre le cap du troisi\u00e8me film, et il se pose comme l&rsquo;un des nouveaux r\u00e9alisateurs les plus int\u00e9ressants du paysage fran\u00e7ais.<\/p>\n\n\n\n<p><strong>Note&nbsp;: 17,5\/20<\/strong><\/p>\n\n\n\n<figure class=\"wp-block-embed is-type-video is-provider-youtube wp-block-embed-youtube wp-embed-aspect-16-9 wp-has-aspect-ratio\"><div class=\"wp-block-embed__wrapper\">\n<iframe loading=\"lazy\" title=\"L&#039;ORIGINE DU MAL Bande Annonce (2022) Laure Calamy, Doria Tillier, Jacques Weber\" width=\"1200\" height=\"675\" src=\"https:\/\/www.youtube.com\/embed\/daMxmKTjjX4?feature=oembed\" frameborder=\"0\" allow=\"accelerometer; autoplay; clipboard-write; encrypted-media; gyroscope; picture-in-picture\" allowfullscreen><\/iframe>\n<\/div><\/figure>\n\n\n\n<p class=\"has-text-align-right\">Par <strong>Cin\u00e9ted<\/strong><\/p>\n","protected":false},"excerpt":{"rendered":"<p>De&nbsp;: S\u00e9bastien Marnier Avec Laure Calamy, Doria Tillier, Dominique Blanc, Jacques Weber Ann\u00e9e&nbsp;: 2022 Pays&nbsp;: France Genre&nbsp;: Drame, Thriller R\u00e9sum\u00e9&nbsp;: Dans une luxueuse villa en &hellip; <\/p>\n","protected":false},"author":4,"featured_media":66065,"comment_status":"open","ping_status":"open","sticky":false,"template":"","format":"standard","meta":[],"categories":[7],"tags":[],"yoast_head":"<!-- This site is optimized with the Yoast SEO plugin v19.6.1 - https:\/\/yoast.com\/wordpress\/plugins\/seo\/ -->\n<title>L&#039;Origine du Mal - Jacques et ses Femmes - Lavisqteam.fr<\/title>\n<meta name=\"robots\" content=\"index, follow, max-snippet:-1, max-image-preview:large, max-video-preview:-1\" \/>\n<link rel=\"canonical\" href=\"https:\/\/www.lavisqteam.fr\/?p=66061\" \/>\n<meta property=\"og:locale\" content=\"fr_FR\" \/>\n<meta property=\"og:type\" content=\"article\" \/>\n<meta property=\"og:title\" content=\"L&#039;Origine du Mal - Jacques et ses Femmes - Lavisqteam.fr\" \/>\n<meta property=\"og:description\" content=\"De&nbsp;: S\u00e9bastien Marnier Avec Laure Calamy, Doria Tillier, Dominique Blanc, Jacques Weber Ann\u00e9e&nbsp;: 2022 Pays&nbsp;: France Genre&nbsp;: Drame, Thriller R\u00e9sum\u00e9&nbsp;: Dans une luxueuse villa en &hellip;\" \/>\n<meta property=\"og:url\" content=\"https:\/\/www.lavisqteam.fr\/?p=66061\" \/>\n<meta property=\"og:site_name\" content=\"Lavisqteam.fr\" \/>\n<meta property=\"article:published_time\" content=\"2022-10-03T21:10:37+00:00\" \/>\n<meta property=\"article:modified_time\" content=\"2022-11-14T17:55:30+00:00\" \/>\n<meta property=\"og:image\" content=\"https:\/\/www.lavisqteam.fr\/wp-content\/uploads\/2022\/10\/lori.jpg\" \/>\n\t<meta property=\"og:image:width\" content=\"727\" \/>\n\t<meta property=\"og:image:height\" content=\"395\" \/>\n\t<meta property=\"og:image:type\" content=\"image\/jpeg\" \/>\n<meta name=\"author\" content=\"Cineted\" \/>\n<meta name=\"twitter:card\" content=\"summary_large_image\" \/>\n<meta name=\"twitter:image\" content=\"https:\/\/www.lavisqteam.fr\/wp-content\/uploads\/2022\/10\/lori.jpg\" \/>\n<meta name=\"twitter:label1\" content=\"\u00c9crit par\" \/>\n\t<meta name=\"twitter:data1\" content=\"Cineted\" \/>\n\t<meta name=\"twitter:label2\" content=\"Dur\u00e9e de lecture estim\u00e9e\" \/>\n\t<meta name=\"twitter:data2\" content=\"6 minutes\" \/>\n<script type=\"application\/ld+json\" class=\"yoast-schema-graph\">{\"@context\":\"https:\/\/schema.org\",\"@graph\":[{\"@type\":\"Article\",\"@id\":\"https:\/\/www.lavisqteam.fr\/?p=66061#article\",\"isPartOf\":{\"@id\":\"https:\/\/www.lavisqteam.fr\/?p=66061\"},\"author\":{\"name\":\"Cineted\",\"@id\":\"https:\/\/www.lavisqteam.fr\/#\/schema\/person\/4ed7295b68bc3daae9094db5f1f9f913\"},\"headline\":\"L&rsquo;Origine du Mal &#8211; Jacques et ses Femmes\",\"datePublished\":\"2022-10-03T21:10:37+00:00\",\"dateModified\":\"2022-11-14T17:55:30+00:00\",\"mainEntityOfPage\":{\"@id\":\"https:\/\/www.lavisqteam.fr\/?p=66061\"},\"wordCount\":1205,\"commentCount\":0,\"publisher\":{\"@id\":\"https:\/\/www.lavisqteam.fr\/#organization\"},\"articleSection\":[\"Cin\u00e9ma\"],\"inLanguage\":\"fr-FR\",\"potentialAction\":[{\"@type\":\"CommentAction\",\"name\":\"Comment\",\"target\":[\"https:\/\/www.lavisqteam.fr\/?p=66061#respond\"]}]},{\"@type\":\"WebPage\",\"@id\":\"https:\/\/www.lavisqteam.fr\/?p=66061\",\"url\":\"https:\/\/www.lavisqteam.fr\/?p=66061\",\"name\":\"L'Origine du Mal - Jacques et ses Femmes - Lavisqteam.fr\",\"isPartOf\":{\"@id\":\"https:\/\/www.lavisqteam.fr\/#website\"},\"datePublished\":\"2022-10-03T21:10:37+00:00\",\"dateModified\":\"2022-11-14T17:55:30+00:00\",\"breadcrumb\":{\"@id\":\"https:\/\/www.lavisqteam.fr\/?p=66061#breadcrumb\"},\"inLanguage\":\"fr-FR\",\"potentialAction\":[{\"@type\":\"ReadAction\",\"target\":[\"https:\/\/www.lavisqteam.fr\/?p=66061\"]}]},{\"@type\":\"BreadcrumbList\",\"@id\":\"https:\/\/www.lavisqteam.fr\/?p=66061#breadcrumb\",\"itemListElement\":[{\"@type\":\"ListItem\",\"position\":1,\"name\":\"Accueil\",\"item\":\"https:\/\/www.lavisqteam.fr\/\"},{\"@type\":\"ListItem\",\"position\":2,\"name\":\"L&rsquo;Origine du Mal &#8211; Jacques et ses Femmes\"}]},{\"@type\":\"WebSite\",\"@id\":\"https:\/\/www.lavisqteam.fr\/#website\",\"url\":\"https:\/\/www.lavisqteam.fr\/\",\"name\":\"Lavisqteam.fr\",\"description\":\"\",\"publisher\":{\"@id\":\"https:\/\/www.lavisqteam.fr\/#organization\"},\"potentialAction\":[{\"@type\":\"SearchAction\",\"target\":{\"@type\":\"EntryPoint\",\"urlTemplate\":\"https:\/\/www.lavisqteam.fr\/?s={search_term_string}\"},\"query-input\":\"required name=search_term_string\"}],\"inLanguage\":\"fr-FR\"},{\"@type\":\"Organization\",\"@id\":\"https:\/\/www.lavisqteam.fr\/#organization\",\"name\":\"Lavisqteam.fr\",\"url\":\"https:\/\/www.lavisqteam.fr\/\",\"sameAs\":[],\"logo\":{\"@type\":\"ImageObject\",\"inLanguage\":\"fr-FR\",\"@id\":\"https:\/\/www.lavisqteam.fr\/#\/schema\/logo\/image\/\",\"url\":\"https:\/\/www.lavisqteam.fr\/wp-content\/uploads\/2020\/08\/cropped-80879545_3479261675449035_4078032831501041664_o-4.jpg\",\"contentUrl\":\"https:\/\/www.lavisqteam.fr\/wp-content\/uploads\/2020\/08\/cropped-80879545_3479261675449035_4078032831501041664_o-4.jpg\",\"width\":1674,\"height\":536,\"caption\":\"Lavisqteam.fr\"},\"image\":{\"@id\":\"https:\/\/www.lavisqteam.fr\/#\/schema\/logo\/image\/\"}},{\"@type\":\"Person\",\"@id\":\"https:\/\/www.lavisqteam.fr\/#\/schema\/person\/4ed7295b68bc3daae9094db5f1f9f913\",\"name\":\"Cineted\",\"image\":{\"@type\":\"ImageObject\",\"inLanguage\":\"fr-FR\",\"@id\":\"https:\/\/www.lavisqteam.fr\/#\/schema\/person\/image\/\",\"url\":\"https:\/\/secure.gravatar.com\/avatar\/2d66d0012368c91013200ba69885bddd?s=96&d=mm&r=g\",\"contentUrl\":\"https:\/\/secure.gravatar.com\/avatar\/2d66d0012368c91013200ba69885bddd?s=96&d=mm&r=g\",\"caption\":\"Cineted\"},\"url\":\"https:\/\/www.lavisqteam.fr\/?author=4\"}]}<\/script>\n<!-- \/ Yoast SEO plugin. -->","yoast_head_json":{"title":"L'Origine du Mal - Jacques et ses Femmes - Lavisqteam.fr","robots":{"index":"index","follow":"follow","max-snippet":"max-snippet:-1","max-image-preview":"max-image-preview:large","max-video-preview":"max-video-preview:-1"},"canonical":"https:\/\/www.lavisqteam.fr\/?p=66061","og_locale":"fr_FR","og_type":"article","og_title":"L'Origine du Mal - Jacques et ses Femmes - Lavisqteam.fr","og_description":"De&nbsp;: S\u00e9bastien Marnier Avec Laure Calamy, Doria Tillier, Dominique Blanc, Jacques Weber Ann\u00e9e&nbsp;: 2022 Pays&nbsp;: France Genre&nbsp;: Drame, Thriller R\u00e9sum\u00e9&nbsp;: Dans une luxueuse villa en &hellip;","og_url":"https:\/\/www.lavisqteam.fr\/?p=66061","og_site_name":"Lavisqteam.fr","article_published_time":"2022-10-03T21:10:37+00:00","article_modified_time":"2022-11-14T17:55:30+00:00","og_image":[{"width":727,"height":395,"url":"https:\/\/www.lavisqteam.fr\/wp-content\/uploads\/2022\/10\/lori.jpg","type":"image\/jpeg"}],"author":"Cineted","twitter_card":"summary_large_image","twitter_image":"https:\/\/www.lavisqteam.fr\/wp-content\/uploads\/2022\/10\/lori.jpg","twitter_misc":{"\u00c9crit par":"Cineted","Dur\u00e9e de lecture estim\u00e9e":"6 minutes"},"schema":{"@context":"https:\/\/schema.org","@graph":[{"@type":"Article","@id":"https:\/\/www.lavisqteam.fr\/?p=66061#article","isPartOf":{"@id":"https:\/\/www.lavisqteam.fr\/?p=66061"},"author":{"name":"Cineted","@id":"https:\/\/www.lavisqteam.fr\/#\/schema\/person\/4ed7295b68bc3daae9094db5f1f9f913"},"headline":"L&rsquo;Origine du Mal &#8211; Jacques et ses Femmes","datePublished":"2022-10-03T21:10:37+00:00","dateModified":"2022-11-14T17:55:30+00:00","mainEntityOfPage":{"@id":"https:\/\/www.lavisqteam.fr\/?p=66061"},"wordCount":1205,"commentCount":0,"publisher":{"@id":"https:\/\/www.lavisqteam.fr\/#organization"},"articleSection":["Cin\u00e9ma"],"inLanguage":"fr-FR","potentialAction":[{"@type":"CommentAction","name":"Comment","target":["https:\/\/www.lavisqteam.fr\/?p=66061#respond"]}]},{"@type":"WebPage","@id":"https:\/\/www.lavisqteam.fr\/?p=66061","url":"https:\/\/www.lavisqteam.fr\/?p=66061","name":"L'Origine du Mal - Jacques et ses Femmes - Lavisqteam.fr","isPartOf":{"@id":"https:\/\/www.lavisqteam.fr\/#website"},"datePublished":"2022-10-03T21:10:37+00:00","dateModified":"2022-11-14T17:55:30+00:00","breadcrumb":{"@id":"https:\/\/www.lavisqteam.fr\/?p=66061#breadcrumb"},"inLanguage":"fr-FR","potentialAction":[{"@type":"ReadAction","target":["https:\/\/www.lavisqteam.fr\/?p=66061"]}]},{"@type":"BreadcrumbList","@id":"https:\/\/www.lavisqteam.fr\/?p=66061#breadcrumb","itemListElement":[{"@type":"ListItem","position":1,"name":"Accueil","item":"https:\/\/www.lavisqteam.fr\/"},{"@type":"ListItem","position":2,"name":"L&rsquo;Origine du Mal &#8211; Jacques et ses Femmes"}]},{"@type":"WebSite","@id":"https:\/\/www.lavisqteam.fr\/#website","url":"https:\/\/www.lavisqteam.fr\/","name":"Lavisqteam.fr","description":"","publisher":{"@id":"https:\/\/www.lavisqteam.fr\/#organization"},"potentialAction":[{"@type":"SearchAction","target":{"@type":"EntryPoint","urlTemplate":"https:\/\/www.lavisqteam.fr\/?s={search_term_string}"},"query-input":"required name=search_term_string"}],"inLanguage":"fr-FR"},{"@type":"Organization","@id":"https:\/\/www.lavisqteam.fr\/#organization","name":"Lavisqteam.fr","url":"https:\/\/www.lavisqteam.fr\/","sameAs":[],"logo":{"@type":"ImageObject","inLanguage":"fr-FR","@id":"https:\/\/www.lavisqteam.fr\/#\/schema\/logo\/image\/","url":"https:\/\/www.lavisqteam.fr\/wp-content\/uploads\/2020\/08\/cropped-80879545_3479261675449035_4078032831501041664_o-4.jpg","contentUrl":"https:\/\/www.lavisqteam.fr\/wp-content\/uploads\/2020\/08\/cropped-80879545_3479261675449035_4078032831501041664_o-4.jpg","width":1674,"height":536,"caption":"Lavisqteam.fr"},"image":{"@id":"https:\/\/www.lavisqteam.fr\/#\/schema\/logo\/image\/"}},{"@type":"Person","@id":"https:\/\/www.lavisqteam.fr\/#\/schema\/person\/4ed7295b68bc3daae9094db5f1f9f913","name":"Cineted","image":{"@type":"ImageObject","inLanguage":"fr-FR","@id":"https:\/\/www.lavisqteam.fr\/#\/schema\/person\/image\/","url":"https:\/\/secure.gravatar.com\/avatar\/2d66d0012368c91013200ba69885bddd?s=96&d=mm&r=g","contentUrl":"https:\/\/secure.gravatar.com\/avatar\/2d66d0012368c91013200ba69885bddd?s=96&d=mm&r=g","caption":"Cineted"},"url":"https:\/\/www.lavisqteam.fr\/?author=4"}]}},"jetpack_featured_media_url":"https:\/\/www.lavisqteam.fr\/wp-content\/uploads\/2022\/10\/lori.jpg","_links":{"self":[{"href":"https:\/\/www.lavisqteam.fr\/index.php?rest_route=\/wp\/v2\/posts\/66061"}],"collection":[{"href":"https:\/\/www.lavisqteam.fr\/index.php?rest_route=\/wp\/v2\/posts"}],"about":[{"href":"https:\/\/www.lavisqteam.fr\/index.php?rest_route=\/wp\/v2\/types\/post"}],"author":[{"embeddable":true,"href":"https:\/\/www.lavisqteam.fr\/index.php?rest_route=\/wp\/v2\/users\/4"}],"replies":[{"embeddable":true,"href":"https:\/\/www.lavisqteam.fr\/index.php?rest_route=%2Fwp%2Fv2%2Fcomments&post=66061"}],"version-history":[{"count":1,"href":"https:\/\/www.lavisqteam.fr\/index.php?rest_route=\/wp\/v2\/posts\/66061\/revisions"}],"predecessor-version":[{"id":66066,"href":"https:\/\/www.lavisqteam.fr\/index.php?rest_route=\/wp\/v2\/posts\/66061\/revisions\/66066"}],"wp:featuredmedia":[{"embeddable":true,"href":"https:\/\/www.lavisqteam.fr\/index.php?rest_route=\/wp\/v2\/media\/66065"}],"wp:attachment":[{"href":"https:\/\/www.lavisqteam.fr\/index.php?rest_route=%2Fwp%2Fv2%2Fmedia&parent=66061"}],"wp:term":[{"taxonomy":"category","embeddable":true,"href":"https:\/\/www.lavisqteam.fr\/index.php?rest_route=%2Fwp%2Fv2%2Fcategories&post=66061"},{"taxonomy":"post_tag","embeddable":true,"href":"https:\/\/www.lavisqteam.fr\/index.php?rest_route=%2Fwp%2Fv2%2Ftags&post=66061"}],"curies":[{"name":"wp","href":"https:\/\/api.w.org\/{rel}","templated":true}]}}