{"id":65090,"date":"2022-08-08T10:01:16","date_gmt":"2022-08-08T10:01:16","guid":{"rendered":"https:\/\/www.lavisqteam.fr\/?p=65090"},"modified":"2022-08-08T10:01:19","modified_gmt":"2022-08-08T10:01:19","slug":"rifkins-festival","status":"publish","type":"post","link":"https:\/\/www.lavisqteam.fr\/?p=65090","title":{"rendered":"Rifkin&rsquo;s Festival"},"content":{"rendered":"<div class=\"wp-block-image\">\n<figure class=\"aligncenter size-large is-resized\"><a href=\"https:\/\/www.lavisqteam.fr\/wp-content\/uploads\/2022\/08\/292166336_5916080068409299_5287705964182715462_n.jpg\"><img src=\"https:\/\/www.lavisqteam.fr\/wp-content\/uploads\/2022\/08\/292166336_5916080068409299_5287705964182715462_n-768x1024.jpg\" alt=\"\" class=\"wp-image-65091\" width=\"600\" srcset=\"https:\/\/www.lavisqteam.fr\/wp-content\/uploads\/2022\/08\/292166336_5916080068409299_5287705964182715462_n-768x1024.jpg 768w, https:\/\/www.lavisqteam.fr\/wp-content\/uploads\/2022\/08\/292166336_5916080068409299_5287705964182715462_n-225x300.jpg 225w, https:\/\/www.lavisqteam.fr\/wp-content\/uploads\/2022\/08\/292166336_5916080068409299_5287705964182715462_n.jpg 810w\" sizes=\"(max-width: 768px) 100vw, 768px\" \/><\/a><\/figure><\/div>\n\n\n<p><strong>De&nbsp;: <\/strong>Woody Allen<\/p>\n\n\n\n<p><strong>Avec <\/strong>Wallace Shawn, Elena Anaya, Gina Gershon, Louis Garrel<\/p>\n\n\n\n<p><strong>Ann\u00e9e&nbsp;: <\/strong>2022<\/p>\n\n\n\n<p><strong>Pays&nbsp;: <\/strong>Etats-Unis, Espagne, Italie<\/p>\n\n\n\n<p><strong>Genre&nbsp;: <\/strong>Com\u00e9die, Romance<\/p>\n\n\n\n<p><strong>R\u00e9sum\u00e9&nbsp;:<\/strong><\/p>\n\n\n\n<p>Un couple d&rsquo;Am\u00e9ricains se rend au Festival du Film de Saint-S\u00e9bastien et tombe sous le charme de l&rsquo;\u00e9v\u00e9nement, de l&rsquo;Espagne et de la magie qui \u00e9mane des films. L&rsquo;\u00e9pouse a une liaison avec un brillant r\u00e9alisateur fran\u00e7ais tandis que son mari tombe amoureux d\u2019une belle Espagnole.<\/p>\n\n\n\n<p><strong>Avis&nbsp;:<\/strong><strong><\/strong><\/p>\n\n\n\n<p>Depuis plus de cinquante ans maintenant, un peu comme un rendez-vous pris, tous les ans, on a le droit \u00e0 notre petite aventure Allenesque. <em>Woody Allen<\/em> est de ceux qui sont infatigables et qui ne cessent de tourner encore et encore. Pourtant, voil\u00e0 qu&rsquo;il y a eu quelque chose d&rsquo;in\u00e9dit dans sa carri\u00e8re, un trou&#8230; Un trou de pr\u00e8s de trois ans. Alors bien s\u00fbr, il y a le covid qui a repouss\u00e9 la date de sortie, mais \u00e2g\u00e9 de quatre-vingt-quatre, ou cinq, ans, le cin\u00e9aste a l&rsquo;air de mettre un peu plus de temps \u00e0 \u00e9crire et r\u00e9aliser ses films. Apr\u00e8s, il reste infatigable quand m\u00eame, car le r\u00e9alisateur new-yorkais vient de se lancer dans la production d\u2019un cinquante-troisi\u00e8me film, qui sera un thriller tourn\u00e9 en fran\u00e7ais avec un casting enti\u00e8rement fran\u00e7ais et \u00e0 Paris, une premi\u00e8re !<\/p>\n\n\n<div class=\"wp-block-image\">\n<figure class=\"aligncenter size-large is-resized\"><a href=\"https:\/\/www.lavisqteam.fr\/wp-content\/uploads\/2022\/08\/296739278_1227815287785145_6489312975627288256_n.jpg\"><img src=\"https:\/\/www.lavisqteam.fr\/wp-content\/uploads\/2022\/08\/296739278_1227815287785145_6489312975627288256_n-1024x683.jpg\" alt=\"\" class=\"wp-image-65093\" width=\"600\" srcset=\"https:\/\/www.lavisqteam.fr\/wp-content\/uploads\/2022\/08\/296739278_1227815287785145_6489312975627288256_n-1024x683.jpg 1024w, https:\/\/www.lavisqteam.fr\/wp-content\/uploads\/2022\/08\/296739278_1227815287785145_6489312975627288256_n-300x200.jpg 300w, https:\/\/www.lavisqteam.fr\/wp-content\/uploads\/2022\/08\/296739278_1227815287785145_6489312975627288256_n-768x512.jpg 768w, https:\/\/www.lavisqteam.fr\/wp-content\/uploads\/2022\/08\/296739278_1227815287785145_6489312975627288256_n-1536x1024.jpg 1536w, https:\/\/www.lavisqteam.fr\/wp-content\/uploads\/2022\/08\/296739278_1227815287785145_6489312975627288256_n.jpg 1600w\" sizes=\"(max-width: 1024px) 100vw, 1024px\" \/><\/a><\/figure><\/div>\n\n\n<p>Quoi qu&rsquo;il en soit, revenons au film qui nous int\u00e9resse aujourd&rsquo;hui, \u00ab\u00a0<strong>Rifkin&rsquo;s Festival<\/strong>\u00ab\u00a0, que <em>Woody Allen<\/em> a tourn\u00e9 en Espagne dans la ville de Saint-S\u00e9bastien. Loin d&rsquo;\u00eatre un grand <em>Woody Allen<\/em>, ce petit cru 2022 pour le r\u00e9alisateur a toutefois son charme qui nous fait pass\u00e9s au-dessus de la d\u00e9ception qu&rsquo;avait \u00e9t\u00e9 \u00ab\u00a0<strong>Un jour de pluie \u00e0 New York<\/strong>\u00ab\u00a0. Sorte de psychanalyse, \u00ab\u00a0<strong>Rifkin&rsquo;s Festival<\/strong>\u00a0\u00bb est un savoureux m\u00e9lange entre nostalgie, d\u00e9claration d&rsquo;amour et com\u00e9die avec cette \u00e9criture dont <em>Woody Allen<\/em> a le secret. Ainsi, m\u00eame si on n&rsquo;est pas dans la tranche d&rsquo;un \u00ab\u00a0<strong>Wonder Wheel<\/strong>\u00a0\u00bb ou \u00ab\u00a0<strong>L&rsquo;homme irrationnel<\/strong>\u00a0\u00bb (pour citer ses derniers excellents films), ce petit \u00ab\u00a0<strong>Rifkin&rsquo;s Festival<\/strong>\u00a0\u00bb amuse, envo\u00fbte, et au bout du compte, il est plaisant \u00e0 la d\u00e9couverte, d&rsquo;autant plus que <em>Wallace Shawn<\/em> en ersatz de <em>Woody Allen<\/em> y est plus que parfait.<\/p>\n\n\n\n<p>Mort Rifkin se rend au Festival de Saint-Sebastien pour y suivre sa femme, qui est l&rsquo;attach\u00e9e de presse d&rsquo;un cin\u00e9aste fran\u00e7ais qui commence \u00e0 sacr\u00e9ment percer. Mort se fiche un peu du festival, ce qui l&rsquo;int\u00e9resse, c&rsquo;est l&rsquo;Espagne. Vieillissant, Mort sent une petite douleur dans sa poitrine, et c&rsquo;est ainsi qu&rsquo;il va faire la connaissance du Docteur Jo Rojas, une jeune femme qui va charmer ce vieux Mort, et avec laquelle il va prendre plaisir \u00e0 d\u00e9couvrir la ville, et \u00e0 m\u00eame se fantasmer dans quelques s\u00e9quences tr\u00e8s cin\u00e9matographiques&#8230;<\/p>\n\n\n\n<p>Le cin\u00e9ma de <em>Woody Allen<\/em>, c&rsquo;est comme des montagnes russes, avec ses sommets d&rsquo;un c\u00f4t\u00e9 et ses plus bas que de terre de l&rsquo;autre (oui, avec plus de cinquante ans de carri\u00e8re et tout autant de films, le r\u00e9alisateur ne peut pas toujours \u00eatre au top) et aujourd&rsquo;hui, on s&rsquo;arr\u00eate sur ce nouveau cru qui comme je le disais, est somme toute plut\u00f4t sympathique.<\/p>\n\n\n\n<p>\u00c0 la crois\u00e9e de la com\u00e9die et du drame psychanalytique, <em>Woody Allen<\/em> nous plonge dans le quotidien vacancier de Mort, un personnage qui pourrait tr\u00e8s bien \u00eatre <em>Woody Allen<\/em> lui-m\u00eame tant ce personnage haut en couleurs, qui parle beaucoup et se pose trop de questions, ressemble \u00e0 <em>Woody Allen<\/em>. Bref.<\/p>\n\n\n\n<p>Pour cette nouvelle \u00e9chapp\u00e9e en Europe, <em>Woody Allen<\/em> reprend une grande partie des \u00e9l\u00e9ments qui font vivre son cin\u00e9ma depuis toujours. Ainsi, au sein de ce sc\u00e9nario, on trouvera des relations de couples, des personnages qui ne cessent de se croiser, des personnages de tout horizon. C&rsquo;est vrai que ces th\u00e8mes-l\u00e0 ont tellement \u00e9t\u00e9 explor\u00e9s par le cin\u00e9aste que \u00e7a peut sentir le r\u00e9chauff\u00e9 dans un sens, mais en m\u00eame temps, c&rsquo;est tellement ancr\u00e9 dans le cin\u00e9ma de <em>Woody Allen<\/em>, que c&rsquo;est \u00e9vident, on ne s&rsquo;attend pas \u00e0 autre chose. Puis derri\u00e8re ces relations, ces coucheries \u00e0 droite et \u00e0 gauche, \u00ab\u00a0<strong>Rifkin&rsquo;s Festival<\/strong>\u00a0\u00bb est un film qui parle de cin\u00e9ma, autre sujet important de la filmo d&rsquo;<em>Allen<\/em> et dans ce film, il y en a m\u00eame un peu plus que d&rsquo;habitude, puisque le r\u00e9alisateur fait une tr\u00e8s belle d\u00e9claration d&rsquo;amour \u00e0 tout un cin\u00e9ma qui l&rsquo;a fait vibrer.<\/p>\n\n\n\n<p>\u00ab\u00a0<strong>Rifkin&rsquo;s Festival<\/strong>\u00a0\u00bb citera alors <em>Fran\u00e7ois Truffaut<\/em>, <em>Ingmar Bergman<\/em>, <em>Federico Fellini<\/em>, <em>Claude Lelouch<\/em>, <em>Orson Welles<\/em>, dans des s\u00e9quences fantasm\u00e9es en noir et blanc qui sont de toute beaut\u00e9. D&rsquo;ailleurs, plus que les petites psychanalyses amoureuses qu&rsquo;on trouve dans ce film, ce sont ces sc\u00e8nes-l\u00e0 qui ont le plus d\u2019int\u00e9r\u00eat. Ces s\u00e9quences entrent parfaitement dans ce film, et lui donnent un tr\u00e8s joli charme, en plus d&rsquo;\u00eatre tr\u00e8s plaisantes \u00e0 suivre, car <em>Woody Allen <\/em>a r\u00e9\u00e9crit les sc\u00e8nes pour les adapter \u00e0 son intrigue, ce qui donne des moments plut\u00f4t savoureux. Puis on sent que c&rsquo;est sinc\u00e8re et amoureux de la part du r\u00e9alisateur qui s&rsquo;amuse avec ces hommages, dans lesquels <em>Wallace Shawn<\/em> est vraiment parfait.<\/p>\n\n\n\n<p>Pour le reste, \u00ab\u00a0<strong>Rifkin&rsquo;s Festival<\/strong>\u00a0\u00bb est une machine parfaitement huil\u00e9e, avec comme toujours ce rythme Allenien qui fait que tout s&rsquo;encha\u00eene bien. \u00c9videmment, la BO jazzy entra\u00eenante qu&rsquo;on trouve dans tous les films de <em>Woody Allen<\/em> est bien l\u00e0. Le r\u00e9alisateur pars\u00e8me son film de r\u00e9pliques bien vues qui accentuent son c\u00f4t\u00e9 com\u00e9die, ce qui nous fait sourire et passer un petit moment sympa. Puis enfin, comme toujours, le r\u00e9alisateur a r\u00e9uni un casting assez incroyable, au sein duquel on trouve une <em>Elena Anaya<\/em> pleine de charme, un <em>Louis Garrel<\/em> terrible d&rsquo;\u00e9gocentrisme en r\u00e9alisateur fran\u00e7ais qui veut ni plus ni moins que r\u00e9soudre le conflit isra\u00e9lo-palestinien en un film. On trouvera aussi avec plaisir la trop rare <em>Gena Gershon<\/em>, ou encore <em>Sergi L\u00f3pez<\/em> pris sur le fait, et enfin <em>Christoph Waltz<\/em> qui incarnera la mort de <em>Bergman<\/em> revue par <em>Woody Allen<\/em>. Mais bien s\u00fbr, comme je l&rsquo;ai d\u00e9j\u00e0 \u00e9voqu\u00e9, au-dessus de ce tr\u00e8s bon casting, il y a <em>Wallace Shawn<\/em> qui excelle dans la peau de ce personnage Allenien par excellence.<\/p>\n\n\n<div class=\"wp-block-image\">\n<figure class=\"aligncenter size-large is-resized\"><a href=\"https:\/\/www.lavisqteam.fr\/wp-content\/uploads\/2022\/08\/297402147_914471919513342_9205061252098528_n.jpg\"><img src=\"https:\/\/www.lavisqteam.fr\/wp-content\/uploads\/2022\/08\/297402147_914471919513342_9205061252098528_n-1024x683.jpg\" alt=\"\" class=\"wp-image-65092\" width=\"600\" srcset=\"https:\/\/www.lavisqteam.fr\/wp-content\/uploads\/2022\/08\/297402147_914471919513342_9205061252098528_n-1024x683.jpg 1024w, https:\/\/www.lavisqteam.fr\/wp-content\/uploads\/2022\/08\/297402147_914471919513342_9205061252098528_n-300x200.jpg 300w, https:\/\/www.lavisqteam.fr\/wp-content\/uploads\/2022\/08\/297402147_914471919513342_9205061252098528_n-768x512.jpg 768w, https:\/\/www.lavisqteam.fr\/wp-content\/uploads\/2022\/08\/297402147_914471919513342_9205061252098528_n-1536x1024.jpg 1536w, https:\/\/www.lavisqteam.fr\/wp-content\/uploads\/2022\/08\/297402147_914471919513342_9205061252098528_n.jpg 1600w\" sizes=\"(max-width: 1024px) 100vw, 1024px\" \/><\/a><\/figure><\/div>\n\n\n<p>Ce <em>Woody Allen<\/em>, qui a tout l&rsquo;air de se poser comme son avant-dernier film, est donc un petit cru tout ce qu&rsquo;il peut y avoir de sympathique. S\u2019il sent quelque peu le d\u00e9j\u00e0 vu chez le r\u00e9alisateur avec ces id\u00e9es de couples sur la fin, il arrive aussi \u00e0 se faire original lorsqu&rsquo;il parle de cin\u00e9ma et qu&rsquo;il s&rsquo;amuse joyeusement \u00e0 se lancer dans des reconstitutions hommages qu&rsquo;on n&rsquo;avait pas vu venir. Bien mieux que \u00ab\u00a0<strong>Un jour de pluie \u00e0 New York<\/strong>\u00ab\u00a0, sans pour autant s&rsquo;imposer comme un essentiel de <em>Woody Allen<\/em>, ce \u00ab\u00a0<strong>Rifkin&rsquo;s Festival<\/strong>\u00a0\u00bb sait se faire plaisant, donc si jamais l&rsquo;occasion se pr\u00e9sente, pourquoi pas se laisser tenter&#8230;<\/p>\n\n\n\n<p><strong>Note&nbsp;: 12\/20<\/strong><\/p>\n\n\n\n<figure class=\"wp-block-embed is-type-video is-provider-youtube wp-block-embed-youtube wp-embed-aspect-16-9 wp-has-aspect-ratio\"><div class=\"wp-block-embed__wrapper\">\n<iframe loading=\"lazy\" title=\"Rifkin&#039;s Festival - Bande-annonce\" width=\"1200\" height=\"675\" src=\"https:\/\/www.youtube.com\/embed\/vPYi2KcMYrU?feature=oembed\" frameborder=\"0\" allow=\"accelerometer; autoplay; clipboard-write; encrypted-media; gyroscope; picture-in-picture\" allowfullscreen><\/iframe>\n<\/div><\/figure>\n\n\n\n<p class=\"has-text-align-right\">Par <strong>Cin\u00e9ted<\/strong><\/p>\n","protected":false},"excerpt":{"rendered":"<p>De&nbsp;: Woody Allen Avec Wallace Shawn, Elena Anaya, Gina Gershon, Louis Garrel Ann\u00e9e&nbsp;: 2022 Pays&nbsp;: Etats-Unis, Espagne, Italie Genre&nbsp;: Com\u00e9die, Romance R\u00e9sum\u00e9&nbsp;: Un couple d&rsquo;Am\u00e9ricains &hellip; <\/p>\n","protected":false},"author":4,"featured_media":65094,"comment_status":"open","ping_status":"open","sticky":false,"template":"","format":"standard","meta":[],"categories":[7],"tags":[],"yoast_head":"<!-- This site is optimized with the Yoast SEO plugin v19.6.1 - https:\/\/yoast.com\/wordpress\/plugins\/seo\/ -->\n<title>Rifkin&#039;s Festival - Lavisqteam.fr<\/title>\n<meta name=\"robots\" content=\"index, follow, max-snippet:-1, max-image-preview:large, max-video-preview:-1\" \/>\n<link rel=\"canonical\" href=\"https:\/\/www.lavisqteam.fr\/?p=65090\" \/>\n<meta property=\"og:locale\" content=\"fr_FR\" \/>\n<meta property=\"og:type\" content=\"article\" \/>\n<meta property=\"og:title\" content=\"Rifkin&#039;s Festival - Lavisqteam.fr\" \/>\n<meta property=\"og:description\" content=\"De&nbsp;: Woody Allen Avec Wallace Shawn, Elena Anaya, Gina Gershon, Louis Garrel Ann\u00e9e&nbsp;: 2022 Pays&nbsp;: Etats-Unis, Espagne, Italie Genre&nbsp;: Com\u00e9die, Romance R\u00e9sum\u00e9&nbsp;: Un couple d&rsquo;Am\u00e9ricains &hellip;\" \/>\n<meta property=\"og:url\" content=\"https:\/\/www.lavisqteam.fr\/?p=65090\" \/>\n<meta property=\"og:site_name\" content=\"Lavisqteam.fr\" \/>\n<meta property=\"article:published_time\" content=\"2022-08-08T10:01:16+00:00\" \/>\n<meta property=\"article:modified_time\" content=\"2022-08-08T10:01:19+00:00\" \/>\n<meta property=\"og:image\" content=\"https:\/\/www.lavisqteam.fr\/wp-content\/uploads\/2022\/08\/rifk.jpg\" \/>\n\t<meta property=\"og:image:width\" content=\"727\" \/>\n\t<meta property=\"og:image:height\" content=\"395\" \/>\n\t<meta property=\"og:image:type\" content=\"image\/jpeg\" \/>\n<meta name=\"author\" content=\"Cineted\" \/>\n<meta name=\"twitter:card\" content=\"summary_large_image\" \/>\n<meta name=\"twitter:image\" content=\"https:\/\/www.lavisqteam.fr\/wp-content\/uploads\/2022\/08\/rifk.jpg\" \/>\n<meta name=\"twitter:label1\" content=\"\u00c9crit par\" \/>\n\t<meta name=\"twitter:data1\" content=\"Cineted\" \/>\n\t<meta name=\"twitter:label2\" content=\"Dur\u00e9e de lecture estim\u00e9e\" \/>\n\t<meta name=\"twitter:data2\" content=\"7 minutes\" \/>\n<script type=\"application\/ld+json\" class=\"yoast-schema-graph\">{\"@context\":\"https:\/\/schema.org\",\"@graph\":[{\"@type\":\"Article\",\"@id\":\"https:\/\/www.lavisqteam.fr\/?p=65090#article\",\"isPartOf\":{\"@id\":\"https:\/\/www.lavisqteam.fr\/?p=65090\"},\"author\":{\"name\":\"Cineted\",\"@id\":\"https:\/\/www.lavisqteam.fr\/#\/schema\/person\/4ed7295b68bc3daae9094db5f1f9f913\"},\"headline\":\"Rifkin&rsquo;s Festival\",\"datePublished\":\"2022-08-08T10:01:16+00:00\",\"dateModified\":\"2022-08-08T10:01:19+00:00\",\"mainEntityOfPage\":{\"@id\":\"https:\/\/www.lavisqteam.fr\/?p=65090\"},\"wordCount\":1205,\"commentCount\":0,\"publisher\":{\"@id\":\"https:\/\/www.lavisqteam.fr\/#organization\"},\"articleSection\":[\"Cin\u00e9ma\"],\"inLanguage\":\"fr-FR\",\"potentialAction\":[{\"@type\":\"CommentAction\",\"name\":\"Comment\",\"target\":[\"https:\/\/www.lavisqteam.fr\/?p=65090#respond\"]}]},{\"@type\":\"WebPage\",\"@id\":\"https:\/\/www.lavisqteam.fr\/?p=65090\",\"url\":\"https:\/\/www.lavisqteam.fr\/?p=65090\",\"name\":\"Rifkin's Festival - Lavisqteam.fr\",\"isPartOf\":{\"@id\":\"https:\/\/www.lavisqteam.fr\/#website\"},\"datePublished\":\"2022-08-08T10:01:16+00:00\",\"dateModified\":\"2022-08-08T10:01:19+00:00\",\"breadcrumb\":{\"@id\":\"https:\/\/www.lavisqteam.fr\/?p=65090#breadcrumb\"},\"inLanguage\":\"fr-FR\",\"potentialAction\":[{\"@type\":\"ReadAction\",\"target\":[\"https:\/\/www.lavisqteam.fr\/?p=65090\"]}]},{\"@type\":\"BreadcrumbList\",\"@id\":\"https:\/\/www.lavisqteam.fr\/?p=65090#breadcrumb\",\"itemListElement\":[{\"@type\":\"ListItem\",\"position\":1,\"name\":\"Accueil\",\"item\":\"https:\/\/www.lavisqteam.fr\/\"},{\"@type\":\"ListItem\",\"position\":2,\"name\":\"Rifkin&rsquo;s Festival\"}]},{\"@type\":\"WebSite\",\"@id\":\"https:\/\/www.lavisqteam.fr\/#website\",\"url\":\"https:\/\/www.lavisqteam.fr\/\",\"name\":\"Lavisqteam.fr\",\"description\":\"\",\"publisher\":{\"@id\":\"https:\/\/www.lavisqteam.fr\/#organization\"},\"potentialAction\":[{\"@type\":\"SearchAction\",\"target\":{\"@type\":\"EntryPoint\",\"urlTemplate\":\"https:\/\/www.lavisqteam.fr\/?s={search_term_string}\"},\"query-input\":\"required name=search_term_string\"}],\"inLanguage\":\"fr-FR\"},{\"@type\":\"Organization\",\"@id\":\"https:\/\/www.lavisqteam.fr\/#organization\",\"name\":\"Lavisqteam.fr\",\"url\":\"https:\/\/www.lavisqteam.fr\/\",\"sameAs\":[],\"logo\":{\"@type\":\"ImageObject\",\"inLanguage\":\"fr-FR\",\"@id\":\"https:\/\/www.lavisqteam.fr\/#\/schema\/logo\/image\/\",\"url\":\"https:\/\/www.lavisqteam.fr\/wp-content\/uploads\/2020\/08\/cropped-80879545_3479261675449035_4078032831501041664_o-4.jpg\",\"contentUrl\":\"https:\/\/www.lavisqteam.fr\/wp-content\/uploads\/2020\/08\/cropped-80879545_3479261675449035_4078032831501041664_o-4.jpg\",\"width\":1674,\"height\":536,\"caption\":\"Lavisqteam.fr\"},\"image\":{\"@id\":\"https:\/\/www.lavisqteam.fr\/#\/schema\/logo\/image\/\"}},{\"@type\":\"Person\",\"@id\":\"https:\/\/www.lavisqteam.fr\/#\/schema\/person\/4ed7295b68bc3daae9094db5f1f9f913\",\"name\":\"Cineted\",\"image\":{\"@type\":\"ImageObject\",\"inLanguage\":\"fr-FR\",\"@id\":\"https:\/\/www.lavisqteam.fr\/#\/schema\/person\/image\/\",\"url\":\"https:\/\/secure.gravatar.com\/avatar\/2d66d0012368c91013200ba69885bddd?s=96&d=mm&r=g\",\"contentUrl\":\"https:\/\/secure.gravatar.com\/avatar\/2d66d0012368c91013200ba69885bddd?s=96&d=mm&r=g\",\"caption\":\"Cineted\"},\"url\":\"https:\/\/www.lavisqteam.fr\/?author=4\"}]}<\/script>\n<!-- \/ Yoast SEO plugin. -->","yoast_head_json":{"title":"Rifkin's Festival - Lavisqteam.fr","robots":{"index":"index","follow":"follow","max-snippet":"max-snippet:-1","max-image-preview":"max-image-preview:large","max-video-preview":"max-video-preview:-1"},"canonical":"https:\/\/www.lavisqteam.fr\/?p=65090","og_locale":"fr_FR","og_type":"article","og_title":"Rifkin's Festival - Lavisqteam.fr","og_description":"De&nbsp;: Woody Allen Avec Wallace Shawn, Elena Anaya, Gina Gershon, Louis Garrel Ann\u00e9e&nbsp;: 2022 Pays&nbsp;: Etats-Unis, Espagne, Italie Genre&nbsp;: Com\u00e9die, Romance R\u00e9sum\u00e9&nbsp;: Un couple d&rsquo;Am\u00e9ricains &hellip;","og_url":"https:\/\/www.lavisqteam.fr\/?p=65090","og_site_name":"Lavisqteam.fr","article_published_time":"2022-08-08T10:01:16+00:00","article_modified_time":"2022-08-08T10:01:19+00:00","og_image":[{"width":727,"height":395,"url":"https:\/\/www.lavisqteam.fr\/wp-content\/uploads\/2022\/08\/rifk.jpg","type":"image\/jpeg"}],"author":"Cineted","twitter_card":"summary_large_image","twitter_image":"https:\/\/www.lavisqteam.fr\/wp-content\/uploads\/2022\/08\/rifk.jpg","twitter_misc":{"\u00c9crit par":"Cineted","Dur\u00e9e de lecture estim\u00e9e":"7 minutes"},"schema":{"@context":"https:\/\/schema.org","@graph":[{"@type":"Article","@id":"https:\/\/www.lavisqteam.fr\/?p=65090#article","isPartOf":{"@id":"https:\/\/www.lavisqteam.fr\/?p=65090"},"author":{"name":"Cineted","@id":"https:\/\/www.lavisqteam.fr\/#\/schema\/person\/4ed7295b68bc3daae9094db5f1f9f913"},"headline":"Rifkin&rsquo;s Festival","datePublished":"2022-08-08T10:01:16+00:00","dateModified":"2022-08-08T10:01:19+00:00","mainEntityOfPage":{"@id":"https:\/\/www.lavisqteam.fr\/?p=65090"},"wordCount":1205,"commentCount":0,"publisher":{"@id":"https:\/\/www.lavisqteam.fr\/#organization"},"articleSection":["Cin\u00e9ma"],"inLanguage":"fr-FR","potentialAction":[{"@type":"CommentAction","name":"Comment","target":["https:\/\/www.lavisqteam.fr\/?p=65090#respond"]}]},{"@type":"WebPage","@id":"https:\/\/www.lavisqteam.fr\/?p=65090","url":"https:\/\/www.lavisqteam.fr\/?p=65090","name":"Rifkin's Festival - Lavisqteam.fr","isPartOf":{"@id":"https:\/\/www.lavisqteam.fr\/#website"},"datePublished":"2022-08-08T10:01:16+00:00","dateModified":"2022-08-08T10:01:19+00:00","breadcrumb":{"@id":"https:\/\/www.lavisqteam.fr\/?p=65090#breadcrumb"},"inLanguage":"fr-FR","potentialAction":[{"@type":"ReadAction","target":["https:\/\/www.lavisqteam.fr\/?p=65090"]}]},{"@type":"BreadcrumbList","@id":"https:\/\/www.lavisqteam.fr\/?p=65090#breadcrumb","itemListElement":[{"@type":"ListItem","position":1,"name":"Accueil","item":"https:\/\/www.lavisqteam.fr\/"},{"@type":"ListItem","position":2,"name":"Rifkin&rsquo;s Festival"}]},{"@type":"WebSite","@id":"https:\/\/www.lavisqteam.fr\/#website","url":"https:\/\/www.lavisqteam.fr\/","name":"Lavisqteam.fr","description":"","publisher":{"@id":"https:\/\/www.lavisqteam.fr\/#organization"},"potentialAction":[{"@type":"SearchAction","target":{"@type":"EntryPoint","urlTemplate":"https:\/\/www.lavisqteam.fr\/?s={search_term_string}"},"query-input":"required name=search_term_string"}],"inLanguage":"fr-FR"},{"@type":"Organization","@id":"https:\/\/www.lavisqteam.fr\/#organization","name":"Lavisqteam.fr","url":"https:\/\/www.lavisqteam.fr\/","sameAs":[],"logo":{"@type":"ImageObject","inLanguage":"fr-FR","@id":"https:\/\/www.lavisqteam.fr\/#\/schema\/logo\/image\/","url":"https:\/\/www.lavisqteam.fr\/wp-content\/uploads\/2020\/08\/cropped-80879545_3479261675449035_4078032831501041664_o-4.jpg","contentUrl":"https:\/\/www.lavisqteam.fr\/wp-content\/uploads\/2020\/08\/cropped-80879545_3479261675449035_4078032831501041664_o-4.jpg","width":1674,"height":536,"caption":"Lavisqteam.fr"},"image":{"@id":"https:\/\/www.lavisqteam.fr\/#\/schema\/logo\/image\/"}},{"@type":"Person","@id":"https:\/\/www.lavisqteam.fr\/#\/schema\/person\/4ed7295b68bc3daae9094db5f1f9f913","name":"Cineted","image":{"@type":"ImageObject","inLanguage":"fr-FR","@id":"https:\/\/www.lavisqteam.fr\/#\/schema\/person\/image\/","url":"https:\/\/secure.gravatar.com\/avatar\/2d66d0012368c91013200ba69885bddd?s=96&d=mm&r=g","contentUrl":"https:\/\/secure.gravatar.com\/avatar\/2d66d0012368c91013200ba69885bddd?s=96&d=mm&r=g","caption":"Cineted"},"url":"https:\/\/www.lavisqteam.fr\/?author=4"}]}},"jetpack_featured_media_url":"https:\/\/www.lavisqteam.fr\/wp-content\/uploads\/2022\/08\/rifk.jpg","_links":{"self":[{"href":"https:\/\/www.lavisqteam.fr\/index.php?rest_route=\/wp\/v2\/posts\/65090"}],"collection":[{"href":"https:\/\/www.lavisqteam.fr\/index.php?rest_route=\/wp\/v2\/posts"}],"about":[{"href":"https:\/\/www.lavisqteam.fr\/index.php?rest_route=\/wp\/v2\/types\/post"}],"author":[{"embeddable":true,"href":"https:\/\/www.lavisqteam.fr\/index.php?rest_route=\/wp\/v2\/users\/4"}],"replies":[{"embeddable":true,"href":"https:\/\/www.lavisqteam.fr\/index.php?rest_route=%2Fwp%2Fv2%2Fcomments&post=65090"}],"version-history":[{"count":1,"href":"https:\/\/www.lavisqteam.fr\/index.php?rest_route=\/wp\/v2\/posts\/65090\/revisions"}],"predecessor-version":[{"id":65095,"href":"https:\/\/www.lavisqteam.fr\/index.php?rest_route=\/wp\/v2\/posts\/65090\/revisions\/65095"}],"wp:featuredmedia":[{"embeddable":true,"href":"https:\/\/www.lavisqteam.fr\/index.php?rest_route=\/wp\/v2\/media\/65094"}],"wp:attachment":[{"href":"https:\/\/www.lavisqteam.fr\/index.php?rest_route=%2Fwp%2Fv2%2Fmedia&parent=65090"}],"wp:term":[{"taxonomy":"category","embeddable":true,"href":"https:\/\/www.lavisqteam.fr\/index.php?rest_route=%2Fwp%2Fv2%2Fcategories&post=65090"},{"taxonomy":"post_tag","embeddable":true,"href":"https:\/\/www.lavisqteam.fr\/index.php?rest_route=%2Fwp%2Fv2%2Ftags&post=65090"}],"curies":[{"name":"wp","href":"https:\/\/api.w.org\/{rel}","templated":true}]}}