{"id":64611,"date":"2022-07-07T22:20:09","date_gmt":"2022-07-07T22:20:09","guid":{"rendered":"https:\/\/www.lavisqteam.fr\/?p=64611"},"modified":"2022-08-29T11:43:09","modified_gmt":"2022-08-29T11:43:09","slug":"i-love-greece-cest-pas-la-feta-la-maison","status":"publish","type":"post","link":"https:\/\/www.lavisqteam.fr\/?p=64611","title":{"rendered":"I Love Greece &#8211; C&rsquo;est pas la F\u00eata la Maison"},"content":{"rendered":"<div class=\"wp-block-image\">\n<figure class=\"aligncenter size-large is-resized\"><a href=\"https:\/\/www.lavisqteam.fr\/wp-content\/uploads\/2022\/07\/292439460_5666689703349955_6675435235291076460_n.gif\"><img src=\"https:\/\/www.lavisqteam.fr\/wp-content\/uploads\/2022\/07\/292439460_5666689703349955_6675435235291076460_n-783x1024.gif\" alt=\"\" class=\"wp-image-64612\" width=\"600\" srcset=\"https:\/\/www.lavisqteam.fr\/wp-content\/uploads\/2022\/07\/292439460_5666689703349955_6675435235291076460_n-783x1024.gif 783w, https:\/\/www.lavisqteam.fr\/wp-content\/uploads\/2022\/07\/292439460_5666689703349955_6675435235291076460_n-229x300.gif 229w, https:\/\/www.lavisqteam.fr\/wp-content\/uploads\/2022\/07\/292439460_5666689703349955_6675435235291076460_n-768x1004.gif 768w\" sizes=\"(max-width: 783px) 100vw, 783px\" \/><\/a><\/figure><\/div>\n\n\n<p><strong>De&nbsp;: <\/strong>Nafsika Guerry-Karamaounas<\/p>\n\n\n\n<p><strong>Avec <\/strong>Stacy Martin, Vincent Dedienne, Maria Apostolakea, Panagos Ioakeim<\/p>\n\n\n\n<p><strong>Ann\u00e9e&nbsp;: <\/strong>2022<\/p>\n\n\n\n<p><strong>Pays&nbsp;: <\/strong>France, Gr\u00e8ce<\/p>\n\n\n\n<p><strong>Genre&nbsp;: <\/strong>Com\u00e9die<\/p>\n\n\n\n<p><strong>R\u00e9sum\u00e9&nbsp;:<\/strong><\/p>\n\n\n\n<p>Jean et Marina, un couple franco-grec, partent \u00e0 Ath\u00e8nes pour les vacances d\u2019\u00e9t\u00e9. Ils y retrouvent l\u2019exub\u00e9rante famille de Marina et une Gr\u00e8ce en crise. Alors qu\u2019ils projettent de passer quelques jours en amoureux sur une petite \u00eele des Cyclades, toute la famille d\u00e9cide de les accompagner. Rien ne se passera comme pr\u00e9vu sous les feux de l\u2019Attique\u2026 &nbsp;<\/p>\n\n\n\n<p><strong>Avis&nbsp;:<\/strong><\/p>\n\n\n\n<p>Chaque ann\u00e9e, j&rsquo;aime d\u00e9couvrir de nouveaux univers et plus particuli\u00e8rement, j&rsquo;aime d\u00e9couvrir des premiers films, et aujourd&rsquo;hui, c&rsquo;est le cas avec \u00ab\u00a0<strong>I Love Greece<\/strong>\u00ab\u00a0, qui est le premier film de <em>Nafsika Guerry-Karamaounas<\/em>, une jeune cin\u00e9aste de trente-cinq ans qui est suisso-gr\u00e9co-britannique. Apr\u00e8s des \u00e9tudes en esth\u00e9tisme du cin\u00e9ma \u00e0 la Sorbonne dont elle sort dipl\u00f4m\u00e9e, <em>Nafsika Guerry-Karamaounas<\/em> r\u00e9alise plusieurs courts-m\u00e9trages qui vont se faire petit \u00e0 petit remarquer, notamment parce que la jeune femme offre une belle approche de ses personnages. En parall\u00e8le de cela, la metteuse en sc\u00e8ne travaille avec <em>James Cameron<\/em> sur le \u00ab\u00a0<strong>Deepsea Challenge Tour<\/strong>\u00ab\u00a0, et elle participe aussi \u00e0 l&rsquo;\u00e9criture d&rsquo;article dans la revue \u00ab\u00a0L&rsquo;art \u00e0 Gen\u00e8ve\u00a0\u00bb.<\/p>\n\n\n<div class=\"wp-block-image\">\n<figure class=\"aligncenter size-large is-resized\"><a href=\"https:\/\/www.lavisqteam.fr\/wp-content\/uploads\/2022\/07\/291772178_1236372577179415_6272195145604525519_n.jpg\"><img src=\"https:\/\/www.lavisqteam.fr\/wp-content\/uploads\/2022\/07\/291772178_1236372577179415_6272195145604525519_n-1024x512.jpg\" alt=\"\" class=\"wp-image-64614\" width=\"600\" srcset=\"https:\/\/www.lavisqteam.fr\/wp-content\/uploads\/2022\/07\/291772178_1236372577179415_6272195145604525519_n-1024x512.jpg 1024w, https:\/\/www.lavisqteam.fr\/wp-content\/uploads\/2022\/07\/291772178_1236372577179415_6272195145604525519_n-300x150.jpg 300w, https:\/\/www.lavisqteam.fr\/wp-content\/uploads\/2022\/07\/291772178_1236372577179415_6272195145604525519_n-768x384.jpg 768w, https:\/\/www.lavisqteam.fr\/wp-content\/uploads\/2022\/07\/291772178_1236372577179415_6272195145604525519_n-1536x768.jpg 1536w, https:\/\/www.lavisqteam.fr\/wp-content\/uploads\/2022\/07\/291772178_1236372577179415_6272195145604525519_n.jpg 1600w\" sizes=\"(max-width: 1024px) 100vw, 1024px\" \/><\/a><\/figure><\/div>\n\n\n<p>Avec cet agenda bien charg\u00e9, <em>Nafsika Guerry-Karamaounas<\/em> a trouv\u00e9 le temps d&rsquo;\u00e9crire, faire produire et donc r\u00e9aliser son premier film, \u00ab\u00a0<strong>I Love Greece<\/strong>\u00ab\u00a0, une petite com\u00e9die de couple sur fond de vacances familiales.<\/p>\n\n\n\n<p>Sur le papier, m\u00eame si cela ne r\u00e9volutionnait pas grand-chose, le premier film de <em>Nafsika Guerry-Karamaounas <\/em>donnait envie de s&rsquo;y arr\u00eater, ne serait-ce que pour le d\u00e9paysement. Puis il y a ces deux acteurs qui sont attachants, <em>Stacy Martin<\/em> et <em>Vincent Dedienne<\/em>. Mais voil\u00e0, \u00e7a, c&rsquo;est sur le papier, car une fois \u00e0 l&rsquo;\u00e9cran, \u00ab\u00a0<strong>I Love Greece<\/strong>\u00a0\u00bb est un film qui laissera presque pantois. Sans originalit\u00e9, tr\u00e8s convenu et pr\u00e9visible dans ce qu&rsquo;il raconte, joli mais assez lambda dans sa mise en sc\u00e8ne, ce premier film de <em>Nafsika Guerry-Karamaounas<\/em> n\u2019est pas mauvais, on peut m\u00eame dire qu&rsquo;il se laisse gentiment regarder, mais derri\u00e8re cette sensation, ce qui restera de \u00ab\u00a0<strong>I Love Greece<\/strong>\u00ab\u00a0, c&rsquo;est finalement pas grand-chose, comme si on l&rsquo;avait aussit\u00f4t vu, aussi oubli\u00e9. Dommage.<\/p>\n\n\n\n<p>Jean et Marina sont en couple depuis quelques ann\u00e9es maintenant. Originaire de Gr\u00e8ce, Marina r\u00eaverait de retourner y vivre, ce qui ne tente pas vraiment Jean, architecte dont le cabinet vient de d\u00e9crocher un joli premier contrat. Le couple part toutefois en vacances en Gr\u00e8ce, histoire de se d\u00e9tendre, profiter du soleil et par la m\u00eame, de la famille de Marianne. Or, la tranquillit\u00e9 recherch\u00e9e ne va pas \u00eatre au rendez-vous, et \u00e7a, d\u00e8s que le couple met les pieds sur le tarmac de l&rsquo;a\u00e9roport.<\/p>\n\n\n\n<p>Et bien en voil\u00e0 une belle d\u00e9ception que cet \u00ab\u00a0<strong>I Love Greece<\/strong>\u00ab\u00a0. \u00c0 la sortie de cette premi\u00e8re \u0153uvre, je dois dire que je suis assez emb\u00eat\u00e9, car d&rsquo;un c\u00f4t\u00e9, le film de <em>Nafsika Guerry-Karamaounas<\/em> se laisse regarder comme une petite com\u00e9die romantico-dramatique assez lambda, et de l&rsquo;autre, je ne peux pas dire non plus que le film de la jeune cin\u00e9aste soit incroyable, ou m\u00eame marquant, tant il emprunte les sentiers maintes et maintes fois emprunt\u00e9s avant lui.<\/p>\n\n\n\n<p>Alors c&rsquo;est vrai que le film a de jolis arguments pour lui, comme le fait de se laisser regarder sans ennui, ce qui est tr\u00e8s bien. Le rythme est plut\u00f4t bon, le d\u00e9paysement recherch\u00e9 est bien l\u00e0 avec les magnifiques paysages de la Gr\u00e8ce, ou encore les lumi\u00e8res du pays. On y trouve m\u00eame un peu d&rsquo;humour qui fonctionne bien, tout comme l&rsquo;alchimie entre ces personnages principaux qui marche bien. L&rsquo;ensemble est joliment film\u00e9, m\u00eame s\u2019il faut aussi dire que \u00e7a manque de caract\u00e8re. Et derri\u00e8re tout \u00e7a, au sein de cette petite, toute petite, histoire, la metteuse en sc\u00e8ne aborde des sujets qui sont int\u00e9ressants, comme la famille et les racines, le couple, l&rsquo;usure du couple, ou encore la crise \u00e9conomique, notamment en Gr\u00e8ce.<\/p>\n\n\n\n<p>On notera aussi le fantasme ou les souvenirs d&rsquo;une Gr\u00e8ce d&rsquo;avant, qui provoque une envie de revenir et un manque, alors que la r\u00e9alit\u00e9, en dehors des vacances, est tout autre. <em>Nafsika Guerry-Karamaounas<\/em> aborde plut\u00f4t bien tous ces sujets, mais il est vrai que pour beaucoup d&rsquo;entre eux, ils auraient m\u00e9rit\u00e9 d&rsquo;\u00eatre bien plus d\u00e9velopp\u00e9s, car ici, la r\u00e9alisatrice les survole, ce qui est vraiment dommage. Cette fa\u00e7on de faire laisse la sensation que <em>Nafsika Guerry-Karamaounas<\/em> avait des id\u00e9es, peut-\u00eatre m\u00eame un peu trop, et qu&rsquo;\u00e0 la place de trancher, elle a d\u00e9cid\u00e9 de tout mettre, sans pour autant aller plus loin que l&rsquo;\u00e9vocation de ces derni\u00e8res. On ajoutera \u00e0 cela un sc\u00e9nario qui cr\u00e9e de la p\u00e9rip\u00e9tie qui meuble (un enterrement ou encore une panne) pour finalement pas grand-chose de plus.<\/p>\n\n\n\n<p>Dans ce que l&rsquo;on peut aussi reprocher au film, c&rsquo;est ce manque d&rsquo;\u00e9motion qui manque justement sur l&rsquo;ensemble. Alors que l&rsquo;histoire de ce couple est touchante dans ses grandes lignes, on ne peut pas dire que \u00ab\u00a0<strong>I Love Greece<\/strong>\u00a0\u00bb nous bouscule, ou m\u00eame se fasse m\u00e9morable, ce qui est dommage. <em>Nafsika Guerry-Karamaounas<\/em> r\u00e9unit bien des ingr\u00e9dients, entre ces com\u00e9diens qui sont bons (m\u00eame si <em>Vincent Dedienne<\/em> commence \u00e0 l\u00e9g\u00e8rement s&rsquo;enfermer dans le m\u00eame r\u00f4le), leurs r\u00f4les, les h\u00e9sitations de leurs personnages, leur crainte, leurs peurs&#8230; Il y a vraiment de quoi offrir une histoire plus \u00e9motionnelle et force est de constater que \u00e7a ne d\u00e9colle pas vraiment. Un peu \u00e0 l&rsquo;image du film, on suit ces personnages, on se laisse toucher, mais \u00e7a ne va jamais plus loin, ce qui fait que finalement, on finira par les oublier et oublier leur histoire.<\/p>\n\n\n<div class=\"wp-block-image\">\n<figure class=\"aligncenter size-large is-resized\"><a href=\"https:\/\/www.lavisqteam.fr\/wp-content\/uploads\/2022\/07\/292008722_601459734663012_9175695428271523232_n.jpg\"><img src=\"https:\/\/www.lavisqteam.fr\/wp-content\/uploads\/2022\/07\/292008722_601459734663012_9175695428271523232_n-1024x510.jpg\" alt=\"\" class=\"wp-image-64613\" width=\"600\" srcset=\"https:\/\/www.lavisqteam.fr\/wp-content\/uploads\/2022\/07\/292008722_601459734663012_9175695428271523232_n-1024x510.jpg 1024w, https:\/\/www.lavisqteam.fr\/wp-content\/uploads\/2022\/07\/292008722_601459734663012_9175695428271523232_n-300x149.jpg 300w, https:\/\/www.lavisqteam.fr\/wp-content\/uploads\/2022\/07\/292008722_601459734663012_9175695428271523232_n-768x383.jpg 768w, https:\/\/www.lavisqteam.fr\/wp-content\/uploads\/2022\/07\/292008722_601459734663012_9175695428271523232_n-1536x765.jpg 1536w, https:\/\/www.lavisqteam.fr\/wp-content\/uploads\/2022\/07\/292008722_601459734663012_9175695428271523232_n.jpg 1600w\" sizes=\"(max-width: 1024px) 100vw, 1024px\" \/><\/a><\/figure><\/div>\n\n\n<p>Je ressors donc partag\u00e9 de ce premier film sign\u00e9 <em>Nafsika Guerry-Karamaounas<\/em>. Sur son ensemble, je ne peux pas dire que j&rsquo;ai pass\u00e9 un mauvais moment, ce serait mentir, mais je ne peux pas dire non plus que je fus transcend\u00e9 et boulevers\u00e9. \u00ab\u00a0<strong>I Love Greece<\/strong>\u00a0\u00bb se pose comme une petite com\u00e9die romantico-dramatique aussi sympathique \u00e0 sa d\u00e9couverte sur grand \u00e9cran, qu&rsquo;elle finira par malheureusement \u00eatre oubliable, face \u00e0 un manque d&rsquo;originalit\u00e9, de caract\u00e8re et au-del\u00e0 de \u00e7a, d&rsquo;\u00e9motion. Apr\u00e8s, comme la s\u00e9ance ne fut pas d\u00e9sagr\u00e9able, le film pourra toujours se laisser red\u00e9couvrir&#8230;<\/p>\n\n\n\n<p><strong>Note&nbsp;: 10\/20<\/strong><\/p>\n\n\n\n<figure class=\"wp-block-embed is-type-video is-provider-youtube wp-block-embed-youtube wp-embed-aspect-16-9 wp-has-aspect-ratio\"><div class=\"wp-block-embed__wrapper\">\n<iframe loading=\"lazy\" title=\"I LOVE GREECE Bande Annonce VF (2022, Com\u00e9die) Stacy Martin, Vincent Dedienne\" width=\"1200\" height=\"675\" src=\"https:\/\/www.youtube.com\/embed\/y1cpJzRQiJA?feature=oembed\" frameborder=\"0\" allow=\"accelerometer; autoplay; clipboard-write; encrypted-media; gyroscope; picture-in-picture\" allowfullscreen><\/iframe>\n<\/div><\/figure>\n\n\n\n<p class=\"has-text-align-right\">Par <strong>Cin\u00e9ted<\/strong><\/p>\n","protected":false},"excerpt":{"rendered":"<p>De&nbsp;: Nafsika Guerry-Karamaounas Avec Stacy Martin, Vincent Dedienne, Maria Apostolakea, Panagos Ioakeim Ann\u00e9e&nbsp;: 2022 Pays&nbsp;: France, Gr\u00e8ce Genre&nbsp;: Com\u00e9die R\u00e9sum\u00e9&nbsp;: Jean et Marina, un couple &hellip; <\/p>\n","protected":false},"author":4,"featured_media":64615,"comment_status":"open","ping_status":"open","sticky":false,"template":"","format":"standard","meta":[],"categories":[7],"tags":[],"yoast_head":"<!-- This site is optimized with the Yoast SEO plugin v19.6.1 - https:\/\/yoast.com\/wordpress\/plugins\/seo\/ -->\n<title>I Love Greece - C&#039;est pas la F\u00eata la Maison - Lavisqteam.fr<\/title>\n<meta name=\"robots\" content=\"index, follow, max-snippet:-1, max-image-preview:large, max-video-preview:-1\" \/>\n<link rel=\"canonical\" href=\"https:\/\/www.lavisqteam.fr\/?p=64611\" \/>\n<meta property=\"og:locale\" content=\"fr_FR\" \/>\n<meta property=\"og:type\" content=\"article\" \/>\n<meta property=\"og:title\" content=\"I Love Greece - C&#039;est pas la F\u00eata la Maison - Lavisqteam.fr\" \/>\n<meta property=\"og:description\" content=\"De&nbsp;: Nafsika Guerry-Karamaounas Avec Stacy Martin, Vincent Dedienne, Maria Apostolakea, Panagos Ioakeim Ann\u00e9e&nbsp;: 2022 Pays&nbsp;: France, Gr\u00e8ce Genre&nbsp;: Com\u00e9die R\u00e9sum\u00e9&nbsp;: Jean et Marina, un couple &hellip;\" \/>\n<meta property=\"og:url\" content=\"https:\/\/www.lavisqteam.fr\/?p=64611\" \/>\n<meta property=\"og:site_name\" content=\"Lavisqteam.fr\" \/>\n<meta property=\"article:published_time\" content=\"2022-07-07T22:20:09+00:00\" \/>\n<meta property=\"article:modified_time\" content=\"2022-08-29T11:43:09+00:00\" \/>\n<meta property=\"og:image\" content=\"https:\/\/www.lavisqteam.fr\/wp-content\/uploads\/2022\/07\/ilov.jpg\" \/>\n\t<meta property=\"og:image:width\" content=\"727\" \/>\n\t<meta property=\"og:image:height\" content=\"395\" \/>\n\t<meta property=\"og:image:type\" content=\"image\/jpeg\" \/>\n<meta name=\"author\" content=\"Cineted\" \/>\n<meta name=\"twitter:card\" content=\"summary_large_image\" \/>\n<meta name=\"twitter:image\" content=\"https:\/\/www.lavisqteam.fr\/wp-content\/uploads\/2022\/07\/ilov.jpg\" \/>\n<meta name=\"twitter:label1\" content=\"\u00c9crit par\" \/>\n\t<meta name=\"twitter:data1\" content=\"Cineted\" \/>\n\t<meta name=\"twitter:label2\" content=\"Dur\u00e9e de lecture estim\u00e9e\" \/>\n\t<meta name=\"twitter:data2\" content=\"6 minutes\" \/>\n<script type=\"application\/ld+json\" class=\"yoast-schema-graph\">{\"@context\":\"https:\/\/schema.org\",\"@graph\":[{\"@type\":\"Article\",\"@id\":\"https:\/\/www.lavisqteam.fr\/?p=64611#article\",\"isPartOf\":{\"@id\":\"https:\/\/www.lavisqteam.fr\/?p=64611\"},\"author\":{\"name\":\"Cineted\",\"@id\":\"https:\/\/www.lavisqteam.fr\/#\/schema\/person\/4ed7295b68bc3daae9094db5f1f9f913\"},\"headline\":\"I Love Greece &#8211; C&rsquo;est pas la F\u00eata la Maison\",\"datePublished\":\"2022-07-07T22:20:09+00:00\",\"dateModified\":\"2022-08-29T11:43:09+00:00\",\"mainEntityOfPage\":{\"@id\":\"https:\/\/www.lavisqteam.fr\/?p=64611\"},\"wordCount\":1140,\"commentCount\":0,\"publisher\":{\"@id\":\"https:\/\/www.lavisqteam.fr\/#organization\"},\"articleSection\":[\"Cin\u00e9ma\"],\"inLanguage\":\"fr-FR\",\"potentialAction\":[{\"@type\":\"CommentAction\",\"name\":\"Comment\",\"target\":[\"https:\/\/www.lavisqteam.fr\/?p=64611#respond\"]}]},{\"@type\":\"WebPage\",\"@id\":\"https:\/\/www.lavisqteam.fr\/?p=64611\",\"url\":\"https:\/\/www.lavisqteam.fr\/?p=64611\",\"name\":\"I Love Greece - C'est pas la F\u00eata la Maison - Lavisqteam.fr\",\"isPartOf\":{\"@id\":\"https:\/\/www.lavisqteam.fr\/#website\"},\"datePublished\":\"2022-07-07T22:20:09+00:00\",\"dateModified\":\"2022-08-29T11:43:09+00:00\",\"breadcrumb\":{\"@id\":\"https:\/\/www.lavisqteam.fr\/?p=64611#breadcrumb\"},\"inLanguage\":\"fr-FR\",\"potentialAction\":[{\"@type\":\"ReadAction\",\"target\":[\"https:\/\/www.lavisqteam.fr\/?p=64611\"]}]},{\"@type\":\"BreadcrumbList\",\"@id\":\"https:\/\/www.lavisqteam.fr\/?p=64611#breadcrumb\",\"itemListElement\":[{\"@type\":\"ListItem\",\"position\":1,\"name\":\"Accueil\",\"item\":\"https:\/\/www.lavisqteam.fr\/\"},{\"@type\":\"ListItem\",\"position\":2,\"name\":\"I Love Greece &#8211; C&rsquo;est pas la F\u00eata la Maison\"}]},{\"@type\":\"WebSite\",\"@id\":\"https:\/\/www.lavisqteam.fr\/#website\",\"url\":\"https:\/\/www.lavisqteam.fr\/\",\"name\":\"Lavisqteam.fr\",\"description\":\"\",\"publisher\":{\"@id\":\"https:\/\/www.lavisqteam.fr\/#organization\"},\"potentialAction\":[{\"@type\":\"SearchAction\",\"target\":{\"@type\":\"EntryPoint\",\"urlTemplate\":\"https:\/\/www.lavisqteam.fr\/?s={search_term_string}\"},\"query-input\":\"required name=search_term_string\"}],\"inLanguage\":\"fr-FR\"},{\"@type\":\"Organization\",\"@id\":\"https:\/\/www.lavisqteam.fr\/#organization\",\"name\":\"Lavisqteam.fr\",\"url\":\"https:\/\/www.lavisqteam.fr\/\",\"sameAs\":[],\"logo\":{\"@type\":\"ImageObject\",\"inLanguage\":\"fr-FR\",\"@id\":\"https:\/\/www.lavisqteam.fr\/#\/schema\/logo\/image\/\",\"url\":\"https:\/\/www.lavisqteam.fr\/wp-content\/uploads\/2020\/08\/cropped-80879545_3479261675449035_4078032831501041664_o-4.jpg\",\"contentUrl\":\"https:\/\/www.lavisqteam.fr\/wp-content\/uploads\/2020\/08\/cropped-80879545_3479261675449035_4078032831501041664_o-4.jpg\",\"width\":1674,\"height\":536,\"caption\":\"Lavisqteam.fr\"},\"image\":{\"@id\":\"https:\/\/www.lavisqteam.fr\/#\/schema\/logo\/image\/\"}},{\"@type\":\"Person\",\"@id\":\"https:\/\/www.lavisqteam.fr\/#\/schema\/person\/4ed7295b68bc3daae9094db5f1f9f913\",\"name\":\"Cineted\",\"image\":{\"@type\":\"ImageObject\",\"inLanguage\":\"fr-FR\",\"@id\":\"https:\/\/www.lavisqteam.fr\/#\/schema\/person\/image\/\",\"url\":\"https:\/\/secure.gravatar.com\/avatar\/2d66d0012368c91013200ba69885bddd?s=96&d=mm&r=g\",\"contentUrl\":\"https:\/\/secure.gravatar.com\/avatar\/2d66d0012368c91013200ba69885bddd?s=96&d=mm&r=g\",\"caption\":\"Cineted\"},\"url\":\"https:\/\/www.lavisqteam.fr\/?author=4\"}]}<\/script>\n<!-- \/ Yoast SEO plugin. -->","yoast_head_json":{"title":"I Love Greece - C'est pas la F\u00eata la Maison - Lavisqteam.fr","robots":{"index":"index","follow":"follow","max-snippet":"max-snippet:-1","max-image-preview":"max-image-preview:large","max-video-preview":"max-video-preview:-1"},"canonical":"https:\/\/www.lavisqteam.fr\/?p=64611","og_locale":"fr_FR","og_type":"article","og_title":"I Love Greece - C'est pas la F\u00eata la Maison - Lavisqteam.fr","og_description":"De&nbsp;: Nafsika Guerry-Karamaounas Avec Stacy Martin, Vincent Dedienne, Maria Apostolakea, Panagos Ioakeim Ann\u00e9e&nbsp;: 2022 Pays&nbsp;: France, Gr\u00e8ce Genre&nbsp;: Com\u00e9die R\u00e9sum\u00e9&nbsp;: Jean et Marina, un couple &hellip;","og_url":"https:\/\/www.lavisqteam.fr\/?p=64611","og_site_name":"Lavisqteam.fr","article_published_time":"2022-07-07T22:20:09+00:00","article_modified_time":"2022-08-29T11:43:09+00:00","og_image":[{"width":727,"height":395,"url":"https:\/\/www.lavisqteam.fr\/wp-content\/uploads\/2022\/07\/ilov.jpg","type":"image\/jpeg"}],"author":"Cineted","twitter_card":"summary_large_image","twitter_image":"https:\/\/www.lavisqteam.fr\/wp-content\/uploads\/2022\/07\/ilov.jpg","twitter_misc":{"\u00c9crit par":"Cineted","Dur\u00e9e de lecture estim\u00e9e":"6 minutes"},"schema":{"@context":"https:\/\/schema.org","@graph":[{"@type":"Article","@id":"https:\/\/www.lavisqteam.fr\/?p=64611#article","isPartOf":{"@id":"https:\/\/www.lavisqteam.fr\/?p=64611"},"author":{"name":"Cineted","@id":"https:\/\/www.lavisqteam.fr\/#\/schema\/person\/4ed7295b68bc3daae9094db5f1f9f913"},"headline":"I Love Greece &#8211; C&rsquo;est pas la F\u00eata la Maison","datePublished":"2022-07-07T22:20:09+00:00","dateModified":"2022-08-29T11:43:09+00:00","mainEntityOfPage":{"@id":"https:\/\/www.lavisqteam.fr\/?p=64611"},"wordCount":1140,"commentCount":0,"publisher":{"@id":"https:\/\/www.lavisqteam.fr\/#organization"},"articleSection":["Cin\u00e9ma"],"inLanguage":"fr-FR","potentialAction":[{"@type":"CommentAction","name":"Comment","target":["https:\/\/www.lavisqteam.fr\/?p=64611#respond"]}]},{"@type":"WebPage","@id":"https:\/\/www.lavisqteam.fr\/?p=64611","url":"https:\/\/www.lavisqteam.fr\/?p=64611","name":"I Love Greece - C'est pas la F\u00eata la Maison - Lavisqteam.fr","isPartOf":{"@id":"https:\/\/www.lavisqteam.fr\/#website"},"datePublished":"2022-07-07T22:20:09+00:00","dateModified":"2022-08-29T11:43:09+00:00","breadcrumb":{"@id":"https:\/\/www.lavisqteam.fr\/?p=64611#breadcrumb"},"inLanguage":"fr-FR","potentialAction":[{"@type":"ReadAction","target":["https:\/\/www.lavisqteam.fr\/?p=64611"]}]},{"@type":"BreadcrumbList","@id":"https:\/\/www.lavisqteam.fr\/?p=64611#breadcrumb","itemListElement":[{"@type":"ListItem","position":1,"name":"Accueil","item":"https:\/\/www.lavisqteam.fr\/"},{"@type":"ListItem","position":2,"name":"I Love Greece &#8211; C&rsquo;est pas la F\u00eata la Maison"}]},{"@type":"WebSite","@id":"https:\/\/www.lavisqteam.fr\/#website","url":"https:\/\/www.lavisqteam.fr\/","name":"Lavisqteam.fr","description":"","publisher":{"@id":"https:\/\/www.lavisqteam.fr\/#organization"},"potentialAction":[{"@type":"SearchAction","target":{"@type":"EntryPoint","urlTemplate":"https:\/\/www.lavisqteam.fr\/?s={search_term_string}"},"query-input":"required name=search_term_string"}],"inLanguage":"fr-FR"},{"@type":"Organization","@id":"https:\/\/www.lavisqteam.fr\/#organization","name":"Lavisqteam.fr","url":"https:\/\/www.lavisqteam.fr\/","sameAs":[],"logo":{"@type":"ImageObject","inLanguage":"fr-FR","@id":"https:\/\/www.lavisqteam.fr\/#\/schema\/logo\/image\/","url":"https:\/\/www.lavisqteam.fr\/wp-content\/uploads\/2020\/08\/cropped-80879545_3479261675449035_4078032831501041664_o-4.jpg","contentUrl":"https:\/\/www.lavisqteam.fr\/wp-content\/uploads\/2020\/08\/cropped-80879545_3479261675449035_4078032831501041664_o-4.jpg","width":1674,"height":536,"caption":"Lavisqteam.fr"},"image":{"@id":"https:\/\/www.lavisqteam.fr\/#\/schema\/logo\/image\/"}},{"@type":"Person","@id":"https:\/\/www.lavisqteam.fr\/#\/schema\/person\/4ed7295b68bc3daae9094db5f1f9f913","name":"Cineted","image":{"@type":"ImageObject","inLanguage":"fr-FR","@id":"https:\/\/www.lavisqteam.fr\/#\/schema\/person\/image\/","url":"https:\/\/secure.gravatar.com\/avatar\/2d66d0012368c91013200ba69885bddd?s=96&d=mm&r=g","contentUrl":"https:\/\/secure.gravatar.com\/avatar\/2d66d0012368c91013200ba69885bddd?s=96&d=mm&r=g","caption":"Cineted"},"url":"https:\/\/www.lavisqteam.fr\/?author=4"}]}},"jetpack_featured_media_url":"https:\/\/www.lavisqteam.fr\/wp-content\/uploads\/2022\/07\/ilov.jpg","_links":{"self":[{"href":"https:\/\/www.lavisqteam.fr\/index.php?rest_route=\/wp\/v2\/posts\/64611"}],"collection":[{"href":"https:\/\/www.lavisqteam.fr\/index.php?rest_route=\/wp\/v2\/posts"}],"about":[{"href":"https:\/\/www.lavisqteam.fr\/index.php?rest_route=\/wp\/v2\/types\/post"}],"author":[{"embeddable":true,"href":"https:\/\/www.lavisqteam.fr\/index.php?rest_route=\/wp\/v2\/users\/4"}],"replies":[{"embeddable":true,"href":"https:\/\/www.lavisqteam.fr\/index.php?rest_route=%2Fwp%2Fv2%2Fcomments&post=64611"}],"version-history":[{"count":1,"href":"https:\/\/www.lavisqteam.fr\/index.php?rest_route=\/wp\/v2\/posts\/64611\/revisions"}],"predecessor-version":[{"id":64616,"href":"https:\/\/www.lavisqteam.fr\/index.php?rest_route=\/wp\/v2\/posts\/64611\/revisions\/64616"}],"wp:featuredmedia":[{"embeddable":true,"href":"https:\/\/www.lavisqteam.fr\/index.php?rest_route=\/wp\/v2\/media\/64615"}],"wp:attachment":[{"href":"https:\/\/www.lavisqteam.fr\/index.php?rest_route=%2Fwp%2Fv2%2Fmedia&parent=64611"}],"wp:term":[{"taxonomy":"category","embeddable":true,"href":"https:\/\/www.lavisqteam.fr\/index.php?rest_route=%2Fwp%2Fv2%2Fcategories&post=64611"},{"taxonomy":"post_tag","embeddable":true,"href":"https:\/\/www.lavisqteam.fr\/index.php?rest_route=%2Fwp%2Fv2%2Ftags&post=64611"}],"curies":[{"name":"wp","href":"https:\/\/api.w.org\/{rel}","templated":true}]}}