{"id":63741,"date":"2022-05-04T15:07:04","date_gmt":"2022-05-04T15:07:04","guid":{"rendered":"https:\/\/www.lavisqteam.fr\/?p=63741"},"modified":"2022-05-04T15:07:07","modified_gmt":"2022-05-04T15:07:07","slug":"le-monde-apres-nous","status":"publish","type":"post","link":"https:\/\/www.lavisqteam.fr\/?p=63741","title":{"rendered":"Le Monde Apr\u00e8s Nous"},"content":{"rendered":"\n<div class=\"wp-block-image\"><figure class=\"aligncenter size-large is-resized\"><a href=\"https:\/\/www.lavisqteam.fr\/wp-content\/uploads\/2022\/05\/275625581_1288925738258745_1310436126088232055_n.jpg\"><img src=\"https:\/\/www.lavisqteam.fr\/wp-content\/uploads\/2022\/05\/275625581_1288925738258745_1310436126088232055_n-768x1024.jpg\" alt=\"\" class=\"wp-image-63742\" width=\"600\" srcset=\"https:\/\/www.lavisqteam.fr\/wp-content\/uploads\/2022\/05\/275625581_1288925738258745_1310436126088232055_n-768x1024.jpg 768w, https:\/\/www.lavisqteam.fr\/wp-content\/uploads\/2022\/05\/275625581_1288925738258745_1310436126088232055_n-225x300.jpg 225w, https:\/\/www.lavisqteam.fr\/wp-content\/uploads\/2022\/05\/275625581_1288925738258745_1310436126088232055_n.jpg 810w\" sizes=\"(max-width: 768px) 100vw, 768px\" \/><\/a><\/figure><\/div>\n\n\n\n<p><strong>De&nbsp;: <\/strong>Louda Ben Salah-Cazanas<\/p>\n\n\n\n<p><strong>Avec <\/strong>Aur\u00e9lien Gabrielli, Louise Chevillotte, Saadia Benta\u00efeb, Jacques Nolot<\/p>\n\n\n\n<p><strong>Ann\u00e9e&nbsp;: <\/strong>2022<\/p>\n\n\n\n<p><strong>Pays&nbsp;: <\/strong>France<\/p>\n\n\n\n<p><strong>Genre&nbsp;: <\/strong>Drame, Romance<\/p>\n\n\n\n<p><strong>R\u00e9sum\u00e9&nbsp;:<\/strong><\/p>\n\n\n\n<p>Labidi est un jeune d\u2019aujourd\u2019hui : il va de petites magouilles en jobs d\u2019appoint, habite en colocation dans une chambre de bonne et se r\u00eave \u00e9crivain. Mais sa rencontre avec Elisa l\u2019oblige \u00e0 repenser son train de vie au-dessus de ses moyens.<\/p>\n\n\n\n<p><strong>Avis&nbsp;:<\/strong><strong><\/strong><\/p>\n\n\n\n<p>Nouveau venu dans le paysage du cin\u00e9ma fran\u00e7ais, <em>Louda Ben Salah-Cazanas<\/em> est un jeune r\u00e9alisateur de trente-quatre ans, qui met en boite l\u00e0 son premier long-m\u00e9trage. Apr\u00e8s des \u00e9tudes \u00e0 Science-Po, <em>Louda Ben Salah-Cazanas<\/em> rencontre par hasard le sc\u00e9nariste et r\u00e9alisateur <em>Gilles Marchand<\/em> qui va lui \u00ab\u00a0apprendre\u00a0\u00bb le cin\u00e9ma. D\u00e8s lors, <em>Louda Ben Salah-Cazanas<\/em> se lance tout seul, et avant d&rsquo;arriver avec ce premier film, il va tout d&rsquo;abord passer par l&rsquo;\u00e9poque quasi-obligatoire du court-m\u00e9trage. Entre 2015 et 2019, le jeune cin\u00e9aste va encha\u00eener les films, r\u00e9alisant trois court qui seront bien re\u00e7us dans les festivals, ce qui va lui ouvrir les portes pour faire ce premier film.<\/p>\n\n\n\n<div class=\"wp-block-image\"><figure class=\"aligncenter size-large is-resized\"><a href=\"https:\/\/www.lavisqteam.fr\/wp-content\/uploads\/2022\/05\/278357132_725052785157131_8146840569938608046_n.jpg\"><img src=\"https:\/\/www.lavisqteam.fr\/wp-content\/uploads\/2022\/05\/278357132_725052785157131_8146840569938608046_n-1024x630.jpg\" alt=\"\" class=\"wp-image-63744\" width=\"600\" srcset=\"https:\/\/www.lavisqteam.fr\/wp-content\/uploads\/2022\/05\/278357132_725052785157131_8146840569938608046_n-1024x630.jpg 1024w, https:\/\/www.lavisqteam.fr\/wp-content\/uploads\/2022\/05\/278357132_725052785157131_8146840569938608046_n-300x185.jpg 300w, https:\/\/www.lavisqteam.fr\/wp-content\/uploads\/2022\/05\/278357132_725052785157131_8146840569938608046_n-768x473.jpg 768w, https:\/\/www.lavisqteam.fr\/wp-content\/uploads\/2022\/05\/278357132_725052785157131_8146840569938608046_n-1536x945.jpg 1536w, https:\/\/www.lavisqteam.fr\/wp-content\/uploads\/2022\/05\/278357132_725052785157131_8146840569938608046_n.jpg 1560w\" sizes=\"(max-width: 1024px) 100vw, 1024px\" \/><\/a><\/figure><\/div>\n\n\n\n<p>Parmi les sorties des films fran\u00e7ais, il y avait en cette mi-Avril, \u00ab\u00a0<strong>Le monde apr\u00e8s nous<\/strong>\u00ab\u00a0, qui me tentait \u00e9norm\u00e9ment. Son titre po\u00e9tique et son affiche qui envoyait quelque chose d&rsquo;assez fort et de joli, me poussaient \u00e0 aller voir cette premi\u00e8re (puis j&rsquo;adore aussi d\u00e9couvrir des premiers films), et je dois bien avouer que j&rsquo;en ressors d\u00e9\u00e7u. Port\u00e9 pourtant par un bon bouche-\u00e0-oreille, \u00ab\u00a0<strong>Le monde apr\u00e8s nous<\/strong>\u00ab\u00a0, m\u00eame s\u2019il contient en son sein de bons \u00e9l\u00e9ments, est un film qui me sera rest\u00e9 froid, aust\u00e8re, et devant lequel je me suis raccroch\u00e9 \u00e0 peu de chose, si ce n&rsquo;est sa derni\u00e8re partie et son final, qui r\u00e9haussent le tout et surtout nous font sur l&rsquo;instant oublier que pour arriver \u00e0 ces \u00e9motions, on s&rsquo;est quand m\u00eame un peu ennuy\u00e9.<\/p>\n\n\n\n<p>Labidi, la vingtaine, habite Paris. Labidi vit au jour le jour, encha\u00eene les petits boulots mal pay\u00e9s pour pouvoir survivre. En parall\u00e8le de \u00e7a, Labidi se r\u00eave \u00e9crivain. Le jeune homme a d\u00e9j\u00e0 publi\u00e9 une nouvelle qui a \u00e9t\u00e9 prim\u00e9e, et il est en plein dans l&rsquo;\u00e9criture d&rsquo;un roman qui s&rsquo;annonce bien plus \u00e9toff\u00e9. Un jour comme un autre, Labidi rencontre Elisa, et il en tombe fou amoureux, au point de vivre au-dessus de ses moyens et de tout faire pour que son amoureuse soit le mieux possible. Or, son train de vie l&rsquo;oblige \u00e0 toujours en faire plus, et pourquoi pas l&rsquo;espace d&rsquo;un temps, jusqu&rsquo;\u00e0 ce que son roman soit achev\u00e9 et publi\u00e9, faire de petites magouilles. Bref, tout est bon pour Elisa&#8230;<\/p>\n\n\n\n<p>Il y a des films desquels on ressort partag\u00e9, tr\u00e8s partag\u00e9. Partag\u00e9 entre un moment qui fut ennuyant, et devant lequel on n&rsquo;a pas vraiment adh\u00e9r\u00e9 \u00e0 tout ce qui nous a \u00e9t\u00e9 racont\u00e9, partag\u00e9 aussi et surtout, car entre les lignes et l&rsquo;ennui, le film en question arrive \u00e0 injecter de l&rsquo;int\u00e9r\u00eat, puis il tient un certain charme et derri\u00e8re \u00e7a encore, il arrive \u00e0 parfaitement se rattraper dans ce dernier instant, en changeant son fusil d&rsquo;\u00e9paule, ce qui le transforme et nous emporte l&rsquo;espace de quelques minutes magiques. \u00ab\u00a0<strong>Le monde apr\u00e8s nous<\/strong>\u00a0\u00bb est typiquement ce genre de film.<\/p>\n\n\n\n<p>Il faut dire que l&rsquo;histoire de ce genre d&rsquo;\u00e9crivain qui survit comme il le peut, jonglant entre petits boulots mal pay\u00e9s, et petites arnaques \u00e0 droite et \u00e0 gauche, histoire d&rsquo;avoir un train de vie plus haut qu&rsquo;il ne devrait, a vraiment du mal \u00e0 nous accrocher. Pourtant, \u00ab\u00a0<strong>Le monde apr\u00e8s nous<\/strong>\u00a0\u00bb a une ambiance et un charme certain. <em>Louda Ben Salah-Cazanas<\/em> nous plonge dans un film qui visuellement parlant \u00e0 de tr\u00e8s belles qualit\u00e9s. Il y a quelque chose d&rsquo;assez irr\u00e9el qui s&rsquo;\u00e9chappe de ce film, comme si cette histoire et ces personnages se trouvaient dans les pages d&rsquo;un vieux roman qu&rsquo;on nous fera d\u00e9couvrir.<\/p>\n\n\n\n<p>Malgr\u00e9 l&rsquo;ennui et l&rsquo;attente que le film procure, \u00ab\u00a0<strong>Le monde apr\u00e8s nous<\/strong>\u00a0\u00bb est assez romanesque, et voir ce jeune couple, auquel il manque de l&rsquo;\u00e9motion, se d\u00e9patouiller comme il le peut pour vivre a quelque chose de touchant, et au-del\u00e0 de \u00e7a, pour certaines de ses situations, le film r\u00e9sonne comme le souvenir d&rsquo;un temps o\u00f9 la jeunesse est un peu folle, o\u00f9 l&rsquo;on se charme avec un plat de p\u00e2tes, surement d\u00e9gueulasse et sans go\u00fbt, mais qu&rsquo;importe, puisqu&rsquo;on est avec l&rsquo;\u00eatre aim\u00e9, et que l&rsquo;on peut \u00eatre capable de tout. Bref, derri\u00e8re l&rsquo;ennui, car ici certaines minutes ont bien l&rsquo;air d&rsquo;\u00eatre plus longues qu&rsquo;elles ne le devraient, il y a quelque chose qui fait qu&rsquo;on reste coinc\u00e9 entre deux sentiments partag\u00e9s.<\/p>\n\n\n\n<p>Heureusement, <em>Louda Ben Salah-Cazanas<\/em> va rattraper son film en cours d&rsquo;intrigue avec, dans sa derni\u00e8re partie, un virage qu&rsquo;on n&rsquo;avait pas vu arriver et ce dernier va transformer ce \u00ab\u00a0&#8230; <strong>monde apr\u00e8s nous<\/strong>\u00ab\u00a0. D&rsquo;un coup l&rsquo;\u00e9motion tapie dans l&rsquo;ombre est l\u00e0, et elle brille. D&rsquo;un coup, les personnages, notamment Labidi, prennent de l&rsquo;ampleur, et le film, au bout de cette transformation, finit par \u00eatre sublime.<\/p>\n\n\n\n<p>Partag\u00e9 entre plusieurs sentiments, \u00ab\u00a0<strong>Le monde apr\u00e8s nous<\/strong>\u00ab\u00a0, malgr\u00e9 ses d\u00e9fauts et ses personnages parfois aust\u00e8res en d\u00e9but de m\u00e9trage, demeure un film qui est assez justement tenu par ses com\u00e9diens. <em>Louda Ben Salah-Cazanas<\/em> nous pr\u00e9sente deux acteurs qu&rsquo;on prend plaisir \u00e0 d\u00e9couvrir, \u00e0 commencer par <em>Aur\u00e9lien Gabrielli<\/em>, qui malgr\u00e9 un personnage parfois froid et ferm\u00e9, d\u00e9gage quelque chose qui impr\u00e8gne les images, et m\u00eame si l&rsquo;on s\u2019ennuie, dans un sens contraire, on se pla\u00eet \u00e0 suivre ce looser amoureux pr\u00eat \u00e0 tout pour sa belle. L&rsquo;autre com\u00e9dien, qui tient un petit r\u00f4le, celui du meilleur ami, c&rsquo;est <em>L\u00e9on Cunha Da Costa<\/em>. L&rsquo;acteur tient un personnage tr\u00e8s juste, assez dr\u00f4le, un peu gauche et il fait du bien \u00e0 cette histoire, notamment dans ses instants plus longs. Puis enfin, on l&rsquo;avait d\u00e9j\u00e0 rep\u00e9r\u00e9e dans \u00ab\u00a0<strong>Benedetta<\/strong>\u00a0\u00bb et \u00ab\u00a0<strong>L&rsquo;\u00e9v\u00e9nement<\/strong>\u00ab\u00a0, mais avec ce film, <em>Louise Chevillotte<\/em> confirme tout le talent et le bien qu&rsquo;on pensait d\u00e9j\u00e0 d&rsquo;elle. Et si elle aussi trouve un personnage parfois un peu froid et aust\u00e8re, elle arrive \u00e0 nous toucher de par le naturel et la simplicit\u00e9 de son jeu.<\/p>\n\n\n\n<div class=\"wp-block-image\"><figure class=\"aligncenter size-large is-resized\"><a href=\"https:\/\/www.lavisqteam.fr\/wp-content\/uploads\/2022\/05\/279189302_715752909622370_1980731213604201304_n.jpg\"><img src=\"https:\/\/www.lavisqteam.fr\/wp-content\/uploads\/2022\/05\/279189302_715752909622370_1980731213604201304_n-1024x630.jpg\" alt=\"\" class=\"wp-image-63743\" width=\"600\" srcset=\"https:\/\/www.lavisqteam.fr\/wp-content\/uploads\/2022\/05\/279189302_715752909622370_1980731213604201304_n-1024x630.jpg 1024w, https:\/\/www.lavisqteam.fr\/wp-content\/uploads\/2022\/05\/279189302_715752909622370_1980731213604201304_n-300x185.jpg 300w, https:\/\/www.lavisqteam.fr\/wp-content\/uploads\/2022\/05\/279189302_715752909622370_1980731213604201304_n-768x473.jpg 768w, https:\/\/www.lavisqteam.fr\/wp-content\/uploads\/2022\/05\/279189302_715752909622370_1980731213604201304_n-1536x945.jpg 1536w, https:\/\/www.lavisqteam.fr\/wp-content\/uploads\/2022\/05\/279189302_715752909622370_1980731213604201304_n.jpg 1560w\" sizes=\"(max-width: 1024px) 100vw, 1024px\" \/><\/a><\/figure><\/div>\n\n\n\n<p>La somme de tout \u00e7a fait que je ressors partag\u00e9 de ce premier film sign\u00e9 <em>Louda Ben Salah-Cazanas<\/em>. Sans que ce soit un mauvais film, on ne peut pas dire qu&rsquo;il soit incroyable et marquant non plus. M\u00e9langeant bonnes id\u00e9es et maladresse, belles choses, bonnes intentions, mais ennui et un manque d&rsquo;\u00e9motion, malgr\u00e9 de l&#8217;empathie pour ce couple de loosers qui au bout du compte se trouvent \u00eatre beaux, \u00ab\u00a0<strong>Le monde apr\u00e8s nous<\/strong>\u00a0\u00bb sera finalement sauv\u00e9 gr\u00e2ce \u00e0 ce superbe final et le virage vers la fin, qui nous emm\u00e8ne ailleurs. Ainsi, ce premier film pour <em>Louda Ben Salah-Cazanas<\/em> restera confidentiel, mais il ouvre une porte et un \u0153il et en conjuguant ses qualit\u00e9s et ses d\u00e9fauts, il y a quelque chose qui fait qu&rsquo;on reste curieux d&rsquo;un deuxi\u00e8me film pour ce jeune r\u00e9alisateur, qui entre les lignes, fait de petites, mais jolies promesses.<\/p>\n\n\n\n<p><strong>Note\u00a0: 10\/20<\/strong><\/p>\n\n\n\n<figure class=\"wp-block-embed is-type-video is-provider-youtube wp-block-embed-youtube wp-embed-aspect-16-9 wp-has-aspect-ratio\"><div class=\"wp-block-embed__wrapper\">\n<iframe loading=\"lazy\" title=\"LE MONDE APR\u00c8S NOUS Bande Annonce (2022)\" width=\"1200\" height=\"675\" src=\"https:\/\/www.youtube.com\/embed\/-dn87mWI8fU?feature=oembed\" frameborder=\"0\" allow=\"accelerometer; autoplay; clipboard-write; encrypted-media; gyroscope; picture-in-picture\" allowfullscreen><\/iframe>\n<\/div><\/figure>\n\n\n\n<p class=\"has-text-align-right\">Par <strong>Cin\u00e9ted<\/strong><\/p>\n","protected":false},"excerpt":{"rendered":"<p>De&nbsp;: Louda Ben Salah-Cazanas Avec Aur\u00e9lien Gabrielli, Louise Chevillotte, Saadia Benta\u00efeb, Jacques Nolot Ann\u00e9e&nbsp;: 2022 Pays&nbsp;: France Genre&nbsp;: Drame, Romance R\u00e9sum\u00e9&nbsp;: Labidi est un jeune &hellip; <\/p>\n","protected":false},"author":4,"featured_media":63745,"comment_status":"open","ping_status":"open","sticky":false,"template":"","format":"standard","meta":[],"categories":[7],"tags":[],"yoast_head":"<!-- This site is optimized with the Yoast SEO plugin v19.6.1 - https:\/\/yoast.com\/wordpress\/plugins\/seo\/ -->\n<title>Le Monde Apr\u00e8s Nous - Lavisqteam.fr<\/title>\n<meta name=\"robots\" content=\"index, follow, max-snippet:-1, max-image-preview:large, max-video-preview:-1\" \/>\n<link rel=\"canonical\" href=\"https:\/\/www.lavisqteam.fr\/?p=63741\" \/>\n<meta property=\"og:locale\" content=\"fr_FR\" \/>\n<meta property=\"og:type\" content=\"article\" \/>\n<meta property=\"og:title\" content=\"Le Monde Apr\u00e8s Nous - Lavisqteam.fr\" \/>\n<meta property=\"og:description\" content=\"De&nbsp;: Louda Ben Salah-Cazanas Avec Aur\u00e9lien Gabrielli, Louise Chevillotte, Saadia Benta\u00efeb, Jacques Nolot Ann\u00e9e&nbsp;: 2022 Pays&nbsp;: France Genre&nbsp;: Drame, Romance R\u00e9sum\u00e9&nbsp;: Labidi est un jeune &hellip;\" \/>\n<meta property=\"og:url\" content=\"https:\/\/www.lavisqteam.fr\/?p=63741\" \/>\n<meta property=\"og:site_name\" content=\"Lavisqteam.fr\" \/>\n<meta property=\"article:published_time\" content=\"2022-05-04T15:07:04+00:00\" \/>\n<meta property=\"article:modified_time\" content=\"2022-05-04T15:07:07+00:00\" \/>\n<meta property=\"og:image\" content=\"https:\/\/www.lavisqteam.fr\/wp-content\/uploads\/2022\/05\/lemo.jpg\" \/>\n\t<meta property=\"og:image:width\" content=\"727\" \/>\n\t<meta property=\"og:image:height\" content=\"395\" \/>\n\t<meta property=\"og:image:type\" content=\"image\/jpeg\" \/>\n<meta name=\"author\" content=\"Cineted\" \/>\n<meta name=\"twitter:card\" content=\"summary_large_image\" \/>\n<meta name=\"twitter:image\" content=\"https:\/\/www.lavisqteam.fr\/wp-content\/uploads\/2022\/05\/lemo.jpg\" \/>\n<meta name=\"twitter:label1\" content=\"\u00c9crit par\" \/>\n\t<meta name=\"twitter:data1\" content=\"Cineted\" \/>\n\t<meta name=\"twitter:label2\" content=\"Dur\u00e9e de lecture estim\u00e9e\" \/>\n\t<meta name=\"twitter:data2\" content=\"7 minutes\" \/>\n<script type=\"application\/ld+json\" class=\"yoast-schema-graph\">{\"@context\":\"https:\/\/schema.org\",\"@graph\":[{\"@type\":\"Article\",\"@id\":\"https:\/\/www.lavisqteam.fr\/?p=63741#article\",\"isPartOf\":{\"@id\":\"https:\/\/www.lavisqteam.fr\/?p=63741\"},\"author\":{\"name\":\"Cineted\",\"@id\":\"https:\/\/www.lavisqteam.fr\/#\/schema\/person\/4ed7295b68bc3daae9094db5f1f9f913\"},\"headline\":\"Le Monde Apr\u00e8s Nous\",\"datePublished\":\"2022-05-04T15:07:04+00:00\",\"dateModified\":\"2022-05-04T15:07:07+00:00\",\"mainEntityOfPage\":{\"@id\":\"https:\/\/www.lavisqteam.fr\/?p=63741\"},\"wordCount\":1257,\"commentCount\":0,\"publisher\":{\"@id\":\"https:\/\/www.lavisqteam.fr\/#organization\"},\"articleSection\":[\"Cin\u00e9ma\"],\"inLanguage\":\"fr-FR\",\"potentialAction\":[{\"@type\":\"CommentAction\",\"name\":\"Comment\",\"target\":[\"https:\/\/www.lavisqteam.fr\/?p=63741#respond\"]}]},{\"@type\":\"WebPage\",\"@id\":\"https:\/\/www.lavisqteam.fr\/?p=63741\",\"url\":\"https:\/\/www.lavisqteam.fr\/?p=63741\",\"name\":\"Le Monde Apr\u00e8s Nous - Lavisqteam.fr\",\"isPartOf\":{\"@id\":\"https:\/\/www.lavisqteam.fr\/#website\"},\"datePublished\":\"2022-05-04T15:07:04+00:00\",\"dateModified\":\"2022-05-04T15:07:07+00:00\",\"breadcrumb\":{\"@id\":\"https:\/\/www.lavisqteam.fr\/?p=63741#breadcrumb\"},\"inLanguage\":\"fr-FR\",\"potentialAction\":[{\"@type\":\"ReadAction\",\"target\":[\"https:\/\/www.lavisqteam.fr\/?p=63741\"]}]},{\"@type\":\"BreadcrumbList\",\"@id\":\"https:\/\/www.lavisqteam.fr\/?p=63741#breadcrumb\",\"itemListElement\":[{\"@type\":\"ListItem\",\"position\":1,\"name\":\"Accueil\",\"item\":\"https:\/\/www.lavisqteam.fr\/\"},{\"@type\":\"ListItem\",\"position\":2,\"name\":\"Le Monde Apr\u00e8s Nous\"}]},{\"@type\":\"WebSite\",\"@id\":\"https:\/\/www.lavisqteam.fr\/#website\",\"url\":\"https:\/\/www.lavisqteam.fr\/\",\"name\":\"Lavisqteam.fr\",\"description\":\"\",\"publisher\":{\"@id\":\"https:\/\/www.lavisqteam.fr\/#organization\"},\"potentialAction\":[{\"@type\":\"SearchAction\",\"target\":{\"@type\":\"EntryPoint\",\"urlTemplate\":\"https:\/\/www.lavisqteam.fr\/?s={search_term_string}\"},\"query-input\":\"required name=search_term_string\"}],\"inLanguage\":\"fr-FR\"},{\"@type\":\"Organization\",\"@id\":\"https:\/\/www.lavisqteam.fr\/#organization\",\"name\":\"Lavisqteam.fr\",\"url\":\"https:\/\/www.lavisqteam.fr\/\",\"sameAs\":[],\"logo\":{\"@type\":\"ImageObject\",\"inLanguage\":\"fr-FR\",\"@id\":\"https:\/\/www.lavisqteam.fr\/#\/schema\/logo\/image\/\",\"url\":\"https:\/\/www.lavisqteam.fr\/wp-content\/uploads\/2020\/08\/cropped-80879545_3479261675449035_4078032831501041664_o-4.jpg\",\"contentUrl\":\"https:\/\/www.lavisqteam.fr\/wp-content\/uploads\/2020\/08\/cropped-80879545_3479261675449035_4078032831501041664_o-4.jpg\",\"width\":1674,\"height\":536,\"caption\":\"Lavisqteam.fr\"},\"image\":{\"@id\":\"https:\/\/www.lavisqteam.fr\/#\/schema\/logo\/image\/\"}},{\"@type\":\"Person\",\"@id\":\"https:\/\/www.lavisqteam.fr\/#\/schema\/person\/4ed7295b68bc3daae9094db5f1f9f913\",\"name\":\"Cineted\",\"image\":{\"@type\":\"ImageObject\",\"inLanguage\":\"fr-FR\",\"@id\":\"https:\/\/www.lavisqteam.fr\/#\/schema\/person\/image\/\",\"url\":\"https:\/\/secure.gravatar.com\/avatar\/2d66d0012368c91013200ba69885bddd?s=96&d=mm&r=g\",\"contentUrl\":\"https:\/\/secure.gravatar.com\/avatar\/2d66d0012368c91013200ba69885bddd?s=96&d=mm&r=g\",\"caption\":\"Cineted\"},\"url\":\"https:\/\/www.lavisqteam.fr\/?author=4\"}]}<\/script>\n<!-- \/ Yoast SEO plugin. -->","yoast_head_json":{"title":"Le Monde Apr\u00e8s Nous - Lavisqteam.fr","robots":{"index":"index","follow":"follow","max-snippet":"max-snippet:-1","max-image-preview":"max-image-preview:large","max-video-preview":"max-video-preview:-1"},"canonical":"https:\/\/www.lavisqteam.fr\/?p=63741","og_locale":"fr_FR","og_type":"article","og_title":"Le Monde Apr\u00e8s Nous - Lavisqteam.fr","og_description":"De&nbsp;: Louda Ben Salah-Cazanas Avec Aur\u00e9lien Gabrielli, Louise Chevillotte, Saadia Benta\u00efeb, Jacques Nolot Ann\u00e9e&nbsp;: 2022 Pays&nbsp;: France Genre&nbsp;: Drame, Romance R\u00e9sum\u00e9&nbsp;: Labidi est un jeune &hellip;","og_url":"https:\/\/www.lavisqteam.fr\/?p=63741","og_site_name":"Lavisqteam.fr","article_published_time":"2022-05-04T15:07:04+00:00","article_modified_time":"2022-05-04T15:07:07+00:00","og_image":[{"width":727,"height":395,"url":"https:\/\/www.lavisqteam.fr\/wp-content\/uploads\/2022\/05\/lemo.jpg","type":"image\/jpeg"}],"author":"Cineted","twitter_card":"summary_large_image","twitter_image":"https:\/\/www.lavisqteam.fr\/wp-content\/uploads\/2022\/05\/lemo.jpg","twitter_misc":{"\u00c9crit par":"Cineted","Dur\u00e9e de lecture estim\u00e9e":"7 minutes"},"schema":{"@context":"https:\/\/schema.org","@graph":[{"@type":"Article","@id":"https:\/\/www.lavisqteam.fr\/?p=63741#article","isPartOf":{"@id":"https:\/\/www.lavisqteam.fr\/?p=63741"},"author":{"name":"Cineted","@id":"https:\/\/www.lavisqteam.fr\/#\/schema\/person\/4ed7295b68bc3daae9094db5f1f9f913"},"headline":"Le Monde Apr\u00e8s Nous","datePublished":"2022-05-04T15:07:04+00:00","dateModified":"2022-05-04T15:07:07+00:00","mainEntityOfPage":{"@id":"https:\/\/www.lavisqteam.fr\/?p=63741"},"wordCount":1257,"commentCount":0,"publisher":{"@id":"https:\/\/www.lavisqteam.fr\/#organization"},"articleSection":["Cin\u00e9ma"],"inLanguage":"fr-FR","potentialAction":[{"@type":"CommentAction","name":"Comment","target":["https:\/\/www.lavisqteam.fr\/?p=63741#respond"]}]},{"@type":"WebPage","@id":"https:\/\/www.lavisqteam.fr\/?p=63741","url":"https:\/\/www.lavisqteam.fr\/?p=63741","name":"Le Monde Apr\u00e8s Nous - Lavisqteam.fr","isPartOf":{"@id":"https:\/\/www.lavisqteam.fr\/#website"},"datePublished":"2022-05-04T15:07:04+00:00","dateModified":"2022-05-04T15:07:07+00:00","breadcrumb":{"@id":"https:\/\/www.lavisqteam.fr\/?p=63741#breadcrumb"},"inLanguage":"fr-FR","potentialAction":[{"@type":"ReadAction","target":["https:\/\/www.lavisqteam.fr\/?p=63741"]}]},{"@type":"BreadcrumbList","@id":"https:\/\/www.lavisqteam.fr\/?p=63741#breadcrumb","itemListElement":[{"@type":"ListItem","position":1,"name":"Accueil","item":"https:\/\/www.lavisqteam.fr\/"},{"@type":"ListItem","position":2,"name":"Le Monde Apr\u00e8s Nous"}]},{"@type":"WebSite","@id":"https:\/\/www.lavisqteam.fr\/#website","url":"https:\/\/www.lavisqteam.fr\/","name":"Lavisqteam.fr","description":"","publisher":{"@id":"https:\/\/www.lavisqteam.fr\/#organization"},"potentialAction":[{"@type":"SearchAction","target":{"@type":"EntryPoint","urlTemplate":"https:\/\/www.lavisqteam.fr\/?s={search_term_string}"},"query-input":"required name=search_term_string"}],"inLanguage":"fr-FR"},{"@type":"Organization","@id":"https:\/\/www.lavisqteam.fr\/#organization","name":"Lavisqteam.fr","url":"https:\/\/www.lavisqteam.fr\/","sameAs":[],"logo":{"@type":"ImageObject","inLanguage":"fr-FR","@id":"https:\/\/www.lavisqteam.fr\/#\/schema\/logo\/image\/","url":"https:\/\/www.lavisqteam.fr\/wp-content\/uploads\/2020\/08\/cropped-80879545_3479261675449035_4078032831501041664_o-4.jpg","contentUrl":"https:\/\/www.lavisqteam.fr\/wp-content\/uploads\/2020\/08\/cropped-80879545_3479261675449035_4078032831501041664_o-4.jpg","width":1674,"height":536,"caption":"Lavisqteam.fr"},"image":{"@id":"https:\/\/www.lavisqteam.fr\/#\/schema\/logo\/image\/"}},{"@type":"Person","@id":"https:\/\/www.lavisqteam.fr\/#\/schema\/person\/4ed7295b68bc3daae9094db5f1f9f913","name":"Cineted","image":{"@type":"ImageObject","inLanguage":"fr-FR","@id":"https:\/\/www.lavisqteam.fr\/#\/schema\/person\/image\/","url":"https:\/\/secure.gravatar.com\/avatar\/2d66d0012368c91013200ba69885bddd?s=96&d=mm&r=g","contentUrl":"https:\/\/secure.gravatar.com\/avatar\/2d66d0012368c91013200ba69885bddd?s=96&d=mm&r=g","caption":"Cineted"},"url":"https:\/\/www.lavisqteam.fr\/?author=4"}]}},"jetpack_featured_media_url":"https:\/\/www.lavisqteam.fr\/wp-content\/uploads\/2022\/05\/lemo.jpg","_links":{"self":[{"href":"https:\/\/www.lavisqteam.fr\/index.php?rest_route=\/wp\/v2\/posts\/63741"}],"collection":[{"href":"https:\/\/www.lavisqteam.fr\/index.php?rest_route=\/wp\/v2\/posts"}],"about":[{"href":"https:\/\/www.lavisqteam.fr\/index.php?rest_route=\/wp\/v2\/types\/post"}],"author":[{"embeddable":true,"href":"https:\/\/www.lavisqteam.fr\/index.php?rest_route=\/wp\/v2\/users\/4"}],"replies":[{"embeddable":true,"href":"https:\/\/www.lavisqteam.fr\/index.php?rest_route=%2Fwp%2Fv2%2Fcomments&post=63741"}],"version-history":[{"count":1,"href":"https:\/\/www.lavisqteam.fr\/index.php?rest_route=\/wp\/v2\/posts\/63741\/revisions"}],"predecessor-version":[{"id":63746,"href":"https:\/\/www.lavisqteam.fr\/index.php?rest_route=\/wp\/v2\/posts\/63741\/revisions\/63746"}],"wp:featuredmedia":[{"embeddable":true,"href":"https:\/\/www.lavisqteam.fr\/index.php?rest_route=\/wp\/v2\/media\/63745"}],"wp:attachment":[{"href":"https:\/\/www.lavisqteam.fr\/index.php?rest_route=%2Fwp%2Fv2%2Fmedia&parent=63741"}],"wp:term":[{"taxonomy":"category","embeddable":true,"href":"https:\/\/www.lavisqteam.fr\/index.php?rest_route=%2Fwp%2Fv2%2Fcategories&post=63741"},{"taxonomy":"post_tag","embeddable":true,"href":"https:\/\/www.lavisqteam.fr\/index.php?rest_route=%2Fwp%2Fv2%2Ftags&post=63741"}],"curies":[{"name":"wp","href":"https:\/\/api.w.org\/{rel}","templated":true}]}}