{"id":63246,"date":"2022-04-05T10:59:59","date_gmt":"2022-04-05T10:59:59","guid":{"rendered":"https:\/\/www.lavisqteam.fr\/?p=63246"},"modified":"2022-04-05T11:00:02","modified_gmt":"2022-04-05T11:00:02","slug":"la-brigade","status":"publish","type":"post","link":"https:\/\/www.lavisqteam.fr\/?p=63246","title":{"rendered":"La Brigade"},"content":{"rendered":"\n<div class=\"wp-block-image\"><figure class=\"aligncenter size-large is-resized\"><a href=\"https:\/\/www.lavisqteam.fr\/wp-content\/uploads\/2022\/04\/1331267.jpg-r_1920_1080-f_jpg-q_x-xxyxx.jpg\"><img src=\"https:\/\/www.lavisqteam.fr\/wp-content\/uploads\/2022\/04\/1331267.jpg-r_1920_1080-f_jpg-q_x-xxyxx-753x1024.jpg\" alt=\"\" class=\"wp-image-63247\" width=\"600\" srcset=\"https:\/\/www.lavisqteam.fr\/wp-content\/uploads\/2022\/04\/1331267.jpg-r_1920_1080-f_jpg-q_x-xxyxx-753x1024.jpg 753w, https:\/\/www.lavisqteam.fr\/wp-content\/uploads\/2022\/04\/1331267.jpg-r_1920_1080-f_jpg-q_x-xxyxx-221x300.jpg 221w, https:\/\/www.lavisqteam.fr\/wp-content\/uploads\/2022\/04\/1331267.jpg-r_1920_1080-f_jpg-q_x-xxyxx-768x1045.jpg 768w, https:\/\/www.lavisqteam.fr\/wp-content\/uploads\/2022\/04\/1331267.jpg-r_1920_1080-f_jpg-q_x-xxyxx.jpg 794w\" sizes=\"(max-width: 753px) 100vw, 753px\" \/><\/a><\/figure><\/div>\n\n\n\n<p><strong>De&nbsp;: <\/strong>Louis-Julien Petit<\/p>\n\n\n\n<p><strong>Avec <\/strong>Audrey Lamy, Fran\u00e7ois Cluzet, Chantal Neuwirth, Fatoumata Kaba<\/p>\n\n\n\n<p><strong>Ann\u00e9e&nbsp;: <\/strong>2022<\/p>\n\n\n\n<p><strong>Pays&nbsp;: <\/strong>France<\/p>\n\n\n\n<p><strong>Genre&nbsp;: <\/strong>Com\u00e9die<\/p>\n\n\n\n<p><strong>R\u00e9sum\u00e9&nbsp;:<\/strong><\/p>\n\n\n\n<p>Depuis toute petite, Cathy r\u00eave de diriger son propre restaurant. Mais \u00e0 quarante ans, rien ne s&rsquo;est pass\u00e9 comme pr\u00e9vu et elle se retrouve contrainte d&rsquo;accepter un poste de cantini\u00e8re dans un foyer pour jeunes migrants. Son r\u00eave semble encore s\u2019\u00e9loigner\u2026 ou pas ?<\/p>\n\n\n\n<p><strong>Avis&nbsp;:<\/strong><strong><\/strong><\/p>\n\n\n\n<p>Le cin\u00e9ma fran\u00e7ais a toujours aim\u00e9 le cin\u00e9ma social, et au fil des ann\u00e9es, et parmi les nouveaux cin\u00e9astes, cette r\u00e8gle, ou pourrais-je dire cet amour, est toujours l\u00e0. Bien s\u00fbr, ces derni\u00e8res ann\u00e9es, on pourrait citer des mecs comme <em>Philippe Lioret<\/em> ou <em>St\u00e9phane Briz\u00e9<\/em>, et dans une certaine mesure <em>Thomas Lilti<\/em>, mais parmi eux, il y a un nom qui est en train de prendre du galon. Ce nom, c&rsquo;est celui de <em>Louis-Julien Petit<\/em>. R\u00e9alisateur ayant d\u00e9but\u00e9 sa carri\u00e8re de metteur en sc\u00e8ne en 2015, <em>Louis-Julien Petit<\/em> d\u00e8s son premier film, \u00ab\u00a0<strong>Discount<\/strong>\u00ab\u00a0, a annonc\u00e9 la couleur et ce n&rsquo;est pas ses films suivants, \u00ab\u00a0<strong>Carole Mathieu<\/strong>\u00a0\u00bb ou \u00ab\u00a0<strong>Les invisibles<\/strong>\u00ab\u00a0, qui diront le contraire. <em>Louis-Julien Petit<\/em> aime le cin\u00e9ma social, et il fait un bon cin\u00e9ma social. Un cin\u00e9ma qui, tout en traitant un sujet fort, n&rsquo;oublie jamais de se faire dr\u00f4le, divertissant et touchant.<\/p>\n\n\n\n<div class=\"wp-block-image\"><figure class=\"aligncenter size-large is-resized\"><a href=\"https:\/\/www.lavisqteam.fr\/wp-content\/uploads\/2022\/04\/277167062_3197971280432820_585467704830935287_n.jpg\"><img src=\"https:\/\/www.lavisqteam.fr\/wp-content\/uploads\/2022\/04\/277167062_3197971280432820_585467704830935287_n-1024x429.jpg\" alt=\"\" class=\"wp-image-63249\" width=\"600\" srcset=\"https:\/\/www.lavisqteam.fr\/wp-content\/uploads\/2022\/04\/277167062_3197971280432820_585467704830935287_n-1024x429.jpg 1024w, https:\/\/www.lavisqteam.fr\/wp-content\/uploads\/2022\/04\/277167062_3197971280432820_585467704830935287_n-300x126.jpg 300w, https:\/\/www.lavisqteam.fr\/wp-content\/uploads\/2022\/04\/277167062_3197971280432820_585467704830935287_n-768x322.jpg 768w, https:\/\/www.lavisqteam.fr\/wp-content\/uploads\/2022\/04\/277167062_3197971280432820_585467704830935287_n-1536x643.jpg 1536w, https:\/\/www.lavisqteam.fr\/wp-content\/uploads\/2022\/04\/277167062_3197971280432820_585467704830935287_n.jpg 1600w\" sizes=\"(max-width: 1024px) 100vw, 1024px\" \/><\/a><\/figure><\/div>\n\n\n\n<p>Apr\u00e8s s&rsquo;est int\u00e9ress\u00e9 \u00e0 la distribution avec \u00ab\u00a0<strong>Discount<\/strong>\u00ab\u00a0. Apr\u00e8s s&rsquo;est int\u00e9ress\u00e9 aux femmes sans domicile fixe et aux associations avec \u00ab\u00a0<strong>Les invisibles<\/strong>\u00ab\u00a0, voici que le r\u00e9alisateur fran\u00e7ais est de retour sur les \u00e9crans avec \u00ab\u00a0<strong>La brigade<\/strong>\u00ab\u00a0, un chouette petit film qui s&rsquo;int\u00e9resse cette fois aux mineurs r\u00e9fugi\u00e9s, \u00e0 travers une com\u00e9die qui colle le sourire. Amusant tout en enrichissant le fond de son film, \u00ab\u00a0<strong>La bridage<\/strong>\u00a0\u00bb est un film qui peut rebuter, c&rsquo;est vrai, notamment avec sa bande-annonce qui nous vend assez mal le m\u00e9trage, mais pourtant, une fois embarqu\u00e9 au c\u0153ur de cette association, le film de <em>Louis-Julien Petit<\/em> s&rsquo;av\u00e8re rafra\u00eechissant, encha\u00eenant les gags et les bons petits plats, tout en n&rsquo;oubliant pas, comme toujours, d&rsquo;offrir de l&rsquo;\u00e9motion et des personnages beaux et humains. Ce cinqui\u00e8me film pour <em>Louis-Julien Petit<\/em> confirme donc encore un peu plus la place du r\u00e9alisateur dans le paysage du cin\u00e9ma fran\u00e7ais.<\/p>\n\n\n\n<p>Marie Cathy est cheffe de cuisine, et elle a toujours r\u00eav\u00e9 d&rsquo;ouvrir son propre restaurant. Or, aujourd&rsquo;hui, apr\u00e8s avoir d\u00e9missionn\u00e9e de son poste car elle refusait par \u00e9thique de bosser pour une starlette qui se prenait pour un chef, elle se retrouve en difficult\u00e9. Oblig\u00e9e de trouver vite un nouveau travail, elle accepte sur une \u00ab\u00a0m\u00e9prise\u00a0\u00bb d&rsquo;\u00eatre cantini\u00e8re dans une association qui s&rsquo;occupe de placer des mineurs sans papier et r\u00e9fugi\u00e9s. Ce n&rsquo;\u00e9tait pas ce dont elle r\u00eavait, mais \u00e7a fera l&rsquo;affaire, le temps de se retourner, puis finalement, au gr\u00e9 des rencontres, des motivations et surtout de ses aides de cuisine ou de salle, il semblerait qu&rsquo;une autre route s&rsquo;ouvre \u00e0 Cathy Marie.<\/p>\n\n\n\n<p>Ce que j&rsquo;aime avec le cin\u00e9ma, c&rsquo;est qu&rsquo;il a toujours le moyen de nous surprendre, en bien ou en mal. Parfois, on pense entrer en salle pour aller voir ce qui semble \u00eatre une com\u00e9die lourde et pleine de clich\u00e9s, et l&rsquo;on tombe sur un petit vent de fra\u00eecheur. Alors j&rsquo;aurais d\u00fb m&rsquo;en douter, car \u00e0 la r\u00e9alisation de cette \u00ab\u00a0&#8230; <strong>brigade<\/strong>\u00ab\u00a0, on trouve <em>Louis-Julien Petit<\/em> et pourtant, malgr\u00e9 lui, il y avait cette bande-annonce qui donnait l&rsquo;impression de conna\u00eetre ce film par c\u0153ur et au-del\u00e0 de \u00e7a, l&rsquo;ensemble paraissait lourd et client\u00e9liste. Heureusement pour son r\u00e9alisateur, ses \u00e9quipes et pour moi-m\u00eame, cette \u00ab\u00a0&#8230; <strong>brigade<\/strong>\u00ab\u00a0, c&rsquo;est tout le contraire de ce que l&rsquo;on pouvait imaginer.<\/p>\n\n\n\n<p>Encore une fois, <em>Louis-Julien Petit<\/em> confirme qu&rsquo;il est un tr\u00e8s bon metteur en sc\u00e8ne, capable de parler de sujet de soci\u00e9t\u00e9 fort, de mani\u00e8re diff\u00e9rente. Com\u00e9die dramatique, feel good movie, vent de fra\u00eecheur, \u00ab\u00a0<strong>La brigade<\/strong>\u00a0\u00bb est de ces films qui font du bien parce qu&rsquo;ils v\u00e9hiculent avec eux une l\u00e9g\u00e8ret\u00e9, une bonne humeur et tout un tas d&rsquo;\u00e9motions amen\u00e9es par des personnages tendres et beaux, et des parcours touchants. Bon, en m\u00eame temps, je suis un peu le bon client, car de mani\u00e8re g\u00e9n\u00e9rale, j&rsquo;adore ces histoires d&rsquo;hommes et femmes qui pensaient avoir tout perdu, et puis finalement le destin leur pr\u00e9sente un nouvel horizon. Ici, on est pile dans cette id\u00e9e.<\/p>\n\n\n\n<p>Ce qui est bon avec ce film, c&rsquo;est que \u00ab\u00a0<strong>La brigade<\/strong>\u00a0\u00bb s&rsquo;aventure sur tout un tas de terrains au travers d&rsquo;un sc\u00e9nario aussi int\u00e9ressant qu&rsquo;il est cool. \u00ab\u00a0<strong>La brigade<\/strong>\u00a0\u00bb est un film qui parle de ceux qu&rsquo;on appelle les migrants et des associations qui s&rsquo;occupent des mineurs. Comment les placer, quoi faire eux, comment s&rsquo;en occuper, et derri\u00e8re \u00e7a, quels espoirs attendent-ils, pourquoi sont-ils partis de leur pays, quels sont leur trajectoire, leur parcours ? <em>Louis-Julien Petit<\/em> traite tous ces sujets graves avec int\u00e9r\u00eat et humanit\u00e9. Puis derri\u00e8re \u00e7a, \u00ab\u00a0<strong>La brigade<\/strong>\u00a0\u00bb est aussi un film qui parle de la cuisine, du m\u00e9tier, de la rigueur et de la cr\u00e9ativit\u00e9 de chef. Le film aborde aussi la solidarit\u00e9, l&rsquo;entraide, l&rsquo;altruisme, et puis la transmission aussi, le savoir-faire, et des diff\u00e9rentes cultures culinaires. Ici, malgr\u00e9 les sujets graves trait\u00e9s au premier abord, <em>Louis-Julien Petit<\/em> n&rsquo;oublie jamais d&rsquo;offrir un film dynamique et de la com\u00e9die qui fait mouche. Bref, c&rsquo;est un petit r\u00e9gal de suivre ces personnages m\u00fbrir tous ensemble.<\/p>\n\n\n\n<p>Apr\u00e8s, au sein de ce sc\u00e9nario, tout n&rsquo;est pas parfait non plus, et l&rsquo;on pourra reprocher \u00e0 cette \u00ab\u00a0&#8230; <strong>brigade<\/strong>\u00a0\u00bb de prendre de tr\u00e8s gros raccourcis. Franchement, tout ce qui tourne autour de l&rsquo;\u00e9mission t\u00e9l\u00e9 arrive tr\u00e8s vite et la r\u00e9solution du film se fait en tr\u00e8s peu de temps. On a une impression sur la fin de pr\u00e9cipitation, et m\u00eame si on est touch\u00e9 par les trajectoires et ce que le film raconte, l&rsquo;ensemble va bien vite, trop vite.<\/p>\n\n\n\n<p>Ce dynamisme et cette humanit\u00e9, on les doit aussi \u00e0 ce casting parfaitement choisi et surtout tenu par une <em>Audrey Lamy<\/em> p\u00e9tillante et tout \u00e0 fait adorable, aussi r\u00e2leuse qu&rsquo;elle est humaine. <em>Louis-Julien Petit<\/em> retrouve aussi <em>Chantal Neuwirth<\/em>, et il lui offre un r\u00f4le tr\u00e8s amusant. Puis il faut aussi mentionner le casting impeccable d&rsquo;adolescents, tous bien camp\u00e9s et particuli\u00e8rement <em>Alpha Barry<\/em>, <em>Yannick Kalombo<\/em> et <em>Mamdou Koita<\/em>, qui apportent, chacun, une v\u00e9rit\u00e9 \u00e0 leur personnage et un parcours. Seul <em>Fran\u00e7ois Cluzet<\/em>, dans ce tableau, tombe un peu dans l&rsquo;exc\u00e8s, \u00e9tant parfois la caricature de <em>Cluzet<\/em>.<\/p>\n\n\n\n<div class=\"wp-block-image\"><figure class=\"aligncenter size-large is-resized\"><a href=\"https:\/\/www.lavisqteam.fr\/wp-content\/uploads\/2022\/04\/277692435_375947917775895_7156992114816173772_n.jpg\"><img src=\"https:\/\/www.lavisqteam.fr\/wp-content\/uploads\/2022\/04\/277692435_375947917775895_7156992114816173772_n-1024x683.jpg\" alt=\"\" class=\"wp-image-63248\" width=\"600\" srcset=\"https:\/\/www.lavisqteam.fr\/wp-content\/uploads\/2022\/04\/277692435_375947917775895_7156992114816173772_n-1024x683.jpg 1024w, https:\/\/www.lavisqteam.fr\/wp-content\/uploads\/2022\/04\/277692435_375947917775895_7156992114816173772_n-300x200.jpg 300w, https:\/\/www.lavisqteam.fr\/wp-content\/uploads\/2022\/04\/277692435_375947917775895_7156992114816173772_n-768x512.jpg 768w, https:\/\/www.lavisqteam.fr\/wp-content\/uploads\/2022\/04\/277692435_375947917775895_7156992114816173772_n-1536x1024.jpg 1536w, https:\/\/www.lavisqteam.fr\/wp-content\/uploads\/2022\/04\/277692435_375947917775895_7156992114816173772_n.jpg 1600w\" sizes=\"(max-width: 1024px) 100vw, 1024px\" \/><\/a><\/figure><\/div>\n\n\n\n<p>Intelligent dans sa fa\u00e7on de traiter tous ses sujets, dr\u00f4le tout en \u00e9tant humain et \u00e9mouvant, le nouveau film de <em>Louis-Julien Petit<\/em> pousse encore un peu plus le curseur vers le haut et d\u00e9montre bien que le cin\u00e9aste fran\u00e7ais est un cin\u00e9aste sur lequel on peut compter. Cin\u00e9ma social, com\u00e9die qui parle bien de son genre, le tout est saupoudr\u00e9 d&rsquo;histoires et de personnages tr\u00e8s bien ajust\u00e9s. Bref, on rit, on pleure, puis on rit et surtout la somme de tout \u00e7a, fait qu&rsquo;on sort de la salle le sourire aux l\u00e8vres.<\/p>\n\n\n\n<p><strong>Note\u00a0: 15\/20<\/strong><\/p>\n\n\n\n<figure class=\"wp-block-embed is-type-video is-provider-youtube wp-block-embed-youtube wp-embed-aspect-16-9 wp-has-aspect-ratio\"><div class=\"wp-block-embed__wrapper\">\n<iframe loading=\"lazy\" title=\"LA BRIGADE Bande Annonce (2022)\" width=\"1200\" height=\"675\" src=\"https:\/\/www.youtube.com\/embed\/dVtXw6PWxBI?feature=oembed\" frameborder=\"0\" allow=\"accelerometer; autoplay; clipboard-write; encrypted-media; gyroscope; picture-in-picture\" allowfullscreen><\/iframe>\n<\/div><\/figure>\n\n\n\n<p class=\"has-text-align-right\">Par <strong>Cin\u00e9ted<\/strong><\/p>\n","protected":false},"excerpt":{"rendered":"<p>De&nbsp;: Louis-Julien Petit Avec Audrey Lamy, Fran\u00e7ois Cluzet, Chantal Neuwirth, Fatoumata Kaba Ann\u00e9e&nbsp;: 2022 Pays&nbsp;: France Genre&nbsp;: Com\u00e9die R\u00e9sum\u00e9&nbsp;: Depuis toute petite, Cathy r\u00eave de &hellip; <\/p>\n","protected":false},"author":4,"featured_media":63250,"comment_status":"open","ping_status":"open","sticky":false,"template":"","format":"standard","meta":[],"categories":[7],"tags":[],"yoast_head":"<!-- This site is optimized with the Yoast SEO plugin v19.6.1 - https:\/\/yoast.com\/wordpress\/plugins\/seo\/ -->\n<title>La Brigade - Lavisqteam.fr<\/title>\n<meta name=\"robots\" content=\"index, follow, max-snippet:-1, max-image-preview:large, max-video-preview:-1\" \/>\n<link rel=\"canonical\" href=\"https:\/\/www.lavisqteam.fr\/?p=63246\" \/>\n<meta property=\"og:locale\" content=\"fr_FR\" \/>\n<meta property=\"og:type\" content=\"article\" \/>\n<meta property=\"og:title\" content=\"La Brigade - Lavisqteam.fr\" \/>\n<meta property=\"og:description\" content=\"De&nbsp;: Louis-Julien Petit Avec Audrey Lamy, Fran\u00e7ois Cluzet, Chantal Neuwirth, Fatoumata Kaba Ann\u00e9e&nbsp;: 2022 Pays&nbsp;: France Genre&nbsp;: Com\u00e9die R\u00e9sum\u00e9&nbsp;: Depuis toute petite, Cathy r\u00eave de &hellip;\" \/>\n<meta property=\"og:url\" content=\"https:\/\/www.lavisqteam.fr\/?p=63246\" \/>\n<meta property=\"og:site_name\" content=\"Lavisqteam.fr\" \/>\n<meta property=\"article:published_time\" content=\"2022-04-05T10:59:59+00:00\" \/>\n<meta property=\"article:modified_time\" content=\"2022-04-05T11:00:02+00:00\" \/>\n<meta property=\"og:image\" content=\"https:\/\/www.lavisqteam.fr\/wp-content\/uploads\/2022\/04\/labr.jpg\" \/>\n\t<meta property=\"og:image:width\" content=\"727\" \/>\n\t<meta property=\"og:image:height\" content=\"395\" \/>\n\t<meta property=\"og:image:type\" content=\"image\/jpeg\" \/>\n<meta name=\"author\" content=\"Cineted\" \/>\n<meta name=\"twitter:card\" content=\"summary_large_image\" \/>\n<meta name=\"twitter:image\" content=\"https:\/\/www.lavisqteam.fr\/wp-content\/uploads\/2022\/04\/labr.jpg\" \/>\n<meta name=\"twitter:label1\" content=\"\u00c9crit par\" \/>\n\t<meta name=\"twitter:data1\" content=\"Cineted\" \/>\n\t<meta name=\"twitter:label2\" content=\"Dur\u00e9e de lecture estim\u00e9e\" \/>\n\t<meta name=\"twitter:data2\" content=\"7 minutes\" \/>\n<script type=\"application\/ld+json\" class=\"yoast-schema-graph\">{\"@context\":\"https:\/\/schema.org\",\"@graph\":[{\"@type\":\"Article\",\"@id\":\"https:\/\/www.lavisqteam.fr\/?p=63246#article\",\"isPartOf\":{\"@id\":\"https:\/\/www.lavisqteam.fr\/?p=63246\"},\"author\":{\"name\":\"Cineted\",\"@id\":\"https:\/\/www.lavisqteam.fr\/#\/schema\/person\/4ed7295b68bc3daae9094db5f1f9f913\"},\"headline\":\"La Brigade\",\"datePublished\":\"2022-04-05T10:59:59+00:00\",\"dateModified\":\"2022-04-05T11:00:02+00:00\",\"mainEntityOfPage\":{\"@id\":\"https:\/\/www.lavisqteam.fr\/?p=63246\"},\"wordCount\":1265,\"commentCount\":0,\"publisher\":{\"@id\":\"https:\/\/www.lavisqteam.fr\/#organization\"},\"articleSection\":[\"Cin\u00e9ma\"],\"inLanguage\":\"fr-FR\",\"potentialAction\":[{\"@type\":\"CommentAction\",\"name\":\"Comment\",\"target\":[\"https:\/\/www.lavisqteam.fr\/?p=63246#respond\"]}]},{\"@type\":\"WebPage\",\"@id\":\"https:\/\/www.lavisqteam.fr\/?p=63246\",\"url\":\"https:\/\/www.lavisqteam.fr\/?p=63246\",\"name\":\"La Brigade - Lavisqteam.fr\",\"isPartOf\":{\"@id\":\"https:\/\/www.lavisqteam.fr\/#website\"},\"datePublished\":\"2022-04-05T10:59:59+00:00\",\"dateModified\":\"2022-04-05T11:00:02+00:00\",\"breadcrumb\":{\"@id\":\"https:\/\/www.lavisqteam.fr\/?p=63246#breadcrumb\"},\"inLanguage\":\"fr-FR\",\"potentialAction\":[{\"@type\":\"ReadAction\",\"target\":[\"https:\/\/www.lavisqteam.fr\/?p=63246\"]}]},{\"@type\":\"BreadcrumbList\",\"@id\":\"https:\/\/www.lavisqteam.fr\/?p=63246#breadcrumb\",\"itemListElement\":[{\"@type\":\"ListItem\",\"position\":1,\"name\":\"Accueil\",\"item\":\"https:\/\/www.lavisqteam.fr\/\"},{\"@type\":\"ListItem\",\"position\":2,\"name\":\"La Brigade\"}]},{\"@type\":\"WebSite\",\"@id\":\"https:\/\/www.lavisqteam.fr\/#website\",\"url\":\"https:\/\/www.lavisqteam.fr\/\",\"name\":\"Lavisqteam.fr\",\"description\":\"\",\"publisher\":{\"@id\":\"https:\/\/www.lavisqteam.fr\/#organization\"},\"potentialAction\":[{\"@type\":\"SearchAction\",\"target\":{\"@type\":\"EntryPoint\",\"urlTemplate\":\"https:\/\/www.lavisqteam.fr\/?s={search_term_string}\"},\"query-input\":\"required name=search_term_string\"}],\"inLanguage\":\"fr-FR\"},{\"@type\":\"Organization\",\"@id\":\"https:\/\/www.lavisqteam.fr\/#organization\",\"name\":\"Lavisqteam.fr\",\"url\":\"https:\/\/www.lavisqteam.fr\/\",\"sameAs\":[],\"logo\":{\"@type\":\"ImageObject\",\"inLanguage\":\"fr-FR\",\"@id\":\"https:\/\/www.lavisqteam.fr\/#\/schema\/logo\/image\/\",\"url\":\"https:\/\/www.lavisqteam.fr\/wp-content\/uploads\/2020\/08\/cropped-80879545_3479261675449035_4078032831501041664_o-4.jpg\",\"contentUrl\":\"https:\/\/www.lavisqteam.fr\/wp-content\/uploads\/2020\/08\/cropped-80879545_3479261675449035_4078032831501041664_o-4.jpg\",\"width\":1674,\"height\":536,\"caption\":\"Lavisqteam.fr\"},\"image\":{\"@id\":\"https:\/\/www.lavisqteam.fr\/#\/schema\/logo\/image\/\"}},{\"@type\":\"Person\",\"@id\":\"https:\/\/www.lavisqteam.fr\/#\/schema\/person\/4ed7295b68bc3daae9094db5f1f9f913\",\"name\":\"Cineted\",\"image\":{\"@type\":\"ImageObject\",\"inLanguage\":\"fr-FR\",\"@id\":\"https:\/\/www.lavisqteam.fr\/#\/schema\/person\/image\/\",\"url\":\"https:\/\/secure.gravatar.com\/avatar\/2d66d0012368c91013200ba69885bddd?s=96&d=mm&r=g\",\"contentUrl\":\"https:\/\/secure.gravatar.com\/avatar\/2d66d0012368c91013200ba69885bddd?s=96&d=mm&r=g\",\"caption\":\"Cineted\"},\"url\":\"https:\/\/www.lavisqteam.fr\/?author=4\"}]}<\/script>\n<!-- \/ Yoast SEO plugin. -->","yoast_head_json":{"title":"La Brigade - Lavisqteam.fr","robots":{"index":"index","follow":"follow","max-snippet":"max-snippet:-1","max-image-preview":"max-image-preview:large","max-video-preview":"max-video-preview:-1"},"canonical":"https:\/\/www.lavisqteam.fr\/?p=63246","og_locale":"fr_FR","og_type":"article","og_title":"La Brigade - Lavisqteam.fr","og_description":"De&nbsp;: Louis-Julien Petit Avec Audrey Lamy, Fran\u00e7ois Cluzet, Chantal Neuwirth, Fatoumata Kaba Ann\u00e9e&nbsp;: 2022 Pays&nbsp;: France Genre&nbsp;: Com\u00e9die R\u00e9sum\u00e9&nbsp;: Depuis toute petite, Cathy r\u00eave de &hellip;","og_url":"https:\/\/www.lavisqteam.fr\/?p=63246","og_site_name":"Lavisqteam.fr","article_published_time":"2022-04-05T10:59:59+00:00","article_modified_time":"2022-04-05T11:00:02+00:00","og_image":[{"width":727,"height":395,"url":"https:\/\/www.lavisqteam.fr\/wp-content\/uploads\/2022\/04\/labr.jpg","type":"image\/jpeg"}],"author":"Cineted","twitter_card":"summary_large_image","twitter_image":"https:\/\/www.lavisqteam.fr\/wp-content\/uploads\/2022\/04\/labr.jpg","twitter_misc":{"\u00c9crit par":"Cineted","Dur\u00e9e de lecture estim\u00e9e":"7 minutes"},"schema":{"@context":"https:\/\/schema.org","@graph":[{"@type":"Article","@id":"https:\/\/www.lavisqteam.fr\/?p=63246#article","isPartOf":{"@id":"https:\/\/www.lavisqteam.fr\/?p=63246"},"author":{"name":"Cineted","@id":"https:\/\/www.lavisqteam.fr\/#\/schema\/person\/4ed7295b68bc3daae9094db5f1f9f913"},"headline":"La Brigade","datePublished":"2022-04-05T10:59:59+00:00","dateModified":"2022-04-05T11:00:02+00:00","mainEntityOfPage":{"@id":"https:\/\/www.lavisqteam.fr\/?p=63246"},"wordCount":1265,"commentCount":0,"publisher":{"@id":"https:\/\/www.lavisqteam.fr\/#organization"},"articleSection":["Cin\u00e9ma"],"inLanguage":"fr-FR","potentialAction":[{"@type":"CommentAction","name":"Comment","target":["https:\/\/www.lavisqteam.fr\/?p=63246#respond"]}]},{"@type":"WebPage","@id":"https:\/\/www.lavisqteam.fr\/?p=63246","url":"https:\/\/www.lavisqteam.fr\/?p=63246","name":"La Brigade - Lavisqteam.fr","isPartOf":{"@id":"https:\/\/www.lavisqteam.fr\/#website"},"datePublished":"2022-04-05T10:59:59+00:00","dateModified":"2022-04-05T11:00:02+00:00","breadcrumb":{"@id":"https:\/\/www.lavisqteam.fr\/?p=63246#breadcrumb"},"inLanguage":"fr-FR","potentialAction":[{"@type":"ReadAction","target":["https:\/\/www.lavisqteam.fr\/?p=63246"]}]},{"@type":"BreadcrumbList","@id":"https:\/\/www.lavisqteam.fr\/?p=63246#breadcrumb","itemListElement":[{"@type":"ListItem","position":1,"name":"Accueil","item":"https:\/\/www.lavisqteam.fr\/"},{"@type":"ListItem","position":2,"name":"La Brigade"}]},{"@type":"WebSite","@id":"https:\/\/www.lavisqteam.fr\/#website","url":"https:\/\/www.lavisqteam.fr\/","name":"Lavisqteam.fr","description":"","publisher":{"@id":"https:\/\/www.lavisqteam.fr\/#organization"},"potentialAction":[{"@type":"SearchAction","target":{"@type":"EntryPoint","urlTemplate":"https:\/\/www.lavisqteam.fr\/?s={search_term_string}"},"query-input":"required name=search_term_string"}],"inLanguage":"fr-FR"},{"@type":"Organization","@id":"https:\/\/www.lavisqteam.fr\/#organization","name":"Lavisqteam.fr","url":"https:\/\/www.lavisqteam.fr\/","sameAs":[],"logo":{"@type":"ImageObject","inLanguage":"fr-FR","@id":"https:\/\/www.lavisqteam.fr\/#\/schema\/logo\/image\/","url":"https:\/\/www.lavisqteam.fr\/wp-content\/uploads\/2020\/08\/cropped-80879545_3479261675449035_4078032831501041664_o-4.jpg","contentUrl":"https:\/\/www.lavisqteam.fr\/wp-content\/uploads\/2020\/08\/cropped-80879545_3479261675449035_4078032831501041664_o-4.jpg","width":1674,"height":536,"caption":"Lavisqteam.fr"},"image":{"@id":"https:\/\/www.lavisqteam.fr\/#\/schema\/logo\/image\/"}},{"@type":"Person","@id":"https:\/\/www.lavisqteam.fr\/#\/schema\/person\/4ed7295b68bc3daae9094db5f1f9f913","name":"Cineted","image":{"@type":"ImageObject","inLanguage":"fr-FR","@id":"https:\/\/www.lavisqteam.fr\/#\/schema\/person\/image\/","url":"https:\/\/secure.gravatar.com\/avatar\/2d66d0012368c91013200ba69885bddd?s=96&d=mm&r=g","contentUrl":"https:\/\/secure.gravatar.com\/avatar\/2d66d0012368c91013200ba69885bddd?s=96&d=mm&r=g","caption":"Cineted"},"url":"https:\/\/www.lavisqteam.fr\/?author=4"}]}},"jetpack_featured_media_url":"https:\/\/www.lavisqteam.fr\/wp-content\/uploads\/2022\/04\/labr.jpg","_links":{"self":[{"href":"https:\/\/www.lavisqteam.fr\/index.php?rest_route=\/wp\/v2\/posts\/63246"}],"collection":[{"href":"https:\/\/www.lavisqteam.fr\/index.php?rest_route=\/wp\/v2\/posts"}],"about":[{"href":"https:\/\/www.lavisqteam.fr\/index.php?rest_route=\/wp\/v2\/types\/post"}],"author":[{"embeddable":true,"href":"https:\/\/www.lavisqteam.fr\/index.php?rest_route=\/wp\/v2\/users\/4"}],"replies":[{"embeddable":true,"href":"https:\/\/www.lavisqteam.fr\/index.php?rest_route=%2Fwp%2Fv2%2Fcomments&post=63246"}],"version-history":[{"count":1,"href":"https:\/\/www.lavisqteam.fr\/index.php?rest_route=\/wp\/v2\/posts\/63246\/revisions"}],"predecessor-version":[{"id":63251,"href":"https:\/\/www.lavisqteam.fr\/index.php?rest_route=\/wp\/v2\/posts\/63246\/revisions\/63251"}],"wp:featuredmedia":[{"embeddable":true,"href":"https:\/\/www.lavisqteam.fr\/index.php?rest_route=\/wp\/v2\/media\/63250"}],"wp:attachment":[{"href":"https:\/\/www.lavisqteam.fr\/index.php?rest_route=%2Fwp%2Fv2%2Fmedia&parent=63246"}],"wp:term":[{"taxonomy":"category","embeddable":true,"href":"https:\/\/www.lavisqteam.fr\/index.php?rest_route=%2Fwp%2Fv2%2Fcategories&post=63246"},{"taxonomy":"post_tag","embeddable":true,"href":"https:\/\/www.lavisqteam.fr\/index.php?rest_route=%2Fwp%2Fv2%2Ftags&post=63246"}],"curies":[{"name":"wp","href":"https:\/\/api.w.org\/{rel}","templated":true}]}}