{"id":62833,"date":"2022-03-14T17:58:07","date_gmt":"2022-03-14T17:58:07","guid":{"rendered":"https:\/\/www.lavisqteam.fr\/?p=62833"},"modified":"2022-04-03T17:41:45","modified_gmt":"2022-04-03T17:41:45","slug":"a-plein-temps-et-a-bout-de-souffle","status":"publish","type":"post","link":"https:\/\/www.lavisqteam.fr\/?p=62833","title":{"rendered":"A Plein Temps &#8211; Et \u00e0 Bout de Souffle"},"content":{"rendered":"\n<div class=\"wp-block-image\"><figure class=\"aligncenter size-large is-resized\"><a href=\"https:\/\/www.lavisqteam.fr\/wp-content\/uploads\/2022\/03\/275228761_333441175504046_3392517357453619887_n.jpg\"><img src=\"https:\/\/www.lavisqteam.fr\/wp-content\/uploads\/2022\/03\/275228761_333441175504046_3392517357453619887_n-752x1024.jpg\" alt=\"\" class=\"wp-image-62834\" width=\"600\" srcset=\"https:\/\/www.lavisqteam.fr\/wp-content\/uploads\/2022\/03\/275228761_333441175504046_3392517357453619887_n-752x1024.jpg 752w, https:\/\/www.lavisqteam.fr\/wp-content\/uploads\/2022\/03\/275228761_333441175504046_3392517357453619887_n-220x300.jpg 220w, https:\/\/www.lavisqteam.fr\/wp-content\/uploads\/2022\/03\/275228761_333441175504046_3392517357453619887_n-768x1046.jpg 768w, https:\/\/www.lavisqteam.fr\/wp-content\/uploads\/2022\/03\/275228761_333441175504046_3392517357453619887_n.jpg 793w\" sizes=\"(max-width: 752px) 100vw, 752px\" \/><\/a><\/figure><\/div>\n\n\n\n<p><strong>De&nbsp;: <\/strong>Eric Gravel<\/p>\n\n\n\n<p><strong>Avec <\/strong>Laure Calamy, Anne Suarez, Genevi\u00e8ve Mnich, Nolan Arizmendi<\/p>\n\n\n\n<p><strong>Ann\u00e9e&nbsp;: <\/strong>2022<\/p>\n\n\n\n<p><strong>Pays&nbsp;: <\/strong>France<\/p>\n\n\n\n<p><strong>Genre&nbsp;: <\/strong>Drame<\/p>\n\n\n\n<p><strong>R\u00e9sum\u00e9&nbsp;:<\/strong><\/p>\n\n\n\n<p>Julie se d\u00e9m\u00e8ne seule pour \u00e9lever ses deux enfants \u00e0 la campagne et garder son travail dans un palace parisien. Quand elle obtient enfin un entretien pour un poste correspondant \u00e0 ses aspirations, une gr\u00e8ve g\u00e9n\u00e9rale \u00e9clate, paralysant les transports. C\u2019est tout le fragile \u00e9quilibre de Julie qui vacille. Elle va alors se lancer dans une course effr\u00e9n\u00e9e, au risque de sombrer.<\/p>\n\n\n\n<p><strong>Avis&nbsp;:<\/strong><strong><\/strong><\/p>\n\n\n\n<p>R\u00e9alisateur canadien, <em>Eric Gravel<\/em> a d\u00e9but\u00e9 sa carri\u00e8re au d\u00e9but des ann\u00e9es 2000. Apr\u00e8s un court-m\u00e9trage en 2004, \u00ab\u00a0<strong>Ce n&rsquo;\u00e9tait qu&rsquo;un r\u00eave<\/strong>\u00ab\u00a0, <em>Eric Gravel<\/em> travaille comme second r\u00e9alisateur sur des s\u00e9ries comme \u00ab\u00a0<strong>Minuscule<\/strong>\u00a0\u00bb ou \u00ab\u00a0<strong>Versailles<\/strong>\u00ab\u00a0. Entre temps, il r\u00e9alisateur un second court en 2007. Il lui faudra attendre encore une dizaine d&rsquo;ann\u00e9es pour enfin passer au long-m\u00e9trage. Ainsi, en 2017, il r\u00e9alise son premier film, \u00ab\u00a0<strong>Crash Test Agla\u00e9<\/strong>\u00ab\u00a0, film tenu par <em>India Hair<\/em>, <em>Yolande Moreau<\/em> et <em>Julie Depardieu<\/em>.<\/p>\n\n\n\n<div class=\"wp-block-image\"><figure class=\"aligncenter size-large is-resized\"><a href=\"https:\/\/www.lavisqteam.fr\/wp-content\/uploads\/2022\/03\/275162863_1108398676647332_3571469362025344435_n.jpg\"><img src=\"https:\/\/www.lavisqteam.fr\/wp-content\/uploads\/2022\/03\/275162863_1108398676647332_3571469362025344435_n-1024x585.jpg\" alt=\"\" class=\"wp-image-62836\" width=\"600\" srcset=\"https:\/\/www.lavisqteam.fr\/wp-content\/uploads\/2022\/03\/275162863_1108398676647332_3571469362025344435_n-1024x585.jpg 1024w, https:\/\/www.lavisqteam.fr\/wp-content\/uploads\/2022\/03\/275162863_1108398676647332_3571469362025344435_n-300x171.jpg 300w, https:\/\/www.lavisqteam.fr\/wp-content\/uploads\/2022\/03\/275162863_1108398676647332_3571469362025344435_n-768x439.jpg 768w, https:\/\/www.lavisqteam.fr\/wp-content\/uploads\/2022\/03\/275162863_1108398676647332_3571469362025344435_n-1536x877.jpg 1536w, https:\/\/www.lavisqteam.fr\/wp-content\/uploads\/2022\/03\/275162863_1108398676647332_3571469362025344435_n-1400x800.jpg 1400w, https:\/\/www.lavisqteam.fr\/wp-content\/uploads\/2022\/03\/275162863_1108398676647332_3571469362025344435_n.jpg 1600w\" sizes=\"(max-width: 1024px) 100vw, 1024px\" \/><\/a><\/figure><\/div>\n\n\n\n<p>Apr\u00e8s quatre ans de travail et cinq ann\u00e9es d&rsquo;absence, <em>Eric Gravel<\/em> revient avec un deuxi\u00e8me film \u00e0 l\u2019oppos\u00e9 de son premier. Ayant obtenu le prix du meilleur r\u00e9alisateur et <em>Laure Calamy<\/em> celui de la meilleure actrice \u00e0 La Mostra de Venise en 2021 dans la s\u00e9lection Orizzonti, \u00ab\u00a0<strong>\u00c0 plein temps<\/strong>\u00a0\u00bb est un film pour le moins tr\u00e8s \u00e9tonnant. Cin\u00e9ma social \u00e0 la base, <em>Eric Gravel<\/em> livre surtout un film sous pression, et cette derni\u00e8re ne cesse de grandir au sein d&rsquo;un film ma\u00eetris\u00e9 et int\u00e9ressant, m\u00eame si parfois le sc\u00e9nario en fait un peu trop. Tenu par une grande <em>Laure Calamy<\/em> (comme toujours), \u00ab\u00a0<strong>\u00c0 plein temps<\/strong>\u00a0\u00bb nous tient de bout en bout pour nous emmener vers un final qui nous bouscule.<\/p>\n\n\n\n<p>Julie habite \u00e0 la campagne avec ses deux enfants. M\u00e8re c\u00e9libataire, elle se d\u00e9m\u00e8ne comme peu et tire la corde de tous les c\u00f4t\u00e9s pour joindre son boulot, sa vie de m\u00e8re, la recherche active d&rsquo;un nouveau boulot et comme elle habite en dehors de la Capitale, elle doit faire face \u00e0 l&rsquo;horreur des gr\u00e8ves et autres mouvements sociaux qui ne cessent de se r\u00e9p\u00e9ter. Battante dans l&rsquo;\u00e2me, d\u00e9brouillarde, Julie encha\u00eene les jours et les heures, mais jusqu&rsquo;\u00e0 quand peut-on mener cette vie-l\u00e0 ? Quand est-ce que la ligne rouge va \u00eatre franchie, et que peut-elle faire, prise dans l&rsquo;engrenage de sa vie ?<\/p>\n\n\n\n<p>Le social, le cin\u00e9ma fran\u00e7ais s&rsquo;en est fait une religion et comme tous les ans, arrivent sur les \u00e9crans des films qui mettent en lumi\u00e8re les petites gens qui ont du mal \u00e0 joindre les deux bouts. Des films sociaux, il en existe un nombre incalculable et il devient alors difficile de surprendre, et m\u00eame de r\u00e9inventer le cin\u00e9ma social. Alors bien entendu, ces derni\u00e8res ann\u00e9es, quand on pense au cin\u00e9ma social, on pense aux films de <em>St\u00e9phane Briz\u00e9<\/em> ou \u00e0 ceux de <em>Louis-Julien Petit<\/em>, car les deux cin\u00e9astes ont r\u00e9ussi \u00e0 leur mani\u00e8re \u00e0 proposer quelque chose d&rsquo;autre et c&rsquo;est pile ce que vient de faire <em>Eric Gravel<\/em> avec son deuxi\u00e8me film qui propose un cin\u00e9ma social qui s&rsquo;aventure sur les routes du thriller sous pression. Car oui, le r\u00e9alisateur instaure tellement de pression dans la vie de cette femme qui doit faire face \u00e0 tout un tas de probl\u00e8mes qui la d\u00e9passent, qu&rsquo;il nous laisse \u00e0 nous, public (comme \u00e0 son personnage), peu de temps pour souffler, ou m\u00eame reprendre notre souffle.<\/p>\n\n\n\n<p>\u00ab\u00a0<strong>\u00c0 plein temps<\/strong>\u00a0\u00bb est un film qui est \u00e9crit par <em>Eric Gravel<\/em>, et le r\u00e9alisateur sc\u00e9nariste nous entra\u00eene dans un engrenage palpitant. \u00ab\u00a0<strong>\u00c0 plein temps<\/strong>\u00a0\u00bb s&rsquo;aventure \u00e0 peindre le portrait d&rsquo;une battante, une femme qui ne s&rsquo;arr\u00eate jamais, et qui g\u00e8re autant qu&rsquo;elle peut. Loin des clich\u00e9s des films sociaux, m\u00eame si le m\u00e9trage explore les invisibles des palaces parisiens, leurs conditions de travail, l&rsquo;ambiance qui r\u00e8gne entre ces femmes, ou encore le rapport avec la direction, <em>Eric Gravel<\/em> pr\u00e9f\u00e8re nous entra\u00eener dans le quotidien de cette femme, sans juger ce qui l&rsquo;entoure et ce \u00e0 quoi elle doit faire face.<\/p>\n\n\n\n<p>Apr\u00e8s, comme je le disais, il est vrai que parfois, \u00e0 force d&rsquo;accumuler les soucis et les d\u00e9fis, on peut reprocher au sc\u00e9nario un manque de mesure. La vie du personnage est d\u00e9j\u00e0 suffisamment fournie et chaotique comme \u00e7a, qu&rsquo;il n&rsquo;\u00e9tait pas n\u00e9cessaire d&rsquo;en rajouter une deuxi\u00e8me ou une troisi\u00e8me couche. Heureusement, le film \u00e9vite un certain mis\u00e9rabilisme gr\u00e2ce \u00e0 la lumi\u00e8re folle que d\u00e9gage <em>Laure Calamy<\/em> qui encore une fois est parfaite. L&rsquo;actrice empoigne ce personnage et on se passionne autant que l&rsquo;on craint pour cette Julie qui tient sa barque alors m\u00eame que celle-ci ne cesse de chavirer.<\/p>\n\n\n\n<p>Ce qui fait aussi que le film d&rsquo;<em>Eric Gravel<\/em> est si prenant, c&rsquo;est gr\u00e2ce \u00e0 la mise en sc\u00e8ne de son r\u00e9alisateur qui livre un film qui ne cesse de se tendre. \u00ab\u00a0<strong>\u00c0 plein temps<\/strong>\u00a0\u00bb est dynamique, c&rsquo;est tr\u00e8s rythm\u00e9, c&rsquo;est tendu, on a l&rsquo;impression que le film va craquer \u00e0 tout instant, tout comme son personnage qui pourrait craquer \u00e0 tout instant. Il y a travail assez dingue qui est fait sur le montage, qui encha\u00eene avec urgence les sc\u00e8nes chaotiques de ce quotidien pour se rendre au boulot. C&rsquo;est assez dingue, car finalement, le personnage n\u2019arrive \u00e0 souffler que lorsqu&rsquo;elle travaille, ce qui est un comble. Comme je le disais, <em>Eric Gravel<\/em> tend en permanence son film, et cette tension est aussi due \u00e0 l&rsquo;incroyable BO d&rsquo;<em>Ir\u00e8ne Dr\u00e8sel <\/em>qui livre une bande son \u00e9lectronique puissante et \u00e9touffante.<\/p>\n\n\n\n<div class=\"wp-block-image\"><figure class=\"aligncenter size-large is-resized\"><a href=\"https:\/\/www.lavisqteam.fr\/wp-content\/uploads\/2022\/03\/275268769_495497258899485_4816718718291745985_n.jpg\"><img src=\"https:\/\/www.lavisqteam.fr\/wp-content\/uploads\/2022\/03\/275268769_495497258899485_4816718718291745985_n-1024x585.jpg\" alt=\"\" class=\"wp-image-62835\" width=\"600\" srcset=\"https:\/\/www.lavisqteam.fr\/wp-content\/uploads\/2022\/03\/275268769_495497258899485_4816718718291745985_n-1024x585.jpg 1024w, https:\/\/www.lavisqteam.fr\/wp-content\/uploads\/2022\/03\/275268769_495497258899485_4816718718291745985_n-300x171.jpg 300w, https:\/\/www.lavisqteam.fr\/wp-content\/uploads\/2022\/03\/275268769_495497258899485_4816718718291745985_n-768x439.jpg 768w, https:\/\/www.lavisqteam.fr\/wp-content\/uploads\/2022\/03\/275268769_495497258899485_4816718718291745985_n-1536x877.jpg 1536w, https:\/\/www.lavisqteam.fr\/wp-content\/uploads\/2022\/03\/275268769_495497258899485_4816718718291745985_n-1400x800.jpg 1400w, https:\/\/www.lavisqteam.fr\/wp-content\/uploads\/2022\/03\/275268769_495497258899485_4816718718291745985_n.jpg 1600w\" sizes=\"(max-width: 1024px) 100vw, 1024px\" \/><\/a><\/figure><\/div>\n\n\n\n<p>R\u00e9inventer le cin\u00e9ma social n&rsquo;est pas une chose facile. Proposer dans ce domaine-l\u00e0 autre chose, un autre point de vue, et s&rsquo;aventurer dans d&rsquo;autres genres, n&rsquo;\u00e9tait pas une mince affaire et pourtant, malgr\u00e9 un c\u00f4t\u00e9 trop dans les catastrophes, <em>Eric Gravel<\/em> arrive tr\u00e8s largement \u00e0 transformer le quotidien de son personnage en un thriller sous tension, qui nous tient de mani\u00e8re oppressante. Avec cette id\u00e9e et cette vision, \u00ab\u00a0<strong>\u00c0 plein temps<\/strong>\u00ab\u00a0, comme pour son personnage, nous fait passer par tout un tas d&rsquo;\u00e9motions et \u00e7a, on ne s&rsquo;y attendait vraiment pas. Bref, \u00ab\u00a0<strong>\u00c0 plein temps<\/strong>\u00a0\u00bb est une tr\u00e8s belle r\u00e9ussite et une prenante surprise.<\/p>\n\n\n\n<p><strong>Note\u00a0: 16\/20<\/strong><\/p>\n\n\n\n<figure class=\"wp-block-embed is-type-video is-provider-youtube wp-block-embed-youtube wp-embed-aspect-16-9 wp-has-aspect-ratio\"><div class=\"wp-block-embed__wrapper\">\n<iframe loading=\"lazy\" title=\"\u00c0 PLEIN TEMPS Bande Annonce (2022) Laure Calamy\" width=\"1200\" height=\"675\" src=\"https:\/\/www.youtube.com\/embed\/IX9or8BH2oU?feature=oembed\" frameborder=\"0\" allow=\"accelerometer; autoplay; clipboard-write; encrypted-media; gyroscope; picture-in-picture\" allowfullscreen><\/iframe>\n<\/div><\/figure>\n\n\n\n<p class=\"has-text-align-right\">Par <strong>Cin\u00e9ted<\/strong><\/p>\n","protected":false},"excerpt":{"rendered":"<p>De&nbsp;: Eric Gravel Avec Laure Calamy, Anne Suarez, Genevi\u00e8ve Mnich, Nolan Arizmendi Ann\u00e9e&nbsp;: 2022 Pays&nbsp;: France Genre&nbsp;: Drame R\u00e9sum\u00e9&nbsp;: Julie se d\u00e9m\u00e8ne seule pour \u00e9lever &hellip; <\/p>\n","protected":false},"author":4,"featured_media":62837,"comment_status":"open","ping_status":"open","sticky":false,"template":"","format":"standard","meta":[],"categories":[7],"tags":[],"yoast_head":"<!-- This site is optimized with the Yoast SEO plugin v19.6.1 - https:\/\/yoast.com\/wordpress\/plugins\/seo\/ -->\n<title>A Plein Temps - Et \u00e0 Bout de Souffle - Lavisqteam.fr<\/title>\n<meta name=\"robots\" content=\"index, follow, max-snippet:-1, max-image-preview:large, max-video-preview:-1\" \/>\n<link rel=\"canonical\" href=\"https:\/\/www.lavisqteam.fr\/?p=62833\" \/>\n<meta property=\"og:locale\" content=\"fr_FR\" \/>\n<meta property=\"og:type\" content=\"article\" \/>\n<meta property=\"og:title\" content=\"A Plein Temps - Et \u00e0 Bout de Souffle - Lavisqteam.fr\" \/>\n<meta property=\"og:description\" content=\"De&nbsp;: Eric Gravel Avec Laure Calamy, Anne Suarez, Genevi\u00e8ve Mnich, Nolan Arizmendi Ann\u00e9e&nbsp;: 2022 Pays&nbsp;: France Genre&nbsp;: Drame R\u00e9sum\u00e9&nbsp;: Julie se d\u00e9m\u00e8ne seule pour \u00e9lever &hellip;\" \/>\n<meta property=\"og:url\" content=\"https:\/\/www.lavisqteam.fr\/?p=62833\" \/>\n<meta property=\"og:site_name\" content=\"Lavisqteam.fr\" \/>\n<meta property=\"article:published_time\" content=\"2022-03-14T17:58:07+00:00\" \/>\n<meta property=\"article:modified_time\" content=\"2022-04-03T17:41:45+00:00\" \/>\n<meta property=\"og:image\" content=\"https:\/\/www.lavisqteam.fr\/wp-content\/uploads\/2022\/03\/aple.jpg\" \/>\n\t<meta property=\"og:image:width\" content=\"727\" \/>\n\t<meta property=\"og:image:height\" content=\"395\" \/>\n\t<meta property=\"og:image:type\" content=\"image\/jpeg\" \/>\n<meta name=\"author\" content=\"Cineted\" \/>\n<meta name=\"twitter:card\" content=\"summary_large_image\" \/>\n<meta name=\"twitter:image\" content=\"https:\/\/www.lavisqteam.fr\/wp-content\/uploads\/2022\/03\/aple.jpg\" \/>\n<meta name=\"twitter:label1\" content=\"\u00c9crit par\" \/>\n\t<meta name=\"twitter:data1\" content=\"Cineted\" \/>\n\t<meta name=\"twitter:label2\" content=\"Dur\u00e9e de lecture estim\u00e9e\" \/>\n\t<meta name=\"twitter:data2\" content=\"6 minutes\" \/>\n<script type=\"application\/ld+json\" class=\"yoast-schema-graph\">{\"@context\":\"https:\/\/schema.org\",\"@graph\":[{\"@type\":\"Article\",\"@id\":\"https:\/\/www.lavisqteam.fr\/?p=62833#article\",\"isPartOf\":{\"@id\":\"https:\/\/www.lavisqteam.fr\/?p=62833\"},\"author\":{\"name\":\"Cineted\",\"@id\":\"https:\/\/www.lavisqteam.fr\/#\/schema\/person\/4ed7295b68bc3daae9094db5f1f9f913\"},\"headline\":\"A Plein Temps &#8211; Et \u00e0 Bout de Souffle\",\"datePublished\":\"2022-03-14T17:58:07+00:00\",\"dateModified\":\"2022-04-03T17:41:45+00:00\",\"mainEntityOfPage\":{\"@id\":\"https:\/\/www.lavisqteam.fr\/?p=62833\"},\"wordCount\":1107,\"commentCount\":1,\"publisher\":{\"@id\":\"https:\/\/www.lavisqteam.fr\/#organization\"},\"articleSection\":[\"Cin\u00e9ma\"],\"inLanguage\":\"fr-FR\",\"potentialAction\":[{\"@type\":\"CommentAction\",\"name\":\"Comment\",\"target\":[\"https:\/\/www.lavisqteam.fr\/?p=62833#respond\"]}]},{\"@type\":\"WebPage\",\"@id\":\"https:\/\/www.lavisqteam.fr\/?p=62833\",\"url\":\"https:\/\/www.lavisqteam.fr\/?p=62833\",\"name\":\"A Plein Temps - Et \u00e0 Bout de Souffle - Lavisqteam.fr\",\"isPartOf\":{\"@id\":\"https:\/\/www.lavisqteam.fr\/#website\"},\"datePublished\":\"2022-03-14T17:58:07+00:00\",\"dateModified\":\"2022-04-03T17:41:45+00:00\",\"breadcrumb\":{\"@id\":\"https:\/\/www.lavisqteam.fr\/?p=62833#breadcrumb\"},\"inLanguage\":\"fr-FR\",\"potentialAction\":[{\"@type\":\"ReadAction\",\"target\":[\"https:\/\/www.lavisqteam.fr\/?p=62833\"]}]},{\"@type\":\"BreadcrumbList\",\"@id\":\"https:\/\/www.lavisqteam.fr\/?p=62833#breadcrumb\",\"itemListElement\":[{\"@type\":\"ListItem\",\"position\":1,\"name\":\"Accueil\",\"item\":\"https:\/\/www.lavisqteam.fr\/\"},{\"@type\":\"ListItem\",\"position\":2,\"name\":\"A Plein Temps &#8211; Et \u00e0 Bout de Souffle\"}]},{\"@type\":\"WebSite\",\"@id\":\"https:\/\/www.lavisqteam.fr\/#website\",\"url\":\"https:\/\/www.lavisqteam.fr\/\",\"name\":\"Lavisqteam.fr\",\"description\":\"\",\"publisher\":{\"@id\":\"https:\/\/www.lavisqteam.fr\/#organization\"},\"potentialAction\":[{\"@type\":\"SearchAction\",\"target\":{\"@type\":\"EntryPoint\",\"urlTemplate\":\"https:\/\/www.lavisqteam.fr\/?s={search_term_string}\"},\"query-input\":\"required name=search_term_string\"}],\"inLanguage\":\"fr-FR\"},{\"@type\":\"Organization\",\"@id\":\"https:\/\/www.lavisqteam.fr\/#organization\",\"name\":\"Lavisqteam.fr\",\"url\":\"https:\/\/www.lavisqteam.fr\/\",\"sameAs\":[],\"logo\":{\"@type\":\"ImageObject\",\"inLanguage\":\"fr-FR\",\"@id\":\"https:\/\/www.lavisqteam.fr\/#\/schema\/logo\/image\/\",\"url\":\"https:\/\/www.lavisqteam.fr\/wp-content\/uploads\/2020\/08\/cropped-80879545_3479261675449035_4078032831501041664_o-4.jpg\",\"contentUrl\":\"https:\/\/www.lavisqteam.fr\/wp-content\/uploads\/2020\/08\/cropped-80879545_3479261675449035_4078032831501041664_o-4.jpg\",\"width\":1674,\"height\":536,\"caption\":\"Lavisqteam.fr\"},\"image\":{\"@id\":\"https:\/\/www.lavisqteam.fr\/#\/schema\/logo\/image\/\"}},{\"@type\":\"Person\",\"@id\":\"https:\/\/www.lavisqteam.fr\/#\/schema\/person\/4ed7295b68bc3daae9094db5f1f9f913\",\"name\":\"Cineted\",\"image\":{\"@type\":\"ImageObject\",\"inLanguage\":\"fr-FR\",\"@id\":\"https:\/\/www.lavisqteam.fr\/#\/schema\/person\/image\/\",\"url\":\"https:\/\/secure.gravatar.com\/avatar\/2d66d0012368c91013200ba69885bddd?s=96&d=mm&r=g\",\"contentUrl\":\"https:\/\/secure.gravatar.com\/avatar\/2d66d0012368c91013200ba69885bddd?s=96&d=mm&r=g\",\"caption\":\"Cineted\"},\"url\":\"https:\/\/www.lavisqteam.fr\/?author=4\"}]}<\/script>\n<!-- \/ Yoast SEO plugin. -->","yoast_head_json":{"title":"A Plein Temps - Et \u00e0 Bout de Souffle - Lavisqteam.fr","robots":{"index":"index","follow":"follow","max-snippet":"max-snippet:-1","max-image-preview":"max-image-preview:large","max-video-preview":"max-video-preview:-1"},"canonical":"https:\/\/www.lavisqteam.fr\/?p=62833","og_locale":"fr_FR","og_type":"article","og_title":"A Plein Temps - Et \u00e0 Bout de Souffle - Lavisqteam.fr","og_description":"De&nbsp;: Eric Gravel Avec Laure Calamy, Anne Suarez, Genevi\u00e8ve Mnich, Nolan Arizmendi Ann\u00e9e&nbsp;: 2022 Pays&nbsp;: France Genre&nbsp;: Drame R\u00e9sum\u00e9&nbsp;: Julie se d\u00e9m\u00e8ne seule pour \u00e9lever &hellip;","og_url":"https:\/\/www.lavisqteam.fr\/?p=62833","og_site_name":"Lavisqteam.fr","article_published_time":"2022-03-14T17:58:07+00:00","article_modified_time":"2022-04-03T17:41:45+00:00","og_image":[{"width":727,"height":395,"url":"https:\/\/www.lavisqteam.fr\/wp-content\/uploads\/2022\/03\/aple.jpg","type":"image\/jpeg"}],"author":"Cineted","twitter_card":"summary_large_image","twitter_image":"https:\/\/www.lavisqteam.fr\/wp-content\/uploads\/2022\/03\/aple.jpg","twitter_misc":{"\u00c9crit par":"Cineted","Dur\u00e9e de lecture estim\u00e9e":"6 minutes"},"schema":{"@context":"https:\/\/schema.org","@graph":[{"@type":"Article","@id":"https:\/\/www.lavisqteam.fr\/?p=62833#article","isPartOf":{"@id":"https:\/\/www.lavisqteam.fr\/?p=62833"},"author":{"name":"Cineted","@id":"https:\/\/www.lavisqteam.fr\/#\/schema\/person\/4ed7295b68bc3daae9094db5f1f9f913"},"headline":"A Plein Temps &#8211; Et \u00e0 Bout de Souffle","datePublished":"2022-03-14T17:58:07+00:00","dateModified":"2022-04-03T17:41:45+00:00","mainEntityOfPage":{"@id":"https:\/\/www.lavisqteam.fr\/?p=62833"},"wordCount":1107,"commentCount":1,"publisher":{"@id":"https:\/\/www.lavisqteam.fr\/#organization"},"articleSection":["Cin\u00e9ma"],"inLanguage":"fr-FR","potentialAction":[{"@type":"CommentAction","name":"Comment","target":["https:\/\/www.lavisqteam.fr\/?p=62833#respond"]}]},{"@type":"WebPage","@id":"https:\/\/www.lavisqteam.fr\/?p=62833","url":"https:\/\/www.lavisqteam.fr\/?p=62833","name":"A Plein Temps - Et \u00e0 Bout de Souffle - Lavisqteam.fr","isPartOf":{"@id":"https:\/\/www.lavisqteam.fr\/#website"},"datePublished":"2022-03-14T17:58:07+00:00","dateModified":"2022-04-03T17:41:45+00:00","breadcrumb":{"@id":"https:\/\/www.lavisqteam.fr\/?p=62833#breadcrumb"},"inLanguage":"fr-FR","potentialAction":[{"@type":"ReadAction","target":["https:\/\/www.lavisqteam.fr\/?p=62833"]}]},{"@type":"BreadcrumbList","@id":"https:\/\/www.lavisqteam.fr\/?p=62833#breadcrumb","itemListElement":[{"@type":"ListItem","position":1,"name":"Accueil","item":"https:\/\/www.lavisqteam.fr\/"},{"@type":"ListItem","position":2,"name":"A Plein Temps &#8211; Et \u00e0 Bout de Souffle"}]},{"@type":"WebSite","@id":"https:\/\/www.lavisqteam.fr\/#website","url":"https:\/\/www.lavisqteam.fr\/","name":"Lavisqteam.fr","description":"","publisher":{"@id":"https:\/\/www.lavisqteam.fr\/#organization"},"potentialAction":[{"@type":"SearchAction","target":{"@type":"EntryPoint","urlTemplate":"https:\/\/www.lavisqteam.fr\/?s={search_term_string}"},"query-input":"required name=search_term_string"}],"inLanguage":"fr-FR"},{"@type":"Organization","@id":"https:\/\/www.lavisqteam.fr\/#organization","name":"Lavisqteam.fr","url":"https:\/\/www.lavisqteam.fr\/","sameAs":[],"logo":{"@type":"ImageObject","inLanguage":"fr-FR","@id":"https:\/\/www.lavisqteam.fr\/#\/schema\/logo\/image\/","url":"https:\/\/www.lavisqteam.fr\/wp-content\/uploads\/2020\/08\/cropped-80879545_3479261675449035_4078032831501041664_o-4.jpg","contentUrl":"https:\/\/www.lavisqteam.fr\/wp-content\/uploads\/2020\/08\/cropped-80879545_3479261675449035_4078032831501041664_o-4.jpg","width":1674,"height":536,"caption":"Lavisqteam.fr"},"image":{"@id":"https:\/\/www.lavisqteam.fr\/#\/schema\/logo\/image\/"}},{"@type":"Person","@id":"https:\/\/www.lavisqteam.fr\/#\/schema\/person\/4ed7295b68bc3daae9094db5f1f9f913","name":"Cineted","image":{"@type":"ImageObject","inLanguage":"fr-FR","@id":"https:\/\/www.lavisqteam.fr\/#\/schema\/person\/image\/","url":"https:\/\/secure.gravatar.com\/avatar\/2d66d0012368c91013200ba69885bddd?s=96&d=mm&r=g","contentUrl":"https:\/\/secure.gravatar.com\/avatar\/2d66d0012368c91013200ba69885bddd?s=96&d=mm&r=g","caption":"Cineted"},"url":"https:\/\/www.lavisqteam.fr\/?author=4"}]}},"jetpack_featured_media_url":"https:\/\/www.lavisqteam.fr\/wp-content\/uploads\/2022\/03\/aple.jpg","_links":{"self":[{"href":"https:\/\/www.lavisqteam.fr\/index.php?rest_route=\/wp\/v2\/posts\/62833"}],"collection":[{"href":"https:\/\/www.lavisqteam.fr\/index.php?rest_route=\/wp\/v2\/posts"}],"about":[{"href":"https:\/\/www.lavisqteam.fr\/index.php?rest_route=\/wp\/v2\/types\/post"}],"author":[{"embeddable":true,"href":"https:\/\/www.lavisqteam.fr\/index.php?rest_route=\/wp\/v2\/users\/4"}],"replies":[{"embeddable":true,"href":"https:\/\/www.lavisqteam.fr\/index.php?rest_route=%2Fwp%2Fv2%2Fcomments&post=62833"}],"version-history":[{"count":1,"href":"https:\/\/www.lavisqteam.fr\/index.php?rest_route=\/wp\/v2\/posts\/62833\/revisions"}],"predecessor-version":[{"id":62838,"href":"https:\/\/www.lavisqteam.fr\/index.php?rest_route=\/wp\/v2\/posts\/62833\/revisions\/62838"}],"wp:featuredmedia":[{"embeddable":true,"href":"https:\/\/www.lavisqteam.fr\/index.php?rest_route=\/wp\/v2\/media\/62837"}],"wp:attachment":[{"href":"https:\/\/www.lavisqteam.fr\/index.php?rest_route=%2Fwp%2Fv2%2Fmedia&parent=62833"}],"wp:term":[{"taxonomy":"category","embeddable":true,"href":"https:\/\/www.lavisqteam.fr\/index.php?rest_route=%2Fwp%2Fv2%2Fcategories&post=62833"},{"taxonomy":"post_tag","embeddable":true,"href":"https:\/\/www.lavisqteam.fr\/index.php?rest_route=%2Fwp%2Fv2%2Ftags&post=62833"}],"curies":[{"name":"wp","href":"https:\/\/api.w.org\/{rel}","templated":true}]}}