{"id":62354,"date":"2022-02-23T12:55:41","date_gmt":"2022-02-23T12:55:41","guid":{"rendered":"https:\/\/www.lavisqteam.fr\/?p=62354"},"modified":"2022-02-23T12:55:44","modified_gmt":"2022-02-23T12:55:44","slug":"les-cendres-de-berlin-luke-mccallin","status":"publish","type":"post","link":"https:\/\/www.lavisqteam.fr\/?p=62354","title":{"rendered":"Les Cendres de Berlin &#8211; Luke McCallin"},"content":{"rendered":"\n<div class=\"wp-block-image\"><figure class=\"aligncenter size-large is-resized\"><a href=\"https:\/\/www.lavisqteam.fr\/wp-content\/uploads\/2022\/02\/81uF7uooidL.jpg\"><img src=\"https:\/\/www.lavisqteam.fr\/wp-content\/uploads\/2022\/02\/81uF7uooidL-652x1024.jpg\" alt=\"\" class=\"wp-image-62355\" width=\"600\" srcset=\"https:\/\/www.lavisqteam.fr\/wp-content\/uploads\/2022\/02\/81uF7uooidL-652x1024.jpg 652w, https:\/\/www.lavisqteam.fr\/wp-content\/uploads\/2022\/02\/81uF7uooidL-191x300.jpg 191w, https:\/\/www.lavisqteam.fr\/wp-content\/uploads\/2022\/02\/81uF7uooidL-768x1206.jpg 768w, https:\/\/www.lavisqteam.fr\/wp-content\/uploads\/2022\/02\/81uF7uooidL-978x1536.jpg 978w, https:\/\/www.lavisqteam.fr\/wp-content\/uploads\/2022\/02\/81uF7uooidL-1304x2048.jpg 1304w, https:\/\/www.lavisqteam.fr\/wp-content\/uploads\/2022\/02\/81uF7uooidL.jpg 1400w\" sizes=\"(max-width: 652px) 100vw, 652px\" \/><\/a><\/figure><\/div>\n\n\n\n<p><strong>Auteur&nbsp;: <\/strong>Luke McCallin<\/p>\n\n\n\n<p><strong>Editeur&nbsp;: <\/strong>Editions du Toucan<\/p>\n\n\n\n<p><strong>Genre&nbsp;: <\/strong>Polar<\/p>\n\n\n\n<p><strong>R\u00e9sum\u00e9&nbsp;:<\/strong><\/p>\n\n\n\n<p>Berlin, 1947. L\u2019ex-capitaine Gregor Reinhardt a retrouv\u00e9 un poste d\u2019inspecteur \u00e0 la police criminelle de la ville. D\u00e9vast\u00e9e par les combats, \u00e9ventr\u00e9e par les bombardements, Berlin est aussi divis\u00e9e entre des puissances victorieuses qui veulent chacune pr\u00e9server ou accroitre leur influence. Les tensions augmentent et la police est rapidement d\u00e9chir\u00e9e par les rivalit\u00e9s internes tandis que les factions politiques se disputent le pouvoir et la protection des nouveaux ma\u00eetres.Quand un homme est retrouv\u00e9 mort dans un immeuble en ruine, Reinhardt sait que commence une enqu\u00eate difficile, au milieu d\u2019hommes et de femmes devenus radicalement m\u00e9fiants \u00e0 l\u2019\u00e9gard de la police. Il semble pourtant qu&rsquo;un tueur m\u00e9thodique soit en libert\u00e9, et la tension ne fait que s\u2019intensifier quand on d\u00e9couvre que l&rsquo;une des victimes \u00e9tait le fr\u00e8re d&rsquo;un grand scientifique nazi.<br>Alors que d\u2019\u00e9tranges individus cherchent \u00e0 utiliser son pass\u00e9 militaire pour le d\u00e9stabiliser, Reinhardt d\u00e9couvre qu\u2019Alli\u00e9s occidentaux et Sovi\u00e9tiques se sont faits bien plus d\u2019ennemis qu\u2019ils ne le pensent et que les tragiques passions allemandes sont encore vivaces.<br>Il comprend, un peu tard, que cette enqu\u00eate pourrait lui co\u00fbter tr\u00e8s cher\u2026<\/p>\n\n\n\n<p><strong>Avis&nbsp;:<\/strong><strong><\/strong><\/p>\n\n\n\n<p>En l\u2019espace de deux polars historiques, respectivement <strong>L\u2019Homme de Berlin<\/strong> et <strong>La Maison p\u00e2le<\/strong>, <em>Luke McCallin<\/em> s\u2019est impos\u00e9 comme une valeur s\u00fbre du genre. Avec des intrigues s\u2019immis\u00e7ant au c\u0153ur de Sarajevo, l\u2019angle d\u2019approche s\u2019av\u00e9rait original et bien amen\u00e9 pour d\u00e9peindre le contexte de la Seconde Guerre mondiale. De m\u00eame, on appr\u00e9ciait la caract\u00e9risation, ainsi que la qualit\u00e9 d\u2019\u00e9criture pour concilier une reconstitution r\u00e9aliste \u00e0 une narration accessible. <strong>Les Cendres de Berlin <\/strong>marque donc le troisi\u00e8me opus des enqu\u00eates du capitaine Gregor Reinhardt redevenu, pour l\u2019occasion, inspecteur de police dans l\u2019Allemagne de l\u2019apr\u00e8s-guerre.<\/p>\n\n\n\n<p>Comme le titre le laisse pr\u00e9sager, l\u2019auteur d\u00e9laisse la p\u00e9riode de la Seconde Guerre mondiale pour se concentrer sur le contexte d\u2019un pays en ruines. Bien qu\u2019elliptique par rapport \u00e0 d\u2019autres sagas o\u00f9 il se passe rarement plus d\u2019une ann\u00e9e entre chaque volet, la chronologie permet de faire \u00e9voluer les personnages de mani\u00e8re plus prononc\u00e9e. Cela tient aussi bien \u00e0 leur vie priv\u00e9e qu\u2019\u00e0 leur carri\u00e8re militaire ou professionnelle. Le r\u00e9cit use de ces s\u00e9quences afin d\u2019avancer quelques explications sur les cons\u00e9quences de la d\u00e9faite allemande pour les protagonistes. Cela se d\u00e9roule parfois sous la forme de flashbacks o\u00f9 Reinhardt replonge dans des souvenirs clefs lors d\u2019interm\u00e8des \u00e9vocateurs.<\/p>\n\n\n\n<p>Ceux-ci ne supplantent gu\u00e8re le fil directeur et ne provoquent pas de baisse de rythme. Lesdites s\u00e9quences sont bien int\u00e9gr\u00e9es, tandis que leur pertinence demeure essentielle \u00e0 la bonne compr\u00e9hension de leur devenir et de leurs motivations. En d\u2019autres termes, ils constituent le cha\u00eenon manquant qui s\u00e9pare le pr\u00e9sent ouvrage de son pr\u00e9d\u00e9cesseur. Sans d\u00e9voiler la teneur d\u2019\u00e9l\u00e9ments notables au sein de l\u2019intrigue, on notera \u00e9galement que les \u00e9v\u00e8nements prennent une tournure plus personnelle pour Reinhardt, rendant le d\u00e9roulement des investigations particuli\u00e8rement tendu quant \u00e0 leurs perspectives. Cela sans compter un passif d\u2019ancien combattant (de la Premi\u00e8re Guerre mondiale) toujours aussi pr\u00e9gnant au fil des pages.<\/p>\n\n\n\n<p>Au sortir de ces consid\u00e9rations, l\u2019enqu\u00eate se veut m\u00e9ticuleuse et sugg\u00e8re des ramifications complexes o\u00f9 l\u2019on distingue des enjeux politiques et \u00e9conomiques. La narration se montre patiente, sans pour autant sombrer dans des longueurs. Elle expose les faits sans rien omettre dans le d\u00e9roulement des investigations. Malgr\u00e9 un travail exhaustif et rigoureux, il est vrai que la diversit\u00e9 des situations est parfois mise \u00e0 mal, eu \u00e9gard au familier exercice d\u2019interrogations et de r\u00e9ponses face aux suspects et t\u00e9moins. Certes, il s\u2019agit d\u2019une composante indispensable et appropri\u00e9e dans de telles circonstances. Cependant, elle a tendance \u00e0 proposer une \u00e9volution presque routini\u00e8re, m\u00eame si l\u2019encha\u00eenement demeure fluide.<\/p>\n\n\n\n<p>En ce qui concerne le contexte historique, <em>Luke McCallin<\/em> fait montre d\u2019une ma\u00eetrise saisissante pour ressusciter la capitale allemande de l\u2019apr\u00e8s-guerre. Il n\u2019est pas forc\u00e9ment question de d\u00e9peindre des lieux embl\u00e9matiques, m\u00eame si l\u2019on distingue \u00e7\u00e0 et l\u00e0 des passages explicites quant \u00e0 la violence des affrontements et aux derni\u00e8res heures du 3<sup>e<\/sup> Reich. Comme \u00e0 son habitude, l\u2019auteur privil\u00e9gie le destin de ses personnages et de la population, non une retranscription didactique et froide. De perspectives professionnelles \u00e0 la p\u00e9nurie de denr\u00e9es, sans oublier le partage des territoires entre Alli\u00e9s et Russes, on assimile mieux les cons\u00e9quences de la Seconde Guerre mondiale sur l\u2019Allemagne tout en restant objectif.<\/p>\n\n\n\n<p>Toute la difficult\u00e9 r\u00e9side dans l\u2019absence de complaisance ou de victimisation. Les crimes de guerre, la d\u00e9portation, ainsi que les exp\u00e9rimentations sont \u00e9voqu\u00e9s en filigrane des investigations. Pour autant, le r\u00e9cit ne joue pas la carte de la facilit\u00e9 avec une diabolisation exacerb\u00e9e. <strong>L\u2019Homme de Berlin<\/strong> et <strong>La Maison p\u00e2le<\/strong> avaient le m\u00e9rite de ne pas remiser tous les soldats allemands sous la doctrine nazie. Cette nouvelle enqu\u00eate parvient \u00e0 reconstituer un climat d\u2019h\u00e9b\u00e9tude o\u00f9 les masses sont contraintes de survivre dans un cadre qui ne leur offre gu\u00e8re d\u2019esp\u00e9rance \u00e0 court ou moyen terme. L\u2019une des id\u00e9es avanc\u00e9es est de revenir progressivement \u00e0 un \u00e9tat de droit, m\u00eame si celui-ci s\u2019applique aux Allemands et non aux Alli\u00e9s ou aux Sovi\u00e9tiques. Ce qui complexifie les rapports \u00e0 la loi en fonction du statut des pr\u00e9venus.<\/p>\n\n\n\n<p>Au final, <strong>Les Cendres de Berlin<\/strong> s\u2019impose comme un polar historique probant. <em>Luke McCallin<\/em> \u00e9taye une intrigue minutieuse dans un contexte d\u00e9licat \u00e0 aborder. Sans indulgence ni jugement, l\u2019\u00e9crivain parvient \u00e0 retranscrire l\u2019atmosph\u00e8re d\u2019apr\u00e8s-guerre dans un Berlin esseul\u00e9. \u00c9vocation des crimes de guerre et du r\u00e9gime nazi, \u00e9conomie min\u00e9e par le ch\u00f4mage, p\u00e9nurie des biens de premi\u00e8re n\u00e9cessit\u00e9\u2026 Si l\u2019enqu\u00eate demeure somme toute classique dans sa construction, elle b\u00e9n\u00e9ficie d\u2019un texte sous-jacent qui lui conf\u00e8re des implications politiques \u00e0 m\u00eame de densifier les enjeux. Il en d\u00e9coule un roman recommandable \u00e0 plus d\u2019un titre, tant par sa documentation que par sa reconstitution historique.<\/p>\n\n\n\n<p><strong>Note\u00a0: 15\/20<\/strong><\/p>\n\n\n\n<p class=\"has-text-align-right\">Par <strong>Dante<\/strong><\/p>\n","protected":false},"excerpt":{"rendered":"<p>Auteur&nbsp;: Luke McCallin Editeur&nbsp;: Editions du Toucan Genre&nbsp;: Polar R\u00e9sum\u00e9&nbsp;: Berlin, 1947. L\u2019ex-capitaine Gregor Reinhardt a retrouv\u00e9 un poste d\u2019inspecteur \u00e0 la police criminelle de &hellip; <\/p>\n","protected":false},"author":5,"featured_media":62356,"comment_status":"open","ping_status":"open","sticky":false,"template":"","format":"standard","meta":[],"categories":[10],"tags":[],"yoast_head":"<!-- This site is optimized with the Yoast SEO plugin v19.6.1 - https:\/\/yoast.com\/wordpress\/plugins\/seo\/ -->\n<title>Les Cendres de Berlin - Luke McCallin - Lavisqteam.fr<\/title>\n<meta name=\"robots\" content=\"index, follow, max-snippet:-1, max-image-preview:large, max-video-preview:-1\" \/>\n<link rel=\"canonical\" href=\"https:\/\/www.lavisqteam.fr\/?p=62354\" \/>\n<meta property=\"og:locale\" content=\"fr_FR\" \/>\n<meta property=\"og:type\" content=\"article\" \/>\n<meta property=\"og:title\" content=\"Les Cendres de Berlin - Luke McCallin - Lavisqteam.fr\" \/>\n<meta property=\"og:description\" content=\"Auteur&nbsp;: Luke McCallin Editeur&nbsp;: Editions du Toucan Genre&nbsp;: Polar R\u00e9sum\u00e9&nbsp;: Berlin, 1947. L\u2019ex-capitaine Gregor Reinhardt a retrouv\u00e9 un poste d\u2019inspecteur \u00e0 la police criminelle de &hellip;\" \/>\n<meta property=\"og:url\" content=\"https:\/\/www.lavisqteam.fr\/?p=62354\" \/>\n<meta property=\"og:site_name\" content=\"Lavisqteam.fr\" \/>\n<meta property=\"article:published_time\" content=\"2022-02-23T12:55:41+00:00\" \/>\n<meta property=\"article:modified_time\" content=\"2022-02-23T12:55:44+00:00\" \/>\n<meta property=\"og:image\" content=\"https:\/\/www.lavisqteam.fr\/wp-content\/uploads\/2022\/02\/lesc.jpg\" \/>\n\t<meta property=\"og:image:width\" content=\"727\" \/>\n\t<meta property=\"og:image:height\" content=\"395\" \/>\n\t<meta property=\"og:image:type\" content=\"image\/jpeg\" \/>\n<meta name=\"author\" content=\"Dante\" \/>\n<meta name=\"twitter:card\" content=\"summary_large_image\" \/>\n<meta name=\"twitter:image\" content=\"https:\/\/www.lavisqteam.fr\/wp-content\/uploads\/2022\/02\/lesc.jpg\" \/>\n<meta name=\"twitter:label1\" content=\"\u00c9crit par\" \/>\n\t<meta name=\"twitter:data1\" content=\"Dante\" \/>\n\t<meta name=\"twitter:label2\" content=\"Dur\u00e9e de lecture estim\u00e9e\" \/>\n\t<meta name=\"twitter:data2\" content=\"6 minutes\" \/>\n<script type=\"application\/ld+json\" class=\"yoast-schema-graph\">{\"@context\":\"https:\/\/schema.org\",\"@graph\":[{\"@type\":\"Article\",\"@id\":\"https:\/\/www.lavisqteam.fr\/?p=62354#article\",\"isPartOf\":{\"@id\":\"https:\/\/www.lavisqteam.fr\/?p=62354\"},\"author\":{\"name\":\"Dante\",\"@id\":\"https:\/\/www.lavisqteam.fr\/#\/schema\/person\/f990b2bf003d200c5d343e528a040052\"},\"headline\":\"Les Cendres de Berlin &#8211; Luke McCallin\",\"datePublished\":\"2022-02-23T12:55:41+00:00\",\"dateModified\":\"2022-02-23T12:55:44+00:00\",\"mainEntityOfPage\":{\"@id\":\"https:\/\/www.lavisqteam.fr\/?p=62354\"},\"wordCount\":1124,\"commentCount\":0,\"publisher\":{\"@id\":\"https:\/\/www.lavisqteam.fr\/#organization\"},\"articleSection\":[\"Roman\"],\"inLanguage\":\"fr-FR\",\"potentialAction\":[{\"@type\":\"CommentAction\",\"name\":\"Comment\",\"target\":[\"https:\/\/www.lavisqteam.fr\/?p=62354#respond\"]}]},{\"@type\":\"WebPage\",\"@id\":\"https:\/\/www.lavisqteam.fr\/?p=62354\",\"url\":\"https:\/\/www.lavisqteam.fr\/?p=62354\",\"name\":\"Les Cendres de Berlin - Luke McCallin - Lavisqteam.fr\",\"isPartOf\":{\"@id\":\"https:\/\/www.lavisqteam.fr\/#website\"},\"datePublished\":\"2022-02-23T12:55:41+00:00\",\"dateModified\":\"2022-02-23T12:55:44+00:00\",\"breadcrumb\":{\"@id\":\"https:\/\/www.lavisqteam.fr\/?p=62354#breadcrumb\"},\"inLanguage\":\"fr-FR\",\"potentialAction\":[{\"@type\":\"ReadAction\",\"target\":[\"https:\/\/www.lavisqteam.fr\/?p=62354\"]}]},{\"@type\":\"BreadcrumbList\",\"@id\":\"https:\/\/www.lavisqteam.fr\/?p=62354#breadcrumb\",\"itemListElement\":[{\"@type\":\"ListItem\",\"position\":1,\"name\":\"Accueil\",\"item\":\"https:\/\/www.lavisqteam.fr\/\"},{\"@type\":\"ListItem\",\"position\":2,\"name\":\"Les Cendres de Berlin &#8211; Luke McCallin\"}]},{\"@type\":\"WebSite\",\"@id\":\"https:\/\/www.lavisqteam.fr\/#website\",\"url\":\"https:\/\/www.lavisqteam.fr\/\",\"name\":\"Lavisqteam.fr\",\"description\":\"\",\"publisher\":{\"@id\":\"https:\/\/www.lavisqteam.fr\/#organization\"},\"potentialAction\":[{\"@type\":\"SearchAction\",\"target\":{\"@type\":\"EntryPoint\",\"urlTemplate\":\"https:\/\/www.lavisqteam.fr\/?s={search_term_string}\"},\"query-input\":\"required name=search_term_string\"}],\"inLanguage\":\"fr-FR\"},{\"@type\":\"Organization\",\"@id\":\"https:\/\/www.lavisqteam.fr\/#organization\",\"name\":\"Lavisqteam.fr\",\"url\":\"https:\/\/www.lavisqteam.fr\/\",\"sameAs\":[],\"logo\":{\"@type\":\"ImageObject\",\"inLanguage\":\"fr-FR\",\"@id\":\"https:\/\/www.lavisqteam.fr\/#\/schema\/logo\/image\/\",\"url\":\"https:\/\/www.lavisqteam.fr\/wp-content\/uploads\/2020\/08\/cropped-80879545_3479261675449035_4078032831501041664_o-4.jpg\",\"contentUrl\":\"https:\/\/www.lavisqteam.fr\/wp-content\/uploads\/2020\/08\/cropped-80879545_3479261675449035_4078032831501041664_o-4.jpg\",\"width\":1674,\"height\":536,\"caption\":\"Lavisqteam.fr\"},\"image\":{\"@id\":\"https:\/\/www.lavisqteam.fr\/#\/schema\/logo\/image\/\"}},{\"@type\":\"Person\",\"@id\":\"https:\/\/www.lavisqteam.fr\/#\/schema\/person\/f990b2bf003d200c5d343e528a040052\",\"name\":\"Dante\",\"image\":{\"@type\":\"ImageObject\",\"inLanguage\":\"fr-FR\",\"@id\":\"https:\/\/www.lavisqteam.fr\/#\/schema\/person\/image\/\",\"url\":\"https:\/\/secure.gravatar.com\/avatar\/247c2b515d1472e98f97043ac8393382?s=96&d=mm&r=g\",\"contentUrl\":\"https:\/\/secure.gravatar.com\/avatar\/247c2b515d1472e98f97043ac8393382?s=96&d=mm&r=g\",\"caption\":\"Dante\"},\"url\":\"https:\/\/www.lavisqteam.fr\/?author=5\"}]}<\/script>\n<!-- \/ Yoast SEO plugin. -->","yoast_head_json":{"title":"Les Cendres de Berlin - Luke McCallin - Lavisqteam.fr","robots":{"index":"index","follow":"follow","max-snippet":"max-snippet:-1","max-image-preview":"max-image-preview:large","max-video-preview":"max-video-preview:-1"},"canonical":"https:\/\/www.lavisqteam.fr\/?p=62354","og_locale":"fr_FR","og_type":"article","og_title":"Les Cendres de Berlin - Luke McCallin - Lavisqteam.fr","og_description":"Auteur&nbsp;: Luke McCallin Editeur&nbsp;: Editions du Toucan Genre&nbsp;: Polar R\u00e9sum\u00e9&nbsp;: Berlin, 1947. L\u2019ex-capitaine Gregor Reinhardt a retrouv\u00e9 un poste d\u2019inspecteur \u00e0 la police criminelle de &hellip;","og_url":"https:\/\/www.lavisqteam.fr\/?p=62354","og_site_name":"Lavisqteam.fr","article_published_time":"2022-02-23T12:55:41+00:00","article_modified_time":"2022-02-23T12:55:44+00:00","og_image":[{"width":727,"height":395,"url":"https:\/\/www.lavisqteam.fr\/wp-content\/uploads\/2022\/02\/lesc.jpg","type":"image\/jpeg"}],"author":"Dante","twitter_card":"summary_large_image","twitter_image":"https:\/\/www.lavisqteam.fr\/wp-content\/uploads\/2022\/02\/lesc.jpg","twitter_misc":{"\u00c9crit par":"Dante","Dur\u00e9e de lecture estim\u00e9e":"6 minutes"},"schema":{"@context":"https:\/\/schema.org","@graph":[{"@type":"Article","@id":"https:\/\/www.lavisqteam.fr\/?p=62354#article","isPartOf":{"@id":"https:\/\/www.lavisqteam.fr\/?p=62354"},"author":{"name":"Dante","@id":"https:\/\/www.lavisqteam.fr\/#\/schema\/person\/f990b2bf003d200c5d343e528a040052"},"headline":"Les Cendres de Berlin &#8211; Luke McCallin","datePublished":"2022-02-23T12:55:41+00:00","dateModified":"2022-02-23T12:55:44+00:00","mainEntityOfPage":{"@id":"https:\/\/www.lavisqteam.fr\/?p=62354"},"wordCount":1124,"commentCount":0,"publisher":{"@id":"https:\/\/www.lavisqteam.fr\/#organization"},"articleSection":["Roman"],"inLanguage":"fr-FR","potentialAction":[{"@type":"CommentAction","name":"Comment","target":["https:\/\/www.lavisqteam.fr\/?p=62354#respond"]}]},{"@type":"WebPage","@id":"https:\/\/www.lavisqteam.fr\/?p=62354","url":"https:\/\/www.lavisqteam.fr\/?p=62354","name":"Les Cendres de Berlin - Luke McCallin - Lavisqteam.fr","isPartOf":{"@id":"https:\/\/www.lavisqteam.fr\/#website"},"datePublished":"2022-02-23T12:55:41+00:00","dateModified":"2022-02-23T12:55:44+00:00","breadcrumb":{"@id":"https:\/\/www.lavisqteam.fr\/?p=62354#breadcrumb"},"inLanguage":"fr-FR","potentialAction":[{"@type":"ReadAction","target":["https:\/\/www.lavisqteam.fr\/?p=62354"]}]},{"@type":"BreadcrumbList","@id":"https:\/\/www.lavisqteam.fr\/?p=62354#breadcrumb","itemListElement":[{"@type":"ListItem","position":1,"name":"Accueil","item":"https:\/\/www.lavisqteam.fr\/"},{"@type":"ListItem","position":2,"name":"Les Cendres de Berlin &#8211; Luke McCallin"}]},{"@type":"WebSite","@id":"https:\/\/www.lavisqteam.fr\/#website","url":"https:\/\/www.lavisqteam.fr\/","name":"Lavisqteam.fr","description":"","publisher":{"@id":"https:\/\/www.lavisqteam.fr\/#organization"},"potentialAction":[{"@type":"SearchAction","target":{"@type":"EntryPoint","urlTemplate":"https:\/\/www.lavisqteam.fr\/?s={search_term_string}"},"query-input":"required name=search_term_string"}],"inLanguage":"fr-FR"},{"@type":"Organization","@id":"https:\/\/www.lavisqteam.fr\/#organization","name":"Lavisqteam.fr","url":"https:\/\/www.lavisqteam.fr\/","sameAs":[],"logo":{"@type":"ImageObject","inLanguage":"fr-FR","@id":"https:\/\/www.lavisqteam.fr\/#\/schema\/logo\/image\/","url":"https:\/\/www.lavisqteam.fr\/wp-content\/uploads\/2020\/08\/cropped-80879545_3479261675449035_4078032831501041664_o-4.jpg","contentUrl":"https:\/\/www.lavisqteam.fr\/wp-content\/uploads\/2020\/08\/cropped-80879545_3479261675449035_4078032831501041664_o-4.jpg","width":1674,"height":536,"caption":"Lavisqteam.fr"},"image":{"@id":"https:\/\/www.lavisqteam.fr\/#\/schema\/logo\/image\/"}},{"@type":"Person","@id":"https:\/\/www.lavisqteam.fr\/#\/schema\/person\/f990b2bf003d200c5d343e528a040052","name":"Dante","image":{"@type":"ImageObject","inLanguage":"fr-FR","@id":"https:\/\/www.lavisqteam.fr\/#\/schema\/person\/image\/","url":"https:\/\/secure.gravatar.com\/avatar\/247c2b515d1472e98f97043ac8393382?s=96&d=mm&r=g","contentUrl":"https:\/\/secure.gravatar.com\/avatar\/247c2b515d1472e98f97043ac8393382?s=96&d=mm&r=g","caption":"Dante"},"url":"https:\/\/www.lavisqteam.fr\/?author=5"}]}},"jetpack_featured_media_url":"https:\/\/www.lavisqteam.fr\/wp-content\/uploads\/2022\/02\/lesc.jpg","_links":{"self":[{"href":"https:\/\/www.lavisqteam.fr\/index.php?rest_route=\/wp\/v2\/posts\/62354"}],"collection":[{"href":"https:\/\/www.lavisqteam.fr\/index.php?rest_route=\/wp\/v2\/posts"}],"about":[{"href":"https:\/\/www.lavisqteam.fr\/index.php?rest_route=\/wp\/v2\/types\/post"}],"author":[{"embeddable":true,"href":"https:\/\/www.lavisqteam.fr\/index.php?rest_route=\/wp\/v2\/users\/5"}],"replies":[{"embeddable":true,"href":"https:\/\/www.lavisqteam.fr\/index.php?rest_route=%2Fwp%2Fv2%2Fcomments&post=62354"}],"version-history":[{"count":1,"href":"https:\/\/www.lavisqteam.fr\/index.php?rest_route=\/wp\/v2\/posts\/62354\/revisions"}],"predecessor-version":[{"id":62357,"href":"https:\/\/www.lavisqteam.fr\/index.php?rest_route=\/wp\/v2\/posts\/62354\/revisions\/62357"}],"wp:featuredmedia":[{"embeddable":true,"href":"https:\/\/www.lavisqteam.fr\/index.php?rest_route=\/wp\/v2\/media\/62356"}],"wp:attachment":[{"href":"https:\/\/www.lavisqteam.fr\/index.php?rest_route=%2Fwp%2Fv2%2Fmedia&parent=62354"}],"wp:term":[{"taxonomy":"category","embeddable":true,"href":"https:\/\/www.lavisqteam.fr\/index.php?rest_route=%2Fwp%2Fv2%2Fcategories&post=62354"},{"taxonomy":"post_tag","embeddable":true,"href":"https:\/\/www.lavisqteam.fr\/index.php?rest_route=%2Fwp%2Fv2%2Ftags&post=62354"}],"curies":[{"name":"wp","href":"https:\/\/api.w.org\/{rel}","templated":true}]}}