{"id":62329,"date":"2022-02-21T19:57:00","date_gmt":"2022-02-21T19:57:00","guid":{"rendered":"https:\/\/www.lavisqteam.fr\/?p=62329"},"modified":"2022-03-07T22:05:33","modified_gmt":"2022-03-07T22:05:33","slug":"zai-zai-zai-zai-une-sombre-histoire-de-poireau","status":"publish","type":"post","link":"https:\/\/www.lavisqteam.fr\/?p=62329","title":{"rendered":"Za\u00ef Za\u00ef Za\u00ef Za\u00ef &#8211; Une Sombre Histoire de Poireau"},"content":{"rendered":"\n<div class=\"wp-block-image\"><figure class=\"aligncenter size-large is-resized\"><a href=\"https:\/\/www.lavisqteam.fr\/wp-content\/uploads\/2022\/02\/268462412_612578093308737_7546094378995855117_n.jpg\"><img src=\"https:\/\/www.lavisqteam.fr\/wp-content\/uploads\/2022\/02\/268462412_612578093308737_7546094378995855117_n-768x1024.jpg\" alt=\"\" class=\"wp-image-62330\" width=\"600\" srcset=\"https:\/\/www.lavisqteam.fr\/wp-content\/uploads\/2022\/02\/268462412_612578093308737_7546094378995855117_n-768x1024.jpg 768w, https:\/\/www.lavisqteam.fr\/wp-content\/uploads\/2022\/02\/268462412_612578093308737_7546094378995855117_n-225x300.jpg 225w, https:\/\/www.lavisqteam.fr\/wp-content\/uploads\/2022\/02\/268462412_612578093308737_7546094378995855117_n-1152x1536.jpg 1152w, https:\/\/www.lavisqteam.fr\/wp-content\/uploads\/2022\/02\/268462412_612578093308737_7546094378995855117_n.jpg 1200w\" sizes=\"(max-width: 768px) 100vw, 768px\" \/><\/a><\/figure><\/div>\n\n\n\n<p><strong>De&nbsp;: <\/strong>Fran\u00e7ois Desagnat<\/p>\n\n\n\n<p><strong>Avec <\/strong>Jean-Paul Rouve, Julie Depardieu, Ramzy Bedia, Julie Gayet<\/p>\n\n\n\n<p><strong>Ann\u00e9e&nbsp;: <\/strong>2022<\/p>\n\n\n\n<p><strong>Pays&nbsp;: <\/strong>France<\/p>\n\n\n\n<p><strong>Genre&nbsp;: <\/strong>Com\u00e9die<\/p>\n\n\n\n<p><strong>R\u00e9sum\u00e9&nbsp;:<\/strong><\/p>\n\n\n\n<p>Fabrice, acteur de com\u00e9die, r\u00e9alise qu\u2019il n\u2019a pas sa carte de fid\u00e9lit\u00e9 alors qu\u2019il fait ses courses. Malgr\u00e9 la menace d\u2019un vigile, il parvient \u00e0 s\u2019enfuir. Commence alors une cavale sans merci, pour celui qui devient rapidement l&rsquo;ennemi public num\u00e9ro 1. Alors que les m\u00e9dias s\u2019emparent de l\u2019affaire et que le pays est en \u00e9moi, le fugitif, partag\u00e9 entre remords et questions existentielles, trouve un point de chute inattendu, quelque part en Loz\u00e8re.<\/p>\n\n\n\n<p><strong>Avis&nbsp;:<\/strong><strong><\/strong><\/p>\n\n\n\n<p>Fr\u00e8re du com\u00e9dien <em>Vincent Desagnat<\/em>, <em>Fran\u00e7ois Desagnat<\/em> est un r\u00e9alisateur qui m\u00e8ne sa petite barque depuis une vingtaine d&rsquo;ann\u00e9es maintenant. Naviguant dans les eaux difficiles de la com\u00e9die, on ne peut pas dire que le cin\u00e9aste nous a offert de quoi vraiment nous \u00e9clater. Si ses deux premiers films, \u00ab\u00a0<strong>La beuze<\/strong>\u00a0\u00bb et \u00ab\u00a0<strong>Les onze commandements<\/strong>\u00ab\u00a0, sont devenus cultes, pour les films qui ont suivi, c&rsquo;est un peu plus compliqu\u00e9, tant les m\u00e9trages oscillent entre la mauvaise plaisanterie \u00e0 la com\u00e9die lambda, qui peut se faire divertissante, mais qui s&rsquo;oublie presque aussit\u00f4t.<\/p>\n\n\n\n<p>Pour son septi\u00e8me long-m\u00e9trage, <em>Fran\u00e7ois Desagnat<\/em> s&rsquo;attaque \u00e0 l&rsquo;adaptation de \u00ab\u00a0<strong>Za\u00ef Za\u00ef Za\u00ef Za\u00ef<\/strong>\u00a0\u00bb la bande-dessin\u00e9e de <em>Fabcaro<\/em>. Une BD publi\u00e9e en 2015 et qui a connu un joli succ\u00e8s. Pour le coup, n&rsquo;ayant pas lu la bande-dessin\u00e9e de <em>Fabcaro<\/em>, je ne saurais dire si l&rsquo;adaptation est bonne ou fid\u00e8le, mais en ce qui concerne le film en lui-m\u00eame, <em>Fran\u00e7ois Desagnat<\/em> nous entra\u00eene dans une com\u00e9die loufoque, absurde, d\u00e9lirante, ubuesque au possible, allant m\u00eame jusqu&rsquo;\u00e0 frapper \u00e0 la porte du non-sens, tant cette histoire part g\u00e9nialement dans l&rsquo;exc\u00e8s. Dr\u00f4le, parfois m\u00eame hilarante, politique, se moquant gentiment et la soci\u00e9t\u00e9, faisant \u00e9cho plus d&rsquo;une fois \u00e0 l&rsquo;actualit\u00e9, \u00ab\u00a0<strong>Za\u00ef Za\u00ef Za\u00ef Za\u00ef<\/strong>\u00a0\u00bb est une bonne surprise qui risque fort bien de se faire de plus en plus dr\u00f4le au fur et \u00e0 mesure des visionnages.<\/p>\n\n\n\n<div class=\"wp-block-image\"><figure class=\"aligncenter size-large is-resized\"><a href=\"https:\/\/www.lavisqteam.fr\/wp-content\/uploads\/2022\/02\/268466085_281498650615280_206258140120570577_n.jpg\"><img src=\"https:\/\/www.lavisqteam.fr\/wp-content\/uploads\/2022\/02\/268466085_281498650615280_206258140120570577_n-1024x683.jpg\" alt=\"\" class=\"wp-image-62332\" width=\"600\" srcset=\"https:\/\/www.lavisqteam.fr\/wp-content\/uploads\/2022\/02\/268466085_281498650615280_206258140120570577_n-1024x683.jpg 1024w, https:\/\/www.lavisqteam.fr\/wp-content\/uploads\/2022\/02\/268466085_281498650615280_206258140120570577_n-300x200.jpg 300w, https:\/\/www.lavisqteam.fr\/wp-content\/uploads\/2022\/02\/268466085_281498650615280_206258140120570577_n-768x512.jpg 768w, https:\/\/www.lavisqteam.fr\/wp-content\/uploads\/2022\/02\/268466085_281498650615280_206258140120570577_n-1536x1024.jpg 1536w, https:\/\/www.lavisqteam.fr\/wp-content\/uploads\/2022\/02\/268466085_281498650615280_206258140120570577_n.jpg 1600w\" sizes=\"(max-width: 1024px) 100vw, 1024px\" \/><\/a><\/figure><\/div>\n\n\n\n<p>C&rsquo;est un matin comme un autre. Fabrice, acteur de com\u00e9die populaire, part faire ses courses au supermarch\u00e9 de son quartier, mais une fois arriv\u00e9 en caisse, le drame se produit, il a oubli\u00e9 sa carte de fid\u00e9lit\u00e9 dans son autre pantalon. Si un vigil intervient, Fabrice arrive \u00e0 s&rsquo;enfuir, mais tr\u00e8s vite, son histoire devient virale, et il devient tr\u00e8s vite l&rsquo;ennemi public n\u00b01. Oblig\u00e9 de fuir, il laisse derri\u00e8re lui, sa femme et son fils&#8230;<\/p>\n\n\n\n<p>Profitant d&rsquo;une avant-premi\u00e8re pas loin de chez moi, je suis parti voir le nouveau de <em>Fran\u00e7ois Desagnat<\/em> avec tout un tas de r\u00e9serves, car m\u00eame si j&rsquo;ai un capital sympathique pour le metteur en sc\u00e8ne \u00e0 cause de ses premiers films, comme je le disais, ses propositions suivantes ont \u00e9t\u00e9 assez loin d&rsquo;\u00eatre incroyables et j&rsquo;ai presque jug\u00e9 \u00ab\u00a0<strong>Za\u00ef Za\u00ef Za\u00ef Za\u00ef<\/strong>\u00a0\u00bb tr\u00e8s vite, juste par son titre. Alors qu&rsquo;elle ne fut pas ma surprise \u00e0 la d\u00e9couverte de cette folle com\u00e9die, qui se pose d&rsquo;ores et d\u00e9j\u00e0 comme le meilleur film de son r\u00e9alisateur. Franchement, \u00ab\u00a0<strong>Za\u00ef Za\u00ef Za\u00ef Za\u00ef<\/strong>\u00a0\u00bb \u00e0 tous les ingr\u00e9dients de la com\u00e9die qui peut pr\u00e9tendre \u00e0 devenir culte.<\/p>\n\n\n\n<p>Tenant une id\u00e9e terrible, \u00ab\u00a0<strong>Za\u00ef Za\u00ef Za\u00ef Za\u00ef<\/strong>\u00a0\u00bb est un film \u00e0 la fronti\u00e8re de <em>Bertrand Blier<\/em>, <em>Quentin Dupieux<\/em>, avec un petit soup\u00e7on de <em>Bruno Podalyd\u00e8s<\/em>. Bref, un m\u00e9lange assez improbable pour une com\u00e9die qui ne ressemble \u00e0 aucune autre. Politique et critique, plus s\u00e9rieux dans son fond qu&rsquo;elle n&rsquo;en a l&rsquo;air, \u00ab\u00a0<strong>Za\u00ef Za\u00ef Za\u00ef Za\u00ef<\/strong>\u00a0\u00bb demeure aussi une com\u00e9die qui nous offre vraiment de quoi nous amuser avec son lot de rebondissements totalement improbables. Film d&rsquo;anticipation, dans un futur o\u00f9 la soci\u00e9t\u00e9 s&rsquo;uniformise, \u00ab\u00a0<strong>Za\u00ef Za\u00ef Za\u00ef Za\u00ef<\/strong>\u00a0\u00bb tient un sc\u00e9nario terrible, qui derri\u00e8re sa com\u00e9die et ses gags, arrive \u00e0 se faire passionnant.<\/p>\n\n\n\n<p>Cette histoire de carte de fid\u00e9lit\u00e9 oubli\u00e9e va tr\u00e8s vite devenir \u00e9norme et rien ne va \u00eatre \u00e9pargn\u00e9 au personnage qui se retrouve oblig\u00e9 de fuir comme le plus dangereux des criminels. Derri\u00e8re ses gags, le film se moque des m\u00e9dias, de la technologie, de la police, de la foule, des effets de masse, des associations toujours choqu\u00e9es et scandalis\u00e9es, montant au cr\u00e9neau \u00e0 la premi\u00e8re occasion. Le film aussi se moque des acteurs, toujours pr\u00eats \u00e0 d\u00e9fendre des causes \u00e0 grands coups d&rsquo;id\u00e9es pour se faire remarquer&#8230; Bref, <em>Fran\u00e7ois Desagnat<\/em> \u00e9tonne par le ton de son film, par l&rsquo;autod\u00e9rision dont il fait preuve, tout en n\u2019oubliant jamais d&rsquo;offrir une com\u00e9die qui soit divertissante.<\/p>\n\n\n\n<p>Une com\u00e9die qui est d&rsquo;ailleurs tenu par un excellent <em>Jean-Paul Rouve<\/em>, parfait dans la peau de Fabrice, cet acteur de com\u00e9die populaire (non mais quelle honte ! Comment ose-t-il ?). Apr\u00e8s, si le film est tr\u00e8s bien tenu par son acteur et si le sc\u00e9nario lui fait rencontrer diff\u00e9rents personnages hauts en couleurs, il est dommage qu&rsquo;il n&rsquo;y ait pas vraiment d&rsquo;autres personnages qui ressortent vraiment de l&rsquo;ensemble. Certes, <em>Julie Depardieu, Ramzy Bedia, Julie Gayet, Yolande Moreau <\/em>ou encore tout le collectif \u00ab\u00a0Un acteur du c\u0153ur\u00a0\u00bb sont tr\u00e8s bons, mais le film laisse une telle part \u00e0 <em>Jean-Paul Rouve<\/em> que les autres pourraient presque faire grise mine \u00e0 c\u00f4t\u00e9.<\/p>\n\n\n\n<p>Tr\u00e8s court, le film fait \u00e0 peine une heure et vingt minutes, <em>Fran\u00e7ois Desagnat<\/em>, dans sa mise en sc\u00e8ne, fait tr\u00e8s simple et va au plus rapide, ce qui est tr\u00e8s bien. \u00ab\u00a0<strong>Za\u00ef Za\u00ef Za\u00ef Za\u00ef<\/strong>\u00a0\u00bb est une com\u00e9die qui a une bonne dynamique. C&rsquo;est un film qui sait tr\u00e8s bien ce qu&rsquo;il veut raconter et au-del\u00e0 de \u00e7a, pour aiguiser son c\u00f4t\u00e9 absurde, <em>Fran\u00e7ois Desagnat<\/em> se fait plut\u00f4t inventif, livrant des sc\u00e8nes qui matchent bien et qui tiennent de bonnes id\u00e9es.<\/p>\n\n\n\n<div class=\"wp-block-image\"><figure class=\"aligncenter size-large is-resized\"><a href=\"https:\/\/www.lavisqteam.fr\/wp-content\/uploads\/2022\/02\/268783183_626079085301031_1754823421908120792_n.jpg\"><img src=\"https:\/\/www.lavisqteam.fr\/wp-content\/uploads\/2022\/02\/268783183_626079085301031_1754823421908120792_n-1024x683.jpg\" alt=\"\" class=\"wp-image-62331\" width=\"600\" srcset=\"https:\/\/www.lavisqteam.fr\/wp-content\/uploads\/2022\/02\/268783183_626079085301031_1754823421908120792_n-1024x683.jpg 1024w, https:\/\/www.lavisqteam.fr\/wp-content\/uploads\/2022\/02\/268783183_626079085301031_1754823421908120792_n-300x200.jpg 300w, https:\/\/www.lavisqteam.fr\/wp-content\/uploads\/2022\/02\/268783183_626079085301031_1754823421908120792_n-768x512.jpg 768w, https:\/\/www.lavisqteam.fr\/wp-content\/uploads\/2022\/02\/268783183_626079085301031_1754823421908120792_n-1536x1024.jpg 1536w, https:\/\/www.lavisqteam.fr\/wp-content\/uploads\/2022\/02\/268783183_626079085301031_1754823421908120792_n.jpg 1600w\" sizes=\"(max-width: 1024px) 100vw, 1024px\" \/><\/a><\/figure><\/div>\n\n\n\n<p>Ainsi, \u00ab\u00a0<strong>Za\u00ef Za\u00ef Za\u00ef Za\u00ef<\/strong>\u00a0\u00bb se pose comme une belle et bonne surprise. Dr\u00f4le, fun, d\u00e9lirant, absurde, et en m\u00eame temps critique et intelligent, <em>Fran\u00e7ois Desagnat <\/em>\u00e9tonne autant qu&rsquo;il amuse. Mordant et abus\u00e9, je pense m\u00eame que \u00ab\u00a0<strong>Za\u00ef Za\u00ef Za\u00ef Za\u00ef<\/strong>\u00a0\u00bb arrivera \u00e0 se faire de plus en plus dr\u00f4le au fur et \u00e0 mesure des visionnages, car le film propose beaucoup de choses et en un seul visionnage, je pense que tous les gags, les subtilit\u00e9s et les nuances n&rsquo;ont peut-\u00eatre pas toutes \u00e9t\u00e9 d\u00e9couvertes. Du coup, je me ferais un plaisir de me replonger dedans. Assur\u00e9ment la com\u00e9die de cette semaine-l\u00e0.<\/p>\n\n\n\n<p><strong>Note\u00a0: 14\/20<\/strong><\/p>\n\n\n\n<figure class=\"wp-block-embed is-type-video is-provider-youtube wp-block-embed-youtube wp-embed-aspect-16-9 wp-has-aspect-ratio\"><div class=\"wp-block-embed__wrapper\">\n<iframe loading=\"lazy\" title=\"ZA\u00cf ZA\u00cf ZA\u00cf ZA\u00cf Bande Annonce (Nouvelle, 2022)\" width=\"1200\" height=\"675\" src=\"https:\/\/www.youtube.com\/embed\/qwnTykXYPTU?feature=oembed\" frameborder=\"0\" allow=\"accelerometer; autoplay; clipboard-write; encrypted-media; gyroscope; picture-in-picture\" allowfullscreen><\/iframe>\n<\/div><\/figure>\n\n\n\n<p class=\"has-text-align-right\">Par <strong>Cin\u00e9ted<\/strong><\/p>\n","protected":false},"excerpt":{"rendered":"<p>De&nbsp;: Fran\u00e7ois Desagnat Avec Jean-Paul Rouve, Julie Depardieu, Ramzy Bedia, Julie Gayet Ann\u00e9e&nbsp;: 2022 Pays&nbsp;: France Genre&nbsp;: Com\u00e9die R\u00e9sum\u00e9&nbsp;: Fabrice, acteur de com\u00e9die, r\u00e9alise qu\u2019il &hellip; <\/p>\n","protected":false},"author":4,"featured_media":62333,"comment_status":"open","ping_status":"open","sticky":false,"template":"","format":"standard","meta":[],"categories":[7],"tags":[],"yoast_head":"<!-- This site is optimized with the Yoast SEO plugin v19.6.1 - https:\/\/yoast.com\/wordpress\/plugins\/seo\/ -->\n<title>Za\u00ef Za\u00ef Za\u00ef Za\u00ef - Une Sombre Histoire de Poireau - Lavisqteam.fr<\/title>\n<meta name=\"robots\" content=\"index, follow, max-snippet:-1, max-image-preview:large, max-video-preview:-1\" \/>\n<link rel=\"canonical\" href=\"https:\/\/www.lavisqteam.fr\/?p=62329\" \/>\n<meta property=\"og:locale\" content=\"fr_FR\" \/>\n<meta property=\"og:type\" content=\"article\" \/>\n<meta property=\"og:title\" content=\"Za\u00ef Za\u00ef Za\u00ef Za\u00ef - Une Sombre Histoire de Poireau - Lavisqteam.fr\" \/>\n<meta property=\"og:description\" content=\"De&nbsp;: Fran\u00e7ois Desagnat Avec Jean-Paul Rouve, Julie Depardieu, Ramzy Bedia, Julie Gayet Ann\u00e9e&nbsp;: 2022 Pays&nbsp;: France Genre&nbsp;: Com\u00e9die R\u00e9sum\u00e9&nbsp;: Fabrice, acteur de com\u00e9die, r\u00e9alise qu\u2019il &hellip;\" \/>\n<meta property=\"og:url\" content=\"https:\/\/www.lavisqteam.fr\/?p=62329\" \/>\n<meta property=\"og:site_name\" content=\"Lavisqteam.fr\" \/>\n<meta property=\"article:published_time\" content=\"2022-02-21T19:57:00+00:00\" \/>\n<meta property=\"article:modified_time\" content=\"2022-03-07T22:05:33+00:00\" \/>\n<meta property=\"og:image\" content=\"https:\/\/www.lavisqteam.fr\/wp-content\/uploads\/2022\/02\/zaiz.jpg\" \/>\n\t<meta property=\"og:image:width\" content=\"727\" \/>\n\t<meta property=\"og:image:height\" content=\"395\" \/>\n\t<meta property=\"og:image:type\" content=\"image\/jpeg\" \/>\n<meta name=\"author\" content=\"Cineted\" \/>\n<meta name=\"twitter:card\" content=\"summary_large_image\" \/>\n<meta name=\"twitter:image\" content=\"https:\/\/www.lavisqteam.fr\/wp-content\/uploads\/2022\/02\/zaiz.jpg\" \/>\n<meta name=\"twitter:label1\" content=\"\u00c9crit par\" \/>\n\t<meta name=\"twitter:data1\" content=\"Cineted\" \/>\n\t<meta name=\"twitter:label2\" content=\"Dur\u00e9e de lecture estim\u00e9e\" \/>\n\t<meta name=\"twitter:data2\" content=\"6 minutes\" \/>\n<script type=\"application\/ld+json\" class=\"yoast-schema-graph\">{\"@context\":\"https:\/\/schema.org\",\"@graph\":[{\"@type\":\"Article\",\"@id\":\"https:\/\/www.lavisqteam.fr\/?p=62329#article\",\"isPartOf\":{\"@id\":\"https:\/\/www.lavisqteam.fr\/?p=62329\"},\"author\":{\"name\":\"Cineted\",\"@id\":\"https:\/\/www.lavisqteam.fr\/#\/schema\/person\/4ed7295b68bc3daae9094db5f1f9f913\"},\"headline\":\"Za\u00ef Za\u00ef Za\u00ef Za\u00ef &#8211; Une Sombre Histoire de Poireau\",\"datePublished\":\"2022-02-21T19:57:00+00:00\",\"dateModified\":\"2022-03-07T22:05:33+00:00\",\"mainEntityOfPage\":{\"@id\":\"https:\/\/www.lavisqteam.fr\/?p=62329\"},\"wordCount\":1145,\"commentCount\":0,\"publisher\":{\"@id\":\"https:\/\/www.lavisqteam.fr\/#organization\"},\"articleSection\":[\"Cin\u00e9ma\"],\"inLanguage\":\"fr-FR\",\"potentialAction\":[{\"@type\":\"CommentAction\",\"name\":\"Comment\",\"target\":[\"https:\/\/www.lavisqteam.fr\/?p=62329#respond\"]}]},{\"@type\":\"WebPage\",\"@id\":\"https:\/\/www.lavisqteam.fr\/?p=62329\",\"url\":\"https:\/\/www.lavisqteam.fr\/?p=62329\",\"name\":\"Za\u00ef Za\u00ef Za\u00ef Za\u00ef - Une Sombre Histoire de Poireau - Lavisqteam.fr\",\"isPartOf\":{\"@id\":\"https:\/\/www.lavisqteam.fr\/#website\"},\"datePublished\":\"2022-02-21T19:57:00+00:00\",\"dateModified\":\"2022-03-07T22:05:33+00:00\",\"breadcrumb\":{\"@id\":\"https:\/\/www.lavisqteam.fr\/?p=62329#breadcrumb\"},\"inLanguage\":\"fr-FR\",\"potentialAction\":[{\"@type\":\"ReadAction\",\"target\":[\"https:\/\/www.lavisqteam.fr\/?p=62329\"]}]},{\"@type\":\"BreadcrumbList\",\"@id\":\"https:\/\/www.lavisqteam.fr\/?p=62329#breadcrumb\",\"itemListElement\":[{\"@type\":\"ListItem\",\"position\":1,\"name\":\"Accueil\",\"item\":\"https:\/\/www.lavisqteam.fr\/\"},{\"@type\":\"ListItem\",\"position\":2,\"name\":\"Za\u00ef Za\u00ef Za\u00ef Za\u00ef &#8211; Une Sombre Histoire de Poireau\"}]},{\"@type\":\"WebSite\",\"@id\":\"https:\/\/www.lavisqteam.fr\/#website\",\"url\":\"https:\/\/www.lavisqteam.fr\/\",\"name\":\"Lavisqteam.fr\",\"description\":\"\",\"publisher\":{\"@id\":\"https:\/\/www.lavisqteam.fr\/#organization\"},\"potentialAction\":[{\"@type\":\"SearchAction\",\"target\":{\"@type\":\"EntryPoint\",\"urlTemplate\":\"https:\/\/www.lavisqteam.fr\/?s={search_term_string}\"},\"query-input\":\"required name=search_term_string\"}],\"inLanguage\":\"fr-FR\"},{\"@type\":\"Organization\",\"@id\":\"https:\/\/www.lavisqteam.fr\/#organization\",\"name\":\"Lavisqteam.fr\",\"url\":\"https:\/\/www.lavisqteam.fr\/\",\"sameAs\":[],\"logo\":{\"@type\":\"ImageObject\",\"inLanguage\":\"fr-FR\",\"@id\":\"https:\/\/www.lavisqteam.fr\/#\/schema\/logo\/image\/\",\"url\":\"https:\/\/www.lavisqteam.fr\/wp-content\/uploads\/2020\/08\/cropped-80879545_3479261675449035_4078032831501041664_o-4.jpg\",\"contentUrl\":\"https:\/\/www.lavisqteam.fr\/wp-content\/uploads\/2020\/08\/cropped-80879545_3479261675449035_4078032831501041664_o-4.jpg\",\"width\":1674,\"height\":536,\"caption\":\"Lavisqteam.fr\"},\"image\":{\"@id\":\"https:\/\/www.lavisqteam.fr\/#\/schema\/logo\/image\/\"}},{\"@type\":\"Person\",\"@id\":\"https:\/\/www.lavisqteam.fr\/#\/schema\/person\/4ed7295b68bc3daae9094db5f1f9f913\",\"name\":\"Cineted\",\"image\":{\"@type\":\"ImageObject\",\"inLanguage\":\"fr-FR\",\"@id\":\"https:\/\/www.lavisqteam.fr\/#\/schema\/person\/image\/\",\"url\":\"https:\/\/secure.gravatar.com\/avatar\/2d66d0012368c91013200ba69885bddd?s=96&d=mm&r=g\",\"contentUrl\":\"https:\/\/secure.gravatar.com\/avatar\/2d66d0012368c91013200ba69885bddd?s=96&d=mm&r=g\",\"caption\":\"Cineted\"},\"url\":\"https:\/\/www.lavisqteam.fr\/?author=4\"}]}<\/script>\n<!-- \/ Yoast SEO plugin. -->","yoast_head_json":{"title":"Za\u00ef Za\u00ef Za\u00ef Za\u00ef - Une Sombre Histoire de Poireau - Lavisqteam.fr","robots":{"index":"index","follow":"follow","max-snippet":"max-snippet:-1","max-image-preview":"max-image-preview:large","max-video-preview":"max-video-preview:-1"},"canonical":"https:\/\/www.lavisqteam.fr\/?p=62329","og_locale":"fr_FR","og_type":"article","og_title":"Za\u00ef Za\u00ef Za\u00ef Za\u00ef - Une Sombre Histoire de Poireau - Lavisqteam.fr","og_description":"De&nbsp;: Fran\u00e7ois Desagnat Avec Jean-Paul Rouve, Julie Depardieu, Ramzy Bedia, Julie Gayet Ann\u00e9e&nbsp;: 2022 Pays&nbsp;: France Genre&nbsp;: Com\u00e9die R\u00e9sum\u00e9&nbsp;: Fabrice, acteur de com\u00e9die, r\u00e9alise qu\u2019il &hellip;","og_url":"https:\/\/www.lavisqteam.fr\/?p=62329","og_site_name":"Lavisqteam.fr","article_published_time":"2022-02-21T19:57:00+00:00","article_modified_time":"2022-03-07T22:05:33+00:00","og_image":[{"width":727,"height":395,"url":"https:\/\/www.lavisqteam.fr\/wp-content\/uploads\/2022\/02\/zaiz.jpg","type":"image\/jpeg"}],"author":"Cineted","twitter_card":"summary_large_image","twitter_image":"https:\/\/www.lavisqteam.fr\/wp-content\/uploads\/2022\/02\/zaiz.jpg","twitter_misc":{"\u00c9crit par":"Cineted","Dur\u00e9e de lecture estim\u00e9e":"6 minutes"},"schema":{"@context":"https:\/\/schema.org","@graph":[{"@type":"Article","@id":"https:\/\/www.lavisqteam.fr\/?p=62329#article","isPartOf":{"@id":"https:\/\/www.lavisqteam.fr\/?p=62329"},"author":{"name":"Cineted","@id":"https:\/\/www.lavisqteam.fr\/#\/schema\/person\/4ed7295b68bc3daae9094db5f1f9f913"},"headline":"Za\u00ef Za\u00ef Za\u00ef Za\u00ef &#8211; Une Sombre Histoire de Poireau","datePublished":"2022-02-21T19:57:00+00:00","dateModified":"2022-03-07T22:05:33+00:00","mainEntityOfPage":{"@id":"https:\/\/www.lavisqteam.fr\/?p=62329"},"wordCount":1145,"commentCount":0,"publisher":{"@id":"https:\/\/www.lavisqteam.fr\/#organization"},"articleSection":["Cin\u00e9ma"],"inLanguage":"fr-FR","potentialAction":[{"@type":"CommentAction","name":"Comment","target":["https:\/\/www.lavisqteam.fr\/?p=62329#respond"]}]},{"@type":"WebPage","@id":"https:\/\/www.lavisqteam.fr\/?p=62329","url":"https:\/\/www.lavisqteam.fr\/?p=62329","name":"Za\u00ef Za\u00ef Za\u00ef Za\u00ef - Une Sombre Histoire de Poireau - Lavisqteam.fr","isPartOf":{"@id":"https:\/\/www.lavisqteam.fr\/#website"},"datePublished":"2022-02-21T19:57:00+00:00","dateModified":"2022-03-07T22:05:33+00:00","breadcrumb":{"@id":"https:\/\/www.lavisqteam.fr\/?p=62329#breadcrumb"},"inLanguage":"fr-FR","potentialAction":[{"@type":"ReadAction","target":["https:\/\/www.lavisqteam.fr\/?p=62329"]}]},{"@type":"BreadcrumbList","@id":"https:\/\/www.lavisqteam.fr\/?p=62329#breadcrumb","itemListElement":[{"@type":"ListItem","position":1,"name":"Accueil","item":"https:\/\/www.lavisqteam.fr\/"},{"@type":"ListItem","position":2,"name":"Za\u00ef Za\u00ef Za\u00ef Za\u00ef &#8211; Une Sombre Histoire de Poireau"}]},{"@type":"WebSite","@id":"https:\/\/www.lavisqteam.fr\/#website","url":"https:\/\/www.lavisqteam.fr\/","name":"Lavisqteam.fr","description":"","publisher":{"@id":"https:\/\/www.lavisqteam.fr\/#organization"},"potentialAction":[{"@type":"SearchAction","target":{"@type":"EntryPoint","urlTemplate":"https:\/\/www.lavisqteam.fr\/?s={search_term_string}"},"query-input":"required name=search_term_string"}],"inLanguage":"fr-FR"},{"@type":"Organization","@id":"https:\/\/www.lavisqteam.fr\/#organization","name":"Lavisqteam.fr","url":"https:\/\/www.lavisqteam.fr\/","sameAs":[],"logo":{"@type":"ImageObject","inLanguage":"fr-FR","@id":"https:\/\/www.lavisqteam.fr\/#\/schema\/logo\/image\/","url":"https:\/\/www.lavisqteam.fr\/wp-content\/uploads\/2020\/08\/cropped-80879545_3479261675449035_4078032831501041664_o-4.jpg","contentUrl":"https:\/\/www.lavisqteam.fr\/wp-content\/uploads\/2020\/08\/cropped-80879545_3479261675449035_4078032831501041664_o-4.jpg","width":1674,"height":536,"caption":"Lavisqteam.fr"},"image":{"@id":"https:\/\/www.lavisqteam.fr\/#\/schema\/logo\/image\/"}},{"@type":"Person","@id":"https:\/\/www.lavisqteam.fr\/#\/schema\/person\/4ed7295b68bc3daae9094db5f1f9f913","name":"Cineted","image":{"@type":"ImageObject","inLanguage":"fr-FR","@id":"https:\/\/www.lavisqteam.fr\/#\/schema\/person\/image\/","url":"https:\/\/secure.gravatar.com\/avatar\/2d66d0012368c91013200ba69885bddd?s=96&d=mm&r=g","contentUrl":"https:\/\/secure.gravatar.com\/avatar\/2d66d0012368c91013200ba69885bddd?s=96&d=mm&r=g","caption":"Cineted"},"url":"https:\/\/www.lavisqteam.fr\/?author=4"}]}},"jetpack_featured_media_url":"https:\/\/www.lavisqteam.fr\/wp-content\/uploads\/2022\/02\/zaiz.jpg","_links":{"self":[{"href":"https:\/\/www.lavisqteam.fr\/index.php?rest_route=\/wp\/v2\/posts\/62329"}],"collection":[{"href":"https:\/\/www.lavisqteam.fr\/index.php?rest_route=\/wp\/v2\/posts"}],"about":[{"href":"https:\/\/www.lavisqteam.fr\/index.php?rest_route=\/wp\/v2\/types\/post"}],"author":[{"embeddable":true,"href":"https:\/\/www.lavisqteam.fr\/index.php?rest_route=\/wp\/v2\/users\/4"}],"replies":[{"embeddable":true,"href":"https:\/\/www.lavisqteam.fr\/index.php?rest_route=%2Fwp%2Fv2%2Fcomments&post=62329"}],"version-history":[{"count":1,"href":"https:\/\/www.lavisqteam.fr\/index.php?rest_route=\/wp\/v2\/posts\/62329\/revisions"}],"predecessor-version":[{"id":62334,"href":"https:\/\/www.lavisqteam.fr\/index.php?rest_route=\/wp\/v2\/posts\/62329\/revisions\/62334"}],"wp:featuredmedia":[{"embeddable":true,"href":"https:\/\/www.lavisqteam.fr\/index.php?rest_route=\/wp\/v2\/media\/62333"}],"wp:attachment":[{"href":"https:\/\/www.lavisqteam.fr\/index.php?rest_route=%2Fwp%2Fv2%2Fmedia&parent=62329"}],"wp:term":[{"taxonomy":"category","embeddable":true,"href":"https:\/\/www.lavisqteam.fr\/index.php?rest_route=%2Fwp%2Fv2%2Fcategories&post=62329"},{"taxonomy":"post_tag","embeddable":true,"href":"https:\/\/www.lavisqteam.fr\/index.php?rest_route=%2Fwp%2Fv2%2Ftags&post=62329"}],"curies":[{"name":"wp","href":"https:\/\/api.w.org\/{rel}","templated":true}]}}