{"id":61548,"date":"2022-01-13T17:57:04","date_gmt":"2022-01-13T17:57:04","guid":{"rendered":"https:\/\/www.lavisqteam.fr\/?p=61548"},"modified":"2022-01-13T17:57:07","modified_gmt":"2022-01-13T17:57:07","slug":"chien-de-garde","status":"publish","type":"post","link":"https:\/\/www.lavisqteam.fr\/?p=61548","title":{"rendered":"Chien de Garde"},"content":{"rendered":"\n<div class=\"wp-block-image\"><figure class=\"aligncenter size-large is-resized\"><a href=\"https:\/\/www.lavisqteam.fr\/wp-content\/uploads\/2022\/01\/271276791_2190367614437229_7203612511696230728_n.jpg\"><img src=\"https:\/\/www.lavisqteam.fr\/wp-content\/uploads\/2022\/01\/271276791_2190367614437229_7203612511696230728_n-768x1024.jpg\" alt=\"\" class=\"wp-image-61549\" width=\"600\" srcset=\"https:\/\/www.lavisqteam.fr\/wp-content\/uploads\/2022\/01\/271276791_2190367614437229_7203612511696230728_n-768x1024.jpg 768w, https:\/\/www.lavisqteam.fr\/wp-content\/uploads\/2022\/01\/271276791_2190367614437229_7203612511696230728_n-225x300.jpg 225w, https:\/\/www.lavisqteam.fr\/wp-content\/uploads\/2022\/01\/271276791_2190367614437229_7203612511696230728_n-1152x1536.jpg 1152w, https:\/\/www.lavisqteam.fr\/wp-content\/uploads\/2022\/01\/271276791_2190367614437229_7203612511696230728_n.jpg 1200w\" sizes=\"(max-width: 768px) 100vw, 768px\" \/><\/a><\/figure><\/div>\n\n\n\n<p><strong>De&nbsp;: <\/strong>Sophie Dupuis<\/p>\n\n\n\n<p><strong>Avec <\/strong>Jean-Simon Leduc, Th\u00e9odore Pellerin, Maude Gu\u00e9rin, Claudel Laberge<\/p>\n\n\n\n<p><strong>Ann\u00e9e&nbsp;: <\/strong>2018<\/p>\n\n\n\n<p><strong>Pays&nbsp;: <\/strong>Canada<\/p>\n\n\n\n<p><strong>Genre&nbsp;: <\/strong>Drame<\/p>\n\n\n\n<p><strong>R\u00e9sum\u00e9&nbsp;:<\/strong><\/p>\n\n\n\n<p>JP et son jeune fr\u00e8re Vincent, un \u00eatre impulsif et instable, sont comme deux petits princes de la rue. Leur royaume ? Verdun, quartier de Montr\u00e9al, qu\u2019ils sillonnent en \u00ab collectant \u00bb pour leur oncle, un petit malfrat plus dangereux qu\u2019il n\u2019y para\u00eet. Dans le m\u00eame appartement bruyant s\u2019entassent les deux fr\u00e8res, leur m\u00e8re Joe, alcoolique aux p\u00e9riodes de sobri\u00e9t\u00e9 fragiles, et Mel, la fianc\u00e9e de JP, qui, comme lui, aspire \u00e0 mieux. Mais peut-on jamais \u00e9chapper \u00e0 son milieu, \u00e0 son sang ?<\/p>\n\n\n\n<p><strong>Avis&nbsp;:<\/strong><strong><\/strong><\/p>\n\n\n\n<p><em>Sophie Dupuis<\/em> est n\u00e9e en 1986 et depuis toute petite, elle veut raconter des histoires. Cette envie est d&rsquo;abord pass\u00e9e par le th\u00e9\u00e2tre puis l&rsquo;\u00e9criture, avant de se fixer tr\u00e8s t\u00f4t sur le cin\u00e9ma. Apr\u00e8s des \u00e9tudes \u00e0 Montr\u00e9al, <em>Sophie Dupuis<\/em> r\u00e9alise son premier court-m\u00e9trage \u00e0 vingt et un an et depuis, autant que faire se peut, elle n&rsquo;a jamais l\u00e2ch\u00e9 sa cam\u00e9ra. Ainsi, en dix ans, elle va r\u00e9aliser cinq courts-m\u00e9trages.<\/p>\n\n\n\n<p>Apr\u00e8s s&rsquo;\u00eatre fait la main, elle r\u00e9ussit enfin \u00e0 se faire produire un premier long-m\u00e9trage. Ce sera \u00ab\u00a0<strong>Chien de garde<\/strong>\u00ab\u00a0, un film qui suit deux frangins qui vivent de petits larcins et autres magouilles pour le compte d&rsquo;un oncle v\u00e9reux. Dynamique, sombre, vivant, \u00e9nergique, et tenant des personnages int\u00e9ressants, \u00ab\u00a0<strong>Chien de garde<\/strong>\u00a0\u00bb est un premier film qui m\u00e9rite qu&rsquo;on s&rsquo;y arr\u00eate. Certes, ce n&rsquo;est pas un grand film et au-del\u00e0 de \u00e7a, il ne nous laissera pas un fort souvenir, mais sur l&rsquo;instant, de par l&rsquo;intime de ses personnages, de par le dilemme que cette histoire impose et surtout de par l&rsquo;envie de cin\u00e9ma de sa r\u00e9alisatrice qui livre l\u00e0 un premier film \u00e9tonnant aussi bien dans son intrigue que dans sa direction, \u00ab\u00a0<strong>Chien de garde<\/strong>\u00a0\u00bb nous fait passer un petit, mais bon moment.<\/p>\n\n\n\n<div class=\"wp-block-image\"><figure class=\"aligncenter size-full is-resized\"><a href=\"https:\/\/www.lavisqteam.fr\/wp-content\/uploads\/2022\/01\/271276787_884207652226708_2137932582876722985_n.jpg\"><img src=\"https:\/\/www.lavisqteam.fr\/wp-content\/uploads\/2022\/01\/271276787_884207652226708_2137932582876722985_n.jpg\" alt=\"\" class=\"wp-image-61550\" width=\"600\" srcset=\"https:\/\/www.lavisqteam.fr\/wp-content\/uploads\/2022\/01\/271276787_884207652226708_2137932582876722985_n.jpg 800w, https:\/\/www.lavisqteam.fr\/wp-content\/uploads\/2022\/01\/271276787_884207652226708_2137932582876722985_n-300x200.jpg 300w, https:\/\/www.lavisqteam.fr\/wp-content\/uploads\/2022\/01\/271276787_884207652226708_2137932582876722985_n-768x512.jpg 768w, https:\/\/www.lavisqteam.fr\/wp-content\/uploads\/2022\/01\/271276787_884207652226708_2137932582876722985_n-700x465.jpg 700w\" sizes=\"(max-width: 800px) 100vw, 800px\" \/><\/a><\/figure><\/div>\n\n\n\n<p>JP et Vincent sont fr\u00e8res. Les deux fr\u00e8res bossent pour leur oncle, un malfrat qui est plus dangereux et plus vicieux qu&rsquo;il n&rsquo;y para\u00eet. Les deux frangins passent leur temps \u00e0 r\u00e9colter des petits magots, ou mettre des coups de pression \u00e0 des gens qui ont du mal \u00e0 payer leur oncle. JP r\u00eave de mieux, mais il ne sait comment \u00e9chapper \u00e0 tout \u00e7a. Quant \u00e0 son jeune fr\u00e8re, cette situation a l&rsquo;air de lui plaire, mais il faut dire que Vincent est \u00e0 l\u2019oppos\u00e9 de JP, \u00e9tant impr\u00e9visible, \u00e0 fleur de peau et violent.&nbsp;Un jour, leur oncle demande \u00e0 JP d&rsquo;effectuer une mission plus dure que d&rsquo;ordinaire et pour le jeune homme, c&rsquo;est clairement une barri\u00e8re qu&rsquo;il ne peut franchir, alors que faire ?<\/p>\n\n\n\n<p>Le premier film de <em>Sophie Dupuis<\/em> est un film qui m&rsquo;a intrigu\u00e9 d\u00e8s que je suis tomb\u00e9 sur sa jaquette qui me vendait un film se pla\u00e7ant quelque part entre le cin\u00e9ma de <em>Martin Scorsese<\/em> et celui de <em>Xavier Dolan<\/em>. Un mixte pour le moins improbable et difficilement conciliable, alors autant dire que ma curiosit\u00e9 fut piqu\u00e9e \u00e0 vif et je ne me suis pas pos\u00e9 plus de questions que cela pour me lancer dans \u00ab\u00a0<strong>Chien de garde<\/strong>\u00ab\u00a0. Alors, pour le c\u00f4t\u00e9 <em>Martin Scorsese<\/em>, il est vrai que son intrigue, ou du moins ses personnages, dans les grandes lignes, \u00ab\u00a0<strong>Chien de garde<\/strong>\u00a0\u00bb peut y faire penser, du moins pour ses premiers films comme \u00ab\u00a0<strong>Mean Streets<\/strong>\u00a0\u00bb ou \u00ab\u00a0<strong>Who&rsquo;s that Knocking at My Door<\/strong>\u00ab\u00a0. En revanche, pour le cin\u00e9ma de Xavier Dolan, c&rsquo;est plus compliqu\u00e9 et ce n&rsquo;est pas parce qu&rsquo;on y trouve un adolescent hyperactif comme dans \u00ab\u00a0<strong>Mommy<\/strong>\u00a0\u00bb que forc\u00e9ment \u00e7a \u00e9voque le cin\u00e9ma de <em>Xavier Dolan<\/em>.<\/p>\n\n\n\n<p>Voil\u00e0, ceci dit, revenons au film de <em>Sophie Dupuis<\/em> qui comme je le disais plus haut m\u00e9rite qu&rsquo;on s&rsquo;y arr\u00eate pour une s\u00e9ance de cin\u00e9ma pleine d&rsquo;accents, de \u00ab\u00a0tu veux tu\u00a0\u00bb, de fratrie, de dilemmes, et m\u00eame \u00e9motions.<\/p>\n\n\n\n<p>\u00c9crit par <em>Sophie Dupuis<\/em>, \u00ab\u00a0<strong>Chien de garde<\/strong>\u00a0\u00bb est un film qui tient un sc\u00e9nario qu&rsquo;on a d\u00e9j\u00e0 vu. On peut m\u00eame presque dire que cette histoire, \u00e0 force d&rsquo;avoir \u00e9t\u00e9 vue et revue, pourrait sonner comme anecdotique. Heureusement, le film de <em>Sophie Dupuis<\/em> jouit de plusieurs points forts, qui font qu&rsquo;on se laisse emporter dans cette histoire. La premi\u00e8re chose qui frappe, et c&rsquo;est m\u00eame ce qui frappe le plus fort, c&rsquo;est la \u00ab\u00a0puissance\u00a0\u00bb de ses personnages et ses acteurs. Il y a quelque chose d&rsquo;intime dans le film de <em>Dupuis<\/em>. \u00ab\u00a0<strong>Chien de garde<\/strong>\u00a0\u00bb est un film qui n&rsquo;a pas un grand budget pour son intrigue et la r\u00e9alisatrice a bien su comment pallier \u00e0 cela. Ainsi, elle s&rsquo;int\u00e9resse plus \u00e0 ses personnages, \u00e0 ce qui les unit, ou ce qui les oppose. <em>Sophie Dupuis<\/em> pose aussi un dilemme au sein de son intrigue, et plus son intrigue avance, plus ce dernier se resserre et plus l&rsquo;on s&rsquo;accroche avec \u00e9tonnement, car la jeune r\u00e9alisatrice \u00e9vite les clich\u00e9s, les facilit\u00e9s et les convenances, faisant prendre \u00e0 ses personnages des d\u00e9cisions risqu\u00e9es, qui sonnent comme r\u00e9alistes.<\/p>\n\n\n\n<p>Ensuite, \u00ab\u00a0<strong>Chien de garde<\/strong>\u00a0\u00bb fonctionne aussi gr\u00e2ce \u00e0 son casting et notamment ces deux acteurs qui incarnent les deux fr\u00e8res. Deux personnages on ne peut plus diff\u00e9rents et qui se compl\u00e8tent parfaitement. Deux fr\u00e8res, \u00e0 la fois tendres, difficiles, dr\u00f4les, complexes et touchants. Puis deux fr\u00e8res tenus par deux com\u00e9diens terribles, qui se posent tout deux comme deux belles r\u00e9v\u00e9lations, avec d&rsquo;un c\u00f4t\u00e9 <em>Jean-Simon Leduc<\/em>, la voix de la raison et l&rsquo;envie de s&rsquo;en sortir et de l&rsquo;autre <em>Th\u00e9odore Pellerin<\/em>, parfait en jeune chien fou, impr\u00e9visible, et finalement tr\u00e8s touchant, pour ne pas dire un peu plus.<\/p>\n\n\n\n<p>Apr\u00e8s, comme je le disais aussi, \u00ab\u00a0<strong>Chien de garde<\/strong>\u00a0\u00bb n&rsquo;est pas non plus un grand film, et il ne bousculera pas notre vie de cin\u00e9phile. Si le film est plaisant \u00e0 suivre, il souffre de quelques longueurs, il manque de mordant et surtout, peut-\u00eatre est-ce le manque de budget, mais il est vrai qu&rsquo;il laisse imaginer ce qu&rsquo;il aurait pu \u00eatre. Ici, on sent clairement l&rsquo;envie de cin\u00e9ma de sa r\u00e9alisatrice, qui fait ce qu&rsquo;elle peut avec ce qu&rsquo;elle a, et vu le r\u00e9sultat qui est d\u00e9j\u00e0 bien ainsi, on ne peut qu&rsquo;imaginer, ce qu&rsquo;elle aurait pu faire avec plus.<\/p>\n\n\n\n<div class=\"wp-block-image\"><figure class=\"aligncenter size-large is-resized\"><a href=\"https:\/\/www.lavisqteam.fr\/wp-content\/uploads\/2022\/01\/271290421_509282490376829_8350100188830235335_n.jpg\"><img src=\"https:\/\/www.lavisqteam.fr\/wp-content\/uploads\/2022\/01\/271290421_509282490376829_8350100188830235335_n-1024x682.jpg\" alt=\"\" class=\"wp-image-61551\" width=\"600\" srcset=\"https:\/\/www.lavisqteam.fr\/wp-content\/uploads\/2022\/01\/271290421_509282490376829_8350100188830235335_n-1024x682.jpg 1024w, https:\/\/www.lavisqteam.fr\/wp-content\/uploads\/2022\/01\/271290421_509282490376829_8350100188830235335_n-300x200.jpg 300w, https:\/\/www.lavisqteam.fr\/wp-content\/uploads\/2022\/01\/271290421_509282490376829_8350100188830235335_n-768x511.jpg 768w, https:\/\/www.lavisqteam.fr\/wp-content\/uploads\/2022\/01\/271290421_509282490376829_8350100188830235335_n-1536x1022.jpg 1536w, https:\/\/www.lavisqteam.fr\/wp-content\/uploads\/2022\/01\/271290421_509282490376829_8350100188830235335_n-700x465.jpg 700w, https:\/\/www.lavisqteam.fr\/wp-content\/uploads\/2022\/01\/271290421_509282490376829_8350100188830235335_n.jpg 1600w\" sizes=\"(max-width: 1024px) 100vw, 1024px\" \/><\/a><\/figure><\/div>\n\n\n\n<p>Ce premier film de <em>Sophie Dupuis<\/em> se pose comme une bonne petite d\u00e9couverte. \u00ab\u00a0<strong>Chien de garde<\/strong>\u00a0\u00bb pr\u00e9sente une jeune cin\u00e9aste qui a du talent \u00e0 revendre, arrivant \u00e0 faire de cette histoire vue et revue une source d&rsquo;int\u00e9r\u00eat qu&rsquo;on se pla\u00eet \u00e0 suivre. S\u2019il est vrai que \u00ab\u00a0<strong>Chien de garde<\/strong>\u00a0\u00bb manque de tout un tas de choses, il n&rsquo;en reste pas moins un premier film plaisant, qui ne bousculera pas nos vies, mais sur l&rsquo;instant, il propose quelque chose d&rsquo;int\u00e9ressant et derri\u00e8re \u00e7a, il est tenu par deux acteurs, <em>Jean-Simon Leduc<\/em> et <em>Th\u00e9odore Pellerin,<\/em> qui sont vraiment passionnants. \u00c0 voir donc en attendant un prochain film pour <em>Sophie Dupuis<\/em>.<\/p>\n\n\n\n<p><strong>Note\u00a0: 13\/20<\/strong><\/p>\n\n\n\n<figure class=\"wp-block-embed is-type-video is-provider-youtube wp-block-embed-youtube wp-embed-aspect-16-9 wp-has-aspect-ratio\"><div class=\"wp-block-embed__wrapper\">\n<iframe loading=\"lazy\" title=\"CHIEN DE GARDE Bande Annonce\" width=\"1200\" height=\"675\" src=\"https:\/\/www.youtube.com\/embed\/YmgCSAsKdFM?feature=oembed\" frameborder=\"0\" allow=\"accelerometer; autoplay; clipboard-write; encrypted-media; gyroscope; picture-in-picture\" allowfullscreen><\/iframe>\n<\/div><\/figure>\n\n\n\n<p class=\"has-text-align-right\">Par <strong>Cin\u00e9ted<\/strong><\/p>\n","protected":false},"excerpt":{"rendered":"<p>De&nbsp;: Sophie Dupuis Avec Jean-Simon Leduc, Th\u00e9odore Pellerin, Maude Gu\u00e9rin, Claudel Laberge Ann\u00e9e&nbsp;: 2018 Pays&nbsp;: Canada Genre&nbsp;: Drame R\u00e9sum\u00e9&nbsp;: JP et son jeune fr\u00e8re Vincent, &hellip; <\/p>\n","protected":false},"author":4,"featured_media":61552,"comment_status":"open","ping_status":"open","sticky":false,"template":"","format":"standard","meta":[],"categories":[7],"tags":[],"yoast_head":"<!-- This site is optimized with the Yoast SEO plugin v19.6.1 - https:\/\/yoast.com\/wordpress\/plugins\/seo\/ -->\n<title>Chien de Garde - Lavisqteam.fr<\/title>\n<meta name=\"robots\" content=\"index, follow, max-snippet:-1, max-image-preview:large, max-video-preview:-1\" \/>\n<link rel=\"canonical\" href=\"https:\/\/www.lavisqteam.fr\/?p=61548\" \/>\n<meta property=\"og:locale\" content=\"fr_FR\" \/>\n<meta property=\"og:type\" content=\"article\" \/>\n<meta property=\"og:title\" content=\"Chien de Garde - Lavisqteam.fr\" \/>\n<meta property=\"og:description\" content=\"De&nbsp;: Sophie Dupuis Avec Jean-Simon Leduc, Th\u00e9odore Pellerin, Maude Gu\u00e9rin, Claudel Laberge Ann\u00e9e&nbsp;: 2018 Pays&nbsp;: Canada Genre&nbsp;: Drame R\u00e9sum\u00e9&nbsp;: JP et son jeune fr\u00e8re Vincent, &hellip;\" \/>\n<meta property=\"og:url\" content=\"https:\/\/www.lavisqteam.fr\/?p=61548\" \/>\n<meta property=\"og:site_name\" content=\"Lavisqteam.fr\" \/>\n<meta property=\"article:published_time\" content=\"2022-01-13T17:57:04+00:00\" \/>\n<meta property=\"article:modified_time\" content=\"2022-01-13T17:57:07+00:00\" \/>\n<meta property=\"og:image\" content=\"https:\/\/www.lavisqteam.fr\/wp-content\/uploads\/2022\/01\/chie.jpg\" \/>\n\t<meta property=\"og:image:width\" content=\"727\" \/>\n\t<meta property=\"og:image:height\" content=\"395\" \/>\n\t<meta property=\"og:image:type\" content=\"image\/jpeg\" \/>\n<meta name=\"author\" content=\"Cineted\" \/>\n<meta name=\"twitter:card\" content=\"summary_large_image\" \/>\n<meta name=\"twitter:image\" content=\"https:\/\/www.lavisqteam.fr\/wp-content\/uploads\/2022\/01\/chie.jpg\" \/>\n<meta name=\"twitter:label1\" content=\"\u00c9crit par\" \/>\n\t<meta name=\"twitter:data1\" content=\"Cineted\" \/>\n\t<meta name=\"twitter:label2\" content=\"Dur\u00e9e de lecture estim\u00e9e\" \/>\n\t<meta name=\"twitter:data2\" content=\"7 minutes\" \/>\n<script type=\"application\/ld+json\" class=\"yoast-schema-graph\">{\"@context\":\"https:\/\/schema.org\",\"@graph\":[{\"@type\":\"Article\",\"@id\":\"https:\/\/www.lavisqteam.fr\/?p=61548#article\",\"isPartOf\":{\"@id\":\"https:\/\/www.lavisqteam.fr\/?p=61548\"},\"author\":{\"name\":\"Cineted\",\"@id\":\"https:\/\/www.lavisqteam.fr\/#\/schema\/person\/4ed7295b68bc3daae9094db5f1f9f913\"},\"headline\":\"Chien de Garde\",\"datePublished\":\"2022-01-13T17:57:04+00:00\",\"dateModified\":\"2022-01-13T17:57:07+00:00\",\"mainEntityOfPage\":{\"@id\":\"https:\/\/www.lavisqteam.fr\/?p=61548\"},\"wordCount\":1216,\"commentCount\":1,\"publisher\":{\"@id\":\"https:\/\/www.lavisqteam.fr\/#organization\"},\"articleSection\":[\"Cin\u00e9ma\"],\"inLanguage\":\"fr-FR\",\"potentialAction\":[{\"@type\":\"CommentAction\",\"name\":\"Comment\",\"target\":[\"https:\/\/www.lavisqteam.fr\/?p=61548#respond\"]}]},{\"@type\":\"WebPage\",\"@id\":\"https:\/\/www.lavisqteam.fr\/?p=61548\",\"url\":\"https:\/\/www.lavisqteam.fr\/?p=61548\",\"name\":\"Chien de Garde - Lavisqteam.fr\",\"isPartOf\":{\"@id\":\"https:\/\/www.lavisqteam.fr\/#website\"},\"datePublished\":\"2022-01-13T17:57:04+00:00\",\"dateModified\":\"2022-01-13T17:57:07+00:00\",\"breadcrumb\":{\"@id\":\"https:\/\/www.lavisqteam.fr\/?p=61548#breadcrumb\"},\"inLanguage\":\"fr-FR\",\"potentialAction\":[{\"@type\":\"ReadAction\",\"target\":[\"https:\/\/www.lavisqteam.fr\/?p=61548\"]}]},{\"@type\":\"BreadcrumbList\",\"@id\":\"https:\/\/www.lavisqteam.fr\/?p=61548#breadcrumb\",\"itemListElement\":[{\"@type\":\"ListItem\",\"position\":1,\"name\":\"Accueil\",\"item\":\"https:\/\/www.lavisqteam.fr\/\"},{\"@type\":\"ListItem\",\"position\":2,\"name\":\"Chien de Garde\"}]},{\"@type\":\"WebSite\",\"@id\":\"https:\/\/www.lavisqteam.fr\/#website\",\"url\":\"https:\/\/www.lavisqteam.fr\/\",\"name\":\"Lavisqteam.fr\",\"description\":\"\",\"publisher\":{\"@id\":\"https:\/\/www.lavisqteam.fr\/#organization\"},\"potentialAction\":[{\"@type\":\"SearchAction\",\"target\":{\"@type\":\"EntryPoint\",\"urlTemplate\":\"https:\/\/www.lavisqteam.fr\/?s={search_term_string}\"},\"query-input\":\"required name=search_term_string\"}],\"inLanguage\":\"fr-FR\"},{\"@type\":\"Organization\",\"@id\":\"https:\/\/www.lavisqteam.fr\/#organization\",\"name\":\"Lavisqteam.fr\",\"url\":\"https:\/\/www.lavisqteam.fr\/\",\"sameAs\":[],\"logo\":{\"@type\":\"ImageObject\",\"inLanguage\":\"fr-FR\",\"@id\":\"https:\/\/www.lavisqteam.fr\/#\/schema\/logo\/image\/\",\"url\":\"https:\/\/www.lavisqteam.fr\/wp-content\/uploads\/2020\/08\/cropped-80879545_3479261675449035_4078032831501041664_o-4.jpg\",\"contentUrl\":\"https:\/\/www.lavisqteam.fr\/wp-content\/uploads\/2020\/08\/cropped-80879545_3479261675449035_4078032831501041664_o-4.jpg\",\"width\":1674,\"height\":536,\"caption\":\"Lavisqteam.fr\"},\"image\":{\"@id\":\"https:\/\/www.lavisqteam.fr\/#\/schema\/logo\/image\/\"}},{\"@type\":\"Person\",\"@id\":\"https:\/\/www.lavisqteam.fr\/#\/schema\/person\/4ed7295b68bc3daae9094db5f1f9f913\",\"name\":\"Cineted\",\"image\":{\"@type\":\"ImageObject\",\"inLanguage\":\"fr-FR\",\"@id\":\"https:\/\/www.lavisqteam.fr\/#\/schema\/person\/image\/\",\"url\":\"https:\/\/secure.gravatar.com\/avatar\/2d66d0012368c91013200ba69885bddd?s=96&d=mm&r=g\",\"contentUrl\":\"https:\/\/secure.gravatar.com\/avatar\/2d66d0012368c91013200ba69885bddd?s=96&d=mm&r=g\",\"caption\":\"Cineted\"},\"url\":\"https:\/\/www.lavisqteam.fr\/?author=4\"}]}<\/script>\n<!-- \/ Yoast SEO plugin. -->","yoast_head_json":{"title":"Chien de Garde - Lavisqteam.fr","robots":{"index":"index","follow":"follow","max-snippet":"max-snippet:-1","max-image-preview":"max-image-preview:large","max-video-preview":"max-video-preview:-1"},"canonical":"https:\/\/www.lavisqteam.fr\/?p=61548","og_locale":"fr_FR","og_type":"article","og_title":"Chien de Garde - Lavisqteam.fr","og_description":"De&nbsp;: Sophie Dupuis Avec Jean-Simon Leduc, Th\u00e9odore Pellerin, Maude Gu\u00e9rin, Claudel Laberge Ann\u00e9e&nbsp;: 2018 Pays&nbsp;: Canada Genre&nbsp;: Drame R\u00e9sum\u00e9&nbsp;: JP et son jeune fr\u00e8re Vincent, &hellip;","og_url":"https:\/\/www.lavisqteam.fr\/?p=61548","og_site_name":"Lavisqteam.fr","article_published_time":"2022-01-13T17:57:04+00:00","article_modified_time":"2022-01-13T17:57:07+00:00","og_image":[{"width":727,"height":395,"url":"https:\/\/www.lavisqteam.fr\/wp-content\/uploads\/2022\/01\/chie.jpg","type":"image\/jpeg"}],"author":"Cineted","twitter_card":"summary_large_image","twitter_image":"https:\/\/www.lavisqteam.fr\/wp-content\/uploads\/2022\/01\/chie.jpg","twitter_misc":{"\u00c9crit par":"Cineted","Dur\u00e9e de lecture estim\u00e9e":"7 minutes"},"schema":{"@context":"https:\/\/schema.org","@graph":[{"@type":"Article","@id":"https:\/\/www.lavisqteam.fr\/?p=61548#article","isPartOf":{"@id":"https:\/\/www.lavisqteam.fr\/?p=61548"},"author":{"name":"Cineted","@id":"https:\/\/www.lavisqteam.fr\/#\/schema\/person\/4ed7295b68bc3daae9094db5f1f9f913"},"headline":"Chien de Garde","datePublished":"2022-01-13T17:57:04+00:00","dateModified":"2022-01-13T17:57:07+00:00","mainEntityOfPage":{"@id":"https:\/\/www.lavisqteam.fr\/?p=61548"},"wordCount":1216,"commentCount":1,"publisher":{"@id":"https:\/\/www.lavisqteam.fr\/#organization"},"articleSection":["Cin\u00e9ma"],"inLanguage":"fr-FR","potentialAction":[{"@type":"CommentAction","name":"Comment","target":["https:\/\/www.lavisqteam.fr\/?p=61548#respond"]}]},{"@type":"WebPage","@id":"https:\/\/www.lavisqteam.fr\/?p=61548","url":"https:\/\/www.lavisqteam.fr\/?p=61548","name":"Chien de Garde - Lavisqteam.fr","isPartOf":{"@id":"https:\/\/www.lavisqteam.fr\/#website"},"datePublished":"2022-01-13T17:57:04+00:00","dateModified":"2022-01-13T17:57:07+00:00","breadcrumb":{"@id":"https:\/\/www.lavisqteam.fr\/?p=61548#breadcrumb"},"inLanguage":"fr-FR","potentialAction":[{"@type":"ReadAction","target":["https:\/\/www.lavisqteam.fr\/?p=61548"]}]},{"@type":"BreadcrumbList","@id":"https:\/\/www.lavisqteam.fr\/?p=61548#breadcrumb","itemListElement":[{"@type":"ListItem","position":1,"name":"Accueil","item":"https:\/\/www.lavisqteam.fr\/"},{"@type":"ListItem","position":2,"name":"Chien de Garde"}]},{"@type":"WebSite","@id":"https:\/\/www.lavisqteam.fr\/#website","url":"https:\/\/www.lavisqteam.fr\/","name":"Lavisqteam.fr","description":"","publisher":{"@id":"https:\/\/www.lavisqteam.fr\/#organization"},"potentialAction":[{"@type":"SearchAction","target":{"@type":"EntryPoint","urlTemplate":"https:\/\/www.lavisqteam.fr\/?s={search_term_string}"},"query-input":"required name=search_term_string"}],"inLanguage":"fr-FR"},{"@type":"Organization","@id":"https:\/\/www.lavisqteam.fr\/#organization","name":"Lavisqteam.fr","url":"https:\/\/www.lavisqteam.fr\/","sameAs":[],"logo":{"@type":"ImageObject","inLanguage":"fr-FR","@id":"https:\/\/www.lavisqteam.fr\/#\/schema\/logo\/image\/","url":"https:\/\/www.lavisqteam.fr\/wp-content\/uploads\/2020\/08\/cropped-80879545_3479261675449035_4078032831501041664_o-4.jpg","contentUrl":"https:\/\/www.lavisqteam.fr\/wp-content\/uploads\/2020\/08\/cropped-80879545_3479261675449035_4078032831501041664_o-4.jpg","width":1674,"height":536,"caption":"Lavisqteam.fr"},"image":{"@id":"https:\/\/www.lavisqteam.fr\/#\/schema\/logo\/image\/"}},{"@type":"Person","@id":"https:\/\/www.lavisqteam.fr\/#\/schema\/person\/4ed7295b68bc3daae9094db5f1f9f913","name":"Cineted","image":{"@type":"ImageObject","inLanguage":"fr-FR","@id":"https:\/\/www.lavisqteam.fr\/#\/schema\/person\/image\/","url":"https:\/\/secure.gravatar.com\/avatar\/2d66d0012368c91013200ba69885bddd?s=96&d=mm&r=g","contentUrl":"https:\/\/secure.gravatar.com\/avatar\/2d66d0012368c91013200ba69885bddd?s=96&d=mm&r=g","caption":"Cineted"},"url":"https:\/\/www.lavisqteam.fr\/?author=4"}]}},"jetpack_featured_media_url":"https:\/\/www.lavisqteam.fr\/wp-content\/uploads\/2022\/01\/chie.jpg","_links":{"self":[{"href":"https:\/\/www.lavisqteam.fr\/index.php?rest_route=\/wp\/v2\/posts\/61548"}],"collection":[{"href":"https:\/\/www.lavisqteam.fr\/index.php?rest_route=\/wp\/v2\/posts"}],"about":[{"href":"https:\/\/www.lavisqteam.fr\/index.php?rest_route=\/wp\/v2\/types\/post"}],"author":[{"embeddable":true,"href":"https:\/\/www.lavisqteam.fr\/index.php?rest_route=\/wp\/v2\/users\/4"}],"replies":[{"embeddable":true,"href":"https:\/\/www.lavisqteam.fr\/index.php?rest_route=%2Fwp%2Fv2%2Fcomments&post=61548"}],"version-history":[{"count":1,"href":"https:\/\/www.lavisqteam.fr\/index.php?rest_route=\/wp\/v2\/posts\/61548\/revisions"}],"predecessor-version":[{"id":61553,"href":"https:\/\/www.lavisqteam.fr\/index.php?rest_route=\/wp\/v2\/posts\/61548\/revisions\/61553"}],"wp:featuredmedia":[{"embeddable":true,"href":"https:\/\/www.lavisqteam.fr\/index.php?rest_route=\/wp\/v2\/media\/61552"}],"wp:attachment":[{"href":"https:\/\/www.lavisqteam.fr\/index.php?rest_route=%2Fwp%2Fv2%2Fmedia&parent=61548"}],"wp:term":[{"taxonomy":"category","embeddable":true,"href":"https:\/\/www.lavisqteam.fr\/index.php?rest_route=%2Fwp%2Fv2%2Fcategories&post=61548"},{"taxonomy":"post_tag","embeddable":true,"href":"https:\/\/www.lavisqteam.fr\/index.php?rest_route=%2Fwp%2Fv2%2Ftags&post=61548"}],"curies":[{"name":"wp","href":"https:\/\/api.w.org\/{rel}","templated":true}]}}