{"id":60921,"date":"2021-12-29T18:07:36","date_gmt":"2021-12-29T18:07:36","guid":{"rendered":"https:\/\/www.lavisqteam.fr\/?p=60921"},"modified":"2021-12-29T18:07:39","modified_gmt":"2021-12-29T18:07:39","slug":"ragnarok-saison-1","status":"publish","type":"post","link":"https:\/\/www.lavisqteam.fr\/?p=60921","title":{"rendered":"Ragnar\u00f6k Saison 1"},"content":{"rendered":"\n<div class=\"wp-block-image\"><figure class=\"aligncenter size-large is-resized\"><a href=\"https:\/\/www.lavisqteam.fr\/wp-content\/uploads\/2021\/12\/266191804_526055601694807_7234652974841292367_n.jpg\"><img src=\"https:\/\/www.lavisqteam.fr\/wp-content\/uploads\/2021\/12\/266191804_526055601694807_7234652974841292367_n-692x1024.jpg\" alt=\"\" class=\"wp-image-60922\" width=\"600\" srcset=\"https:\/\/www.lavisqteam.fr\/wp-content\/uploads\/2021\/12\/266191804_526055601694807_7234652974841292367_n-692x1024.jpg 692w, https:\/\/www.lavisqteam.fr\/wp-content\/uploads\/2021\/12\/266191804_526055601694807_7234652974841292367_n-203x300.jpg 203w, https:\/\/www.lavisqteam.fr\/wp-content\/uploads\/2021\/12\/266191804_526055601694807_7234652974841292367_n-768x1137.jpg 768w, https:\/\/www.lavisqteam.fr\/wp-content\/uploads\/2021\/12\/266191804_526055601694807_7234652974841292367_n.jpg 1013w\" sizes=\"(max-width: 692px) 100vw, 692px\" \/><\/a><\/figure><\/div>\n\n\n\n<p><strong>D\u2019Apr\u00e8s une Id\u00e9e de&nbsp;: <\/strong>Adam Price<\/p>\n\n\n\n<p><strong>Avec <\/strong>David Stakston, Jonas Strand Gravli, Herman Tommeraas, Theresa Frostad Eggesbo<\/p>\n\n\n\n<p><strong>Pays&nbsp;: <\/strong>Norv\u00e8ge, Danemark<\/p>\n\n\n\n<p><strong>Nombre d\u2019Episodes&nbsp;: <\/strong>6<\/p>\n\n\n\n<p><strong>Genre&nbsp;: <\/strong>Fantastique<\/p>\n\n\n\n<p><strong>R\u00e9sum\u00e9&nbsp;:<\/strong><\/p>\n\n\n\n<p>Au c\u0153ur de la campagne norv\u00e9gienne, dans le lyc\u00e9e de la petite ville fictive d&rsquo;Edda, le drame de la vie moderne m\u00eal\u00e9e \u00e0 la mythologie nordique.<\/p>\n\n\n\n<p><strong>Avis&nbsp;:<\/strong><strong><\/strong><\/p>\n\n\n\n<p>Journaliste, producteur, sc\u00e9nariste et showrunner, <em>Adam Price<\/em> vient d&rsquo;une longue famille de cin\u00e9ma au Danemark. Fils d&rsquo;acteurs, <em>Adam Price<\/em> est venu au cin\u00e9ma, et plus particuli\u00e8rement \u00e0 la t\u00e9l\u00e9vision, dans les ann\u00e9es 90. Passant de petites s\u00e9ries en petites s\u00e9ries, <em>Adam Price<\/em> se fera r\u00e9ellement remarquer en 2010, lorsqu&rsquo;il propose la s\u00e9rie politique \u00ab\u00a0<strong>Borgen, une femme au pouvoir<\/strong>\u00ab\u00a0. La s\u00e9rie qui est showrunn\u00e9e par <em>Price<\/em> trouvera un tr\u00e8s joli succ\u00e8s et s&rsquo;imposera un peu partout en Europe. Depuis, <em>Adam Price<\/em> a sign\u00e9 aussi \u00ab\u00a0<strong>Au nom du p\u00e8re<\/strong>\u00ab\u00a0, qui trouva elle aussi son succ\u00e8s.<\/p>\n\n\n\n<p>De retour deux ans apr\u00e8s \u00ab\u00a0<strong>Au nom du p\u00e8re<\/strong>\u00ab\u00a0, <em>Adam Price<\/em> s&rsquo;invite sur Netflix pour y parler mythologie nordique avec \u00ab\u00a0<strong>Ragnar\u00f6k<\/strong>\u00ab\u00a0. Sur un format de six \u00e9pisodes d&rsquo;une cinquantaine de minutes, cette premi\u00e8re saison avait tout pour \u00eatre originale. Se passant au fin fond d&rsquo;un fjord en Norv\u00e8ge, oscillant entre mythologie et \u00e9cologie, \u00ab\u00a0<strong>Ragnar\u00f6k<\/strong>\u00a0\u00bb intriguait. Mais si au final, cette premi\u00e8re saison se laisse gentiment regarder, on ne peut pas dire non plus que ce soit incroyable. Commen\u00e7ant \u00e0 poser ses bases, d\u00e9veloppant petit \u00e0 petit sa mythologie, \u00ab\u00a0<strong>Ragnar\u00f6k<\/strong>\u00a0\u00bb a du mal \u00e0 convaincre, et se poserait presque comme un \u00ab\u00a0<strong>Twilight<\/strong>\u00a0\u00bb norv\u00e9gien. Un \u00ab\u00a0<strong>Twilight<\/strong>\u00a0\u00bb en mieux certes, mais un \u00ab\u00a0<strong>Twilight<\/strong>\u00a0\u00bb quand m\u00eame.<\/p>\n\n\n\n<div class=\"wp-block-image\"><figure class=\"aligncenter size-large is-resized\"><a href=\"https:\/\/www.lavisqteam.fr\/wp-content\/uploads\/2021\/12\/269815318_2414332938700765_3935683445641396314_n.jpg\"><img src=\"https:\/\/www.lavisqteam.fr\/wp-content\/uploads\/2021\/12\/269815318_2414332938700765_3935683445641396314_n-1024x576.jpg\" alt=\"\" class=\"wp-image-60924\" width=\"600\" srcset=\"https:\/\/www.lavisqteam.fr\/wp-content\/uploads\/2021\/12\/269815318_2414332938700765_3935683445641396314_n-1024x576.jpg 1024w, https:\/\/www.lavisqteam.fr\/wp-content\/uploads\/2021\/12\/269815318_2414332938700765_3935683445641396314_n-300x169.jpg 300w, https:\/\/www.lavisqteam.fr\/wp-content\/uploads\/2021\/12\/269815318_2414332938700765_3935683445641396314_n-768x432.jpg 768w, https:\/\/www.lavisqteam.fr\/wp-content\/uploads\/2021\/12\/269815318_2414332938700765_3935683445641396314_n-1536x864.jpg 1536w, https:\/\/www.lavisqteam.fr\/wp-content\/uploads\/2021\/12\/269815318_2414332938700765_3935683445641396314_n.jpg 1920w\" sizes=\"(max-width: 1024px) 100vw, 1024px\" \/><\/a><\/figure><\/div>\n\n\n\n<p>Magne, un adolescent comme un autre, emm\u00e9nage avec son fr\u00e8re et sa m\u00e8re dans la petite ville d&rsquo;Edda, au fin fond d&rsquo;un fjord quelque part en Norv\u00e8ge. Edda est une petite ville tranquille, o\u00f9 rien ne se passe vraiment. Tr\u00e8s vite, Magne sympathise avec Isolde, une jeune fille de sa classe que les autres rejettent. Entre temps, Magne d\u00e9couvre d&rsquo;\u00e9tranges sensations, ce qui lui donne des dons assez hors du commun&#8230;<\/p>\n\n\n\n<p>Ce soir-l\u00e0, j&rsquo;avais l&rsquo;envie de partir dans le nord. J&rsquo;avais envie de paysages, de froid et de fjords et cette s\u00e9rie d&rsquo;<em>Adam Price<\/em> me faisant de l&rsquo;\u0153il depuis un petit bout de temps. J&rsquo;avais la crainte de tomber dans un show adolescent qui serait lisse et pas forc\u00e9ment tr\u00e8s int\u00e9ressant, mais malgr\u00e9 \u00e7a, il y avait quelque chose qui me poussait \u00e0 me lancer et finalement, entre ce que j&rsquo;imaginais trouver et ce que la s\u00e9rie est, il n&rsquo;y a pas vraiment de diff\u00e9rence, si ce n&rsquo;est que malgr\u00e9 \u00e7a, la s\u00e9rie se laisse gentiment regarder. Certes, \u00e7a ne bousculera jamais nos \u00e9motions, et \u00e7a n&rsquo;entera certainement pas dans notre panth\u00e9on des s\u00e9ries qu&rsquo;on retiendra, mais sur l&rsquo;instant, malgr\u00e9 la foule de clich\u00e9s et le c\u00f4t\u00e9 \u00ab\u00a0<strong>Twilight<\/strong>\u00ab\u00a0, \u00ab\u00a0<strong>Ragnar\u00f6k<\/strong>\u00a0\u00bb se laisse regarder avec un petit int\u00e9r\u00eat.<\/p>\n\n\n\n<p>L&rsquo;\u00e9l\u00e9ment le plus sympa avec cette s\u00e9rie, c&rsquo;est l&rsquo;id\u00e9e de mettre dans notre \u00e9poque la mythologie nordique. Dieux et g\u00e9ants, amis, ennemis et autres complots, \u00e0 travers un adolescent qui se d\u00e9couvre \u00eatre Thor, il y a de quoi int\u00e9resser dans un sens. De mani\u00e8re g\u00e9n\u00e9rale, j&rsquo;appr\u00e9cie, je suis assez friand de parcours o\u00f9 des personnages sommes toutes lambda se d\u00e9couvrent hors normes et l\u00e0, on est pile dedans. De plus, la s\u00e9rie est plaisante par l&#8217;emprise que peut avoir une famille sur la petite ville. Une emprise qui am\u00e8ne des complots, des r\u00e9v\u00e9lations et de possibles trahisons. Bref, au travers de ces six premiers \u00e9pisodes, la s\u00e9rie d&rsquo;<em>Adam Price<\/em> nous donne de quoi nous int\u00e9resser.<\/p>\n\n\n\n<p>Mais d&rsquo;un autre c\u00f4t\u00e9, \u00ab\u00a0<strong>Ragnar\u00f6k<\/strong>\u00a0\u00bb est une s\u00e9rie qui va avoir du mal \u00e0 convaincre de par son c\u00f4t\u00e9 lyc\u00e9e et surtout par son c\u00f4t\u00e9 \u00ab\u00a0dissimul\u00e9\u00a0\u00bb pour s&rsquo;acclimater. Franchement, ces g\u00e9ants mill\u00e9naires dont une partie vont encore au lyc\u00e9e pour passer inaper\u00e7u et se fondre dans la foule, telle une famille normale&#8230; On a du mal \u00e0 y croire dans un premier temps, et dans un deuxi\u00e8me, on se demande pourquoi cette strat\u00e9gie, et dans un troisi\u00e8me temps, on se dit encore&#8230; Oui, des gens dans une petite ville peu accueillante au premier abord, et qui cache en son lyc\u00e9e dans gens peu ordinaires et mill\u00e9naires. Des gens qui bient\u00f4t vont se retrouver \u00e0 s&rsquo;affronter&#8230; Moi, j&rsquo;ai envie de dire \u00ab\u00a0<strong>Twilight<\/strong>\u00a0\u00bb !<\/p>\n\n\n\n<p>Apr\u00e8s, malgr\u00e9 \u00e7a, malgr\u00e9 l&rsquo;histoire qui met du temps \u00e0 se mettre en place, malgr\u00e9 les clich\u00e9s et les facilit\u00e9s des ficelles sc\u00e9naristiques, la s\u00e9rie a ce petit truc qui fait qu&rsquo;on a envie de savoir jusqu&rsquo;o\u00f9 elle va nous emmener, ce qui montre dans un sens qu&rsquo;elle fonctionne \u00e0 sa petite \u00e9chelle.<\/p>\n\n\n\n<p>Puis elle fonctionne aussi gr\u00e2ce \u00e0 sa r\u00e9alisation, qui est plut\u00f4t soign\u00e9e. La s\u00e9rie est plut\u00f4t jolie, les \u00e9pisodes s&rsquo;encha\u00eenent assez vite et l&rsquo;on se pla\u00eet \u00e0 \u00eatre d\u00e9pays\u00e9, avec de grands espaces, ce fjord, ces paysages, et puis la culture nordique que la s\u00e9rie approche. On lui reprochera par contre un petit c\u00f4t\u00e9 kistchouille, et des effets sp\u00e9ciaux pas vraiment convaincants. La s\u00e9rie n&rsquo;a pas un budget de dingue non plus, et ce n&rsquo;est qu&rsquo;une premi\u00e8re saison, alors peut-\u00eatre qu\u2019avec le succ\u00e8s, les saisons suivantes gagneront de ce c\u00f4t\u00e9-l\u00e0.<\/p>\n\n\n\n<p>Enfin, du c\u00f4t\u00e9 de son casting, on y trouve de tout, et au-del\u00e0 de \u00e7a, finalement, on ne sait pas vraiment quoi en penser. Les com\u00e9diens sont assez moyens, et les personnages peuvent \u00eatre aussi attachants qu&rsquo;aga\u00e7ants et surtout tr\u00e8s clich\u00e9s. Notons toutefois <em>David Stakston<\/em> dans le r\u00f4le de Magne qui fait bien le taf. Que son fr\u00e8re jou\u00e9 par <em>Jonas Strand Gravliest<\/em> excellent et du c\u00f4t\u00e9 des m\u00e9chants, <em>G\u00edsli \u00d6rn Gar\u00f0arsson<\/em>, m\u00eame s\u2019il en fait un peu trop, a parfaitement la gueule de l&#8217;emploi.<\/p>\n\n\n\n<div class=\"wp-block-image\"><figure class=\"aligncenter size-large is-resized\"><a href=\"https:\/\/www.lavisqteam.fr\/wp-content\/uploads\/2021\/12\/269832633_258805776190661_8062581345684801840_n.jpg\"><img src=\"https:\/\/www.lavisqteam.fr\/wp-content\/uploads\/2021\/12\/269832633_258805776190661_8062581345684801840_n-1024x499.jpg\" alt=\"\" class=\"wp-image-60923\" width=\"600\" srcset=\"https:\/\/www.lavisqteam.fr\/wp-content\/uploads\/2021\/12\/269832633_258805776190661_8062581345684801840_n-1024x499.jpg 1024w, https:\/\/www.lavisqteam.fr\/wp-content\/uploads\/2021\/12\/269832633_258805776190661_8062581345684801840_n-300x146.jpg 300w, https:\/\/www.lavisqteam.fr\/wp-content\/uploads\/2021\/12\/269832633_258805776190661_8062581345684801840_n-768x374.jpg 768w, https:\/\/www.lavisqteam.fr\/wp-content\/uploads\/2021\/12\/269832633_258805776190661_8062581345684801840_n-1536x749.jpg 1536w, https:\/\/www.lavisqteam.fr\/wp-content\/uploads\/2021\/12\/269832633_258805776190661_8062581345684801840_n.jpg 1600w\" sizes=\"(max-width: 1024px) 100vw, 1024px\" \/><\/a><\/figure><\/div>\n\n\n\n<p>Entre bon et pas terrible, entre clich\u00e9, facilit\u00e9 et int\u00e9r\u00eat, entre mythologique moderne et \u00e9cologie, cette premi\u00e8re saison de \u00ab\u00a0<strong>Ragnar\u00f6k<\/strong>\u00a0\u00bb est loin d&rsquo;\u00eatre incroyable ou fameuse, mais elle se laisse regarder au final avec un petit int\u00e9r\u00eat. <em>Adam Price<\/em> n&rsquo;est pas au meilleur de sa forme, apr\u00e8s, c&rsquo;est une premi\u00e8re saison et hors le c\u00f4t\u00e9 \u00ab\u00a0<strong>Twilight<\/strong>\u00a0\u00bb qui est le plus d\u00e9cevant, le moins convaincant de la s\u00e9rie, on reste plut\u00f4t curieux d&rsquo;une suite.<\/p>\n\n\n\n<p><strong>Note\u00a0: 11\/20<\/strong><\/p>\n\n\n\n<figure class=\"wp-block-embed is-type-video is-provider-youtube wp-block-embed-youtube wp-embed-aspect-16-9 wp-has-aspect-ratio\"><div class=\"wp-block-embed__wrapper\">\n<iframe loading=\"lazy\" title=\"Ragnarok | Official Trailer | Netflix\" width=\"1200\" height=\"675\" src=\"https:\/\/www.youtube.com\/embed\/7H9AaiBLHCo?feature=oembed\" frameborder=\"0\" allow=\"accelerometer; autoplay; clipboard-write; encrypted-media; gyroscope; picture-in-picture\" allowfullscreen><\/iframe>\n<\/div><\/figure>\n\n\n\n<p class=\"has-text-align-right\">Par <strong>Cin\u00e9ted<\/strong><\/p>\n","protected":false},"excerpt":{"rendered":"<p>D\u2019Apr\u00e8s une Id\u00e9e de&nbsp;: Adam Price Avec David Stakston, Jonas Strand Gravli, Herman Tommeraas, Theresa Frostad Eggesbo Pays&nbsp;: Norv\u00e8ge, Danemark Nombre d\u2019Episodes&nbsp;: 6 Genre&nbsp;: Fantastique &hellip; <\/p>\n","protected":false},"author":4,"featured_media":60925,"comment_status":"open","ping_status":"open","sticky":false,"template":"","format":"standard","meta":[],"categories":[13],"tags":[],"yoast_head":"<!-- This site is optimized with the Yoast SEO plugin v19.6.1 - https:\/\/yoast.com\/wordpress\/plugins\/seo\/ -->\n<title>Ragnar\u00f6k Saison 1 - Lavisqteam.fr<\/title>\n<meta name=\"robots\" content=\"index, follow, max-snippet:-1, max-image-preview:large, max-video-preview:-1\" \/>\n<link rel=\"canonical\" href=\"https:\/\/www.lavisqteam.fr\/?p=60921\" \/>\n<meta property=\"og:locale\" content=\"fr_FR\" \/>\n<meta property=\"og:type\" content=\"article\" \/>\n<meta property=\"og:title\" content=\"Ragnar\u00f6k Saison 1 - Lavisqteam.fr\" \/>\n<meta property=\"og:description\" content=\"D\u2019Apr\u00e8s une Id\u00e9e de&nbsp;: Adam Price Avec David Stakston, Jonas Strand Gravli, Herman Tommeraas, Theresa Frostad Eggesbo Pays&nbsp;: Norv\u00e8ge, Danemark Nombre d\u2019Episodes&nbsp;: 6 Genre&nbsp;: Fantastique &hellip;\" \/>\n<meta property=\"og:url\" content=\"https:\/\/www.lavisqteam.fr\/?p=60921\" \/>\n<meta property=\"og:site_name\" content=\"Lavisqteam.fr\" \/>\n<meta property=\"article:published_time\" content=\"2021-12-29T18:07:36+00:00\" \/>\n<meta property=\"article:modified_time\" content=\"2021-12-29T18:07:39+00:00\" \/>\n<meta property=\"og:image\" content=\"https:\/\/www.lavisqteam.fr\/wp-content\/uploads\/2021\/12\/ragn.jpg\" \/>\n\t<meta property=\"og:image:width\" content=\"727\" \/>\n\t<meta property=\"og:image:height\" content=\"395\" \/>\n\t<meta property=\"og:image:type\" content=\"image\/jpeg\" \/>\n<meta name=\"author\" content=\"Cineted\" \/>\n<meta name=\"twitter:card\" content=\"summary_large_image\" \/>\n<meta name=\"twitter:image\" content=\"https:\/\/www.lavisqteam.fr\/wp-content\/uploads\/2021\/12\/ragn.jpg\" \/>\n<meta name=\"twitter:label1\" content=\"\u00c9crit par\" \/>\n\t<meta name=\"twitter:data1\" content=\"Cineted\" \/>\n\t<meta name=\"twitter:label2\" content=\"Dur\u00e9e de lecture estim\u00e9e\" \/>\n\t<meta name=\"twitter:data2\" content=\"6 minutes\" \/>\n<script type=\"application\/ld+json\" class=\"yoast-schema-graph\">{\"@context\":\"https:\/\/schema.org\",\"@graph\":[{\"@type\":\"Article\",\"@id\":\"https:\/\/www.lavisqteam.fr\/?p=60921#article\",\"isPartOf\":{\"@id\":\"https:\/\/www.lavisqteam.fr\/?p=60921\"},\"author\":{\"name\":\"Cineted\",\"@id\":\"https:\/\/www.lavisqteam.fr\/#\/schema\/person\/4ed7295b68bc3daae9094db5f1f9f913\"},\"headline\":\"Ragnar\u00f6k Saison 1\",\"datePublished\":\"2021-12-29T18:07:36+00:00\",\"dateModified\":\"2021-12-29T18:07:39+00:00\",\"mainEntityOfPage\":{\"@id\":\"https:\/\/www.lavisqteam.fr\/?p=60921\"},\"wordCount\":1152,\"commentCount\":0,\"publisher\":{\"@id\":\"https:\/\/www.lavisqteam.fr\/#organization\"},\"articleSection\":[\"S\u00e9rie\"],\"inLanguage\":\"fr-FR\",\"potentialAction\":[{\"@type\":\"CommentAction\",\"name\":\"Comment\",\"target\":[\"https:\/\/www.lavisqteam.fr\/?p=60921#respond\"]}]},{\"@type\":\"WebPage\",\"@id\":\"https:\/\/www.lavisqteam.fr\/?p=60921\",\"url\":\"https:\/\/www.lavisqteam.fr\/?p=60921\",\"name\":\"Ragnar\u00f6k Saison 1 - Lavisqteam.fr\",\"isPartOf\":{\"@id\":\"https:\/\/www.lavisqteam.fr\/#website\"},\"datePublished\":\"2021-12-29T18:07:36+00:00\",\"dateModified\":\"2021-12-29T18:07:39+00:00\",\"breadcrumb\":{\"@id\":\"https:\/\/www.lavisqteam.fr\/?p=60921#breadcrumb\"},\"inLanguage\":\"fr-FR\",\"potentialAction\":[{\"@type\":\"ReadAction\",\"target\":[\"https:\/\/www.lavisqteam.fr\/?p=60921\"]}]},{\"@type\":\"BreadcrumbList\",\"@id\":\"https:\/\/www.lavisqteam.fr\/?p=60921#breadcrumb\",\"itemListElement\":[{\"@type\":\"ListItem\",\"position\":1,\"name\":\"Accueil\",\"item\":\"https:\/\/www.lavisqteam.fr\/\"},{\"@type\":\"ListItem\",\"position\":2,\"name\":\"Ragnar\u00f6k Saison 1\"}]},{\"@type\":\"WebSite\",\"@id\":\"https:\/\/www.lavisqteam.fr\/#website\",\"url\":\"https:\/\/www.lavisqteam.fr\/\",\"name\":\"Lavisqteam.fr\",\"description\":\"\",\"publisher\":{\"@id\":\"https:\/\/www.lavisqteam.fr\/#organization\"},\"potentialAction\":[{\"@type\":\"SearchAction\",\"target\":{\"@type\":\"EntryPoint\",\"urlTemplate\":\"https:\/\/www.lavisqteam.fr\/?s={search_term_string}\"},\"query-input\":\"required name=search_term_string\"}],\"inLanguage\":\"fr-FR\"},{\"@type\":\"Organization\",\"@id\":\"https:\/\/www.lavisqteam.fr\/#organization\",\"name\":\"Lavisqteam.fr\",\"url\":\"https:\/\/www.lavisqteam.fr\/\",\"sameAs\":[],\"logo\":{\"@type\":\"ImageObject\",\"inLanguage\":\"fr-FR\",\"@id\":\"https:\/\/www.lavisqteam.fr\/#\/schema\/logo\/image\/\",\"url\":\"https:\/\/www.lavisqteam.fr\/wp-content\/uploads\/2020\/08\/cropped-80879545_3479261675449035_4078032831501041664_o-4.jpg\",\"contentUrl\":\"https:\/\/www.lavisqteam.fr\/wp-content\/uploads\/2020\/08\/cropped-80879545_3479261675449035_4078032831501041664_o-4.jpg\",\"width\":1674,\"height\":536,\"caption\":\"Lavisqteam.fr\"},\"image\":{\"@id\":\"https:\/\/www.lavisqteam.fr\/#\/schema\/logo\/image\/\"}},{\"@type\":\"Person\",\"@id\":\"https:\/\/www.lavisqteam.fr\/#\/schema\/person\/4ed7295b68bc3daae9094db5f1f9f913\",\"name\":\"Cineted\",\"image\":{\"@type\":\"ImageObject\",\"inLanguage\":\"fr-FR\",\"@id\":\"https:\/\/www.lavisqteam.fr\/#\/schema\/person\/image\/\",\"url\":\"https:\/\/secure.gravatar.com\/avatar\/2d66d0012368c91013200ba69885bddd?s=96&d=mm&r=g\",\"contentUrl\":\"https:\/\/secure.gravatar.com\/avatar\/2d66d0012368c91013200ba69885bddd?s=96&d=mm&r=g\",\"caption\":\"Cineted\"},\"url\":\"https:\/\/www.lavisqteam.fr\/?author=4\"}]}<\/script>\n<!-- \/ Yoast SEO plugin. -->","yoast_head_json":{"title":"Ragnar\u00f6k Saison 1 - Lavisqteam.fr","robots":{"index":"index","follow":"follow","max-snippet":"max-snippet:-1","max-image-preview":"max-image-preview:large","max-video-preview":"max-video-preview:-1"},"canonical":"https:\/\/www.lavisqteam.fr\/?p=60921","og_locale":"fr_FR","og_type":"article","og_title":"Ragnar\u00f6k Saison 1 - Lavisqteam.fr","og_description":"D\u2019Apr\u00e8s une Id\u00e9e de&nbsp;: Adam Price Avec David Stakston, Jonas Strand Gravli, Herman Tommeraas, Theresa Frostad Eggesbo Pays&nbsp;: Norv\u00e8ge, Danemark Nombre d\u2019Episodes&nbsp;: 6 Genre&nbsp;: Fantastique &hellip;","og_url":"https:\/\/www.lavisqteam.fr\/?p=60921","og_site_name":"Lavisqteam.fr","article_published_time":"2021-12-29T18:07:36+00:00","article_modified_time":"2021-12-29T18:07:39+00:00","og_image":[{"width":727,"height":395,"url":"https:\/\/www.lavisqteam.fr\/wp-content\/uploads\/2021\/12\/ragn.jpg","type":"image\/jpeg"}],"author":"Cineted","twitter_card":"summary_large_image","twitter_image":"https:\/\/www.lavisqteam.fr\/wp-content\/uploads\/2021\/12\/ragn.jpg","twitter_misc":{"\u00c9crit par":"Cineted","Dur\u00e9e de lecture estim\u00e9e":"6 minutes"},"schema":{"@context":"https:\/\/schema.org","@graph":[{"@type":"Article","@id":"https:\/\/www.lavisqteam.fr\/?p=60921#article","isPartOf":{"@id":"https:\/\/www.lavisqteam.fr\/?p=60921"},"author":{"name":"Cineted","@id":"https:\/\/www.lavisqteam.fr\/#\/schema\/person\/4ed7295b68bc3daae9094db5f1f9f913"},"headline":"Ragnar\u00f6k Saison 1","datePublished":"2021-12-29T18:07:36+00:00","dateModified":"2021-12-29T18:07:39+00:00","mainEntityOfPage":{"@id":"https:\/\/www.lavisqteam.fr\/?p=60921"},"wordCount":1152,"commentCount":0,"publisher":{"@id":"https:\/\/www.lavisqteam.fr\/#organization"},"articleSection":["S\u00e9rie"],"inLanguage":"fr-FR","potentialAction":[{"@type":"CommentAction","name":"Comment","target":["https:\/\/www.lavisqteam.fr\/?p=60921#respond"]}]},{"@type":"WebPage","@id":"https:\/\/www.lavisqteam.fr\/?p=60921","url":"https:\/\/www.lavisqteam.fr\/?p=60921","name":"Ragnar\u00f6k Saison 1 - Lavisqteam.fr","isPartOf":{"@id":"https:\/\/www.lavisqteam.fr\/#website"},"datePublished":"2021-12-29T18:07:36+00:00","dateModified":"2021-12-29T18:07:39+00:00","breadcrumb":{"@id":"https:\/\/www.lavisqteam.fr\/?p=60921#breadcrumb"},"inLanguage":"fr-FR","potentialAction":[{"@type":"ReadAction","target":["https:\/\/www.lavisqteam.fr\/?p=60921"]}]},{"@type":"BreadcrumbList","@id":"https:\/\/www.lavisqteam.fr\/?p=60921#breadcrumb","itemListElement":[{"@type":"ListItem","position":1,"name":"Accueil","item":"https:\/\/www.lavisqteam.fr\/"},{"@type":"ListItem","position":2,"name":"Ragnar\u00f6k Saison 1"}]},{"@type":"WebSite","@id":"https:\/\/www.lavisqteam.fr\/#website","url":"https:\/\/www.lavisqteam.fr\/","name":"Lavisqteam.fr","description":"","publisher":{"@id":"https:\/\/www.lavisqteam.fr\/#organization"},"potentialAction":[{"@type":"SearchAction","target":{"@type":"EntryPoint","urlTemplate":"https:\/\/www.lavisqteam.fr\/?s={search_term_string}"},"query-input":"required name=search_term_string"}],"inLanguage":"fr-FR"},{"@type":"Organization","@id":"https:\/\/www.lavisqteam.fr\/#organization","name":"Lavisqteam.fr","url":"https:\/\/www.lavisqteam.fr\/","sameAs":[],"logo":{"@type":"ImageObject","inLanguage":"fr-FR","@id":"https:\/\/www.lavisqteam.fr\/#\/schema\/logo\/image\/","url":"https:\/\/www.lavisqteam.fr\/wp-content\/uploads\/2020\/08\/cropped-80879545_3479261675449035_4078032831501041664_o-4.jpg","contentUrl":"https:\/\/www.lavisqteam.fr\/wp-content\/uploads\/2020\/08\/cropped-80879545_3479261675449035_4078032831501041664_o-4.jpg","width":1674,"height":536,"caption":"Lavisqteam.fr"},"image":{"@id":"https:\/\/www.lavisqteam.fr\/#\/schema\/logo\/image\/"}},{"@type":"Person","@id":"https:\/\/www.lavisqteam.fr\/#\/schema\/person\/4ed7295b68bc3daae9094db5f1f9f913","name":"Cineted","image":{"@type":"ImageObject","inLanguage":"fr-FR","@id":"https:\/\/www.lavisqteam.fr\/#\/schema\/person\/image\/","url":"https:\/\/secure.gravatar.com\/avatar\/2d66d0012368c91013200ba69885bddd?s=96&d=mm&r=g","contentUrl":"https:\/\/secure.gravatar.com\/avatar\/2d66d0012368c91013200ba69885bddd?s=96&d=mm&r=g","caption":"Cineted"},"url":"https:\/\/www.lavisqteam.fr\/?author=4"}]}},"jetpack_featured_media_url":"https:\/\/www.lavisqteam.fr\/wp-content\/uploads\/2021\/12\/ragn.jpg","_links":{"self":[{"href":"https:\/\/www.lavisqteam.fr\/index.php?rest_route=\/wp\/v2\/posts\/60921"}],"collection":[{"href":"https:\/\/www.lavisqteam.fr\/index.php?rest_route=\/wp\/v2\/posts"}],"about":[{"href":"https:\/\/www.lavisqteam.fr\/index.php?rest_route=\/wp\/v2\/types\/post"}],"author":[{"embeddable":true,"href":"https:\/\/www.lavisqteam.fr\/index.php?rest_route=\/wp\/v2\/users\/4"}],"replies":[{"embeddable":true,"href":"https:\/\/www.lavisqteam.fr\/index.php?rest_route=%2Fwp%2Fv2%2Fcomments&post=60921"}],"version-history":[{"count":1,"href":"https:\/\/www.lavisqteam.fr\/index.php?rest_route=\/wp\/v2\/posts\/60921\/revisions"}],"predecessor-version":[{"id":60926,"href":"https:\/\/www.lavisqteam.fr\/index.php?rest_route=\/wp\/v2\/posts\/60921\/revisions\/60926"}],"wp:featuredmedia":[{"embeddable":true,"href":"https:\/\/www.lavisqteam.fr\/index.php?rest_route=\/wp\/v2\/media\/60925"}],"wp:attachment":[{"href":"https:\/\/www.lavisqteam.fr\/index.php?rest_route=%2Fwp%2Fv2%2Fmedia&parent=60921"}],"wp:term":[{"taxonomy":"category","embeddable":true,"href":"https:\/\/www.lavisqteam.fr\/index.php?rest_route=%2Fwp%2Fv2%2Fcategories&post=60921"},{"taxonomy":"post_tag","embeddable":true,"href":"https:\/\/www.lavisqteam.fr\/index.php?rest_route=%2Fwp%2Fv2%2Ftags&post=60921"}],"curies":[{"name":"wp","href":"https:\/\/api.w.org\/{rel}","templated":true}]}}