{"id":59005,"date":"2021-10-26T09:45:34","date_gmt":"2021-10-26T09:45:34","guid":{"rendered":"https:\/\/www.lavisqteam.fr\/?p=59005"},"modified":"2021-10-26T09:45:36","modified_gmt":"2021-10-26T09:45:36","slug":"le-passage-du-rhin","status":"publish","type":"post","link":"https:\/\/www.lavisqteam.fr\/?p=59005","title":{"rendered":"Le Passage du Rhin"},"content":{"rendered":"\n<div class=\"wp-block-image\"><figure class=\"aligncenter size-full is-resized\"><a href=\"https:\/\/www.lavisqteam.fr\/wp-content\/uploads\/2021\/10\/240423406_540740186981368_270335369306108320_n.jpg\"><img src=\"https:\/\/www.lavisqteam.fr\/wp-content\/uploads\/2021\/10\/240423406_540740186981368_270335369306108320_n.jpg\" alt=\"\" class=\"wp-image-59006\" width=\"600\" srcset=\"https:\/\/www.lavisqteam.fr\/wp-content\/uploads\/2021\/10\/240423406_540740186981368_270335369306108320_n.jpg 780w, https:\/\/www.lavisqteam.fr\/wp-content\/uploads\/2021\/10\/240423406_540740186981368_270335369306108320_n-229x300.jpg 229w, https:\/\/www.lavisqteam.fr\/wp-content\/uploads\/2021\/10\/240423406_540740186981368_270335369306108320_n-768x1007.jpg 768w\" sizes=\"(max-width: 780px) 100vw, 780px\" \/><\/a><\/figure><\/div>\n\n\n\n<p><strong>De&nbsp;: <\/strong>Andr\u00e9 Cayatte<\/p>\n\n\n\n<p><strong>Avec <\/strong>Charles Aznavour, Georges Rivi\u00e8re, Nicole Courcel, Lotte Ledl<\/p>\n\n\n\n<p><strong>Ann\u00e9e&nbsp;: <\/strong>1960<\/p>\n\n\n\n<p><strong>Pays&nbsp;: <\/strong>France, Italie, Allemagne<\/p>\n\n\n\n<p><strong>Genre&nbsp;: <\/strong>Guerre<\/p>\n\n\n\n<p><strong>R\u00e9sum\u00e9&nbsp;:<\/strong><\/p>\n\n\n\n<p>Pendant la guerre, deux prisonniers fran\u00e7ais sont envoy\u00e9s comme travailleurs agricoles dans un village allemand. &nbsp;<\/p>\n\n\n\n<p><strong>Avis&nbsp;:<\/strong><\/p>\n\n\n\n<p><em>Andr\u00e9 Cayatte<\/em>, ancien avocat reconverti en r\u00e9alisateur, a pass\u00e9 le d\u00e9but de la d\u00e9cennie des ann\u00e9es 50 \u00e0 r\u00e9aliser des films qui tournaient autour de la justice, afin d&rsquo;y d\u00e9noncer les proc\u00e9dures, le manque d&rsquo;organisation, l&rsquo;orgueil ou encore la peine de mort. <em>Andr\u00e9 Cayatte<\/em> s&rsquo;est tr\u00e8s vite fait un nom et il fut m\u00eame nomm\u00e9 dans les quinze r\u00e9alisateurs \u00e0 suivre de cette p\u00e9riode-l\u00e0. Apr\u00e8s avoir trait\u00e9 de la justice, pour la deuxi\u00e8me partie de la d\u00e9cennie, le metteur en sc\u00e8ne s&rsquo;en est all\u00e9 vers d&rsquo;autres sujets, comme l&rsquo;amour, le couple, la chirurgie esth\u00e9tique ou encore le sentiment de \u00ab\u00a0redevabilit\u00e9\u00a0\u00bb envers un autre apr\u00e8s une erreur.<\/p>\n\n\n\n<p>Avec son envie de toucher \u00e0 tout, <em>Andr\u00e9 Cayatte<\/em> se lance donc dans un nouveau d\u00e9fi pour commencer les sixties. Pour cela, il va cette fois-ci aborder la Seconde Guerre mondiale, et plus pr\u00e9cis\u00e9ment, il va dresser le portrait de deux personnages qui voient de mani\u00e8re tr\u00e8s diff\u00e9rente la guerre. Il en r\u00e9sulte un film qui lance un regard tr\u00e8s int\u00e9ressant, puisque \u00ab\u00a0<strong>Le passage du Rhin<\/strong>\u00a0\u00bb se pose comme un film de guerre tr\u00e8s diff\u00e9rent de ce que l&rsquo;on a l&rsquo;habitude de voir. Racontant avant, pendant et apr\u00e8s la guerre, le r\u00e9alisateur nous livre deux trajectoires diam\u00e9tralement oppos\u00e9es et si l&rsquo;une est passionnante, la deuxi\u00e8me va l&rsquo;\u00eatre un peu moins, ce qui fait que ce \u00ab\u00a0&#8230; <strong>passage du Rhin<\/strong>\u00ab\u00a0, arrive \u00e0 se faire aussi int\u00e9ressant que quelque peu d\u00e9cevant de l&rsquo;autre c\u00f4t\u00e9.<\/p>\n\n\n\n<div class=\"wp-block-image\"><figure class=\"aligncenter size-large is-resized\"><a href=\"https:\/\/www.lavisqteam.fr\/wp-content\/uploads\/2021\/10\/237234999_216559630448666_3972587127020743381_n.jpg\"><img src=\"https:\/\/www.lavisqteam.fr\/wp-content\/uploads\/2021\/10\/237234999_216559630448666_3972587127020743381_n-1024x576.jpg\" alt=\"\" class=\"wp-image-59008\" width=\"600\" srcset=\"https:\/\/www.lavisqteam.fr\/wp-content\/uploads\/2021\/10\/237234999_216559630448666_3972587127020743381_n-1024x576.jpg 1024w, https:\/\/www.lavisqteam.fr\/wp-content\/uploads\/2021\/10\/237234999_216559630448666_3972587127020743381_n-300x169.jpg 300w, https:\/\/www.lavisqteam.fr\/wp-content\/uploads\/2021\/10\/237234999_216559630448666_3972587127020743381_n-768x432.jpg 768w, https:\/\/www.lavisqteam.fr\/wp-content\/uploads\/2021\/10\/237234999_216559630448666_3972587127020743381_n.jpg 1280w\" sizes=\"(max-width: 1024px) 100vw, 1024px\" \/><\/a><\/figure><\/div>\n\n\n\n<p>Jean est journaliste et engag\u00e9. Quand en 1939 Hitler envahit la Pologne, provoquant la seconde guerre, Jean n&rsquo;h\u00e9site pas une seconde et s&rsquo;engage pour se battre. Roger, lui, est boulanger. Mari\u00e9, il n&rsquo;appr\u00e9cie pas plus que \u00e7a sa vie. On peut m\u00eame dire que les \u00e9v\u00e9nements glissent sur lui. Roger s&rsquo;engage dans l&rsquo;arm\u00e9e presque de force. Les deux hommes vont alors \u00eatre faits prisonniers et ils vont \u00eatre envoy\u00e9s dans un village en Allemagne afin, avec d&rsquo;autres prisonniers, d&rsquo;aider aux taches du village. Si Jean ne va avoir qu&rsquo;une id\u00e9e en t\u00eate, c&rsquo;est de s&rsquo;\u00e9chapper, Roger, lui, a l&rsquo;air de se \u00ab\u00a0satisfaire\u00a0\u00bb de cette situation.<\/p>\n\n\n\n<p>La guerre vue par <em>Andr\u00e9 Cayatte<\/em>, forc\u00e9ment, apr\u00e8s avoir d\u00e9couvert des chefs-d&rsquo;\u0153uvre et de grands films, je me suis plong\u00e9 sans l&rsquo;ombre d&rsquo;une h\u00e9sitation dans ce \u00ab\u00a0&#8230; <strong>passage du Rhin<\/strong>\u00a0\u00bb et je dois dire que dans un sens, j&rsquo;en ressors ravi, et de l&rsquo;autre, j&rsquo;en ressors aussi avec quelques d\u00e9ceptions.<\/p>\n\n\n\n<p>La premi\u00e8re chose qui me vient en t\u00eate quand je pense \u00e0 ce film, c&rsquo;est l&rsquo;id\u00e9e de faire un film de guerre, mais sans la guerre justement. <em>Andr\u00e9 Cayatte<\/em> ne s&rsquo;int\u00e9resse pas aux champs de batailles, non, lui, ce qu&rsquo;il veut, c&rsquo;est peindre des portraits de personnages qui sont en train de vivre la guerre, mais une guerre autrement, et rien que pour cela, le film m&rsquo;a pris totalement. Ainsi, avec cette id\u00e9e, <em>Andr\u00e9 Cayatte,<\/em> au d\u00e9part, va donc nous pr\u00e9senter ses personnages. Deux personnages \u00e0 l\u2019oppos\u00e9 l&rsquo;un de l&rsquo;autre, que ce soit dans leur caract\u00e8re, leur milieu social ou encore leur vision de cette guerre. Montrer, peindre et suivre ces deux personnages va se r\u00e9v\u00e9ler \u00eatre passionnant, surtout que le sc\u00e9nario nous r\u00e9serve quelques \u00ab\u00a0surprises\u00a0\u00bb, car comme je le disais, \u00ab\u00a0<strong>Le passage du Rhin<\/strong>\u00a0\u00bb est tr\u00e8s loin des films de guerre qu&rsquo;on a l&rsquo;habitude de voir.<\/p>\n\n\n\n<p>Apr\u00e8s nous avoir pr\u00e9sent\u00e9 ses personnages, <em>Andr\u00e9 Cayatte<\/em> va nous plonger dans le quotidien d&rsquo;un petit village allemand qui est tr\u00e8s loin des champs de batailles. L\u00e0 encore, le metteur en sc\u00e8ne trouve de quoi int\u00e9resser, entre \u00ab\u00a0l&rsquo;accueil\u00a0\u00bb de ces prisonniers fran\u00e7ais au sein du village, la sorte de libert\u00e9 dont ils jouissent, et bien s\u00fbr, encore et toujours ces deux visions de la guerre entre Jean et Roger, l&rsquo;un ne pensant qu&rsquo;\u00e0 rentrer pour continuer le combat et l&rsquo;autre, qui donne l&rsquo;air de se satisfaire de cette situation, car finalement, ils ne sont pas si mal tomb\u00e9s que \u00e7a dans ce village.<\/p>\n\n\n\n<p>Mais comme je le disais, \u00ab\u00a0<strong>Le passage du Rhin<\/strong>\u00a0\u00bb est un film qui s&rsquo;est r\u00e9v\u00e9l\u00e9 \u00eatre aussi passionnant que quelque peu d\u00e9cevant et ces sentiments partag\u00e9s, on les trouve quand le film se scinde en deux, une fois que les personnages se s\u00e9parent. Si la partie qui suit <em>Charles Aznavour<\/em> est passionnante, subtile, belle, et m\u00eame tr\u00e8s \u00e9mouvante, notamment les derni\u00e8res sc\u00e8nes du personnage qui arrivera \u00e0 trouver sa place, la partie qui suit <em>Georges Rivi\u00e8re<\/em> est, elle, moins prenante. Si le personnage rencontre un dilemme, sa trajectoire et ses choix sont d\u00e9j\u00e0 vus et on peut dire qu&rsquo;on s&rsquo;ennuie quelque peu \u00e0 suivre son histoire, ce qui est dommage. C\u2019est d&rsquo;autant plus dommage que <em>Georges Rivi\u00e8re<\/em> est vraiment tr\u00e8s bon et les personnages, comme les acteurs, sont tous bons. Cependant, face \u00e0 la beaut\u00e9, la simplicit\u00e9, et m\u00eame l&rsquo;\u00e9motion que procure l&rsquo;histoire de Roger, celle de Jean finit par se faire assez fade.<\/p>\n\n\n\n<div class=\"wp-block-image\"><figure class=\"aligncenter size-large is-resized\"><a href=\"https:\/\/www.lavisqteam.fr\/wp-content\/uploads\/2021\/10\/239384045_150514733894410_6176681295342865770_n.jpg\"><img src=\"https:\/\/www.lavisqteam.fr\/wp-content\/uploads\/2021\/10\/239384045_150514733894410_6176681295342865770_n-1024x576.jpg\" alt=\"\" class=\"wp-image-59007\" width=\"600\" srcset=\"https:\/\/www.lavisqteam.fr\/wp-content\/uploads\/2021\/10\/239384045_150514733894410_6176681295342865770_n-1024x576.jpg 1024w, https:\/\/www.lavisqteam.fr\/wp-content\/uploads\/2021\/10\/239384045_150514733894410_6176681295342865770_n-300x169.jpg 300w, https:\/\/www.lavisqteam.fr\/wp-content\/uploads\/2021\/10\/239384045_150514733894410_6176681295342865770_n-768x432.jpg 768w, https:\/\/www.lavisqteam.fr\/wp-content\/uploads\/2021\/10\/239384045_150514733894410_6176681295342865770_n.jpg 1280w\" sizes=\"(max-width: 1024px) 100vw, 1024px\" \/><\/a><\/figure><\/div>\n\n\n\n<p>\u00ab\u00a0<strong>Le passage du Rhin<\/strong>\u00a0\u00bb se pose donc comme une petite d\u00e9ception certes, mais il reste aussi et surtout un bon film que j&rsquo;ai pris plaisir \u00e0 d\u00e9couvrir. <em>Andr\u00e9 Cayatte<\/em> livre l\u00e0 un film de guerre qui se centre sur deux personnages, et si les portraits sont in\u00e9gaux, ils demeurent n\u00e9anmoins int\u00e9ressants sur une grande partie de leur ligne, puis derri\u00e8re \u00e7a, derri\u00e8re eux, l&rsquo;id\u00e9e de montrer la guerre comme cela, c&rsquo;est vraiment inhabituel, et d&rsquo;autant plus int\u00e9ressant. \u00ab\u00a0<strong>Le passage du Rhin<\/strong>\u00a0\u00bb sonne alors comme le moins fort que j&rsquo;ai pu voir de son r\u00e9alisateur, et m\u00eame en \u00e9tant un petit cru, ce \u00ab\u00a0&#8230; <strong>passage du Rhin<\/strong>\u00a0\u00bb r\u00e9serve des merveilles, aussi bien dans son intrigue, ses portraits que dans sa mise en sc\u00e8ne qui tient des id\u00e9es de plan, de cadre et m\u00eame de tension, aussi belles que fortes. Bref, il \u00e9tait vraiment tr\u00e8s dou\u00e9 cet <em>Andr\u00e9 Cayatte<\/em>.<\/p>\n\n\n\n<p><strong>Note\u00a0: 13\/20<\/strong><\/p>\n\n\n\n<figure class=\"wp-block-embed is-type-video is-provider-youtube wp-block-embed-youtube wp-embed-aspect-16-9 wp-has-aspect-ratio\"><div class=\"wp-block-embed__wrapper\">\n<iframe loading=\"lazy\" title=\"Le Passage du Rhin (1960) Bande Annonce VF [HD]\" width=\"1200\" height=\"675\" src=\"https:\/\/www.youtube.com\/embed\/VA2T-_7ct9A?feature=oembed\" frameborder=\"0\" allow=\"accelerometer; autoplay; clipboard-write; encrypted-media; gyroscope; picture-in-picture\" allowfullscreen><\/iframe>\n<\/div><\/figure>\n\n\n\n<p class=\"has-text-align-right\">Par <strong>Cin\u00e9ted<\/strong><\/p>\n","protected":false},"excerpt":{"rendered":"<p>De&nbsp;: Andr\u00e9 Cayatte Avec Charles Aznavour, Georges Rivi\u00e8re, Nicole Courcel, Lotte Ledl Ann\u00e9e&nbsp;: 1960 Pays&nbsp;: France, Italie, Allemagne Genre&nbsp;: Guerre R\u00e9sum\u00e9&nbsp;: Pendant la guerre, deux &hellip; <\/p>\n","protected":false},"author":4,"featured_media":59009,"comment_status":"open","ping_status":"open","sticky":false,"template":"","format":"standard","meta":[],"categories":[7],"tags":[],"yoast_head":"<!-- This site is optimized with the Yoast SEO plugin v19.6.1 - https:\/\/yoast.com\/wordpress\/plugins\/seo\/ -->\n<title>Le Passage du Rhin - Lavisqteam.fr<\/title>\n<meta name=\"robots\" content=\"index, follow, max-snippet:-1, max-image-preview:large, max-video-preview:-1\" \/>\n<link rel=\"canonical\" href=\"https:\/\/www.lavisqteam.fr\/?p=59005\" \/>\n<meta property=\"og:locale\" content=\"fr_FR\" \/>\n<meta property=\"og:type\" content=\"article\" \/>\n<meta property=\"og:title\" content=\"Le Passage du Rhin - Lavisqteam.fr\" \/>\n<meta property=\"og:description\" content=\"De&nbsp;: Andr\u00e9 Cayatte Avec Charles Aznavour, Georges Rivi\u00e8re, Nicole Courcel, Lotte Ledl Ann\u00e9e&nbsp;: 1960 Pays&nbsp;: France, Italie, Allemagne Genre&nbsp;: Guerre R\u00e9sum\u00e9&nbsp;: Pendant la guerre, deux &hellip;\" \/>\n<meta property=\"og:url\" content=\"https:\/\/www.lavisqteam.fr\/?p=59005\" \/>\n<meta property=\"og:site_name\" content=\"Lavisqteam.fr\" \/>\n<meta property=\"article:published_time\" content=\"2021-10-26T09:45:34+00:00\" \/>\n<meta property=\"article:modified_time\" content=\"2021-10-26T09:45:36+00:00\" \/>\n<meta property=\"og:image\" content=\"https:\/\/www.lavisqteam.fr\/wp-content\/uploads\/2021\/10\/lepa.jpg\" \/>\n\t<meta property=\"og:image:width\" content=\"727\" \/>\n\t<meta property=\"og:image:height\" content=\"395\" \/>\n\t<meta property=\"og:image:type\" content=\"image\/jpeg\" \/>\n<meta name=\"author\" content=\"Cineted\" \/>\n<meta name=\"twitter:card\" content=\"summary_large_image\" \/>\n<meta name=\"twitter:image\" content=\"https:\/\/www.lavisqteam.fr\/wp-content\/uploads\/2021\/10\/lepa.jpg\" \/>\n<meta name=\"twitter:label1\" content=\"\u00c9crit par\" \/>\n\t<meta name=\"twitter:data1\" content=\"Cineted\" \/>\n\t<meta name=\"twitter:label2\" content=\"Dur\u00e9e de lecture estim\u00e9e\" \/>\n\t<meta name=\"twitter:data2\" content=\"5 minutes\" \/>\n<script type=\"application\/ld+json\" class=\"yoast-schema-graph\">{\"@context\":\"https:\/\/schema.org\",\"@graph\":[{\"@type\":\"Article\",\"@id\":\"https:\/\/www.lavisqteam.fr\/?p=59005#article\",\"isPartOf\":{\"@id\":\"https:\/\/www.lavisqteam.fr\/?p=59005\"},\"author\":{\"name\":\"Cineted\",\"@id\":\"https:\/\/www.lavisqteam.fr\/#\/schema\/person\/4ed7295b68bc3daae9094db5f1f9f913\"},\"headline\":\"Le Passage du Rhin\",\"datePublished\":\"2021-10-26T09:45:34+00:00\",\"dateModified\":\"2021-10-26T09:45:36+00:00\",\"mainEntityOfPage\":{\"@id\":\"https:\/\/www.lavisqteam.fr\/?p=59005\"},\"wordCount\":1101,\"commentCount\":0,\"publisher\":{\"@id\":\"https:\/\/www.lavisqteam.fr\/#organization\"},\"articleSection\":[\"Cin\u00e9ma\"],\"inLanguage\":\"fr-FR\",\"potentialAction\":[{\"@type\":\"CommentAction\",\"name\":\"Comment\",\"target\":[\"https:\/\/www.lavisqteam.fr\/?p=59005#respond\"]}]},{\"@type\":\"WebPage\",\"@id\":\"https:\/\/www.lavisqteam.fr\/?p=59005\",\"url\":\"https:\/\/www.lavisqteam.fr\/?p=59005\",\"name\":\"Le Passage du Rhin - Lavisqteam.fr\",\"isPartOf\":{\"@id\":\"https:\/\/www.lavisqteam.fr\/#website\"},\"datePublished\":\"2021-10-26T09:45:34+00:00\",\"dateModified\":\"2021-10-26T09:45:36+00:00\",\"breadcrumb\":{\"@id\":\"https:\/\/www.lavisqteam.fr\/?p=59005#breadcrumb\"},\"inLanguage\":\"fr-FR\",\"potentialAction\":[{\"@type\":\"ReadAction\",\"target\":[\"https:\/\/www.lavisqteam.fr\/?p=59005\"]}]},{\"@type\":\"BreadcrumbList\",\"@id\":\"https:\/\/www.lavisqteam.fr\/?p=59005#breadcrumb\",\"itemListElement\":[{\"@type\":\"ListItem\",\"position\":1,\"name\":\"Accueil\",\"item\":\"https:\/\/www.lavisqteam.fr\/\"},{\"@type\":\"ListItem\",\"position\":2,\"name\":\"Le Passage du Rhin\"}]},{\"@type\":\"WebSite\",\"@id\":\"https:\/\/www.lavisqteam.fr\/#website\",\"url\":\"https:\/\/www.lavisqteam.fr\/\",\"name\":\"Lavisqteam.fr\",\"description\":\"\",\"publisher\":{\"@id\":\"https:\/\/www.lavisqteam.fr\/#organization\"},\"potentialAction\":[{\"@type\":\"SearchAction\",\"target\":{\"@type\":\"EntryPoint\",\"urlTemplate\":\"https:\/\/www.lavisqteam.fr\/?s={search_term_string}\"},\"query-input\":\"required name=search_term_string\"}],\"inLanguage\":\"fr-FR\"},{\"@type\":\"Organization\",\"@id\":\"https:\/\/www.lavisqteam.fr\/#organization\",\"name\":\"Lavisqteam.fr\",\"url\":\"https:\/\/www.lavisqteam.fr\/\",\"sameAs\":[],\"logo\":{\"@type\":\"ImageObject\",\"inLanguage\":\"fr-FR\",\"@id\":\"https:\/\/www.lavisqteam.fr\/#\/schema\/logo\/image\/\",\"url\":\"https:\/\/www.lavisqteam.fr\/wp-content\/uploads\/2020\/08\/cropped-80879545_3479261675449035_4078032831501041664_o-4.jpg\",\"contentUrl\":\"https:\/\/www.lavisqteam.fr\/wp-content\/uploads\/2020\/08\/cropped-80879545_3479261675449035_4078032831501041664_o-4.jpg\",\"width\":1674,\"height\":536,\"caption\":\"Lavisqteam.fr\"},\"image\":{\"@id\":\"https:\/\/www.lavisqteam.fr\/#\/schema\/logo\/image\/\"}},{\"@type\":\"Person\",\"@id\":\"https:\/\/www.lavisqteam.fr\/#\/schema\/person\/4ed7295b68bc3daae9094db5f1f9f913\",\"name\":\"Cineted\",\"image\":{\"@type\":\"ImageObject\",\"inLanguage\":\"fr-FR\",\"@id\":\"https:\/\/www.lavisqteam.fr\/#\/schema\/person\/image\/\",\"url\":\"https:\/\/secure.gravatar.com\/avatar\/2d66d0012368c91013200ba69885bddd?s=96&d=mm&r=g\",\"contentUrl\":\"https:\/\/secure.gravatar.com\/avatar\/2d66d0012368c91013200ba69885bddd?s=96&d=mm&r=g\",\"caption\":\"Cineted\"},\"url\":\"https:\/\/www.lavisqteam.fr\/?author=4\"}]}<\/script>\n<!-- \/ Yoast SEO plugin. -->","yoast_head_json":{"title":"Le Passage du Rhin - Lavisqteam.fr","robots":{"index":"index","follow":"follow","max-snippet":"max-snippet:-1","max-image-preview":"max-image-preview:large","max-video-preview":"max-video-preview:-1"},"canonical":"https:\/\/www.lavisqteam.fr\/?p=59005","og_locale":"fr_FR","og_type":"article","og_title":"Le Passage du Rhin - Lavisqteam.fr","og_description":"De&nbsp;: Andr\u00e9 Cayatte Avec Charles Aznavour, Georges Rivi\u00e8re, Nicole Courcel, Lotte Ledl Ann\u00e9e&nbsp;: 1960 Pays&nbsp;: France, Italie, Allemagne Genre&nbsp;: Guerre R\u00e9sum\u00e9&nbsp;: Pendant la guerre, deux &hellip;","og_url":"https:\/\/www.lavisqteam.fr\/?p=59005","og_site_name":"Lavisqteam.fr","article_published_time":"2021-10-26T09:45:34+00:00","article_modified_time":"2021-10-26T09:45:36+00:00","og_image":[{"width":727,"height":395,"url":"https:\/\/www.lavisqteam.fr\/wp-content\/uploads\/2021\/10\/lepa.jpg","type":"image\/jpeg"}],"author":"Cineted","twitter_card":"summary_large_image","twitter_image":"https:\/\/www.lavisqteam.fr\/wp-content\/uploads\/2021\/10\/lepa.jpg","twitter_misc":{"\u00c9crit par":"Cineted","Dur\u00e9e de lecture estim\u00e9e":"5 minutes"},"schema":{"@context":"https:\/\/schema.org","@graph":[{"@type":"Article","@id":"https:\/\/www.lavisqteam.fr\/?p=59005#article","isPartOf":{"@id":"https:\/\/www.lavisqteam.fr\/?p=59005"},"author":{"name":"Cineted","@id":"https:\/\/www.lavisqteam.fr\/#\/schema\/person\/4ed7295b68bc3daae9094db5f1f9f913"},"headline":"Le Passage du Rhin","datePublished":"2021-10-26T09:45:34+00:00","dateModified":"2021-10-26T09:45:36+00:00","mainEntityOfPage":{"@id":"https:\/\/www.lavisqteam.fr\/?p=59005"},"wordCount":1101,"commentCount":0,"publisher":{"@id":"https:\/\/www.lavisqteam.fr\/#organization"},"articleSection":["Cin\u00e9ma"],"inLanguage":"fr-FR","potentialAction":[{"@type":"CommentAction","name":"Comment","target":["https:\/\/www.lavisqteam.fr\/?p=59005#respond"]}]},{"@type":"WebPage","@id":"https:\/\/www.lavisqteam.fr\/?p=59005","url":"https:\/\/www.lavisqteam.fr\/?p=59005","name":"Le Passage du Rhin - Lavisqteam.fr","isPartOf":{"@id":"https:\/\/www.lavisqteam.fr\/#website"},"datePublished":"2021-10-26T09:45:34+00:00","dateModified":"2021-10-26T09:45:36+00:00","breadcrumb":{"@id":"https:\/\/www.lavisqteam.fr\/?p=59005#breadcrumb"},"inLanguage":"fr-FR","potentialAction":[{"@type":"ReadAction","target":["https:\/\/www.lavisqteam.fr\/?p=59005"]}]},{"@type":"BreadcrumbList","@id":"https:\/\/www.lavisqteam.fr\/?p=59005#breadcrumb","itemListElement":[{"@type":"ListItem","position":1,"name":"Accueil","item":"https:\/\/www.lavisqteam.fr\/"},{"@type":"ListItem","position":2,"name":"Le Passage du Rhin"}]},{"@type":"WebSite","@id":"https:\/\/www.lavisqteam.fr\/#website","url":"https:\/\/www.lavisqteam.fr\/","name":"Lavisqteam.fr","description":"","publisher":{"@id":"https:\/\/www.lavisqteam.fr\/#organization"},"potentialAction":[{"@type":"SearchAction","target":{"@type":"EntryPoint","urlTemplate":"https:\/\/www.lavisqteam.fr\/?s={search_term_string}"},"query-input":"required name=search_term_string"}],"inLanguage":"fr-FR"},{"@type":"Organization","@id":"https:\/\/www.lavisqteam.fr\/#organization","name":"Lavisqteam.fr","url":"https:\/\/www.lavisqteam.fr\/","sameAs":[],"logo":{"@type":"ImageObject","inLanguage":"fr-FR","@id":"https:\/\/www.lavisqteam.fr\/#\/schema\/logo\/image\/","url":"https:\/\/www.lavisqteam.fr\/wp-content\/uploads\/2020\/08\/cropped-80879545_3479261675449035_4078032831501041664_o-4.jpg","contentUrl":"https:\/\/www.lavisqteam.fr\/wp-content\/uploads\/2020\/08\/cropped-80879545_3479261675449035_4078032831501041664_o-4.jpg","width":1674,"height":536,"caption":"Lavisqteam.fr"},"image":{"@id":"https:\/\/www.lavisqteam.fr\/#\/schema\/logo\/image\/"}},{"@type":"Person","@id":"https:\/\/www.lavisqteam.fr\/#\/schema\/person\/4ed7295b68bc3daae9094db5f1f9f913","name":"Cineted","image":{"@type":"ImageObject","inLanguage":"fr-FR","@id":"https:\/\/www.lavisqteam.fr\/#\/schema\/person\/image\/","url":"https:\/\/secure.gravatar.com\/avatar\/2d66d0012368c91013200ba69885bddd?s=96&d=mm&r=g","contentUrl":"https:\/\/secure.gravatar.com\/avatar\/2d66d0012368c91013200ba69885bddd?s=96&d=mm&r=g","caption":"Cineted"},"url":"https:\/\/www.lavisqteam.fr\/?author=4"}]}},"jetpack_featured_media_url":"https:\/\/www.lavisqteam.fr\/wp-content\/uploads\/2021\/10\/lepa.jpg","_links":{"self":[{"href":"https:\/\/www.lavisqteam.fr\/index.php?rest_route=\/wp\/v2\/posts\/59005"}],"collection":[{"href":"https:\/\/www.lavisqteam.fr\/index.php?rest_route=\/wp\/v2\/posts"}],"about":[{"href":"https:\/\/www.lavisqteam.fr\/index.php?rest_route=\/wp\/v2\/types\/post"}],"author":[{"embeddable":true,"href":"https:\/\/www.lavisqteam.fr\/index.php?rest_route=\/wp\/v2\/users\/4"}],"replies":[{"embeddable":true,"href":"https:\/\/www.lavisqteam.fr\/index.php?rest_route=%2Fwp%2Fv2%2Fcomments&post=59005"}],"version-history":[{"count":1,"href":"https:\/\/www.lavisqteam.fr\/index.php?rest_route=\/wp\/v2\/posts\/59005\/revisions"}],"predecessor-version":[{"id":59010,"href":"https:\/\/www.lavisqteam.fr\/index.php?rest_route=\/wp\/v2\/posts\/59005\/revisions\/59010"}],"wp:featuredmedia":[{"embeddable":true,"href":"https:\/\/www.lavisqteam.fr\/index.php?rest_route=\/wp\/v2\/media\/59009"}],"wp:attachment":[{"href":"https:\/\/www.lavisqteam.fr\/index.php?rest_route=%2Fwp%2Fv2%2Fmedia&parent=59005"}],"wp:term":[{"taxonomy":"category","embeddable":true,"href":"https:\/\/www.lavisqteam.fr\/index.php?rest_route=%2Fwp%2Fv2%2Fcategories&post=59005"},{"taxonomy":"post_tag","embeddable":true,"href":"https:\/\/www.lavisqteam.fr\/index.php?rest_route=%2Fwp%2Fv2%2Ftags&post=59005"}],"curies":[{"name":"wp","href":"https:\/\/api.w.org\/{rel}","templated":true}]}}