{"id":58974,"date":"2021-10-26T09:16:54","date_gmt":"2021-10-26T09:16:54","guid":{"rendered":"https:\/\/www.lavisqteam.fr\/?p=58974"},"modified":"2021-10-26T09:16:56","modified_gmt":"2021-10-26T09:16:56","slug":"moi-maman-ma-mere-et-moi","status":"publish","type":"post","link":"https:\/\/www.lavisqteam.fr\/?p=58974","title":{"rendered":"Moi Maman ma M\u00e8re et Moi"},"content":{"rendered":"\n<div class=\"wp-block-image\"><figure class=\"aligncenter size-large is-resized\"><a href=\"https:\/\/www.lavisqteam.fr\/wp-content\/uploads\/2021\/10\/238772526_226154969441060_3857544714882308781_n.jpg\"><img src=\"https:\/\/www.lavisqteam.fr\/wp-content\/uploads\/2021\/10\/238772526_226154969441060_3857544714882308781_n-768x1024.jpg\" alt=\"\" class=\"wp-image-58975\" width=\"600\" srcset=\"https:\/\/www.lavisqteam.fr\/wp-content\/uploads\/2021\/10\/238772526_226154969441060_3857544714882308781_n-768x1024.jpg 768w, https:\/\/www.lavisqteam.fr\/wp-content\/uploads\/2021\/10\/238772526_226154969441060_3857544714882308781_n-225x300.jpg 225w, https:\/\/www.lavisqteam.fr\/wp-content\/uploads\/2021\/10\/238772526_226154969441060_3857544714882308781_n-1152x1536.jpg 1152w, https:\/\/www.lavisqteam.fr\/wp-content\/uploads\/2021\/10\/238772526_226154969441060_3857544714882308781_n.jpg 1200w\" sizes=\"(max-width: 768px) 100vw, 768px\" \/><\/a><\/figure><\/div>\n\n\n\n<p><strong>De&nbsp;: <\/strong>Christophe Le Masne<\/p>\n\n\n\n<p><strong>Avec <\/strong>Gr\u00e9gory Montel, Olivia C\u00f4te, Philippe Rebbot, Lolita Chammah<\/p>\n\n\n\n<p><strong>Ann\u00e9e&nbsp;: <\/strong>2019<\/p>\n\n\n\n<p><strong>Pays&nbsp;: <\/strong>France<\/p>\n\n\n\n<p><strong>Genre&nbsp;: <\/strong>Com\u00e9die<\/p>\n\n\n\n<p><strong>R\u00e9sum\u00e9&nbsp;:<\/strong><\/p>\n\n\n\n<p>Beno\u00eet a loup\u00e9 l&rsquo;enterrement de Maman. Il \u00e9tait coinc\u00e9 dans l&rsquo;Eurostar. \u00c0 contretemps comme toujours, et un peu piteux, il rejoint la maison familiale pour y retrouver son fr\u00e8re, ses deux s\u0153urs&#8230; et dans un joyeux bazar, beaucoup de souvenirs. L\u00e0, au milieu des vestiges de son enfance, dans l&rsquo;intimit\u00e9 de sa chambre, il la voit\u2026 Elle l&rsquo;attend. Et elle ne va pas le l\u00e2cher&nbsp;!<\/p>\n\n\n\n<p><strong>Avis&nbsp;:<\/strong><\/p>\n\n\n\n<p>Au rayon cin\u00e9ma fran\u00e7ais, aujourd&rsquo;hui, je tire la carte <em>Christophe Le Masne<\/em>. Acteur depuis la fin des ann\u00e9es 70, on a pu voir <em>Christophe Le Masne<\/em> dans de petits r\u00f4les, dans des films tels que \u00ab\u00a0<strong>Tom est tout seul<\/strong>\u00ab\u00a0, \u00ab\u00a0<strong>La v\u00e9rit\u00e9 si je mens<\/strong>\u00a0\u00bb et sa suite, \u00ab\u00a0<strong>Le hussard sur le toit<\/strong>\u00ab\u00a0, ou dans \u00ab\u00a0<strong>A + Pollux<\/strong>\u00ab\u00a0. Comme beaucoup d&rsquo;acteurs, <em>Christophe Le Masne<\/em> s&rsquo;est laiss\u00e9 tenter par la r\u00e9alisation, qu&rsquo;il a commenc\u00e9 au d\u00e9but des ann\u00e9es 2000. Entre 2001 et 2014, <em>Christophe Le Masne<\/em> va alors r\u00e9aliser cinq courts-m\u00e9trages, dont certains d\u00e9crocheront m\u00eame quelques prix.<\/p>\n\n\n\n<p>C&rsquo;est en 2019, avec un titre bien \u00e9trange, que <em>Christophe Le Masne<\/em> fait son entr\u00e9e dans les salles fran\u00e7aises en tant que r\u00e9alisateur. Pour son premier film, <em>Christophe Le Masne<\/em> poursuit ce qu&rsquo;il a commenc\u00e9 avec ses courts, c&rsquo;est-\u00e0-dire de la com\u00e9die dramatique. Prolongeant en quelque sorte son personnage de Benoit, qu&rsquo;il offre \u00e0 <em>Gr\u00e9gory Montel<\/em>, \u00ab\u00a0<strong>Moi, Maman, ma m\u00e8re et moi<\/strong>\u00a0\u00bb est un film attachant, int\u00e9ressant, tenant un joli sujet, mais le premier film de <em>Christophe Le Masne<\/em> se pose cependant comme une d\u00e9ception, car au final, malgr\u00e9 de belles propositions, l&rsquo;ensemble r\u00e9sonne comme inabouti, un peu comme si le r\u00e9alisateur ne faisait que proposer des id\u00e9es et survoler ses th\u00e9matiques sans jamais oser y aller r\u00e9ellement. L&rsquo;ensemble se laisse alors regarder, mais il ne marquera pas les m\u00e9moires.<\/p>\n\n\n\n<div class=\"wp-block-image\"><figure class=\"aligncenter size-large is-resized\"><a href=\"https:\/\/www.lavisqteam.fr\/wp-content\/uploads\/2021\/10\/237648902_215244077282375_1804823544650557469_n.jpg\"><img src=\"https:\/\/www.lavisqteam.fr\/wp-content\/uploads\/2021\/10\/237648902_215244077282375_1804823544650557469_n-1024x554.jpg\" alt=\"\" class=\"wp-image-58977\" width=\"600\" srcset=\"https:\/\/www.lavisqteam.fr\/wp-content\/uploads\/2021\/10\/237648902_215244077282375_1804823544650557469_n-1024x554.jpg 1024w, https:\/\/www.lavisqteam.fr\/wp-content\/uploads\/2021\/10\/237648902_215244077282375_1804823544650557469_n-300x162.jpg 300w, https:\/\/www.lavisqteam.fr\/wp-content\/uploads\/2021\/10\/237648902_215244077282375_1804823544650557469_n-768x415.jpg 768w, https:\/\/www.lavisqteam.fr\/wp-content\/uploads\/2021\/10\/237648902_215244077282375_1804823544650557469_n-1536x830.jpg 1536w, https:\/\/www.lavisqteam.fr\/wp-content\/uploads\/2021\/10\/237648902_215244077282375_1804823544650557469_n.jpg 1998w\" sizes=\"(max-width: 1024px) 100vw, 1024px\" \/><\/a><\/figure><\/div>\n\n\n\n<p>Benoit a rat\u00e9 il y a quelques semaines de \u00e7a l&rsquo;enterrement de sa m\u00e8re. Aujourd&rsquo;hui, Benoit revient dans la maison de famille, avec son fr\u00e8re et ses s\u0153urs pour commencer \u00e0 vider cette derni\u00e8re, afin de pouvoir la vendre. Mais retrouver sa chambre d&rsquo;adolescent, les odeurs, les paysages et plus largement les souvenirs qui l&rsquo;envahissent va rendre ce moment un peu plus compliqu\u00e9 qu&rsquo;il ne l&rsquo;est d\u00e9j\u00e0.<\/p>\n\n\n\n<p>\u00ab\u00a0<strong>Moi, Maman, ma m\u00e8re et moi<\/strong>\u00a0\u00bb est un film duquel je ressors partag\u00e9, voire m\u00eame quelque peu emb\u00eat\u00e9 tant le film tient de belles choses, mais n&rsquo;arrive jamais \u00e0 \u00eatre v\u00e9ritablement emballant et surtout \u00e0 aller au bout de lui-m\u00eame.<\/p>\n\n\n\n<p>\u00ab\u00a0<strong>Moi, Maman, ma m\u00e8re et moi<\/strong>\u00a0\u00bb est un film qui parle du deuil et de la difficult\u00e9 de dire au revoir \u00e0 ceux qu&rsquo;on aime. Alors oui, le sujet est archi d\u00e9j\u00e0 vu, mais malgr\u00e9 \u00e7a, le cin\u00e9ma est capable avec ce sujet de toujours arriver \u00e0 nous offrir de jolis petits films et \u00e0 bien des regards, le premier film de <em>Christophe Le Masne<\/em> a de quoi \u00eatre joli. Le film tient un personnage, Benoit, qui est tr\u00e8s attachant. Un personnage qui a ses clich\u00e9s, un personnage lunaire et un peu gauche, qui est divinement tenu par <em>Gr\u00e9gory Montel<\/em>. Dans certaines des r\u00e9flexions et conversations que le personnage peut avoir avec ses fr\u00e8res et s\u0153urs, on trouvera l\u00e0 encore de beaux moments. R\u00e9flexion sur l&rsquo;enfance, l&rsquo;adolescence, ou encore les secrets de famille, et comment ces derniers peuvent avoir une influence sur le pr\u00e9sent.<\/p>\n\n\n\n<p>Mais voil\u00e0, si son sc\u00e9nario tient de bons moments, ainsi que des sc\u00e8nes de com\u00e9die tr\u00e8s amusantes, notamment dans des engueulades pour pas grand-chose, sur l&rsquo;ensemble du film, cette histoire, et les chemins qu&#8217;emprunte <em>Christophe Le Masne<\/em>, nous laissent assez septique. Le r\u00e9alisateur explore plusieurs id\u00e9es, notamment la pr\u00e9sence fantomatique de la m\u00e8re d\u00e9c\u00e9d\u00e9e qui vient comme hanter le personnage de Benoit, et si l&rsquo;id\u00e9e en elle-m\u00eame est int\u00e9ressante, <em>Christophe Le Masne<\/em> n&rsquo;en fait finalement pas grand-chose. Il pose \u00e7a l\u00e0, il survole cette derni\u00e8re, propose quelque chose quant aux r\u00e9actions de son personnage, mais \u00e7a s&rsquo;arr\u00eate l\u00e0. Ce sera peut-\u00eatre parfois touchant, mais comme on reste sur notre faim, finalement, l&rsquo;ensemble est loin d&rsquo;\u00eatre convaincant. On ajoutera \u00e0 cela le poids du pass\u00e9, th\u00e9matique int\u00e9ressante, mais qui ici faillit tr\u00e8s vite, car on devine o\u00f9 le metteur en sc\u00e8ne a envie d&rsquo;aller, et l&rsquo;on ne s&rsquo;y sera pas tromp\u00e9.<\/p>\n\n\n\n<p>Heureusement, pour pallier, ou du moins essayer de pallier, \u00e0 ces manques, \u00ab\u00a0<strong>Moi, Maman, ma m\u00e8re et moi<\/strong>\u00a0\u00bb tient une jolie mise en sc\u00e8ne, qui malgr\u00e9 de petits moyens, arrive \u00e0 proposer un film qui a ses jolies envol\u00e9es et arrive m\u00eame \u00e0 se faire po\u00e9tique. Tr\u00e8s court, enjou\u00e9, oscillant entre la com\u00e9die et le drame, tenant une bonne dynamique dans les \u00e9changes de ses personnages, <em>Christophe Le Masne<\/em> offre un film qui se laisse regarder, mais qui souffre aussi d&rsquo;un d\u00e9faut de personnalit\u00e9 et comme je le disais plus haut, malgr\u00e9 ses efforts, le film n&rsquo;arrive pas \u00e0 marquer les esprits. S\u2019il se laisse gentiment regarder, si on sourit souvent et l&rsquo;on peut \u00eatre touch\u00e9, il se laissera tr\u00e8s facilement oublier une fois qu&rsquo;on l&rsquo;aura vu.<\/p>\n\n\n\n<div class=\"wp-block-image\"><figure class=\"aligncenter size-large is-resized\"><a href=\"https:\/\/www.lavisqteam.fr\/wp-content\/uploads\/2021\/10\/239378452_532798414446604_8648839491869964219_n.jpg\"><img src=\"https:\/\/www.lavisqteam.fr\/wp-content\/uploads\/2021\/10\/239378452_532798414446604_8648839491869964219_n-1024x554.jpg\" alt=\"\" class=\"wp-image-58976\" width=\"600\" srcset=\"https:\/\/www.lavisqteam.fr\/wp-content\/uploads\/2021\/10\/239378452_532798414446604_8648839491869964219_n-1024x554.jpg 1024w, https:\/\/www.lavisqteam.fr\/wp-content\/uploads\/2021\/10\/239378452_532798414446604_8648839491869964219_n-300x162.jpg 300w, https:\/\/www.lavisqteam.fr\/wp-content\/uploads\/2021\/10\/239378452_532798414446604_8648839491869964219_n-768x415.jpg 768w, https:\/\/www.lavisqteam.fr\/wp-content\/uploads\/2021\/10\/239378452_532798414446604_8648839491869964219_n-1536x830.jpg 1536w, https:\/\/www.lavisqteam.fr\/wp-content\/uploads\/2021\/10\/239378452_532798414446604_8648839491869964219_n.jpg 1600w\" sizes=\"(max-width: 1024px) 100vw, 1024px\" \/><\/a><\/figure><\/div>\n\n\n\n<p>Ce premier film pour <em>Christophe Le Masne<\/em> est donc un film duquel on ressort mitig\u00e9, car l&rsquo;ensemble est pour le moins joli, et il tient de bonnes id\u00e9es, de jolies sc\u00e8nes, de jolis personnages, mais sur son ensemble, le r\u00e9alisateur n&rsquo;explore jamais vraiment ses personnages, ses sujets et les blessures, et autres souvenirs de ces derniers. D\u00e9cevant, \u00ab\u00a0<strong>Moi, Maman, ma m\u00e8re et moi<\/strong>\u00a0\u00bb avait bien des ingr\u00e9dients r\u00e9unis pour \u00eatre plus que ce qui nous est propos\u00e9 l\u00e0. Ainsi, sur l&rsquo;instant, \u00e7a se laisse regarder gentiment, puis il se laissera oublier tout aussi vite.<\/p>\n\n\n\n<p><strong>Note\u00a0: 10\/20<\/strong><\/p>\n\n\n\n<figure class=\"wp-block-embed is-type-video is-provider-youtube wp-block-embed-youtube wp-embed-aspect-16-9 wp-has-aspect-ratio\"><div class=\"wp-block-embed__wrapper\">\n<iframe loading=\"lazy\" title=\"Moi, Maman, ma m\u00e8re et moi - Bande Annonce VF \u2013 2019\" width=\"1200\" height=\"675\" src=\"https:\/\/www.youtube.com\/embed\/VCi7WWigsqk?feature=oembed\" frameborder=\"0\" allow=\"accelerometer; autoplay; clipboard-write; encrypted-media; gyroscope; picture-in-picture\" allowfullscreen><\/iframe>\n<\/div><\/figure>\n\n\n\n<p class=\"has-text-align-right\">Par <strong>Cin\u00e9ted<\/strong><\/p>\n","protected":false},"excerpt":{"rendered":"<p>De&nbsp;: Christophe Le Masne Avec Gr\u00e9gory Montel, Olivia C\u00f4te, Philippe Rebbot, Lolita Chammah Ann\u00e9e&nbsp;: 2019 Pays&nbsp;: France Genre&nbsp;: Com\u00e9die R\u00e9sum\u00e9&nbsp;: Beno\u00eet a loup\u00e9 l&rsquo;enterrement de &hellip; <\/p>\n","protected":false},"author":4,"featured_media":58978,"comment_status":"open","ping_status":"open","sticky":false,"template":"","format":"standard","meta":[],"categories":[7],"tags":[],"yoast_head":"<!-- This site is optimized with the Yoast SEO plugin v19.6.1 - https:\/\/yoast.com\/wordpress\/plugins\/seo\/ -->\n<title>Moi Maman ma M\u00e8re et Moi - Lavisqteam.fr<\/title>\n<meta name=\"robots\" content=\"index, follow, max-snippet:-1, max-image-preview:large, max-video-preview:-1\" \/>\n<link rel=\"canonical\" href=\"https:\/\/www.lavisqteam.fr\/?p=58974\" \/>\n<meta property=\"og:locale\" content=\"fr_FR\" \/>\n<meta property=\"og:type\" content=\"article\" \/>\n<meta property=\"og:title\" content=\"Moi Maman ma M\u00e8re et Moi - Lavisqteam.fr\" \/>\n<meta property=\"og:description\" content=\"De&nbsp;: Christophe Le Masne Avec Gr\u00e9gory Montel, Olivia C\u00f4te, Philippe Rebbot, Lolita Chammah Ann\u00e9e&nbsp;: 2019 Pays&nbsp;: France Genre&nbsp;: Com\u00e9die R\u00e9sum\u00e9&nbsp;: Beno\u00eet a loup\u00e9 l&rsquo;enterrement de &hellip;\" \/>\n<meta property=\"og:url\" content=\"https:\/\/www.lavisqteam.fr\/?p=58974\" \/>\n<meta property=\"og:site_name\" content=\"Lavisqteam.fr\" \/>\n<meta property=\"article:published_time\" content=\"2021-10-26T09:16:54+00:00\" \/>\n<meta property=\"article:modified_time\" content=\"2021-10-26T09:16:56+00:00\" \/>\n<meta property=\"og:image\" content=\"https:\/\/www.lavisqteam.fr\/wp-content\/uploads\/2021\/10\/moim.jpg\" \/>\n\t<meta property=\"og:image:width\" content=\"727\" \/>\n\t<meta property=\"og:image:height\" content=\"395\" \/>\n\t<meta property=\"og:image:type\" content=\"image\/jpeg\" \/>\n<meta name=\"author\" content=\"Cineted\" \/>\n<meta name=\"twitter:card\" content=\"summary_large_image\" \/>\n<meta name=\"twitter:image\" content=\"https:\/\/www.lavisqteam.fr\/wp-content\/uploads\/2021\/10\/moim.jpg\" \/>\n<meta name=\"twitter:label1\" content=\"\u00c9crit par\" \/>\n\t<meta name=\"twitter:data1\" content=\"Cineted\" \/>\n\t<meta name=\"twitter:label2\" content=\"Dur\u00e9e de lecture estim\u00e9e\" \/>\n\t<meta name=\"twitter:data2\" content=\"5 minutes\" \/>\n<script type=\"application\/ld+json\" class=\"yoast-schema-graph\">{\"@context\":\"https:\/\/schema.org\",\"@graph\":[{\"@type\":\"Article\",\"@id\":\"https:\/\/www.lavisqteam.fr\/?p=58974#article\",\"isPartOf\":{\"@id\":\"https:\/\/www.lavisqteam.fr\/?p=58974\"},\"author\":{\"name\":\"Cineted\",\"@id\":\"https:\/\/www.lavisqteam.fr\/#\/schema\/person\/4ed7295b68bc3daae9094db5f1f9f913\"},\"headline\":\"Moi Maman ma M\u00e8re et Moi\",\"datePublished\":\"2021-10-26T09:16:54+00:00\",\"dateModified\":\"2021-10-26T09:16:56+00:00\",\"mainEntityOfPage\":{\"@id\":\"https:\/\/www.lavisqteam.fr\/?p=58974\"},\"wordCount\":1036,\"commentCount\":0,\"publisher\":{\"@id\":\"https:\/\/www.lavisqteam.fr\/#organization\"},\"articleSection\":[\"Cin\u00e9ma\"],\"inLanguage\":\"fr-FR\",\"potentialAction\":[{\"@type\":\"CommentAction\",\"name\":\"Comment\",\"target\":[\"https:\/\/www.lavisqteam.fr\/?p=58974#respond\"]}]},{\"@type\":\"WebPage\",\"@id\":\"https:\/\/www.lavisqteam.fr\/?p=58974\",\"url\":\"https:\/\/www.lavisqteam.fr\/?p=58974\",\"name\":\"Moi Maman ma M\u00e8re et Moi - Lavisqteam.fr\",\"isPartOf\":{\"@id\":\"https:\/\/www.lavisqteam.fr\/#website\"},\"datePublished\":\"2021-10-26T09:16:54+00:00\",\"dateModified\":\"2021-10-26T09:16:56+00:00\",\"breadcrumb\":{\"@id\":\"https:\/\/www.lavisqteam.fr\/?p=58974#breadcrumb\"},\"inLanguage\":\"fr-FR\",\"potentialAction\":[{\"@type\":\"ReadAction\",\"target\":[\"https:\/\/www.lavisqteam.fr\/?p=58974\"]}]},{\"@type\":\"BreadcrumbList\",\"@id\":\"https:\/\/www.lavisqteam.fr\/?p=58974#breadcrumb\",\"itemListElement\":[{\"@type\":\"ListItem\",\"position\":1,\"name\":\"Accueil\",\"item\":\"https:\/\/www.lavisqteam.fr\/\"},{\"@type\":\"ListItem\",\"position\":2,\"name\":\"Moi Maman ma M\u00e8re et Moi\"}]},{\"@type\":\"WebSite\",\"@id\":\"https:\/\/www.lavisqteam.fr\/#website\",\"url\":\"https:\/\/www.lavisqteam.fr\/\",\"name\":\"Lavisqteam.fr\",\"description\":\"\",\"publisher\":{\"@id\":\"https:\/\/www.lavisqteam.fr\/#organization\"},\"potentialAction\":[{\"@type\":\"SearchAction\",\"target\":{\"@type\":\"EntryPoint\",\"urlTemplate\":\"https:\/\/www.lavisqteam.fr\/?s={search_term_string}\"},\"query-input\":\"required name=search_term_string\"}],\"inLanguage\":\"fr-FR\"},{\"@type\":\"Organization\",\"@id\":\"https:\/\/www.lavisqteam.fr\/#organization\",\"name\":\"Lavisqteam.fr\",\"url\":\"https:\/\/www.lavisqteam.fr\/\",\"sameAs\":[],\"logo\":{\"@type\":\"ImageObject\",\"inLanguage\":\"fr-FR\",\"@id\":\"https:\/\/www.lavisqteam.fr\/#\/schema\/logo\/image\/\",\"url\":\"https:\/\/www.lavisqteam.fr\/wp-content\/uploads\/2020\/08\/cropped-80879545_3479261675449035_4078032831501041664_o-4.jpg\",\"contentUrl\":\"https:\/\/www.lavisqteam.fr\/wp-content\/uploads\/2020\/08\/cropped-80879545_3479261675449035_4078032831501041664_o-4.jpg\",\"width\":1674,\"height\":536,\"caption\":\"Lavisqteam.fr\"},\"image\":{\"@id\":\"https:\/\/www.lavisqteam.fr\/#\/schema\/logo\/image\/\"}},{\"@type\":\"Person\",\"@id\":\"https:\/\/www.lavisqteam.fr\/#\/schema\/person\/4ed7295b68bc3daae9094db5f1f9f913\",\"name\":\"Cineted\",\"image\":{\"@type\":\"ImageObject\",\"inLanguage\":\"fr-FR\",\"@id\":\"https:\/\/www.lavisqteam.fr\/#\/schema\/person\/image\/\",\"url\":\"https:\/\/secure.gravatar.com\/avatar\/2d66d0012368c91013200ba69885bddd?s=96&d=mm&r=g\",\"contentUrl\":\"https:\/\/secure.gravatar.com\/avatar\/2d66d0012368c91013200ba69885bddd?s=96&d=mm&r=g\",\"caption\":\"Cineted\"},\"url\":\"https:\/\/www.lavisqteam.fr\/?author=4\"}]}<\/script>\n<!-- \/ Yoast SEO plugin. -->","yoast_head_json":{"title":"Moi Maman ma M\u00e8re et Moi - Lavisqteam.fr","robots":{"index":"index","follow":"follow","max-snippet":"max-snippet:-1","max-image-preview":"max-image-preview:large","max-video-preview":"max-video-preview:-1"},"canonical":"https:\/\/www.lavisqteam.fr\/?p=58974","og_locale":"fr_FR","og_type":"article","og_title":"Moi Maman ma M\u00e8re et Moi - Lavisqteam.fr","og_description":"De&nbsp;: Christophe Le Masne Avec Gr\u00e9gory Montel, Olivia C\u00f4te, Philippe Rebbot, Lolita Chammah Ann\u00e9e&nbsp;: 2019 Pays&nbsp;: France Genre&nbsp;: Com\u00e9die R\u00e9sum\u00e9&nbsp;: Beno\u00eet a loup\u00e9 l&rsquo;enterrement de &hellip;","og_url":"https:\/\/www.lavisqteam.fr\/?p=58974","og_site_name":"Lavisqteam.fr","article_published_time":"2021-10-26T09:16:54+00:00","article_modified_time":"2021-10-26T09:16:56+00:00","og_image":[{"width":727,"height":395,"url":"https:\/\/www.lavisqteam.fr\/wp-content\/uploads\/2021\/10\/moim.jpg","type":"image\/jpeg"}],"author":"Cineted","twitter_card":"summary_large_image","twitter_image":"https:\/\/www.lavisqteam.fr\/wp-content\/uploads\/2021\/10\/moim.jpg","twitter_misc":{"\u00c9crit par":"Cineted","Dur\u00e9e de lecture estim\u00e9e":"5 minutes"},"schema":{"@context":"https:\/\/schema.org","@graph":[{"@type":"Article","@id":"https:\/\/www.lavisqteam.fr\/?p=58974#article","isPartOf":{"@id":"https:\/\/www.lavisqteam.fr\/?p=58974"},"author":{"name":"Cineted","@id":"https:\/\/www.lavisqteam.fr\/#\/schema\/person\/4ed7295b68bc3daae9094db5f1f9f913"},"headline":"Moi Maman ma M\u00e8re et Moi","datePublished":"2021-10-26T09:16:54+00:00","dateModified":"2021-10-26T09:16:56+00:00","mainEntityOfPage":{"@id":"https:\/\/www.lavisqteam.fr\/?p=58974"},"wordCount":1036,"commentCount":0,"publisher":{"@id":"https:\/\/www.lavisqteam.fr\/#organization"},"articleSection":["Cin\u00e9ma"],"inLanguage":"fr-FR","potentialAction":[{"@type":"CommentAction","name":"Comment","target":["https:\/\/www.lavisqteam.fr\/?p=58974#respond"]}]},{"@type":"WebPage","@id":"https:\/\/www.lavisqteam.fr\/?p=58974","url":"https:\/\/www.lavisqteam.fr\/?p=58974","name":"Moi Maman ma M\u00e8re et Moi - Lavisqteam.fr","isPartOf":{"@id":"https:\/\/www.lavisqteam.fr\/#website"},"datePublished":"2021-10-26T09:16:54+00:00","dateModified":"2021-10-26T09:16:56+00:00","breadcrumb":{"@id":"https:\/\/www.lavisqteam.fr\/?p=58974#breadcrumb"},"inLanguage":"fr-FR","potentialAction":[{"@type":"ReadAction","target":["https:\/\/www.lavisqteam.fr\/?p=58974"]}]},{"@type":"BreadcrumbList","@id":"https:\/\/www.lavisqteam.fr\/?p=58974#breadcrumb","itemListElement":[{"@type":"ListItem","position":1,"name":"Accueil","item":"https:\/\/www.lavisqteam.fr\/"},{"@type":"ListItem","position":2,"name":"Moi Maman ma M\u00e8re et Moi"}]},{"@type":"WebSite","@id":"https:\/\/www.lavisqteam.fr\/#website","url":"https:\/\/www.lavisqteam.fr\/","name":"Lavisqteam.fr","description":"","publisher":{"@id":"https:\/\/www.lavisqteam.fr\/#organization"},"potentialAction":[{"@type":"SearchAction","target":{"@type":"EntryPoint","urlTemplate":"https:\/\/www.lavisqteam.fr\/?s={search_term_string}"},"query-input":"required name=search_term_string"}],"inLanguage":"fr-FR"},{"@type":"Organization","@id":"https:\/\/www.lavisqteam.fr\/#organization","name":"Lavisqteam.fr","url":"https:\/\/www.lavisqteam.fr\/","sameAs":[],"logo":{"@type":"ImageObject","inLanguage":"fr-FR","@id":"https:\/\/www.lavisqteam.fr\/#\/schema\/logo\/image\/","url":"https:\/\/www.lavisqteam.fr\/wp-content\/uploads\/2020\/08\/cropped-80879545_3479261675449035_4078032831501041664_o-4.jpg","contentUrl":"https:\/\/www.lavisqteam.fr\/wp-content\/uploads\/2020\/08\/cropped-80879545_3479261675449035_4078032831501041664_o-4.jpg","width":1674,"height":536,"caption":"Lavisqteam.fr"},"image":{"@id":"https:\/\/www.lavisqteam.fr\/#\/schema\/logo\/image\/"}},{"@type":"Person","@id":"https:\/\/www.lavisqteam.fr\/#\/schema\/person\/4ed7295b68bc3daae9094db5f1f9f913","name":"Cineted","image":{"@type":"ImageObject","inLanguage":"fr-FR","@id":"https:\/\/www.lavisqteam.fr\/#\/schema\/person\/image\/","url":"https:\/\/secure.gravatar.com\/avatar\/2d66d0012368c91013200ba69885bddd?s=96&d=mm&r=g","contentUrl":"https:\/\/secure.gravatar.com\/avatar\/2d66d0012368c91013200ba69885bddd?s=96&d=mm&r=g","caption":"Cineted"},"url":"https:\/\/www.lavisqteam.fr\/?author=4"}]}},"jetpack_featured_media_url":"https:\/\/www.lavisqteam.fr\/wp-content\/uploads\/2021\/10\/moim.jpg","_links":{"self":[{"href":"https:\/\/www.lavisqteam.fr\/index.php?rest_route=\/wp\/v2\/posts\/58974"}],"collection":[{"href":"https:\/\/www.lavisqteam.fr\/index.php?rest_route=\/wp\/v2\/posts"}],"about":[{"href":"https:\/\/www.lavisqteam.fr\/index.php?rest_route=\/wp\/v2\/types\/post"}],"author":[{"embeddable":true,"href":"https:\/\/www.lavisqteam.fr\/index.php?rest_route=\/wp\/v2\/users\/4"}],"replies":[{"embeddable":true,"href":"https:\/\/www.lavisqteam.fr\/index.php?rest_route=%2Fwp%2Fv2%2Fcomments&post=58974"}],"version-history":[{"count":1,"href":"https:\/\/www.lavisqteam.fr\/index.php?rest_route=\/wp\/v2\/posts\/58974\/revisions"}],"predecessor-version":[{"id":58979,"href":"https:\/\/www.lavisqteam.fr\/index.php?rest_route=\/wp\/v2\/posts\/58974\/revisions\/58979"}],"wp:featuredmedia":[{"embeddable":true,"href":"https:\/\/www.lavisqteam.fr\/index.php?rest_route=\/wp\/v2\/media\/58978"}],"wp:attachment":[{"href":"https:\/\/www.lavisqteam.fr\/index.php?rest_route=%2Fwp%2Fv2%2Fmedia&parent=58974"}],"wp:term":[{"taxonomy":"category","embeddable":true,"href":"https:\/\/www.lavisqteam.fr\/index.php?rest_route=%2Fwp%2Fv2%2Fcategories&post=58974"},{"taxonomy":"post_tag","embeddable":true,"href":"https:\/\/www.lavisqteam.fr\/index.php?rest_route=%2Fwp%2Fv2%2Ftags&post=58974"}],"curies":[{"name":"wp","href":"https:\/\/api.w.org\/{rel}","templated":true}]}}