{"id":58952,"date":"2021-10-25T23:04:00","date_gmt":"2021-10-25T23:04:00","guid":{"rendered":"https:\/\/www.lavisqteam.fr\/?p=58952"},"modified":"2021-12-06T20:24:49","modified_gmt":"2021-12-06T20:24:49","slug":"la-fracture-gilets-jaunes-et-crise-hospitaliere","status":"publish","type":"post","link":"https:\/\/www.lavisqteam.fr\/?p=58952","title":{"rendered":"La Fracture &#8211; Gilets Jaunes et Crise Hospitali\u00e8re"},"content":{"rendered":"\n<div class=\"wp-block-image\"><figure class=\"aligncenter size-large is-resized\"><a href=\"https:\/\/www.lavisqteam.fr\/wp-content\/uploads\/2021\/10\/241863139_1930118167161412_8684536485542778561_n.jpg\"><img src=\"https:\/\/www.lavisqteam.fr\/wp-content\/uploads\/2021\/10\/241863139_1930118167161412_8684536485542778561_n-752x1024.jpg\" alt=\"\" class=\"wp-image-58953\" width=\"600\" srcset=\"https:\/\/www.lavisqteam.fr\/wp-content\/uploads\/2021\/10\/241863139_1930118167161412_8684536485542778561_n-752x1024.jpg 752w, https:\/\/www.lavisqteam.fr\/wp-content\/uploads\/2021\/10\/241863139_1930118167161412_8684536485542778561_n-220x300.jpg 220w, https:\/\/www.lavisqteam.fr\/wp-content\/uploads\/2021\/10\/241863139_1930118167161412_8684536485542778561_n-768x1046.jpg 768w, https:\/\/www.lavisqteam.fr\/wp-content\/uploads\/2021\/10\/241863139_1930118167161412_8684536485542778561_n.jpg 793w\" sizes=\"(max-width: 752px) 100vw, 752px\" \/><\/a><\/figure><\/div>\n\n\n\n<p><strong>De&nbsp;: <\/strong>Catherine Corsini<\/p>\n\n\n\n<p><strong>Avec <\/strong>Pio Marmai, Valeria Bruni Tedeschi, Marina Fo\u00efs, A\u00efssatou Diallo Sagna<\/p>\n\n\n\n<p><strong>Ann\u00e9e&nbsp;: <\/strong>2021<\/p>\n\n\n\n<p><strong>Pays&nbsp;: <\/strong>France<\/p>\n\n\n\n<p><strong>Genre&nbsp;: <\/strong>Drame<\/p>\n\n\n\n<p><strong>R\u00e9sum\u00e9&nbsp;:<\/strong><\/p>\n\n\n\n<p>Raf et Julie, un couple au bord de la rupture, se retrouvent dans un service d\u2019Urgences proche de l&rsquo;asphyxie le soir d&rsquo;une manifestation parisienne des Gilets Jaunes. Leur rencontre avec Yann, un manifestant bless\u00e9 et en col\u00e8re, va faire voler en \u00e9clats les certitudes et les pr\u00e9jug\u00e9s de chacun. \u00c0 l&rsquo;ext\u00e9rieur, la tension monte. L\u2019h\u00f4pital, sous pression, doit fermer ses portes. Le personnel est d\u00e9bord\u00e9. La nuit va \u00eatre longue\u2026 &nbsp;<\/p>\n\n\n\n<p><strong>Avis&nbsp;:<\/strong><\/p>\n\n\n\n<p>R\u00e9alisatrice fran\u00e7aise, <em>Catherine Corsini<\/em> est une auteure qui exerce depuis la fin des ann\u00e9es 80. Si au d\u00e9part, elle se passionne pour le m\u00e9tier d&rsquo;actrice, ce sera finalement vers la r\u00e9alisation qu&rsquo;elle se tourne. Oscillant entre les genres, encha\u00eenant les films qui trouveront plus ou moins de succ\u00e8s, <em>Catherine Corsini<\/em> fait partie de ces cin\u00e9astes dont finalement, on n&rsquo;entend jamais vraiment parler et qui pourtant sont passionnants. Ainsi, des films comme \u00ab\u00a0<strong>La r\u00e9p\u00e9tition<\/strong>\u00ab\u00a0, \u00ab\u00a0<strong>Un amour impossible<\/strong>\u00ab\u00a0, \u00ab\u00a0<strong>Les ambitieux<\/strong>\u00ab\u00a0, \u00ab\u00a0<strong>Partir<\/strong>\u00a0\u00bb ou encore \u00ab\u00a0<strong>La belle saison<\/strong>\u00ab\u00a0, m\u00e9ritent qu&rsquo;on s&rsquo;y arr\u00eate.<\/p>\n\n\n\n<p>Et en parlant d&rsquo;arr\u00eat, son dernier film en date, \u00ab\u00a0<strong>La fracture<\/strong>\u00ab\u00a0, m\u00e9rite bien lui aussi qu&rsquo;on se pose dans une salle de cin\u00e9ma. Tr\u00e8s diff\u00e9rent de tout ce que la cin\u00e9aste a pu faire jusqu&rsquo;\u00e0 aujourd&rsquo;hui, pour son onzi\u00e8me long-m\u00e9trage, <em>Catherine Corsini<\/em> s&rsquo;arr\u00eate sur une p\u00e9riode compliqu\u00e9e de \u00ab\u00a0l&rsquo;histoire r\u00e9cente\u00a0\u00bb. Livrant un film tr\u00e8s riche qui oscille entre le drame, la critique de soci\u00e9t\u00e9 et la com\u00e9die, <em>Catherine Corsini<\/em> avec sa \u00ab\u00a0&#8230; <strong>fracture<\/strong>\u00a0\u00bb nous entra\u00eene dans une \u0153uvre politique, clich\u00e9 d&rsquo;une \u00e9poque, qui se pose comme un huis clos mouvement\u00e9, qui parfois en fera un peu trop dans son sc\u00e9nario, mais qui n&rsquo;en demeure pas moins int\u00e9ressant et prenant de bout en bout.<\/p>\n\n\n\n<div class=\"wp-block-image\"><figure class=\"aligncenter size-large is-resized\"><a href=\"https:\/\/www.lavisqteam.fr\/wp-content\/uploads\/2021\/10\/241891916_594335554931381_2418958956189691885_n.jpg\"><img src=\"https:\/\/www.lavisqteam.fr\/wp-content\/uploads\/2021\/10\/241891916_594335554931381_2418958956189691885_n-1024x576.jpg\" alt=\"\" class=\"wp-image-58955\" width=\"600\" srcset=\"https:\/\/www.lavisqteam.fr\/wp-content\/uploads\/2021\/10\/241891916_594335554931381_2418958956189691885_n-1024x576.jpg 1024w, https:\/\/www.lavisqteam.fr\/wp-content\/uploads\/2021\/10\/241891916_594335554931381_2418958956189691885_n-300x169.jpg 300w, https:\/\/www.lavisqteam.fr\/wp-content\/uploads\/2021\/10\/241891916_594335554931381_2418958956189691885_n-768x432.jpg 768w, https:\/\/www.lavisqteam.fr\/wp-content\/uploads\/2021\/10\/241891916_594335554931381_2418958956189691885_n-1536x864.jpg 1536w, https:\/\/www.lavisqteam.fr\/wp-content\/uploads\/2021\/10\/241891916_594335554931381_2418958956189691885_n.jpg 1600w\" sizes=\"(max-width: 1024px) 100vw, 1024px\" \/><\/a><\/figure><\/div>\n\n\n\n<p>Rafa\u00eblle et Julie sont au bord de la rupture. Apr\u00e8s une chute dans la rue, ce soir-l\u00e0, les deux femmes \u00ab\u00a0terminent\u00a0\u00bb aux urgences d&rsquo;un h\u00f4pital parisien. Elles vont alors y rencontrer Yann, un gilet jaune en col\u00e8re, qui vient d&rsquo;\u00eatre bless\u00e9 \u00e0 la jambe. Alors que les urgences se remplissent, que dans les rues la tension ne fait qu&rsquo;augmenter, cette nuit, qui s&rsquo;annon\u00e7ait comme une autre, va finalement se faire tr\u00e8s longue.<\/p>\n\n\n\n<p>Apr\u00e8s s&rsquo;\u00eatre aventur\u00e9 \u00e0 raconter une histoire d&rsquo;amour toxique, <em>Catherine Corsini<\/em> est de retour dans les salles obscures pour un nouveau film, qui cette fois-ci se pose comme une photographie d&rsquo;une \u00e9poque difficile et complexe. Particuli\u00e8rement riche (peut-\u00eatre m\u00eame un peu trop d&rsquo;ailleurs), \u00ab\u00a0<strong>La fracture<\/strong>\u00a0\u00bb est un film qui va en l&rsquo;espace d&rsquo;une nuit aborder un grand nombre de sujets et se poser comme un chronique et critique de soci\u00e9t\u00e9.<\/p>\n\n\n\n<p>\u00c9crit par <em>Corsini<\/em> elle-m\u00eame, \u00ab\u00a0<strong>La fracture<\/strong>\u00a0\u00bb est un film qui abordera aussi bien la crise des gilets jaunes, que la crise de l&rsquo;h\u00f4pital, ou encore une crise de couple. Nous enfermant dans les couloirs des services des urgences, fait de discussions anim\u00e9es et de rebondissements qui vont dresser un constat difficile, \u00ab\u00a0<strong>La fracture<\/strong>\u00a0\u00bb porte tr\u00e8s bien son titre tant cette fracture se ressent dans chaque sc\u00e8ne ou presque. Cette \u00ab\u00a0&#8230; <strong>fracture<\/strong>\u00ab\u00a0, c&rsquo;est celle de bien des personnages. Cette \u00ab\u00a0&#8230;<strong> fracture<\/strong>\u00ab\u00a0, c&rsquo;est celle d&rsquo;un homme en col\u00e8re, qui aimerait une vie moins complexe, une vie dans laquelle il esp\u00e9rerait faire autre chose que \u00ab\u00a0survivre\u00a0\u00bb. Cette \u00ab\u00a0&#8230; <strong>fracture<\/strong>\u00ab\u00a0, c&rsquo;est celle d&rsquo;un couple en crise, qui se trouve \u00eatre d\u00e9connect\u00e9 d&rsquo;une r\u00e9alit\u00e9. Cette \u00ab\u00a0&#8230; <strong>fracture<\/strong>\u00ab\u00a0, c&rsquo;est celle de l&rsquo;h\u00f4pital publique, qui survit avec des restrictions toujours plus difficiles. Cette \u00ab\u00a0&#8230;<strong> fracture<\/strong>\u00ab\u00a0, c&rsquo;est celle de CRS qui ne comprennent plus les ordres d&rsquo;en haut. Bref, cette \u00ab\u00a0&#8230; <strong>fracture<\/strong>\u00ab\u00a0, dans une plus ou moins grande mesure, se fait sentir dans toutes les classes, tous les milieux, tous les m\u00e9tiers et au-del\u00e0 de \u00e7a, avec ce film, <em>Catherine Corsini<\/em> dresse un constat, celui d&rsquo;une France qui se fissure petit \u00e0 petit.<\/p>\n\n\n\n<p>Une France qui ne s&rsquo;\u00e9coute plus, une France en r\u00e9volte et sous tension. Alors bien s\u00fbr, tout n&rsquo;est pas juste et comme je le disais plus haut, dans cette longue nuit mouvement\u00e9e, il arrive que le sc\u00e9nario en fasse un peu trop dans ses rebondissements. Certes, chacun des rebonds de cette intrigue est l\u00e0 pour dresser le constat que la metteuse en sc\u00e8ne veut faire, et si bien souvent, elle arrive \u00e0 trouver un juste milieu, d&rsquo;autre fois, un peu plus de subtilit\u00e9s aurait \u00e9t\u00e9 le bienvenu, car certains des \u00e9v\u00e9nements poussent le film vers une caricature.<\/p>\n\n\n\n<p>\u00ab\u00a0<strong>La fracture<\/strong>\u00ab\u00a0, comme je le disais, est un film tr\u00e8s diff\u00e9rent de ce que <em>Catherine Corsini<\/em> a l&rsquo;habitude de faire. Ici, la r\u00e9alisatrice sort radicalement de sa zone, et s&rsquo;aventure dans un film qui a r\u00e9uni tous les ingr\u00e9dients d&rsquo;une cocotte-minute. Huis clos sous tension, au fur et \u00e0 mesure que les heures passent dans ce service d&rsquo;urgence, on sent vraiment une corde qui se tend et l&rsquo;ensemble ne demande qu&rsquo;\u00e0 exploser. Tr\u00e8s r\u00e9aliste dans son ambiance, sombre, difficile parfois, <em>Catherine Corsini<\/em> a la g\u00e9niale id\u00e9e d&rsquo;injecter aussi beaucoup de com\u00e9die \u00e0 travers les d\u00e9boires d&rsquo;un couple, et ce ton plus l\u00e9ger, si l&rsquo;on peut dire, fait du bien, car il \u00e9vite au film de tomber dans le pathos ou le plombant. Avec cette \u00ab\u00a0&#8230; <strong>fracture<\/strong>\u00ab\u00a0, <em>Catherine Corsini<\/em> fait \u00e9voluer son cin\u00e9ma et livre l\u00e0, \u00e0 coup s\u00fbr, son film le plus difficile, aussi bien dans ses intrigues qui ne cessent de se croiser, que dans sa mise en sc\u00e8ne, qui arrive \u00e0 nous tenir tout du long, sans rien l\u00e2cher, imposant parfois des sc\u00e8nes percutantes.<\/p>\n\n\n\n<p>Enfin, \u00ab\u00a0<strong>La fracture<\/strong>\u00a0\u00bb est un film qui est parfaitement tenu par ses acteurs. Si au d\u00e9part, face \u00e0 toute cette col\u00e8re, on peut avoir des craintes, celles de tomber dans un film qui gueule en permanence, tr\u00e8s vite <em>Corsini <\/em>et ses com\u00e9diens affinent les personnages et l&rsquo;on se pla\u00eet \u00e0 suivre cette tripot\u00e9e d&rsquo;acteurs tous plus excellents les uns que les autres. Apr\u00e8s, si <em>Marina Fo\u00efs, Valeria Bruni Tedeschi<\/em> et <em>Pio Marmai<\/em> sont remarquables, il faut bien dire qu&rsquo;il y a une com\u00e9dienne qui s&rsquo;envole au-dessus des autres. Une jeune com\u00e9dienne dont c&rsquo;est le premier film et elle cr\u00e8ve tout simplement l&rsquo;\u00e9cran. Cette com\u00e9dienne, c&rsquo;est <em>A\u00efssatou Diallo Sagna<\/em> et elle tient le r\u00f4le d&rsquo;une infirmi\u00e8re en gr\u00e8ve, qui encha\u00eene les heures, au sein d&rsquo;un h\u00f4pital qui craque petit \u00e0 petit.<\/p>\n\n\n\n<div class=\"wp-block-image\"><figure class=\"aligncenter size-large is-resized\"><a href=\"https:\/\/www.lavisqteam.fr\/wp-content\/uploads\/2021\/10\/242014365_440047494092580_6850271574325196250_n.jpg\"><img src=\"https:\/\/www.lavisqteam.fr\/wp-content\/uploads\/2021\/10\/242014365_440047494092580_6850271574325196250_n-1024x429.jpg\" alt=\"\" class=\"wp-image-58954\" width=\"600\" srcset=\"https:\/\/www.lavisqteam.fr\/wp-content\/uploads\/2021\/10\/242014365_440047494092580_6850271574325196250_n-1024x429.jpg 1024w, https:\/\/www.lavisqteam.fr\/wp-content\/uploads\/2021\/10\/242014365_440047494092580_6850271574325196250_n-300x126.jpg 300w, https:\/\/www.lavisqteam.fr\/wp-content\/uploads\/2021\/10\/242014365_440047494092580_6850271574325196250_n-768x322.jpg 768w, https:\/\/www.lavisqteam.fr\/wp-content\/uploads\/2021\/10\/242014365_440047494092580_6850271574325196250_n-1536x643.jpg 1536w, https:\/\/www.lavisqteam.fr\/wp-content\/uploads\/2021\/10\/242014365_440047494092580_6850271574325196250_n.jpg 1600w\" sizes=\"(max-width: 1024px) 100vw, 1024px\" \/><\/a><\/figure><\/div>\n\n\n\n<p>Au sein de sa filmographie, <em>Catherine Corsini<\/em> a toujours aim\u00e9 s&rsquo;aventurer sur des sujets de soci\u00e9t\u00e9 et \u00e0 travers eux, livrer des films politiques, qui dans une plus ou grande mesure, peignaient la soci\u00e9t\u00e9 fran\u00e7aise. Avec \u00ab\u00a0<strong>La fracture<\/strong>\u00ab\u00a0, la cin\u00e9aste s&rsquo;aventure autre part, et livre l\u00e0 son film le plus percutant. R\u00e9cit d&rsquo;une nuit tr\u00e8s mouvement\u00e9e, avec cette \u00ab\u00a0&#8230; <strong>fracture<\/strong>\u00ab\u00a0, <em>Catherine Corsini<\/em> dresse les portraits d&rsquo;une France qui va mal. Une France pr\u00e9caire, o\u00f9 chaque personnage et chaque service de l&rsquo;\u00e9tat sont impact\u00e9s, et si parfois le sc\u00e9nario pousse \u00e0 l&rsquo;extr\u00eame, sur son ensemble, \u00ab\u00a0<strong>La fracture<\/strong>\u00a0\u00bb est une \u0153uvre aussi passionnante que percutante.<\/p>\n\n\n\n<p><strong>Note\u00a0: 14,5\/20<\/strong><\/p>\n\n\n\n<figure class=\"wp-block-embed is-type-video is-provider-youtube wp-block-embed-youtube wp-embed-aspect-16-9 wp-has-aspect-ratio\"><div class=\"wp-block-embed__wrapper\">\n<iframe loading=\"lazy\" title=\"LA FRACTURE Bande Annonce (2021) Marina Fo\u00efs, Pio Marmai\" width=\"1200\" height=\"675\" src=\"https:\/\/www.youtube.com\/embed\/jwrHhrEt5ec?feature=oembed\" frameborder=\"0\" allow=\"accelerometer; autoplay; clipboard-write; encrypted-media; gyroscope; picture-in-picture\" allowfullscreen><\/iframe>\n<\/div><\/figure>\n\n\n\n<p class=\"has-text-align-right\">Par <strong>Cin\u00e9ted<\/strong><\/p>\n","protected":false},"excerpt":{"rendered":"<p>De&nbsp;: Catherine Corsini Avec Pio Marmai, Valeria Bruni Tedeschi, Marina Fo\u00efs, A\u00efssatou Diallo Sagna Ann\u00e9e&nbsp;: 2021 Pays&nbsp;: France Genre&nbsp;: Drame R\u00e9sum\u00e9&nbsp;: Raf et Julie, un &hellip; <\/p>\n","protected":false},"author":4,"featured_media":58956,"comment_status":"open","ping_status":"open","sticky":false,"template":"","format":"standard","meta":[],"categories":[7],"tags":[],"yoast_head":"<!-- This site is optimized with the Yoast SEO plugin v19.6.1 - https:\/\/yoast.com\/wordpress\/plugins\/seo\/ -->\n<title>La Fracture - Gilets Jaunes et Crise Hospitali\u00e8re - Lavisqteam.fr<\/title>\n<meta name=\"robots\" content=\"index, follow, max-snippet:-1, max-image-preview:large, max-video-preview:-1\" \/>\n<link rel=\"canonical\" href=\"https:\/\/www.lavisqteam.fr\/?p=58952\" \/>\n<meta property=\"og:locale\" content=\"fr_FR\" \/>\n<meta property=\"og:type\" content=\"article\" \/>\n<meta property=\"og:title\" content=\"La Fracture - Gilets Jaunes et Crise Hospitali\u00e8re - Lavisqteam.fr\" \/>\n<meta property=\"og:description\" content=\"De&nbsp;: Catherine Corsini Avec Pio Marmai, Valeria Bruni Tedeschi, Marina Fo\u00efs, A\u00efssatou Diallo Sagna Ann\u00e9e&nbsp;: 2021 Pays&nbsp;: France Genre&nbsp;: Drame R\u00e9sum\u00e9&nbsp;: Raf et Julie, un &hellip;\" \/>\n<meta property=\"og:url\" content=\"https:\/\/www.lavisqteam.fr\/?p=58952\" \/>\n<meta property=\"og:site_name\" content=\"Lavisqteam.fr\" \/>\n<meta property=\"article:published_time\" content=\"2021-10-25T23:04:00+00:00\" \/>\n<meta property=\"article:modified_time\" content=\"2021-12-06T20:24:49+00:00\" \/>\n<meta property=\"og:image\" content=\"https:\/\/www.lavisqteam.fr\/wp-content\/uploads\/2021\/10\/lafr.jpg\" \/>\n\t<meta property=\"og:image:width\" content=\"727\" \/>\n\t<meta property=\"og:image:height\" content=\"395\" \/>\n\t<meta property=\"og:image:type\" content=\"image\/jpeg\" \/>\n<meta name=\"author\" content=\"Cineted\" \/>\n<meta name=\"twitter:card\" content=\"summary_large_image\" \/>\n<meta name=\"twitter:image\" content=\"https:\/\/www.lavisqteam.fr\/wp-content\/uploads\/2021\/10\/lafr.jpg\" \/>\n<meta name=\"twitter:label1\" content=\"\u00c9crit par\" \/>\n\t<meta name=\"twitter:data1\" content=\"Cineted\" \/>\n\t<meta name=\"twitter:label2\" content=\"Dur\u00e9e de lecture estim\u00e9e\" \/>\n\t<meta name=\"twitter:data2\" content=\"6 minutes\" \/>\n<script type=\"application\/ld+json\" class=\"yoast-schema-graph\">{\"@context\":\"https:\/\/schema.org\",\"@graph\":[{\"@type\":\"Article\",\"@id\":\"https:\/\/www.lavisqteam.fr\/?p=58952#article\",\"isPartOf\":{\"@id\":\"https:\/\/www.lavisqteam.fr\/?p=58952\"},\"author\":{\"name\":\"Cineted\",\"@id\":\"https:\/\/www.lavisqteam.fr\/#\/schema\/person\/4ed7295b68bc3daae9094db5f1f9f913\"},\"headline\":\"La Fracture &#8211; Gilets Jaunes et Crise Hospitali\u00e8re\",\"datePublished\":\"2021-10-25T23:04:00+00:00\",\"dateModified\":\"2021-12-06T20:24:49+00:00\",\"mainEntityOfPage\":{\"@id\":\"https:\/\/www.lavisqteam.fr\/?p=58952\"},\"wordCount\":1262,\"commentCount\":0,\"publisher\":{\"@id\":\"https:\/\/www.lavisqteam.fr\/#organization\"},\"articleSection\":[\"Cin\u00e9ma\"],\"inLanguage\":\"fr-FR\",\"potentialAction\":[{\"@type\":\"CommentAction\",\"name\":\"Comment\",\"target\":[\"https:\/\/www.lavisqteam.fr\/?p=58952#respond\"]}]},{\"@type\":\"WebPage\",\"@id\":\"https:\/\/www.lavisqteam.fr\/?p=58952\",\"url\":\"https:\/\/www.lavisqteam.fr\/?p=58952\",\"name\":\"La Fracture - Gilets Jaunes et Crise Hospitali\u00e8re - Lavisqteam.fr\",\"isPartOf\":{\"@id\":\"https:\/\/www.lavisqteam.fr\/#website\"},\"datePublished\":\"2021-10-25T23:04:00+00:00\",\"dateModified\":\"2021-12-06T20:24:49+00:00\",\"breadcrumb\":{\"@id\":\"https:\/\/www.lavisqteam.fr\/?p=58952#breadcrumb\"},\"inLanguage\":\"fr-FR\",\"potentialAction\":[{\"@type\":\"ReadAction\",\"target\":[\"https:\/\/www.lavisqteam.fr\/?p=58952\"]}]},{\"@type\":\"BreadcrumbList\",\"@id\":\"https:\/\/www.lavisqteam.fr\/?p=58952#breadcrumb\",\"itemListElement\":[{\"@type\":\"ListItem\",\"position\":1,\"name\":\"Accueil\",\"item\":\"https:\/\/www.lavisqteam.fr\/\"},{\"@type\":\"ListItem\",\"position\":2,\"name\":\"La Fracture &#8211; Gilets Jaunes et Crise Hospitali\u00e8re\"}]},{\"@type\":\"WebSite\",\"@id\":\"https:\/\/www.lavisqteam.fr\/#website\",\"url\":\"https:\/\/www.lavisqteam.fr\/\",\"name\":\"Lavisqteam.fr\",\"description\":\"\",\"publisher\":{\"@id\":\"https:\/\/www.lavisqteam.fr\/#organization\"},\"potentialAction\":[{\"@type\":\"SearchAction\",\"target\":{\"@type\":\"EntryPoint\",\"urlTemplate\":\"https:\/\/www.lavisqteam.fr\/?s={search_term_string}\"},\"query-input\":\"required name=search_term_string\"}],\"inLanguage\":\"fr-FR\"},{\"@type\":\"Organization\",\"@id\":\"https:\/\/www.lavisqteam.fr\/#organization\",\"name\":\"Lavisqteam.fr\",\"url\":\"https:\/\/www.lavisqteam.fr\/\",\"sameAs\":[],\"logo\":{\"@type\":\"ImageObject\",\"inLanguage\":\"fr-FR\",\"@id\":\"https:\/\/www.lavisqteam.fr\/#\/schema\/logo\/image\/\",\"url\":\"https:\/\/www.lavisqteam.fr\/wp-content\/uploads\/2020\/08\/cropped-80879545_3479261675449035_4078032831501041664_o-4.jpg\",\"contentUrl\":\"https:\/\/www.lavisqteam.fr\/wp-content\/uploads\/2020\/08\/cropped-80879545_3479261675449035_4078032831501041664_o-4.jpg\",\"width\":1674,\"height\":536,\"caption\":\"Lavisqteam.fr\"},\"image\":{\"@id\":\"https:\/\/www.lavisqteam.fr\/#\/schema\/logo\/image\/\"}},{\"@type\":\"Person\",\"@id\":\"https:\/\/www.lavisqteam.fr\/#\/schema\/person\/4ed7295b68bc3daae9094db5f1f9f913\",\"name\":\"Cineted\",\"image\":{\"@type\":\"ImageObject\",\"inLanguage\":\"fr-FR\",\"@id\":\"https:\/\/www.lavisqteam.fr\/#\/schema\/person\/image\/\",\"url\":\"https:\/\/secure.gravatar.com\/avatar\/2d66d0012368c91013200ba69885bddd?s=96&d=mm&r=g\",\"contentUrl\":\"https:\/\/secure.gravatar.com\/avatar\/2d66d0012368c91013200ba69885bddd?s=96&d=mm&r=g\",\"caption\":\"Cineted\"},\"url\":\"https:\/\/www.lavisqteam.fr\/?author=4\"}]}<\/script>\n<!-- \/ Yoast SEO plugin. -->","yoast_head_json":{"title":"La Fracture - Gilets Jaunes et Crise Hospitali\u00e8re - Lavisqteam.fr","robots":{"index":"index","follow":"follow","max-snippet":"max-snippet:-1","max-image-preview":"max-image-preview:large","max-video-preview":"max-video-preview:-1"},"canonical":"https:\/\/www.lavisqteam.fr\/?p=58952","og_locale":"fr_FR","og_type":"article","og_title":"La Fracture - Gilets Jaunes et Crise Hospitali\u00e8re - Lavisqteam.fr","og_description":"De&nbsp;: Catherine Corsini Avec Pio Marmai, Valeria Bruni Tedeschi, Marina Fo\u00efs, A\u00efssatou Diallo Sagna Ann\u00e9e&nbsp;: 2021 Pays&nbsp;: France Genre&nbsp;: Drame R\u00e9sum\u00e9&nbsp;: Raf et Julie, un &hellip;","og_url":"https:\/\/www.lavisqteam.fr\/?p=58952","og_site_name":"Lavisqteam.fr","article_published_time":"2021-10-25T23:04:00+00:00","article_modified_time":"2021-12-06T20:24:49+00:00","og_image":[{"width":727,"height":395,"url":"https:\/\/www.lavisqteam.fr\/wp-content\/uploads\/2021\/10\/lafr.jpg","type":"image\/jpeg"}],"author":"Cineted","twitter_card":"summary_large_image","twitter_image":"https:\/\/www.lavisqteam.fr\/wp-content\/uploads\/2021\/10\/lafr.jpg","twitter_misc":{"\u00c9crit par":"Cineted","Dur\u00e9e de lecture estim\u00e9e":"6 minutes"},"schema":{"@context":"https:\/\/schema.org","@graph":[{"@type":"Article","@id":"https:\/\/www.lavisqteam.fr\/?p=58952#article","isPartOf":{"@id":"https:\/\/www.lavisqteam.fr\/?p=58952"},"author":{"name":"Cineted","@id":"https:\/\/www.lavisqteam.fr\/#\/schema\/person\/4ed7295b68bc3daae9094db5f1f9f913"},"headline":"La Fracture &#8211; Gilets Jaunes et Crise Hospitali\u00e8re","datePublished":"2021-10-25T23:04:00+00:00","dateModified":"2021-12-06T20:24:49+00:00","mainEntityOfPage":{"@id":"https:\/\/www.lavisqteam.fr\/?p=58952"},"wordCount":1262,"commentCount":0,"publisher":{"@id":"https:\/\/www.lavisqteam.fr\/#organization"},"articleSection":["Cin\u00e9ma"],"inLanguage":"fr-FR","potentialAction":[{"@type":"CommentAction","name":"Comment","target":["https:\/\/www.lavisqteam.fr\/?p=58952#respond"]}]},{"@type":"WebPage","@id":"https:\/\/www.lavisqteam.fr\/?p=58952","url":"https:\/\/www.lavisqteam.fr\/?p=58952","name":"La Fracture - Gilets Jaunes et Crise Hospitali\u00e8re - Lavisqteam.fr","isPartOf":{"@id":"https:\/\/www.lavisqteam.fr\/#website"},"datePublished":"2021-10-25T23:04:00+00:00","dateModified":"2021-12-06T20:24:49+00:00","breadcrumb":{"@id":"https:\/\/www.lavisqteam.fr\/?p=58952#breadcrumb"},"inLanguage":"fr-FR","potentialAction":[{"@type":"ReadAction","target":["https:\/\/www.lavisqteam.fr\/?p=58952"]}]},{"@type":"BreadcrumbList","@id":"https:\/\/www.lavisqteam.fr\/?p=58952#breadcrumb","itemListElement":[{"@type":"ListItem","position":1,"name":"Accueil","item":"https:\/\/www.lavisqteam.fr\/"},{"@type":"ListItem","position":2,"name":"La Fracture &#8211; Gilets Jaunes et Crise Hospitali\u00e8re"}]},{"@type":"WebSite","@id":"https:\/\/www.lavisqteam.fr\/#website","url":"https:\/\/www.lavisqteam.fr\/","name":"Lavisqteam.fr","description":"","publisher":{"@id":"https:\/\/www.lavisqteam.fr\/#organization"},"potentialAction":[{"@type":"SearchAction","target":{"@type":"EntryPoint","urlTemplate":"https:\/\/www.lavisqteam.fr\/?s={search_term_string}"},"query-input":"required name=search_term_string"}],"inLanguage":"fr-FR"},{"@type":"Organization","@id":"https:\/\/www.lavisqteam.fr\/#organization","name":"Lavisqteam.fr","url":"https:\/\/www.lavisqteam.fr\/","sameAs":[],"logo":{"@type":"ImageObject","inLanguage":"fr-FR","@id":"https:\/\/www.lavisqteam.fr\/#\/schema\/logo\/image\/","url":"https:\/\/www.lavisqteam.fr\/wp-content\/uploads\/2020\/08\/cropped-80879545_3479261675449035_4078032831501041664_o-4.jpg","contentUrl":"https:\/\/www.lavisqteam.fr\/wp-content\/uploads\/2020\/08\/cropped-80879545_3479261675449035_4078032831501041664_o-4.jpg","width":1674,"height":536,"caption":"Lavisqteam.fr"},"image":{"@id":"https:\/\/www.lavisqteam.fr\/#\/schema\/logo\/image\/"}},{"@type":"Person","@id":"https:\/\/www.lavisqteam.fr\/#\/schema\/person\/4ed7295b68bc3daae9094db5f1f9f913","name":"Cineted","image":{"@type":"ImageObject","inLanguage":"fr-FR","@id":"https:\/\/www.lavisqteam.fr\/#\/schema\/person\/image\/","url":"https:\/\/secure.gravatar.com\/avatar\/2d66d0012368c91013200ba69885bddd?s=96&d=mm&r=g","contentUrl":"https:\/\/secure.gravatar.com\/avatar\/2d66d0012368c91013200ba69885bddd?s=96&d=mm&r=g","caption":"Cineted"},"url":"https:\/\/www.lavisqteam.fr\/?author=4"}]}},"jetpack_featured_media_url":"https:\/\/www.lavisqteam.fr\/wp-content\/uploads\/2021\/10\/lafr.jpg","_links":{"self":[{"href":"https:\/\/www.lavisqteam.fr\/index.php?rest_route=\/wp\/v2\/posts\/58952"}],"collection":[{"href":"https:\/\/www.lavisqteam.fr\/index.php?rest_route=\/wp\/v2\/posts"}],"about":[{"href":"https:\/\/www.lavisqteam.fr\/index.php?rest_route=\/wp\/v2\/types\/post"}],"author":[{"embeddable":true,"href":"https:\/\/www.lavisqteam.fr\/index.php?rest_route=\/wp\/v2\/users\/4"}],"replies":[{"embeddable":true,"href":"https:\/\/www.lavisqteam.fr\/index.php?rest_route=%2Fwp%2Fv2%2Fcomments&post=58952"}],"version-history":[{"count":1,"href":"https:\/\/www.lavisqteam.fr\/index.php?rest_route=\/wp\/v2\/posts\/58952\/revisions"}],"predecessor-version":[{"id":58957,"href":"https:\/\/www.lavisqteam.fr\/index.php?rest_route=\/wp\/v2\/posts\/58952\/revisions\/58957"}],"wp:featuredmedia":[{"embeddable":true,"href":"https:\/\/www.lavisqteam.fr\/index.php?rest_route=\/wp\/v2\/media\/58956"}],"wp:attachment":[{"href":"https:\/\/www.lavisqteam.fr\/index.php?rest_route=%2Fwp%2Fv2%2Fmedia&parent=58952"}],"wp:term":[{"taxonomy":"category","embeddable":true,"href":"https:\/\/www.lavisqteam.fr\/index.php?rest_route=%2Fwp%2Fv2%2Fcategories&post=58952"},{"taxonomy":"post_tag","embeddable":true,"href":"https:\/\/www.lavisqteam.fr\/index.php?rest_route=%2Fwp%2Fv2%2Ftags&post=58952"}],"curies":[{"name":"wp","href":"https:\/\/api.w.org\/{rel}","templated":true}]}}