{"id":57832,"date":"2021-10-14T21:09:08","date_gmt":"2021-10-14T21:09:08","guid":{"rendered":"https:\/\/www.lavisqteam.fr\/?p=57832"},"modified":"2021-12-30T16:27:14","modified_gmt":"2021-12-30T16:27:14","slug":"rozenn-t-02-laetitia-danae","status":"publish","type":"post","link":"https:\/\/www.lavisqteam.fr\/?p=57832","title":{"rendered":"Rozenn T.02 &#8211; La\u00ebtitia Danae"},"content":{"rendered":"\n<div class=\"wp-block-image\"><figure class=\"aligncenter size-large is-resized\"><a href=\"https:\/\/www.lavisqteam.fr\/wp-content\/uploads\/2021\/10\/190213763_305139947925145_375453649085137646_n.jpg\"><img src=\"https:\/\/www.lavisqteam.fr\/wp-content\/uploads\/2021\/10\/190213763_305139947925145_375453649085137646_n-633x1024.jpg\" alt=\"\" class=\"wp-image-57833\" width=\"600\" srcset=\"https:\/\/www.lavisqteam.fr\/wp-content\/uploads\/2021\/10\/190213763_305139947925145_375453649085137646_n-633x1024.jpg 633w, https:\/\/www.lavisqteam.fr\/wp-content\/uploads\/2021\/10\/190213763_305139947925145_375453649085137646_n-186x300.jpg 186w, https:\/\/www.lavisqteam.fr\/wp-content\/uploads\/2021\/10\/190213763_305139947925145_375453649085137646_n.jpg 650w\" sizes=\"(max-width: 633px) 100vw, 633px\" \/><\/a><\/figure><\/div>\n\n\n\n<p><a><strong>Auteure&nbsp;: <\/strong><\/a>Laetitia Danae<\/p>\n\n\n\n<p><strong>Editeur&nbsp;: <\/strong>J\u2019ai Lu<\/p>\n\n\n\n<p><strong>Genre&nbsp;: <\/strong>Fantasy<\/p>\n\n\n\n<p><strong>R\u00e9sum\u00e9&nbsp;:<\/strong><\/p>\n\n\n\n<p>Rozenn Kaplang est une rebelle.<br>La voil\u00e0 \u00e0 prendre les armes aupr\u00e8s des siens contre le sultan. Seulement, si elle veut parvenir \u00e0 ses fins, elle n&rsquo;a pas d&rsquo;autres choix que de s&rsquo;allier aux princes.<br>Mais \u00e0 qui choisiront-ils d&rsquo;accorder leur all\u00e9geance ? A la libert\u00e9 tant convoit\u00e9e par les djinns ou \u00e0 leur p\u00e8re ?<\/p>\n\n\n\n<p><strong>Avis&nbsp;:<\/strong><\/p>\n\n\n\n<p>Le second tome de <strong>Rozenn<\/strong> \u00e9tonne par son rythme compl\u00e8tement diff\u00e9rent du premier. Rozenn se trouve \u00e0 pr\u00e9sent parmi les rebelles, et non plus \u00e0 la cour hypocrite o\u00f9 les dagnirs se complaisent dans le luxe et le faste. Son caract\u00e8re t\u00e9m\u00e9raire et franc ressurgit dans toute sa splendeur alors qu\u2019elle se rend au c\u0153ur de la cit\u00e9 rebelle, l\u00e0 o\u00f9 nombre d\u2019ennemis au pouvoir esp\u00e8rent encore et toujours mettre fin aux rites barbares et aux in\u00e9galit\u00e9s sociales grandissantes.<\/p>\n\n\n\n<p><strong>Une magie tangible<\/strong><\/p>\n\n\n\n<p>Le second tome d\u00e9marre avec la suite de la d\u00e9couverte de l\u2019univers, plut\u00f4t que de poursuivre les jeux de dupes, et les faux semblants. Cela frustre et fascine \u00e0 la fois. L\u2019auteure a cr\u00e9\u00e9 un monde riche et complexe qui m\u00e9rite v\u00e9ritablement notre attention.<\/p>\n\n\n\n<p>Sur son chemin, Rozenn fait la rencontre de personnes incroyables, d\u2019\u00eatres fabuleux et de djinns surpuissants. La cr\u00e9ativit\u00e9 de l\u2019autrice subjugue et nous happe compl\u00e8tement. Ses descriptions, sa f\u00e9erie et son imagination nous bercent, nous propulsent en plein c\u0153ur d\u2019un oriental fantasmagorique que nous n\u2019avons plus envie de quitter. La magie prend forme&nbsp;! La magie s\u2019installe&nbsp;!<\/p>\n\n\n\n<p>Chaque chapitre se veut passionnant, se veut le lieu de r\u00e9v\u00e9lations d\u2019un pass\u00e9 t\u00e9n\u00e9breux ou d\u2019un futur angoissant. Chaque d\u00e9couverte fascine et permet \u00e0 l\u2019histoire d\u2019avancer. Rien n\u2019est laiss\u00e9 au hasard, toutes les informations glan\u00e9es par Rozenn vont lui servir, t\u00f4t ou tard.<\/p>\n\n\n\n<p><strong>De l\u2019\u00e9motion \u00e0 foison<\/strong><\/p>\n\n\n\n<p>Les personnages secondaires prennent plus de place, ils s\u2019installent dans la dur\u00e9e. Le lecteur prend ainsi le temps de les d\u00e9couvrir plus avant, alors que le rythme de l\u2019aventure est ralenti, non sans \u00eatre inint\u00e9ressant pour autant.<\/p>\n\n\n\n<p>L\u2019\u00e9motion est palpable, surtout lorsque Rozenn d\u00e9couvre que des m\u00e9faits terribles se perp\u00e9tuent au nom d\u2019un id\u00e9al bafou\u00e9 par le sang et l\u2019argent. Ses r\u00e9solutions se renforcent, son destin se trace en encre ind\u00e9l\u00e9bile dans le sable chaud du d\u00e9sert. La soci\u00e9t\u00e9 invent\u00e9e par l\u2019auteure ressemble en tous points \u00e0 la n\u00f4tre, le lecteur s\u2019attache irr\u00e9m\u00e9diablement \u00e0 ce syst\u00e8me corrompu qu\u2019il souhaite ardemment voir s\u2019effondrer. Telle une dystopie \u00e9lectrique, <strong>Rozenn<\/strong> enflamme nos esprits et nous donne espoir et force pour combattre l\u2019injustice.<\/p>\n\n\n\n<p><strong>Une aventure qui fait du bien<\/strong><\/p>\n\n\n\n<p>M\u00eame si <strong>Rozenn<\/strong> n\u2019innove pas dans la construction de l\u2019importance de son h\u00e9ro\u00efne, le reste suffit \u00e0 nous emporter. Les paysages, les contes sur les architectes, les djinns au sang puissant, les intrigues de pouvoir, les secrets de familles, les artefacts myst\u00e9rieux, les cit\u00e9s mill\u00e9naires, les \u00eatres l\u00e9gendaires, les crimes insoup\u00e7onn\u00e9s et le caract\u00e8re fort de l\u2019h\u00e9ro\u00efne\u2026 Tous ces ingr\u00e9dients se m\u00ealent pour un r\u00e9sultat d\u00e9tonnant et bienfaisant.<\/p>\n\n\n\n<p><strong>Rozenn<\/strong> se veut un hymne \u00e0 la libert\u00e9 et au libre-arbitre, un \u00e9cueil de bons sentiments. Cela fait du bien&nbsp;! Un bien fou&nbsp;! Malgr\u00e9 une fin tr\u00e8s attendue, une fin positive peu \u00e9tonnante, le lecteur appr\u00e9cie cette r\u00e9solution heureuse, ce sentiment positif qui germe \u00e0 la fermeture du roman. <strong>Rozenn <\/strong>est \u00e0 lire \u00e0 tout \u00e2ge, pour les amoureux des r\u00e9cits orientaux, mais aussi pour ceux qui lisent des dystopies. Son m\u00e9lange des genres caract\u00e9rise sa force, cette \u00e9nergie tangible qui pulse en chacune des pages.<\/p>\n\n\n\n<p><strong>Une saga passionnante<\/strong><\/p>\n\n\n\n<p><strong>Rozenn <\/strong>ne d\u00e9\u00e7oit pas&nbsp;: son rythme, sa fin endiabl\u00e9e, et sa conclusion s\u2019embo\u00eetent \u00e0 merveille. Alors que le premier tome d\u00e9cevait par un rythme allong\u00e9 et une intrigue qui tardait \u00e0 s\u2019affirmer, ce tome donne un nouveau souffle \u00e0 l\u2019histoire, et complexifie l\u2019univers oriental imagin\u00e9 par l\u2019auteure.<\/p>\n\n\n\n<p>Rozenn en parcourt \u00e9galement les lignes telle qu\u2019elle est vraiment. Son courage et sa pugnacit\u00e9 transparaissent sans filtre dans ce second tome, alors que le premier marquait son emprisonnement au sein d\u2019une famille sournoise.<\/p>\n\n\n\n<p>L\u2019\u00e9volution des personnages les plus importants reste \u00e9galement tr\u00e8s satisfaisante. De surcro\u00eet, le second tome offre quelques rebondissements bienvenus, qui nous font m\u00eame douter de la bonne marche du plan initial des rebelles. Un suspense et un doute qui nous donnent encore plus envie d\u2019arriver au bout.<\/p>\n\n\n\n<p>La premi\u00e8re partie, davantage dans la d\u00e9couverte et l\u2019\u00e9motion, la seconde plus dans l\u2019action et l\u2019attente insoutenable, s\u2019encha\u00eenent avec d\u00e9lice. Le lecteur se pla\u00eet \u00e0 retrouver l\u2019atmosph\u00e8re feutr\u00e9e et mielleuse du ch\u00e2teau, apr\u00e8s le passage chez les rebelles. Les messes basses se multiplient, les mensonges et trahisons se resserrent, pour terminer dans un combat explosif&nbsp;! Une fin digne de cette belle histoire. Une fin \u00e0 l\u2019image de Rozenn et de son combat&nbsp;: intense&nbsp;!<\/p>\n\n\n\n<p><strong>Note&nbsp;: 20\/20<\/strong><\/p>\n\n\n\n<p>La chronique vous a donn\u00e9 envie de lire le roman&nbsp;? Cliquez ici <a href=\"https:\/\/bit.ly\/3oJNp4X\">https:\/\/bit.ly\/3oJNp4X<\/a> pour l\u2019acheter et soutenir vos chroniqueurs&nbsp;!<\/p>\n\n\n\n<p class=\"has-text-align-right\">Par <strong>Lildrille<\/strong><\/p>\n","protected":false},"excerpt":{"rendered":"<p>Auteure&nbsp;: Laetitia Danae Editeur&nbsp;: J\u2019ai Lu Genre&nbsp;: Fantasy R\u00e9sum\u00e9&nbsp;: Rozenn Kaplang est une rebelle.La voil\u00e0 \u00e0 prendre les armes aupr\u00e8s des siens contre le sultan. &hellip; <\/p>\n","protected":false},"author":2,"featured_media":57834,"comment_status":"open","ping_status":"open","sticky":false,"template":"","format":"standard","meta":[],"categories":[10],"tags":[],"yoast_head":"<!-- This site is optimized with the Yoast SEO plugin v19.6.1 - https:\/\/yoast.com\/wordpress\/plugins\/seo\/ -->\n<title>Rozenn T.02 - La\u00ebtitia Danae - Lavisqteam.fr<\/title>\n<meta name=\"robots\" content=\"index, follow, max-snippet:-1, max-image-preview:large, max-video-preview:-1\" \/>\n<link rel=\"canonical\" href=\"https:\/\/www.lavisqteam.fr\/?p=57832\" \/>\n<meta property=\"og:locale\" content=\"fr_FR\" \/>\n<meta property=\"og:type\" content=\"article\" \/>\n<meta property=\"og:title\" content=\"Rozenn T.02 - La\u00ebtitia Danae - Lavisqteam.fr\" \/>\n<meta property=\"og:description\" content=\"Auteure&nbsp;: Laetitia Danae Editeur&nbsp;: J\u2019ai Lu Genre&nbsp;: Fantasy R\u00e9sum\u00e9&nbsp;: Rozenn Kaplang est une rebelle.La voil\u00e0 \u00e0 prendre les armes aupr\u00e8s des siens contre le sultan. &hellip;\" \/>\n<meta property=\"og:url\" content=\"https:\/\/www.lavisqteam.fr\/?p=57832\" \/>\n<meta property=\"og:site_name\" content=\"Lavisqteam.fr\" \/>\n<meta property=\"article:author\" content=\"https:\/\/www.facebook.com\/chloe.garcia.351\" \/>\n<meta property=\"article:published_time\" content=\"2021-10-14T21:09:08+00:00\" \/>\n<meta property=\"article:modified_time\" content=\"2021-12-30T16:27:14+00:00\" \/>\n<meta property=\"og:image\" content=\"https:\/\/www.lavisqteam.fr\/wp-content\/uploads\/2021\/10\/roze.jpg\" \/>\n\t<meta property=\"og:image:width\" content=\"727\" \/>\n\t<meta property=\"og:image:height\" content=\"395\" \/>\n\t<meta property=\"og:image:type\" content=\"image\/jpeg\" \/>\n<meta name=\"author\" content=\"Lildrille\" \/>\n<meta name=\"twitter:card\" content=\"summary_large_image\" \/>\n<meta name=\"twitter:image\" content=\"https:\/\/www.lavisqteam.fr\/wp-content\/uploads\/2021\/10\/roze.jpg\" \/>\n<meta name=\"twitter:label1\" content=\"\u00c9crit par\" \/>\n\t<meta name=\"twitter:data1\" content=\"Lildrille\" \/>\n\t<meta name=\"twitter:label2\" content=\"Dur\u00e9e de lecture estim\u00e9e\" \/>\n\t<meta name=\"twitter:data2\" content=\"5 minutes\" \/>\n<script type=\"application\/ld+json\" class=\"yoast-schema-graph\">{\"@context\":\"https:\/\/schema.org\",\"@graph\":[{\"@type\":\"Article\",\"@id\":\"https:\/\/www.lavisqteam.fr\/?p=57832#article\",\"isPartOf\":{\"@id\":\"https:\/\/www.lavisqteam.fr\/?p=57832\"},\"author\":{\"name\":\"Lildrille\",\"@id\":\"https:\/\/www.lavisqteam.fr\/#\/schema\/person\/e2e3eb3cb179a4f0299403b29e235d24\"},\"headline\":\"Rozenn T.02 &#8211; La\u00ebtitia Danae\",\"datePublished\":\"2021-10-14T21:09:08+00:00\",\"dateModified\":\"2021-12-30T16:27:14+00:00\",\"mainEntityOfPage\":{\"@id\":\"https:\/\/www.lavisqteam.fr\/?p=57832\"},\"wordCount\":934,\"commentCount\":0,\"publisher\":{\"@id\":\"https:\/\/www.lavisqteam.fr\/#organization\"},\"articleSection\":[\"Roman\"],\"inLanguage\":\"fr-FR\",\"potentialAction\":[{\"@type\":\"CommentAction\",\"name\":\"Comment\",\"target\":[\"https:\/\/www.lavisqteam.fr\/?p=57832#respond\"]}]},{\"@type\":\"WebPage\",\"@id\":\"https:\/\/www.lavisqteam.fr\/?p=57832\",\"url\":\"https:\/\/www.lavisqteam.fr\/?p=57832\",\"name\":\"Rozenn T.02 - La\u00ebtitia Danae - Lavisqteam.fr\",\"isPartOf\":{\"@id\":\"https:\/\/www.lavisqteam.fr\/#website\"},\"datePublished\":\"2021-10-14T21:09:08+00:00\",\"dateModified\":\"2021-12-30T16:27:14+00:00\",\"breadcrumb\":{\"@id\":\"https:\/\/www.lavisqteam.fr\/?p=57832#breadcrumb\"},\"inLanguage\":\"fr-FR\",\"potentialAction\":[{\"@type\":\"ReadAction\",\"target\":[\"https:\/\/www.lavisqteam.fr\/?p=57832\"]}]},{\"@type\":\"BreadcrumbList\",\"@id\":\"https:\/\/www.lavisqteam.fr\/?p=57832#breadcrumb\",\"itemListElement\":[{\"@type\":\"ListItem\",\"position\":1,\"name\":\"Accueil\",\"item\":\"https:\/\/www.lavisqteam.fr\/\"},{\"@type\":\"ListItem\",\"position\":2,\"name\":\"Rozenn T.02 &#8211; La\u00ebtitia Danae\"}]},{\"@type\":\"WebSite\",\"@id\":\"https:\/\/www.lavisqteam.fr\/#website\",\"url\":\"https:\/\/www.lavisqteam.fr\/\",\"name\":\"Lavisqteam.fr\",\"description\":\"\",\"publisher\":{\"@id\":\"https:\/\/www.lavisqteam.fr\/#organization\"},\"potentialAction\":[{\"@type\":\"SearchAction\",\"target\":{\"@type\":\"EntryPoint\",\"urlTemplate\":\"https:\/\/www.lavisqteam.fr\/?s={search_term_string}\"},\"query-input\":\"required name=search_term_string\"}],\"inLanguage\":\"fr-FR\"},{\"@type\":\"Organization\",\"@id\":\"https:\/\/www.lavisqteam.fr\/#organization\",\"name\":\"Lavisqteam.fr\",\"url\":\"https:\/\/www.lavisqteam.fr\/\",\"sameAs\":[],\"logo\":{\"@type\":\"ImageObject\",\"inLanguage\":\"fr-FR\",\"@id\":\"https:\/\/www.lavisqteam.fr\/#\/schema\/logo\/image\/\",\"url\":\"https:\/\/www.lavisqteam.fr\/wp-content\/uploads\/2020\/08\/cropped-80879545_3479261675449035_4078032831501041664_o-4.jpg\",\"contentUrl\":\"https:\/\/www.lavisqteam.fr\/wp-content\/uploads\/2020\/08\/cropped-80879545_3479261675449035_4078032831501041664_o-4.jpg\",\"width\":1674,\"height\":536,\"caption\":\"Lavisqteam.fr\"},\"image\":{\"@id\":\"https:\/\/www.lavisqteam.fr\/#\/schema\/logo\/image\/\"}},{\"@type\":\"Person\",\"@id\":\"https:\/\/www.lavisqteam.fr\/#\/schema\/person\/e2e3eb3cb179a4f0299403b29e235d24\",\"name\":\"Lildrille\",\"image\":{\"@type\":\"ImageObject\",\"inLanguage\":\"fr-FR\",\"@id\":\"https:\/\/www.lavisqteam.fr\/#\/schema\/person\/image\/\",\"url\":\"https:\/\/secure.gravatar.com\/avatar\/1fbe78d5f27ffb4f9c29619bd30c90db?s=96&d=mm&r=g\",\"contentUrl\":\"https:\/\/secure.gravatar.com\/avatar\/1fbe78d5f27ffb4f9c29619bd30c90db?s=96&d=mm&r=g\",\"caption\":\"Lildrille\"},\"description\":\"Passionn\u00e9e d\u2019imaginaire et d\u2019\u00e9vasion depuis longtemps, \u00e9crire et lire sont mes activit\u00e9s favorites. Dans un monde souvent sombre, m'\u00e9vader et fournir du r\u00eave sont mes objectifs. Suivez-moi en tant qu'auteure ici : https:\/\/www.2passions1dream.com\/. Et en tant que chroniqueuse aussi l\u00e0 : https:\/\/simplement.pro\/u\/Lildrille.\",\"sameAs\":[\"http:\/\/Lavisqteam.fr\",\"https:\/\/www.facebook.com\/chloe.garcia.351\",\"https:\/\/www.instagram.com\/chloe.garcia.artiste\/\",\"https:\/\/www.linkedin.com\/in\/garcia-chloe\/\"],\"url\":\"https:\/\/www.lavisqteam.fr\/?author=2\"}]}<\/script>\n<!-- \/ Yoast SEO plugin. -->","yoast_head_json":{"title":"Rozenn T.02 - La\u00ebtitia Danae - Lavisqteam.fr","robots":{"index":"index","follow":"follow","max-snippet":"max-snippet:-1","max-image-preview":"max-image-preview:large","max-video-preview":"max-video-preview:-1"},"canonical":"https:\/\/www.lavisqteam.fr\/?p=57832","og_locale":"fr_FR","og_type":"article","og_title":"Rozenn T.02 - La\u00ebtitia Danae - Lavisqteam.fr","og_description":"Auteure&nbsp;: Laetitia Danae Editeur&nbsp;: J\u2019ai Lu Genre&nbsp;: Fantasy R\u00e9sum\u00e9&nbsp;: Rozenn Kaplang est une rebelle.La voil\u00e0 \u00e0 prendre les armes aupr\u00e8s des siens contre le sultan. &hellip;","og_url":"https:\/\/www.lavisqteam.fr\/?p=57832","og_site_name":"Lavisqteam.fr","article_author":"https:\/\/www.facebook.com\/chloe.garcia.351","article_published_time":"2021-10-14T21:09:08+00:00","article_modified_time":"2021-12-30T16:27:14+00:00","og_image":[{"width":727,"height":395,"url":"https:\/\/www.lavisqteam.fr\/wp-content\/uploads\/2021\/10\/roze.jpg","type":"image\/jpeg"}],"author":"Lildrille","twitter_card":"summary_large_image","twitter_image":"https:\/\/www.lavisqteam.fr\/wp-content\/uploads\/2021\/10\/roze.jpg","twitter_misc":{"\u00c9crit par":"Lildrille","Dur\u00e9e de lecture estim\u00e9e":"5 minutes"},"schema":{"@context":"https:\/\/schema.org","@graph":[{"@type":"Article","@id":"https:\/\/www.lavisqteam.fr\/?p=57832#article","isPartOf":{"@id":"https:\/\/www.lavisqteam.fr\/?p=57832"},"author":{"name":"Lildrille","@id":"https:\/\/www.lavisqteam.fr\/#\/schema\/person\/e2e3eb3cb179a4f0299403b29e235d24"},"headline":"Rozenn T.02 &#8211; La\u00ebtitia Danae","datePublished":"2021-10-14T21:09:08+00:00","dateModified":"2021-12-30T16:27:14+00:00","mainEntityOfPage":{"@id":"https:\/\/www.lavisqteam.fr\/?p=57832"},"wordCount":934,"commentCount":0,"publisher":{"@id":"https:\/\/www.lavisqteam.fr\/#organization"},"articleSection":["Roman"],"inLanguage":"fr-FR","potentialAction":[{"@type":"CommentAction","name":"Comment","target":["https:\/\/www.lavisqteam.fr\/?p=57832#respond"]}]},{"@type":"WebPage","@id":"https:\/\/www.lavisqteam.fr\/?p=57832","url":"https:\/\/www.lavisqteam.fr\/?p=57832","name":"Rozenn T.02 - La\u00ebtitia Danae - Lavisqteam.fr","isPartOf":{"@id":"https:\/\/www.lavisqteam.fr\/#website"},"datePublished":"2021-10-14T21:09:08+00:00","dateModified":"2021-12-30T16:27:14+00:00","breadcrumb":{"@id":"https:\/\/www.lavisqteam.fr\/?p=57832#breadcrumb"},"inLanguage":"fr-FR","potentialAction":[{"@type":"ReadAction","target":["https:\/\/www.lavisqteam.fr\/?p=57832"]}]},{"@type":"BreadcrumbList","@id":"https:\/\/www.lavisqteam.fr\/?p=57832#breadcrumb","itemListElement":[{"@type":"ListItem","position":1,"name":"Accueil","item":"https:\/\/www.lavisqteam.fr\/"},{"@type":"ListItem","position":2,"name":"Rozenn T.02 &#8211; La\u00ebtitia Danae"}]},{"@type":"WebSite","@id":"https:\/\/www.lavisqteam.fr\/#website","url":"https:\/\/www.lavisqteam.fr\/","name":"Lavisqteam.fr","description":"","publisher":{"@id":"https:\/\/www.lavisqteam.fr\/#organization"},"potentialAction":[{"@type":"SearchAction","target":{"@type":"EntryPoint","urlTemplate":"https:\/\/www.lavisqteam.fr\/?s={search_term_string}"},"query-input":"required name=search_term_string"}],"inLanguage":"fr-FR"},{"@type":"Organization","@id":"https:\/\/www.lavisqteam.fr\/#organization","name":"Lavisqteam.fr","url":"https:\/\/www.lavisqteam.fr\/","sameAs":[],"logo":{"@type":"ImageObject","inLanguage":"fr-FR","@id":"https:\/\/www.lavisqteam.fr\/#\/schema\/logo\/image\/","url":"https:\/\/www.lavisqteam.fr\/wp-content\/uploads\/2020\/08\/cropped-80879545_3479261675449035_4078032831501041664_o-4.jpg","contentUrl":"https:\/\/www.lavisqteam.fr\/wp-content\/uploads\/2020\/08\/cropped-80879545_3479261675449035_4078032831501041664_o-4.jpg","width":1674,"height":536,"caption":"Lavisqteam.fr"},"image":{"@id":"https:\/\/www.lavisqteam.fr\/#\/schema\/logo\/image\/"}},{"@type":"Person","@id":"https:\/\/www.lavisqteam.fr\/#\/schema\/person\/e2e3eb3cb179a4f0299403b29e235d24","name":"Lildrille","image":{"@type":"ImageObject","inLanguage":"fr-FR","@id":"https:\/\/www.lavisqteam.fr\/#\/schema\/person\/image\/","url":"https:\/\/secure.gravatar.com\/avatar\/1fbe78d5f27ffb4f9c29619bd30c90db?s=96&d=mm&r=g","contentUrl":"https:\/\/secure.gravatar.com\/avatar\/1fbe78d5f27ffb4f9c29619bd30c90db?s=96&d=mm&r=g","caption":"Lildrille"},"description":"Passionn\u00e9e d\u2019imaginaire et d\u2019\u00e9vasion depuis longtemps, \u00e9crire et lire sont mes activit\u00e9s favorites. Dans un monde souvent sombre, m'\u00e9vader et fournir du r\u00eave sont mes objectifs. Suivez-moi en tant qu'auteure ici : https:\/\/www.2passions1dream.com\/. Et en tant que chroniqueuse aussi l\u00e0 : https:\/\/simplement.pro\/u\/Lildrille.","sameAs":["http:\/\/Lavisqteam.fr","https:\/\/www.facebook.com\/chloe.garcia.351","https:\/\/www.instagram.com\/chloe.garcia.artiste\/","https:\/\/www.linkedin.com\/in\/garcia-chloe\/"],"url":"https:\/\/www.lavisqteam.fr\/?author=2"}]}},"jetpack_featured_media_url":"https:\/\/www.lavisqteam.fr\/wp-content\/uploads\/2021\/10\/roze.jpg","_links":{"self":[{"href":"https:\/\/www.lavisqteam.fr\/index.php?rest_route=\/wp\/v2\/posts\/57832"}],"collection":[{"href":"https:\/\/www.lavisqteam.fr\/index.php?rest_route=\/wp\/v2\/posts"}],"about":[{"href":"https:\/\/www.lavisqteam.fr\/index.php?rest_route=\/wp\/v2\/types\/post"}],"author":[{"embeddable":true,"href":"https:\/\/www.lavisqteam.fr\/index.php?rest_route=\/wp\/v2\/users\/2"}],"replies":[{"embeddable":true,"href":"https:\/\/www.lavisqteam.fr\/index.php?rest_route=%2Fwp%2Fv2%2Fcomments&post=57832"}],"version-history":[{"count":3,"href":"https:\/\/www.lavisqteam.fr\/index.php?rest_route=\/wp\/v2\/posts\/57832\/revisions"}],"predecessor-version":[{"id":61067,"href":"https:\/\/www.lavisqteam.fr\/index.php?rest_route=\/wp\/v2\/posts\/57832\/revisions\/61067"}],"wp:featuredmedia":[{"embeddable":true,"href":"https:\/\/www.lavisqteam.fr\/index.php?rest_route=\/wp\/v2\/media\/57834"}],"wp:attachment":[{"href":"https:\/\/www.lavisqteam.fr\/index.php?rest_route=%2Fwp%2Fv2%2Fmedia&parent=57832"}],"wp:term":[{"taxonomy":"category","embeddable":true,"href":"https:\/\/www.lavisqteam.fr\/index.php?rest_route=%2Fwp%2Fv2%2Fcategories&post=57832"},{"taxonomy":"post_tag","embeddable":true,"href":"https:\/\/www.lavisqteam.fr\/index.php?rest_route=%2Fwp%2Fv2%2Ftags&post=57832"}],"curies":[{"name":"wp","href":"https:\/\/api.w.org\/{rel}","templated":true}]}}