{"id":5746,"date":"2014-02-09T21:48:37","date_gmt":"2014-02-09T21:48:37","guid":{"rendered":"http:\/\/www.lavisqteam.fr\/?p=5746"},"modified":"2014-02-09T21:48:37","modified_gmt":"2014-02-09T21:48:37","slug":"yves-saint-laurent","status":"publish","type":"post","link":"https:\/\/www.lavisqteam.fr\/?p=5746","title":{"rendered":"Yves Saint Laurent"},"content":{"rendered":"<p style=\"text-align: center;\"><a href=\"https:\/\/www.lavisqteam.fr\/wp-content\/uploads\/2014\/02\/245119.jpg-r_640_600-b_1_D6D6D6-f_jpg-q_x-xxyxx.jpg\"><img loading=\"lazy\" class=\"alignnone size-full wp-image-5747\" alt=\"245119.jpg-r_640_600-b_1_D6D6D6-f_jpg-q_x-xxyxx\" src=\"https:\/\/www.lavisqteam.fr\/wp-content\/uploads\/2014\/02\/245119.jpg-r_640_600-b_1_D6D6D6-f_jpg-q_x-xxyxx.jpg\" width=\"451\" height=\"600\" srcset=\"https:\/\/www.lavisqteam.fr\/wp-content\/uploads\/2014\/02\/245119.jpg-r_640_600-b_1_D6D6D6-f_jpg-q_x-xxyxx.jpg 451w, https:\/\/www.lavisqteam.fr\/wp-content\/uploads\/2014\/02\/245119.jpg-r_640_600-b_1_D6D6D6-f_jpg-q_x-xxyxx-225x300.jpg 225w\" sizes=\"(max-width: 451px) 100vw, 451px\" \/><\/a><\/p>\n<p><b>De\u00a0: <\/b>Jalil Lespert<\/p>\n<p><b>Avec <\/b>Pierre Niney, Guillaume Gallienne, Charlotte Le Bon, Laura Smet<\/p>\n<p><b>Ann\u00e9e\u00a0: <\/b>2013<\/p>\n<p><b>Pays\u00a0: <\/b>France<\/p>\n<p><b>Genre\u00a0: <\/b>Biopic<\/p>\n<p><b>R\u00e9sum\u00e9\u00a0:<\/b><\/p>\n<p>Paris, 1957. A tout juste 21 ans, Yves Saint Laurent est appel\u00e9 \u00e0 prendre en main les destin\u00e9es de la prestigieuse maison de haute couture fond\u00e9e par Christian Dior, r\u00e9cemment d\u00e9c\u00e9d\u00e9. Lors de son premier d\u00e9fil\u00e9 triomphal, il fait la connaissance de Pierre Berg\u00e9, rencontre qui va bouleverser sa vie. Amants et partenaires en affaires, les deux hommes s\u2019associent trois ans plus tard pour cr\u00e9er la soci\u00e9t\u00e9 Yves Saint Laurent. Malgr\u00e9 ses obsessions et ses d\u00e9mons int\u00e9rieurs, Yves Saint Laurent s\u2019appr\u00eate \u00e0 r\u00e9volutionner le monde de la mode avec son approche moderne et iconoclaste.<\/p>\n<p><b>Avis\u00a0:<\/b><b><\/b><\/p>\n<p>2014 marque l&rsquo;ann\u00e9e o\u00f9 le cin\u00e9ma fran\u00e7ais d\u00e9cide de rendre hommage au c\u00e9l\u00e8bre couturier Yves saint Laurent. En effet, cette ann\u00e9e nous auront le droit \u00e0 deux films sur le couturier, celui-ci et \u00a0\u00bb <b>Saint Laurent<\/b> \u00a0\u00bb qui sortira en Octobre avec <i>Gaspard Ulliel<\/i> dans le r\u00f4le principal.<\/p>\n<p>Alors que donne ce premier film, r\u00e9alis\u00e9 par <i>Jalil Lespert<\/i> dont c&rsquo;est le troisi\u00e8me film (Il a d\u00e9j\u00e0 r\u00e9alis\u00e9 \u00ab\u00a0<b>24 mesures<\/b>\u00a0\u00bb et \u00ab\u00a0<b>Des vents contraires<\/b>\u00ab\u00a0) ?<\/p>\n<p>Et bien le cin\u00e9aste nous a peint le beau portrait d&rsquo;un homme fascinant. Le film a quelques faiblesses, mais le r\u00e9sultat est convaincant et le film est port\u00e9 par deux acteurs impeccables.<\/p>\n<p style=\"text-align: center;\"><a href=\"https:\/\/www.lavisqteam.fr\/wp-content\/uploads\/2014\/02\/21055845_20131107160110306.jpg-r_640_600-b_1_D6D6D6-f_jpg-q_x-xxyxx.jpg\"><img loading=\"lazy\" class=\"alignnone size-full wp-image-5748\" alt=\"21055845_20131107160110306.jpg-r_640_600-b_1_D6D6D6-f_jpg-q_x-xxyxx\" src=\"https:\/\/www.lavisqteam.fr\/wp-content\/uploads\/2014\/02\/21055845_20131107160110306.jpg-r_640_600-b_1_D6D6D6-f_jpg-q_x-xxyxx.jpg\" width=\"640\" height=\"480\" srcset=\"https:\/\/www.lavisqteam.fr\/wp-content\/uploads\/2014\/02\/21055845_20131107160110306.jpg-r_640_600-b_1_D6D6D6-f_jpg-q_x-xxyxx.jpg 640w, https:\/\/www.lavisqteam.fr\/wp-content\/uploads\/2014\/02\/21055845_20131107160110306.jpg-r_640_600-b_1_D6D6D6-f_jpg-q_x-xxyxx-300x225.jpg 300w, https:\/\/www.lavisqteam.fr\/wp-content\/uploads\/2014\/02\/21055845_20131107160110306.jpg-r_640_600-b_1_D6D6D6-f_jpg-q_x-xxyxx-100x75.jpg 100w\" sizes=\"(max-width: 640px) 100vw, 640px\" \/><\/a><\/p>\n<p>Paris 1957, Yves Mathieu Saint Laurent travaille dans la c\u00e9l\u00e8bre maison de haute couture Dior. Lorsque le c\u00e9l\u00e8bre couturier Christian Dior d\u00e9c\u00e8de, Yves saint Laurent va devenir le directeur artistique de la maison et va essayer de redonner un coup de jeune \u00e0 la maison, en gardant le style classique de Dior tout en essayant d&rsquo;imposer son empreinte.<\/p>\n<p>Lors de son premier d\u00e9fil\u00e9, il va faire la rencontre de Pierre Berg\u00e9. Une rencontre qui va changer sa vie \u00e0 jamais, car Pierre Berg\u00e9 sera l&rsquo;homme se sa vie, son fid\u00e8le compagnon. Celui qui sera l\u00e0 dans les moments de bonheur comme ceux de doutes. Car, Yves Saint Laurent est un homme fragile et tourment\u00e9.<\/p>\n<p>Pierre Berg\u00e9 va alors le pousser \u00e0 ouvrir sa propre maison de couture, apr\u00e8s une rupture de contrat de la part de Dior. Ce que personne ne savait, c&rsquo;est que Yves Saint Laurent s&rsquo;appr\u00eater alors \u00e0 bouleverser le monde de la mode et ses cr\u00e9ations vont r\u00e9inventer la femme moderne.<\/p>\n<p>Yves Saint Laurent, un nom connu de tous, mais que ce cache-t-il derri\u00e8re ce nom ? Qui \u00e9tait l&rsquo;homme derri\u00e8re la mode, la r\u00e9volution, le tissu et l&rsquo;\u00e9l\u00e9gance ? C&rsquo;est justement ce que nous propose <i>Jalil Lespert<\/i> avec ce biopic un peu trop classique, mais diablement prenant.<\/p>\n<p>Pour ma part j&rsquo;ai beaucoup aim\u00e9 ce film. J&rsquo;ai trouv\u00e9 que le r\u00e9alisateur peignait un tr\u00e8s beau portrait, simple et complexe en m\u00eame temps, un peu comme devait l&rsquo;\u00eatre le couturier. J&rsquo;ai trouv\u00e9 la vie de Saint Laurent fascisante et tr\u00e8s bien romanc\u00e9e et son histoire d\u00e9chirante.<\/p>\n<p><i>Jalil Lespert<\/i> nous invite \u00e0 rentrer dans l&rsquo;intimit\u00e9 d&rsquo;Yves Saint Laurent sans voyeurisme et avec pudeur. Il va nous montrer l&rsquo;homme avec ses failles, ses d\u00e9mons et surtout ses doutes, mais aussi les moments de bonheur, de joie, d&rsquo;intimit\u00e9 \u00e0 deux, l&rsquo;homme de sa vie, son histoire d&rsquo;amour avec Pierre Berg\u00e9. Le portrait est juste et touchant, c&rsquo;est bien \u00e9crit, simple et on se laisse facilement prendre dans cette histoire. J&rsquo;ai beaucoup aim\u00e9 qu&rsquo;on sente le travail en amont du film, les recherches du r\u00e9alisateur pour nous offrir le portrait le plus pr\u00e9cis possible du couturier. La vie d&rsquo;Yves Saint Laurent est magique, d\u00e9mesur\u00e9e, c&rsquo;est un parcours extraordinaire d&rsquo;Oran \u00e0 Paris, de la gloire au doute et \u00e0 la destruction. Il y avait mati\u00e8re \u00e0 en faire un bon film et <i>Jalil Lespert<\/i> r\u00e9alise un film passionnant jusqu&rsquo;au g\u00e9n\u00e9rique final.<\/p>\n<p>En plus d&rsquo;avoir un sc\u00e9nario solide, <i>Jalil Lespert<\/i> r\u00e9alise un tr\u00e8s beau film visuellement. La mise en sc\u00e8ne est brillante, les images sont merveilleuses, les d\u00e9fil\u00e9s sublimes. L&rsquo;\u00e9poque est parfaitement reconstitu\u00e9e. Les costumes parfaits. <i>Jalil Lespert<\/i> a emprunt\u00e9 \u00e0 Pierre Berg\u00e9 les vraies collections de Saint Laurent, ce qui donne un effet encore plus authentique au film. C&rsquo;est beau et on prend plaisir \u00e0 revoir une partie de notre patrimoine. Le seul petit souci que j&rsquo;aurais \u00e0 lui faire, c&rsquo;est que le film est trop classique, il manque un peu de folie, mais bon ce n\u2019est qu&rsquo;un d\u00e9tail. Et c&rsquo;est dommage que le r\u00e9alisateur ait fini son film de la sorte, car alors que j&rsquo;ai ador\u00e9 tout le film, j&rsquo;ai trouv\u00e9 la derni\u00e8re sc\u00e8ne et surtout la musique insupportable. Cette chanson m&rsquo;a cass\u00e9e les oreilles et j&rsquo;avoue que quand elle s&rsquo;est finie \u00e7a faisait vraiment du bien. J&rsquo;ai trouv\u00e9 qu&rsquo;elle entachait un peu le film et d&rsquo;un coup lui donne un air tr\u00e8s kitsch, alors que le r\u00e9alisateur avait r\u00e9ussi \u00e0 \u00e9viter \u00e7a pendant tout son film.<\/p>\n<p>Et puis il y a ce couple d&rsquo;acteurs form\u00e9 par <i>Pierre Niney<\/i> et <i>Guillaume Gallienne<\/i>. Les deux acteurs sont impeccables, ils vont tr\u00e8s bien ensemble, il y a une belle alchimie qui se d\u00e9gage d&rsquo;eux. <i>Pierre Niney<\/i> est saisissant dans la peau du couturier. Il est incroyable de mim\u00e9tisme, chaque mot, chaque intonation, chaque geste est parfait et juste. Il est tout simplement parfait en Saint Laurent. Mais bizarrement ce n\u2019est pas lui qui m&rsquo;a touch\u00e9 le plus, c&rsquo;est <i>Guillaume Gallienne<\/i>, dans son interpr\u00e9tation que j&rsquo;ai trouv\u00e9 tr\u00e8s belle, mais aussi dans son personnage que j&rsquo;ai trouv\u00e9 d\u00e9chirant. Il est l&rsquo;homme de l&rsquo;ombre de Saint Laurent, celui qui a tout support\u00e9 par amour sans jamais rechigner. <i>Gallienne<\/i> est sensible et dur en m\u00eame temps. Le com\u00e9dien fait passer beaucoup de choses, sans rien dire (Amour, frustration, envie, d\u00e9sir, jalousie et bien d&rsquo;autre), il m&rsquo;a profond\u00e9ment touch\u00e9 et \u00e9mu.<\/p>\n<p>Le reste du casting est compos\u00e9 de bons seconds r\u00f4les. <i>Charlotte Le Bon<\/i> est tr\u00e8s dr\u00f4le, c&rsquo;est une jolie touche de fra\u00eecheur, <i>Nikolai Kinski<\/i> est excellent en Karl Lagerfeld et <i>Xavier Lafitte<\/i> appara\u00eet peu, mais il est captivant. Par contre, <i>Laura Smet<\/i>, qui joue tr\u00e8s bien passe compl\u00e8tement inaper\u00e7ue, son personnage est sous-exploit\u00e9.<\/p>\n<p style=\"text-align: center;\"><a href=\"https:\/\/www.lavisqteam.fr\/wp-content\/uploads\/2014\/02\/21055848_20131107160111243.jpg-r_640_600-b_1_D6D6D6-f_jpg-q_x-xxyxx.jpg\"><img loading=\"lazy\" class=\"alignnone size-full wp-image-5749\" alt=\"21055848_20131107160111243.jpg-r_640_600-b_1_D6D6D6-f_jpg-q_x-xxyxx\" src=\"https:\/\/www.lavisqteam.fr\/wp-content\/uploads\/2014\/02\/21055848_20131107160111243.jpg-r_640_600-b_1_D6D6D6-f_jpg-q_x-xxyxx.jpg\" width=\"640\" height=\"480\" srcset=\"https:\/\/www.lavisqteam.fr\/wp-content\/uploads\/2014\/02\/21055848_20131107160111243.jpg-r_640_600-b_1_D6D6D6-f_jpg-q_x-xxyxx.jpg 640w, https:\/\/www.lavisqteam.fr\/wp-content\/uploads\/2014\/02\/21055848_20131107160111243.jpg-r_640_600-b_1_D6D6D6-f_jpg-q_x-xxyxx-300x225.jpg 300w, https:\/\/www.lavisqteam.fr\/wp-content\/uploads\/2014\/02\/21055848_20131107160111243.jpg-r_640_600-b_1_D6D6D6-f_jpg-q_x-xxyxx-100x75.jpg 100w\" sizes=\"(max-width: 640px) 100vw, 640px\" \/><\/a><\/p>\n<p>\u00ab\u00a0<b>Yves Saint Laurent<\/b>\u00a0\u00bb est donc un bon film qui vaut le coup d&rsquo;\u0153il. C&rsquo;est sensible, touchant, \u00e9mouvant, c&rsquo;est aussi instructif, les acteurs sont remarquables et j&rsquo;ai vraiment ador\u00e9 la reconstitution de l&rsquo;\u00e9poque de ce film.<\/p>\n<p>Pour son troisi\u00e8me film, <i>Jalil Lespert<\/i> nous d\u00e9montre qu&rsquo;il est un bon r\u00e9alisateur. J&rsquo;avais ador\u00e9 son \u00ab\u00a0<b>Des vents contraires<\/b>\u00ab\u00a0, maintenant il me tarde de voir \u00ab\u00a0<b>24 mesures<\/b>\u00ab\u00a0.<\/p>\n<p><b>Note\u00a0: 15\/20<\/b><\/p>\n<p style=\"text-align: center;\">[youtube]http:\/\/www.youtube.com\/watch?v=fkJmDfmEams[\/youtube]<\/p>\n<p style=\"text-align: right;\">Par <strong>Cin\u00e9ted<\/strong><\/p>\n","protected":false},"excerpt":{"rendered":"<p>De\u00a0: Jalil Lespert Avec Pierre Niney, Guillaume Gallienne, Charlotte Le Bon, Laura Smet Ann\u00e9e\u00a0: 2013 Pays\u00a0: France Genre\u00a0: Biopic R\u00e9sum\u00e9\u00a0: Paris, 1957. A tout juste &hellip; <\/p>\n","protected":false},"author":1,"featured_media":5747,"comment_status":"open","ping_status":"open","sticky":false,"template":"","format":"standard","meta":[],"categories":[1],"tags":[],"yoast_head":"<!-- This site is optimized with the Yoast SEO plugin v19.6.1 - https:\/\/yoast.com\/wordpress\/plugins\/seo\/ -->\n<title>Yves Saint Laurent - Lavisqteam.fr<\/title>\n<meta name=\"robots\" content=\"index, follow, max-snippet:-1, max-image-preview:large, max-video-preview:-1\" \/>\n<link rel=\"canonical\" href=\"https:\/\/www.lavisqteam.fr\/?p=5746\" \/>\n<meta property=\"og:locale\" content=\"fr_FR\" \/>\n<meta property=\"og:type\" content=\"article\" \/>\n<meta property=\"og:title\" content=\"Yves Saint Laurent - Lavisqteam.fr\" \/>\n<meta property=\"og:description\" content=\"De\u00a0: Jalil Lespert Avec Pierre Niney, Guillaume Gallienne, Charlotte Le Bon, Laura Smet Ann\u00e9e\u00a0: 2013 Pays\u00a0: France Genre\u00a0: Biopic R\u00e9sum\u00e9\u00a0: Paris, 1957. A tout juste &hellip;\" \/>\n<meta property=\"og:url\" content=\"https:\/\/www.lavisqteam.fr\/?p=5746\" \/>\n<meta property=\"og:site_name\" content=\"Lavisqteam.fr\" \/>\n<meta property=\"article:published_time\" content=\"2014-02-09T21:48:37+00:00\" \/>\n<meta property=\"og:image\" content=\"https:\/\/www.lavisqteam.fr\/wp-content\/uploads\/2014\/02\/245119.jpg-r_640_600-b_1_D6D6D6-f_jpg-q_x-xxyxx.jpg\" \/>\n\t<meta property=\"og:image:width\" content=\"451\" \/>\n\t<meta property=\"og:image:height\" content=\"600\" \/>\n\t<meta property=\"og:image:type\" content=\"image\/jpeg\" \/>\n<meta name=\"author\" content=\"AqME\" \/>\n<meta name=\"twitter:card\" content=\"summary_large_image\" \/>\n<meta name=\"twitter:label1\" content=\"\u00c9crit par\" \/>\n\t<meta name=\"twitter:data1\" content=\"AqME\" \/>\n\t<meta name=\"twitter:label2\" content=\"Dur\u00e9e de lecture estim\u00e9e\" \/>\n\t<meta name=\"twitter:data2\" content=\"6 minutes\" \/>\n<script type=\"application\/ld+json\" class=\"yoast-schema-graph\">{\"@context\":\"https:\/\/schema.org\",\"@graph\":[{\"@type\":\"Article\",\"@id\":\"https:\/\/www.lavisqteam.fr\/?p=5746#article\",\"isPartOf\":{\"@id\":\"https:\/\/www.lavisqteam.fr\/?p=5746\"},\"author\":{\"name\":\"AqME\",\"@id\":\"https:\/\/www.lavisqteam.fr\/#\/schema\/person\/da11d7c30bf135b288b17cc576708c2d\"},\"headline\":\"Yves Saint Laurent\",\"datePublished\":\"2014-02-09T21:48:37+00:00\",\"dateModified\":\"2014-02-09T21:48:37+00:00\",\"mainEntityOfPage\":{\"@id\":\"https:\/\/www.lavisqteam.fr\/?p=5746\"},\"wordCount\":1151,\"commentCount\":0,\"publisher\":{\"@id\":\"https:\/\/www.lavisqteam.fr\/#organization\"},\"articleSection\":[\"Uncategorized\"],\"inLanguage\":\"fr-FR\",\"potentialAction\":[{\"@type\":\"CommentAction\",\"name\":\"Comment\",\"target\":[\"https:\/\/www.lavisqteam.fr\/?p=5746#respond\"]}]},{\"@type\":\"WebPage\",\"@id\":\"https:\/\/www.lavisqteam.fr\/?p=5746\",\"url\":\"https:\/\/www.lavisqteam.fr\/?p=5746\",\"name\":\"Yves Saint Laurent - Lavisqteam.fr\",\"isPartOf\":{\"@id\":\"https:\/\/www.lavisqteam.fr\/#website\"},\"datePublished\":\"2014-02-09T21:48:37+00:00\",\"dateModified\":\"2014-02-09T21:48:37+00:00\",\"breadcrumb\":{\"@id\":\"https:\/\/www.lavisqteam.fr\/?p=5746#breadcrumb\"},\"inLanguage\":\"fr-FR\",\"potentialAction\":[{\"@type\":\"ReadAction\",\"target\":[\"https:\/\/www.lavisqteam.fr\/?p=5746\"]}]},{\"@type\":\"BreadcrumbList\",\"@id\":\"https:\/\/www.lavisqteam.fr\/?p=5746#breadcrumb\",\"itemListElement\":[{\"@type\":\"ListItem\",\"position\":1,\"name\":\"Accueil\",\"item\":\"https:\/\/www.lavisqteam.fr\/\"},{\"@type\":\"ListItem\",\"position\":2,\"name\":\"Yves Saint Laurent\"}]},{\"@type\":\"WebSite\",\"@id\":\"https:\/\/www.lavisqteam.fr\/#website\",\"url\":\"https:\/\/www.lavisqteam.fr\/\",\"name\":\"Lavisqteam.fr\",\"description\":\"\",\"publisher\":{\"@id\":\"https:\/\/www.lavisqteam.fr\/#organization\"},\"potentialAction\":[{\"@type\":\"SearchAction\",\"target\":{\"@type\":\"EntryPoint\",\"urlTemplate\":\"https:\/\/www.lavisqteam.fr\/?s={search_term_string}\"},\"query-input\":\"required name=search_term_string\"}],\"inLanguage\":\"fr-FR\"},{\"@type\":\"Organization\",\"@id\":\"https:\/\/www.lavisqteam.fr\/#organization\",\"name\":\"Lavisqteam.fr\",\"url\":\"https:\/\/www.lavisqteam.fr\/\",\"sameAs\":[],\"logo\":{\"@type\":\"ImageObject\",\"inLanguage\":\"fr-FR\",\"@id\":\"https:\/\/www.lavisqteam.fr\/#\/schema\/logo\/image\/\",\"url\":\"https:\/\/www.lavisqteam.fr\/wp-content\/uploads\/2020\/08\/cropped-80879545_3479261675449035_4078032831501041664_o-4.jpg\",\"contentUrl\":\"https:\/\/www.lavisqteam.fr\/wp-content\/uploads\/2020\/08\/cropped-80879545_3479261675449035_4078032831501041664_o-4.jpg\",\"width\":1674,\"height\":536,\"caption\":\"Lavisqteam.fr\"},\"image\":{\"@id\":\"https:\/\/www.lavisqteam.fr\/#\/schema\/logo\/image\/\"}},{\"@type\":\"Person\",\"@id\":\"https:\/\/www.lavisqteam.fr\/#\/schema\/person\/da11d7c30bf135b288b17cc576708c2d\",\"name\":\"AqME\",\"image\":{\"@type\":\"ImageObject\",\"inLanguage\":\"fr-FR\",\"@id\":\"https:\/\/www.lavisqteam.fr\/#\/schema\/person\/image\/\",\"url\":\"https:\/\/secure.gravatar.com\/avatar\/4a87d013fc854acd0f25858a13573675?s=96&d=mm&r=g\",\"contentUrl\":\"https:\/\/secure.gravatar.com\/avatar\/4a87d013fc854acd0f25858a13573675?s=96&d=mm&r=g\",\"caption\":\"AqME\"},\"description\":\"Amateur d'horreur, M\u00e9talleux dans l'\u00e2me, je succombe facilement \u00e0 des images de chatons.\",\"url\":\"https:\/\/www.lavisqteam.fr\/?author=1\"}]}<\/script>\n<!-- \/ Yoast SEO plugin. -->","yoast_head_json":{"title":"Yves Saint Laurent - Lavisqteam.fr","robots":{"index":"index","follow":"follow","max-snippet":"max-snippet:-1","max-image-preview":"max-image-preview:large","max-video-preview":"max-video-preview:-1"},"canonical":"https:\/\/www.lavisqteam.fr\/?p=5746","og_locale":"fr_FR","og_type":"article","og_title":"Yves Saint Laurent - Lavisqteam.fr","og_description":"De\u00a0: Jalil Lespert Avec Pierre Niney, Guillaume Gallienne, Charlotte Le Bon, Laura Smet Ann\u00e9e\u00a0: 2013 Pays\u00a0: France Genre\u00a0: Biopic R\u00e9sum\u00e9\u00a0: Paris, 1957. A tout juste &hellip;","og_url":"https:\/\/www.lavisqteam.fr\/?p=5746","og_site_name":"Lavisqteam.fr","article_published_time":"2014-02-09T21:48:37+00:00","og_image":[{"width":451,"height":600,"url":"https:\/\/www.lavisqteam.fr\/wp-content\/uploads\/2014\/02\/245119.jpg-r_640_600-b_1_D6D6D6-f_jpg-q_x-xxyxx.jpg","type":"image\/jpeg"}],"author":"AqME","twitter_card":"summary_large_image","twitter_misc":{"\u00c9crit par":"AqME","Dur\u00e9e de lecture estim\u00e9e":"6 minutes"},"schema":{"@context":"https:\/\/schema.org","@graph":[{"@type":"Article","@id":"https:\/\/www.lavisqteam.fr\/?p=5746#article","isPartOf":{"@id":"https:\/\/www.lavisqteam.fr\/?p=5746"},"author":{"name":"AqME","@id":"https:\/\/www.lavisqteam.fr\/#\/schema\/person\/da11d7c30bf135b288b17cc576708c2d"},"headline":"Yves Saint Laurent","datePublished":"2014-02-09T21:48:37+00:00","dateModified":"2014-02-09T21:48:37+00:00","mainEntityOfPage":{"@id":"https:\/\/www.lavisqteam.fr\/?p=5746"},"wordCount":1151,"commentCount":0,"publisher":{"@id":"https:\/\/www.lavisqteam.fr\/#organization"},"articleSection":["Uncategorized"],"inLanguage":"fr-FR","potentialAction":[{"@type":"CommentAction","name":"Comment","target":["https:\/\/www.lavisqteam.fr\/?p=5746#respond"]}]},{"@type":"WebPage","@id":"https:\/\/www.lavisqteam.fr\/?p=5746","url":"https:\/\/www.lavisqteam.fr\/?p=5746","name":"Yves Saint Laurent - Lavisqteam.fr","isPartOf":{"@id":"https:\/\/www.lavisqteam.fr\/#website"},"datePublished":"2014-02-09T21:48:37+00:00","dateModified":"2014-02-09T21:48:37+00:00","breadcrumb":{"@id":"https:\/\/www.lavisqteam.fr\/?p=5746#breadcrumb"},"inLanguage":"fr-FR","potentialAction":[{"@type":"ReadAction","target":["https:\/\/www.lavisqteam.fr\/?p=5746"]}]},{"@type":"BreadcrumbList","@id":"https:\/\/www.lavisqteam.fr\/?p=5746#breadcrumb","itemListElement":[{"@type":"ListItem","position":1,"name":"Accueil","item":"https:\/\/www.lavisqteam.fr\/"},{"@type":"ListItem","position":2,"name":"Yves Saint Laurent"}]},{"@type":"WebSite","@id":"https:\/\/www.lavisqteam.fr\/#website","url":"https:\/\/www.lavisqteam.fr\/","name":"Lavisqteam.fr","description":"","publisher":{"@id":"https:\/\/www.lavisqteam.fr\/#organization"},"potentialAction":[{"@type":"SearchAction","target":{"@type":"EntryPoint","urlTemplate":"https:\/\/www.lavisqteam.fr\/?s={search_term_string}"},"query-input":"required name=search_term_string"}],"inLanguage":"fr-FR"},{"@type":"Organization","@id":"https:\/\/www.lavisqteam.fr\/#organization","name":"Lavisqteam.fr","url":"https:\/\/www.lavisqteam.fr\/","sameAs":[],"logo":{"@type":"ImageObject","inLanguage":"fr-FR","@id":"https:\/\/www.lavisqteam.fr\/#\/schema\/logo\/image\/","url":"https:\/\/www.lavisqteam.fr\/wp-content\/uploads\/2020\/08\/cropped-80879545_3479261675449035_4078032831501041664_o-4.jpg","contentUrl":"https:\/\/www.lavisqteam.fr\/wp-content\/uploads\/2020\/08\/cropped-80879545_3479261675449035_4078032831501041664_o-4.jpg","width":1674,"height":536,"caption":"Lavisqteam.fr"},"image":{"@id":"https:\/\/www.lavisqteam.fr\/#\/schema\/logo\/image\/"}},{"@type":"Person","@id":"https:\/\/www.lavisqteam.fr\/#\/schema\/person\/da11d7c30bf135b288b17cc576708c2d","name":"AqME","image":{"@type":"ImageObject","inLanguage":"fr-FR","@id":"https:\/\/www.lavisqteam.fr\/#\/schema\/person\/image\/","url":"https:\/\/secure.gravatar.com\/avatar\/4a87d013fc854acd0f25858a13573675?s=96&d=mm&r=g","contentUrl":"https:\/\/secure.gravatar.com\/avatar\/4a87d013fc854acd0f25858a13573675?s=96&d=mm&r=g","caption":"AqME"},"description":"Amateur d'horreur, M\u00e9talleux dans l'\u00e2me, je succombe facilement \u00e0 des images de chatons.","url":"https:\/\/www.lavisqteam.fr\/?author=1"}]}},"jetpack_featured_media_url":"https:\/\/www.lavisqteam.fr\/wp-content\/uploads\/2014\/02\/245119.jpg-r_640_600-b_1_D6D6D6-f_jpg-q_x-xxyxx.jpg","_links":{"self":[{"href":"https:\/\/www.lavisqteam.fr\/index.php?rest_route=\/wp\/v2\/posts\/5746"}],"collection":[{"href":"https:\/\/www.lavisqteam.fr\/index.php?rest_route=\/wp\/v2\/posts"}],"about":[{"href":"https:\/\/www.lavisqteam.fr\/index.php?rest_route=\/wp\/v2\/types\/post"}],"author":[{"embeddable":true,"href":"https:\/\/www.lavisqteam.fr\/index.php?rest_route=\/wp\/v2\/users\/1"}],"replies":[{"embeddable":true,"href":"https:\/\/www.lavisqteam.fr\/index.php?rest_route=%2Fwp%2Fv2%2Fcomments&post=5746"}],"version-history":[{"count":1,"href":"https:\/\/www.lavisqteam.fr\/index.php?rest_route=\/wp\/v2\/posts\/5746\/revisions"}],"predecessor-version":[{"id":5750,"href":"https:\/\/www.lavisqteam.fr\/index.php?rest_route=\/wp\/v2\/posts\/5746\/revisions\/5750"}],"wp:featuredmedia":[{"embeddable":true,"href":"https:\/\/www.lavisqteam.fr\/index.php?rest_route=\/wp\/v2\/media\/5747"}],"wp:attachment":[{"href":"https:\/\/www.lavisqteam.fr\/index.php?rest_route=%2Fwp%2Fv2%2Fmedia&parent=5746"}],"wp:term":[{"taxonomy":"category","embeddable":true,"href":"https:\/\/www.lavisqteam.fr\/index.php?rest_route=%2Fwp%2Fv2%2Fcategories&post=5746"},{"taxonomy":"post_tag","embeddable":true,"href":"https:\/\/www.lavisqteam.fr\/index.php?rest_route=%2Fwp%2Fv2%2Ftags&post=5746"}],"curies":[{"name":"wp","href":"https:\/\/api.w.org\/{rel}","templated":true}]}}