{"id":5705,"date":"2014-02-06T20:54:28","date_gmt":"2014-02-06T20:54:28","guid":{"rendered":"http:\/\/www.lavisqteam.fr\/?p=5705"},"modified":"2014-02-06T20:54:28","modified_gmt":"2014-02-06T20:54:28","slug":"minuscule-la-vallee-des-fourmis-perdues","status":"publish","type":"post","link":"https:\/\/www.lavisqteam.fr\/?p=5705","title":{"rendered":"Minuscule &#8211; La Vall\u00e9e des Fourmis Perdues"},"content":{"rendered":"<p style=\"text-align: center;\"><a href=\"https:\/\/www.lavisqteam.fr\/wp-content\/uploads\/2014\/02\/543188.jpg-r_640_600-b_1_D6D6D6-f_jpg-q_x-xxyxx.jpg\"><img loading=\"lazy\" class=\"alignnone size-full wp-image-5706\" alt=\"543188.jpg-r_640_600-b_1_D6D6D6-f_jpg-q_x-xxyxx\" src=\"https:\/\/www.lavisqteam.fr\/wp-content\/uploads\/2014\/02\/543188.jpg-r_640_600-b_1_D6D6D6-f_jpg-q_x-xxyxx.jpg\" width=\"442\" height=\"600\" srcset=\"https:\/\/www.lavisqteam.fr\/wp-content\/uploads\/2014\/02\/543188.jpg-r_640_600-b_1_D6D6D6-f_jpg-q_x-xxyxx.jpg 442w, https:\/\/www.lavisqteam.fr\/wp-content\/uploads\/2014\/02\/543188.jpg-r_640_600-b_1_D6D6D6-f_jpg-q_x-xxyxx-221x300.jpg 221w\" sizes=\"(max-width: 442px) 100vw, 442px\" \/><\/a><\/p>\n<p><b>De\u00a0: <\/b>Thomas Szabo et H\u00e9l\u00e8ne Giraud<\/p>\n<p><b>Ann\u00e9e\u00a0: <\/b>2013<\/p>\n<p><b>Pays\u00a0: <\/b>France<\/p>\n<p><b>Genre\u00a0: <\/b>Animation<\/p>\n<p><b>R\u00e9sum\u00e9\u00a0:<\/b><\/p>\n<p>Dans une paisible for\u00eat, les reliefs d\u2019un pique-nique d\u00e9clenchent une guerre sans merci entre deux bandes rivales de fourmis convoitant le m\u00eame butin: une bo\u00eete de sucres! C\u2019est dans cette tourmente qu\u2019une jeune coccinelle va se lier d\u2019amiti\u00e9 avec une fourmi noire et l\u2019aider \u00e0 sauver son peuple des terribles fourmis rouges&#8230;<\/p>\n<p><b>Avis\u00a0:<\/b><b><\/b><\/p>\n<p>Qui a dit qu&rsquo;en France on n\u2019avait plus de talent ? Moi je trouve qu&rsquo;en France on d\u00e9borde de talent, on a toujours plein de nouveaut\u00e9s, on exp\u00e9rimente, on se diversifie, on essaie de ne pas tomber dans la facilit\u00e9. \u00ab\u00a0<b>Minuscule &#8211; La vall\u00e9e des fourmis perdues\u00a0\u00bb<\/b> en est encore une jolie preuve. Ce film qu&rsquo;on n\u2019attendait pas est un petit enchantement devant lequel on s&rsquo;amuse bien et devant lequel on retrouve l&rsquo;espace d&rsquo;un film son \u00e2me d&rsquo;enfant. \u00ab\u00a0<b>Minuscule<\/b>\u00a0\u00bb c&rsquo;est joli, c&rsquo;est fun, c&rsquo;est dr\u00f4le et super bien foutu.<\/p>\n<p style=\"text-align: center;\"><a href=\"https:\/\/www.lavisqteam.fr\/wp-content\/uploads\/2014\/02\/026396.jpg-r_640_600-b_1_D6D6D6-f_jpg-q_x-xxyxx.jpg\"><img loading=\"lazy\" class=\"alignnone size-full wp-image-5707\" alt=\"026396.jpg-r_640_600-b_1_D6D6D6-f_jpg-q_x-xxyxx\" src=\"https:\/\/www.lavisqteam.fr\/wp-content\/uploads\/2014\/02\/026396.jpg-r_640_600-b_1_D6D6D6-f_jpg-q_x-xxyxx.jpg\" width=\"640\" height=\"373\" srcset=\"https:\/\/www.lavisqteam.fr\/wp-content\/uploads\/2014\/02\/026396.jpg-r_640_600-b_1_D6D6D6-f_jpg-q_x-xxyxx.jpg 640w, https:\/\/www.lavisqteam.fr\/wp-content\/uploads\/2014\/02\/026396.jpg-r_640_600-b_1_D6D6D6-f_jpg-q_x-xxyxx-300x174.jpg 300w\" sizes=\"(max-width: 640px) 100vw, 640px\" \/><\/a><\/p>\n<p>Il est une paisible for\u00eat dans les montagnes fran\u00e7aises. Dans cette for\u00eat vie toute un \u00e9cosyst\u00e8me qui a ses lois, ses interdits et ses rivalit\u00e9s. Depuis des ann\u00e9es maintenant les cigales et autres grillons chantent en secret les louanges d&rsquo;une petite coccinelle et de son courage qui a chang\u00e9 bien des choses.<\/p>\n<p>Un matin comme tant d&rsquo;autres, une fourmi noire trouve une boite \u00e0 sucre oubli\u00e9e par un couple quelques heures plut\u00f4t. Dans cette boite \u00e0 sucre, une petite coccinelle avait trouv\u00e9e refuge, car elle avait perdu ses parents et s&rsquo;\u00e9tait bris\u00e9 une aile. La fourmi, aid\u00e9e par ses coll\u00e8gues, d\u00e9cide d&rsquo;entreprendre un long voyage jusqu&rsquo;\u00e0 leur fourmili\u00e8re. Mais le voyage va \u00eatre p\u00e9nible, car nos petites fourmis vont \u00eatre prisent en chasse par une bande de fourmis rouges qui sont bien d\u00e9cid\u00e9es \u00e0 les an\u00e9antir.<\/p>\n<p>Avant de voir la bande-annonce, je n&rsquo;avais jamais entendu parler de \u00ab\u00a0<b>Minuscule<\/b>\u00ab\u00a0, pas m\u00eame la s\u00e9rie dont le film est une suite (si je ne me trompe pas). Mais \u00e0 la vision de cette bande-annonce j&rsquo;ai tout de suite \u00e9t\u00e9 charm\u00e9 par l&rsquo;univers, les personnages et l&rsquo;ambiance que le film avait. C&rsquo;est donc avec beaucoup d&rsquo;envie et de curiosit\u00e9 que je suis parti m&rsquo;enfermer dans une salle obscure pour m&rsquo;\u00e9vader avec ses petits insectes au beau milieu des montagnes fran\u00e7aises.<\/p>\n<p>Quand on regarde \u00ab\u00a0<b>Minuscule<\/b>\u00a0\u00bb au d\u00e9part on est un peu perturb\u00e9, car le film s&rsquo;ouvre sur un couple pique-niquant dans un magnifique d\u00e9cor de montagnes fran\u00e7aises et \u00e0 ma grande surprise, il n&rsquo;y a aucun dialogue, simplement des bruitages. Mais le charme op\u00e8re et peu \u00e0 peu on se laisse prendre dans ce film qui se r\u00e9v\u00e8le \u00eatre tr\u00e8s charmant. \u00ab\u00a0<b>Minuscule<\/b>\u00a0\u00bb est plein de petites dr\u00f4leries, de petits bruitages sympas, l&rsquo;histoire est aussi curieuse qu&rsquo;amusante, les petits insectes sont g\u00e9niaux, les deux r\u00e9alisateurs arrivent \u00e0 nous faire sourire avec des actions tr\u00e8s bien trouv\u00e9es. L&rsquo;histoire est simple et pourtant elle marche tr\u00e8s bien et malgr\u00e9 le fait qu&rsquo;il n&rsquo;y ait pas de dialogues, le film se suit sans ennui, bien au contraire puisqu&rsquo;on aurait m\u00eame aim\u00e9 qu&rsquo;il soit plus long.<\/p>\n<p>La mise en sc\u00e8ne est g\u00e9niale, le film tr\u00e8s beau. \u00ab\u00a0<b>Minuscule<\/b>\u00a0\u00bb c&rsquo;est un film qui m\u00e9lange prise de vues r\u00e9els pour les d\u00e9cors et les r\u00e9alisateurs y ont parfaitement int\u00e9gr\u00e9s tous les petits personnages dans leurs sc\u00e8nes. D&rsquo;ailleurs les effets sp\u00e9ciaux sont tr\u00e8s bons, m\u00eame si les personnages font tr\u00e8s animation, ils sont dans un sens bien r\u00e9alistes. La montagne, la for\u00eat et les rivi\u00e8res sont parfaitement mis en valeur. D&rsquo;ailleurs j&rsquo;ai trouv\u00e9 que les d\u00e9cors \u00e9taient des personnages \u00e0 eux seuls. Les r\u00e9alisateurs ont bien su capter la vie de la for\u00eat et l&rsquo;ont rendu magique \u00e0 l&rsquo;\u00e9cran.<\/p>\n<p>Les personnages sont super chouettes. La petite coccinelle est dr\u00f4le, son amie la fourmi est assez touchante. J&rsquo;ai trouv\u00e9 qu&rsquo;il y a avait un joli travail sur les regards des personnages et sans rien nous dire, ils nous transmettent beaucoup. Mais sur tous les personnages, mon pr\u00e9f\u00e9r\u00e9, c&rsquo;est le chef des fourmis rouges. Il est terrible ce personnage, c&rsquo;est le mal incarn\u00e9, son regard est si m\u00e9chant, il porte tant de haine en lui, c&rsquo;est g\u00e9nial et il m&rsquo;a fait rire tout le long. J&rsquo;aurais m\u00eame aim\u00e9 qu&rsquo;on le voit plus, pour le coup.<\/p>\n<p style=\"text-align: center;\"><a href=\"https:\/\/www.lavisqteam.fr\/wp-content\/uploads\/2014\/02\/032021.jpg-r_640_600-b_1_D6D6D6-f_jpg-q_x-xxyxx.jpg\"><img loading=\"lazy\" class=\"alignnone size-full wp-image-5708\" alt=\"032021.jpg-r_640_600-b_1_D6D6D6-f_jpg-q_x-xxyxx\" src=\"https:\/\/www.lavisqteam.fr\/wp-content\/uploads\/2014\/02\/032021.jpg-r_640_600-b_1_D6D6D6-f_jpg-q_x-xxyxx.jpg\" width=\"640\" height=\"330\" srcset=\"https:\/\/www.lavisqteam.fr\/wp-content\/uploads\/2014\/02\/032021.jpg-r_640_600-b_1_D6D6D6-f_jpg-q_x-xxyxx.jpg 640w, https:\/\/www.lavisqteam.fr\/wp-content\/uploads\/2014\/02\/032021.jpg-r_640_600-b_1_D6D6D6-f_jpg-q_x-xxyxx-300x154.jpg 300w, https:\/\/www.lavisqteam.fr\/wp-content\/uploads\/2014\/02\/032021.jpg-r_640_600-b_1_D6D6D6-f_jpg-q_x-xxyxx-250x130.jpg 250w\" sizes=\"(max-width: 640px) 100vw, 640px\" \/><\/a><\/p>\n<p>Voil\u00e0 ce que je pouvais dire sur \u00ab\u00a0<b>Minuscule &#8211; La vall\u00e9e des fourmis perdues<\/b>\u00ab\u00a0, je ne suis pas d\u00e9\u00e7u de ma soir\u00e9e. Le film a tenu toutes ses promesses et m&rsquo;a m\u00eame donn\u00e9 envie de d\u00e9couvrir la s\u00e9rie. \u00ab\u00a0<b>Minuscule<\/b>\u00a0\u00bb c&rsquo;est un joli moment de cin\u00e9ma un peu \u00e0 part. Un tr\u00e8s bon moment garanti, c&rsquo;est un film qui vaut vraiment le coup d\u2019\u0153il.<\/p>\n<p><b>Note\u00a0: 16\/20<\/b><\/p>\n<p style=\"text-align: center;\">[youtube]http:\/\/www.youtube.com\/watch?v=L8VuoczGbBA[\/youtube]<\/p>\n<p style=\"text-align: right;\">Par <strong>Cin\u00e9ted<\/strong><\/p>\n","protected":false},"excerpt":{"rendered":"<p>De\u00a0: Thomas Szabo et H\u00e9l\u00e8ne Giraud Ann\u00e9e\u00a0: 2013 Pays\u00a0: France Genre\u00a0: Animation R\u00e9sum\u00e9\u00a0: Dans une paisible for\u00eat, les reliefs d\u2019un pique-nique d\u00e9clenchent une guerre sans &hellip; <\/p>\n","protected":false},"author":1,"featured_media":5706,"comment_status":"open","ping_status":"open","sticky":false,"template":"","format":"standard","meta":[],"categories":[1],"tags":[],"yoast_head":"<!-- This site is optimized with the Yoast SEO plugin v19.6.1 - https:\/\/yoast.com\/wordpress\/plugins\/seo\/ -->\n<title>Minuscule - La Vall\u00e9e des Fourmis Perdues - Lavisqteam.fr<\/title>\n<meta name=\"robots\" content=\"index, follow, max-snippet:-1, max-image-preview:large, max-video-preview:-1\" \/>\n<link rel=\"canonical\" href=\"https:\/\/www.lavisqteam.fr\/?p=5705\" \/>\n<meta property=\"og:locale\" content=\"fr_FR\" \/>\n<meta property=\"og:type\" content=\"article\" \/>\n<meta property=\"og:title\" content=\"Minuscule - La Vall\u00e9e des Fourmis Perdues - Lavisqteam.fr\" \/>\n<meta property=\"og:description\" content=\"De\u00a0: Thomas Szabo et H\u00e9l\u00e8ne Giraud Ann\u00e9e\u00a0: 2013 Pays\u00a0: France Genre\u00a0: Animation R\u00e9sum\u00e9\u00a0: Dans une paisible for\u00eat, les reliefs d\u2019un pique-nique d\u00e9clenchent une guerre sans &hellip;\" \/>\n<meta property=\"og:url\" content=\"https:\/\/www.lavisqteam.fr\/?p=5705\" \/>\n<meta property=\"og:site_name\" content=\"Lavisqteam.fr\" \/>\n<meta property=\"article:published_time\" content=\"2014-02-06T20:54:28+00:00\" \/>\n<meta property=\"og:image\" content=\"https:\/\/www.lavisqteam.fr\/wp-content\/uploads\/2014\/02\/543188.jpg-r_640_600-b_1_D6D6D6-f_jpg-q_x-xxyxx.jpg\" \/>\n\t<meta property=\"og:image:width\" content=\"442\" \/>\n\t<meta property=\"og:image:height\" content=\"600\" \/>\n\t<meta property=\"og:image:type\" content=\"image\/jpeg\" \/>\n<meta name=\"author\" content=\"AqME\" \/>\n<meta name=\"twitter:card\" content=\"summary_large_image\" \/>\n<meta name=\"twitter:label1\" content=\"\u00c9crit par\" \/>\n\t<meta name=\"twitter:data1\" content=\"AqME\" \/>\n\t<meta name=\"twitter:label2\" content=\"Dur\u00e9e de lecture estim\u00e9e\" \/>\n\t<meta name=\"twitter:data2\" content=\"4 minutes\" \/>\n<script type=\"application\/ld+json\" class=\"yoast-schema-graph\">{\"@context\":\"https:\/\/schema.org\",\"@graph\":[{\"@type\":\"Article\",\"@id\":\"https:\/\/www.lavisqteam.fr\/?p=5705#article\",\"isPartOf\":{\"@id\":\"https:\/\/www.lavisqteam.fr\/?p=5705\"},\"author\":{\"name\":\"AqME\",\"@id\":\"https:\/\/www.lavisqteam.fr\/#\/schema\/person\/da11d7c30bf135b288b17cc576708c2d\"},\"headline\":\"Minuscule &#8211; La Vall\u00e9e des Fourmis Perdues\",\"datePublished\":\"2014-02-06T20:54:28+00:00\",\"dateModified\":\"2014-02-06T20:54:28+00:00\",\"mainEntityOfPage\":{\"@id\":\"https:\/\/www.lavisqteam.fr\/?p=5705\"},\"wordCount\":858,\"commentCount\":0,\"publisher\":{\"@id\":\"https:\/\/www.lavisqteam.fr\/#organization\"},\"articleSection\":[\"Uncategorized\"],\"inLanguage\":\"fr-FR\",\"potentialAction\":[{\"@type\":\"CommentAction\",\"name\":\"Comment\",\"target\":[\"https:\/\/www.lavisqteam.fr\/?p=5705#respond\"]}]},{\"@type\":\"WebPage\",\"@id\":\"https:\/\/www.lavisqteam.fr\/?p=5705\",\"url\":\"https:\/\/www.lavisqteam.fr\/?p=5705\",\"name\":\"Minuscule - La Vall\u00e9e des Fourmis Perdues - Lavisqteam.fr\",\"isPartOf\":{\"@id\":\"https:\/\/www.lavisqteam.fr\/#website\"},\"datePublished\":\"2014-02-06T20:54:28+00:00\",\"dateModified\":\"2014-02-06T20:54:28+00:00\",\"breadcrumb\":{\"@id\":\"https:\/\/www.lavisqteam.fr\/?p=5705#breadcrumb\"},\"inLanguage\":\"fr-FR\",\"potentialAction\":[{\"@type\":\"ReadAction\",\"target\":[\"https:\/\/www.lavisqteam.fr\/?p=5705\"]}]},{\"@type\":\"BreadcrumbList\",\"@id\":\"https:\/\/www.lavisqteam.fr\/?p=5705#breadcrumb\",\"itemListElement\":[{\"@type\":\"ListItem\",\"position\":1,\"name\":\"Accueil\",\"item\":\"https:\/\/www.lavisqteam.fr\/\"},{\"@type\":\"ListItem\",\"position\":2,\"name\":\"Minuscule &#8211; La Vall\u00e9e des Fourmis Perdues\"}]},{\"@type\":\"WebSite\",\"@id\":\"https:\/\/www.lavisqteam.fr\/#website\",\"url\":\"https:\/\/www.lavisqteam.fr\/\",\"name\":\"Lavisqteam.fr\",\"description\":\"\",\"publisher\":{\"@id\":\"https:\/\/www.lavisqteam.fr\/#organization\"},\"potentialAction\":[{\"@type\":\"SearchAction\",\"target\":{\"@type\":\"EntryPoint\",\"urlTemplate\":\"https:\/\/www.lavisqteam.fr\/?s={search_term_string}\"},\"query-input\":\"required name=search_term_string\"}],\"inLanguage\":\"fr-FR\"},{\"@type\":\"Organization\",\"@id\":\"https:\/\/www.lavisqteam.fr\/#organization\",\"name\":\"Lavisqteam.fr\",\"url\":\"https:\/\/www.lavisqteam.fr\/\",\"sameAs\":[],\"logo\":{\"@type\":\"ImageObject\",\"inLanguage\":\"fr-FR\",\"@id\":\"https:\/\/www.lavisqteam.fr\/#\/schema\/logo\/image\/\",\"url\":\"https:\/\/www.lavisqteam.fr\/wp-content\/uploads\/2020\/08\/cropped-80879545_3479261675449035_4078032831501041664_o-4.jpg\",\"contentUrl\":\"https:\/\/www.lavisqteam.fr\/wp-content\/uploads\/2020\/08\/cropped-80879545_3479261675449035_4078032831501041664_o-4.jpg\",\"width\":1674,\"height\":536,\"caption\":\"Lavisqteam.fr\"},\"image\":{\"@id\":\"https:\/\/www.lavisqteam.fr\/#\/schema\/logo\/image\/\"}},{\"@type\":\"Person\",\"@id\":\"https:\/\/www.lavisqteam.fr\/#\/schema\/person\/da11d7c30bf135b288b17cc576708c2d\",\"name\":\"AqME\",\"image\":{\"@type\":\"ImageObject\",\"inLanguage\":\"fr-FR\",\"@id\":\"https:\/\/www.lavisqteam.fr\/#\/schema\/person\/image\/\",\"url\":\"https:\/\/secure.gravatar.com\/avatar\/4a87d013fc854acd0f25858a13573675?s=96&d=mm&r=g\",\"contentUrl\":\"https:\/\/secure.gravatar.com\/avatar\/4a87d013fc854acd0f25858a13573675?s=96&d=mm&r=g\",\"caption\":\"AqME\"},\"description\":\"Amateur d'horreur, M\u00e9talleux dans l'\u00e2me, je succombe facilement \u00e0 des images de chatons.\",\"url\":\"https:\/\/www.lavisqteam.fr\/?author=1\"}]}<\/script>\n<!-- \/ Yoast SEO plugin. -->","yoast_head_json":{"title":"Minuscule - La Vall\u00e9e des Fourmis Perdues - Lavisqteam.fr","robots":{"index":"index","follow":"follow","max-snippet":"max-snippet:-1","max-image-preview":"max-image-preview:large","max-video-preview":"max-video-preview:-1"},"canonical":"https:\/\/www.lavisqteam.fr\/?p=5705","og_locale":"fr_FR","og_type":"article","og_title":"Minuscule - La Vall\u00e9e des Fourmis Perdues - Lavisqteam.fr","og_description":"De\u00a0: Thomas Szabo et H\u00e9l\u00e8ne Giraud Ann\u00e9e\u00a0: 2013 Pays\u00a0: France Genre\u00a0: Animation R\u00e9sum\u00e9\u00a0: Dans une paisible for\u00eat, les reliefs d\u2019un pique-nique d\u00e9clenchent une guerre sans &hellip;","og_url":"https:\/\/www.lavisqteam.fr\/?p=5705","og_site_name":"Lavisqteam.fr","article_published_time":"2014-02-06T20:54:28+00:00","og_image":[{"width":442,"height":600,"url":"https:\/\/www.lavisqteam.fr\/wp-content\/uploads\/2014\/02\/543188.jpg-r_640_600-b_1_D6D6D6-f_jpg-q_x-xxyxx.jpg","type":"image\/jpeg"}],"author":"AqME","twitter_card":"summary_large_image","twitter_misc":{"\u00c9crit par":"AqME","Dur\u00e9e de lecture estim\u00e9e":"4 minutes"},"schema":{"@context":"https:\/\/schema.org","@graph":[{"@type":"Article","@id":"https:\/\/www.lavisqteam.fr\/?p=5705#article","isPartOf":{"@id":"https:\/\/www.lavisqteam.fr\/?p=5705"},"author":{"name":"AqME","@id":"https:\/\/www.lavisqteam.fr\/#\/schema\/person\/da11d7c30bf135b288b17cc576708c2d"},"headline":"Minuscule &#8211; La Vall\u00e9e des Fourmis Perdues","datePublished":"2014-02-06T20:54:28+00:00","dateModified":"2014-02-06T20:54:28+00:00","mainEntityOfPage":{"@id":"https:\/\/www.lavisqteam.fr\/?p=5705"},"wordCount":858,"commentCount":0,"publisher":{"@id":"https:\/\/www.lavisqteam.fr\/#organization"},"articleSection":["Uncategorized"],"inLanguage":"fr-FR","potentialAction":[{"@type":"CommentAction","name":"Comment","target":["https:\/\/www.lavisqteam.fr\/?p=5705#respond"]}]},{"@type":"WebPage","@id":"https:\/\/www.lavisqteam.fr\/?p=5705","url":"https:\/\/www.lavisqteam.fr\/?p=5705","name":"Minuscule - La Vall\u00e9e des Fourmis Perdues - Lavisqteam.fr","isPartOf":{"@id":"https:\/\/www.lavisqteam.fr\/#website"},"datePublished":"2014-02-06T20:54:28+00:00","dateModified":"2014-02-06T20:54:28+00:00","breadcrumb":{"@id":"https:\/\/www.lavisqteam.fr\/?p=5705#breadcrumb"},"inLanguage":"fr-FR","potentialAction":[{"@type":"ReadAction","target":["https:\/\/www.lavisqteam.fr\/?p=5705"]}]},{"@type":"BreadcrumbList","@id":"https:\/\/www.lavisqteam.fr\/?p=5705#breadcrumb","itemListElement":[{"@type":"ListItem","position":1,"name":"Accueil","item":"https:\/\/www.lavisqteam.fr\/"},{"@type":"ListItem","position":2,"name":"Minuscule &#8211; La Vall\u00e9e des Fourmis Perdues"}]},{"@type":"WebSite","@id":"https:\/\/www.lavisqteam.fr\/#website","url":"https:\/\/www.lavisqteam.fr\/","name":"Lavisqteam.fr","description":"","publisher":{"@id":"https:\/\/www.lavisqteam.fr\/#organization"},"potentialAction":[{"@type":"SearchAction","target":{"@type":"EntryPoint","urlTemplate":"https:\/\/www.lavisqteam.fr\/?s={search_term_string}"},"query-input":"required name=search_term_string"}],"inLanguage":"fr-FR"},{"@type":"Organization","@id":"https:\/\/www.lavisqteam.fr\/#organization","name":"Lavisqteam.fr","url":"https:\/\/www.lavisqteam.fr\/","sameAs":[],"logo":{"@type":"ImageObject","inLanguage":"fr-FR","@id":"https:\/\/www.lavisqteam.fr\/#\/schema\/logo\/image\/","url":"https:\/\/www.lavisqteam.fr\/wp-content\/uploads\/2020\/08\/cropped-80879545_3479261675449035_4078032831501041664_o-4.jpg","contentUrl":"https:\/\/www.lavisqteam.fr\/wp-content\/uploads\/2020\/08\/cropped-80879545_3479261675449035_4078032831501041664_o-4.jpg","width":1674,"height":536,"caption":"Lavisqteam.fr"},"image":{"@id":"https:\/\/www.lavisqteam.fr\/#\/schema\/logo\/image\/"}},{"@type":"Person","@id":"https:\/\/www.lavisqteam.fr\/#\/schema\/person\/da11d7c30bf135b288b17cc576708c2d","name":"AqME","image":{"@type":"ImageObject","inLanguage":"fr-FR","@id":"https:\/\/www.lavisqteam.fr\/#\/schema\/person\/image\/","url":"https:\/\/secure.gravatar.com\/avatar\/4a87d013fc854acd0f25858a13573675?s=96&d=mm&r=g","contentUrl":"https:\/\/secure.gravatar.com\/avatar\/4a87d013fc854acd0f25858a13573675?s=96&d=mm&r=g","caption":"AqME"},"description":"Amateur d'horreur, M\u00e9talleux dans l'\u00e2me, je succombe facilement \u00e0 des images de chatons.","url":"https:\/\/www.lavisqteam.fr\/?author=1"}]}},"jetpack_featured_media_url":"https:\/\/www.lavisqteam.fr\/wp-content\/uploads\/2014\/02\/543188.jpg-r_640_600-b_1_D6D6D6-f_jpg-q_x-xxyxx.jpg","_links":{"self":[{"href":"https:\/\/www.lavisqteam.fr\/index.php?rest_route=\/wp\/v2\/posts\/5705"}],"collection":[{"href":"https:\/\/www.lavisqteam.fr\/index.php?rest_route=\/wp\/v2\/posts"}],"about":[{"href":"https:\/\/www.lavisqteam.fr\/index.php?rest_route=\/wp\/v2\/types\/post"}],"author":[{"embeddable":true,"href":"https:\/\/www.lavisqteam.fr\/index.php?rest_route=\/wp\/v2\/users\/1"}],"replies":[{"embeddable":true,"href":"https:\/\/www.lavisqteam.fr\/index.php?rest_route=%2Fwp%2Fv2%2Fcomments&post=5705"}],"version-history":[{"count":1,"href":"https:\/\/www.lavisqteam.fr\/index.php?rest_route=\/wp\/v2\/posts\/5705\/revisions"}],"predecessor-version":[{"id":5709,"href":"https:\/\/www.lavisqteam.fr\/index.php?rest_route=\/wp\/v2\/posts\/5705\/revisions\/5709"}],"wp:featuredmedia":[{"embeddable":true,"href":"https:\/\/www.lavisqteam.fr\/index.php?rest_route=\/wp\/v2\/media\/5706"}],"wp:attachment":[{"href":"https:\/\/www.lavisqteam.fr\/index.php?rest_route=%2Fwp%2Fv2%2Fmedia&parent=5705"}],"wp:term":[{"taxonomy":"category","embeddable":true,"href":"https:\/\/www.lavisqteam.fr\/index.php?rest_route=%2Fwp%2Fv2%2Fcategories&post=5705"},{"taxonomy":"post_tag","embeddable":true,"href":"https:\/\/www.lavisqteam.fr\/index.php?rest_route=%2Fwp%2Fv2%2Ftags&post=5705"}],"curies":[{"name":"wp","href":"https:\/\/api.w.org\/{rel}","templated":true}]}}