{"id":56911,"date":"2021-06-07T16:55:38","date_gmt":"2021-06-07T16:55:38","guid":{"rendered":"http:\/\/www.lavisqteam.fr\/?p=56911"},"modified":"2021-06-07T16:55:40","modified_gmt":"2021-06-07T16:55:40","slug":"jurassic-world-la-colo-du-cretace-saison-3","status":"publish","type":"post","link":"https:\/\/www.lavisqteam.fr\/?p=56911","title":{"rendered":"Jurassic World &#8211; La Colo du Cr\u00e9tac\u00e9 Saison 3"},"content":{"rendered":"\n<div class=\"wp-block-image\"><figure class=\"aligncenter size-large is-resized\"><a href=\"https:\/\/www.lavisqteam.fr\/wp-content\/uploads\/2021\/06\/194354265_956868641796566_2298481771066426899_n.jpg\"><img src=\"https:\/\/www.lavisqteam.fr\/wp-content\/uploads\/2021\/06\/194354265_956868641796566_2298481771066426899_n-698x1024.jpg\" alt=\"\" class=\"wp-image-56912\" width=\"600\" srcset=\"https:\/\/www.lavisqteam.fr\/wp-content\/uploads\/2021\/06\/194354265_956868641796566_2298481771066426899_n-698x1024.jpg 698w, https:\/\/www.lavisqteam.fr\/wp-content\/uploads\/2021\/06\/194354265_956868641796566_2298481771066426899_n-205x300.jpg 205w, https:\/\/www.lavisqteam.fr\/wp-content\/uploads\/2021\/06\/194354265_956868641796566_2298481771066426899_n-768x1126.jpg 768w, https:\/\/www.lavisqteam.fr\/wp-content\/uploads\/2021\/06\/194354265_956868641796566_2298481771066426899_n.jpg 977w\" sizes=\"(max-width: 698px) 100vw, 698px\" \/><\/a><\/figure><\/div>\n\n\n\n<p><strong>D\u2019Apr\u00e8s une id\u00e9e de&nbsp;: <\/strong>Zack Stentz<\/p>\n\n\n\n<p><strong>Avec les Voix de <\/strong>Paul-Mikel Williams, Jenna Ortega, Ryan Potter, Kausar Mahommed<\/p>\n\n\n\n<p><strong>Pays&nbsp;: <\/strong>Etats-Unis<\/p>\n\n\n\n<p><strong>Nombre d\u2019Episodes&nbsp;: <\/strong>10<\/p>\n\n\n\n<p><strong>Genre&nbsp;: <\/strong>Animation<\/p>\n\n\n\n<p><strong>R\u00e9sum\u00e9&nbsp;:<\/strong><\/p>\n\n\n\n<p>Les jeunes campeurs d&rsquo;Isla Nublar reviennent pour une nouvelle saison o\u00f9 seul un vrai esprit d&rsquo;\u00e9quipe leur permettra de s&rsquo;\u00e9chapper de l&rsquo;\u00eele des dinosaures en libert\u00e9.<\/p>\n\n\n\n<p><strong>Avis&nbsp;:<\/strong><strong><\/strong><\/p>\n\n\n\n<p>Sc\u00e9nariste am\u00e9ricain, <em>Zack Stentz<\/em> aura mis du temps avant d&rsquo;arriver \u00e0 s&rsquo;occuper de sa premi\u00e8re s\u00e9rie. S\u2018il a bien commenc\u00e9 \u00e0 la t\u00e9l\u00e9vision sur des s\u00e9ries justement, il n&rsquo;\u00e9tait que sc\u00e9nariste sur des \u00e9pisodes ici et l\u00e0. Apr\u00e8s une vingtaine d&rsquo;ann\u00e9es \u00e0 passer d&rsquo;un projet \u00e0 l&rsquo;autre, voici qu&rsquo;en 2020, il se voit confier les r\u00eanes de la s\u00e9rie anim\u00e9e \u00ab\u00a0<strong>Jurassic World<\/strong>\u00ab\u00a0. La s\u00e9rie naviguera entre les deux films \u00ab\u00a0<strong>Jurassic World<\/strong>\u00ab\u00a0, et l&rsquo;on peut dire que m\u00eame si elle ne vole pas tr\u00e8s haut, \u00e9tant principalement un show pour les enfants, <em>Zack Stentz<\/em> r\u00e9ussit bien \u00e0 tenir les r\u00eanes.<\/p>\n\n\n\n<p>Apr\u00e8s une premi\u00e8re saison en Septembre 2020, puis une deuxi\u00e8me en Janvier 2021, <em>Zack Stentz<\/em> ne perd pas de temps, puisque \u00e0 peine quatre mois apr\u00e8s la seconde saison, voici que d\u00e9barque, toujours sur Netflix, la saison trois de \u00ab\u00a0<strong>Jurassic World<\/strong>\u00a0\u00bb et sa \u00ab\u00a0&#8230; <strong>colo du cr\u00e9tac\u00e9<\/strong>\u00ab\u00a0. Toujours livr\u00e9s \u00e0 eux-m\u00eames, les ados de la colo pensaient avoir r\u00e9ussi \u00e0 monter un radeau pour rejoindre le Costa Rica, malheureusement, les voil\u00e0 d\u00e9j\u00e0 de retour sur l&rsquo;\u00eele. Partant toujours sur la base de dix \u00e9pisodes d&rsquo;un peu plus d&rsquo;une vingtaine de minutes, cette nouvelle saison s&rsquo;av\u00e8re riche en aventures, d\u00e9couvertes et surtout, elle a l&rsquo;air de poser de nouvelles bases qui pourraient bien servir pour la suite de la franchise au cin\u00e9ma. Amusante, rafra\u00eechissante, nostalgique car bourr\u00e9e de clins d&rsquo;\u0153il, cette saison trois gagne plein d&rsquo;\u00e9l\u00e9ments et se pose m\u00eame en un sens comme la meilleure \u00e0 ce jour.<\/p>\n\n\n\n<div class=\"wp-block-image\"><figure class=\"aligncenter size-large is-resized\"><a href=\"https:\/\/www.lavisqteam.fr\/wp-content\/uploads\/2021\/06\/194438202_1176807166113761_3027149179944145179_n.jpg\"><img src=\"https:\/\/www.lavisqteam.fr\/wp-content\/uploads\/2021\/06\/194438202_1176807166113761_3027149179944145179_n-1024x576.jpg\" alt=\"\" class=\"wp-image-56914\" width=\"600\" srcset=\"https:\/\/www.lavisqteam.fr\/wp-content\/uploads\/2021\/06\/194438202_1176807166113761_3027149179944145179_n-1024x576.jpg 1024w, https:\/\/www.lavisqteam.fr\/wp-content\/uploads\/2021\/06\/194438202_1176807166113761_3027149179944145179_n-300x169.jpg 300w, https:\/\/www.lavisqteam.fr\/wp-content\/uploads\/2021\/06\/194438202_1176807166113761_3027149179944145179_n-768x432.jpg 768w, https:\/\/www.lavisqteam.fr\/wp-content\/uploads\/2021\/06\/194438202_1176807166113761_3027149179944145179_n.jpg 1280w\" sizes=\"(max-width: 1024px) 100vw, 1024px\" \/><\/a><\/figure><\/div>\n\n\n\n<p>Apr\u00e8s une tentative de fuite en radeau, les six ados de la colo du cr\u00e9tac\u00e9 n&rsquo;arrivent pas \u00e0 quitter l&rsquo;\u00eele, la voile de leur radeau \u00e9tant bien trop l\u00e9g\u00e8re. Pour trouver plus de tissu, les gamins d\u00e9cident de monter au belv\u00e9d\u00e8re, dont \u00e0 l&rsquo;\u00e9poque du parc ouvert, des planeurs \u00e9taient lanc\u00e9s. Ainsi, ils pensent trouver suffisamment de tissu pour faire une plus grande voile, mais une fois en haut, les jeunes vont faire une sacr\u00e9e belle d\u00e9couverte. Pendant ce temps, quelque chose dans la jungle a surv\u00e9cu et s&rsquo;est \u00e9chapp\u00e9 d&rsquo;un des laboratoires du Docteur Wu&#8230;<\/p>\n\n\n\n<p>Voici d\u00e9j\u00e0 vingt \u00e9pisodes que \u00a0\u00bb &#8230; <strong>la colo du cr\u00e9tac\u00e9<\/strong>\u00a0\u00bb a ouvert ses portes et sans \u00eatre incroyable, la s\u00e9rie s&rsquo;est pos\u00e9e comme un petit show somme toute sympathique. Un peu trop enfantin parfois, mais sur l&rsquo;ensemble, la s\u00e9rie arrivait \u00e0 distiller son charme, jouant avec un cocktail d&rsquo;aventure, d&rsquo;\u00e9merveillement avec des yeux d\u2019enfants, de craintes, et un soup\u00e7on de nostalgie pour les plus grands que nous sommes. Ce cocktail si sympathique soit-il pouvait avoir ses limites et \u00e7a, <em>Zack Stentz<\/em> l&rsquo;a compris et c&rsquo;est pourquoi il fallait gentiment faire \u00e9voluer sa s\u00e9rie. Ainsi, cette troisi\u00e8me saison tient plus d&rsquo;aventures, plus de d\u00e9couvertes et bien plus d&rsquo;action, fr\u00f4lant parfois, avec l&rsquo;arriv\u00e9e d&rsquo;un nouveau dino, le petit film d&rsquo;horreur. Si le sc\u00e9nario tourne toujours sur le fait de quitter l&rsquo;\u00eele, ce qui fait tout l&rsquo;int\u00e9r\u00eat de cette saison trois, c&rsquo;est cette chose qui a surv\u00e9cu et qui commence \u00e0 \u00ab\u00a0hanter\u00a0\u00bb l&rsquo;\u00eele, bouleversant les codes et l&rsquo;\u00e9cosyst\u00e8me.<em> Zack Stentz <\/em>va alors s&rsquo;amuser et nous la cacher une bonne partie de la s\u00e9rie, ce qui rendra alors la seconde partie plus \u00ab\u00a0spectaculaire\u00a0\u00bb et surprenante. La petite tension par exemple que la s\u00e9rie exploitait \u00e0 chaque fin d&rsquo;\u00e9pisode pour montrer de plus en plus le monstre cr\u00e9\u00e9 par le Docteur Wu, fait que la corde a fini par se tendre et quand ce dernier fait enfin son entr\u00e9e, il fait passer l&rsquo;Indominus rex pour un chaton \u00e0 c\u00f4t\u00e9.<\/p>\n\n\n\n<p>D&rsquo;ailleurs, on sent qu&rsquo;une tr\u00e8s grosse partie du budget a \u00e9t\u00e9 donn\u00e9e pour cr\u00e9er ce nouveau dinosaure qui est le pire des cauchemars. Avec l&rsquo;arriv\u00e9e de ce nouveau dino et ce qui se passait dans les deux derniers \u00e9pisodes, on imagine tr\u00e8s bien que ces \u00e9v\u00e9nements vont avoir des cons\u00e9quences dans le futur. \u00ab\u00a0&#8230; <strong>la colo du cr\u00e9tac\u00e9<\/strong>\u00a0\u00bb place peu \u00e0 peu ses pi\u00e8ces pour rejoindre les futurs films, et finalement, entre bons, mauvais, g\u00e9nial ou pas terrible, on se laisse bien prendre au jeu et ces \u00e9v\u00e9nements donnent envie de voir la, ou plut\u00f4t les, suites.<\/p>\n\n\n\n<p>En parall\u00e8le de cela, il faut aussi laisser \u00e0 cette saison de bien faire \u00e9voluer ses personnages, qui prennent tous en maturit\u00e9, m\u00eame si parfois, il faut bien l&rsquo;avouer aussi, ces gamins vont prendre des d\u00e9cisions plus que discutables, et voire m\u00eame horripilantes.<\/p>\n\n\n\n<p>Enfin, il faudra aussi noter que la s\u00e9rie est pleine de bonnes id\u00e9es de mise en sc\u00e8ne, offrant des plans et des s\u00e9quences int\u00e9ressantes, des sc\u00e8nes plut\u00f4t cools, un joli sens de l&rsquo;aventure, mais aussi de l&rsquo;amiti\u00e9, m\u00eame si la s\u00e9rie tient aussi son lot d&rsquo;incoh\u00e9rences et de facilit\u00e9s sc\u00e9naristiques (certaines sont m\u00eame flagrantes, comme un oubli de Kenji qui ne passe pas du tout, m\u00eame s\u2019il am\u00e8ne sur des s\u00e9quences plut\u00f4t cools). On ne boudera pas le c\u00f4t\u00e9 gentiment horrifique que la s\u00e9rie peut avoir. Un c\u00f4t\u00e9 qui est une bonne surprise, surtout dans un show pour gamin.<\/p>\n\n\n\n<div class=\"wp-block-image\"><figure class=\"aligncenter size-large is-resized\"><a href=\"https:\/\/www.lavisqteam.fr\/wp-content\/uploads\/2021\/06\/194760771_1641295976078200_1343153950922824985_n.jpg\"><img src=\"https:\/\/www.lavisqteam.fr\/wp-content\/uploads\/2021\/06\/194760771_1641295976078200_1343153950922824985_n-1024x576.jpg\" alt=\"\" class=\"wp-image-56913\" width=\"600\" srcset=\"https:\/\/www.lavisqteam.fr\/wp-content\/uploads\/2021\/06\/194760771_1641295976078200_1343153950922824985_n-1024x576.jpg 1024w, https:\/\/www.lavisqteam.fr\/wp-content\/uploads\/2021\/06\/194760771_1641295976078200_1343153950922824985_n-300x169.jpg 300w, https:\/\/www.lavisqteam.fr\/wp-content\/uploads\/2021\/06\/194760771_1641295976078200_1343153950922824985_n-768x432.jpg 768w, https:\/\/www.lavisqteam.fr\/wp-content\/uploads\/2021\/06\/194760771_1641295976078200_1343153950922824985_n-1536x864.jpg 1536w, https:\/\/www.lavisqteam.fr\/wp-content\/uploads\/2021\/06\/194760771_1641295976078200_1343153950922824985_n.jpg 1920w\" sizes=\"(max-width: 1024px) 100vw, 1024px\" \/><\/a><\/figure><\/div>\n\n\n\n<p>Trois saisons en moins d&rsquo;un an, \u00a0\u00bb &#8230; <strong>la colo du cr\u00e9tac\u00e9<\/strong>\u00a0\u00bb gagne en profondeur et \u00ab\u00a0noirceur\u00a0\u00bb. En fait, plus les saisons d\u00e9filent, et plus le show de <em>Zack Stentz<\/em> se pose comme une bonne petite surprise sympathique \u00e0 suivre. Ainsi donc, sans que ce soit non plus la meilleure s\u00e9rie d&rsquo;animation, ou encore le meilleur de la franchise \u00ab\u00a0<strong>Jurassic Park<\/strong>\u00ab\u00a0, cette \u00ab\u00a0&#8230; <strong>colo du cr\u00e9tac\u00e9<\/strong>\u00a0\u00bb a de quoi s\u00e9duire et l&rsquo;on est d\u00e9sormais curieux de voir sa saison suivante.<\/p>\n\n\n\n<p><strong>Note\u00a0: 13,5\/20<\/strong><\/p>\n\n\n\n<figure class=\"wp-block-embed is-type-video is-provider-youtube wp-block-embed-youtube wp-embed-aspect-16-9 wp-has-aspect-ratio\"><div class=\"wp-block-embed__wrapper\">\n<iframe loading=\"lazy\" title=\"JURASSIC WORLD La Colo du Cr\u00e9tac\u00e9 Saison 3 Bande Annonce VF (2021)\" width=\"1200\" height=\"675\" src=\"https:\/\/www.youtube.com\/embed\/zqWXtDk8k2U?feature=oembed\" frameborder=\"0\" allow=\"accelerometer; autoplay; clipboard-write; encrypted-media; gyroscope; picture-in-picture\" allowfullscreen><\/iframe>\n<\/div><\/figure>\n\n\n\n<p class=\"has-text-align-right\">Par <strong>Cin\u00e9ted<\/strong><\/p>\n","protected":false},"excerpt":{"rendered":"<p>D\u2019Apr\u00e8s une id\u00e9e de&nbsp;: Zack Stentz Avec les Voix de Paul-Mikel Williams, Jenna Ortega, Ryan Potter, Kausar Mahommed Pays&nbsp;: Etats-Unis Nombre d\u2019Episodes&nbsp;: 10 Genre&nbsp;: Animation &hellip; <\/p>\n","protected":false},"author":4,"featured_media":56915,"comment_status":"open","ping_status":"open","sticky":false,"template":"","format":"standard","meta":[],"categories":[13],"tags":[],"yoast_head":"<!-- This site is optimized with the Yoast SEO plugin v19.6.1 - https:\/\/yoast.com\/wordpress\/plugins\/seo\/ -->\n<title>Jurassic World - La Colo du Cr\u00e9tac\u00e9 Saison 3 - Lavisqteam.fr<\/title>\n<meta name=\"robots\" content=\"index, follow, max-snippet:-1, max-image-preview:large, max-video-preview:-1\" \/>\n<link rel=\"canonical\" href=\"https:\/\/www.lavisqteam.fr\/?p=56911\" \/>\n<meta property=\"og:locale\" content=\"fr_FR\" \/>\n<meta property=\"og:type\" content=\"article\" \/>\n<meta property=\"og:title\" content=\"Jurassic World - La Colo du Cr\u00e9tac\u00e9 Saison 3 - Lavisqteam.fr\" \/>\n<meta property=\"og:description\" content=\"D\u2019Apr\u00e8s une id\u00e9e de&nbsp;: Zack Stentz Avec les Voix de Paul-Mikel Williams, Jenna Ortega, Ryan Potter, Kausar Mahommed Pays&nbsp;: Etats-Unis Nombre d\u2019Episodes&nbsp;: 10 Genre&nbsp;: Animation &hellip;\" \/>\n<meta property=\"og:url\" content=\"https:\/\/www.lavisqteam.fr\/?p=56911\" \/>\n<meta property=\"og:site_name\" content=\"Lavisqteam.fr\" \/>\n<meta property=\"article:published_time\" content=\"2021-06-07T16:55:38+00:00\" \/>\n<meta property=\"article:modified_time\" content=\"2021-06-07T16:55:40+00:00\" \/>\n<meta property=\"og:image\" content=\"https:\/\/www.lavisqteam.fr\/wp-content\/uploads\/2021\/06\/colo.jpg\" \/>\n\t<meta property=\"og:image:width\" content=\"727\" \/>\n\t<meta property=\"og:image:height\" content=\"395\" \/>\n\t<meta property=\"og:image:type\" content=\"image\/jpeg\" \/>\n<meta name=\"author\" content=\"Cineted\" \/>\n<meta name=\"twitter:card\" content=\"summary_large_image\" \/>\n<meta name=\"twitter:image\" content=\"https:\/\/www.lavisqteam.fr\/wp-content\/uploads\/2021\/06\/colo.jpg\" \/>\n<meta name=\"twitter:label1\" content=\"\u00c9crit par\" \/>\n\t<meta name=\"twitter:data1\" content=\"Cineted\" \/>\n\t<meta name=\"twitter:label2\" content=\"Dur\u00e9e de lecture estim\u00e9e\" \/>\n\t<meta name=\"twitter:data2\" content=\"5 minutes\" \/>\n<script type=\"application\/ld+json\" class=\"yoast-schema-graph\">{\"@context\":\"https:\/\/schema.org\",\"@graph\":[{\"@type\":\"Article\",\"@id\":\"https:\/\/www.lavisqteam.fr\/?p=56911#article\",\"isPartOf\":{\"@id\":\"https:\/\/www.lavisqteam.fr\/?p=56911\"},\"author\":{\"name\":\"Cineted\",\"@id\":\"https:\/\/www.lavisqteam.fr\/#\/schema\/person\/4ed7295b68bc3daae9094db5f1f9f913\"},\"headline\":\"Jurassic World &#8211; La Colo du Cr\u00e9tac\u00e9 Saison 3\",\"datePublished\":\"2021-06-07T16:55:38+00:00\",\"dateModified\":\"2021-06-07T16:55:40+00:00\",\"mainEntityOfPage\":{\"@id\":\"https:\/\/www.lavisqteam.fr\/?p=56911\"},\"wordCount\":1079,\"commentCount\":0,\"publisher\":{\"@id\":\"https:\/\/www.lavisqteam.fr\/#organization\"},\"articleSection\":[\"S\u00e9rie\"],\"inLanguage\":\"fr-FR\",\"potentialAction\":[{\"@type\":\"CommentAction\",\"name\":\"Comment\",\"target\":[\"https:\/\/www.lavisqteam.fr\/?p=56911#respond\"]}]},{\"@type\":\"WebPage\",\"@id\":\"https:\/\/www.lavisqteam.fr\/?p=56911\",\"url\":\"https:\/\/www.lavisqteam.fr\/?p=56911\",\"name\":\"Jurassic World - La Colo du Cr\u00e9tac\u00e9 Saison 3 - Lavisqteam.fr\",\"isPartOf\":{\"@id\":\"https:\/\/www.lavisqteam.fr\/#website\"},\"datePublished\":\"2021-06-07T16:55:38+00:00\",\"dateModified\":\"2021-06-07T16:55:40+00:00\",\"breadcrumb\":{\"@id\":\"https:\/\/www.lavisqteam.fr\/?p=56911#breadcrumb\"},\"inLanguage\":\"fr-FR\",\"potentialAction\":[{\"@type\":\"ReadAction\",\"target\":[\"https:\/\/www.lavisqteam.fr\/?p=56911\"]}]},{\"@type\":\"BreadcrumbList\",\"@id\":\"https:\/\/www.lavisqteam.fr\/?p=56911#breadcrumb\",\"itemListElement\":[{\"@type\":\"ListItem\",\"position\":1,\"name\":\"Accueil\",\"item\":\"https:\/\/www.lavisqteam.fr\/\"},{\"@type\":\"ListItem\",\"position\":2,\"name\":\"Jurassic World &#8211; La Colo du Cr\u00e9tac\u00e9 Saison 3\"}]},{\"@type\":\"WebSite\",\"@id\":\"https:\/\/www.lavisqteam.fr\/#website\",\"url\":\"https:\/\/www.lavisqteam.fr\/\",\"name\":\"Lavisqteam.fr\",\"description\":\"\",\"publisher\":{\"@id\":\"https:\/\/www.lavisqteam.fr\/#organization\"},\"potentialAction\":[{\"@type\":\"SearchAction\",\"target\":{\"@type\":\"EntryPoint\",\"urlTemplate\":\"https:\/\/www.lavisqteam.fr\/?s={search_term_string}\"},\"query-input\":\"required name=search_term_string\"}],\"inLanguage\":\"fr-FR\"},{\"@type\":\"Organization\",\"@id\":\"https:\/\/www.lavisqteam.fr\/#organization\",\"name\":\"Lavisqteam.fr\",\"url\":\"https:\/\/www.lavisqteam.fr\/\",\"sameAs\":[],\"logo\":{\"@type\":\"ImageObject\",\"inLanguage\":\"fr-FR\",\"@id\":\"https:\/\/www.lavisqteam.fr\/#\/schema\/logo\/image\/\",\"url\":\"https:\/\/www.lavisqteam.fr\/wp-content\/uploads\/2020\/08\/cropped-80879545_3479261675449035_4078032831501041664_o-4.jpg\",\"contentUrl\":\"https:\/\/www.lavisqteam.fr\/wp-content\/uploads\/2020\/08\/cropped-80879545_3479261675449035_4078032831501041664_o-4.jpg\",\"width\":1674,\"height\":536,\"caption\":\"Lavisqteam.fr\"},\"image\":{\"@id\":\"https:\/\/www.lavisqteam.fr\/#\/schema\/logo\/image\/\"}},{\"@type\":\"Person\",\"@id\":\"https:\/\/www.lavisqteam.fr\/#\/schema\/person\/4ed7295b68bc3daae9094db5f1f9f913\",\"name\":\"Cineted\",\"image\":{\"@type\":\"ImageObject\",\"inLanguage\":\"fr-FR\",\"@id\":\"https:\/\/www.lavisqteam.fr\/#\/schema\/person\/image\/\",\"url\":\"https:\/\/secure.gravatar.com\/avatar\/2d66d0012368c91013200ba69885bddd?s=96&d=mm&r=g\",\"contentUrl\":\"https:\/\/secure.gravatar.com\/avatar\/2d66d0012368c91013200ba69885bddd?s=96&d=mm&r=g\",\"caption\":\"Cineted\"},\"url\":\"https:\/\/www.lavisqteam.fr\/?author=4\"}]}<\/script>\n<!-- \/ Yoast SEO plugin. -->","yoast_head_json":{"title":"Jurassic World - La Colo du Cr\u00e9tac\u00e9 Saison 3 - Lavisqteam.fr","robots":{"index":"index","follow":"follow","max-snippet":"max-snippet:-1","max-image-preview":"max-image-preview:large","max-video-preview":"max-video-preview:-1"},"canonical":"https:\/\/www.lavisqteam.fr\/?p=56911","og_locale":"fr_FR","og_type":"article","og_title":"Jurassic World - La Colo du Cr\u00e9tac\u00e9 Saison 3 - Lavisqteam.fr","og_description":"D\u2019Apr\u00e8s une id\u00e9e de&nbsp;: Zack Stentz Avec les Voix de Paul-Mikel Williams, Jenna Ortega, Ryan Potter, Kausar Mahommed Pays&nbsp;: Etats-Unis Nombre d\u2019Episodes&nbsp;: 10 Genre&nbsp;: Animation &hellip;","og_url":"https:\/\/www.lavisqteam.fr\/?p=56911","og_site_name":"Lavisqteam.fr","article_published_time":"2021-06-07T16:55:38+00:00","article_modified_time":"2021-06-07T16:55:40+00:00","og_image":[{"width":727,"height":395,"url":"https:\/\/www.lavisqteam.fr\/wp-content\/uploads\/2021\/06\/colo.jpg","type":"image\/jpeg"}],"author":"Cineted","twitter_card":"summary_large_image","twitter_image":"https:\/\/www.lavisqteam.fr\/wp-content\/uploads\/2021\/06\/colo.jpg","twitter_misc":{"\u00c9crit par":"Cineted","Dur\u00e9e de lecture estim\u00e9e":"5 minutes"},"schema":{"@context":"https:\/\/schema.org","@graph":[{"@type":"Article","@id":"https:\/\/www.lavisqteam.fr\/?p=56911#article","isPartOf":{"@id":"https:\/\/www.lavisqteam.fr\/?p=56911"},"author":{"name":"Cineted","@id":"https:\/\/www.lavisqteam.fr\/#\/schema\/person\/4ed7295b68bc3daae9094db5f1f9f913"},"headline":"Jurassic World &#8211; La Colo du Cr\u00e9tac\u00e9 Saison 3","datePublished":"2021-06-07T16:55:38+00:00","dateModified":"2021-06-07T16:55:40+00:00","mainEntityOfPage":{"@id":"https:\/\/www.lavisqteam.fr\/?p=56911"},"wordCount":1079,"commentCount":0,"publisher":{"@id":"https:\/\/www.lavisqteam.fr\/#organization"},"articleSection":["S\u00e9rie"],"inLanguage":"fr-FR","potentialAction":[{"@type":"CommentAction","name":"Comment","target":["https:\/\/www.lavisqteam.fr\/?p=56911#respond"]}]},{"@type":"WebPage","@id":"https:\/\/www.lavisqteam.fr\/?p=56911","url":"https:\/\/www.lavisqteam.fr\/?p=56911","name":"Jurassic World - La Colo du Cr\u00e9tac\u00e9 Saison 3 - Lavisqteam.fr","isPartOf":{"@id":"https:\/\/www.lavisqteam.fr\/#website"},"datePublished":"2021-06-07T16:55:38+00:00","dateModified":"2021-06-07T16:55:40+00:00","breadcrumb":{"@id":"https:\/\/www.lavisqteam.fr\/?p=56911#breadcrumb"},"inLanguage":"fr-FR","potentialAction":[{"@type":"ReadAction","target":["https:\/\/www.lavisqteam.fr\/?p=56911"]}]},{"@type":"BreadcrumbList","@id":"https:\/\/www.lavisqteam.fr\/?p=56911#breadcrumb","itemListElement":[{"@type":"ListItem","position":1,"name":"Accueil","item":"https:\/\/www.lavisqteam.fr\/"},{"@type":"ListItem","position":2,"name":"Jurassic World &#8211; La Colo du Cr\u00e9tac\u00e9 Saison 3"}]},{"@type":"WebSite","@id":"https:\/\/www.lavisqteam.fr\/#website","url":"https:\/\/www.lavisqteam.fr\/","name":"Lavisqteam.fr","description":"","publisher":{"@id":"https:\/\/www.lavisqteam.fr\/#organization"},"potentialAction":[{"@type":"SearchAction","target":{"@type":"EntryPoint","urlTemplate":"https:\/\/www.lavisqteam.fr\/?s={search_term_string}"},"query-input":"required name=search_term_string"}],"inLanguage":"fr-FR"},{"@type":"Organization","@id":"https:\/\/www.lavisqteam.fr\/#organization","name":"Lavisqteam.fr","url":"https:\/\/www.lavisqteam.fr\/","sameAs":[],"logo":{"@type":"ImageObject","inLanguage":"fr-FR","@id":"https:\/\/www.lavisqteam.fr\/#\/schema\/logo\/image\/","url":"https:\/\/www.lavisqteam.fr\/wp-content\/uploads\/2020\/08\/cropped-80879545_3479261675449035_4078032831501041664_o-4.jpg","contentUrl":"https:\/\/www.lavisqteam.fr\/wp-content\/uploads\/2020\/08\/cropped-80879545_3479261675449035_4078032831501041664_o-4.jpg","width":1674,"height":536,"caption":"Lavisqteam.fr"},"image":{"@id":"https:\/\/www.lavisqteam.fr\/#\/schema\/logo\/image\/"}},{"@type":"Person","@id":"https:\/\/www.lavisqteam.fr\/#\/schema\/person\/4ed7295b68bc3daae9094db5f1f9f913","name":"Cineted","image":{"@type":"ImageObject","inLanguage":"fr-FR","@id":"https:\/\/www.lavisqteam.fr\/#\/schema\/person\/image\/","url":"https:\/\/secure.gravatar.com\/avatar\/2d66d0012368c91013200ba69885bddd?s=96&d=mm&r=g","contentUrl":"https:\/\/secure.gravatar.com\/avatar\/2d66d0012368c91013200ba69885bddd?s=96&d=mm&r=g","caption":"Cineted"},"url":"https:\/\/www.lavisqteam.fr\/?author=4"}]}},"jetpack_featured_media_url":"https:\/\/www.lavisqteam.fr\/wp-content\/uploads\/2021\/06\/colo.jpg","_links":{"self":[{"href":"https:\/\/www.lavisqteam.fr\/index.php?rest_route=\/wp\/v2\/posts\/56911"}],"collection":[{"href":"https:\/\/www.lavisqteam.fr\/index.php?rest_route=\/wp\/v2\/posts"}],"about":[{"href":"https:\/\/www.lavisqteam.fr\/index.php?rest_route=\/wp\/v2\/types\/post"}],"author":[{"embeddable":true,"href":"https:\/\/www.lavisqteam.fr\/index.php?rest_route=\/wp\/v2\/users\/4"}],"replies":[{"embeddable":true,"href":"https:\/\/www.lavisqteam.fr\/index.php?rest_route=%2Fwp%2Fv2%2Fcomments&post=56911"}],"version-history":[{"count":1,"href":"https:\/\/www.lavisqteam.fr\/index.php?rest_route=\/wp\/v2\/posts\/56911\/revisions"}],"predecessor-version":[{"id":56916,"href":"https:\/\/www.lavisqteam.fr\/index.php?rest_route=\/wp\/v2\/posts\/56911\/revisions\/56916"}],"wp:featuredmedia":[{"embeddable":true,"href":"https:\/\/www.lavisqteam.fr\/index.php?rest_route=\/wp\/v2\/media\/56915"}],"wp:attachment":[{"href":"https:\/\/www.lavisqteam.fr\/index.php?rest_route=%2Fwp%2Fv2%2Fmedia&parent=56911"}],"wp:term":[{"taxonomy":"category","embeddable":true,"href":"https:\/\/www.lavisqteam.fr\/index.php?rest_route=%2Fwp%2Fv2%2Fcategories&post=56911"},{"taxonomy":"post_tag","embeddable":true,"href":"https:\/\/www.lavisqteam.fr\/index.php?rest_route=%2Fwp%2Fv2%2Ftags&post=56911"}],"curies":[{"name":"wp","href":"https:\/\/api.w.org\/{rel}","templated":true}]}}