{"id":55063,"date":"2021-03-29T18:29:07","date_gmt":"2021-03-29T18:29:07","guid":{"rendered":"http:\/\/www.lavisqteam.fr\/?p=55063"},"modified":"2021-03-29T18:29:08","modified_gmt":"2021-03-29T18:29:08","slug":"ivar-bjornson-einar-selvik-hugsja","status":"publish","type":"post","link":"https:\/\/www.lavisqteam.fr\/?p=55063","title":{"rendered":"Ivar Bjornson &#038; Einar Selvik &#8211; Hugsj\u00e0"},"content":{"rendered":"\n<div class=\"wp-block-image\"><figure class=\"aligncenter size-large is-resized\"><a href=\"https:\/\/www.lavisqteam.fr\/wp-content\/uploads\/2021\/03\/COVER-Hugsja.jpg\"><img src=\"https:\/\/www.lavisqteam.fr\/wp-content\/uploads\/2021\/03\/COVER-Hugsja.jpg\" alt=\"\" class=\"wp-image-55064\" width=\"600\" srcset=\"https:\/\/www.lavisqteam.fr\/wp-content\/uploads\/2021\/03\/COVER-Hugsja.jpg 700w, https:\/\/www.lavisqteam.fr\/wp-content\/uploads\/2021\/03\/COVER-Hugsja-300x300.jpg 300w, https:\/\/www.lavisqteam.fr\/wp-content\/uploads\/2021\/03\/COVER-Hugsja-150x150.jpg 150w\" sizes=\"(max-width: 700px) 100vw, 700px\" \/><\/a><\/figure><\/div>\n\n\n\n<p><strong>Avis:<\/strong><\/p>\n\n\n\n<p>En parall\u00e8le de leur carri\u00e8re respective, <strong>Ivar Bj\u00f8rnson &amp; Einar Selvik<\/strong> se sont r\u00e9unis le temps d\u2019un side-project pour c\u00e9l\u00e9brer le bicentenaire de la constitution norv\u00e9gienne. <strong>Skuggsj\u00e1<\/strong>, l\u2019aboutissement de leur collaboration, formait un \u00e9tonnant syncr\u00e9tisme entre pass\u00e9 et pr\u00e9sent, black metal et folk pagan. Il en ressortait une incursion convaincante, \u00e0 mi-chemin entre <strong>Enslaved<\/strong> et <strong>Wardruna<\/strong>. Ce qui devait \u00eatre un one-shot d\u00e9bouche sur un second album qui, \u00e0 l\u2019instar de son pr\u00e9d\u00e9cesseur, n\u2019emprunte pas forc\u00e9ment l\u2019orientation \u00e0 laquelle on peut s\u2019attendre. La recherche artistique se d\u00e9tourne en effet de l\u2019opposition apparente des styles musicaux, mais toujours avec cette volont\u00e9 de faire perdurer la culture scandinave avec ferveur.<\/p>\n\n\n\n<p>D\u00e8s l\u2019introduction, <strong>Hugsj\u00e1<\/strong> pr\u00e9sage de ce changement imminent dans le traitement musical. On d\u00e9laisse d\u2019embl\u00e9e toute connotation propre au black metal, sans pour autant se d\u00e9partir d\u2019une instrumentation moderne. La transition est alors beaucoup plus subtile, sans doute moins marquante, dans cette confrontation des courants musicaux. L\u2019\u00e9quilibre et la compl\u00e9mentarit\u00e9 que l\u2019on pouvait retrouver auparavant c\u00e8dent la place \u00e0 une alternance de chants et d\u2019atmosph\u00e8res presque contemplatives. On peut le constater sur des pistes distinctes, comme sur l\u2019ensemble de l\u2019album. Ce second opus s\u2019affranchit de toute vell\u00e9it\u00e9 brutale pour pr\u00f4ner l\u2019apaisement.<\/p>\n\n\n\n<p>D\u00e8s lors, l\u2019exp\u00e9rience musicale d\u00e9laisse toute allusion guerri\u00e8re ou \u00e9pique. On s\u2019\u00e9carte sciemment du caract\u00e8re grandiloquent propre au travail r\u00e9alis\u00e9 sous la banni\u00e8re de <strong>Wardruna<\/strong>. Dans une certaine mesure, ce d\u00e9pouillement renvoie aux chants solitaires de <strong>Skald<\/strong>, sorti \u00e0 quelques mois d\u2019intervalles. On y d\u00e9note le m\u00eame soin apport\u00e9 aux vocalises, quitte parfois \u00e0 privil\u00e9gier une rythmique et des paroles redondantes. Comme l\u2019atteste \u00ab&nbsp;<em>Nattselgar<\/em>&nbsp;\u00bb, il s\u2019agit d\u2019\u00e9chos particuli\u00e8rement marqu\u00e9s qui conf\u00e8re une approche lancinante. Il en d\u00e9coule un traitement cyclique qui s\u2019arroge les atours d\u2019une plaisante balade, entre m\u00e9lancolie, joie et prosa\u00efsme.<\/p>\n\n\n\n<div class=\"wp-block-image\"><figure class=\"aligncenter size-large is-resized\"><a href=\"https:\/\/www.lavisqteam.fr\/wp-content\/uploads\/2021\/03\/EVL-N8UXkAkjLwn.jpg\"><img src=\"https:\/\/www.lavisqteam.fr\/wp-content\/uploads\/2021\/03\/EVL-N8UXkAkjLwn-1024x576.jpg\" alt=\"\" class=\"wp-image-55065\" width=\"600\" srcset=\"https:\/\/www.lavisqteam.fr\/wp-content\/uploads\/2021\/03\/EVL-N8UXkAkjLwn-1024x576.jpg 1024w, https:\/\/www.lavisqteam.fr\/wp-content\/uploads\/2021\/03\/EVL-N8UXkAkjLwn-300x169.jpg 300w, https:\/\/www.lavisqteam.fr\/wp-content\/uploads\/2021\/03\/EVL-N8UXkAkjLwn-768x432.jpg 768w, https:\/\/www.lavisqteam.fr\/wp-content\/uploads\/2021\/03\/EVL-N8UXkAkjLwn.jpg 1200w\" sizes=\"(max-width: 1024px) 100vw, 1024px\" \/><\/a><\/figure><\/div>\n\n\n\n<p>La teneur des textes s\u2019attache toujours \u00e0 retranscrire les valeurs indissociables des peuples scandinaves. Comme \u00e9voqu\u00e9 pr\u00e9c\u00e9demment, l\u2019ensemble ne s\u2019attarde pas sur les conflits ou le rapport \u00e0 la nature, du moins si l\u2019on excepte le domaine maritime. Car il s\u2019agit d\u2019un point fondamental de l\u2019effort, tant dans ses chants que dans son architecture globale. On ne parlera pas de rythme de croisi\u00e8re, mais la progression fait passer l\u2019auditeur par diff\u00e9rentes phases d\u2019un tel voyage. Exception faite des temp\u00eates, le parcours suit les al\u00e9as capricieux de la mer&nbsp;; entre ind\u00e9terminisme, fascination et d\u00e9f\u00e9rence.<\/p>\n\n\n\n<p>On notera \u00e9galement plusieurs r\u00e9f\u00e9rences mystiques, dont certaines occurrences arborent une aura t\u00e9n\u00e9breuse, peut-\u00eatre l\u2019ultime reliquat des influences black metal du duo. Il y est question d\u2019\u00e9voquer le mat\u00e9rialisme de la vie et la spiritualit\u00e9 que sugg\u00e8re la mort ou plut\u00f4t l\u2019apr\u00e8s-vie. En guise de trait d\u2019union, on retrouve le caract\u00e8re divin. Une notion \u00e0 appr\u00e9hender au sens large du terme. Comme \u00e0 l\u2019accoutum\u00e9e dans ces circonstances, la richesse et la pertinence des propos r\u00e9sonnent avec justesse, sans forme de jugement ou de condescendance aucune. Le tout s\u2019agr\u00e9mente de quelques sons naturels pris sur le vif, comme le ressac marin, des chants d\u2019oiseaux ou un feu cr\u00e9pitant.<\/p>\n\n\n\n<p>Au final, <strong>Hugsj\u00e1<\/strong> s\u2019avance comme un album agr\u00e9able \u00e0 plus d\u2019un titre avec son instrumentation vari\u00e9e et le timbre si caract\u00e9ristique d\u2019<em>Einar Selvik <\/em>pour les accompagner. L\u2019on tranche toutefois avec les influences du premier opus pour fournir un effort, certes ma\u00eetris\u00e9 sur le plan technique, mais qui manque d\u2019une certaine prise de risque dans son ensemble. Ceux qui auront appr\u00e9ci\u00e9 le m\u00e9lange des genres musicaux de <strong>Skuggsj\u00e1<\/strong> seront d\u00e9\u00e7us s\u2019ils ne versent pas \u00e0 minima dans le folk pagan. La douceur des pistes risque aussi de laisser de c\u00f4t\u00e9 une partie du public. Il n\u2019en demeure pas moins un voyage introspectif \u00e0 recommander si l\u2019on fait preuve d\u2019\u00e9clectisme et que l\u2019on s\u2019int\u00e9resse \u00e0 la culture et aux traditions scandinaves.<\/p>\n\n\n\n<ul><li>Hugsj\u00e0<\/li><li>Wulthur<\/li><li>Ni Dotre Av Hav<\/li><li>Ni Modre Av Sol<\/li><li>Fornjot<\/li><li>Nattseglar<\/li><li>Nytt Land<\/li><li>Nordvegen<\/li><li>Utsyn<\/li><li>Oska<\/li><li>Um Heilage Fjell<\/li><\/ul>\n\n\n\n<p><strong>Note\u00a0: 14\/20<\/strong><\/p>\n\n\n\n<figure class=\"wp-block-embed is-type-video is-provider-youtube wp-block-embed-youtube wp-embed-aspect-16-9 wp-has-aspect-ratio\"><div class=\"wp-block-embed__wrapper\">\n<iframe loading=\"lazy\" title=\"Ivar Bj\u00f8rnson &amp; Einar Selvik \u2014 Hugsj\u00e1\" width=\"1200\" height=\"675\" src=\"https:\/\/www.youtube.com\/embed\/WGrYm3wXGys?feature=oembed\" frameborder=\"0\" allow=\"accelerometer; autoplay; clipboard-write; encrypted-media; gyroscope; picture-in-picture\" allowfullscreen><\/iframe>\n<\/div><\/figure>\n\n\n\n<p class=\"has-text-align-right\">Par <strong>Dante<\/strong><\/p>\n","protected":false},"excerpt":{"rendered":"<p>Avis: En parall\u00e8le de leur carri\u00e8re respective, Ivar Bj\u00f8rnson &amp; Einar Selvik se sont r\u00e9unis le temps d\u2019un side-project pour c\u00e9l\u00e9brer le bicentenaire de la &hellip; <\/p>\n","protected":false},"author":5,"featured_media":55066,"comment_status":"open","ping_status":"open","sticky":false,"template":"","format":"standard","meta":[],"categories":[12],"tags":[],"yoast_head":"<!-- This site is optimized with the Yoast SEO plugin v19.6.1 - https:\/\/yoast.com\/wordpress\/plugins\/seo\/ -->\n<title>Ivar Bjornson &amp; Einar Selvik - Hugsj\u00e0 - Lavisqteam.fr<\/title>\n<meta name=\"robots\" content=\"index, follow, max-snippet:-1, max-image-preview:large, max-video-preview:-1\" \/>\n<link rel=\"canonical\" href=\"https:\/\/www.lavisqteam.fr\/?p=55063\" \/>\n<meta property=\"og:locale\" content=\"fr_FR\" \/>\n<meta property=\"og:type\" content=\"article\" \/>\n<meta property=\"og:title\" content=\"Ivar Bjornson &amp; Einar Selvik - Hugsj\u00e0 - Lavisqteam.fr\" \/>\n<meta property=\"og:description\" content=\"Avis: En parall\u00e8le de leur carri\u00e8re respective, Ivar Bj\u00f8rnson &amp; Einar Selvik se sont r\u00e9unis le temps d\u2019un side-project pour c\u00e9l\u00e9brer le bicentenaire de la &hellip;\" \/>\n<meta property=\"og:url\" content=\"https:\/\/www.lavisqteam.fr\/?p=55063\" \/>\n<meta property=\"og:site_name\" content=\"Lavisqteam.fr\" \/>\n<meta property=\"article:published_time\" content=\"2021-03-29T18:29:07+00:00\" \/>\n<meta property=\"article:modified_time\" content=\"2021-03-29T18:29:08+00:00\" \/>\n<meta property=\"og:image\" content=\"https:\/\/www.lavisqteam.fr\/wp-content\/uploads\/2021\/03\/iva.jpg\" \/>\n\t<meta property=\"og:image:width\" content=\"727\" \/>\n\t<meta property=\"og:image:height\" content=\"395\" \/>\n\t<meta property=\"og:image:type\" content=\"image\/jpeg\" \/>\n<meta name=\"author\" content=\"Dante\" \/>\n<meta name=\"twitter:card\" content=\"summary_large_image\" \/>\n<meta name=\"twitter:image\" content=\"https:\/\/www.lavisqteam.fr\/wp-content\/uploads\/2021\/03\/iva.jpg\" \/>\n<meta name=\"twitter:label1\" content=\"\u00c9crit par\" \/>\n\t<meta name=\"twitter:data1\" content=\"Dante\" \/>\n\t<meta name=\"twitter:label2\" content=\"Dur\u00e9e de lecture estim\u00e9e\" \/>\n\t<meta name=\"twitter:data2\" content=\"4 minutes\" \/>\n<script type=\"application\/ld+json\" class=\"yoast-schema-graph\">{\"@context\":\"https:\/\/schema.org\",\"@graph\":[{\"@type\":\"Article\",\"@id\":\"https:\/\/www.lavisqteam.fr\/?p=55063#article\",\"isPartOf\":{\"@id\":\"https:\/\/www.lavisqteam.fr\/?p=55063\"},\"author\":{\"name\":\"Dante\",\"@id\":\"https:\/\/www.lavisqteam.fr\/#\/schema\/person\/f990b2bf003d200c5d343e528a040052\"},\"headline\":\"Ivar Bjornson &#038; Einar Selvik &#8211; Hugsj\u00e0\",\"datePublished\":\"2021-03-29T18:29:07+00:00\",\"dateModified\":\"2021-03-29T18:29:08+00:00\",\"mainEntityOfPage\":{\"@id\":\"https:\/\/www.lavisqteam.fr\/?p=55063\"},\"wordCount\":754,\"commentCount\":0,\"publisher\":{\"@id\":\"https:\/\/www.lavisqteam.fr\/#organization\"},\"articleSection\":[\"Musique\"],\"inLanguage\":\"fr-FR\",\"potentialAction\":[{\"@type\":\"CommentAction\",\"name\":\"Comment\",\"target\":[\"https:\/\/www.lavisqteam.fr\/?p=55063#respond\"]}]},{\"@type\":\"WebPage\",\"@id\":\"https:\/\/www.lavisqteam.fr\/?p=55063\",\"url\":\"https:\/\/www.lavisqteam.fr\/?p=55063\",\"name\":\"Ivar Bjornson & Einar Selvik - Hugsj\u00e0 - Lavisqteam.fr\",\"isPartOf\":{\"@id\":\"https:\/\/www.lavisqteam.fr\/#website\"},\"datePublished\":\"2021-03-29T18:29:07+00:00\",\"dateModified\":\"2021-03-29T18:29:08+00:00\",\"breadcrumb\":{\"@id\":\"https:\/\/www.lavisqteam.fr\/?p=55063#breadcrumb\"},\"inLanguage\":\"fr-FR\",\"potentialAction\":[{\"@type\":\"ReadAction\",\"target\":[\"https:\/\/www.lavisqteam.fr\/?p=55063\"]}]},{\"@type\":\"BreadcrumbList\",\"@id\":\"https:\/\/www.lavisqteam.fr\/?p=55063#breadcrumb\",\"itemListElement\":[{\"@type\":\"ListItem\",\"position\":1,\"name\":\"Accueil\",\"item\":\"https:\/\/www.lavisqteam.fr\/\"},{\"@type\":\"ListItem\",\"position\":2,\"name\":\"Ivar Bjornson &#038; Einar Selvik &#8211; Hugsj\u00e0\"}]},{\"@type\":\"WebSite\",\"@id\":\"https:\/\/www.lavisqteam.fr\/#website\",\"url\":\"https:\/\/www.lavisqteam.fr\/\",\"name\":\"Lavisqteam.fr\",\"description\":\"\",\"publisher\":{\"@id\":\"https:\/\/www.lavisqteam.fr\/#organization\"},\"potentialAction\":[{\"@type\":\"SearchAction\",\"target\":{\"@type\":\"EntryPoint\",\"urlTemplate\":\"https:\/\/www.lavisqteam.fr\/?s={search_term_string}\"},\"query-input\":\"required name=search_term_string\"}],\"inLanguage\":\"fr-FR\"},{\"@type\":\"Organization\",\"@id\":\"https:\/\/www.lavisqteam.fr\/#organization\",\"name\":\"Lavisqteam.fr\",\"url\":\"https:\/\/www.lavisqteam.fr\/\",\"sameAs\":[],\"logo\":{\"@type\":\"ImageObject\",\"inLanguage\":\"fr-FR\",\"@id\":\"https:\/\/www.lavisqteam.fr\/#\/schema\/logo\/image\/\",\"url\":\"https:\/\/www.lavisqteam.fr\/wp-content\/uploads\/2020\/08\/cropped-80879545_3479261675449035_4078032831501041664_o-4.jpg\",\"contentUrl\":\"https:\/\/www.lavisqteam.fr\/wp-content\/uploads\/2020\/08\/cropped-80879545_3479261675449035_4078032831501041664_o-4.jpg\",\"width\":1674,\"height\":536,\"caption\":\"Lavisqteam.fr\"},\"image\":{\"@id\":\"https:\/\/www.lavisqteam.fr\/#\/schema\/logo\/image\/\"}},{\"@type\":\"Person\",\"@id\":\"https:\/\/www.lavisqteam.fr\/#\/schema\/person\/f990b2bf003d200c5d343e528a040052\",\"name\":\"Dante\",\"image\":{\"@type\":\"ImageObject\",\"inLanguage\":\"fr-FR\",\"@id\":\"https:\/\/www.lavisqteam.fr\/#\/schema\/person\/image\/\",\"url\":\"https:\/\/secure.gravatar.com\/avatar\/247c2b515d1472e98f97043ac8393382?s=96&d=mm&r=g\",\"contentUrl\":\"https:\/\/secure.gravatar.com\/avatar\/247c2b515d1472e98f97043ac8393382?s=96&d=mm&r=g\",\"caption\":\"Dante\"},\"url\":\"https:\/\/www.lavisqteam.fr\/?author=5\"}]}<\/script>\n<!-- \/ Yoast SEO plugin. -->","yoast_head_json":{"title":"Ivar Bjornson & Einar Selvik - Hugsj\u00e0 - Lavisqteam.fr","robots":{"index":"index","follow":"follow","max-snippet":"max-snippet:-1","max-image-preview":"max-image-preview:large","max-video-preview":"max-video-preview:-1"},"canonical":"https:\/\/www.lavisqteam.fr\/?p=55063","og_locale":"fr_FR","og_type":"article","og_title":"Ivar Bjornson & Einar Selvik - Hugsj\u00e0 - Lavisqteam.fr","og_description":"Avis: En parall\u00e8le de leur carri\u00e8re respective, Ivar Bj\u00f8rnson &amp; Einar Selvik se sont r\u00e9unis le temps d\u2019un side-project pour c\u00e9l\u00e9brer le bicentenaire de la &hellip;","og_url":"https:\/\/www.lavisqteam.fr\/?p=55063","og_site_name":"Lavisqteam.fr","article_published_time":"2021-03-29T18:29:07+00:00","article_modified_time":"2021-03-29T18:29:08+00:00","og_image":[{"width":727,"height":395,"url":"https:\/\/www.lavisqteam.fr\/wp-content\/uploads\/2021\/03\/iva.jpg","type":"image\/jpeg"}],"author":"Dante","twitter_card":"summary_large_image","twitter_image":"https:\/\/www.lavisqteam.fr\/wp-content\/uploads\/2021\/03\/iva.jpg","twitter_misc":{"\u00c9crit par":"Dante","Dur\u00e9e de lecture estim\u00e9e":"4 minutes"},"schema":{"@context":"https:\/\/schema.org","@graph":[{"@type":"Article","@id":"https:\/\/www.lavisqteam.fr\/?p=55063#article","isPartOf":{"@id":"https:\/\/www.lavisqteam.fr\/?p=55063"},"author":{"name":"Dante","@id":"https:\/\/www.lavisqteam.fr\/#\/schema\/person\/f990b2bf003d200c5d343e528a040052"},"headline":"Ivar Bjornson &#038; Einar Selvik &#8211; Hugsj\u00e0","datePublished":"2021-03-29T18:29:07+00:00","dateModified":"2021-03-29T18:29:08+00:00","mainEntityOfPage":{"@id":"https:\/\/www.lavisqteam.fr\/?p=55063"},"wordCount":754,"commentCount":0,"publisher":{"@id":"https:\/\/www.lavisqteam.fr\/#organization"},"articleSection":["Musique"],"inLanguage":"fr-FR","potentialAction":[{"@type":"CommentAction","name":"Comment","target":["https:\/\/www.lavisqteam.fr\/?p=55063#respond"]}]},{"@type":"WebPage","@id":"https:\/\/www.lavisqteam.fr\/?p=55063","url":"https:\/\/www.lavisqteam.fr\/?p=55063","name":"Ivar Bjornson & Einar Selvik - Hugsj\u00e0 - Lavisqteam.fr","isPartOf":{"@id":"https:\/\/www.lavisqteam.fr\/#website"},"datePublished":"2021-03-29T18:29:07+00:00","dateModified":"2021-03-29T18:29:08+00:00","breadcrumb":{"@id":"https:\/\/www.lavisqteam.fr\/?p=55063#breadcrumb"},"inLanguage":"fr-FR","potentialAction":[{"@type":"ReadAction","target":["https:\/\/www.lavisqteam.fr\/?p=55063"]}]},{"@type":"BreadcrumbList","@id":"https:\/\/www.lavisqteam.fr\/?p=55063#breadcrumb","itemListElement":[{"@type":"ListItem","position":1,"name":"Accueil","item":"https:\/\/www.lavisqteam.fr\/"},{"@type":"ListItem","position":2,"name":"Ivar Bjornson &#038; Einar Selvik &#8211; Hugsj\u00e0"}]},{"@type":"WebSite","@id":"https:\/\/www.lavisqteam.fr\/#website","url":"https:\/\/www.lavisqteam.fr\/","name":"Lavisqteam.fr","description":"","publisher":{"@id":"https:\/\/www.lavisqteam.fr\/#organization"},"potentialAction":[{"@type":"SearchAction","target":{"@type":"EntryPoint","urlTemplate":"https:\/\/www.lavisqteam.fr\/?s={search_term_string}"},"query-input":"required name=search_term_string"}],"inLanguage":"fr-FR"},{"@type":"Organization","@id":"https:\/\/www.lavisqteam.fr\/#organization","name":"Lavisqteam.fr","url":"https:\/\/www.lavisqteam.fr\/","sameAs":[],"logo":{"@type":"ImageObject","inLanguage":"fr-FR","@id":"https:\/\/www.lavisqteam.fr\/#\/schema\/logo\/image\/","url":"https:\/\/www.lavisqteam.fr\/wp-content\/uploads\/2020\/08\/cropped-80879545_3479261675449035_4078032831501041664_o-4.jpg","contentUrl":"https:\/\/www.lavisqteam.fr\/wp-content\/uploads\/2020\/08\/cropped-80879545_3479261675449035_4078032831501041664_o-4.jpg","width":1674,"height":536,"caption":"Lavisqteam.fr"},"image":{"@id":"https:\/\/www.lavisqteam.fr\/#\/schema\/logo\/image\/"}},{"@type":"Person","@id":"https:\/\/www.lavisqteam.fr\/#\/schema\/person\/f990b2bf003d200c5d343e528a040052","name":"Dante","image":{"@type":"ImageObject","inLanguage":"fr-FR","@id":"https:\/\/www.lavisqteam.fr\/#\/schema\/person\/image\/","url":"https:\/\/secure.gravatar.com\/avatar\/247c2b515d1472e98f97043ac8393382?s=96&d=mm&r=g","contentUrl":"https:\/\/secure.gravatar.com\/avatar\/247c2b515d1472e98f97043ac8393382?s=96&d=mm&r=g","caption":"Dante"},"url":"https:\/\/www.lavisqteam.fr\/?author=5"}]}},"jetpack_featured_media_url":"https:\/\/www.lavisqteam.fr\/wp-content\/uploads\/2021\/03\/iva.jpg","_links":{"self":[{"href":"https:\/\/www.lavisqteam.fr\/index.php?rest_route=\/wp\/v2\/posts\/55063"}],"collection":[{"href":"https:\/\/www.lavisqteam.fr\/index.php?rest_route=\/wp\/v2\/posts"}],"about":[{"href":"https:\/\/www.lavisqteam.fr\/index.php?rest_route=\/wp\/v2\/types\/post"}],"author":[{"embeddable":true,"href":"https:\/\/www.lavisqteam.fr\/index.php?rest_route=\/wp\/v2\/users\/5"}],"replies":[{"embeddable":true,"href":"https:\/\/www.lavisqteam.fr\/index.php?rest_route=%2Fwp%2Fv2%2Fcomments&post=55063"}],"version-history":[{"count":1,"href":"https:\/\/www.lavisqteam.fr\/index.php?rest_route=\/wp\/v2\/posts\/55063\/revisions"}],"predecessor-version":[{"id":55067,"href":"https:\/\/www.lavisqteam.fr\/index.php?rest_route=\/wp\/v2\/posts\/55063\/revisions\/55067"}],"wp:featuredmedia":[{"embeddable":true,"href":"https:\/\/www.lavisqteam.fr\/index.php?rest_route=\/wp\/v2\/media\/55066"}],"wp:attachment":[{"href":"https:\/\/www.lavisqteam.fr\/index.php?rest_route=%2Fwp%2Fv2%2Fmedia&parent=55063"}],"wp:term":[{"taxonomy":"category","embeddable":true,"href":"https:\/\/www.lavisqteam.fr\/index.php?rest_route=%2Fwp%2Fv2%2Fcategories&post=55063"},{"taxonomy":"post_tag","embeddable":true,"href":"https:\/\/www.lavisqteam.fr\/index.php?rest_route=%2Fwp%2Fv2%2Ftags&post=55063"}],"curies":[{"name":"wp","href":"https:\/\/api.w.org\/{rel}","templated":true}]}}